{"id":127965,"date":"2026-02-24T15:12:47","date_gmt":"2026-02-24T22:12:47","guid":{"rendered":"https:\/\/fuentesfidedignas.com.mx\/?p=127965"},"modified":"2026-02-24T15:16:04","modified_gmt":"2026-02-24T22:16:04","slug":"embajador-eu-se-reune-con-sheinbaum-y-gabinete-de-seguridad","status":"publish","type":"post","link":"https:\/\/fuentesfidedignas.com.mx\/index.php\/2026\/02\/24\/embajador-eu-se-reune-con-sheinbaum-y-gabinete-de-seguridad\/","title":{"rendered":"Embajador de EU se re\u00fane con Sheinbaum y gabinete de seguridad"},"content":{"rendered":"\n<p><em><strong><br>El encuentro dur\u00f3 dos horas y se dio luego del operativo en el que fue abatido &#8216;El Mencho&#8217; en Tapalpa, Jalisco. <\/strong><\/em><\/p>\n\n\n\n<p>Alrededor de dos horas dur\u00f3 la reuni\u00f3n en Palacio Nacional de la presidenta Claudia Sheinbaum con su gabinete de seguridad y el embajador de Estados Unidos, Ronald Johnson.&nbsp;El diplom\u00e1tico estadunidense arrib\u00f3 a la sede del Ejecutivo alrededor de las 12:40 horas y se retir\u00f3 a las 14:44 horas.<\/p>\n\n\n\n<p>A Palacio Nacional arribaron entre las 12:30 y 12:40, los secretarios de la Marina, Raymundo Pedro Morales; de la Defensa Nacional; Ricardo Trevilla Trejo, y de Gobernaci\u00f3n, Rosa Icela Rodr\u00edguez, as\u00ed como la fiscal General de la Rep\u00fablica, Ernestina Godoy. \u00a9 2025 Imagen &#8211; Exc\u00e9lsior. Todos los derechos reservados. El contenido de este sitio y de la edici\u00f3n impresa est\u00e1 protegido por la Ley Federal del Derecho de Autor. Prohibida la reproducci\u00f3n total o parcial sin autorizaci\u00f3n previa y por escrito. El material de terceros conserva sus propios derechos.<\/p>\n\n\n\n<p>La visita del diplom\u00e1tico de Estados Unidos se da tras el operativo en el que fue ubicado y atacado el l\u00edder del C\u00e1rtel Jalisco Nueva Generaci\u00f3n (CJNG), Nemesio Oseguera Cervantes, El Mencho,&nbsp;en Tapalpa, Jalisco, el domingo pasado, en el que result\u00f3 herido y muri\u00f3 cuando era trasladado hacia un hospital.<\/p>\n\n\n\n<p>De acuerdo con el secretario de la Defensa, Ricardo Trevilla Trejo, el operativo se realiz\u00f3 gracias al intercambio de informaci\u00f3n de inteligencia entre ambos pa\u00edses para detectar el paradero del capo, su cerco de seguridad y las personas m\u00e1s cercanas a su entorno.&nbsp; \u00a9 2025 Imagen &#8211; Exc\u00e9lsior. Todos los derechos reservados. El contenido de este sitio y de la edici\u00f3n impresa est\u00e1 protegido por la Ley Federal del Derecho de Autor. Prohibida la reproducci\u00f3n total o parcial sin autorizaci\u00f3n previa y por escrito. El material de terceros conserva sus propios derechos.<\/p>\n\n\n\n<p>Tras conocerse la muerte de Oseguera Cervantes, el gobierno de los Estados Unidos hizo p\u00fablica su satisfacci\u00f3n por el operativo y refrend\u00f3 su intenci\u00f3n de seguir participando con M\u00e9xico en el combate al crimen organizado.<\/p>\n\n\n\n<p>El gobierno de M\u00e9xico extern\u00f3 que la cooperaci\u00f3n con Estados Unidos se seguir\u00e1 dando en el marco de cooperaci\u00f3n, reciprocidad y de respeto a la soberan\u00eda de cada uno de los dos pa\u00edses.<\/p>\n\n\n\n<p>Operativo contra El Mencho fue un gran golpe<br>El embajador de Estados Unidos en M\u00e9xico, Ron Johnson, asegur\u00f3 que el operativo contra Nemesio Oseguera Cervantes, El Mencho, quien muri\u00f3 luego de resultar herido en el enfrentamiento contra militares, fue &#8220;un gran golpe&#8221; por parte de las autoridades mexicanas.<\/p>\n\n\n\n<p>A trav\u00e9s de su cuenta de X, antes Twitter, el embajador estadunidense hizo un reconocimiento al valor y la &#8220;pronta actuaci\u00f3n&#8221; de las autoridades mexicanas antes, durante y despu\u00e9s de la operaci\u00f3n contra el c\u00e1rtel de Jalisco.<\/p>\n\n\n\n<p>&#8220;Este fue un gran golpe contra una de las organizaciones criminales m\u00e1s violentas que da\u00f1an a nuestras comunidades. El pueblo de M\u00e9xico puede sentirse orgulloso de la determinaci\u00f3n demostrada por sus fuerzas de seguridad&#8221;, se\u00f1al\u00f3.<\/p>\n\n\n\n<p>Adem\u00e1s,\u00a0el embajador Johnson se pronunci\u00f3 por continuar &#8220;con esa misma firmeza&#8221; en el combate al crimen organizado y al narcotr\u00e1fico. &#8220;Los Estados Unidos se mantienen firmes junto a M\u00e9xico como socios soberanos&#8221;. <\/p>\n","protected":false},"excerpt":{"rendered":"<p>El encuentro dur\u00f3 dos horas y se dio luego del operativo en el que fue abatido &#8216;El Mencho&#8217; en Tapalpa, Jalisco. Alrededor de dos horas dur\u00f3 la reuni\u00f3n en Palacio Nacional de la presidenta Claudia Sheinbaum con su gabinete de seguridad y el embajador de Estados Unidos, Ronald Johnson.&nbsp;El diplom\u00e1tico estadunidense arrib\u00f3 a la sede [&hellip;]<\/p>\n","protected":false},"author":7,"featured_media":127966,"comment_status":"open","ping_status":"open","sticky":false,"template":"","format":"standard","meta":{"tdm_status":"","tdm_grid_status":"","footnotes":""},"categories":[39],"tags":[],"class_list":{"0":"post-127965","1":"post","2":"type-post","3":"status-publish","4":"format-standard","5":"has-post-thumbnail","7":"category-noticias-nacionales"},"yoast_head":"<!-- This site is optimized with the Yoast SEO plugin v27.5 - https:\/\/yoast.com\/product\/yoast-seo-wordpress\/ -->\n<title>Embajador de EU se re\u00fane con Sheinbaum y gabinete de seguridad - Fuentes Fidedignas<\/title>\n<meta name=\"robots\" content=\"index, follow, max-snippet:-1, max-image-preview:large, max-video-preview:-1\" \/>\n<link rel=\"canonical\" href=\"https:\/\/fuentesfidedignas.com.mx\/index.php\/2026\/02\/24\/embajador-eu-se-reune-con-sheinbaum-y-gabinete-de-seguridad\/\" \/>\n<meta property=\"og:locale\" content=\"es_MX\" \/>\n<meta property=\"og:type\" content=\"article\" \/>\n<meta property=\"og:title\" content=\"Embajador de EU se re\u00fane con Sheinbaum y gabinete de seguridad - Fuentes Fidedignas\" \/>\n<meta property=\"og:description\" content=\"El encuentro dur\u00f3 dos horas y se dio luego del operativo en el que fue abatido &#8216;El Mencho&#8217; en Tapalpa, Jalisco. Alrededor de dos horas dur\u00f3 la reuni\u00f3n en Palacio Nacional de la presidenta Claudia Sheinbaum con su gabinete de seguridad y el embajador de Estados Unidos, Ronald Johnson.&nbsp;El diplom\u00e1tico estadunidense arrib\u00f3 a la sede [&hellip;]\" \/>\n<meta property=\"og:url\" content=\"https:\/\/fuentesfidedignas.com.mx\/index.php\/2026\/02\/24\/embajador-eu-se-reune-con-sheinbaum-y-gabinete-de-seguridad\/\" \/>\n<meta property=\"og:site_name\" content=\"Fuentes Fidedignas\" \/>\n<meta property=\"article:publisher\" content=\"https:\/\/www.facebook.com\/Fuentes-Fidedignas-368234489921644\" \/>\n<meta property=\"article:published_time\" content=\"2026-02-24T22:12:47+00:00\" \/>\n<meta property=\"article:modified_time\" content=\"2026-02-24T22:16:04+00:00\" \/>\n<meta property=\"og:image\" content=\"https:\/\/fuentesfidedignas.com.mx\/wp-content\/uploads\/2026\/02\/699dfab60e9be.jpeg\" \/>\n\t<meta property=\"og:image:width\" content=\"1200\" \/>\n\t<meta property=\"og:image:height\" content=\"800\" \/>\n\t<meta property=\"og:image:type\" content=\"image\/jpeg\" \/>\n<meta name=\"author\" content=\"Exc\u00e9lsior\" \/>\n<meta name=\"twitter:card\" content=\"summary_large_image\" \/>\n<meta name=\"twitter:creator\" content=\"@fidedignas\" \/>\n<meta name=\"twitter:site\" content=\"@fidedignas\" \/>\n<meta name=\"twitter:label1\" content=\"Escrito por\" \/>\n\t<meta name=\"twitter:data1\" content=\"Exc\u00e9lsior\" \/>\n\t<meta name=\"twitter:label2\" content=\"Tiempo de lectura\" \/>\n\t<meta name=\"twitter:data2\" content=\"3 minutos\" \/>\n<script type=\"application\/ld+json\" class=\"yoast-schema-graph\">{\"@context\":\"https:\\\/\\\/schema.org\",\"@graph\":[{\"@type\":\"Article\",\"@id\":\"https:\\\/\\\/fuentesfidedignas.com.mx\\\/index.php\\\/2026\\\/02\\\/24\\\/embajador-eu-se-reune-con-sheinbaum-y-gabinete-de-seguridad\\\/#article\",\"isPartOf\":{\"@id\":\"https:\\\/\\\/fuentesfidedignas.com.mx\\\/index.php\\\/2026\\\/02\\\/24\\\/embajador-eu-se-reune-con-sheinbaum-y-gabinete-de-seguridad\\\/\"},\"author\":{\"name\":\"Exc\u00e9lsior\",\"@id\":\"https:\\\/\\\/fuentesfidedignas.com.mx\\\/#\\\/schema\\\/person\\\/ec4edd1fbf5efa3e44fce34fe2787780\"},\"headline\":\"Embajador de EU se re\u00fane con Sheinbaum y gabinete de seguridad\",\"datePublished\":\"2026-02-24T22:12:47+00:00\",\"dateModified\":\"2026-02-24T22:16:04+00:00\",\"mainEntityOfPage\":{\"@id\":\"https:\\\/\\\/fuentesfidedignas.com.mx\\\/index.php\\\/2026\\\/02\\\/24\\\/embajador-eu-se-reune-con-sheinbaum-y-gabinete-de-seguridad\\\/\"},\"wordCount\":572,\"commentCount\":0,\"publisher\":{\"@id\":\"https:\\\/\\\/fuentesfidedignas.com.mx\\\/#organization\"},\"image\":{\"@id\":\"https:\\\/\\\/fuentesfidedignas.com.mx\\\/index.php\\\/2026\\\/02\\\/24\\\/embajador-eu-se-reune-con-sheinbaum-y-gabinete-de-seguridad\\\/#primaryimage\"},\"thumbnailUrl\":\"https:\\\/\\\/fuentesfidedignas.com.mx\\\/wp-content\\\/uploads\\\/2026\\\/02\\\/699dfab60e9be.jpeg\",\"articleSection\":[\"NOTICIAS NACIONALES\"],\"inLanguage\":\"es\",\"potentialAction\":[{\"@type\":\"CommentAction\",\"name\":\"Comment\",\"target\":[\"https:\\\/\\\/fuentesfidedignas.com.mx\\\/index.php\\\/2026\\\/02\\\/24\\\/embajador-eu-se-reune-con-sheinbaum-y-gabinete-de-seguridad\\\/#respond\"]}]},{\"@type\":\"WebPage\",\"@id\":\"https:\\\/\\\/fuentesfidedignas.com.mx\\\/index.php\\\/2026\\\/02\\\/24\\\/embajador-eu-se-reune-con-sheinbaum-y-gabinete-de-seguridad\\\/\",\"url\":\"https:\\\/\\\/fuentesfidedignas.com.mx\\\/index.php\\\/2026\\\/02\\\/24\\\/embajador-eu-se-reune-con-sheinbaum-y-gabinete-de-seguridad\\\/\",\"name\":\"Embajador de EU se re\u00fane con Sheinbaum y gabinete de seguridad - Fuentes Fidedignas\",\"isPartOf\":{\"@id\":\"https:\\\/\\\/fuentesfidedignas.com.mx\\\/#website\"},\"primaryImageOfPage\":{\"@id\":\"https:\\\/\\\/fuentesfidedignas.com.mx\\\/index.php\\\/2026\\\/02\\\/24\\\/embajador-eu-se-reune-con-sheinbaum-y-gabinete-de-seguridad\\\/#primaryimage\"},\"image\":{\"@id\":\"https:\\\/\\\/fuentesfidedignas.com.mx\\\/index.php\\\/2026\\\/02\\\/24\\\/embajador-eu-se-reune-con-sheinbaum-y-gabinete-de-seguridad\\\/#primaryimage\"},\"thumbnailUrl\":\"https:\\\/\\\/fuentesfidedignas.com.mx\\\/wp-content\\\/uploads\\\/2026\\\/02\\\/699dfab60e9be.jpeg\",\"datePublished\":\"2026-02-24T22:12:47+00:00\",\"dateModified\":\"2026-02-24T22:16:04+00:00\",\"breadcrumb\":{\"@id\":\"https:\\\/\\\/fuentesfidedignas.com.mx\\\/index.php\\\/2026\\\/02\\\/24\\\/embajador-eu-se-reune-con-sheinbaum-y-gabinete-de-seguridad\\\/#breadcrumb\"},\"inLanguage\":\"es\",\"potentialAction\":[{\"@type\":\"ReadAction\",\"target\":[\"https:\\\/\\\/fuentesfidedignas.com.mx\\\/index.php\\\/2026\\\/02\\\/24\\\/embajador-eu-se-reune-con-sheinbaum-y-gabinete-de-seguridad\\\/\"]}]},{\"@type\":\"ImageObject\",\"inLanguage\":\"es\",\"@id\":\"https:\\\/\\\/fuentesfidedignas.com.mx\\\/index.php\\\/2026\\\/02\\\/24\\\/embajador-eu-se-reune-con-sheinbaum-y-gabinete-de-seguridad\\\/#primaryimage\",\"url\":\"https:\\\/\\\/fuentesfidedignas.com.mx\\\/wp-content\\\/uploads\\\/2026\\\/02\\\/699dfab60e9be.jpeg\",\"contentUrl\":\"https:\\\/\\\/fuentesfidedignas.com.mx\\\/wp-content\\\/uploads\\\/2026\\\/02\\\/699dfab60e9be.jpeg\",\"width\":1200,\"height\":800},{\"@type\":\"BreadcrumbList\",\"@id\":\"https:\\\/\\\/fuentesfidedignas.com.mx\\\/index.php\\\/2026\\\/02\\\/24\\\/embajador-eu-se-reune-con-sheinbaum-y-gabinete-de-seguridad\\\/#breadcrumb\",\"itemListElement\":[{\"@type\":\"ListItem\",\"position\":1,\"name\":\"Inicio\",\"item\":\"https:\\\/\\\/fuentesfidedignas.com.mx\\\/\"},{\"@type\":\"ListItem\",\"position\":2,\"name\":\"Embajador de EU se re\u00fane con Sheinbaum y gabinete de seguridad\"}]},{\"@type\":\"WebSite\",\"@id\":\"https:\\\/\\\/fuentesfidedignas.com.mx\\\/#website\",\"url\":\"https:\\\/\\\/fuentesfidedignas.com.mx\\\/\",\"name\":\"Fuentes Fidedignas\",\"description\":\"Otro sitio realizado con WordPress\",\"publisher\":{\"@id\":\"https:\\\/\\\/fuentesfidedignas.com.mx\\\/#organization\"},\"potentialAction\":[{\"@type\":\"SearchAction\",\"target\":{\"@type\":\"EntryPoint\",\"urlTemplate\":\"https:\\\/\\\/fuentesfidedignas.com.mx\\\/?s={search_term_string}\"},\"query-input\":{\"@type\":\"PropertyValueSpecification\",\"valueRequired\":true,\"valueName\":\"search_term_string\"}}],\"inLanguage\":\"es\"},{\"@type\":\"Organization\",\"@id\":\"https:\\\/\\\/fuentesfidedignas.com.mx\\\/#organization\",\"name\":\"Fuentes Fidedignas\",\"url\":\"https:\\\/\\\/fuentesfidedignas.com.mx\\\/\",\"logo\":{\"@type\":\"ImageObject\",\"inLanguage\":\"es\",\"@id\":\"https:\\\/\\\/fuentesfidedignas.com.mx\\\/#\\\/schema\\\/logo\\\/image\\\/\",\"url\":\"https:\\\/\\\/fuentesfidedignas.com.mx\\\/wp-content\\\/uploads\\\/2021\\\/04\\\/logo-retina.png\",\"contentUrl\":\"https:\\\/\\\/fuentesfidedignas.com.mx\\\/wp-content\\\/uploads\\\/2021\\\/04\\\/logo-retina.png\",\"width\":280,\"height\":51,\"caption\":\"Fuentes Fidedignas\"},\"image\":{\"@id\":\"https:\\\/\\\/fuentesfidedignas.com.mx\\\/#\\\/schema\\\/logo\\\/image\\\/\"},\"sameAs\":[\"https:\\\/\\\/www.facebook.com\\\/Fuentes-Fidedignas-368234489921644\",\"https:\\\/\\\/x.com\\\/fidedignas\"]},{\"@type\":\"Person\",\"@id\":\"https:\\\/\\\/fuentesfidedignas.com.mx\\\/#\\\/schema\\\/person\\\/ec4edd1fbf5efa3e44fce34fe2787780\",\"name\":\"Exc\u00e9lsior\",\"image\":{\"@type\":\"ImageObject\",\"inLanguage\":\"es\",\"@id\":\"https:\\\/\\\/secure.gravatar.com\\\/avatar\\\/4b7ee9206b48be08447852b3f0814dbc7c0f3b51541b164f1464a2725614020b?s=96&d=mm&r=g\",\"url\":\"https:\\\/\\\/secure.gravatar.com\\\/avatar\\\/4b7ee9206b48be08447852b3f0814dbc7c0f3b51541b164f1464a2725614020b?s=96&d=mm&r=g\",\"contentUrl\":\"https:\\\/\\\/secure.gravatar.com\\\/avatar\\\/4b7ee9206b48be08447852b3f0814dbc7c0f3b51541b164f1464a2725614020b?s=96&d=mm&r=g\",\"caption\":\"Exc\u00e9lsior\"},\"url\":\"https:\\\/\\\/fuentesfidedignas.com.mx\\\/index.php\\\/author\\\/excelsior\\\/\"}]}<\/script>\n<!-- \/ Yoast SEO plugin. -->","yoast_head_json":{"title":"Embajador de EU se re\u00fane con Sheinbaum y gabinete de seguridad - Fuentes Fidedignas","robots":{"index":"index","follow":"follow","max-snippet":"max-snippet:-1","max-image-preview":"max-image-preview:large","max-video-preview":"max-video-preview:-1"},"canonical":"https:\/\/fuentesfidedignas.com.mx\/index.php\/2026\/02\/24\/embajador-eu-se-reune-con-sheinbaum-y-gabinete-de-seguridad\/","og_locale":"es_MX","og_type":"article","og_title":"Embajador de EU se re\u00fane con Sheinbaum y gabinete de seguridad - Fuentes Fidedignas","og_description":"El encuentro dur\u00f3 dos horas y se dio luego del operativo en el que fue abatido &#8216;El Mencho&#8217; en Tapalpa, Jalisco. Alrededor de dos horas dur\u00f3 la reuni\u00f3n en Palacio Nacional de la presidenta Claudia Sheinbaum con su gabinete de seguridad y el embajador de Estados Unidos, Ronald Johnson.&nbsp;El diplom\u00e1tico estadunidense arrib\u00f3 a la sede [&hellip;]","og_url":"https:\/\/fuentesfidedignas.com.mx\/index.php\/2026\/02\/24\/embajador-eu-se-reune-con-sheinbaum-y-gabinete-de-seguridad\/","og_site_name":"Fuentes Fidedignas","article_publisher":"https:\/\/www.facebook.com\/Fuentes-Fidedignas-368234489921644","article_published_time":"2026-02-24T22:12:47+00:00","article_modified_time":"2026-02-24T22:16:04+00:00","og_image":[{"width":1200,"height":800,"url":"https:\/\/fuentesfidedignas.com.mx\/wp-content\/uploads\/2026\/02\/699dfab60e9be.jpeg","type":"image\/jpeg"}],"author":"Exc\u00e9lsior","twitter_card":"summary_large_image","twitter_creator":"@fidedignas","twitter_site":"@fidedignas","twitter_misc":{"Escrito por":"Exc\u00e9lsior","Tiempo de lectura":"3 minutos"},"schema":{"@context":"https:\/\/schema.org","@graph":[{"@type":"Article","@id":"https:\/\/fuentesfidedignas.com.mx\/index.php\/2026\/02\/24\/embajador-eu-se-reune-con-sheinbaum-y-gabinete-de-seguridad\/#article","isPartOf":{"@id":"https:\/\/fuentesfidedignas.com.mx\/index.php\/2026\/02\/24\/embajador-eu-se-reune-con-sheinbaum-y-gabinete-de-seguridad\/"},"author":{"name":"Exc\u00e9lsior","@id":"https:\/\/fuentesfidedignas.com.mx\/#\/schema\/person\/ec4edd1fbf5efa3e44fce34fe2787780"},"headline":"Embajador de EU se re\u00fane con Sheinbaum y gabinete de seguridad","datePublished":"2026-02-24T22:12:47+00:00","dateModified":"2026-02-24T22:16:04+00:00","mainEntityOfPage":{"@id":"https:\/\/fuentesfidedignas.com.mx\/index.php\/2026\/02\/24\/embajador-eu-se-reune-con-sheinbaum-y-gabinete-de-seguridad\/"},"wordCount":572,"commentCount":0,"publisher":{"@id":"https:\/\/fuentesfidedignas.com.mx\/#organization"},"image":{"@id":"https:\/\/fuentesfidedignas.com.mx\/index.php\/2026\/02\/24\/embajador-eu-se-reune-con-sheinbaum-y-gabinete-de-seguridad\/#primaryimage"},"thumbnailUrl":"https:\/\/fuentesfidedignas.com.mx\/wp-content\/uploads\/2026\/02\/699dfab60e9be.jpeg","articleSection":["NOTICIAS NACIONALES"],"inLanguage":"es","potentialAction":[{"@type":"CommentAction","name":"Comment","target":["https:\/\/fuentesfidedignas.com.mx\/index.php\/2026\/02\/24\/embajador-eu-se-reune-con-sheinbaum-y-gabinete-de-seguridad\/#respond"]}]},{"@type":"WebPage","@id":"https:\/\/fuentesfidedignas.com.mx\/index.php\/2026\/02\/24\/embajador-eu-se-reune-con-sheinbaum-y-gabinete-de-seguridad\/","url":"https:\/\/fuentesfidedignas.com.mx\/index.php\/2026\/02\/24\/embajador-eu-se-reune-con-sheinbaum-y-gabinete-de-seguridad\/","name":"Embajador de EU se re\u00fane con Sheinbaum y gabinete de seguridad - Fuentes Fidedignas","isPartOf":{"@id":"https:\/\/fuentesfidedignas.com.mx\/#website"},"primaryImageOfPage":{"@id":"https:\/\/fuentesfidedignas.com.mx\/index.php\/2026\/02\/24\/embajador-eu-se-reune-con-sheinbaum-y-gabinete-de-seguridad\/#primaryimage"},"image":{"@id":"https:\/\/fuentesfidedignas.com.mx\/index.php\/2026\/02\/24\/embajador-eu-se-reune-con-sheinbaum-y-gabinete-de-seguridad\/#primaryimage"},"thumbnailUrl":"https:\/\/fuentesfidedignas.com.mx\/wp-content\/uploads\/2026\/02\/699dfab60e9be.jpeg","datePublished":"2026-02-24T22:12:47+00:00","dateModified":"2026-02-24T22:16:04+00:00","breadcrumb":{"@id":"https:\/\/fuentesfidedignas.com.mx\/index.php\/2026\/02\/24\/embajador-eu-se-reune-con-sheinbaum-y-gabinete-de-seguridad\/#breadcrumb"},"inLanguage":"es","potentialAction":[{"@type":"ReadAction","target":["https:\/\/fuentesfidedignas.com.mx\/index.php\/2026\/02\/24\/embajador-eu-se-reune-con-sheinbaum-y-gabinete-de-seguridad\/"]}]},{"@type":"ImageObject","inLanguage":"es","@id":"https:\/\/fuentesfidedignas.com.mx\/index.php\/2026\/02\/24\/embajador-eu-se-reune-con-sheinbaum-y-gabinete-de-seguridad\/#primaryimage","url":"https:\/\/fuentesfidedignas.com.mx\/wp-content\/uploads\/2026\/02\/699dfab60e9be.jpeg","contentUrl":"https:\/\/fuentesfidedignas.com.mx\/wp-content\/uploads\/2026\/02\/699dfab60e9be.jpeg","width":1200,"height":800},{"@type":"BreadcrumbList","@id":"https:\/\/fuentesfidedignas.com.mx\/index.php\/2026\/02\/24\/embajador-eu-se-reune-con-sheinbaum-y-gabinete-de-seguridad\/#breadcrumb","itemListElement":[{"@type":"ListItem","position":1,"name":"Inicio","item":"https:\/\/fuentesfidedignas.com.mx\/"},{"@type":"ListItem","position":2,"name":"Embajador de EU se re\u00fane con Sheinbaum y gabinete de seguridad"}]},{"@type":"WebSite","@id":"https:\/\/fuentesfidedignas.com.mx\/#website","url":"https:\/\/fuentesfidedignas.com.mx\/","name":"Fuentes Fidedignas","description":"Otro sitio realizado con WordPress","publisher":{"@id":"https:\/\/fuentesfidedignas.com.mx\/#organization"},"potentialAction":[{"@type":"SearchAction","target":{"@type":"EntryPoint","urlTemplate":"https:\/\/fuentesfidedignas.com.mx\/?s={search_term_string}"},"query-input":{"@type":"PropertyValueSpecification","valueRequired":true,"valueName":"search_term_string"}}],"inLanguage":"es"},{"@type":"Organization","@id":"https:\/\/fuentesfidedignas.com.mx\/#organization","name":"Fuentes Fidedignas","url":"https:\/\/fuentesfidedignas.com.mx\/","logo":{"@type":"ImageObject","inLanguage":"es","@id":"https:\/\/fuentesfidedignas.com.mx\/#\/schema\/logo\/image\/","url":"https:\/\/fuentesfidedignas.com.mx\/wp-content\/uploads\/2021\/04\/logo-retina.png","contentUrl":"https:\/\/fuentesfidedignas.com.mx\/wp-content\/uploads\/2021\/04\/logo-retina.png","width":280,"height":51,"caption":"Fuentes Fidedignas"},"image":{"@id":"https:\/\/fuentesfidedignas.com.mx\/#\/schema\/logo\/image\/"},"sameAs":["https:\/\/www.facebook.com\/Fuentes-Fidedignas-368234489921644","https:\/\/x.com\/fidedignas"]},{"@type":"Person","@id":"https:\/\/fuentesfidedignas.com.mx\/#\/schema\/person\/ec4edd1fbf5efa3e44fce34fe2787780","name":"Exc\u00e9lsior","image":{"@type":"ImageObject","inLanguage":"es","@id":"https:\/\/secure.gravatar.com\/avatar\/4b7ee9206b48be08447852b3f0814dbc7c0f3b51541b164f1464a2725614020b?s=96&d=mm&r=g","url":"https:\/\/secure.gravatar.com\/avatar\/4b7ee9206b48be08447852b3f0814dbc7c0f3b51541b164f1464a2725614020b?s=96&d=mm&r=g","contentUrl":"https:\/\/secure.gravatar.com\/avatar\/4b7ee9206b48be08447852b3f0814dbc7c0f3b51541b164f1464a2725614020b?s=96&d=mm&r=g","caption":"Exc\u00e9lsior"},"url":"https:\/\/fuentesfidedignas.com.mx\/index.php\/author\/excelsior\/"}]}},"_links":{"self":[{"href":"https:\/\/fuentesfidedignas.com.mx\/index.php\/wp-json\/wp\/v2\/posts\/127965","targetHints":{"allow":["GET"]}}],"collection":[{"href":"https:\/\/fuentesfidedignas.com.mx\/index.php\/wp-json\/wp\/v2\/posts"}],"about":[{"href":"https:\/\/fuentesfidedignas.com.mx\/index.php\/wp-json\/wp\/v2\/types\/post"}],"author":[{"embeddable":true,"href":"https:\/\/fuentesfidedignas.com.mx\/index.php\/wp-json\/wp\/v2\/users\/7"}],"replies":[{"embeddable":true,"href":"https:\/\/fuentesfidedignas.com.mx\/index.php\/wp-json\/wp\/v2\/comments?post=127965"}],"version-history":[{"count":1,"href":"https:\/\/fuentesfidedignas.com.mx\/index.php\/wp-json\/wp\/v2\/posts\/127965\/revisions"}],"predecessor-version":[{"id":127967,"href":"https:\/\/fuentesfidedignas.com.mx\/index.php\/wp-json\/wp\/v2\/posts\/127965\/revisions\/127967"}],"wp:featuredmedia":[{"embeddable":true,"href":"https:\/\/fuentesfidedignas.com.mx\/index.php\/wp-json\/wp\/v2\/media\/127966"}],"wp:attachment":[{"href":"https:\/\/fuentesfidedignas.com.mx\/index.php\/wp-json\/wp\/v2\/media?parent=127965"}],"wp:term":[{"taxonomy":"category","embeddable":true,"href":"https:\/\/fuentesfidedignas.com.mx\/index.php\/wp-json\/wp\/v2\/categories?post=127965"},{"taxonomy":"post_tag","embeddable":true,"href":"https:\/\/fuentesfidedignas.com.mx\/index.php\/wp-json\/wp\/v2\/tags?post=127965"}],"curies":[{"name":"wp","href":"https:\/\/api.w.org\/{rel}","templated":true}]}}