{"id":127840,"date":"2026-02-23T08:35:48","date_gmt":"2026-02-23T15:35:48","guid":{"rendered":"https:\/\/fuentesfidedignas.com.mx\/?p=127840"},"modified":"2026-02-23T16:10:20","modified_gmt":"2026-02-23T23:10:20","slug":"pareja-sentimental-de-el-mencho-clave-para-ubicacion-y-caida-del-lider-del-cjng-defensa","status":"publish","type":"post","link":"https:\/\/fuentesfidedignas.com.mx\/index.php\/2026\/02\/23\/pareja-sentimental-de-el-mencho-clave-para-ubicacion-y-caida-del-lider-del-cjng-defensa\/","title":{"rendered":"Pareja sentimental de \u201cEl Mencho\u201d, clave para ubicaci\u00f3n y ca\u00edda del l\u00edder del CJNG: Defensa"},"content":{"rendered":"\n<p><strong><em>El operativo se plane\u00f3 con componentes terrestres y aerom\u00f3viles, bajo estrictas condiciones de secrec\u00eda para garantizar el factor sorpresa.<\/em><\/strong><\/p>\n\n\n\n<p>La captura y muerte del l\u00edder del C\u00e1rtel Jalisco Nueva Generaci\u00f3n (CJNG), Nemesio Oseguera Cervantes, alias \u201cEl Mencho\u201d, fue resultado de un seguimiento de inteligencia a una de sus parejas sentimentales, confirm\u00f3 el titular de la Secretar\u00eda de la Defensa Nacional, Ricardo Trevilla Trejo.<\/p>\n\n\n\n<p>De acuerdo con el funcionario, el operativo se plane\u00f3 con componentes terrestres y aerom\u00f3viles, bajo estrictas condiciones de secrec\u00eda para garantizar el factor sorpresa.<\/p>\n\n\n\n<p>Seg\u00fan explic\u00f3 Trevilla, el 20 de febrero, mediante trabajos de inteligencia militar central, se identific\u00f3 a un hombre cercano a una de las parejas sentimentales de Nemesio Oseguera Cervantes, quien la traslad\u00f3 a una instalaci\u00f3n en Tapalpa, Jalisco.<\/p>\n\n\n\n<p>El 20 de febrero mediante trabajos de inteligencia militar central se ubic\u00f3 a un hombre de confianza de una de las parejas sentimentales de \u2018El Mencho\u2019 que la traslad\u00f3 a una instalaci\u00f3n en el poblado de Tapalpa, Jalisco\u201d, inform\u00f3 Trevilla.<\/p>\n\n\n\n<p>En ese inmueble se reuni\u00f3 con el l\u00edder del CJNG. La mujer abandon\u00f3 el lugar al d\u00eda siguiente, pero Oseguera permaneci\u00f3 con un c\u00edrculo de seguridad armado, lo que permiti\u00f3 confirmar su presencia.<\/p>\n\n\n\n<p>La corroboraci\u00f3n definitiva se realiz\u00f3 la noche del 22 de febrero, momento en el que se activ\u00f3 el despliegue operativo para ejecutar la detenci\u00f3n mediante un cerco t\u00e1ctico.<\/p>\n\n\n\n<p><strong>Fuerza operativa con tres componentes<\/strong><br>El secretario de la Defensa detall\u00f3 que la operaci\u00f3n se estructur\u00f3 en tres ejes estrat\u00e9gicos.<\/p>\n\n\n\n<p>Ese mismo d\u00eda se organiza una fuerza operativa integrada por tres componentes, uno terrestre, que estaba integrado con personal de la Fuerza Especial Conjunta, Fuerzas Especiales del Ej\u00e9rcito, Fuerza especial de reacci\u00f3n inmediata de la Guardia Nacional, como les mencion\u00e9, tambi\u00e9n una fuerza aerom\u00f3vil constituida con seis helic\u00f3pteros y personal de fuerza especiales que se dirigir\u00eda al \u00e1rea de operaciones para conservar el secreto y con ello obtener la sorpresa&#8221;, destac\u00f3.<\/p>\n\n\n\n<p>El primer componente fue terrestre, integrado por la Fuerza Especial Conjunta, Fuerzas Especiales del Ej\u00e9rcito y la Fuerza Especial de Reacci\u00f3n Inmediata de la Guardia Nacional.<\/p>\n\n\n\n<p>El segundo componente consisti\u00f3 en una fuerza aerom\u00f3vil con seis helic\u00f3pteros y personal de fuerzas especiales, encargada de preservar el sigilo y asegurar el per\u00edmetro operativo.<\/p>\n\n\n\n<p>El tercer elemento correspondi\u00f3 al apoyo a\u00e9reo t\u00e1ctico con aeronaves Texan de la Fuerza A\u00e9rea Mexicana.<\/p>\n\n\n\n<p>Las unidades permanecieron en estado de alerta en estados colindantes con Jalisco para reaccionar ante cualquier contingencia.<\/p>\n\n\n\n<p><strong>Enfrentamiento armado y muerte de \u201cEl Mencho\u201d<\/strong><\/p>\n\n\n\n<p>Al momento del ingreso de la fuerza terrestre, el personal de seguridad de Oseguera abri\u00f3 fuego contra los militares.<\/p>\n\n\n\n<p>&#8220;Fue un ataque muy violento\u201d, afirm\u00f3 Trevilla. Las fuerzas especiales repelieron la agresi\u00f3n en un intercambio armado que deriv\u00f3 en la muerte del capo.<\/p>\n\n\n\n<p>El operativo gener\u00f3 una reacci\u00f3n inmediata del CJNG con bloqueos carreteros y actos violentos en m\u00faltiples entidades.<\/p>\n\n\n\n<p>Tras los hechos, el Ej\u00e9rcito mexicano despleg\u00f3 2,500 efectivos adicionales en el occidente del pa\u00eds con un objetivo disuasivo.<\/p>\n\n\n\n<p>De acuerdo con la Secretar\u00eda de la Defensa, previamente hab\u00eda alrededor de 7,000 elementos destacados en Jalisco. El refuerzo busca contener posibles reacciones del CJNG y restablecer condiciones de seguridad.<\/p>\n\n\n\n<p>La intenci\u00f3n es, m\u00e1s que nada, tener un efecto disuasivo\u201d, se\u00f1al\u00f3 el titular de la Defensa en conferencia de prensa. <\/p>\n","protected":false},"excerpt":{"rendered":"<p>El operativo se plane\u00f3 con componentes terrestres y aerom\u00f3viles, bajo estrictas condiciones de secrec\u00eda para garantizar el factor sorpresa. La captura y muerte del l\u00edder del C\u00e1rtel Jalisco Nueva Generaci\u00f3n (CJNG), Nemesio Oseguera Cervantes, alias \u201cEl Mencho\u201d, fue resultado de un seguimiento de inteligencia a una de sus parejas sentimentales, confirm\u00f3 el titular de la [&hellip;]<\/p>\n","protected":false},"author":7,"featured_media":127841,"comment_status":"open","ping_status":"open","sticky":false,"template":"","format":"standard","meta":{"tdm_status":"","tdm_grid_status":"","footnotes":""},"categories":[39],"tags":[],"class_list":{"0":"post-127840","1":"post","2":"type-post","3":"status-publish","4":"format-standard","5":"has-post-thumbnail","7":"category-noticias-nacionales"},"yoast_head":"<!-- This site is optimized with the Yoast SEO plugin v27.5 - https:\/\/yoast.com\/product\/yoast-seo-wordpress\/ -->\n<title>Pareja sentimental de \u201cEl Mencho\u201d, clave para ubicaci\u00f3n y ca\u00edda del l\u00edder del CJNG: Defensa - Fuentes Fidedignas<\/title>\n<meta name=\"robots\" content=\"index, follow, max-snippet:-1, max-image-preview:large, max-video-preview:-1\" \/>\n<link rel=\"canonical\" href=\"https:\/\/fuentesfidedignas.com.mx\/index.php\/2026\/02\/23\/pareja-sentimental-de-el-mencho-clave-para-ubicacion-y-caida-del-lider-del-cjng-defensa\/\" \/>\n<meta property=\"og:locale\" content=\"es_MX\" \/>\n<meta property=\"og:type\" content=\"article\" \/>\n<meta property=\"og:title\" content=\"Pareja sentimental de \u201cEl Mencho\u201d, clave para ubicaci\u00f3n y ca\u00edda del l\u00edder del CJNG: Defensa - Fuentes Fidedignas\" \/>\n<meta property=\"og:description\" content=\"El operativo se plane\u00f3 con componentes terrestres y aerom\u00f3viles, bajo estrictas condiciones de secrec\u00eda para garantizar el factor sorpresa. La captura y muerte del l\u00edder del C\u00e1rtel Jalisco Nueva Generaci\u00f3n (CJNG), Nemesio Oseguera Cervantes, alias \u201cEl Mencho\u201d, fue resultado de un seguimiento de inteligencia a una de sus parejas sentimentales, confirm\u00f3 el titular de la [&hellip;]\" \/>\n<meta property=\"og:url\" content=\"https:\/\/fuentesfidedignas.com.mx\/index.php\/2026\/02\/23\/pareja-sentimental-de-el-mencho-clave-para-ubicacion-y-caida-del-lider-del-cjng-defensa\/\" \/>\n<meta property=\"og:site_name\" content=\"Fuentes Fidedignas\" \/>\n<meta property=\"article:publisher\" content=\"https:\/\/www.facebook.com\/Fuentes-Fidedignas-368234489921644\" \/>\n<meta property=\"article:published_time\" content=\"2026-02-23T15:35:48+00:00\" \/>\n<meta property=\"article:modified_time\" content=\"2026-02-23T23:10:20+00:00\" \/>\n<meta property=\"og:image\" content=\"https:\/\/fuentesfidedignas.com.mx\/wp-content\/uploads\/2026\/02\/eplicacion_operativo.jpg\" \/>\n\t<meta property=\"og:image:width\" content=\"500\" \/>\n\t<meta property=\"og:image:height\" content=\"333\" \/>\n\t<meta property=\"og:image:type\" content=\"image\/jpeg\" \/>\n<meta name=\"author\" content=\"Exc\u00e9lsior\" \/>\n<meta name=\"twitter:card\" content=\"summary_large_image\" \/>\n<meta name=\"twitter:creator\" content=\"@fidedignas\" \/>\n<meta name=\"twitter:site\" content=\"@fidedignas\" \/>\n<meta name=\"twitter:label1\" content=\"Escrito por\" \/>\n\t<meta name=\"twitter:data1\" content=\"Exc\u00e9lsior\" \/>\n\t<meta name=\"twitter:label2\" content=\"Tiempo de lectura\" \/>\n\t<meta name=\"twitter:data2\" content=\"3 minutos\" \/>\n<script type=\"application\/ld+json\" class=\"yoast-schema-graph\">{\"@context\":\"https:\\\/\\\/schema.org\",\"@graph\":[{\"@type\":\"Article\",\"@id\":\"https:\\\/\\\/fuentesfidedignas.com.mx\\\/index.php\\\/2026\\\/02\\\/23\\\/pareja-sentimental-de-el-mencho-clave-para-ubicacion-y-caida-del-lider-del-cjng-defensa\\\/#article\",\"isPartOf\":{\"@id\":\"https:\\\/\\\/fuentesfidedignas.com.mx\\\/index.php\\\/2026\\\/02\\\/23\\\/pareja-sentimental-de-el-mencho-clave-para-ubicacion-y-caida-del-lider-del-cjng-defensa\\\/\"},\"author\":{\"name\":\"Exc\u00e9lsior\",\"@id\":\"https:\\\/\\\/fuentesfidedignas.com.mx\\\/#\\\/schema\\\/person\\\/ec4edd1fbf5efa3e44fce34fe2787780\"},\"headline\":\"Pareja sentimental de \u201cEl Mencho\u201d, clave para ubicaci\u00f3n y ca\u00edda del l\u00edder del CJNG: Defensa\",\"datePublished\":\"2026-02-23T15:35:48+00:00\",\"dateModified\":\"2026-02-23T23:10:20+00:00\",\"mainEntityOfPage\":{\"@id\":\"https:\\\/\\\/fuentesfidedignas.com.mx\\\/index.php\\\/2026\\\/02\\\/23\\\/pareja-sentimental-de-el-mencho-clave-para-ubicacion-y-caida-del-lider-del-cjng-defensa\\\/\"},\"wordCount\":595,\"commentCount\":0,\"publisher\":{\"@id\":\"https:\\\/\\\/fuentesfidedignas.com.mx\\\/#organization\"},\"image\":{\"@id\":\"https:\\\/\\\/fuentesfidedignas.com.mx\\\/index.php\\\/2026\\\/02\\\/23\\\/pareja-sentimental-de-el-mencho-clave-para-ubicacion-y-caida-del-lider-del-cjng-defensa\\\/#primaryimage\"},\"thumbnailUrl\":\"https:\\\/\\\/fuentesfidedignas.com.mx\\\/wp-content\\\/uploads\\\/2026\\\/02\\\/eplicacion_operativo.jpg\",\"articleSection\":[\"NOTICIAS NACIONALES\"],\"inLanguage\":\"es\",\"potentialAction\":[{\"@type\":\"CommentAction\",\"name\":\"Comment\",\"target\":[\"https:\\\/\\\/fuentesfidedignas.com.mx\\\/index.php\\\/2026\\\/02\\\/23\\\/pareja-sentimental-de-el-mencho-clave-para-ubicacion-y-caida-del-lider-del-cjng-defensa\\\/#respond\"]}]},{\"@type\":\"WebPage\",\"@id\":\"https:\\\/\\\/fuentesfidedignas.com.mx\\\/index.php\\\/2026\\\/02\\\/23\\\/pareja-sentimental-de-el-mencho-clave-para-ubicacion-y-caida-del-lider-del-cjng-defensa\\\/\",\"url\":\"https:\\\/\\\/fuentesfidedignas.com.mx\\\/index.php\\\/2026\\\/02\\\/23\\\/pareja-sentimental-de-el-mencho-clave-para-ubicacion-y-caida-del-lider-del-cjng-defensa\\\/\",\"name\":\"Pareja sentimental de \u201cEl Mencho\u201d, clave para ubicaci\u00f3n y ca\u00edda del l\u00edder del CJNG: Defensa - Fuentes Fidedignas\",\"isPartOf\":{\"@id\":\"https:\\\/\\\/fuentesfidedignas.com.mx\\\/#website\"},\"primaryImageOfPage\":{\"@id\":\"https:\\\/\\\/fuentesfidedignas.com.mx\\\/index.php\\\/2026\\\/02\\\/23\\\/pareja-sentimental-de-el-mencho-clave-para-ubicacion-y-caida-del-lider-del-cjng-defensa\\\/#primaryimage\"},\"image\":{\"@id\":\"https:\\\/\\\/fuentesfidedignas.com.mx\\\/index.php\\\/2026\\\/02\\\/23\\\/pareja-sentimental-de-el-mencho-clave-para-ubicacion-y-caida-del-lider-del-cjng-defensa\\\/#primaryimage\"},\"thumbnailUrl\":\"https:\\\/\\\/fuentesfidedignas.com.mx\\\/wp-content\\\/uploads\\\/2026\\\/02\\\/eplicacion_operativo.jpg\",\"datePublished\":\"2026-02-23T15:35:48+00:00\",\"dateModified\":\"2026-02-23T23:10:20+00:00\",\"breadcrumb\":{\"@id\":\"https:\\\/\\\/fuentesfidedignas.com.mx\\\/index.php\\\/2026\\\/02\\\/23\\\/pareja-sentimental-de-el-mencho-clave-para-ubicacion-y-caida-del-lider-del-cjng-defensa\\\/#breadcrumb\"},\"inLanguage\":\"es\",\"potentialAction\":[{\"@type\":\"ReadAction\",\"target\":[\"https:\\\/\\\/fuentesfidedignas.com.mx\\\/index.php\\\/2026\\\/02\\\/23\\\/pareja-sentimental-de-el-mencho-clave-para-ubicacion-y-caida-del-lider-del-cjng-defensa\\\/\"]}]},{\"@type\":\"ImageObject\",\"inLanguage\":\"es\",\"@id\":\"https:\\\/\\\/fuentesfidedignas.com.mx\\\/index.php\\\/2026\\\/02\\\/23\\\/pareja-sentimental-de-el-mencho-clave-para-ubicacion-y-caida-del-lider-del-cjng-defensa\\\/#primaryimage\",\"url\":\"https:\\\/\\\/fuentesfidedignas.com.mx\\\/wp-content\\\/uploads\\\/2026\\\/02\\\/eplicacion_operativo.jpg\",\"contentUrl\":\"https:\\\/\\\/fuentesfidedignas.com.mx\\\/wp-content\\\/uploads\\\/2026\\\/02\\\/eplicacion_operativo.jpg\",\"width\":500,\"height\":333},{\"@type\":\"BreadcrumbList\",\"@id\":\"https:\\\/\\\/fuentesfidedignas.com.mx\\\/index.php\\\/2026\\\/02\\\/23\\\/pareja-sentimental-de-el-mencho-clave-para-ubicacion-y-caida-del-lider-del-cjng-defensa\\\/#breadcrumb\",\"itemListElement\":[{\"@type\":\"ListItem\",\"position\":1,\"name\":\"Inicio\",\"item\":\"https:\\\/\\\/fuentesfidedignas.com.mx\\\/\"},{\"@type\":\"ListItem\",\"position\":2,\"name\":\"Pareja sentimental de \u201cEl Mencho\u201d, clave para ubicaci\u00f3n y ca\u00edda del l\u00edder del CJNG: Defensa\"}]},{\"@type\":\"WebSite\",\"@id\":\"https:\\\/\\\/fuentesfidedignas.com.mx\\\/#website\",\"url\":\"https:\\\/\\\/fuentesfidedignas.com.mx\\\/\",\"name\":\"Fuentes Fidedignas\",\"description\":\"Otro sitio realizado con WordPress\",\"publisher\":{\"@id\":\"https:\\\/\\\/fuentesfidedignas.com.mx\\\/#organization\"},\"potentialAction\":[{\"@type\":\"SearchAction\",\"target\":{\"@type\":\"EntryPoint\",\"urlTemplate\":\"https:\\\/\\\/fuentesfidedignas.com.mx\\\/?s={search_term_string}\"},\"query-input\":{\"@type\":\"PropertyValueSpecification\",\"valueRequired\":true,\"valueName\":\"search_term_string\"}}],\"inLanguage\":\"es\"},{\"@type\":\"Organization\",\"@id\":\"https:\\\/\\\/fuentesfidedignas.com.mx\\\/#organization\",\"name\":\"Fuentes Fidedignas\",\"url\":\"https:\\\/\\\/fuentesfidedignas.com.mx\\\/\",\"logo\":{\"@type\":\"ImageObject\",\"inLanguage\":\"es\",\"@id\":\"https:\\\/\\\/fuentesfidedignas.com.mx\\\/#\\\/schema\\\/logo\\\/image\\\/\",\"url\":\"https:\\\/\\\/fuentesfidedignas.com.mx\\\/wp-content\\\/uploads\\\/2021\\\/04\\\/logo-retina.png\",\"contentUrl\":\"https:\\\/\\\/fuentesfidedignas.com.mx\\\/wp-content\\\/uploads\\\/2021\\\/04\\\/logo-retina.png\",\"width\":280,\"height\":51,\"caption\":\"Fuentes Fidedignas\"},\"image\":{\"@id\":\"https:\\\/\\\/fuentesfidedignas.com.mx\\\/#\\\/schema\\\/logo\\\/image\\\/\"},\"sameAs\":[\"https:\\\/\\\/www.facebook.com\\\/Fuentes-Fidedignas-368234489921644\",\"https:\\\/\\\/x.com\\\/fidedignas\"]},{\"@type\":\"Person\",\"@id\":\"https:\\\/\\\/fuentesfidedignas.com.mx\\\/#\\\/schema\\\/person\\\/ec4edd1fbf5efa3e44fce34fe2787780\",\"name\":\"Exc\u00e9lsior\",\"image\":{\"@type\":\"ImageObject\",\"inLanguage\":\"es\",\"@id\":\"https:\\\/\\\/secure.gravatar.com\\\/avatar\\\/4b7ee9206b48be08447852b3f0814dbc7c0f3b51541b164f1464a2725614020b?s=96&d=mm&r=g\",\"url\":\"https:\\\/\\\/secure.gravatar.com\\\/avatar\\\/4b7ee9206b48be08447852b3f0814dbc7c0f3b51541b164f1464a2725614020b?s=96&d=mm&r=g\",\"contentUrl\":\"https:\\\/\\\/secure.gravatar.com\\\/avatar\\\/4b7ee9206b48be08447852b3f0814dbc7c0f3b51541b164f1464a2725614020b?s=96&d=mm&r=g\",\"caption\":\"Exc\u00e9lsior\"},\"url\":\"https:\\\/\\\/fuentesfidedignas.com.mx\\\/index.php\\\/author\\\/excelsior\\\/\"}]}<\/script>\n<!-- \/ Yoast SEO plugin. -->","yoast_head_json":{"title":"Pareja sentimental de \u201cEl Mencho\u201d, clave para ubicaci\u00f3n y ca\u00edda del l\u00edder del CJNG: Defensa - Fuentes Fidedignas","robots":{"index":"index","follow":"follow","max-snippet":"max-snippet:-1","max-image-preview":"max-image-preview:large","max-video-preview":"max-video-preview:-1"},"canonical":"https:\/\/fuentesfidedignas.com.mx\/index.php\/2026\/02\/23\/pareja-sentimental-de-el-mencho-clave-para-ubicacion-y-caida-del-lider-del-cjng-defensa\/","og_locale":"es_MX","og_type":"article","og_title":"Pareja sentimental de \u201cEl Mencho\u201d, clave para ubicaci\u00f3n y ca\u00edda del l\u00edder del CJNG: Defensa - Fuentes Fidedignas","og_description":"El operativo se plane\u00f3 con componentes terrestres y aerom\u00f3viles, bajo estrictas condiciones de secrec\u00eda para garantizar el factor sorpresa. La captura y muerte del l\u00edder del C\u00e1rtel Jalisco Nueva Generaci\u00f3n (CJNG), Nemesio Oseguera Cervantes, alias \u201cEl Mencho\u201d, fue resultado de un seguimiento de inteligencia a una de sus parejas sentimentales, confirm\u00f3 el titular de la [&hellip;]","og_url":"https:\/\/fuentesfidedignas.com.mx\/index.php\/2026\/02\/23\/pareja-sentimental-de-el-mencho-clave-para-ubicacion-y-caida-del-lider-del-cjng-defensa\/","og_site_name":"Fuentes Fidedignas","article_publisher":"https:\/\/www.facebook.com\/Fuentes-Fidedignas-368234489921644","article_published_time":"2026-02-23T15:35:48+00:00","article_modified_time":"2026-02-23T23:10:20+00:00","og_image":[{"width":500,"height":333,"url":"https:\/\/fuentesfidedignas.com.mx\/wp-content\/uploads\/2026\/02\/eplicacion_operativo.jpg","type":"image\/jpeg"}],"author":"Exc\u00e9lsior","twitter_card":"summary_large_image","twitter_creator":"@fidedignas","twitter_site":"@fidedignas","twitter_misc":{"Escrito por":"Exc\u00e9lsior","Tiempo de lectura":"3 minutos"},"schema":{"@context":"https:\/\/schema.org","@graph":[{"@type":"Article","@id":"https:\/\/fuentesfidedignas.com.mx\/index.php\/2026\/02\/23\/pareja-sentimental-de-el-mencho-clave-para-ubicacion-y-caida-del-lider-del-cjng-defensa\/#article","isPartOf":{"@id":"https:\/\/fuentesfidedignas.com.mx\/index.php\/2026\/02\/23\/pareja-sentimental-de-el-mencho-clave-para-ubicacion-y-caida-del-lider-del-cjng-defensa\/"},"author":{"name":"Exc\u00e9lsior","@id":"https:\/\/fuentesfidedignas.com.mx\/#\/schema\/person\/ec4edd1fbf5efa3e44fce34fe2787780"},"headline":"Pareja sentimental de \u201cEl Mencho\u201d, clave para ubicaci\u00f3n y ca\u00edda del l\u00edder del CJNG: Defensa","datePublished":"2026-02-23T15:35:48+00:00","dateModified":"2026-02-23T23:10:20+00:00","mainEntityOfPage":{"@id":"https:\/\/fuentesfidedignas.com.mx\/index.php\/2026\/02\/23\/pareja-sentimental-de-el-mencho-clave-para-ubicacion-y-caida-del-lider-del-cjng-defensa\/"},"wordCount":595,"commentCount":0,"publisher":{"@id":"https:\/\/fuentesfidedignas.com.mx\/#organization"},"image":{"@id":"https:\/\/fuentesfidedignas.com.mx\/index.php\/2026\/02\/23\/pareja-sentimental-de-el-mencho-clave-para-ubicacion-y-caida-del-lider-del-cjng-defensa\/#primaryimage"},"thumbnailUrl":"https:\/\/fuentesfidedignas.com.mx\/wp-content\/uploads\/2026\/02\/eplicacion_operativo.jpg","articleSection":["NOTICIAS NACIONALES"],"inLanguage":"es","potentialAction":[{"@type":"CommentAction","name":"Comment","target":["https:\/\/fuentesfidedignas.com.mx\/index.php\/2026\/02\/23\/pareja-sentimental-de-el-mencho-clave-para-ubicacion-y-caida-del-lider-del-cjng-defensa\/#respond"]}]},{"@type":"WebPage","@id":"https:\/\/fuentesfidedignas.com.mx\/index.php\/2026\/02\/23\/pareja-sentimental-de-el-mencho-clave-para-ubicacion-y-caida-del-lider-del-cjng-defensa\/","url":"https:\/\/fuentesfidedignas.com.mx\/index.php\/2026\/02\/23\/pareja-sentimental-de-el-mencho-clave-para-ubicacion-y-caida-del-lider-del-cjng-defensa\/","name":"Pareja sentimental de \u201cEl Mencho\u201d, clave para ubicaci\u00f3n y ca\u00edda del l\u00edder del CJNG: Defensa - Fuentes Fidedignas","isPartOf":{"@id":"https:\/\/fuentesfidedignas.com.mx\/#website"},"primaryImageOfPage":{"@id":"https:\/\/fuentesfidedignas.com.mx\/index.php\/2026\/02\/23\/pareja-sentimental-de-el-mencho-clave-para-ubicacion-y-caida-del-lider-del-cjng-defensa\/#primaryimage"},"image":{"@id":"https:\/\/fuentesfidedignas.com.mx\/index.php\/2026\/02\/23\/pareja-sentimental-de-el-mencho-clave-para-ubicacion-y-caida-del-lider-del-cjng-defensa\/#primaryimage"},"thumbnailUrl":"https:\/\/fuentesfidedignas.com.mx\/wp-content\/uploads\/2026\/02\/eplicacion_operativo.jpg","datePublished":"2026-02-23T15:35:48+00:00","dateModified":"2026-02-23T23:10:20+00:00","breadcrumb":{"@id":"https:\/\/fuentesfidedignas.com.mx\/index.php\/2026\/02\/23\/pareja-sentimental-de-el-mencho-clave-para-ubicacion-y-caida-del-lider-del-cjng-defensa\/#breadcrumb"},"inLanguage":"es","potentialAction":[{"@type":"ReadAction","target":["https:\/\/fuentesfidedignas.com.mx\/index.php\/2026\/02\/23\/pareja-sentimental-de-el-mencho-clave-para-ubicacion-y-caida-del-lider-del-cjng-defensa\/"]}]},{"@type":"ImageObject","inLanguage":"es","@id":"https:\/\/fuentesfidedignas.com.mx\/index.php\/2026\/02\/23\/pareja-sentimental-de-el-mencho-clave-para-ubicacion-y-caida-del-lider-del-cjng-defensa\/#primaryimage","url":"https:\/\/fuentesfidedignas.com.mx\/wp-content\/uploads\/2026\/02\/eplicacion_operativo.jpg","contentUrl":"https:\/\/fuentesfidedignas.com.mx\/wp-content\/uploads\/2026\/02\/eplicacion_operativo.jpg","width":500,"height":333},{"@type":"BreadcrumbList","@id":"https:\/\/fuentesfidedignas.com.mx\/index.php\/2026\/02\/23\/pareja-sentimental-de-el-mencho-clave-para-ubicacion-y-caida-del-lider-del-cjng-defensa\/#breadcrumb","itemListElement":[{"@type":"ListItem","position":1,"name":"Inicio","item":"https:\/\/fuentesfidedignas.com.mx\/"},{"@type":"ListItem","position":2,"name":"Pareja sentimental de \u201cEl Mencho\u201d, clave para ubicaci\u00f3n y ca\u00edda del l\u00edder del CJNG: Defensa"}]},{"@type":"WebSite","@id":"https:\/\/fuentesfidedignas.com.mx\/#website","url":"https:\/\/fuentesfidedignas.com.mx\/","name":"Fuentes Fidedignas","description":"Otro sitio realizado con WordPress","publisher":{"@id":"https:\/\/fuentesfidedignas.com.mx\/#organization"},"potentialAction":[{"@type":"SearchAction","target":{"@type":"EntryPoint","urlTemplate":"https:\/\/fuentesfidedignas.com.mx\/?s={search_term_string}"},"query-input":{"@type":"PropertyValueSpecification","valueRequired":true,"valueName":"search_term_string"}}],"inLanguage":"es"},{"@type":"Organization","@id":"https:\/\/fuentesfidedignas.com.mx\/#organization","name":"Fuentes Fidedignas","url":"https:\/\/fuentesfidedignas.com.mx\/","logo":{"@type":"ImageObject","inLanguage":"es","@id":"https:\/\/fuentesfidedignas.com.mx\/#\/schema\/logo\/image\/","url":"https:\/\/fuentesfidedignas.com.mx\/wp-content\/uploads\/2021\/04\/logo-retina.png","contentUrl":"https:\/\/fuentesfidedignas.com.mx\/wp-content\/uploads\/2021\/04\/logo-retina.png","width":280,"height":51,"caption":"Fuentes Fidedignas"},"image":{"@id":"https:\/\/fuentesfidedignas.com.mx\/#\/schema\/logo\/image\/"},"sameAs":["https:\/\/www.facebook.com\/Fuentes-Fidedignas-368234489921644","https:\/\/x.com\/fidedignas"]},{"@type":"Person","@id":"https:\/\/fuentesfidedignas.com.mx\/#\/schema\/person\/ec4edd1fbf5efa3e44fce34fe2787780","name":"Exc\u00e9lsior","image":{"@type":"ImageObject","inLanguage":"es","@id":"https:\/\/secure.gravatar.com\/avatar\/4b7ee9206b48be08447852b3f0814dbc7c0f3b51541b164f1464a2725614020b?s=96&d=mm&r=g","url":"https:\/\/secure.gravatar.com\/avatar\/4b7ee9206b48be08447852b3f0814dbc7c0f3b51541b164f1464a2725614020b?s=96&d=mm&r=g","contentUrl":"https:\/\/secure.gravatar.com\/avatar\/4b7ee9206b48be08447852b3f0814dbc7c0f3b51541b164f1464a2725614020b?s=96&d=mm&r=g","caption":"Exc\u00e9lsior"},"url":"https:\/\/fuentesfidedignas.com.mx\/index.php\/author\/excelsior\/"}]}},"_links":{"self":[{"href":"https:\/\/fuentesfidedignas.com.mx\/index.php\/wp-json\/wp\/v2\/posts\/127840","targetHints":{"allow":["GET"]}}],"collection":[{"href":"https:\/\/fuentesfidedignas.com.mx\/index.php\/wp-json\/wp\/v2\/posts"}],"about":[{"href":"https:\/\/fuentesfidedignas.com.mx\/index.php\/wp-json\/wp\/v2\/types\/post"}],"author":[{"embeddable":true,"href":"https:\/\/fuentesfidedignas.com.mx\/index.php\/wp-json\/wp\/v2\/users\/7"}],"replies":[{"embeddable":true,"href":"https:\/\/fuentesfidedignas.com.mx\/index.php\/wp-json\/wp\/v2\/comments?post=127840"}],"version-history":[{"count":1,"href":"https:\/\/fuentesfidedignas.com.mx\/index.php\/wp-json\/wp\/v2\/posts\/127840\/revisions"}],"predecessor-version":[{"id":127842,"href":"https:\/\/fuentesfidedignas.com.mx\/index.php\/wp-json\/wp\/v2\/posts\/127840\/revisions\/127842"}],"wp:featuredmedia":[{"embeddable":true,"href":"https:\/\/fuentesfidedignas.com.mx\/index.php\/wp-json\/wp\/v2\/media\/127841"}],"wp:attachment":[{"href":"https:\/\/fuentesfidedignas.com.mx\/index.php\/wp-json\/wp\/v2\/media?parent=127840"}],"wp:term":[{"taxonomy":"category","embeddable":true,"href":"https:\/\/fuentesfidedignas.com.mx\/index.php\/wp-json\/wp\/v2\/categories?post=127840"},{"taxonomy":"post_tag","embeddable":true,"href":"https:\/\/fuentesfidedignas.com.mx\/index.php\/wp-json\/wp\/v2\/tags?post=127840"}],"curies":[{"name":"wp","href":"https:\/\/api.w.org\/{rel}","templated":true}]}}