{"id":127786,"date":"2026-02-22T11:39:19","date_gmt":"2026-02-22T18:39:19","guid":{"rendered":"https:\/\/fuentesfidedignas.com.mx\/?p=127786"},"modified":"2026-02-22T11:41:30","modified_gmt":"2026-02-22T18:41:30","slug":"127786","status":"publish","type":"post","link":"https:\/\/fuentesfidedignas.com.mx\/index.php\/2026\/02\/22\/127786\/","title":{"rendered":"\u00bfQui\u00e9n fue &#8216;El Mencho&#8217;? El capo detr\u00e1s de la expansi\u00f3n del CJNG abatido en Jalisco"},"content":{"rendered":"\n<p>Autoridades federales confirmaron que Nemesio Oseguera Cervantes, \u201cEl Mencho\u201d, fue abatido esta madrugada durante un operativo militar en Tapalpa, Jalisco, en lo que representa uno de los golpes m\u00e1s significativos al crimen organizado en a\u00f1os recientes.<\/p>\n\n\n\n<p>Nacido el 17 de julio de 1966 en Aguilla, Michoac\u00e1n, Oseguera&nbsp;se consolido como fundador y l\u00edder del C\u00e1rtel Jalisco Nueva Generaci\u00f3n (CJNG), uno de los grupos de narcotr\u00e1fico m\u00e1s poderosos y violentos de M\u00e9xico, siendo nombrado grupo terrorista por Estados Unidos recientemente.&nbsp;<\/p>\n\n\n\n<p>Bajo el mando de \u201cEl Mencho\u201d, el CJNG expandi\u00f3 su influencia territorial dentro y fuera del pa\u00eds, desarrollando operaciones criminales que incluyen tr\u00e1fico de drogas, extorsi\u00f3n, robo de combustible y violencia contra fuerzas de seguridad y bandas rivales.&nbsp;<\/p>\n\n\n\n<p class=\"fi-aic_250 fi-aic_114523\">El C\u00e1rtel Jalisco, en su cargo, pas\u00f3 de un grupo relativamente peque\u00f1o en Jalisco a convertirse en una de las estructuras criminales con mayor capacidad operativa y financiera. Este crecimiento incluy\u00f3 la disputa de rutas de tr\u00e1fico de metanfetamina y coca\u00edna con destino a Estados Unidos.<\/p>\n\n\n\n<p>De acuerdo con datos del Departamento de Seguridad de EU, se lleg\u00f3 a ofrecer una recompensa de hasta 15 millones de d\u00f3lares por informaci\u00f3n que condujera a la captura de \u201cEl Mencho\u201d, mientras que en M\u00e9xico tambi\u00e9n se le ten\u00eda como uno de los criminales m\u00e1s buscados.<\/p>\n\n\n\n<h2 class=\"wp-block-heading\" id=\"h-registran-ola-de-violencia-tras-supuesta-muerte-de-el-mencho\">Registran ola de violencia tras supuesta muerte de \u2018El Mencho\u2019<\/h2>\n\n\n\n<p>La supuesta muerte de \u201cEl Mencho\u201d se produce en medio de intensos operativos coordinados por la Secretar\u00eda de Defensa Nacional, as\u00ed como otras agencias de seguridad en la regi\u00f3n de Jalisco y alrededores, con el objetivo de desarticular al CJNG.&nbsp;<\/p>\n\n\n\n<p class=\"fi-aic_250 fi-aic_114523\">Tras el reporte del abatimiento del l\u00edder del grupo criminal, se registraron bloqueos carreteros y actos violentos en diversas entidades como reacci\u00f3n vinculados al c\u00e1rtel.&nbsp;<\/p>\n\n\n\n<p>La figura de Oseguera, caracterizada por su liderazgo agresivo y por catapultar al CJNG como una de las organizaciones m\u00e1s notorias de M\u00e9xico, deja d\u00e9cadas de violencia y retos en las estrategias de seguridad.<\/p>\n\n\n\n<h2 class=\"wp-block-heading\">\u00bfQui\u00e9n era el Mencho, l\u00edder del CJNG?<\/h2>\n\n\n\n<p>Para la Administraci\u00f3n de Control de Drogas de Estados Unidos (<strong>DEA<\/strong>, por sus siglas en ingl\u00e9s), el Mencho, no es solo era un&nbsp;<strong>narcotraficante<\/strong>, sino uno de los hombres m\u00e1s peligrosos del mundo.<\/p>\n\n\n\n<p>Desde hace a\u00f1os, su nombre encabeza las listas de los m\u00e1s buscados, con una recompensa activa de 15 millones de d\u00f3lares por informaci\u00f3n que lleve a su captura.<\/p>\n\n\n\n<p>Nacido en Michoac\u00e1n,<strong>&nbsp;Oseguera Cervantes<\/strong>&nbsp;tuvo sus inicios en el cultivo de aguacate y m\u00e1s tarde emigr\u00f3 a Estados Unidos, donde cumpli\u00f3 una condena por tr\u00e1fico de hero\u00edna en los a\u00f1os 90. Tras ser deportado a M\u00e9xico, trabaj\u00f3 como polic\u00eda local antes de integrarse al&nbsp;<strong>C\u00e1rtel del Milenio<\/strong>.<\/p>\n\n\n\n<p>Tras la fragmentaci\u00f3n de grupos criminales, &#8220;el&nbsp;<strong>Mencho<\/strong>&#8221; fund\u00f3 el&nbsp;<strong>CJNG<\/strong>. Bajo su mando, la organizaci\u00f3n pas\u00f3 de ser un grupo regional a un imperio transnacional con presencia en casi todos los estados de M\u00e9xico y en los cinco continentes.<\/p>\n\n\n\n<p>De acuerdo con los informes de la&nbsp;<strong>DEA<\/strong>, &#8220;el&nbsp;<strong>Mencho<\/strong>&#8221; ha transformado el mercado de las drogas mediante la producci\u00f3n masiva de&nbsp;<strong>fentanilo<\/strong>. La agencia lo se\u00f1ala como uno de los principales responsables del crecimiento del tr\u00e1fico de drogas sint\u00e9ticas en Estados Unidos.<\/p>\n\n\n\n<p>Adem\u00e1s, se le conoce por el uso de violencia extrema, de acuerdo con la&nbsp;<strong>DEA<\/strong>, el&nbsp;<strong>CJNG<\/strong>&nbsp;practica t\u00e1cticas paramilitares y usa drones armados para sus operaciones y para atacar a sus rivales o incluso autoridades.<\/p>\n\n\n\n<p>Seg\u00fan la DEA, el&nbsp;<strong>Mencho<\/strong>&nbsp;y el&nbsp;<strong>CJNG<\/strong>&nbsp;han establecido centros de distribuci\u00f3n clave en ciudades estadounidenses como Los \u00c1ngeles, Chicago y Atlanta.<\/p>\n","protected":false},"excerpt":{"rendered":"<p>Autoridades federales confirmaron que Nemesio Oseguera Cervantes, \u201cEl Mencho\u201d, fue abatido esta madrugada durante un operativo militar en Tapalpa, Jalisco, en lo que representa uno de los golpes m\u00e1s significativos al crimen organizado en a\u00f1os recientes. Nacido el 17 de julio de 1966 en Aguilla, Michoac\u00e1n, Oseguera&nbsp;se consolido como fundador y l\u00edder del C\u00e1rtel Jalisco [&hellip;]<\/p>\n","protected":false},"author":5,"featured_media":127785,"comment_status":"closed","ping_status":"open","sticky":false,"template":"","format":"standard","meta":{"tdm_status":"","tdm_grid_status":"","footnotes":""},"categories":[37],"tags":[],"class_list":{"0":"post-127786","1":"post","2":"type-post","3":"status-publish","4":"format-standard","5":"has-post-thumbnail","7":"category-nota-principal"},"yoast_head":"<!-- This site is optimized with the Yoast SEO plugin v27.5 - https:\/\/yoast.com\/product\/yoast-seo-wordpress\/ -->\n<title>\u00bfQui\u00e9n fue &#039;El Mencho&#039;? El capo detr\u00e1s de la expansi\u00f3n del CJNG abatido en Jalisco - Fuentes Fidedignas<\/title>\n<meta name=\"robots\" content=\"index, follow, max-snippet:-1, max-image-preview:large, max-video-preview:-1\" \/>\n<link rel=\"canonical\" href=\"https:\/\/fuentesfidedignas.com.mx\/index.php\/2026\/02\/22\/127786\/\" \/>\n<meta property=\"og:locale\" content=\"es_MX\" \/>\n<meta property=\"og:type\" content=\"article\" \/>\n<meta property=\"og:title\" content=\"\u00bfQui\u00e9n fue &#039;El Mencho&#039;? El capo detr\u00e1s de la expansi\u00f3n del CJNG abatido en Jalisco - Fuentes Fidedignas\" \/>\n<meta property=\"og:description\" content=\"Autoridades federales confirmaron que Nemesio Oseguera Cervantes, \u201cEl Mencho\u201d, fue abatido esta madrugada durante un operativo militar en Tapalpa, Jalisco, en lo que representa uno de los golpes m\u00e1s significativos al crimen organizado en a\u00f1os recientes. Nacido el 17 de julio de 1966 en Aguilla, Michoac\u00e1n, Oseguera&nbsp;se consolido como fundador y l\u00edder del C\u00e1rtel Jalisco [&hellip;]\" \/>\n<meta property=\"og:url\" content=\"https:\/\/fuentesfidedignas.com.mx\/index.php\/2026\/02\/22\/127786\/\" \/>\n<meta property=\"og:site_name\" content=\"Fuentes Fidedignas\" \/>\n<meta property=\"article:publisher\" content=\"https:\/\/www.facebook.com\/Fuentes-Fidedignas-368234489921644\" \/>\n<meta property=\"article:published_time\" content=\"2026-02-22T18:39:19+00:00\" \/>\n<meta property=\"article:modified_time\" content=\"2026-02-22T18:41:30+00:00\" \/>\n<meta property=\"og:image\" content=\"https:\/\/fuentesfidedignas.com.mx\/wp-content\/uploads\/2026\/02\/img_3171.jpg\" \/>\n\t<meta property=\"og:image:width\" content=\"345\" \/>\n\t<meta property=\"og:image:height\" content=\"195\" \/>\n\t<meta property=\"og:image:type\" content=\"image\/jpeg\" \/>\n<meta name=\"author\" content=\"Forbes\" \/>\n<meta name=\"twitter:card\" content=\"summary_large_image\" \/>\n<meta name=\"twitter:creator\" content=\"@fidedignas\" \/>\n<meta name=\"twitter:site\" content=\"@fidedignas\" \/>\n<meta name=\"twitter:label1\" content=\"Escrito por\" \/>\n\t<meta name=\"twitter:data1\" content=\"Forbes\" \/>\n\t<meta name=\"twitter:label2\" content=\"Tiempo de lectura\" \/>\n\t<meta name=\"twitter:data2\" content=\"3 minutos\" \/>\n<script type=\"application\/ld+json\" class=\"yoast-schema-graph\">{\"@context\":\"https:\\\/\\\/schema.org\",\"@graph\":[{\"@type\":\"Article\",\"@id\":\"https:\\\/\\\/fuentesfidedignas.com.mx\\\/index.php\\\/2026\\\/02\\\/22\\\/127786\\\/#article\",\"isPartOf\":{\"@id\":\"https:\\\/\\\/fuentesfidedignas.com.mx\\\/index.php\\\/2026\\\/02\\\/22\\\/127786\\\/\"},\"author\":{\"name\":\"Forbes\",\"@id\":\"https:\\\/\\\/fuentesfidedignas.com.mx\\\/#\\\/schema\\\/person\\\/5623d53fe2e579d825b1679734abcc44\"},\"headline\":\"\u00bfQui\u00e9n fue &#8216;El Mencho&#8217;? El capo detr\u00e1s de la expansi\u00f3n del CJNG abatido en Jalisco\",\"datePublished\":\"2026-02-22T18:39:19+00:00\",\"dateModified\":\"2026-02-22T18:41:30+00:00\",\"mainEntityOfPage\":{\"@id\":\"https:\\\/\\\/fuentesfidedignas.com.mx\\\/index.php\\\/2026\\\/02\\\/22\\\/127786\\\/\"},\"wordCount\":669,\"publisher\":{\"@id\":\"https:\\\/\\\/fuentesfidedignas.com.mx\\\/#organization\"},\"image\":{\"@id\":\"https:\\\/\\\/fuentesfidedignas.com.mx\\\/index.php\\\/2026\\\/02\\\/22\\\/127786\\\/#primaryimage\"},\"thumbnailUrl\":\"https:\\\/\\\/fuentesfidedignas.com.mx\\\/wp-content\\\/uploads\\\/2026\\\/02\\\/img_3171.jpg\",\"articleSection\":[\"NOTA PRINCIPAL\"],\"inLanguage\":\"es\"},{\"@type\":\"WebPage\",\"@id\":\"https:\\\/\\\/fuentesfidedignas.com.mx\\\/index.php\\\/2026\\\/02\\\/22\\\/127786\\\/\",\"url\":\"https:\\\/\\\/fuentesfidedignas.com.mx\\\/index.php\\\/2026\\\/02\\\/22\\\/127786\\\/\",\"name\":\"\u00bfQui\u00e9n fue 'El Mencho'? El capo detr\u00e1s de la expansi\u00f3n del CJNG abatido en Jalisco - Fuentes Fidedignas\",\"isPartOf\":{\"@id\":\"https:\\\/\\\/fuentesfidedignas.com.mx\\\/#website\"},\"primaryImageOfPage\":{\"@id\":\"https:\\\/\\\/fuentesfidedignas.com.mx\\\/index.php\\\/2026\\\/02\\\/22\\\/127786\\\/#primaryimage\"},\"image\":{\"@id\":\"https:\\\/\\\/fuentesfidedignas.com.mx\\\/index.php\\\/2026\\\/02\\\/22\\\/127786\\\/#primaryimage\"},\"thumbnailUrl\":\"https:\\\/\\\/fuentesfidedignas.com.mx\\\/wp-content\\\/uploads\\\/2026\\\/02\\\/img_3171.jpg\",\"datePublished\":\"2026-02-22T18:39:19+00:00\",\"dateModified\":\"2026-02-22T18:41:30+00:00\",\"breadcrumb\":{\"@id\":\"https:\\\/\\\/fuentesfidedignas.com.mx\\\/index.php\\\/2026\\\/02\\\/22\\\/127786\\\/#breadcrumb\"},\"inLanguage\":\"es\",\"potentialAction\":[{\"@type\":\"ReadAction\",\"target\":[\"https:\\\/\\\/fuentesfidedignas.com.mx\\\/index.php\\\/2026\\\/02\\\/22\\\/127786\\\/\"]}]},{\"@type\":\"ImageObject\",\"inLanguage\":\"es\",\"@id\":\"https:\\\/\\\/fuentesfidedignas.com.mx\\\/index.php\\\/2026\\\/02\\\/22\\\/127786\\\/#primaryimage\",\"url\":\"https:\\\/\\\/fuentesfidedignas.com.mx\\\/wp-content\\\/uploads\\\/2026\\\/02\\\/img_3171.jpg\",\"contentUrl\":\"https:\\\/\\\/fuentesfidedignas.com.mx\\\/wp-content\\\/uploads\\\/2026\\\/02\\\/img_3171.jpg\",\"width\":345,\"height\":195},{\"@type\":\"BreadcrumbList\",\"@id\":\"https:\\\/\\\/fuentesfidedignas.com.mx\\\/index.php\\\/2026\\\/02\\\/22\\\/127786\\\/#breadcrumb\",\"itemListElement\":[{\"@type\":\"ListItem\",\"position\":1,\"name\":\"Inicio\",\"item\":\"https:\\\/\\\/fuentesfidedignas.com.mx\\\/\"},{\"@type\":\"ListItem\",\"position\":2,\"name\":\"\u00bfQui\u00e9n fue &#8216;El Mencho&#8217;? El capo detr\u00e1s de la expansi\u00f3n del CJNG abatido en Jalisco\"}]},{\"@type\":\"WebSite\",\"@id\":\"https:\\\/\\\/fuentesfidedignas.com.mx\\\/#website\",\"url\":\"https:\\\/\\\/fuentesfidedignas.com.mx\\\/\",\"name\":\"Fuentes Fidedignas\",\"description\":\"Otro sitio realizado con WordPress\",\"publisher\":{\"@id\":\"https:\\\/\\\/fuentesfidedignas.com.mx\\\/#organization\"},\"potentialAction\":[{\"@type\":\"SearchAction\",\"target\":{\"@type\":\"EntryPoint\",\"urlTemplate\":\"https:\\\/\\\/fuentesfidedignas.com.mx\\\/?s={search_term_string}\"},\"query-input\":{\"@type\":\"PropertyValueSpecification\",\"valueRequired\":true,\"valueName\":\"search_term_string\"}}],\"inLanguage\":\"es\"},{\"@type\":\"Organization\",\"@id\":\"https:\\\/\\\/fuentesfidedignas.com.mx\\\/#organization\",\"name\":\"Fuentes Fidedignas\",\"url\":\"https:\\\/\\\/fuentesfidedignas.com.mx\\\/\",\"logo\":{\"@type\":\"ImageObject\",\"inLanguage\":\"es\",\"@id\":\"https:\\\/\\\/fuentesfidedignas.com.mx\\\/#\\\/schema\\\/logo\\\/image\\\/\",\"url\":\"https:\\\/\\\/fuentesfidedignas.com.mx\\\/wp-content\\\/uploads\\\/2021\\\/04\\\/logo-retina.png\",\"contentUrl\":\"https:\\\/\\\/fuentesfidedignas.com.mx\\\/wp-content\\\/uploads\\\/2021\\\/04\\\/logo-retina.png\",\"width\":280,\"height\":51,\"caption\":\"Fuentes Fidedignas\"},\"image\":{\"@id\":\"https:\\\/\\\/fuentesfidedignas.com.mx\\\/#\\\/schema\\\/logo\\\/image\\\/\"},\"sameAs\":[\"https:\\\/\\\/www.facebook.com\\\/Fuentes-Fidedignas-368234489921644\",\"https:\\\/\\\/x.com\\\/fidedignas\"]},{\"@type\":\"Person\",\"@id\":\"https:\\\/\\\/fuentesfidedignas.com.mx\\\/#\\\/schema\\\/person\\\/5623d53fe2e579d825b1679734abcc44\",\"name\":\"Forbes\",\"image\":{\"@type\":\"ImageObject\",\"inLanguage\":\"es\",\"@id\":\"https:\\\/\\\/secure.gravatar.com\\\/avatar\\\/87ce3dd4e41e60c22a79c758614f01a6bc2469255fc936ec7b15efb9bb5cb66f?s=96&d=mm&r=g\",\"url\":\"https:\\\/\\\/secure.gravatar.com\\\/avatar\\\/87ce3dd4e41e60c22a79c758614f01a6bc2469255fc936ec7b15efb9bb5cb66f?s=96&d=mm&r=g\",\"contentUrl\":\"https:\\\/\\\/secure.gravatar.com\\\/avatar\\\/87ce3dd4e41e60c22a79c758614f01a6bc2469255fc936ec7b15efb9bb5cb66f?s=96&d=mm&r=g\",\"caption\":\"Forbes\"},\"url\":\"https:\\\/\\\/fuentesfidedignas.com.mx\\\/index.php\\\/author\\\/forbes\\\/\"}]}<\/script>\n<!-- \/ Yoast SEO plugin. -->","yoast_head_json":{"title":"\u00bfQui\u00e9n fue 'El Mencho'? El capo detr\u00e1s de la expansi\u00f3n del CJNG abatido en Jalisco - Fuentes Fidedignas","robots":{"index":"index","follow":"follow","max-snippet":"max-snippet:-1","max-image-preview":"max-image-preview:large","max-video-preview":"max-video-preview:-1"},"canonical":"https:\/\/fuentesfidedignas.com.mx\/index.php\/2026\/02\/22\/127786\/","og_locale":"es_MX","og_type":"article","og_title":"\u00bfQui\u00e9n fue 'El Mencho'? El capo detr\u00e1s de la expansi\u00f3n del CJNG abatido en Jalisco - Fuentes Fidedignas","og_description":"Autoridades federales confirmaron que Nemesio Oseguera Cervantes, \u201cEl Mencho\u201d, fue abatido esta madrugada durante un operativo militar en Tapalpa, Jalisco, en lo que representa uno de los golpes m\u00e1s significativos al crimen organizado en a\u00f1os recientes. Nacido el 17 de julio de 1966 en Aguilla, Michoac\u00e1n, Oseguera&nbsp;se consolido como fundador y l\u00edder del C\u00e1rtel Jalisco [&hellip;]","og_url":"https:\/\/fuentesfidedignas.com.mx\/index.php\/2026\/02\/22\/127786\/","og_site_name":"Fuentes Fidedignas","article_publisher":"https:\/\/www.facebook.com\/Fuentes-Fidedignas-368234489921644","article_published_time":"2026-02-22T18:39:19+00:00","article_modified_time":"2026-02-22T18:41:30+00:00","og_image":[{"width":345,"height":195,"url":"https:\/\/fuentesfidedignas.com.mx\/wp-content\/uploads\/2026\/02\/img_3171.jpg","type":"image\/jpeg"}],"author":"Forbes","twitter_card":"summary_large_image","twitter_creator":"@fidedignas","twitter_site":"@fidedignas","twitter_misc":{"Escrito por":"Forbes","Tiempo de lectura":"3 minutos"},"schema":{"@context":"https:\/\/schema.org","@graph":[{"@type":"Article","@id":"https:\/\/fuentesfidedignas.com.mx\/index.php\/2026\/02\/22\/127786\/#article","isPartOf":{"@id":"https:\/\/fuentesfidedignas.com.mx\/index.php\/2026\/02\/22\/127786\/"},"author":{"name":"Forbes","@id":"https:\/\/fuentesfidedignas.com.mx\/#\/schema\/person\/5623d53fe2e579d825b1679734abcc44"},"headline":"\u00bfQui\u00e9n fue &#8216;El Mencho&#8217;? El capo detr\u00e1s de la expansi\u00f3n del CJNG abatido en Jalisco","datePublished":"2026-02-22T18:39:19+00:00","dateModified":"2026-02-22T18:41:30+00:00","mainEntityOfPage":{"@id":"https:\/\/fuentesfidedignas.com.mx\/index.php\/2026\/02\/22\/127786\/"},"wordCount":669,"publisher":{"@id":"https:\/\/fuentesfidedignas.com.mx\/#organization"},"image":{"@id":"https:\/\/fuentesfidedignas.com.mx\/index.php\/2026\/02\/22\/127786\/#primaryimage"},"thumbnailUrl":"https:\/\/fuentesfidedignas.com.mx\/wp-content\/uploads\/2026\/02\/img_3171.jpg","articleSection":["NOTA PRINCIPAL"],"inLanguage":"es"},{"@type":"WebPage","@id":"https:\/\/fuentesfidedignas.com.mx\/index.php\/2026\/02\/22\/127786\/","url":"https:\/\/fuentesfidedignas.com.mx\/index.php\/2026\/02\/22\/127786\/","name":"\u00bfQui\u00e9n fue 'El Mencho'? El capo detr\u00e1s de la expansi\u00f3n del CJNG abatido en Jalisco - Fuentes Fidedignas","isPartOf":{"@id":"https:\/\/fuentesfidedignas.com.mx\/#website"},"primaryImageOfPage":{"@id":"https:\/\/fuentesfidedignas.com.mx\/index.php\/2026\/02\/22\/127786\/#primaryimage"},"image":{"@id":"https:\/\/fuentesfidedignas.com.mx\/index.php\/2026\/02\/22\/127786\/#primaryimage"},"thumbnailUrl":"https:\/\/fuentesfidedignas.com.mx\/wp-content\/uploads\/2026\/02\/img_3171.jpg","datePublished":"2026-02-22T18:39:19+00:00","dateModified":"2026-02-22T18:41:30+00:00","breadcrumb":{"@id":"https:\/\/fuentesfidedignas.com.mx\/index.php\/2026\/02\/22\/127786\/#breadcrumb"},"inLanguage":"es","potentialAction":[{"@type":"ReadAction","target":["https:\/\/fuentesfidedignas.com.mx\/index.php\/2026\/02\/22\/127786\/"]}]},{"@type":"ImageObject","inLanguage":"es","@id":"https:\/\/fuentesfidedignas.com.mx\/index.php\/2026\/02\/22\/127786\/#primaryimage","url":"https:\/\/fuentesfidedignas.com.mx\/wp-content\/uploads\/2026\/02\/img_3171.jpg","contentUrl":"https:\/\/fuentesfidedignas.com.mx\/wp-content\/uploads\/2026\/02\/img_3171.jpg","width":345,"height":195},{"@type":"BreadcrumbList","@id":"https:\/\/fuentesfidedignas.com.mx\/index.php\/2026\/02\/22\/127786\/#breadcrumb","itemListElement":[{"@type":"ListItem","position":1,"name":"Inicio","item":"https:\/\/fuentesfidedignas.com.mx\/"},{"@type":"ListItem","position":2,"name":"\u00bfQui\u00e9n fue &#8216;El Mencho&#8217;? El capo detr\u00e1s de la expansi\u00f3n del CJNG abatido en Jalisco"}]},{"@type":"WebSite","@id":"https:\/\/fuentesfidedignas.com.mx\/#website","url":"https:\/\/fuentesfidedignas.com.mx\/","name":"Fuentes Fidedignas","description":"Otro sitio realizado con WordPress","publisher":{"@id":"https:\/\/fuentesfidedignas.com.mx\/#organization"},"potentialAction":[{"@type":"SearchAction","target":{"@type":"EntryPoint","urlTemplate":"https:\/\/fuentesfidedignas.com.mx\/?s={search_term_string}"},"query-input":{"@type":"PropertyValueSpecification","valueRequired":true,"valueName":"search_term_string"}}],"inLanguage":"es"},{"@type":"Organization","@id":"https:\/\/fuentesfidedignas.com.mx\/#organization","name":"Fuentes Fidedignas","url":"https:\/\/fuentesfidedignas.com.mx\/","logo":{"@type":"ImageObject","inLanguage":"es","@id":"https:\/\/fuentesfidedignas.com.mx\/#\/schema\/logo\/image\/","url":"https:\/\/fuentesfidedignas.com.mx\/wp-content\/uploads\/2021\/04\/logo-retina.png","contentUrl":"https:\/\/fuentesfidedignas.com.mx\/wp-content\/uploads\/2021\/04\/logo-retina.png","width":280,"height":51,"caption":"Fuentes Fidedignas"},"image":{"@id":"https:\/\/fuentesfidedignas.com.mx\/#\/schema\/logo\/image\/"},"sameAs":["https:\/\/www.facebook.com\/Fuentes-Fidedignas-368234489921644","https:\/\/x.com\/fidedignas"]},{"@type":"Person","@id":"https:\/\/fuentesfidedignas.com.mx\/#\/schema\/person\/5623d53fe2e579d825b1679734abcc44","name":"Forbes","image":{"@type":"ImageObject","inLanguage":"es","@id":"https:\/\/secure.gravatar.com\/avatar\/87ce3dd4e41e60c22a79c758614f01a6bc2469255fc936ec7b15efb9bb5cb66f?s=96&d=mm&r=g","url":"https:\/\/secure.gravatar.com\/avatar\/87ce3dd4e41e60c22a79c758614f01a6bc2469255fc936ec7b15efb9bb5cb66f?s=96&d=mm&r=g","contentUrl":"https:\/\/secure.gravatar.com\/avatar\/87ce3dd4e41e60c22a79c758614f01a6bc2469255fc936ec7b15efb9bb5cb66f?s=96&d=mm&r=g","caption":"Forbes"},"url":"https:\/\/fuentesfidedignas.com.mx\/index.php\/author\/forbes\/"}]}},"_links":{"self":[{"href":"https:\/\/fuentesfidedignas.com.mx\/index.php\/wp-json\/wp\/v2\/posts\/127786","targetHints":{"allow":["GET"]}}],"collection":[{"href":"https:\/\/fuentesfidedignas.com.mx\/index.php\/wp-json\/wp\/v2\/posts"}],"about":[{"href":"https:\/\/fuentesfidedignas.com.mx\/index.php\/wp-json\/wp\/v2\/types\/post"}],"author":[{"embeddable":true,"href":"https:\/\/fuentesfidedignas.com.mx\/index.php\/wp-json\/wp\/v2\/users\/5"}],"replies":[{"embeddable":true,"href":"https:\/\/fuentesfidedignas.com.mx\/index.php\/wp-json\/wp\/v2\/comments?post=127786"}],"version-history":[{"count":3,"href":"https:\/\/fuentesfidedignas.com.mx\/index.php\/wp-json\/wp\/v2\/posts\/127786\/revisions"}],"predecessor-version":[{"id":127789,"href":"https:\/\/fuentesfidedignas.com.mx\/index.php\/wp-json\/wp\/v2\/posts\/127786\/revisions\/127789"}],"wp:featuredmedia":[{"embeddable":true,"href":"https:\/\/fuentesfidedignas.com.mx\/index.php\/wp-json\/wp\/v2\/media\/127785"}],"wp:attachment":[{"href":"https:\/\/fuentesfidedignas.com.mx\/index.php\/wp-json\/wp\/v2\/media?parent=127786"}],"wp:term":[{"taxonomy":"category","embeddable":true,"href":"https:\/\/fuentesfidedignas.com.mx\/index.php\/wp-json\/wp\/v2\/categories?post=127786"},{"taxonomy":"post_tag","embeddable":true,"href":"https:\/\/fuentesfidedignas.com.mx\/index.php\/wp-json\/wp\/v2\/tags?post=127786"}],"curies":[{"name":"wp","href":"https:\/\/api.w.org\/{rel}","templated":true}]}}