{"id":127679,"date":"2026-02-20T11:26:38","date_gmt":"2026-02-20T18:26:38","guid":{"rendered":"https:\/\/fuentesfidedignas.com.mx\/?p=127679"},"modified":"2026-02-20T11:26:47","modified_gmt":"2026-02-20T18:26:47","slug":"trump-dice-que-fallo-de-corte-suprema-sobre-aranceles-es-una-verguenza","status":"publish","type":"post","link":"https:\/\/fuentesfidedignas.com.mx\/index.php\/2026\/02\/20\/trump-dice-que-fallo-de-corte-suprema-sobre-aranceles-es-una-verguenza\/","title":{"rendered":"Trump dice que fallo de Corte Suprema sobre aranceles es una &#8220;verg\u00fcenza&#8221;"},"content":{"rendered":"\n<p><strong><em>Trump calific\u00f3 de \u201cverg\u00fcenza\u201d el fallo de la Corte Suprema sobre aranceles; la UE pide estabilidad y di\u00e1logo en las relaciones comerciales. <\/em><\/strong><\/p>\n\n\n\n<p>El presidente de Estados Unidos, Donald Trump, calific\u00f3 como una \u201cverg\u00fcenza\u201d la reciente decisi\u00f3n de la Corte Suprema que anul\u00f3 su pol\u00edtica de aranceles globales. Tras el fallo, Trump asegur\u00f3 que cuenta con un plan alternativo para responder a la sentencia, aunque no ofreci\u00f3 detalles sobre las medidas que pretende implementar.<\/p>\n\n\n\n<p>La Uni\u00f3n Europea reaccion\u00f3 con cautela al dictamen del tribunal estadounidense. Un portavoz del bloque se\u00f1al\u00f3 que la decisi\u00f3n est\u00e1 siendo analizada detenidamente y que se mantiene un di\u00e1logo estrecho con la administraci\u00f3n de Washington para conocer las acciones que se tomar\u00e1n en adelante.<\/p>\n\n\n\n<p>El vocero subray\u00f3 que las empresas de ambos lados del Atl\u00e1ntico dependen de la estabilidad y previsibilidad en las relaciones comerciales, por lo que la UE seguir\u00e1 defendiendo la reducci\u00f3n de aranceles y la promoci\u00f3n de un comercio m\u00e1s abierto.<\/p>\n\n\n\n<p>El fallo de la Corte Suprema limita la capacidad del presidente para imponer grav\u00e1menes de manera unilateral, lo que podr\u00eda modificar la estrategia comercial de Estados Unidos y su relaci\u00f3n con socios internacionales. La reacci\u00f3n de Trump y la postura de la Uni\u00f3n Europea reflejan la tensi\u00f3n que genera la medida en el \u00e1mbito econ\u00f3mico y diplom\u00e1tico.<\/p>\n\n\n\n<p>Corte Suprema de Estados Unidos abre camino a reembolsos por aranceles de Trump<br>La Corte Suprema de Estados Unidos anul\u00f3 los aranceles de emergencia impuestos por la Casa Blanca durante la administraci\u00f3n de Donald Trump, al determinar que el presidente no pod\u00eda recurrir a la Ley de Poderes Econ\u00f3micos de Emergencia Internacional de 1977 para establecer grav\u00e1menes generales a las importaciones.<\/p>\n\n\n\n<p>El fallo representa una victoria para miles de empresas que durante a\u00f1os se vieron afectadas por los costos adicionales derivados de la pol\u00edtica arancelaria. Ahora se abre el proceso para solicitar reembolsos, que podr\u00edan superar los 175.000 millones de d\u00f3lares, seg\u00fan estimaciones del Penn-Wharton Budget Model.<\/p>\n\n\n\n<p>Tras conocerse la sentencia, los mercados burs\u00e1tiles en Estados Unidos y Europa registraron alzas, especialmente en las acciones de compa\u00f1\u00edas que hab\u00edan sido golpeadas por los aranceles. Entre ellas destacan las firmas de lujo europeas LVMH, Herm\u00e8s y Moncler, adem\u00e1s de empresas de bienes de consumo, automotrices y de confecci\u00f3n que dependen de la producci\u00f3n en pa\u00edses como China, Vietnam e India.<\/p>\n\n\n\n<p><strong>Demandas en curso<\/strong><br>Desde abril se han presentado m\u00e1s de 1.800 demandas relacionadas con los aranceles ante el Tribunal de Comercio Internacional de Estados Unidos, un aumento significativo frente a las menos de dos decenas registradas en todo 2024. Entre los demandantes figuran Toyota, Costco, Goodyear, Alcoa, Kawasaki Motors y EssilorLuxottica.<\/p>\n\n\n\n<p>Abogados especializados advierten que el proceso de reembolso ser\u00e1 complejo, ya que las empresas deber\u00e1n recopilar datos detallados sobre las importaciones y los distintos reg\u00edmenes arancelarios aplicados en diferentes per\u00edodos. Como se\u00f1al\u00f3 Nabeel Yousef, socio del bufete Freshfields, \u201cno es que el lunes las empresas vayan a empezar a recibir cheques por correo\u201d. <\/p>\n","protected":false},"excerpt":{"rendered":"<p>Trump calific\u00f3 de \u201cverg\u00fcenza\u201d el fallo de la Corte Suprema sobre aranceles; la UE pide estabilidad y di\u00e1logo en las relaciones comerciales. El presidente de Estados Unidos, Donald Trump, calific\u00f3 como una \u201cverg\u00fcenza\u201d la reciente decisi\u00f3n de la Corte Suprema que anul\u00f3 su pol\u00edtica de aranceles globales. Tras el fallo, Trump asegur\u00f3 que cuenta con [&hellip;]<\/p>\n","protected":false},"author":7,"featured_media":116736,"comment_status":"open","ping_status":"open","sticky":false,"template":"","format":"standard","meta":{"tdm_status":"","tdm_grid_status":"","footnotes":""},"categories":[39],"tags":[],"class_list":{"0":"post-127679","1":"post","2":"type-post","3":"status-publish","4":"format-standard","5":"has-post-thumbnail","7":"category-noticias-nacionales"},"yoast_head":"<!-- This site is optimized with the Yoast SEO plugin v27.5 - https:\/\/yoast.com\/product\/yoast-seo-wordpress\/ -->\n<title>Trump dice que fallo de Corte Suprema sobre aranceles es una &quot;verg\u00fcenza&quot; - Fuentes Fidedignas<\/title>\n<meta name=\"robots\" content=\"index, follow, max-snippet:-1, max-image-preview:large, max-video-preview:-1\" \/>\n<link rel=\"canonical\" href=\"https:\/\/fuentesfidedignas.com.mx\/index.php\/2026\/02\/20\/trump-dice-que-fallo-de-corte-suprema-sobre-aranceles-es-una-verguenza\/\" \/>\n<meta property=\"og:locale\" content=\"es_MX\" \/>\n<meta property=\"og:type\" content=\"article\" \/>\n<meta property=\"og:title\" content=\"Trump dice que fallo de Corte Suprema sobre aranceles es una &quot;verg\u00fcenza&quot; - Fuentes Fidedignas\" \/>\n<meta property=\"og:description\" content=\"Trump calific\u00f3 de \u201cverg\u00fcenza\u201d el fallo de la Corte Suprema sobre aranceles; la UE pide estabilidad y di\u00e1logo en las relaciones comerciales. El presidente de Estados Unidos, Donald Trump, calific\u00f3 como una \u201cverg\u00fcenza\u201d la reciente decisi\u00f3n de la Corte Suprema que anul\u00f3 su pol\u00edtica de aranceles globales. Tras el fallo, Trump asegur\u00f3 que cuenta con [&hellip;]\" \/>\n<meta property=\"og:url\" content=\"https:\/\/fuentesfidedignas.com.mx\/index.php\/2026\/02\/20\/trump-dice-que-fallo-de-corte-suprema-sobre-aranceles-es-una-verguenza\/\" \/>\n<meta property=\"og:site_name\" content=\"Fuentes Fidedignas\" \/>\n<meta property=\"article:publisher\" content=\"https:\/\/www.facebook.com\/Fuentes-Fidedignas-368234489921644\" \/>\n<meta property=\"article:published_time\" content=\"2026-02-20T18:26:38+00:00\" \/>\n<meta property=\"article:modified_time\" content=\"2026-02-20T18:26:47+00:00\" \/>\n<meta property=\"og:image\" content=\"https:\/\/fuentesfidedignas.com.mx\/wp-content\/uploads\/2025\/09\/trump_acuerdo.jpg\" \/>\n\t<meta property=\"og:image:width\" content=\"500\" \/>\n\t<meta property=\"og:image:height\" content=\"316\" \/>\n\t<meta property=\"og:image:type\" content=\"image\/jpeg\" \/>\n<meta name=\"author\" content=\"Exc\u00e9lsior\" \/>\n<meta name=\"twitter:card\" content=\"summary_large_image\" \/>\n<meta name=\"twitter:creator\" content=\"@fidedignas\" \/>\n<meta name=\"twitter:site\" content=\"@fidedignas\" \/>\n<meta name=\"twitter:label1\" content=\"Escrito por\" \/>\n\t<meta name=\"twitter:data1\" content=\"Exc\u00e9lsior\" \/>\n\t<meta name=\"twitter:label2\" content=\"Tiempo de lectura\" \/>\n\t<meta name=\"twitter:data2\" content=\"3 minutos\" \/>\n<script type=\"application\/ld+json\" class=\"yoast-schema-graph\">{\"@context\":\"https:\\\/\\\/schema.org\",\"@graph\":[{\"@type\":\"Article\",\"@id\":\"https:\\\/\\\/fuentesfidedignas.com.mx\\\/index.php\\\/2026\\\/02\\\/20\\\/trump-dice-que-fallo-de-corte-suprema-sobre-aranceles-es-una-verguenza\\\/#article\",\"isPartOf\":{\"@id\":\"https:\\\/\\\/fuentesfidedignas.com.mx\\\/index.php\\\/2026\\\/02\\\/20\\\/trump-dice-que-fallo-de-corte-suprema-sobre-aranceles-es-una-verguenza\\\/\"},\"author\":{\"name\":\"Exc\u00e9lsior\",\"@id\":\"https:\\\/\\\/fuentesfidedignas.com.mx\\\/#\\\/schema\\\/person\\\/ec4edd1fbf5efa3e44fce34fe2787780\"},\"headline\":\"Trump dice que fallo de Corte Suprema sobre aranceles es una &#8220;verg\u00fcenza&#8221;\",\"datePublished\":\"2026-02-20T18:26:38+00:00\",\"dateModified\":\"2026-02-20T18:26:47+00:00\",\"mainEntityOfPage\":{\"@id\":\"https:\\\/\\\/fuentesfidedignas.com.mx\\\/index.php\\\/2026\\\/02\\\/20\\\/trump-dice-que-fallo-de-corte-suprema-sobre-aranceles-es-una-verguenza\\\/\"},\"wordCount\":540,\"commentCount\":0,\"publisher\":{\"@id\":\"https:\\\/\\\/fuentesfidedignas.com.mx\\\/#organization\"},\"image\":{\"@id\":\"https:\\\/\\\/fuentesfidedignas.com.mx\\\/index.php\\\/2026\\\/02\\\/20\\\/trump-dice-que-fallo-de-corte-suprema-sobre-aranceles-es-una-verguenza\\\/#primaryimage\"},\"thumbnailUrl\":\"https:\\\/\\\/fuentesfidedignas.com.mx\\\/wp-content\\\/uploads\\\/2025\\\/09\\\/trump_acuerdo.jpg\",\"articleSection\":[\"NOTICIAS NACIONALES\"],\"inLanguage\":\"es\",\"potentialAction\":[{\"@type\":\"CommentAction\",\"name\":\"Comment\",\"target\":[\"https:\\\/\\\/fuentesfidedignas.com.mx\\\/index.php\\\/2026\\\/02\\\/20\\\/trump-dice-que-fallo-de-corte-suprema-sobre-aranceles-es-una-verguenza\\\/#respond\"]}]},{\"@type\":\"WebPage\",\"@id\":\"https:\\\/\\\/fuentesfidedignas.com.mx\\\/index.php\\\/2026\\\/02\\\/20\\\/trump-dice-que-fallo-de-corte-suprema-sobre-aranceles-es-una-verguenza\\\/\",\"url\":\"https:\\\/\\\/fuentesfidedignas.com.mx\\\/index.php\\\/2026\\\/02\\\/20\\\/trump-dice-que-fallo-de-corte-suprema-sobre-aranceles-es-una-verguenza\\\/\",\"name\":\"Trump dice que fallo de Corte Suprema sobre aranceles es una \\\"verg\u00fcenza\\\" - Fuentes Fidedignas\",\"isPartOf\":{\"@id\":\"https:\\\/\\\/fuentesfidedignas.com.mx\\\/#website\"},\"primaryImageOfPage\":{\"@id\":\"https:\\\/\\\/fuentesfidedignas.com.mx\\\/index.php\\\/2026\\\/02\\\/20\\\/trump-dice-que-fallo-de-corte-suprema-sobre-aranceles-es-una-verguenza\\\/#primaryimage\"},\"image\":{\"@id\":\"https:\\\/\\\/fuentesfidedignas.com.mx\\\/index.php\\\/2026\\\/02\\\/20\\\/trump-dice-que-fallo-de-corte-suprema-sobre-aranceles-es-una-verguenza\\\/#primaryimage\"},\"thumbnailUrl\":\"https:\\\/\\\/fuentesfidedignas.com.mx\\\/wp-content\\\/uploads\\\/2025\\\/09\\\/trump_acuerdo.jpg\",\"datePublished\":\"2026-02-20T18:26:38+00:00\",\"dateModified\":\"2026-02-20T18:26:47+00:00\",\"breadcrumb\":{\"@id\":\"https:\\\/\\\/fuentesfidedignas.com.mx\\\/index.php\\\/2026\\\/02\\\/20\\\/trump-dice-que-fallo-de-corte-suprema-sobre-aranceles-es-una-verguenza\\\/#breadcrumb\"},\"inLanguage\":\"es\",\"potentialAction\":[{\"@type\":\"ReadAction\",\"target\":[\"https:\\\/\\\/fuentesfidedignas.com.mx\\\/index.php\\\/2026\\\/02\\\/20\\\/trump-dice-que-fallo-de-corte-suprema-sobre-aranceles-es-una-verguenza\\\/\"]}]},{\"@type\":\"ImageObject\",\"inLanguage\":\"es\",\"@id\":\"https:\\\/\\\/fuentesfidedignas.com.mx\\\/index.php\\\/2026\\\/02\\\/20\\\/trump-dice-que-fallo-de-corte-suprema-sobre-aranceles-es-una-verguenza\\\/#primaryimage\",\"url\":\"https:\\\/\\\/fuentesfidedignas.com.mx\\\/wp-content\\\/uploads\\\/2025\\\/09\\\/trump_acuerdo.jpg\",\"contentUrl\":\"https:\\\/\\\/fuentesfidedignas.com.mx\\\/wp-content\\\/uploads\\\/2025\\\/09\\\/trump_acuerdo.jpg\",\"width\":500,\"height\":316},{\"@type\":\"BreadcrumbList\",\"@id\":\"https:\\\/\\\/fuentesfidedignas.com.mx\\\/index.php\\\/2026\\\/02\\\/20\\\/trump-dice-que-fallo-de-corte-suprema-sobre-aranceles-es-una-verguenza\\\/#breadcrumb\",\"itemListElement\":[{\"@type\":\"ListItem\",\"position\":1,\"name\":\"Inicio\",\"item\":\"https:\\\/\\\/fuentesfidedignas.com.mx\\\/\"},{\"@type\":\"ListItem\",\"position\":2,\"name\":\"Trump dice que fallo de Corte Suprema sobre aranceles es una &#8220;verg\u00fcenza&#8221;\"}]},{\"@type\":\"WebSite\",\"@id\":\"https:\\\/\\\/fuentesfidedignas.com.mx\\\/#website\",\"url\":\"https:\\\/\\\/fuentesfidedignas.com.mx\\\/\",\"name\":\"Fuentes Fidedignas\",\"description\":\"Otro sitio realizado con WordPress\",\"publisher\":{\"@id\":\"https:\\\/\\\/fuentesfidedignas.com.mx\\\/#organization\"},\"potentialAction\":[{\"@type\":\"SearchAction\",\"target\":{\"@type\":\"EntryPoint\",\"urlTemplate\":\"https:\\\/\\\/fuentesfidedignas.com.mx\\\/?s={search_term_string}\"},\"query-input\":{\"@type\":\"PropertyValueSpecification\",\"valueRequired\":true,\"valueName\":\"search_term_string\"}}],\"inLanguage\":\"es\"},{\"@type\":\"Organization\",\"@id\":\"https:\\\/\\\/fuentesfidedignas.com.mx\\\/#organization\",\"name\":\"Fuentes Fidedignas\",\"url\":\"https:\\\/\\\/fuentesfidedignas.com.mx\\\/\",\"logo\":{\"@type\":\"ImageObject\",\"inLanguage\":\"es\",\"@id\":\"https:\\\/\\\/fuentesfidedignas.com.mx\\\/#\\\/schema\\\/logo\\\/image\\\/\",\"url\":\"https:\\\/\\\/fuentesfidedignas.com.mx\\\/wp-content\\\/uploads\\\/2021\\\/04\\\/logo-retina.png\",\"contentUrl\":\"https:\\\/\\\/fuentesfidedignas.com.mx\\\/wp-content\\\/uploads\\\/2021\\\/04\\\/logo-retina.png\",\"width\":280,\"height\":51,\"caption\":\"Fuentes Fidedignas\"},\"image\":{\"@id\":\"https:\\\/\\\/fuentesfidedignas.com.mx\\\/#\\\/schema\\\/logo\\\/image\\\/\"},\"sameAs\":[\"https:\\\/\\\/www.facebook.com\\\/Fuentes-Fidedignas-368234489921644\",\"https:\\\/\\\/x.com\\\/fidedignas\"]},{\"@type\":\"Person\",\"@id\":\"https:\\\/\\\/fuentesfidedignas.com.mx\\\/#\\\/schema\\\/person\\\/ec4edd1fbf5efa3e44fce34fe2787780\",\"name\":\"Exc\u00e9lsior\",\"image\":{\"@type\":\"ImageObject\",\"inLanguage\":\"es\",\"@id\":\"https:\\\/\\\/secure.gravatar.com\\\/avatar\\\/4b7ee9206b48be08447852b3f0814dbc7c0f3b51541b164f1464a2725614020b?s=96&d=mm&r=g\",\"url\":\"https:\\\/\\\/secure.gravatar.com\\\/avatar\\\/4b7ee9206b48be08447852b3f0814dbc7c0f3b51541b164f1464a2725614020b?s=96&d=mm&r=g\",\"contentUrl\":\"https:\\\/\\\/secure.gravatar.com\\\/avatar\\\/4b7ee9206b48be08447852b3f0814dbc7c0f3b51541b164f1464a2725614020b?s=96&d=mm&r=g\",\"caption\":\"Exc\u00e9lsior\"},\"url\":\"https:\\\/\\\/fuentesfidedignas.com.mx\\\/index.php\\\/author\\\/excelsior\\\/\"}]}<\/script>\n<!-- \/ Yoast SEO plugin. -->","yoast_head_json":{"title":"Trump dice que fallo de Corte Suprema sobre aranceles es una \"verg\u00fcenza\" - Fuentes Fidedignas","robots":{"index":"index","follow":"follow","max-snippet":"max-snippet:-1","max-image-preview":"max-image-preview:large","max-video-preview":"max-video-preview:-1"},"canonical":"https:\/\/fuentesfidedignas.com.mx\/index.php\/2026\/02\/20\/trump-dice-que-fallo-de-corte-suprema-sobre-aranceles-es-una-verguenza\/","og_locale":"es_MX","og_type":"article","og_title":"Trump dice que fallo de Corte Suprema sobre aranceles es una \"verg\u00fcenza\" - Fuentes Fidedignas","og_description":"Trump calific\u00f3 de \u201cverg\u00fcenza\u201d el fallo de la Corte Suprema sobre aranceles; la UE pide estabilidad y di\u00e1logo en las relaciones comerciales. El presidente de Estados Unidos, Donald Trump, calific\u00f3 como una \u201cverg\u00fcenza\u201d la reciente decisi\u00f3n de la Corte Suprema que anul\u00f3 su pol\u00edtica de aranceles globales. Tras el fallo, Trump asegur\u00f3 que cuenta con [&hellip;]","og_url":"https:\/\/fuentesfidedignas.com.mx\/index.php\/2026\/02\/20\/trump-dice-que-fallo-de-corte-suprema-sobre-aranceles-es-una-verguenza\/","og_site_name":"Fuentes Fidedignas","article_publisher":"https:\/\/www.facebook.com\/Fuentes-Fidedignas-368234489921644","article_published_time":"2026-02-20T18:26:38+00:00","article_modified_time":"2026-02-20T18:26:47+00:00","og_image":[{"width":500,"height":316,"url":"https:\/\/fuentesfidedignas.com.mx\/wp-content\/uploads\/2025\/09\/trump_acuerdo.jpg","type":"image\/jpeg"}],"author":"Exc\u00e9lsior","twitter_card":"summary_large_image","twitter_creator":"@fidedignas","twitter_site":"@fidedignas","twitter_misc":{"Escrito por":"Exc\u00e9lsior","Tiempo de lectura":"3 minutos"},"schema":{"@context":"https:\/\/schema.org","@graph":[{"@type":"Article","@id":"https:\/\/fuentesfidedignas.com.mx\/index.php\/2026\/02\/20\/trump-dice-que-fallo-de-corte-suprema-sobre-aranceles-es-una-verguenza\/#article","isPartOf":{"@id":"https:\/\/fuentesfidedignas.com.mx\/index.php\/2026\/02\/20\/trump-dice-que-fallo-de-corte-suprema-sobre-aranceles-es-una-verguenza\/"},"author":{"name":"Exc\u00e9lsior","@id":"https:\/\/fuentesfidedignas.com.mx\/#\/schema\/person\/ec4edd1fbf5efa3e44fce34fe2787780"},"headline":"Trump dice que fallo de Corte Suprema sobre aranceles es una &#8220;verg\u00fcenza&#8221;","datePublished":"2026-02-20T18:26:38+00:00","dateModified":"2026-02-20T18:26:47+00:00","mainEntityOfPage":{"@id":"https:\/\/fuentesfidedignas.com.mx\/index.php\/2026\/02\/20\/trump-dice-que-fallo-de-corte-suprema-sobre-aranceles-es-una-verguenza\/"},"wordCount":540,"commentCount":0,"publisher":{"@id":"https:\/\/fuentesfidedignas.com.mx\/#organization"},"image":{"@id":"https:\/\/fuentesfidedignas.com.mx\/index.php\/2026\/02\/20\/trump-dice-que-fallo-de-corte-suprema-sobre-aranceles-es-una-verguenza\/#primaryimage"},"thumbnailUrl":"https:\/\/fuentesfidedignas.com.mx\/wp-content\/uploads\/2025\/09\/trump_acuerdo.jpg","articleSection":["NOTICIAS NACIONALES"],"inLanguage":"es","potentialAction":[{"@type":"CommentAction","name":"Comment","target":["https:\/\/fuentesfidedignas.com.mx\/index.php\/2026\/02\/20\/trump-dice-que-fallo-de-corte-suprema-sobre-aranceles-es-una-verguenza\/#respond"]}]},{"@type":"WebPage","@id":"https:\/\/fuentesfidedignas.com.mx\/index.php\/2026\/02\/20\/trump-dice-que-fallo-de-corte-suprema-sobre-aranceles-es-una-verguenza\/","url":"https:\/\/fuentesfidedignas.com.mx\/index.php\/2026\/02\/20\/trump-dice-que-fallo-de-corte-suprema-sobre-aranceles-es-una-verguenza\/","name":"Trump dice que fallo de Corte Suprema sobre aranceles es una \"verg\u00fcenza\" - Fuentes Fidedignas","isPartOf":{"@id":"https:\/\/fuentesfidedignas.com.mx\/#website"},"primaryImageOfPage":{"@id":"https:\/\/fuentesfidedignas.com.mx\/index.php\/2026\/02\/20\/trump-dice-que-fallo-de-corte-suprema-sobre-aranceles-es-una-verguenza\/#primaryimage"},"image":{"@id":"https:\/\/fuentesfidedignas.com.mx\/index.php\/2026\/02\/20\/trump-dice-que-fallo-de-corte-suprema-sobre-aranceles-es-una-verguenza\/#primaryimage"},"thumbnailUrl":"https:\/\/fuentesfidedignas.com.mx\/wp-content\/uploads\/2025\/09\/trump_acuerdo.jpg","datePublished":"2026-02-20T18:26:38+00:00","dateModified":"2026-02-20T18:26:47+00:00","breadcrumb":{"@id":"https:\/\/fuentesfidedignas.com.mx\/index.php\/2026\/02\/20\/trump-dice-que-fallo-de-corte-suprema-sobre-aranceles-es-una-verguenza\/#breadcrumb"},"inLanguage":"es","potentialAction":[{"@type":"ReadAction","target":["https:\/\/fuentesfidedignas.com.mx\/index.php\/2026\/02\/20\/trump-dice-que-fallo-de-corte-suprema-sobre-aranceles-es-una-verguenza\/"]}]},{"@type":"ImageObject","inLanguage":"es","@id":"https:\/\/fuentesfidedignas.com.mx\/index.php\/2026\/02\/20\/trump-dice-que-fallo-de-corte-suprema-sobre-aranceles-es-una-verguenza\/#primaryimage","url":"https:\/\/fuentesfidedignas.com.mx\/wp-content\/uploads\/2025\/09\/trump_acuerdo.jpg","contentUrl":"https:\/\/fuentesfidedignas.com.mx\/wp-content\/uploads\/2025\/09\/trump_acuerdo.jpg","width":500,"height":316},{"@type":"BreadcrumbList","@id":"https:\/\/fuentesfidedignas.com.mx\/index.php\/2026\/02\/20\/trump-dice-que-fallo-de-corte-suprema-sobre-aranceles-es-una-verguenza\/#breadcrumb","itemListElement":[{"@type":"ListItem","position":1,"name":"Inicio","item":"https:\/\/fuentesfidedignas.com.mx\/"},{"@type":"ListItem","position":2,"name":"Trump dice que fallo de Corte Suprema sobre aranceles es una &#8220;verg\u00fcenza&#8221;"}]},{"@type":"WebSite","@id":"https:\/\/fuentesfidedignas.com.mx\/#website","url":"https:\/\/fuentesfidedignas.com.mx\/","name":"Fuentes Fidedignas","description":"Otro sitio realizado con WordPress","publisher":{"@id":"https:\/\/fuentesfidedignas.com.mx\/#organization"},"potentialAction":[{"@type":"SearchAction","target":{"@type":"EntryPoint","urlTemplate":"https:\/\/fuentesfidedignas.com.mx\/?s={search_term_string}"},"query-input":{"@type":"PropertyValueSpecification","valueRequired":true,"valueName":"search_term_string"}}],"inLanguage":"es"},{"@type":"Organization","@id":"https:\/\/fuentesfidedignas.com.mx\/#organization","name":"Fuentes Fidedignas","url":"https:\/\/fuentesfidedignas.com.mx\/","logo":{"@type":"ImageObject","inLanguage":"es","@id":"https:\/\/fuentesfidedignas.com.mx\/#\/schema\/logo\/image\/","url":"https:\/\/fuentesfidedignas.com.mx\/wp-content\/uploads\/2021\/04\/logo-retina.png","contentUrl":"https:\/\/fuentesfidedignas.com.mx\/wp-content\/uploads\/2021\/04\/logo-retina.png","width":280,"height":51,"caption":"Fuentes Fidedignas"},"image":{"@id":"https:\/\/fuentesfidedignas.com.mx\/#\/schema\/logo\/image\/"},"sameAs":["https:\/\/www.facebook.com\/Fuentes-Fidedignas-368234489921644","https:\/\/x.com\/fidedignas"]},{"@type":"Person","@id":"https:\/\/fuentesfidedignas.com.mx\/#\/schema\/person\/ec4edd1fbf5efa3e44fce34fe2787780","name":"Exc\u00e9lsior","image":{"@type":"ImageObject","inLanguage":"es","@id":"https:\/\/secure.gravatar.com\/avatar\/4b7ee9206b48be08447852b3f0814dbc7c0f3b51541b164f1464a2725614020b?s=96&d=mm&r=g","url":"https:\/\/secure.gravatar.com\/avatar\/4b7ee9206b48be08447852b3f0814dbc7c0f3b51541b164f1464a2725614020b?s=96&d=mm&r=g","contentUrl":"https:\/\/secure.gravatar.com\/avatar\/4b7ee9206b48be08447852b3f0814dbc7c0f3b51541b164f1464a2725614020b?s=96&d=mm&r=g","caption":"Exc\u00e9lsior"},"url":"https:\/\/fuentesfidedignas.com.mx\/index.php\/author\/excelsior\/"}]}},"_links":{"self":[{"href":"https:\/\/fuentesfidedignas.com.mx\/index.php\/wp-json\/wp\/v2\/posts\/127679","targetHints":{"allow":["GET"]}}],"collection":[{"href":"https:\/\/fuentesfidedignas.com.mx\/index.php\/wp-json\/wp\/v2\/posts"}],"about":[{"href":"https:\/\/fuentesfidedignas.com.mx\/index.php\/wp-json\/wp\/v2\/types\/post"}],"author":[{"embeddable":true,"href":"https:\/\/fuentesfidedignas.com.mx\/index.php\/wp-json\/wp\/v2\/users\/7"}],"replies":[{"embeddable":true,"href":"https:\/\/fuentesfidedignas.com.mx\/index.php\/wp-json\/wp\/v2\/comments?post=127679"}],"version-history":[{"count":1,"href":"https:\/\/fuentesfidedignas.com.mx\/index.php\/wp-json\/wp\/v2\/posts\/127679\/revisions"}],"predecessor-version":[{"id":127680,"href":"https:\/\/fuentesfidedignas.com.mx\/index.php\/wp-json\/wp\/v2\/posts\/127679\/revisions\/127680"}],"wp:featuredmedia":[{"embeddable":true,"href":"https:\/\/fuentesfidedignas.com.mx\/index.php\/wp-json\/wp\/v2\/media\/116736"}],"wp:attachment":[{"href":"https:\/\/fuentesfidedignas.com.mx\/index.php\/wp-json\/wp\/v2\/media?parent=127679"}],"wp:term":[{"taxonomy":"category","embeddable":true,"href":"https:\/\/fuentesfidedignas.com.mx\/index.php\/wp-json\/wp\/v2\/categories?post=127679"},{"taxonomy":"post_tag","embeddable":true,"href":"https:\/\/fuentesfidedignas.com.mx\/index.php\/wp-json\/wp\/v2\/tags?post=127679"}],"curies":[{"name":"wp","href":"https:\/\/api.w.org\/{rel}","templated":true}]}}