{"id":127538,"date":"2026-02-18T11:30:28","date_gmt":"2026-02-18T18:30:28","guid":{"rendered":"https:\/\/fuentesfidedignas.com.mx\/?p=127538"},"modified":"2026-02-18T11:30:34","modified_gmt":"2026-02-18T18:30:34","slug":"balean-casa-de-lider-sindical-del-ayuntamiento-de-culiacan-fge-investiga","status":"publish","type":"post","link":"https:\/\/fuentesfidedignas.com.mx\/index.php\/2026\/02\/18\/balean-casa-de-lider-sindical-del-ayuntamiento-de-culiacan-fge-investiga\/","title":{"rendered":"Balean casa de l\u00edder sindical del ayuntamiento de Culiac\u00e1n; FGE investiga"},"content":{"rendered":"\n<p><strong><em>Un grupo de sujetos armados dispar\u00f3 contra la puerta principal, cochera y una barda del domicilio Homar Salas Gast\u00e9lum. <\/em><\/strong><\/p>\n\n\n\n<p>Culiac\u00e1n, Sin.- Un ataque armado contra la vivienda de Homar Salas Gast\u00e9lum, reci\u00e9n electo l\u00edder del Sindicato de Trabajadores al Servicio del Ayuntamiento de Culiac\u00e1n (STASAC) para el periodo 2026-2029, activ\u00f3 un operativo de seguridad en la colonia Las Brisas, al norte de la ciudad. El dirigente y su familia resultaron ilesos, aunque el inmueble y un veh\u00edculo presentaron da\u00f1os por impactos de bala.<\/p>\n\n\n\n<p>La Fiscal\u00eda General del Estado de Sinaloa inform\u00f3 que abri\u00f3 carpeta de investigaci\u00f3n de oficio ante la gravedad de los hechos, mientras peritos especializados realizaron el levantamiento de indicios bal\u00edsticos en el lugar.<\/p>\n\n\n\n<p>De acuerdo con los primeros reportes, un grupo de sujetos armados dispar\u00f3 contra la puerta principal, el port\u00f3n de la cochera y una barda lateral del domicilio. Las detonaciones se concentraron en la fachada y estructura del inmueble.<\/p>\n\n\n\n<p>Elementos de seguridad acudieron al sitio para acordonar la zona y preservar evidencia. Durante la inspecci\u00f3n, peritos recogieron casquillos percutidos de armas de grueso calibre, los cuales ser\u00e1n integrados a la carpeta de investigaci\u00f3n para determinar responsabilidades.<\/p>\n\n\n\n<p>La fiscal general Claudia Zulema S\u00e1nchez Kondo confirm\u00f3 que el inmueble pertenece al dirigente sindical electo y asegur\u00f3 que se desarrollan las diligencias correspondientes para esclarecer el ataque.<\/p>\n\n\n\n<p><strong>Elecci\u00f3n sindical y antecedentes<\/strong><br>El atentado ocurre d\u00edas despu\u00e9s de las elecciones del STASAC, celebradas el viernes 13 de febrero. Homar Salas Gast\u00e9lum obtuvo mil 785 votos, superando por cerca de 500 sufragios a su contrincante Zayda Flores, tras una contienda que inicialmente inclu\u00eda a cuatro aspirantes.<\/p>\n\n\n\n<p>Horas antes de la jornada electoral, las oficinas sindicales fueron vandalizadas con pintas que advert\u00edan sobre supuestos riesgos de acudir a votar; sin embargo, fueron retiradas de inmediato. La elecci\u00f3n concluy\u00f3 sin incidentes mayores y el dirigente recibi\u00f3 su constancia de mayor\u00eda.<\/p>\n\n\n\n<p>Durante el proceso, algunos simpatizantes denunciaron presuntas intimidaciones hacia candidatos. Tambi\u00e9n circularon se\u00f1alamientos no confirmados sobre la posible injerencia de actores pol\u00edticos, entre ellos el diputado y dirigente de Movimiento Ciudadano Sergio Torres F\u00e9lix. No obstante, autoridades no han confirmado v\u00ednculo alguno entre estos hechos y el ataque armado.<\/p>\n\n\n\n<blockquote class=\"twitter-tweet\"><p lang=\"es\" dir=\"ltr\">He hablado esta ma\u00f1ana con el compa\u00f1ero Homar Salas, dirigente electo del STASAC. Est\u00e1 bien en su integridad tras los hechos de los que fue objeto su casa. He pedido a la SSPyTM le de acompa\u00f1amiento y estaremos atentos a las investigaciones que hace la FGES.<\/p>&mdash; Juan de Dios G\u00e1mez Mend\u00edvil (@JuandDiosGamez) <a href=\"https:\/\/twitter.com\/JuandDiosGamez\/status\/2024146535550714094?ref_src=twsrc%5Etfw\">February 18, 2026<\/a><\/blockquote> <script async src=\"https:\/\/platform.twitter.com\/widgets.js\" charset=\"utf-8\"><\/script>\n\n\n\n<p><strong>Investigaci\u00f3n en curso<\/strong><\/p>\n\n\n\n<iframe loading=\"lazy\" src=\"https:\/\/www.facebook.com\/plugins\/video.php?height=315&#038;href=https%3A%2F%2Fwww.facebook.com%2Freel%2F810295275469943%2F&#038;show_text=false&#038;width=560&#038;t=0\" width=\"560\" height=\"315\" style=\"border:none;overflow:hidden\" scrolling=\"no\" frameborder=\"0\" allowfullscreen=\"true\" allow=\"autoplay; clipboard-write; encrypted-media; picture-in-picture; web-share\" allowFullScreen=\"true\"><\/iframe>\n\n\n\n<p>La Fiscal\u00eda General del Estado de Sinaloa reiter\u00f3 que actuar\u00e1 conforme a derecho y que los indicios bal\u00edsticos y pruebas periciales ser\u00e1n analizados para establecer las circunstancias del atentado y ubicar a los responsables.<\/p>\n\n\n\n<p>Hasta el momento no se reportan personas detenidas. Las autoridades mantienen bajo resguardo la zona y contin\u00faan con labores de inteligencia para esclarecer el caso.<\/p>\n\n\n\n<p>El ataque contra el l\u00edder sindical electo en Culiac\u00e1n ocurre en un contexto de alta sensibilidad pol\u00edtica y laboral, por lo que la investigaci\u00f3n busca determinar si el hecho guarda relaci\u00f3n con el proceso interno del sindicato o si responde a otras l\u00edneas de indagatoria.<\/p>\n\n\n\n<p>Mientras avanzan las diligencias, el dirigente confirm\u00f3 que tanto \u00e9l como su familia se encuentran en buen estado de salud, aunque los da\u00f1os materiales en su vivienda son visibles. El caso se mantiene abierto y bajo seguimiento de las autoridades estatales.<\/p>\n","protected":false},"excerpt":{"rendered":"<p>Un grupo de sujetos armados dispar\u00f3 contra la puerta principal, cochera y una barda del domicilio Homar Salas Gast\u00e9lum. Culiac\u00e1n, Sin.- Un ataque armado contra la vivienda de Homar Salas Gast\u00e9lum, reci\u00e9n electo l\u00edder del Sindicato de Trabajadores al Servicio del Ayuntamiento de Culiac\u00e1n (STASAC) para el periodo 2026-2029, activ\u00f3 un operativo de seguridad en [&hellip;]<\/p>\n","protected":false},"author":7,"featured_media":127539,"comment_status":"open","ping_status":"open","sticky":false,"template":"","format":"standard","meta":{"tdm_status":"","tdm_grid_status":"","footnotes":""},"categories":[37],"tags":[],"class_list":{"0":"post-127538","1":"post","2":"type-post","3":"status-publish","4":"format-standard","5":"has-post-thumbnail","7":"category-nota-principal"},"yoast_head":"<!-- This site is optimized with the Yoast SEO plugin v27.5 - https:\/\/yoast.com\/product\/yoast-seo-wordpress\/ -->\n<title>Balean casa de l\u00edder sindical del ayuntamiento de Culiac\u00e1n; FGE investiga - Fuentes Fidedignas<\/title>\n<meta name=\"robots\" content=\"index, follow, max-snippet:-1, max-image-preview:large, max-video-preview:-1\" \/>\n<link rel=\"canonical\" href=\"https:\/\/fuentesfidedignas.com.mx\/index.php\/2026\/02\/18\/balean-casa-de-lider-sindical-del-ayuntamiento-de-culiacan-fge-investiga\/\" \/>\n<meta property=\"og:locale\" content=\"es_MX\" \/>\n<meta property=\"og:type\" content=\"article\" \/>\n<meta property=\"og:title\" content=\"Balean casa de l\u00edder sindical del ayuntamiento de Culiac\u00e1n; FGE investiga - Fuentes Fidedignas\" \/>\n<meta property=\"og:description\" content=\"Un grupo de sujetos armados dispar\u00f3 contra la puerta principal, cochera y una barda del domicilio Homar Salas Gast\u00e9lum. Culiac\u00e1n, Sin.- Un ataque armado contra la vivienda de Homar Salas Gast\u00e9lum, reci\u00e9n electo l\u00edder del Sindicato de Trabajadores al Servicio del Ayuntamiento de Culiac\u00e1n (STASAC) para el periodo 2026-2029, activ\u00f3 un operativo de seguridad en [&hellip;]\" \/>\n<meta property=\"og:url\" content=\"https:\/\/fuentesfidedignas.com.mx\/index.php\/2026\/02\/18\/balean-casa-de-lider-sindical-del-ayuntamiento-de-culiacan-fge-investiga\/\" \/>\n<meta property=\"og:site_name\" content=\"Fuentes Fidedignas\" \/>\n<meta property=\"article:publisher\" content=\"https:\/\/www.facebook.com\/Fuentes-Fidedignas-368234489921644\" \/>\n<meta property=\"article:published_time\" content=\"2026-02-18T18:30:28+00:00\" \/>\n<meta property=\"article:modified_time\" content=\"2026-02-18T18:30:34+00:00\" \/>\n<meta property=\"og:image\" content=\"https:\/\/fuentesfidedignas.com.mx\/wp-content\/uploads\/2026\/02\/casa-de-Homar-Salas.jpeg\" \/>\n\t<meta property=\"og:image:width\" content=\"500\" \/>\n\t<meta property=\"og:image:height\" content=\"333\" \/>\n\t<meta property=\"og:image:type\" content=\"image\/jpeg\" \/>\n<meta name=\"author\" content=\"Exc\u00e9lsior\" \/>\n<meta name=\"twitter:card\" content=\"summary_large_image\" \/>\n<meta name=\"twitter:creator\" content=\"@fidedignas\" \/>\n<meta name=\"twitter:site\" content=\"@fidedignas\" \/>\n<meta name=\"twitter:label1\" content=\"Escrito por\" \/>\n\t<meta name=\"twitter:data1\" content=\"Exc\u00e9lsior\" \/>\n\t<meta name=\"twitter:label2\" content=\"Tiempo de lectura\" \/>\n\t<meta name=\"twitter:data2\" content=\"3 minutos\" \/>\n<script type=\"application\/ld+json\" class=\"yoast-schema-graph\">{\"@context\":\"https:\\\/\\\/schema.org\",\"@graph\":[{\"@type\":\"Article\",\"@id\":\"https:\\\/\\\/fuentesfidedignas.com.mx\\\/index.php\\\/2026\\\/02\\\/18\\\/balean-casa-de-lider-sindical-del-ayuntamiento-de-culiacan-fge-investiga\\\/#article\",\"isPartOf\":{\"@id\":\"https:\\\/\\\/fuentesfidedignas.com.mx\\\/index.php\\\/2026\\\/02\\\/18\\\/balean-casa-de-lider-sindical-del-ayuntamiento-de-culiacan-fge-investiga\\\/\"},\"author\":{\"name\":\"Exc\u00e9lsior\",\"@id\":\"https:\\\/\\\/fuentesfidedignas.com.mx\\\/#\\\/schema\\\/person\\\/ec4edd1fbf5efa3e44fce34fe2787780\"},\"headline\":\"Balean casa de l\u00edder sindical del ayuntamiento de Culiac\u00e1n; FGE investiga\",\"datePublished\":\"2026-02-18T18:30:28+00:00\",\"dateModified\":\"2026-02-18T18:30:34+00:00\",\"mainEntityOfPage\":{\"@id\":\"https:\\\/\\\/fuentesfidedignas.com.mx\\\/index.php\\\/2026\\\/02\\\/18\\\/balean-casa-de-lider-sindical-del-ayuntamiento-de-culiacan-fge-investiga\\\/\"},\"wordCount\":616,\"commentCount\":0,\"publisher\":{\"@id\":\"https:\\\/\\\/fuentesfidedignas.com.mx\\\/#organization\"},\"image\":{\"@id\":\"https:\\\/\\\/fuentesfidedignas.com.mx\\\/index.php\\\/2026\\\/02\\\/18\\\/balean-casa-de-lider-sindical-del-ayuntamiento-de-culiacan-fge-investiga\\\/#primaryimage\"},\"thumbnailUrl\":\"https:\\\/\\\/fuentesfidedignas.com.mx\\\/wp-content\\\/uploads\\\/2026\\\/02\\\/casa-de-Homar-Salas.jpeg\",\"articleSection\":[\"NOTA PRINCIPAL\"],\"inLanguage\":\"es\",\"potentialAction\":[{\"@type\":\"CommentAction\",\"name\":\"Comment\",\"target\":[\"https:\\\/\\\/fuentesfidedignas.com.mx\\\/index.php\\\/2026\\\/02\\\/18\\\/balean-casa-de-lider-sindical-del-ayuntamiento-de-culiacan-fge-investiga\\\/#respond\"]}]},{\"@type\":\"WebPage\",\"@id\":\"https:\\\/\\\/fuentesfidedignas.com.mx\\\/index.php\\\/2026\\\/02\\\/18\\\/balean-casa-de-lider-sindical-del-ayuntamiento-de-culiacan-fge-investiga\\\/\",\"url\":\"https:\\\/\\\/fuentesfidedignas.com.mx\\\/index.php\\\/2026\\\/02\\\/18\\\/balean-casa-de-lider-sindical-del-ayuntamiento-de-culiacan-fge-investiga\\\/\",\"name\":\"Balean casa de l\u00edder sindical del ayuntamiento de Culiac\u00e1n; FGE investiga - Fuentes Fidedignas\",\"isPartOf\":{\"@id\":\"https:\\\/\\\/fuentesfidedignas.com.mx\\\/#website\"},\"primaryImageOfPage\":{\"@id\":\"https:\\\/\\\/fuentesfidedignas.com.mx\\\/index.php\\\/2026\\\/02\\\/18\\\/balean-casa-de-lider-sindical-del-ayuntamiento-de-culiacan-fge-investiga\\\/#primaryimage\"},\"image\":{\"@id\":\"https:\\\/\\\/fuentesfidedignas.com.mx\\\/index.php\\\/2026\\\/02\\\/18\\\/balean-casa-de-lider-sindical-del-ayuntamiento-de-culiacan-fge-investiga\\\/#primaryimage\"},\"thumbnailUrl\":\"https:\\\/\\\/fuentesfidedignas.com.mx\\\/wp-content\\\/uploads\\\/2026\\\/02\\\/casa-de-Homar-Salas.jpeg\",\"datePublished\":\"2026-02-18T18:30:28+00:00\",\"dateModified\":\"2026-02-18T18:30:34+00:00\",\"breadcrumb\":{\"@id\":\"https:\\\/\\\/fuentesfidedignas.com.mx\\\/index.php\\\/2026\\\/02\\\/18\\\/balean-casa-de-lider-sindical-del-ayuntamiento-de-culiacan-fge-investiga\\\/#breadcrumb\"},\"inLanguage\":\"es\",\"potentialAction\":[{\"@type\":\"ReadAction\",\"target\":[\"https:\\\/\\\/fuentesfidedignas.com.mx\\\/index.php\\\/2026\\\/02\\\/18\\\/balean-casa-de-lider-sindical-del-ayuntamiento-de-culiacan-fge-investiga\\\/\"]}]},{\"@type\":\"ImageObject\",\"inLanguage\":\"es\",\"@id\":\"https:\\\/\\\/fuentesfidedignas.com.mx\\\/index.php\\\/2026\\\/02\\\/18\\\/balean-casa-de-lider-sindical-del-ayuntamiento-de-culiacan-fge-investiga\\\/#primaryimage\",\"url\":\"https:\\\/\\\/fuentesfidedignas.com.mx\\\/wp-content\\\/uploads\\\/2026\\\/02\\\/casa-de-Homar-Salas.jpeg\",\"contentUrl\":\"https:\\\/\\\/fuentesfidedignas.com.mx\\\/wp-content\\\/uploads\\\/2026\\\/02\\\/casa-de-Homar-Salas.jpeg\",\"width\":500,\"height\":333},{\"@type\":\"BreadcrumbList\",\"@id\":\"https:\\\/\\\/fuentesfidedignas.com.mx\\\/index.php\\\/2026\\\/02\\\/18\\\/balean-casa-de-lider-sindical-del-ayuntamiento-de-culiacan-fge-investiga\\\/#breadcrumb\",\"itemListElement\":[{\"@type\":\"ListItem\",\"position\":1,\"name\":\"Inicio\",\"item\":\"https:\\\/\\\/fuentesfidedignas.com.mx\\\/\"},{\"@type\":\"ListItem\",\"position\":2,\"name\":\"Balean casa de l\u00edder sindical del ayuntamiento de Culiac\u00e1n; FGE investiga\"}]},{\"@type\":\"WebSite\",\"@id\":\"https:\\\/\\\/fuentesfidedignas.com.mx\\\/#website\",\"url\":\"https:\\\/\\\/fuentesfidedignas.com.mx\\\/\",\"name\":\"Fuentes Fidedignas\",\"description\":\"Otro sitio realizado con WordPress\",\"publisher\":{\"@id\":\"https:\\\/\\\/fuentesfidedignas.com.mx\\\/#organization\"},\"potentialAction\":[{\"@type\":\"SearchAction\",\"target\":{\"@type\":\"EntryPoint\",\"urlTemplate\":\"https:\\\/\\\/fuentesfidedignas.com.mx\\\/?s={search_term_string}\"},\"query-input\":{\"@type\":\"PropertyValueSpecification\",\"valueRequired\":true,\"valueName\":\"search_term_string\"}}],\"inLanguage\":\"es\"},{\"@type\":\"Organization\",\"@id\":\"https:\\\/\\\/fuentesfidedignas.com.mx\\\/#organization\",\"name\":\"Fuentes Fidedignas\",\"url\":\"https:\\\/\\\/fuentesfidedignas.com.mx\\\/\",\"logo\":{\"@type\":\"ImageObject\",\"inLanguage\":\"es\",\"@id\":\"https:\\\/\\\/fuentesfidedignas.com.mx\\\/#\\\/schema\\\/logo\\\/image\\\/\",\"url\":\"https:\\\/\\\/fuentesfidedignas.com.mx\\\/wp-content\\\/uploads\\\/2021\\\/04\\\/logo-retina.png\",\"contentUrl\":\"https:\\\/\\\/fuentesfidedignas.com.mx\\\/wp-content\\\/uploads\\\/2021\\\/04\\\/logo-retina.png\",\"width\":280,\"height\":51,\"caption\":\"Fuentes Fidedignas\"},\"image\":{\"@id\":\"https:\\\/\\\/fuentesfidedignas.com.mx\\\/#\\\/schema\\\/logo\\\/image\\\/\"},\"sameAs\":[\"https:\\\/\\\/www.facebook.com\\\/Fuentes-Fidedignas-368234489921644\",\"https:\\\/\\\/x.com\\\/fidedignas\"]},{\"@type\":\"Person\",\"@id\":\"https:\\\/\\\/fuentesfidedignas.com.mx\\\/#\\\/schema\\\/person\\\/ec4edd1fbf5efa3e44fce34fe2787780\",\"name\":\"Exc\u00e9lsior\",\"image\":{\"@type\":\"ImageObject\",\"inLanguage\":\"es\",\"@id\":\"https:\\\/\\\/secure.gravatar.com\\\/avatar\\\/4b7ee9206b48be08447852b3f0814dbc7c0f3b51541b164f1464a2725614020b?s=96&d=mm&r=g\",\"url\":\"https:\\\/\\\/secure.gravatar.com\\\/avatar\\\/4b7ee9206b48be08447852b3f0814dbc7c0f3b51541b164f1464a2725614020b?s=96&d=mm&r=g\",\"contentUrl\":\"https:\\\/\\\/secure.gravatar.com\\\/avatar\\\/4b7ee9206b48be08447852b3f0814dbc7c0f3b51541b164f1464a2725614020b?s=96&d=mm&r=g\",\"caption\":\"Exc\u00e9lsior\"},\"url\":\"https:\\\/\\\/fuentesfidedignas.com.mx\\\/index.php\\\/author\\\/excelsior\\\/\"}]}<\/script>\n<!-- \/ Yoast SEO plugin. -->","yoast_head_json":{"title":"Balean casa de l\u00edder sindical del ayuntamiento de Culiac\u00e1n; FGE investiga - Fuentes Fidedignas","robots":{"index":"index","follow":"follow","max-snippet":"max-snippet:-1","max-image-preview":"max-image-preview:large","max-video-preview":"max-video-preview:-1"},"canonical":"https:\/\/fuentesfidedignas.com.mx\/index.php\/2026\/02\/18\/balean-casa-de-lider-sindical-del-ayuntamiento-de-culiacan-fge-investiga\/","og_locale":"es_MX","og_type":"article","og_title":"Balean casa de l\u00edder sindical del ayuntamiento de Culiac\u00e1n; FGE investiga - Fuentes Fidedignas","og_description":"Un grupo de sujetos armados dispar\u00f3 contra la puerta principal, cochera y una barda del domicilio Homar Salas Gast\u00e9lum. Culiac\u00e1n, Sin.- Un ataque armado contra la vivienda de Homar Salas Gast\u00e9lum, reci\u00e9n electo l\u00edder del Sindicato de Trabajadores al Servicio del Ayuntamiento de Culiac\u00e1n (STASAC) para el periodo 2026-2029, activ\u00f3 un operativo de seguridad en [&hellip;]","og_url":"https:\/\/fuentesfidedignas.com.mx\/index.php\/2026\/02\/18\/balean-casa-de-lider-sindical-del-ayuntamiento-de-culiacan-fge-investiga\/","og_site_name":"Fuentes Fidedignas","article_publisher":"https:\/\/www.facebook.com\/Fuentes-Fidedignas-368234489921644","article_published_time":"2026-02-18T18:30:28+00:00","article_modified_time":"2026-02-18T18:30:34+00:00","og_image":[{"width":500,"height":333,"url":"https:\/\/fuentesfidedignas.com.mx\/wp-content\/uploads\/2026\/02\/casa-de-Homar-Salas.jpeg","type":"image\/jpeg"}],"author":"Exc\u00e9lsior","twitter_card":"summary_large_image","twitter_creator":"@fidedignas","twitter_site":"@fidedignas","twitter_misc":{"Escrito por":"Exc\u00e9lsior","Tiempo de lectura":"3 minutos"},"schema":{"@context":"https:\/\/schema.org","@graph":[{"@type":"Article","@id":"https:\/\/fuentesfidedignas.com.mx\/index.php\/2026\/02\/18\/balean-casa-de-lider-sindical-del-ayuntamiento-de-culiacan-fge-investiga\/#article","isPartOf":{"@id":"https:\/\/fuentesfidedignas.com.mx\/index.php\/2026\/02\/18\/balean-casa-de-lider-sindical-del-ayuntamiento-de-culiacan-fge-investiga\/"},"author":{"name":"Exc\u00e9lsior","@id":"https:\/\/fuentesfidedignas.com.mx\/#\/schema\/person\/ec4edd1fbf5efa3e44fce34fe2787780"},"headline":"Balean casa de l\u00edder sindical del ayuntamiento de Culiac\u00e1n; FGE investiga","datePublished":"2026-02-18T18:30:28+00:00","dateModified":"2026-02-18T18:30:34+00:00","mainEntityOfPage":{"@id":"https:\/\/fuentesfidedignas.com.mx\/index.php\/2026\/02\/18\/balean-casa-de-lider-sindical-del-ayuntamiento-de-culiacan-fge-investiga\/"},"wordCount":616,"commentCount":0,"publisher":{"@id":"https:\/\/fuentesfidedignas.com.mx\/#organization"},"image":{"@id":"https:\/\/fuentesfidedignas.com.mx\/index.php\/2026\/02\/18\/balean-casa-de-lider-sindical-del-ayuntamiento-de-culiacan-fge-investiga\/#primaryimage"},"thumbnailUrl":"https:\/\/fuentesfidedignas.com.mx\/wp-content\/uploads\/2026\/02\/casa-de-Homar-Salas.jpeg","articleSection":["NOTA PRINCIPAL"],"inLanguage":"es","potentialAction":[{"@type":"CommentAction","name":"Comment","target":["https:\/\/fuentesfidedignas.com.mx\/index.php\/2026\/02\/18\/balean-casa-de-lider-sindical-del-ayuntamiento-de-culiacan-fge-investiga\/#respond"]}]},{"@type":"WebPage","@id":"https:\/\/fuentesfidedignas.com.mx\/index.php\/2026\/02\/18\/balean-casa-de-lider-sindical-del-ayuntamiento-de-culiacan-fge-investiga\/","url":"https:\/\/fuentesfidedignas.com.mx\/index.php\/2026\/02\/18\/balean-casa-de-lider-sindical-del-ayuntamiento-de-culiacan-fge-investiga\/","name":"Balean casa de l\u00edder sindical del ayuntamiento de Culiac\u00e1n; FGE investiga - Fuentes Fidedignas","isPartOf":{"@id":"https:\/\/fuentesfidedignas.com.mx\/#website"},"primaryImageOfPage":{"@id":"https:\/\/fuentesfidedignas.com.mx\/index.php\/2026\/02\/18\/balean-casa-de-lider-sindical-del-ayuntamiento-de-culiacan-fge-investiga\/#primaryimage"},"image":{"@id":"https:\/\/fuentesfidedignas.com.mx\/index.php\/2026\/02\/18\/balean-casa-de-lider-sindical-del-ayuntamiento-de-culiacan-fge-investiga\/#primaryimage"},"thumbnailUrl":"https:\/\/fuentesfidedignas.com.mx\/wp-content\/uploads\/2026\/02\/casa-de-Homar-Salas.jpeg","datePublished":"2026-02-18T18:30:28+00:00","dateModified":"2026-02-18T18:30:34+00:00","breadcrumb":{"@id":"https:\/\/fuentesfidedignas.com.mx\/index.php\/2026\/02\/18\/balean-casa-de-lider-sindical-del-ayuntamiento-de-culiacan-fge-investiga\/#breadcrumb"},"inLanguage":"es","potentialAction":[{"@type":"ReadAction","target":["https:\/\/fuentesfidedignas.com.mx\/index.php\/2026\/02\/18\/balean-casa-de-lider-sindical-del-ayuntamiento-de-culiacan-fge-investiga\/"]}]},{"@type":"ImageObject","inLanguage":"es","@id":"https:\/\/fuentesfidedignas.com.mx\/index.php\/2026\/02\/18\/balean-casa-de-lider-sindical-del-ayuntamiento-de-culiacan-fge-investiga\/#primaryimage","url":"https:\/\/fuentesfidedignas.com.mx\/wp-content\/uploads\/2026\/02\/casa-de-Homar-Salas.jpeg","contentUrl":"https:\/\/fuentesfidedignas.com.mx\/wp-content\/uploads\/2026\/02\/casa-de-Homar-Salas.jpeg","width":500,"height":333},{"@type":"BreadcrumbList","@id":"https:\/\/fuentesfidedignas.com.mx\/index.php\/2026\/02\/18\/balean-casa-de-lider-sindical-del-ayuntamiento-de-culiacan-fge-investiga\/#breadcrumb","itemListElement":[{"@type":"ListItem","position":1,"name":"Inicio","item":"https:\/\/fuentesfidedignas.com.mx\/"},{"@type":"ListItem","position":2,"name":"Balean casa de l\u00edder sindical del ayuntamiento de Culiac\u00e1n; FGE investiga"}]},{"@type":"WebSite","@id":"https:\/\/fuentesfidedignas.com.mx\/#website","url":"https:\/\/fuentesfidedignas.com.mx\/","name":"Fuentes Fidedignas","description":"Otro sitio realizado con WordPress","publisher":{"@id":"https:\/\/fuentesfidedignas.com.mx\/#organization"},"potentialAction":[{"@type":"SearchAction","target":{"@type":"EntryPoint","urlTemplate":"https:\/\/fuentesfidedignas.com.mx\/?s={search_term_string}"},"query-input":{"@type":"PropertyValueSpecification","valueRequired":true,"valueName":"search_term_string"}}],"inLanguage":"es"},{"@type":"Organization","@id":"https:\/\/fuentesfidedignas.com.mx\/#organization","name":"Fuentes Fidedignas","url":"https:\/\/fuentesfidedignas.com.mx\/","logo":{"@type":"ImageObject","inLanguage":"es","@id":"https:\/\/fuentesfidedignas.com.mx\/#\/schema\/logo\/image\/","url":"https:\/\/fuentesfidedignas.com.mx\/wp-content\/uploads\/2021\/04\/logo-retina.png","contentUrl":"https:\/\/fuentesfidedignas.com.mx\/wp-content\/uploads\/2021\/04\/logo-retina.png","width":280,"height":51,"caption":"Fuentes Fidedignas"},"image":{"@id":"https:\/\/fuentesfidedignas.com.mx\/#\/schema\/logo\/image\/"},"sameAs":["https:\/\/www.facebook.com\/Fuentes-Fidedignas-368234489921644","https:\/\/x.com\/fidedignas"]},{"@type":"Person","@id":"https:\/\/fuentesfidedignas.com.mx\/#\/schema\/person\/ec4edd1fbf5efa3e44fce34fe2787780","name":"Exc\u00e9lsior","image":{"@type":"ImageObject","inLanguage":"es","@id":"https:\/\/secure.gravatar.com\/avatar\/4b7ee9206b48be08447852b3f0814dbc7c0f3b51541b164f1464a2725614020b?s=96&d=mm&r=g","url":"https:\/\/secure.gravatar.com\/avatar\/4b7ee9206b48be08447852b3f0814dbc7c0f3b51541b164f1464a2725614020b?s=96&d=mm&r=g","contentUrl":"https:\/\/secure.gravatar.com\/avatar\/4b7ee9206b48be08447852b3f0814dbc7c0f3b51541b164f1464a2725614020b?s=96&d=mm&r=g","caption":"Exc\u00e9lsior"},"url":"https:\/\/fuentesfidedignas.com.mx\/index.php\/author\/excelsior\/"}]}},"_links":{"self":[{"href":"https:\/\/fuentesfidedignas.com.mx\/index.php\/wp-json\/wp\/v2\/posts\/127538","targetHints":{"allow":["GET"]}}],"collection":[{"href":"https:\/\/fuentesfidedignas.com.mx\/index.php\/wp-json\/wp\/v2\/posts"}],"about":[{"href":"https:\/\/fuentesfidedignas.com.mx\/index.php\/wp-json\/wp\/v2\/types\/post"}],"author":[{"embeddable":true,"href":"https:\/\/fuentesfidedignas.com.mx\/index.php\/wp-json\/wp\/v2\/users\/7"}],"replies":[{"embeddable":true,"href":"https:\/\/fuentesfidedignas.com.mx\/index.php\/wp-json\/wp\/v2\/comments?post=127538"}],"version-history":[{"count":1,"href":"https:\/\/fuentesfidedignas.com.mx\/index.php\/wp-json\/wp\/v2\/posts\/127538\/revisions"}],"predecessor-version":[{"id":127540,"href":"https:\/\/fuentesfidedignas.com.mx\/index.php\/wp-json\/wp\/v2\/posts\/127538\/revisions\/127540"}],"wp:featuredmedia":[{"embeddable":true,"href":"https:\/\/fuentesfidedignas.com.mx\/index.php\/wp-json\/wp\/v2\/media\/127539"}],"wp:attachment":[{"href":"https:\/\/fuentesfidedignas.com.mx\/index.php\/wp-json\/wp\/v2\/media?parent=127538"}],"wp:term":[{"taxonomy":"category","embeddable":true,"href":"https:\/\/fuentesfidedignas.com.mx\/index.php\/wp-json\/wp\/v2\/categories?post=127538"},{"taxonomy":"post_tag","embeddable":true,"href":"https:\/\/fuentesfidedignas.com.mx\/index.php\/wp-json\/wp\/v2\/tags?post=127538"}],"curies":[{"name":"wp","href":"https:\/\/api.w.org\/{rel}","templated":true}]}}