{"id":127205,"date":"2026-02-13T08:47:36","date_gmt":"2026-02-13T15:47:36","guid":{"rendered":"https:\/\/fuentesfidedignas.com.mx\/?p=127205"},"modified":"2026-02-13T08:50:31","modified_gmt":"2026-02-13T15:50:31","slug":"mueren-cuatro-personas-y-25-resultan-lesionadas-en-accidente-carretero-en-caborca","status":"publish","type":"post","link":"https:\/\/fuentesfidedignas.com.mx\/index.php\/2026\/02\/13\/mueren-cuatro-personas-y-25-resultan-lesionadas-en-accidente-carretero-en-caborca\/","title":{"rendered":"Mueren cuatro personas y 25 resultan lesionadas en accidente carretero en Caborca"},"content":{"rendered":"\n<p><strong><em>Cuerpos de emergencia trasladaron a los lesionados a distintos hospitales y mantienen labores en la zona por lo que se recomienda precauci\u00f3n al tr\u00e1nsito.<\/em><\/strong><\/p>\n\n\n\n<p>SONORA.- Un aparatoso accidente entre un autob\u00fas de pasajeros y un tractocami\u00f3n ocurri\u00f3 en el kil\u00f3metro 118 del tramo Sonoyta\u2013Caborca, cuerpos de emergencia y seguridad atienden de manera inmediata el hecho se\u00fan inform\u00f3 la Coordinaci\u00f3n Estatal de Protecci\u00f3n Civil (CEPC) mediante sus redes sociales oficiales.<\/p>\n\n\n\n<p>De forma preliminar, la dependencia estatal report\u00f3 cuatro personas sin vida y 25 lesionadas, quienes fueron trasladadas a hospitales para recibir atenci\u00f3n m\u00e9dica.<\/p>\n\n\n\n<p>En el lugar trabajan de manera coordinada Cruz Roja, Bomberos, Polic\u00eda Municipal y Protecci\u00f3n Civil.<\/p>\n\n\n\n<blockquote class=\"twitter-tweet\"><p lang=\"es\" dir=\"ltr\">*Atienden cuerpos de emergencia accidente carretero en Caborca*<br><br>Cuerpos de emergencia y seguridad atendieron de manera inmediata un accidente entre un autob\u00fas y un tractocami\u00f3n en el kil\u00f3metro 118 del tramo Sonoyta-Caborca.<br><br>. <a href=\"https:\/\/t.co\/toTOWiXfKv\">pic.twitter.com\/toTOWiXfKv<\/a><\/p>&mdash; Protecci\u00f3n Civil Sonora (@cepcsonora) <a href=\"https:\/\/twitter.com\/cepcsonora\/status\/2022323560677560520?ref_src=twsrc%5Etfw\">February 13, 2026<\/a><\/blockquote> <script async src=\"https:\/\/platform.twitter.com\/widgets.js\" charset=\"utf-8\"><\/script>\n\n\n\n<p>De manera extraoficial se reporta desde el lugar de los hechos, que las unidades involucradas ser\u00edan un autob\u00fas de pasajeros de la l\u00ednea Tufesa y un cami\u00f3n de carga de la empresa Transportes Tres Guerras; sin embargo, estos datos no han sido confirmados por autoridades hasta el momento.<\/p>\n\n\n\n<p>Te puede interesar:Detienen en Ciudad Obreg\u00f3n a director jur\u00eddico de Tufesa, su detenci\u00f3n podr\u00eda relacionarse con presunto encubrimiento a los choferes que abandonaron la escena del accidente que dej\u00f3 7 muertos<\/p>\n\n\n\n<p><strong>\u00bfQu\u00e9 pas\u00f3 en el tramo Sonoyta\u2013Caborca?<\/strong><br>De acuerdo con el reporte oficial de la Coordinaci\u00f3n Estatal de Protecci\u00f3n Civil:<\/p>\n\n\n\n<ul class=\"wp-block-list\">\n<li>El accidente ocurri\u00f3 en el kil\u00f3metro 118 de la carretera, en el tramo Sonoyta\u2013Caborca.<\/li>\n\n\n\n<li>El percance involucr\u00f3 a un autob\u00fas y un tractocami\u00f3n.<\/li>\n\n\n\n<li>Se reportan preliminarmente cuatro personas fallecidas y 25 lesionadas.<\/li>\n<\/ul>\n\n\n\n<p>Los heridos fueron trasladados a hospitales para su atenci\u00f3n m\u00e9dica.<br>Extraoficialmente, se menciona que el choque habr\u00eda sido entre un autob\u00fas de pasajeros y un cami\u00f3n de carga, aunque esta informaci\u00f3n permanece en espera de confirmaci\u00f3n oficial.<\/p>\n\n\n\n<figure class=\"wp-block-image size-large\"><img decoding=\"async\" width=\"1024\" height=\"488\" src=\"https:\/\/fuentesfidedignas.com.mx\/wp-content\/uploads\/2026\/02\/image-1-1024x488.jpg\" alt=\"\" class=\"wp-image-127206\" srcset=\"https:\/\/fuentesfidedignas.com.mx\/wp-content\/uploads\/2026\/02\/image-1-1024x488.jpg 1024w, https:\/\/fuentesfidedignas.com.mx\/wp-content\/uploads\/2026\/02\/image-1-300x143.jpg 300w, https:\/\/fuentesfidedignas.com.mx\/wp-content\/uploads\/2026\/02\/image-1-768x366.jpg 768w, https:\/\/fuentesfidedignas.com.mx\/wp-content\/uploads\/2026\/02\/image-1-882x420.jpg 882w, https:\/\/fuentesfidedignas.com.mx\/wp-content\/uploads\/2026\/02\/image-1-600x286.jpg 600w, https:\/\/fuentesfidedignas.com.mx\/wp-content\/uploads\/2026\/02\/image-1-696x332.jpg 696w, https:\/\/fuentesfidedignas.com.mx\/wp-content\/uploads\/2026\/02\/image-1-1068x509.jpg 1068w, https:\/\/fuentesfidedignas.com.mx\/wp-content\/uploads\/2026\/02\/image-1.jpg 1125w\" sizes=\"(max-width: 1024px) 100vw, 1024px\" \/><\/figure>\n\n\n\n<p><strong>\u00bfQu\u00e9 hacen las autoridades en el lugar?<\/strong><br>Seg\u00fan la informaci\u00f3n, en la zona del accidente trabajan de manera coordinada:<\/p>\n\n\n\n<ul class=\"wp-block-list\">\n<li>Cruz Roja<\/li>\n\n\n\n<li>Bomberos<\/li>\n\n\n\n<li>Polic\u00eda Municipal<\/li>\n\n\n\n<li>Protecci\u00f3n Civil<\/li>\n<\/ul>\n\n\n\n<p>Las labores incluyen la atenci\u00f3n a personas lesionadas, el aseguramiento del \u00e1rea y el&nbsp;<strong>levantamiento de informaci\u00f3n para determinar las causas del accidente.<\/strong><\/p>\n\n\n\n<p>Las cifras de v\u00edctimas y detalles del percance podr\u00edan actualizarse en las pr\u00f3ximas horas, una vez que las autoridades estatales emitan informaci\u00f3n oficial complementaria conforme avancen las investigaciones.<\/p>\n\n\n\n<figure class=\"wp-block-image size-full\"><img decoding=\"async\" width=\"768\" height=\"1016\" src=\"https:\/\/fuentesfidedignas.com.mx\/wp-content\/uploads\/2026\/02\/image-1-1.jpg\" alt=\"\" class=\"wp-image-127207\" srcset=\"https:\/\/fuentesfidedignas.com.mx\/wp-content\/uploads\/2026\/02\/image-1-1.jpg 768w, https:\/\/fuentesfidedignas.com.mx\/wp-content\/uploads\/2026\/02\/image-1-1-227x300.jpg 227w, https:\/\/fuentesfidedignas.com.mx\/wp-content\/uploads\/2026\/02\/image-1-1-317x420.jpg 317w, https:\/\/fuentesfidedignas.com.mx\/wp-content\/uploads\/2026\/02\/image-1-1-635x840.jpg 635w, https:\/\/fuentesfidedignas.com.mx\/wp-content\/uploads\/2026\/02\/image-1-1-300x397.jpg 300w, https:\/\/fuentesfidedignas.com.mx\/wp-content\/uploads\/2026\/02\/image-1-1-600x794.jpg 600w, https:\/\/fuentesfidedignas.com.mx\/wp-content\/uploads\/2026\/02\/image-1-1-696x921.jpg 696w\" sizes=\"(max-width: 768px) 100vw, 768px\" \/><\/figure>\n\n\n\n<p><\/p>\n","protected":false},"excerpt":{"rendered":"<p>Cuerpos de emergencia trasladaron a los lesionados a distintos hospitales y mantienen labores en la zona por lo que se recomienda precauci\u00f3n al tr\u00e1nsito. SONORA.- Un aparatoso accidente entre un autob\u00fas de pasajeros y un tractocami\u00f3n ocurri\u00f3 en el kil\u00f3metro 118 del tramo Sonoyta\u2013Caborca, cuerpos de emergencia y seguridad atienden de manera inmediata el hecho [&hellip;]<\/p>\n","protected":false},"author":40,"featured_media":127208,"comment_status":"open","ping_status":"open","sticky":false,"template":"","format":"standard","meta":{"tdm_status":"","tdm_grid_status":"","footnotes":""},"categories":[39],"tags":[],"class_list":{"0":"post-127205","1":"post","2":"type-post","3":"status-publish","4":"format-standard","5":"has-post-thumbnail","7":"category-noticias-nacionales"},"yoast_head":"<!-- This site is optimized with the Yoast SEO plugin v27.5 - https:\/\/yoast.com\/product\/yoast-seo-wordpress\/ -->\n<title>Mueren cuatro personas y 25 resultan lesionadas en accidente carretero en Caborca - Fuentes Fidedignas<\/title>\n<meta name=\"robots\" content=\"index, follow, max-snippet:-1, max-image-preview:large, max-video-preview:-1\" \/>\n<link rel=\"canonical\" href=\"https:\/\/fuentesfidedignas.com.mx\/index.php\/2026\/02\/13\/mueren-cuatro-personas-y-25-resultan-lesionadas-en-accidente-carretero-en-caborca\/\" \/>\n<meta property=\"og:locale\" content=\"es_MX\" \/>\n<meta property=\"og:type\" content=\"article\" \/>\n<meta property=\"og:title\" content=\"Mueren cuatro personas y 25 resultan lesionadas en accidente carretero en Caborca - Fuentes Fidedignas\" \/>\n<meta property=\"og:description\" content=\"Cuerpos de emergencia trasladaron a los lesionados a distintos hospitales y mantienen labores en la zona por lo que se recomienda precauci\u00f3n al tr\u00e1nsito. SONORA.- Un aparatoso accidente entre un autob\u00fas de pasajeros y un tractocami\u00f3n ocurri\u00f3 en el kil\u00f3metro 118 del tramo Sonoyta\u2013Caborca, cuerpos de emergencia y seguridad atienden de manera inmediata el hecho [&hellip;]\" \/>\n<meta property=\"og:url\" content=\"https:\/\/fuentesfidedignas.com.mx\/index.php\/2026\/02\/13\/mueren-cuatro-personas-y-25-resultan-lesionadas-en-accidente-carretero-en-caborca\/\" \/>\n<meta property=\"og:site_name\" content=\"Fuentes Fidedignas\" \/>\n<meta property=\"article:publisher\" content=\"https:\/\/www.facebook.com\/Fuentes-Fidedignas-368234489921644\" \/>\n<meta property=\"article:published_time\" content=\"2026-02-13T15:47:36+00:00\" \/>\n<meta property=\"article:modified_time\" content=\"2026-02-13T15:50:31+00:00\" \/>\n<meta property=\"og:image\" content=\"https:\/\/fuentesfidedignas.com.mx\/wp-content\/uploads\/2026\/02\/camionazo_tufesa.jpg\" \/>\n\t<meta property=\"og:image:width\" content=\"500\" \/>\n\t<meta property=\"og:image:height\" content=\"267\" \/>\n\t<meta property=\"og:image:type\" content=\"image\/jpeg\" \/>\n<meta name=\"author\" content=\"El Imparcial\" \/>\n<meta name=\"twitter:card\" content=\"summary_large_image\" \/>\n<meta name=\"twitter:creator\" content=\"@fidedignas\" \/>\n<meta name=\"twitter:site\" content=\"@fidedignas\" \/>\n<meta name=\"twitter:label1\" content=\"Escrito por\" \/>\n\t<meta name=\"twitter:data1\" content=\"El Imparcial\" \/>\n\t<meta name=\"twitter:label2\" content=\"Tiempo de lectura\" \/>\n\t<meta name=\"twitter:data2\" content=\"3 minutos\" \/>\n<script type=\"application\/ld+json\" class=\"yoast-schema-graph\">{\"@context\":\"https:\\\/\\\/schema.org\",\"@graph\":[{\"@type\":\"Article\",\"@id\":\"https:\\\/\\\/fuentesfidedignas.com.mx\\\/index.php\\\/2026\\\/02\\\/13\\\/mueren-cuatro-personas-y-25-resultan-lesionadas-en-accidente-carretero-en-caborca\\\/#article\",\"isPartOf\":{\"@id\":\"https:\\\/\\\/fuentesfidedignas.com.mx\\\/index.php\\\/2026\\\/02\\\/13\\\/mueren-cuatro-personas-y-25-resultan-lesionadas-en-accidente-carretero-en-caborca\\\/\"},\"author\":{\"name\":\"El Imparcial\",\"@id\":\"https:\\\/\\\/fuentesfidedignas.com.mx\\\/#\\\/schema\\\/person\\\/ff4db17f8fd9c584e0cfc2a0c436b8a1\"},\"headline\":\"Mueren cuatro personas y 25 resultan lesionadas en accidente carretero en Caborca\",\"datePublished\":\"2026-02-13T15:47:36+00:00\",\"dateModified\":\"2026-02-13T15:50:31+00:00\",\"mainEntityOfPage\":{\"@id\":\"https:\\\/\\\/fuentesfidedignas.com.mx\\\/index.php\\\/2026\\\/02\\\/13\\\/mueren-cuatro-personas-y-25-resultan-lesionadas-en-accidente-carretero-en-caborca\\\/\"},\"wordCount\":450,\"commentCount\":0,\"publisher\":{\"@id\":\"https:\\\/\\\/fuentesfidedignas.com.mx\\\/#organization\"},\"image\":{\"@id\":\"https:\\\/\\\/fuentesfidedignas.com.mx\\\/index.php\\\/2026\\\/02\\\/13\\\/mueren-cuatro-personas-y-25-resultan-lesionadas-en-accidente-carretero-en-caborca\\\/#primaryimage\"},\"thumbnailUrl\":\"https:\\\/\\\/fuentesfidedignas.com.mx\\\/wp-content\\\/uploads\\\/2026\\\/02\\\/camionazo_tufesa.jpg\",\"articleSection\":[\"NOTICIAS NACIONALES\"],\"inLanguage\":\"es\",\"potentialAction\":[{\"@type\":\"CommentAction\",\"name\":\"Comment\",\"target\":[\"https:\\\/\\\/fuentesfidedignas.com.mx\\\/index.php\\\/2026\\\/02\\\/13\\\/mueren-cuatro-personas-y-25-resultan-lesionadas-en-accidente-carretero-en-caborca\\\/#respond\"]}]},{\"@type\":\"WebPage\",\"@id\":\"https:\\\/\\\/fuentesfidedignas.com.mx\\\/index.php\\\/2026\\\/02\\\/13\\\/mueren-cuatro-personas-y-25-resultan-lesionadas-en-accidente-carretero-en-caborca\\\/\",\"url\":\"https:\\\/\\\/fuentesfidedignas.com.mx\\\/index.php\\\/2026\\\/02\\\/13\\\/mueren-cuatro-personas-y-25-resultan-lesionadas-en-accidente-carretero-en-caborca\\\/\",\"name\":\"Mueren cuatro personas y 25 resultan lesionadas en accidente carretero en Caborca - Fuentes Fidedignas\",\"isPartOf\":{\"@id\":\"https:\\\/\\\/fuentesfidedignas.com.mx\\\/#website\"},\"primaryImageOfPage\":{\"@id\":\"https:\\\/\\\/fuentesfidedignas.com.mx\\\/index.php\\\/2026\\\/02\\\/13\\\/mueren-cuatro-personas-y-25-resultan-lesionadas-en-accidente-carretero-en-caborca\\\/#primaryimage\"},\"image\":{\"@id\":\"https:\\\/\\\/fuentesfidedignas.com.mx\\\/index.php\\\/2026\\\/02\\\/13\\\/mueren-cuatro-personas-y-25-resultan-lesionadas-en-accidente-carretero-en-caborca\\\/#primaryimage\"},\"thumbnailUrl\":\"https:\\\/\\\/fuentesfidedignas.com.mx\\\/wp-content\\\/uploads\\\/2026\\\/02\\\/camionazo_tufesa.jpg\",\"datePublished\":\"2026-02-13T15:47:36+00:00\",\"dateModified\":\"2026-02-13T15:50:31+00:00\",\"breadcrumb\":{\"@id\":\"https:\\\/\\\/fuentesfidedignas.com.mx\\\/index.php\\\/2026\\\/02\\\/13\\\/mueren-cuatro-personas-y-25-resultan-lesionadas-en-accidente-carretero-en-caborca\\\/#breadcrumb\"},\"inLanguage\":\"es\",\"potentialAction\":[{\"@type\":\"ReadAction\",\"target\":[\"https:\\\/\\\/fuentesfidedignas.com.mx\\\/index.php\\\/2026\\\/02\\\/13\\\/mueren-cuatro-personas-y-25-resultan-lesionadas-en-accidente-carretero-en-caborca\\\/\"]}]},{\"@type\":\"ImageObject\",\"inLanguage\":\"es\",\"@id\":\"https:\\\/\\\/fuentesfidedignas.com.mx\\\/index.php\\\/2026\\\/02\\\/13\\\/mueren-cuatro-personas-y-25-resultan-lesionadas-en-accidente-carretero-en-caborca\\\/#primaryimage\",\"url\":\"https:\\\/\\\/fuentesfidedignas.com.mx\\\/wp-content\\\/uploads\\\/2026\\\/02\\\/camionazo_tufesa.jpg\",\"contentUrl\":\"https:\\\/\\\/fuentesfidedignas.com.mx\\\/wp-content\\\/uploads\\\/2026\\\/02\\\/camionazo_tufesa.jpg\",\"width\":500,\"height\":267},{\"@type\":\"BreadcrumbList\",\"@id\":\"https:\\\/\\\/fuentesfidedignas.com.mx\\\/index.php\\\/2026\\\/02\\\/13\\\/mueren-cuatro-personas-y-25-resultan-lesionadas-en-accidente-carretero-en-caborca\\\/#breadcrumb\",\"itemListElement\":[{\"@type\":\"ListItem\",\"position\":1,\"name\":\"Inicio\",\"item\":\"https:\\\/\\\/fuentesfidedignas.com.mx\\\/\"},{\"@type\":\"ListItem\",\"position\":2,\"name\":\"Mueren cuatro personas y 25 resultan lesionadas en accidente carretero en Caborca\"}]},{\"@type\":\"WebSite\",\"@id\":\"https:\\\/\\\/fuentesfidedignas.com.mx\\\/#website\",\"url\":\"https:\\\/\\\/fuentesfidedignas.com.mx\\\/\",\"name\":\"Fuentes Fidedignas\",\"description\":\"Otro sitio realizado con WordPress\",\"publisher\":{\"@id\":\"https:\\\/\\\/fuentesfidedignas.com.mx\\\/#organization\"},\"potentialAction\":[{\"@type\":\"SearchAction\",\"target\":{\"@type\":\"EntryPoint\",\"urlTemplate\":\"https:\\\/\\\/fuentesfidedignas.com.mx\\\/?s={search_term_string}\"},\"query-input\":{\"@type\":\"PropertyValueSpecification\",\"valueRequired\":true,\"valueName\":\"search_term_string\"}}],\"inLanguage\":\"es\"},{\"@type\":\"Organization\",\"@id\":\"https:\\\/\\\/fuentesfidedignas.com.mx\\\/#organization\",\"name\":\"Fuentes Fidedignas\",\"url\":\"https:\\\/\\\/fuentesfidedignas.com.mx\\\/\",\"logo\":{\"@type\":\"ImageObject\",\"inLanguage\":\"es\",\"@id\":\"https:\\\/\\\/fuentesfidedignas.com.mx\\\/#\\\/schema\\\/logo\\\/image\\\/\",\"url\":\"https:\\\/\\\/fuentesfidedignas.com.mx\\\/wp-content\\\/uploads\\\/2021\\\/04\\\/logo-retina.png\",\"contentUrl\":\"https:\\\/\\\/fuentesfidedignas.com.mx\\\/wp-content\\\/uploads\\\/2021\\\/04\\\/logo-retina.png\",\"width\":280,\"height\":51,\"caption\":\"Fuentes Fidedignas\"},\"image\":{\"@id\":\"https:\\\/\\\/fuentesfidedignas.com.mx\\\/#\\\/schema\\\/logo\\\/image\\\/\"},\"sameAs\":[\"https:\\\/\\\/www.facebook.com\\\/Fuentes-Fidedignas-368234489921644\",\"https:\\\/\\\/x.com\\\/fidedignas\"]},{\"@type\":\"Person\",\"@id\":\"https:\\\/\\\/fuentesfidedignas.com.mx\\\/#\\\/schema\\\/person\\\/ff4db17f8fd9c584e0cfc2a0c436b8a1\",\"name\":\"El Imparcial\",\"image\":{\"@type\":\"ImageObject\",\"inLanguage\":\"es\",\"@id\":\"https:\\\/\\\/secure.gravatar.com\\\/avatar\\\/accd6807585a75316c237ee783498317be6f66ab34c47c940966f26a3f613161?s=96&d=mm&r=g\",\"url\":\"https:\\\/\\\/secure.gravatar.com\\\/avatar\\\/accd6807585a75316c237ee783498317be6f66ab34c47c940966f26a3f613161?s=96&d=mm&r=g\",\"contentUrl\":\"https:\\\/\\\/secure.gravatar.com\\\/avatar\\\/accd6807585a75316c237ee783498317be6f66ab34c47c940966f26a3f613161?s=96&d=mm&r=g\",\"caption\":\"El Imparcial\"},\"url\":\"https:\\\/\\\/fuentesfidedignas.com.mx\\\/index.php\\\/author\\\/imparcial\\\/\"}]}<\/script>\n<!-- \/ Yoast SEO plugin. -->","yoast_head_json":{"title":"Mueren cuatro personas y 25 resultan lesionadas en accidente carretero en Caborca - Fuentes Fidedignas","robots":{"index":"index","follow":"follow","max-snippet":"max-snippet:-1","max-image-preview":"max-image-preview:large","max-video-preview":"max-video-preview:-1"},"canonical":"https:\/\/fuentesfidedignas.com.mx\/index.php\/2026\/02\/13\/mueren-cuatro-personas-y-25-resultan-lesionadas-en-accidente-carretero-en-caborca\/","og_locale":"es_MX","og_type":"article","og_title":"Mueren cuatro personas y 25 resultan lesionadas en accidente carretero en Caborca - Fuentes Fidedignas","og_description":"Cuerpos de emergencia trasladaron a los lesionados a distintos hospitales y mantienen labores en la zona por lo que se recomienda precauci\u00f3n al tr\u00e1nsito. SONORA.- Un aparatoso accidente entre un autob\u00fas de pasajeros y un tractocami\u00f3n ocurri\u00f3 en el kil\u00f3metro 118 del tramo Sonoyta\u2013Caborca, cuerpos de emergencia y seguridad atienden de manera inmediata el hecho [&hellip;]","og_url":"https:\/\/fuentesfidedignas.com.mx\/index.php\/2026\/02\/13\/mueren-cuatro-personas-y-25-resultan-lesionadas-en-accidente-carretero-en-caborca\/","og_site_name":"Fuentes Fidedignas","article_publisher":"https:\/\/www.facebook.com\/Fuentes-Fidedignas-368234489921644","article_published_time":"2026-02-13T15:47:36+00:00","article_modified_time":"2026-02-13T15:50:31+00:00","og_image":[{"width":500,"height":267,"url":"https:\/\/fuentesfidedignas.com.mx\/wp-content\/uploads\/2026\/02\/camionazo_tufesa.jpg","type":"image\/jpeg"}],"author":"El Imparcial","twitter_card":"summary_large_image","twitter_creator":"@fidedignas","twitter_site":"@fidedignas","twitter_misc":{"Escrito por":"El Imparcial","Tiempo de lectura":"3 minutos"},"schema":{"@context":"https:\/\/schema.org","@graph":[{"@type":"Article","@id":"https:\/\/fuentesfidedignas.com.mx\/index.php\/2026\/02\/13\/mueren-cuatro-personas-y-25-resultan-lesionadas-en-accidente-carretero-en-caborca\/#article","isPartOf":{"@id":"https:\/\/fuentesfidedignas.com.mx\/index.php\/2026\/02\/13\/mueren-cuatro-personas-y-25-resultan-lesionadas-en-accidente-carretero-en-caborca\/"},"author":{"name":"El Imparcial","@id":"https:\/\/fuentesfidedignas.com.mx\/#\/schema\/person\/ff4db17f8fd9c584e0cfc2a0c436b8a1"},"headline":"Mueren cuatro personas y 25 resultan lesionadas en accidente carretero en Caborca","datePublished":"2026-02-13T15:47:36+00:00","dateModified":"2026-02-13T15:50:31+00:00","mainEntityOfPage":{"@id":"https:\/\/fuentesfidedignas.com.mx\/index.php\/2026\/02\/13\/mueren-cuatro-personas-y-25-resultan-lesionadas-en-accidente-carretero-en-caborca\/"},"wordCount":450,"commentCount":0,"publisher":{"@id":"https:\/\/fuentesfidedignas.com.mx\/#organization"},"image":{"@id":"https:\/\/fuentesfidedignas.com.mx\/index.php\/2026\/02\/13\/mueren-cuatro-personas-y-25-resultan-lesionadas-en-accidente-carretero-en-caborca\/#primaryimage"},"thumbnailUrl":"https:\/\/fuentesfidedignas.com.mx\/wp-content\/uploads\/2026\/02\/camionazo_tufesa.jpg","articleSection":["NOTICIAS NACIONALES"],"inLanguage":"es","potentialAction":[{"@type":"CommentAction","name":"Comment","target":["https:\/\/fuentesfidedignas.com.mx\/index.php\/2026\/02\/13\/mueren-cuatro-personas-y-25-resultan-lesionadas-en-accidente-carretero-en-caborca\/#respond"]}]},{"@type":"WebPage","@id":"https:\/\/fuentesfidedignas.com.mx\/index.php\/2026\/02\/13\/mueren-cuatro-personas-y-25-resultan-lesionadas-en-accidente-carretero-en-caborca\/","url":"https:\/\/fuentesfidedignas.com.mx\/index.php\/2026\/02\/13\/mueren-cuatro-personas-y-25-resultan-lesionadas-en-accidente-carretero-en-caborca\/","name":"Mueren cuatro personas y 25 resultan lesionadas en accidente carretero en Caborca - Fuentes Fidedignas","isPartOf":{"@id":"https:\/\/fuentesfidedignas.com.mx\/#website"},"primaryImageOfPage":{"@id":"https:\/\/fuentesfidedignas.com.mx\/index.php\/2026\/02\/13\/mueren-cuatro-personas-y-25-resultan-lesionadas-en-accidente-carretero-en-caborca\/#primaryimage"},"image":{"@id":"https:\/\/fuentesfidedignas.com.mx\/index.php\/2026\/02\/13\/mueren-cuatro-personas-y-25-resultan-lesionadas-en-accidente-carretero-en-caborca\/#primaryimage"},"thumbnailUrl":"https:\/\/fuentesfidedignas.com.mx\/wp-content\/uploads\/2026\/02\/camionazo_tufesa.jpg","datePublished":"2026-02-13T15:47:36+00:00","dateModified":"2026-02-13T15:50:31+00:00","breadcrumb":{"@id":"https:\/\/fuentesfidedignas.com.mx\/index.php\/2026\/02\/13\/mueren-cuatro-personas-y-25-resultan-lesionadas-en-accidente-carretero-en-caborca\/#breadcrumb"},"inLanguage":"es","potentialAction":[{"@type":"ReadAction","target":["https:\/\/fuentesfidedignas.com.mx\/index.php\/2026\/02\/13\/mueren-cuatro-personas-y-25-resultan-lesionadas-en-accidente-carretero-en-caborca\/"]}]},{"@type":"ImageObject","inLanguage":"es","@id":"https:\/\/fuentesfidedignas.com.mx\/index.php\/2026\/02\/13\/mueren-cuatro-personas-y-25-resultan-lesionadas-en-accidente-carretero-en-caborca\/#primaryimage","url":"https:\/\/fuentesfidedignas.com.mx\/wp-content\/uploads\/2026\/02\/camionazo_tufesa.jpg","contentUrl":"https:\/\/fuentesfidedignas.com.mx\/wp-content\/uploads\/2026\/02\/camionazo_tufesa.jpg","width":500,"height":267},{"@type":"BreadcrumbList","@id":"https:\/\/fuentesfidedignas.com.mx\/index.php\/2026\/02\/13\/mueren-cuatro-personas-y-25-resultan-lesionadas-en-accidente-carretero-en-caborca\/#breadcrumb","itemListElement":[{"@type":"ListItem","position":1,"name":"Inicio","item":"https:\/\/fuentesfidedignas.com.mx\/"},{"@type":"ListItem","position":2,"name":"Mueren cuatro personas y 25 resultan lesionadas en accidente carretero en Caborca"}]},{"@type":"WebSite","@id":"https:\/\/fuentesfidedignas.com.mx\/#website","url":"https:\/\/fuentesfidedignas.com.mx\/","name":"Fuentes Fidedignas","description":"Otro sitio realizado con WordPress","publisher":{"@id":"https:\/\/fuentesfidedignas.com.mx\/#organization"},"potentialAction":[{"@type":"SearchAction","target":{"@type":"EntryPoint","urlTemplate":"https:\/\/fuentesfidedignas.com.mx\/?s={search_term_string}"},"query-input":{"@type":"PropertyValueSpecification","valueRequired":true,"valueName":"search_term_string"}}],"inLanguage":"es"},{"@type":"Organization","@id":"https:\/\/fuentesfidedignas.com.mx\/#organization","name":"Fuentes Fidedignas","url":"https:\/\/fuentesfidedignas.com.mx\/","logo":{"@type":"ImageObject","inLanguage":"es","@id":"https:\/\/fuentesfidedignas.com.mx\/#\/schema\/logo\/image\/","url":"https:\/\/fuentesfidedignas.com.mx\/wp-content\/uploads\/2021\/04\/logo-retina.png","contentUrl":"https:\/\/fuentesfidedignas.com.mx\/wp-content\/uploads\/2021\/04\/logo-retina.png","width":280,"height":51,"caption":"Fuentes Fidedignas"},"image":{"@id":"https:\/\/fuentesfidedignas.com.mx\/#\/schema\/logo\/image\/"},"sameAs":["https:\/\/www.facebook.com\/Fuentes-Fidedignas-368234489921644","https:\/\/x.com\/fidedignas"]},{"@type":"Person","@id":"https:\/\/fuentesfidedignas.com.mx\/#\/schema\/person\/ff4db17f8fd9c584e0cfc2a0c436b8a1","name":"El Imparcial","image":{"@type":"ImageObject","inLanguage":"es","@id":"https:\/\/secure.gravatar.com\/avatar\/accd6807585a75316c237ee783498317be6f66ab34c47c940966f26a3f613161?s=96&d=mm&r=g","url":"https:\/\/secure.gravatar.com\/avatar\/accd6807585a75316c237ee783498317be6f66ab34c47c940966f26a3f613161?s=96&d=mm&r=g","contentUrl":"https:\/\/secure.gravatar.com\/avatar\/accd6807585a75316c237ee783498317be6f66ab34c47c940966f26a3f613161?s=96&d=mm&r=g","caption":"El Imparcial"},"url":"https:\/\/fuentesfidedignas.com.mx\/index.php\/author\/imparcial\/"}]}},"_links":{"self":[{"href":"https:\/\/fuentesfidedignas.com.mx\/index.php\/wp-json\/wp\/v2\/posts\/127205","targetHints":{"allow":["GET"]}}],"collection":[{"href":"https:\/\/fuentesfidedignas.com.mx\/index.php\/wp-json\/wp\/v2\/posts"}],"about":[{"href":"https:\/\/fuentesfidedignas.com.mx\/index.php\/wp-json\/wp\/v2\/types\/post"}],"author":[{"embeddable":true,"href":"https:\/\/fuentesfidedignas.com.mx\/index.php\/wp-json\/wp\/v2\/users\/40"}],"replies":[{"embeddable":true,"href":"https:\/\/fuentesfidedignas.com.mx\/index.php\/wp-json\/wp\/v2\/comments?post=127205"}],"version-history":[{"count":2,"href":"https:\/\/fuentesfidedignas.com.mx\/index.php\/wp-json\/wp\/v2\/posts\/127205\/revisions"}],"predecessor-version":[{"id":127210,"href":"https:\/\/fuentesfidedignas.com.mx\/index.php\/wp-json\/wp\/v2\/posts\/127205\/revisions\/127210"}],"wp:featuredmedia":[{"embeddable":true,"href":"https:\/\/fuentesfidedignas.com.mx\/index.php\/wp-json\/wp\/v2\/media\/127208"}],"wp:attachment":[{"href":"https:\/\/fuentesfidedignas.com.mx\/index.php\/wp-json\/wp\/v2\/media?parent=127205"}],"wp:term":[{"taxonomy":"category","embeddable":true,"href":"https:\/\/fuentesfidedignas.com.mx\/index.php\/wp-json\/wp\/v2\/categories?post=127205"},{"taxonomy":"post_tag","embeddable":true,"href":"https:\/\/fuentesfidedignas.com.mx\/index.php\/wp-json\/wp\/v2\/tags?post=127205"}],"curies":[{"name":"wp","href":"https:\/\/api.w.org\/{rel}","templated":true}]}}