{"id":127135,"date":"2026-02-12T09:01:48","date_gmt":"2026-02-12T16:01:48","guid":{"rendered":"https:\/\/fuentesfidedignas.com.mx\/?p=127135"},"modified":"2026-02-12T09:01:57","modified_gmt":"2026-02-12T16:01:57","slug":"cinco-mineros-de-concordia-siguen-desaparecidos-confirma-minera-canadiense","status":"publish","type":"post","link":"https:\/\/fuentesfidedignas.com.mx\/index.php\/2026\/02\/12\/cinco-mineros-de-concordia-siguen-desaparecidos-confirma-minera-canadiense\/","title":{"rendered":"Cinco mineros de Concordia siguen desaparecidos, confirma minera canadiense"},"content":{"rendered":"\n<p><strong><em>La empresa asegura que mantiene una pol\u00edtica de \u201ctolerancia cero hacia el soborno, la corrupci\u00f3n, la extorsi\u00f3n y cualquier forma de conducta ilegal o poco \u00e9tica\u201d<\/em><\/strong><\/p>\n\n\n\n<p>La minera canadiense Vizsla Silver confirm\u00f3 este jueves que cinco de los 10 mineros secuestrados en Concordia, Sinaloa, permanecen desaparecidos, y afirm\u00f3 que trabaja con asesores de seguridad adem\u00e1s de que colabora con las autoridades mexicanas.<\/p>\n\n\n\n<p>En un comunicado, inform\u00f3 que brinda \u201cayuda pr\u00e1ctica y econ\u00f3mica\u201d a los familiares de los mineros secuestrados, a la vez que defendi\u00f3 las medidas de seguridad y asegur\u00f3 que mantiene una pol\u00edtica de \u201ctolerancia cero hacia el soborno, la corrupci\u00f3n, la extorsi\u00f3n y cualquier forma de conducta ilegal o poco \u00e9tica\u201d.<\/p>\n\n\n\n<p>\u201cEste es un momento incre\u00edblemente doloroso para las familias de nuestros compa\u00f1eros, para nuestro equipo y para la comunidad de Concordia\u201d, se\u00f1al\u00f3 en el comunicado Michael Konnert, presidente y director ejecutivo de la minera.<\/p>\n\n\n\n<p>\u201cEstamos con las familias y hacemos todo lo posible para apoyarlas, al tiempo que cuidamos de nuestros compa\u00f1eros durante este dif\u00edcil periodo\u201d, agreg\u00f3.<\/p>\n\n\n\n<p>Sobre este caso, el gobierno mexicano report\u00f3 que cinco de los mineros secuestrados fueron encontrados muertos, y que fueron localizados otros cinco cad\u00e1veres, en cuya identificaci\u00f3n se trabaja.<\/p>\n\n\n\n<p>El secretario de Seguridad y Protecci\u00f3n Ciudadana de M\u00e9xico, Omar Garc\u00eda Harfuch, inform\u00f3 que de acuerdo con las primeras investigaciones, los mineros secuestrados fueron \u201cconfundidos\u201d con \u201cintegrantes de un grupo antag\u00f3nico\u201d.<\/p>\n\n\n\n<p>Hay cuatro personas detenidas en relaci\u00f3n con este caso, que son integrantes del grupo criminal \u201cLos Chapitos\u201d.<\/p>\n\n\n\n<p>El comunicado de Vizsla subraya que la compa\u00f1\u00eda \u201creafirma su adhesi\u00f3n a las mejores pr\u00e1cticas en materia de seguridad y gobernanza\u201d.<\/p>\n\n\n\n<p>Asegur\u00f3 que est\u00e1 centrada en apoyar a las familias afectadas. \u201cVizsla Silver est\u00e1 en contacto directo con las familias afectadas y les est\u00e1 proporcionando ayuda pr\u00e1ctica y econ\u00f3mica, as\u00ed como acceso a los servicios de apoyo adecuados. Los representantes de la empresa seguir\u00e1n colaborando estrechamente con las familias para satisfacer sus necesidades cambiantes. Adem\u00e1s, Vizsla Silver est\u00e1 apoyando a sus equipos de M\u00e9xico y Canad\u00e1 con acceso a terapia para el duelo y horarios de trabajo flexibles\u201d.<\/p>\n\n\n\n<p>El comunicado enfatiza los esfuerzos e inversiones en materia de seguridad que ha hecho la empresa, \u201ccon una supervisi\u00f3n activa por parte de la direcci\u00f3n, que incluye visitas peri\u00f3dicas a las instalaciones. Si bien las medidas de seguridad espec\u00edficas requieren un cierto grado de confidencialidad, la empresa desea informar de que trabaja con asesores de seguridad experimentados y reconocidos internacionalmente y eval\u00faa continuamente las condiciones en todas sus \u00e1reas de operaci\u00f3n. Las decisiones se basan en un seguimiento y una inteligencia continuos, y la empresa act\u00faa con la m\u00e1xima cautela bas\u00e1ndose en la informaci\u00f3n disponible en cada momento\u201d.<\/p>\n\n\n\n<p><strong>Empresa colabora con autoridades mexicanas en caso de mineros desaparecidos en Concordia<\/strong><br>Declara que existe una \u201cplena cooperaci\u00f3n\u201d con las autoridades mexicanas mientras avanzan las investigaciones y asegur\u00f3 que \u201cla empresa est\u00e1 revisando minuciosamente las circunstancias que rodean los tr\u00e1gicos acontecimientos recientes\u201d.<\/p>\n\n\n\n<p>La empresa explica que el trabajo en el proyecto Panuco contin\u00faa mientras las operaciones en el sitio permanecen suspendidas.<\/p>\n\n\n\n<p>El comunicado concluye con una declaraci\u00f3n de Konnert en la que afirma que \u201cestamos tomando las medidas necesarias para atravesar este periodo de forma responsable. Seguiremos apoyando a las familias afectadas y a nuestro equipo, mantendremos nuestro compromiso con las autoridades pertinentes y nos aseguraremos de que la seguridad siga guiando todas nuestras decisiones.<\/p>\n\n\n\n<p>&#8220;Al mismo tiempo, seguimos comprometidos con la protecci\u00f3n del valor y la solidez a largo plazo de Vizsla Silver en beneficio de todas las partes interesadas y de la comunidad de Concordia\u201d, indic\u00f3.<\/p>\n","protected":false},"excerpt":{"rendered":"<p>La empresa asegura que mantiene una pol\u00edtica de \u201ctolerancia cero hacia el soborno, la corrupci\u00f3n, la extorsi\u00f3n y cualquier forma de conducta ilegal o poco \u00e9tica\u201d La minera canadiense Vizsla Silver confirm\u00f3 este jueves que cinco de los 10 mineros secuestrados en Concordia, Sinaloa, permanecen desaparecidos, y afirm\u00f3 que trabaja con asesores de seguridad adem\u00e1s [&hellip;]<\/p>\n","protected":false},"author":39,"featured_media":127136,"comment_status":"open","ping_status":"open","sticky":false,"template":"","format":"standard","meta":{"tdm_status":"","tdm_grid_status":"","footnotes":""},"categories":[37],"tags":[],"class_list":{"0":"post-127135","1":"post","2":"type-post","3":"status-publish","4":"format-standard","5":"has-post-thumbnail","7":"category-nota-principal"},"yoast_head":"<!-- This site is optimized with the Yoast SEO plugin v27.5 - https:\/\/yoast.com\/product\/yoast-seo-wordpress\/ -->\n<title>Cinco mineros de Concordia siguen desaparecidos, confirma minera canadiense - Fuentes Fidedignas<\/title>\n<meta name=\"robots\" content=\"index, follow, max-snippet:-1, max-image-preview:large, max-video-preview:-1\" \/>\n<link rel=\"canonical\" href=\"https:\/\/fuentesfidedignas.com.mx\/index.php\/2026\/02\/12\/cinco-mineros-de-concordia-siguen-desaparecidos-confirma-minera-canadiense\/\" \/>\n<meta property=\"og:locale\" content=\"es_MX\" \/>\n<meta property=\"og:type\" content=\"article\" \/>\n<meta property=\"og:title\" content=\"Cinco mineros de Concordia siguen desaparecidos, confirma minera canadiense - Fuentes Fidedignas\" \/>\n<meta property=\"og:description\" content=\"La empresa asegura que mantiene una pol\u00edtica de \u201ctolerancia cero hacia el soborno, la corrupci\u00f3n, la extorsi\u00f3n y cualquier forma de conducta ilegal o poco \u00e9tica\u201d La minera canadiense Vizsla Silver confirm\u00f3 este jueves que cinco de los 10 mineros secuestrados en Concordia, Sinaloa, permanecen desaparecidos, y afirm\u00f3 que trabaja con asesores de seguridad adem\u00e1s [&hellip;]\" \/>\n<meta property=\"og:url\" content=\"https:\/\/fuentesfidedignas.com.mx\/index.php\/2026\/02\/12\/cinco-mineros-de-concordia-siguen-desaparecidos-confirma-minera-canadiense\/\" \/>\n<meta property=\"og:site_name\" content=\"Fuentes Fidedignas\" \/>\n<meta property=\"article:publisher\" content=\"https:\/\/www.facebook.com\/Fuentes-Fidedignas-368234489921644\" \/>\n<meta property=\"article:published_time\" content=\"2026-02-12T16:01:48+00:00\" \/>\n<meta property=\"article:modified_time\" content=\"2026-02-12T16:01:57+00:00\" \/>\n<meta property=\"og:image\" content=\"https:\/\/fuentesfidedignas.com.mx\/wp-content\/uploads\/2026\/02\/mineros_concordia.jpg\" \/>\n\t<meta property=\"og:image:width\" content=\"500\" \/>\n\t<meta property=\"og:image:height\" content=\"303\" \/>\n\t<meta property=\"og:image:type\" content=\"image\/jpeg\" \/>\n<meta name=\"author\" content=\"El Universal\" \/>\n<meta name=\"twitter:card\" content=\"summary_large_image\" \/>\n<meta name=\"twitter:creator\" content=\"@fidedignas\" \/>\n<meta name=\"twitter:site\" content=\"@fidedignas\" \/>\n<meta name=\"twitter:label1\" content=\"Escrito por\" \/>\n\t<meta name=\"twitter:data1\" content=\"El Universal\" \/>\n\t<meta name=\"twitter:label2\" content=\"Tiempo de lectura\" \/>\n\t<meta name=\"twitter:data2\" content=\"3 minutos\" \/>\n<script type=\"application\/ld+json\" class=\"yoast-schema-graph\">{\"@context\":\"https:\\\/\\\/schema.org\",\"@graph\":[{\"@type\":\"Article\",\"@id\":\"https:\\\/\\\/fuentesfidedignas.com.mx\\\/index.php\\\/2026\\\/02\\\/12\\\/cinco-mineros-de-concordia-siguen-desaparecidos-confirma-minera-canadiense\\\/#article\",\"isPartOf\":{\"@id\":\"https:\\\/\\\/fuentesfidedignas.com.mx\\\/index.php\\\/2026\\\/02\\\/12\\\/cinco-mineros-de-concordia-siguen-desaparecidos-confirma-minera-canadiense\\\/\"},\"author\":{\"name\":\"El Universal\",\"@id\":\"https:\\\/\\\/fuentesfidedignas.com.mx\\\/#\\\/schema\\\/person\\\/fee3882e65fd0510d292c43a346d35d7\"},\"headline\":\"Cinco mineros de Concordia siguen desaparecidos, confirma minera canadiense\",\"datePublished\":\"2026-02-12T16:01:48+00:00\",\"dateModified\":\"2026-02-12T16:01:57+00:00\",\"mainEntityOfPage\":{\"@id\":\"https:\\\/\\\/fuentesfidedignas.com.mx\\\/index.php\\\/2026\\\/02\\\/12\\\/cinco-mineros-de-concordia-siguen-desaparecidos-confirma-minera-canadiense\\\/\"},\"wordCount\":642,\"commentCount\":0,\"publisher\":{\"@id\":\"https:\\\/\\\/fuentesfidedignas.com.mx\\\/#organization\"},\"image\":{\"@id\":\"https:\\\/\\\/fuentesfidedignas.com.mx\\\/index.php\\\/2026\\\/02\\\/12\\\/cinco-mineros-de-concordia-siguen-desaparecidos-confirma-minera-canadiense\\\/#primaryimage\"},\"thumbnailUrl\":\"https:\\\/\\\/fuentesfidedignas.com.mx\\\/wp-content\\\/uploads\\\/2026\\\/02\\\/mineros_concordia.jpg\",\"articleSection\":[\"NOTA PRINCIPAL\"],\"inLanguage\":\"es\",\"potentialAction\":[{\"@type\":\"CommentAction\",\"name\":\"Comment\",\"target\":[\"https:\\\/\\\/fuentesfidedignas.com.mx\\\/index.php\\\/2026\\\/02\\\/12\\\/cinco-mineros-de-concordia-siguen-desaparecidos-confirma-minera-canadiense\\\/#respond\"]}]},{\"@type\":\"WebPage\",\"@id\":\"https:\\\/\\\/fuentesfidedignas.com.mx\\\/index.php\\\/2026\\\/02\\\/12\\\/cinco-mineros-de-concordia-siguen-desaparecidos-confirma-minera-canadiense\\\/\",\"url\":\"https:\\\/\\\/fuentesfidedignas.com.mx\\\/index.php\\\/2026\\\/02\\\/12\\\/cinco-mineros-de-concordia-siguen-desaparecidos-confirma-minera-canadiense\\\/\",\"name\":\"Cinco mineros de Concordia siguen desaparecidos, confirma minera canadiense - Fuentes Fidedignas\",\"isPartOf\":{\"@id\":\"https:\\\/\\\/fuentesfidedignas.com.mx\\\/#website\"},\"primaryImageOfPage\":{\"@id\":\"https:\\\/\\\/fuentesfidedignas.com.mx\\\/index.php\\\/2026\\\/02\\\/12\\\/cinco-mineros-de-concordia-siguen-desaparecidos-confirma-minera-canadiense\\\/#primaryimage\"},\"image\":{\"@id\":\"https:\\\/\\\/fuentesfidedignas.com.mx\\\/index.php\\\/2026\\\/02\\\/12\\\/cinco-mineros-de-concordia-siguen-desaparecidos-confirma-minera-canadiense\\\/#primaryimage\"},\"thumbnailUrl\":\"https:\\\/\\\/fuentesfidedignas.com.mx\\\/wp-content\\\/uploads\\\/2026\\\/02\\\/mineros_concordia.jpg\",\"datePublished\":\"2026-02-12T16:01:48+00:00\",\"dateModified\":\"2026-02-12T16:01:57+00:00\",\"breadcrumb\":{\"@id\":\"https:\\\/\\\/fuentesfidedignas.com.mx\\\/index.php\\\/2026\\\/02\\\/12\\\/cinco-mineros-de-concordia-siguen-desaparecidos-confirma-minera-canadiense\\\/#breadcrumb\"},\"inLanguage\":\"es\",\"potentialAction\":[{\"@type\":\"ReadAction\",\"target\":[\"https:\\\/\\\/fuentesfidedignas.com.mx\\\/index.php\\\/2026\\\/02\\\/12\\\/cinco-mineros-de-concordia-siguen-desaparecidos-confirma-minera-canadiense\\\/\"]}]},{\"@type\":\"ImageObject\",\"inLanguage\":\"es\",\"@id\":\"https:\\\/\\\/fuentesfidedignas.com.mx\\\/index.php\\\/2026\\\/02\\\/12\\\/cinco-mineros-de-concordia-siguen-desaparecidos-confirma-minera-canadiense\\\/#primaryimage\",\"url\":\"https:\\\/\\\/fuentesfidedignas.com.mx\\\/wp-content\\\/uploads\\\/2026\\\/02\\\/mineros_concordia.jpg\",\"contentUrl\":\"https:\\\/\\\/fuentesfidedignas.com.mx\\\/wp-content\\\/uploads\\\/2026\\\/02\\\/mineros_concordia.jpg\",\"width\":500,\"height\":303},{\"@type\":\"BreadcrumbList\",\"@id\":\"https:\\\/\\\/fuentesfidedignas.com.mx\\\/index.php\\\/2026\\\/02\\\/12\\\/cinco-mineros-de-concordia-siguen-desaparecidos-confirma-minera-canadiense\\\/#breadcrumb\",\"itemListElement\":[{\"@type\":\"ListItem\",\"position\":1,\"name\":\"Inicio\",\"item\":\"https:\\\/\\\/fuentesfidedignas.com.mx\\\/\"},{\"@type\":\"ListItem\",\"position\":2,\"name\":\"Cinco mineros de Concordia siguen desaparecidos, confirma minera canadiense\"}]},{\"@type\":\"WebSite\",\"@id\":\"https:\\\/\\\/fuentesfidedignas.com.mx\\\/#website\",\"url\":\"https:\\\/\\\/fuentesfidedignas.com.mx\\\/\",\"name\":\"Fuentes Fidedignas\",\"description\":\"Otro sitio realizado con WordPress\",\"publisher\":{\"@id\":\"https:\\\/\\\/fuentesfidedignas.com.mx\\\/#organization\"},\"potentialAction\":[{\"@type\":\"SearchAction\",\"target\":{\"@type\":\"EntryPoint\",\"urlTemplate\":\"https:\\\/\\\/fuentesfidedignas.com.mx\\\/?s={search_term_string}\"},\"query-input\":{\"@type\":\"PropertyValueSpecification\",\"valueRequired\":true,\"valueName\":\"search_term_string\"}}],\"inLanguage\":\"es\"},{\"@type\":\"Organization\",\"@id\":\"https:\\\/\\\/fuentesfidedignas.com.mx\\\/#organization\",\"name\":\"Fuentes Fidedignas\",\"url\":\"https:\\\/\\\/fuentesfidedignas.com.mx\\\/\",\"logo\":{\"@type\":\"ImageObject\",\"inLanguage\":\"es\",\"@id\":\"https:\\\/\\\/fuentesfidedignas.com.mx\\\/#\\\/schema\\\/logo\\\/image\\\/\",\"url\":\"https:\\\/\\\/fuentesfidedignas.com.mx\\\/wp-content\\\/uploads\\\/2021\\\/04\\\/logo-retina.png\",\"contentUrl\":\"https:\\\/\\\/fuentesfidedignas.com.mx\\\/wp-content\\\/uploads\\\/2021\\\/04\\\/logo-retina.png\",\"width\":280,\"height\":51,\"caption\":\"Fuentes Fidedignas\"},\"image\":{\"@id\":\"https:\\\/\\\/fuentesfidedignas.com.mx\\\/#\\\/schema\\\/logo\\\/image\\\/\"},\"sameAs\":[\"https:\\\/\\\/www.facebook.com\\\/Fuentes-Fidedignas-368234489921644\",\"https:\\\/\\\/x.com\\\/fidedignas\"]},{\"@type\":\"Person\",\"@id\":\"https:\\\/\\\/fuentesfidedignas.com.mx\\\/#\\\/schema\\\/person\\\/fee3882e65fd0510d292c43a346d35d7\",\"name\":\"El Universal\",\"image\":{\"@type\":\"ImageObject\",\"inLanguage\":\"es\",\"@id\":\"https:\\\/\\\/secure.gravatar.com\\\/avatar\\\/1ebc94d82b6c3c081781f73e5b76a0d0c1ac7bf8e57426f18802246eeaa2747c?s=96&d=mm&r=g\",\"url\":\"https:\\\/\\\/secure.gravatar.com\\\/avatar\\\/1ebc94d82b6c3c081781f73e5b76a0d0c1ac7bf8e57426f18802246eeaa2747c?s=96&d=mm&r=g\",\"contentUrl\":\"https:\\\/\\\/secure.gravatar.com\\\/avatar\\\/1ebc94d82b6c3c081781f73e5b76a0d0c1ac7bf8e57426f18802246eeaa2747c?s=96&d=mm&r=g\",\"caption\":\"El Universal\"},\"url\":\"https:\\\/\\\/fuentesfidedignas.com.mx\\\/index.php\\\/author\\\/el-universal\\\/\"}]}<\/script>\n<!-- \/ Yoast SEO plugin. -->","yoast_head_json":{"title":"Cinco mineros de Concordia siguen desaparecidos, confirma minera canadiense - Fuentes Fidedignas","robots":{"index":"index","follow":"follow","max-snippet":"max-snippet:-1","max-image-preview":"max-image-preview:large","max-video-preview":"max-video-preview:-1"},"canonical":"https:\/\/fuentesfidedignas.com.mx\/index.php\/2026\/02\/12\/cinco-mineros-de-concordia-siguen-desaparecidos-confirma-minera-canadiense\/","og_locale":"es_MX","og_type":"article","og_title":"Cinco mineros de Concordia siguen desaparecidos, confirma minera canadiense - Fuentes Fidedignas","og_description":"La empresa asegura que mantiene una pol\u00edtica de \u201ctolerancia cero hacia el soborno, la corrupci\u00f3n, la extorsi\u00f3n y cualquier forma de conducta ilegal o poco \u00e9tica\u201d La minera canadiense Vizsla Silver confirm\u00f3 este jueves que cinco de los 10 mineros secuestrados en Concordia, Sinaloa, permanecen desaparecidos, y afirm\u00f3 que trabaja con asesores de seguridad adem\u00e1s [&hellip;]","og_url":"https:\/\/fuentesfidedignas.com.mx\/index.php\/2026\/02\/12\/cinco-mineros-de-concordia-siguen-desaparecidos-confirma-minera-canadiense\/","og_site_name":"Fuentes Fidedignas","article_publisher":"https:\/\/www.facebook.com\/Fuentes-Fidedignas-368234489921644","article_published_time":"2026-02-12T16:01:48+00:00","article_modified_time":"2026-02-12T16:01:57+00:00","og_image":[{"width":500,"height":303,"url":"https:\/\/fuentesfidedignas.com.mx\/wp-content\/uploads\/2026\/02\/mineros_concordia.jpg","type":"image\/jpeg"}],"author":"El Universal","twitter_card":"summary_large_image","twitter_creator":"@fidedignas","twitter_site":"@fidedignas","twitter_misc":{"Escrito por":"El Universal","Tiempo de lectura":"3 minutos"},"schema":{"@context":"https:\/\/schema.org","@graph":[{"@type":"Article","@id":"https:\/\/fuentesfidedignas.com.mx\/index.php\/2026\/02\/12\/cinco-mineros-de-concordia-siguen-desaparecidos-confirma-minera-canadiense\/#article","isPartOf":{"@id":"https:\/\/fuentesfidedignas.com.mx\/index.php\/2026\/02\/12\/cinco-mineros-de-concordia-siguen-desaparecidos-confirma-minera-canadiense\/"},"author":{"name":"El Universal","@id":"https:\/\/fuentesfidedignas.com.mx\/#\/schema\/person\/fee3882e65fd0510d292c43a346d35d7"},"headline":"Cinco mineros de Concordia siguen desaparecidos, confirma minera canadiense","datePublished":"2026-02-12T16:01:48+00:00","dateModified":"2026-02-12T16:01:57+00:00","mainEntityOfPage":{"@id":"https:\/\/fuentesfidedignas.com.mx\/index.php\/2026\/02\/12\/cinco-mineros-de-concordia-siguen-desaparecidos-confirma-minera-canadiense\/"},"wordCount":642,"commentCount":0,"publisher":{"@id":"https:\/\/fuentesfidedignas.com.mx\/#organization"},"image":{"@id":"https:\/\/fuentesfidedignas.com.mx\/index.php\/2026\/02\/12\/cinco-mineros-de-concordia-siguen-desaparecidos-confirma-minera-canadiense\/#primaryimage"},"thumbnailUrl":"https:\/\/fuentesfidedignas.com.mx\/wp-content\/uploads\/2026\/02\/mineros_concordia.jpg","articleSection":["NOTA PRINCIPAL"],"inLanguage":"es","potentialAction":[{"@type":"CommentAction","name":"Comment","target":["https:\/\/fuentesfidedignas.com.mx\/index.php\/2026\/02\/12\/cinco-mineros-de-concordia-siguen-desaparecidos-confirma-minera-canadiense\/#respond"]}]},{"@type":"WebPage","@id":"https:\/\/fuentesfidedignas.com.mx\/index.php\/2026\/02\/12\/cinco-mineros-de-concordia-siguen-desaparecidos-confirma-minera-canadiense\/","url":"https:\/\/fuentesfidedignas.com.mx\/index.php\/2026\/02\/12\/cinco-mineros-de-concordia-siguen-desaparecidos-confirma-minera-canadiense\/","name":"Cinco mineros de Concordia siguen desaparecidos, confirma minera canadiense - Fuentes Fidedignas","isPartOf":{"@id":"https:\/\/fuentesfidedignas.com.mx\/#website"},"primaryImageOfPage":{"@id":"https:\/\/fuentesfidedignas.com.mx\/index.php\/2026\/02\/12\/cinco-mineros-de-concordia-siguen-desaparecidos-confirma-minera-canadiense\/#primaryimage"},"image":{"@id":"https:\/\/fuentesfidedignas.com.mx\/index.php\/2026\/02\/12\/cinco-mineros-de-concordia-siguen-desaparecidos-confirma-minera-canadiense\/#primaryimage"},"thumbnailUrl":"https:\/\/fuentesfidedignas.com.mx\/wp-content\/uploads\/2026\/02\/mineros_concordia.jpg","datePublished":"2026-02-12T16:01:48+00:00","dateModified":"2026-02-12T16:01:57+00:00","breadcrumb":{"@id":"https:\/\/fuentesfidedignas.com.mx\/index.php\/2026\/02\/12\/cinco-mineros-de-concordia-siguen-desaparecidos-confirma-minera-canadiense\/#breadcrumb"},"inLanguage":"es","potentialAction":[{"@type":"ReadAction","target":["https:\/\/fuentesfidedignas.com.mx\/index.php\/2026\/02\/12\/cinco-mineros-de-concordia-siguen-desaparecidos-confirma-minera-canadiense\/"]}]},{"@type":"ImageObject","inLanguage":"es","@id":"https:\/\/fuentesfidedignas.com.mx\/index.php\/2026\/02\/12\/cinco-mineros-de-concordia-siguen-desaparecidos-confirma-minera-canadiense\/#primaryimage","url":"https:\/\/fuentesfidedignas.com.mx\/wp-content\/uploads\/2026\/02\/mineros_concordia.jpg","contentUrl":"https:\/\/fuentesfidedignas.com.mx\/wp-content\/uploads\/2026\/02\/mineros_concordia.jpg","width":500,"height":303},{"@type":"BreadcrumbList","@id":"https:\/\/fuentesfidedignas.com.mx\/index.php\/2026\/02\/12\/cinco-mineros-de-concordia-siguen-desaparecidos-confirma-minera-canadiense\/#breadcrumb","itemListElement":[{"@type":"ListItem","position":1,"name":"Inicio","item":"https:\/\/fuentesfidedignas.com.mx\/"},{"@type":"ListItem","position":2,"name":"Cinco mineros de Concordia siguen desaparecidos, confirma minera canadiense"}]},{"@type":"WebSite","@id":"https:\/\/fuentesfidedignas.com.mx\/#website","url":"https:\/\/fuentesfidedignas.com.mx\/","name":"Fuentes Fidedignas","description":"Otro sitio realizado con WordPress","publisher":{"@id":"https:\/\/fuentesfidedignas.com.mx\/#organization"},"potentialAction":[{"@type":"SearchAction","target":{"@type":"EntryPoint","urlTemplate":"https:\/\/fuentesfidedignas.com.mx\/?s={search_term_string}"},"query-input":{"@type":"PropertyValueSpecification","valueRequired":true,"valueName":"search_term_string"}}],"inLanguage":"es"},{"@type":"Organization","@id":"https:\/\/fuentesfidedignas.com.mx\/#organization","name":"Fuentes Fidedignas","url":"https:\/\/fuentesfidedignas.com.mx\/","logo":{"@type":"ImageObject","inLanguage":"es","@id":"https:\/\/fuentesfidedignas.com.mx\/#\/schema\/logo\/image\/","url":"https:\/\/fuentesfidedignas.com.mx\/wp-content\/uploads\/2021\/04\/logo-retina.png","contentUrl":"https:\/\/fuentesfidedignas.com.mx\/wp-content\/uploads\/2021\/04\/logo-retina.png","width":280,"height":51,"caption":"Fuentes Fidedignas"},"image":{"@id":"https:\/\/fuentesfidedignas.com.mx\/#\/schema\/logo\/image\/"},"sameAs":["https:\/\/www.facebook.com\/Fuentes-Fidedignas-368234489921644","https:\/\/x.com\/fidedignas"]},{"@type":"Person","@id":"https:\/\/fuentesfidedignas.com.mx\/#\/schema\/person\/fee3882e65fd0510d292c43a346d35d7","name":"El Universal","image":{"@type":"ImageObject","inLanguage":"es","@id":"https:\/\/secure.gravatar.com\/avatar\/1ebc94d82b6c3c081781f73e5b76a0d0c1ac7bf8e57426f18802246eeaa2747c?s=96&d=mm&r=g","url":"https:\/\/secure.gravatar.com\/avatar\/1ebc94d82b6c3c081781f73e5b76a0d0c1ac7bf8e57426f18802246eeaa2747c?s=96&d=mm&r=g","contentUrl":"https:\/\/secure.gravatar.com\/avatar\/1ebc94d82b6c3c081781f73e5b76a0d0c1ac7bf8e57426f18802246eeaa2747c?s=96&d=mm&r=g","caption":"El Universal"},"url":"https:\/\/fuentesfidedignas.com.mx\/index.php\/author\/el-universal\/"}]}},"_links":{"self":[{"href":"https:\/\/fuentesfidedignas.com.mx\/index.php\/wp-json\/wp\/v2\/posts\/127135","targetHints":{"allow":["GET"]}}],"collection":[{"href":"https:\/\/fuentesfidedignas.com.mx\/index.php\/wp-json\/wp\/v2\/posts"}],"about":[{"href":"https:\/\/fuentesfidedignas.com.mx\/index.php\/wp-json\/wp\/v2\/types\/post"}],"author":[{"embeddable":true,"href":"https:\/\/fuentesfidedignas.com.mx\/index.php\/wp-json\/wp\/v2\/users\/39"}],"replies":[{"embeddable":true,"href":"https:\/\/fuentesfidedignas.com.mx\/index.php\/wp-json\/wp\/v2\/comments?post=127135"}],"version-history":[{"count":1,"href":"https:\/\/fuentesfidedignas.com.mx\/index.php\/wp-json\/wp\/v2\/posts\/127135\/revisions"}],"predecessor-version":[{"id":127137,"href":"https:\/\/fuentesfidedignas.com.mx\/index.php\/wp-json\/wp\/v2\/posts\/127135\/revisions\/127137"}],"wp:featuredmedia":[{"embeddable":true,"href":"https:\/\/fuentesfidedignas.com.mx\/index.php\/wp-json\/wp\/v2\/media\/127136"}],"wp:attachment":[{"href":"https:\/\/fuentesfidedignas.com.mx\/index.php\/wp-json\/wp\/v2\/media?parent=127135"}],"wp:term":[{"taxonomy":"category","embeddable":true,"href":"https:\/\/fuentesfidedignas.com.mx\/index.php\/wp-json\/wp\/v2\/categories?post=127135"},{"taxonomy":"post_tag","embeddable":true,"href":"https:\/\/fuentesfidedignas.com.mx\/index.php\/wp-json\/wp\/v2\/tags?post=127135"}],"curies":[{"name":"wp","href":"https:\/\/api.w.org\/{rel}","templated":true}]}}