{"id":127052,"date":"2026-02-11T06:34:29","date_gmt":"2026-02-11T13:34:29","guid":{"rendered":"https:\/\/fuentesfidedignas.com.mx\/?p=127052"},"modified":"2026-02-11T06:34:42","modified_gmt":"2026-02-11T13:34:42","slug":"mineros-convocan-a-manifestacion-nacional-tras-hallazgo-de-trabajadores-asesinados-en-concordia","status":"publish","type":"post","link":"https:\/\/fuentesfidedignas.com.mx\/index.php\/2026\/02\/11\/mineros-convocan-a-manifestacion-nacional-tras-hallazgo-de-trabajadores-asesinados-en-concordia\/","title":{"rendered":"Mineros convocan a manifestaci\u00f3n nacional tras hallazgo de trabajadores asesinados\u00a0en Concordia"},"content":{"rendered":"\n<p><strong><em>La Asociaci\u00f3n de Ingenieros de Minas, Metalurgistas y Ge\u00f3logos de M\u00e9xico hizo pronunciamiento p\u00fablico, en el que adem\u00e1s exigi\u00f3 que el crimen no quede impune.<\/em><\/strong><\/p>\n\n\n\n<p>Hermosillo, Sonora.- Trabajadores sector minero saldr\u00e1n a las calles a protestar. La indignaci\u00f3n y el dolor recorren al sector minero de Sonora tras la confirmaci\u00f3n del hallazgo sin vida de ingenieros y ge\u00f3logos -de la empresa canadiense Vizsla- desaparecidos desde el pasado 23 de enero, en Concordia, Sinaloa.<\/p>\n\n\n\n<p>La Asociaci\u00f3n de Ingenieros de Minas, Metalurgistas y Ge\u00f3logos de M\u00e9xico (AIMMGM) convoc\u00f3 a una manifestaci\u00f3n nacional bajo la consigna \u201cLos mineros estamos de luto\u201d, que se realizar\u00e1 el pr\u00f3ximo s\u00e1bado 14 a las 11:00 horas, partiendo de las instalaciones de la asociaci\u00f3n, ubicadas en Guadalupe Victoria y Tabasco, hacia la Catedral Metropolitana de Hermosillo.<\/p>\n\n\n\n<p>\u201cEl sector minero est\u00e1 de duelo. Los mineros merecen volver a casa\u201d, expres\u00f3 el organismo en un pronunciamiento p\u00fablico, en el que adem\u00e1s exigi\u00f3 que el crimen no quede impune y que se refuercen las condiciones de seguridad en las regiones donde se desarrolla esta actividad.<\/p>\n\n\n\n<p>De acuerdo con la informaci\u00f3n oficial, el 23 de enero de 2026 un comando armado irrumpi\u00f3 en un campamento de la empresa canadiense Vizsla Silver Corporation, en el municipio de Concordia, y priv\u00f3 de la libertad a diez trabajadores.<\/p>\n\n\n\n<p>Tras semanas de b\u00fasqueda, la Fiscal\u00eda General de la Rep\u00fablica (FGR), mediante el comunicado 069\/26 emitido el 9 de febrero, confirm\u00f3 la localizaci\u00f3n de diez cuerpos en una fosa clandestina en la comunidad de El Verde, en el mismo municipio.<\/p>\n\n\n\n<p>El operativo fue realizado en coordinaci\u00f3n con el Gabinete de Seguridad federal y autoridades estatales.<\/p>\n\n\n\n<p>Hasta el momento, cinco de los cuerpos han sido identificados oficialmente por sus familiares ante el Servicio M\u00e9dico Forense.<\/p>\n\n\n\n<p>Jos\u00e9 Antonio Jim\u00e9nez Nev\u00e1rez, es el \u00fanico profesionista sonorense que ha sido identificado oficialmente y confirmado sin vida.<\/p>\n\n\n\n<p>Cuando se dio a conocer la privaci\u00f3n ilegal de la libertad de los trabajadores de mina se inform\u00f3 que siete son de Hermosillo.<\/p>\n\n\n\n<p>Los otros cinco cuerpos rescatados de una fosa clandestina permanecen sin identificar oficialmente, en proceso de an\u00e1lisis forense.<\/p>\n\n\n\n<p>El hallazgo ha generado consternaci\u00f3n en el sector minero nacional, particularmente por tratarse de una zona con tradici\u00f3n minera que en los \u00faltimos a\u00f1os ha enfrentado un incremento en los niveles de violencia.<\/p>\n\n\n\n<p>Familiares de las v\u00edctimas demandan el esclarecimiento total de los hechos y castigo a los responsables.<\/p>\n\n\n\n<p>La FGR mantiene abierta la investigaci\u00f3n y contin\u00faa con operativos en la regi\u00f3n.<\/p>\n\n\n\n<p>La movilizaci\u00f3n convocada para este s\u00e1bado busca no s\u00f3lo honrar la memoria de los trabajadores asesinados, sino tambi\u00e9n visibilizar la vulnerabilidad en la que operan cientos de mineros en distintas regiones del pa\u00eds.<\/p>\n\n\n\n<p>\u201cEl crimen no puede quedar impune. Los mineros merecen seguridad y regresar con vida a sus hogares\u201d, reiter\u00f3 la AIMMGM.<\/p>\n","protected":false},"excerpt":{"rendered":"<p>La Asociaci\u00f3n de Ingenieros de Minas, Metalurgistas y Ge\u00f3logos de M\u00e9xico hizo pronunciamiento p\u00fablico, en el que adem\u00e1s exigi\u00f3 que el crimen no quede impune. Hermosillo, Sonora.- Trabajadores sector minero saldr\u00e1n a las calles a protestar. La indignaci\u00f3n y el dolor recorren al sector minero de Sonora tras la confirmaci\u00f3n del hallazgo sin vida de [&hellip;]<\/p>\n","protected":false},"author":39,"featured_media":127053,"comment_status":"open","ping_status":"open","sticky":false,"template":"","format":"standard","meta":{"tdm_status":"","tdm_grid_status":"","footnotes":""},"categories":[39],"tags":[],"class_list":{"0":"post-127052","1":"post","2":"type-post","3":"status-publish","4":"format-standard","5":"has-post-thumbnail","7":"category-noticias-nacionales"},"yoast_head":"<!-- This site is optimized with the Yoast SEO plugin v27.5 - https:\/\/yoast.com\/product\/yoast-seo-wordpress\/ -->\n<title>Mineros convocan a manifestaci\u00f3n nacional tras hallazgo de trabajadores asesinados\u00a0en Concordia - Fuentes Fidedignas<\/title>\n<meta name=\"robots\" content=\"index, follow, max-snippet:-1, max-image-preview:large, max-video-preview:-1\" \/>\n<link rel=\"canonical\" href=\"https:\/\/fuentesfidedignas.com.mx\/index.php\/2026\/02\/11\/mineros-convocan-a-manifestacion-nacional-tras-hallazgo-de-trabajadores-asesinados-en-concordia\/\" \/>\n<meta property=\"og:locale\" content=\"es_MX\" \/>\n<meta property=\"og:type\" content=\"article\" \/>\n<meta property=\"og:title\" content=\"Mineros convocan a manifestaci\u00f3n nacional tras hallazgo de trabajadores asesinados\u00a0en Concordia - Fuentes Fidedignas\" \/>\n<meta property=\"og:description\" content=\"La Asociaci\u00f3n de Ingenieros de Minas, Metalurgistas y Ge\u00f3logos de M\u00e9xico hizo pronunciamiento p\u00fablico, en el que adem\u00e1s exigi\u00f3 que el crimen no quede impune. Hermosillo, Sonora.- Trabajadores sector minero saldr\u00e1n a las calles a protestar. La indignaci\u00f3n y el dolor recorren al sector minero de Sonora tras la confirmaci\u00f3n del hallazgo sin vida de [&hellip;]\" \/>\n<meta property=\"og:url\" content=\"https:\/\/fuentesfidedignas.com.mx\/index.php\/2026\/02\/11\/mineros-convocan-a-manifestacion-nacional-tras-hallazgo-de-trabajadores-asesinados-en-concordia\/\" \/>\n<meta property=\"og:site_name\" content=\"Fuentes Fidedignas\" \/>\n<meta property=\"article:publisher\" content=\"https:\/\/www.facebook.com\/Fuentes-Fidedignas-368234489921644\" \/>\n<meta property=\"article:published_time\" content=\"2026-02-11T13:34:29+00:00\" \/>\n<meta property=\"article:modified_time\" content=\"2026-02-11T13:34:42+00:00\" \/>\n<meta property=\"og:image\" content=\"https:\/\/fuentesfidedignas.com.mx\/wp-content\/uploads\/2026\/02\/manifestacion-mineros.jpg\" \/>\n\t<meta property=\"og:image:width\" content=\"500\" \/>\n\t<meta property=\"og:image:height\" content=\"299\" \/>\n\t<meta property=\"og:image:type\" content=\"image\/jpeg\" \/>\n<meta name=\"author\" content=\"El Universal\" \/>\n<meta name=\"twitter:card\" content=\"summary_large_image\" \/>\n<meta name=\"twitter:creator\" content=\"@fidedignas\" \/>\n<meta name=\"twitter:site\" content=\"@fidedignas\" \/>\n<meta name=\"twitter:label1\" content=\"Escrito por\" \/>\n\t<meta name=\"twitter:data1\" content=\"El Universal\" \/>\n\t<meta name=\"twitter:label2\" content=\"Tiempo de lectura\" \/>\n\t<meta name=\"twitter:data2\" content=\"3 minutos\" \/>\n<script type=\"application\/ld+json\" class=\"yoast-schema-graph\">{\"@context\":\"https:\\\/\\\/schema.org\",\"@graph\":[{\"@type\":\"Article\",\"@id\":\"https:\\\/\\\/fuentesfidedignas.com.mx\\\/index.php\\\/2026\\\/02\\\/11\\\/mineros-convocan-a-manifestacion-nacional-tras-hallazgo-de-trabajadores-asesinados-en-concordia\\\/#article\",\"isPartOf\":{\"@id\":\"https:\\\/\\\/fuentesfidedignas.com.mx\\\/index.php\\\/2026\\\/02\\\/11\\\/mineros-convocan-a-manifestacion-nacional-tras-hallazgo-de-trabajadores-asesinados-en-concordia\\\/\"},\"author\":{\"name\":\"El Universal\",\"@id\":\"https:\\\/\\\/fuentesfidedignas.com.mx\\\/#\\\/schema\\\/person\\\/fee3882e65fd0510d292c43a346d35d7\"},\"headline\":\"Mineros convocan a manifestaci\u00f3n nacional tras hallazgo de trabajadores asesinados\u00a0en Concordia\",\"datePublished\":\"2026-02-11T13:34:29+00:00\",\"dateModified\":\"2026-02-11T13:34:42+00:00\",\"mainEntityOfPage\":{\"@id\":\"https:\\\/\\\/fuentesfidedignas.com.mx\\\/index.php\\\/2026\\\/02\\\/11\\\/mineros-convocan-a-manifestacion-nacional-tras-hallazgo-de-trabajadores-asesinados-en-concordia\\\/\"},\"wordCount\":509,\"commentCount\":0,\"publisher\":{\"@id\":\"https:\\\/\\\/fuentesfidedignas.com.mx\\\/#organization\"},\"image\":{\"@id\":\"https:\\\/\\\/fuentesfidedignas.com.mx\\\/index.php\\\/2026\\\/02\\\/11\\\/mineros-convocan-a-manifestacion-nacional-tras-hallazgo-de-trabajadores-asesinados-en-concordia\\\/#primaryimage\"},\"thumbnailUrl\":\"https:\\\/\\\/fuentesfidedignas.com.mx\\\/wp-content\\\/uploads\\\/2026\\\/02\\\/manifestacion-mineros.jpg\",\"articleSection\":[\"NOTICIAS NACIONALES\"],\"inLanguage\":\"es\",\"potentialAction\":[{\"@type\":\"CommentAction\",\"name\":\"Comment\",\"target\":[\"https:\\\/\\\/fuentesfidedignas.com.mx\\\/index.php\\\/2026\\\/02\\\/11\\\/mineros-convocan-a-manifestacion-nacional-tras-hallazgo-de-trabajadores-asesinados-en-concordia\\\/#respond\"]}]},{\"@type\":\"WebPage\",\"@id\":\"https:\\\/\\\/fuentesfidedignas.com.mx\\\/index.php\\\/2026\\\/02\\\/11\\\/mineros-convocan-a-manifestacion-nacional-tras-hallazgo-de-trabajadores-asesinados-en-concordia\\\/\",\"url\":\"https:\\\/\\\/fuentesfidedignas.com.mx\\\/index.php\\\/2026\\\/02\\\/11\\\/mineros-convocan-a-manifestacion-nacional-tras-hallazgo-de-trabajadores-asesinados-en-concordia\\\/\",\"name\":\"Mineros convocan a manifestaci\u00f3n nacional tras hallazgo de trabajadores asesinados\u00a0en Concordia - Fuentes Fidedignas\",\"isPartOf\":{\"@id\":\"https:\\\/\\\/fuentesfidedignas.com.mx\\\/#website\"},\"primaryImageOfPage\":{\"@id\":\"https:\\\/\\\/fuentesfidedignas.com.mx\\\/index.php\\\/2026\\\/02\\\/11\\\/mineros-convocan-a-manifestacion-nacional-tras-hallazgo-de-trabajadores-asesinados-en-concordia\\\/#primaryimage\"},\"image\":{\"@id\":\"https:\\\/\\\/fuentesfidedignas.com.mx\\\/index.php\\\/2026\\\/02\\\/11\\\/mineros-convocan-a-manifestacion-nacional-tras-hallazgo-de-trabajadores-asesinados-en-concordia\\\/#primaryimage\"},\"thumbnailUrl\":\"https:\\\/\\\/fuentesfidedignas.com.mx\\\/wp-content\\\/uploads\\\/2026\\\/02\\\/manifestacion-mineros.jpg\",\"datePublished\":\"2026-02-11T13:34:29+00:00\",\"dateModified\":\"2026-02-11T13:34:42+00:00\",\"breadcrumb\":{\"@id\":\"https:\\\/\\\/fuentesfidedignas.com.mx\\\/index.php\\\/2026\\\/02\\\/11\\\/mineros-convocan-a-manifestacion-nacional-tras-hallazgo-de-trabajadores-asesinados-en-concordia\\\/#breadcrumb\"},\"inLanguage\":\"es\",\"potentialAction\":[{\"@type\":\"ReadAction\",\"target\":[\"https:\\\/\\\/fuentesfidedignas.com.mx\\\/index.php\\\/2026\\\/02\\\/11\\\/mineros-convocan-a-manifestacion-nacional-tras-hallazgo-de-trabajadores-asesinados-en-concordia\\\/\"]}]},{\"@type\":\"ImageObject\",\"inLanguage\":\"es\",\"@id\":\"https:\\\/\\\/fuentesfidedignas.com.mx\\\/index.php\\\/2026\\\/02\\\/11\\\/mineros-convocan-a-manifestacion-nacional-tras-hallazgo-de-trabajadores-asesinados-en-concordia\\\/#primaryimage\",\"url\":\"https:\\\/\\\/fuentesfidedignas.com.mx\\\/wp-content\\\/uploads\\\/2026\\\/02\\\/manifestacion-mineros.jpg\",\"contentUrl\":\"https:\\\/\\\/fuentesfidedignas.com.mx\\\/wp-content\\\/uploads\\\/2026\\\/02\\\/manifestacion-mineros.jpg\",\"width\":500,\"height\":299},{\"@type\":\"BreadcrumbList\",\"@id\":\"https:\\\/\\\/fuentesfidedignas.com.mx\\\/index.php\\\/2026\\\/02\\\/11\\\/mineros-convocan-a-manifestacion-nacional-tras-hallazgo-de-trabajadores-asesinados-en-concordia\\\/#breadcrumb\",\"itemListElement\":[{\"@type\":\"ListItem\",\"position\":1,\"name\":\"Inicio\",\"item\":\"https:\\\/\\\/fuentesfidedignas.com.mx\\\/\"},{\"@type\":\"ListItem\",\"position\":2,\"name\":\"Mineros convocan a manifestaci\u00f3n nacional tras hallazgo de trabajadores asesinados\u00a0en Concordia\"}]},{\"@type\":\"WebSite\",\"@id\":\"https:\\\/\\\/fuentesfidedignas.com.mx\\\/#website\",\"url\":\"https:\\\/\\\/fuentesfidedignas.com.mx\\\/\",\"name\":\"Fuentes Fidedignas\",\"description\":\"Otro sitio realizado con WordPress\",\"publisher\":{\"@id\":\"https:\\\/\\\/fuentesfidedignas.com.mx\\\/#organization\"},\"potentialAction\":[{\"@type\":\"SearchAction\",\"target\":{\"@type\":\"EntryPoint\",\"urlTemplate\":\"https:\\\/\\\/fuentesfidedignas.com.mx\\\/?s={search_term_string}\"},\"query-input\":{\"@type\":\"PropertyValueSpecification\",\"valueRequired\":true,\"valueName\":\"search_term_string\"}}],\"inLanguage\":\"es\"},{\"@type\":\"Organization\",\"@id\":\"https:\\\/\\\/fuentesfidedignas.com.mx\\\/#organization\",\"name\":\"Fuentes Fidedignas\",\"url\":\"https:\\\/\\\/fuentesfidedignas.com.mx\\\/\",\"logo\":{\"@type\":\"ImageObject\",\"inLanguage\":\"es\",\"@id\":\"https:\\\/\\\/fuentesfidedignas.com.mx\\\/#\\\/schema\\\/logo\\\/image\\\/\",\"url\":\"https:\\\/\\\/fuentesfidedignas.com.mx\\\/wp-content\\\/uploads\\\/2021\\\/04\\\/logo-retina.png\",\"contentUrl\":\"https:\\\/\\\/fuentesfidedignas.com.mx\\\/wp-content\\\/uploads\\\/2021\\\/04\\\/logo-retina.png\",\"width\":280,\"height\":51,\"caption\":\"Fuentes Fidedignas\"},\"image\":{\"@id\":\"https:\\\/\\\/fuentesfidedignas.com.mx\\\/#\\\/schema\\\/logo\\\/image\\\/\"},\"sameAs\":[\"https:\\\/\\\/www.facebook.com\\\/Fuentes-Fidedignas-368234489921644\",\"https:\\\/\\\/x.com\\\/fidedignas\"]},{\"@type\":\"Person\",\"@id\":\"https:\\\/\\\/fuentesfidedignas.com.mx\\\/#\\\/schema\\\/person\\\/fee3882e65fd0510d292c43a346d35d7\",\"name\":\"El Universal\",\"image\":{\"@type\":\"ImageObject\",\"inLanguage\":\"es\",\"@id\":\"https:\\\/\\\/secure.gravatar.com\\\/avatar\\\/1ebc94d82b6c3c081781f73e5b76a0d0c1ac7bf8e57426f18802246eeaa2747c?s=96&d=mm&r=g\",\"url\":\"https:\\\/\\\/secure.gravatar.com\\\/avatar\\\/1ebc94d82b6c3c081781f73e5b76a0d0c1ac7bf8e57426f18802246eeaa2747c?s=96&d=mm&r=g\",\"contentUrl\":\"https:\\\/\\\/secure.gravatar.com\\\/avatar\\\/1ebc94d82b6c3c081781f73e5b76a0d0c1ac7bf8e57426f18802246eeaa2747c?s=96&d=mm&r=g\",\"caption\":\"El Universal\"},\"url\":\"https:\\\/\\\/fuentesfidedignas.com.mx\\\/index.php\\\/author\\\/el-universal\\\/\"}]}<\/script>\n<!-- \/ Yoast SEO plugin. -->","yoast_head_json":{"title":"Mineros convocan a manifestaci\u00f3n nacional tras hallazgo de trabajadores asesinados\u00a0en Concordia - Fuentes Fidedignas","robots":{"index":"index","follow":"follow","max-snippet":"max-snippet:-1","max-image-preview":"max-image-preview:large","max-video-preview":"max-video-preview:-1"},"canonical":"https:\/\/fuentesfidedignas.com.mx\/index.php\/2026\/02\/11\/mineros-convocan-a-manifestacion-nacional-tras-hallazgo-de-trabajadores-asesinados-en-concordia\/","og_locale":"es_MX","og_type":"article","og_title":"Mineros convocan a manifestaci\u00f3n nacional tras hallazgo de trabajadores asesinados\u00a0en Concordia - Fuentes Fidedignas","og_description":"La Asociaci\u00f3n de Ingenieros de Minas, Metalurgistas y Ge\u00f3logos de M\u00e9xico hizo pronunciamiento p\u00fablico, en el que adem\u00e1s exigi\u00f3 que el crimen no quede impune. Hermosillo, Sonora.- Trabajadores sector minero saldr\u00e1n a las calles a protestar. La indignaci\u00f3n y el dolor recorren al sector minero de Sonora tras la confirmaci\u00f3n del hallazgo sin vida de [&hellip;]","og_url":"https:\/\/fuentesfidedignas.com.mx\/index.php\/2026\/02\/11\/mineros-convocan-a-manifestacion-nacional-tras-hallazgo-de-trabajadores-asesinados-en-concordia\/","og_site_name":"Fuentes Fidedignas","article_publisher":"https:\/\/www.facebook.com\/Fuentes-Fidedignas-368234489921644","article_published_time":"2026-02-11T13:34:29+00:00","article_modified_time":"2026-02-11T13:34:42+00:00","og_image":[{"width":500,"height":299,"url":"https:\/\/fuentesfidedignas.com.mx\/wp-content\/uploads\/2026\/02\/manifestacion-mineros.jpg","type":"image\/jpeg"}],"author":"El Universal","twitter_card":"summary_large_image","twitter_creator":"@fidedignas","twitter_site":"@fidedignas","twitter_misc":{"Escrito por":"El Universal","Tiempo de lectura":"3 minutos"},"schema":{"@context":"https:\/\/schema.org","@graph":[{"@type":"Article","@id":"https:\/\/fuentesfidedignas.com.mx\/index.php\/2026\/02\/11\/mineros-convocan-a-manifestacion-nacional-tras-hallazgo-de-trabajadores-asesinados-en-concordia\/#article","isPartOf":{"@id":"https:\/\/fuentesfidedignas.com.mx\/index.php\/2026\/02\/11\/mineros-convocan-a-manifestacion-nacional-tras-hallazgo-de-trabajadores-asesinados-en-concordia\/"},"author":{"name":"El Universal","@id":"https:\/\/fuentesfidedignas.com.mx\/#\/schema\/person\/fee3882e65fd0510d292c43a346d35d7"},"headline":"Mineros convocan a manifestaci\u00f3n nacional tras hallazgo de trabajadores asesinados\u00a0en Concordia","datePublished":"2026-02-11T13:34:29+00:00","dateModified":"2026-02-11T13:34:42+00:00","mainEntityOfPage":{"@id":"https:\/\/fuentesfidedignas.com.mx\/index.php\/2026\/02\/11\/mineros-convocan-a-manifestacion-nacional-tras-hallazgo-de-trabajadores-asesinados-en-concordia\/"},"wordCount":509,"commentCount":0,"publisher":{"@id":"https:\/\/fuentesfidedignas.com.mx\/#organization"},"image":{"@id":"https:\/\/fuentesfidedignas.com.mx\/index.php\/2026\/02\/11\/mineros-convocan-a-manifestacion-nacional-tras-hallazgo-de-trabajadores-asesinados-en-concordia\/#primaryimage"},"thumbnailUrl":"https:\/\/fuentesfidedignas.com.mx\/wp-content\/uploads\/2026\/02\/manifestacion-mineros.jpg","articleSection":["NOTICIAS NACIONALES"],"inLanguage":"es","potentialAction":[{"@type":"CommentAction","name":"Comment","target":["https:\/\/fuentesfidedignas.com.mx\/index.php\/2026\/02\/11\/mineros-convocan-a-manifestacion-nacional-tras-hallazgo-de-trabajadores-asesinados-en-concordia\/#respond"]}]},{"@type":"WebPage","@id":"https:\/\/fuentesfidedignas.com.mx\/index.php\/2026\/02\/11\/mineros-convocan-a-manifestacion-nacional-tras-hallazgo-de-trabajadores-asesinados-en-concordia\/","url":"https:\/\/fuentesfidedignas.com.mx\/index.php\/2026\/02\/11\/mineros-convocan-a-manifestacion-nacional-tras-hallazgo-de-trabajadores-asesinados-en-concordia\/","name":"Mineros convocan a manifestaci\u00f3n nacional tras hallazgo de trabajadores asesinados\u00a0en Concordia - Fuentes Fidedignas","isPartOf":{"@id":"https:\/\/fuentesfidedignas.com.mx\/#website"},"primaryImageOfPage":{"@id":"https:\/\/fuentesfidedignas.com.mx\/index.php\/2026\/02\/11\/mineros-convocan-a-manifestacion-nacional-tras-hallazgo-de-trabajadores-asesinados-en-concordia\/#primaryimage"},"image":{"@id":"https:\/\/fuentesfidedignas.com.mx\/index.php\/2026\/02\/11\/mineros-convocan-a-manifestacion-nacional-tras-hallazgo-de-trabajadores-asesinados-en-concordia\/#primaryimage"},"thumbnailUrl":"https:\/\/fuentesfidedignas.com.mx\/wp-content\/uploads\/2026\/02\/manifestacion-mineros.jpg","datePublished":"2026-02-11T13:34:29+00:00","dateModified":"2026-02-11T13:34:42+00:00","breadcrumb":{"@id":"https:\/\/fuentesfidedignas.com.mx\/index.php\/2026\/02\/11\/mineros-convocan-a-manifestacion-nacional-tras-hallazgo-de-trabajadores-asesinados-en-concordia\/#breadcrumb"},"inLanguage":"es","potentialAction":[{"@type":"ReadAction","target":["https:\/\/fuentesfidedignas.com.mx\/index.php\/2026\/02\/11\/mineros-convocan-a-manifestacion-nacional-tras-hallazgo-de-trabajadores-asesinados-en-concordia\/"]}]},{"@type":"ImageObject","inLanguage":"es","@id":"https:\/\/fuentesfidedignas.com.mx\/index.php\/2026\/02\/11\/mineros-convocan-a-manifestacion-nacional-tras-hallazgo-de-trabajadores-asesinados-en-concordia\/#primaryimage","url":"https:\/\/fuentesfidedignas.com.mx\/wp-content\/uploads\/2026\/02\/manifestacion-mineros.jpg","contentUrl":"https:\/\/fuentesfidedignas.com.mx\/wp-content\/uploads\/2026\/02\/manifestacion-mineros.jpg","width":500,"height":299},{"@type":"BreadcrumbList","@id":"https:\/\/fuentesfidedignas.com.mx\/index.php\/2026\/02\/11\/mineros-convocan-a-manifestacion-nacional-tras-hallazgo-de-trabajadores-asesinados-en-concordia\/#breadcrumb","itemListElement":[{"@type":"ListItem","position":1,"name":"Inicio","item":"https:\/\/fuentesfidedignas.com.mx\/"},{"@type":"ListItem","position":2,"name":"Mineros convocan a manifestaci\u00f3n nacional tras hallazgo de trabajadores asesinados\u00a0en Concordia"}]},{"@type":"WebSite","@id":"https:\/\/fuentesfidedignas.com.mx\/#website","url":"https:\/\/fuentesfidedignas.com.mx\/","name":"Fuentes Fidedignas","description":"Otro sitio realizado con WordPress","publisher":{"@id":"https:\/\/fuentesfidedignas.com.mx\/#organization"},"potentialAction":[{"@type":"SearchAction","target":{"@type":"EntryPoint","urlTemplate":"https:\/\/fuentesfidedignas.com.mx\/?s={search_term_string}"},"query-input":{"@type":"PropertyValueSpecification","valueRequired":true,"valueName":"search_term_string"}}],"inLanguage":"es"},{"@type":"Organization","@id":"https:\/\/fuentesfidedignas.com.mx\/#organization","name":"Fuentes Fidedignas","url":"https:\/\/fuentesfidedignas.com.mx\/","logo":{"@type":"ImageObject","inLanguage":"es","@id":"https:\/\/fuentesfidedignas.com.mx\/#\/schema\/logo\/image\/","url":"https:\/\/fuentesfidedignas.com.mx\/wp-content\/uploads\/2021\/04\/logo-retina.png","contentUrl":"https:\/\/fuentesfidedignas.com.mx\/wp-content\/uploads\/2021\/04\/logo-retina.png","width":280,"height":51,"caption":"Fuentes Fidedignas"},"image":{"@id":"https:\/\/fuentesfidedignas.com.mx\/#\/schema\/logo\/image\/"},"sameAs":["https:\/\/www.facebook.com\/Fuentes-Fidedignas-368234489921644","https:\/\/x.com\/fidedignas"]},{"@type":"Person","@id":"https:\/\/fuentesfidedignas.com.mx\/#\/schema\/person\/fee3882e65fd0510d292c43a346d35d7","name":"El Universal","image":{"@type":"ImageObject","inLanguage":"es","@id":"https:\/\/secure.gravatar.com\/avatar\/1ebc94d82b6c3c081781f73e5b76a0d0c1ac7bf8e57426f18802246eeaa2747c?s=96&d=mm&r=g","url":"https:\/\/secure.gravatar.com\/avatar\/1ebc94d82b6c3c081781f73e5b76a0d0c1ac7bf8e57426f18802246eeaa2747c?s=96&d=mm&r=g","contentUrl":"https:\/\/secure.gravatar.com\/avatar\/1ebc94d82b6c3c081781f73e5b76a0d0c1ac7bf8e57426f18802246eeaa2747c?s=96&d=mm&r=g","caption":"El Universal"},"url":"https:\/\/fuentesfidedignas.com.mx\/index.php\/author\/el-universal\/"}]}},"_links":{"self":[{"href":"https:\/\/fuentesfidedignas.com.mx\/index.php\/wp-json\/wp\/v2\/posts\/127052","targetHints":{"allow":["GET"]}}],"collection":[{"href":"https:\/\/fuentesfidedignas.com.mx\/index.php\/wp-json\/wp\/v2\/posts"}],"about":[{"href":"https:\/\/fuentesfidedignas.com.mx\/index.php\/wp-json\/wp\/v2\/types\/post"}],"author":[{"embeddable":true,"href":"https:\/\/fuentesfidedignas.com.mx\/index.php\/wp-json\/wp\/v2\/users\/39"}],"replies":[{"embeddable":true,"href":"https:\/\/fuentesfidedignas.com.mx\/index.php\/wp-json\/wp\/v2\/comments?post=127052"}],"version-history":[{"count":1,"href":"https:\/\/fuentesfidedignas.com.mx\/index.php\/wp-json\/wp\/v2\/posts\/127052\/revisions"}],"predecessor-version":[{"id":127054,"href":"https:\/\/fuentesfidedignas.com.mx\/index.php\/wp-json\/wp\/v2\/posts\/127052\/revisions\/127054"}],"wp:featuredmedia":[{"embeddable":true,"href":"https:\/\/fuentesfidedignas.com.mx\/index.php\/wp-json\/wp\/v2\/media\/127053"}],"wp:attachment":[{"href":"https:\/\/fuentesfidedignas.com.mx\/index.php\/wp-json\/wp\/v2\/media?parent=127052"}],"wp:term":[{"taxonomy":"category","embeddable":true,"href":"https:\/\/fuentesfidedignas.com.mx\/index.php\/wp-json\/wp\/v2\/categories?post=127052"},{"taxonomy":"post_tag","embeddable":true,"href":"https:\/\/fuentesfidedignas.com.mx\/index.php\/wp-json\/wp\/v2\/tags?post=127052"}],"curies":[{"name":"wp","href":"https:\/\/api.w.org\/{rel}","templated":true}]}}