{"id":126939,"date":"2026-02-09T16:01:40","date_gmt":"2026-02-09T23:01:40","guid":{"rendered":"https:\/\/fuentesfidedignas.com.mx\/?p=126939"},"modified":"2026-02-09T16:01:40","modified_gmt":"2026-02-09T23:01:40","slug":"mexico-perdio-mas-de-8-mil-empleos-en-enero","status":"publish","type":"post","link":"https:\/\/fuentesfidedignas.com.mx\/index.php\/2026\/02\/09\/mexico-perdio-mas-de-8-mil-empleos-en-enero\/","title":{"rendered":"M\u00e9xico perdi\u00f3 m\u00e1s de 8 mil empleos en enero"},"content":{"rendered":"\n<p><br><strong><em>Pese a la ca\u00edda, el IMSS destac\u00f3 22 millones 508 mil 972 puestos de trabajo, cifra m\u00e1xima desde que se tenga registro considerando solo los meses de enero<\/em><\/strong><\/p>\n\n\n\n<p><strong>M\u00e9xico perdi\u00f3 8 mil 104empleos formales<\/strong>&nbsp;en enero pasado, hasta un total de 22.50 millones de puestos afiliados al Instituto Mexicano del Seguro Social (IMSS), revel\u00f3 el organismo.<\/p>\n\n\n\n<p>\u201cAl 31 de enero de 2026, se tienen registrados ante el Instituto Mexicano del Seguro Social (IMSS) 22 millones 508 mil 972 puestos de trabajo, cifra m\u00e1xima desde que se tenga registro considerando solo los meses de enero\u201d, destac\u00f3 el organismo en un comunicado.<\/p>\n\n\n\n<p>Esta ca\u00edda representa un descenso mensual del 0.04 por ciento y una ca\u00edda interanual del 3 por ciento.<\/p>\n\n\n\n<p>El dato negativo de enero contrasta con los 278 mil 697 empleos que se crearon en diciembre, pues seg\u00fan el instituto, en el primer mes de 2025 se registr\u00f3 una variaci\u00f3n mensual negativa de 8 mil 104 puestos de trabajo, ca\u00edda \u201cexplicada principalmente por el ajuste observado en el empleo asociado a las plataformas digitales\u201d.<\/p>\n\n\n\n<p>Aunque el IMSS es el principal indicador del trabajo formal en M\u00e9xico, analistas argumentan que presenta un retrato parcial porque en el pa\u00eds casi un 55 por ciento de la fuerza laboral es informal, seg\u00fan el Instituto Nacional de Estad\u00edstica y Geograf\u00eda (Inegi), que sit\u00faa la tasa de desempleo en 2.4 por ciento, cerca del m\u00ednimo hist\u00f3rico.<\/p>\n\n\n\n<p>El IMSS cerr\u00f3 el 2025 con la creaci\u00f3n neta de m\u00e1s de 278 mil empleos formales, con un total de 23.89 millones de trabajadores inscritos en diciembre.<\/p>\n\n\n\n<p>El organismo tambi\u00e9n registr\u00f3 m\u00e1s de 1.02 millones de patrones, como llama a los empleadores, una reducci\u00f3n anual del 0.6 por ciento, lo que se explica \u201cpor la implementaci\u00f3n de medidas de seguridad en la apertura de registros patronales de personas f\u00edsicas\u201d.<\/p>\n\n\n\n<p>Adem\u00e1s, precis\u00f3 que, durante enero, se registraron 61 mil 264 puestos asociados a personas trabajadoras del hogar, con un salario promedio diario de 497.09 pesos mexicanos.<\/p>\n\n\n\n<p>Tambi\u00e9n se contabilizaron 394 mil 187 puestos asociados a trabajadores independientes, con un salario promedio diario de 360 pesos mexicanos.<\/p>\n\n\n\n<p>Finalmente, el organismo apunt\u00f3 que en el sexto mes de prueba piloto obligatoria de plataformas digitales se registraron 1.34 millones de personas beneficiadas por dicha reforma, de las cuales 139 mil superaron el umbral de ingreso neto mensual inscritos a plataformas digitales registradas. El salario promedio diario asociado fue de 435.2 pesos mexicanos.<\/p>\n","protected":false},"excerpt":{"rendered":"<p>Pese a la ca\u00edda, el IMSS destac\u00f3 22 millones 508 mil 972 puestos de trabajo, cifra m\u00e1xima desde que se tenga registro considerando solo los meses de enero M\u00e9xico perdi\u00f3 8 mil 104empleos formales&nbsp;en enero pasado, hasta un total de 22.50 millones de puestos afiliados al Instituto Mexicano del Seguro Social (IMSS), revel\u00f3 el organismo. [&hellip;]<\/p>\n","protected":false},"author":22,"featured_media":126938,"comment_status":"closed","ping_status":"open","sticky":false,"template":"","format":"standard","meta":{"tdm_status":"","tdm_grid_status":"","footnotes":""},"categories":[39],"tags":[],"class_list":{"0":"post-126939","1":"post","2":"type-post","3":"status-publish","4":"format-standard","5":"has-post-thumbnail","7":"category-noticias-nacionales"},"yoast_head":"<!-- This site is optimized with the Yoast SEO plugin v27.5 - https:\/\/yoast.com\/product\/yoast-seo-wordpress\/ -->\n<title>M\u00e9xico perdi\u00f3 m\u00e1s de 8 mil empleos en enero - Fuentes Fidedignas<\/title>\n<meta name=\"robots\" content=\"index, follow, max-snippet:-1, max-image-preview:large, max-video-preview:-1\" \/>\n<link rel=\"canonical\" href=\"https:\/\/fuentesfidedignas.com.mx\/index.php\/2026\/02\/09\/mexico-perdio-mas-de-8-mil-empleos-en-enero\/\" \/>\n<meta property=\"og:locale\" content=\"es_MX\" \/>\n<meta property=\"og:type\" content=\"article\" \/>\n<meta property=\"og:title\" content=\"M\u00e9xico perdi\u00f3 m\u00e1s de 8 mil empleos en enero - Fuentes Fidedignas\" \/>\n<meta property=\"og:description\" content=\"Pese a la ca\u00edda, el IMSS destac\u00f3 22 millones 508 mil 972 puestos de trabajo, cifra m\u00e1xima desde que se tenga registro considerando solo los meses de enero M\u00e9xico perdi\u00f3 8 mil 104empleos formales&nbsp;en enero pasado, hasta un total de 22.50 millones de puestos afiliados al Instituto Mexicano del Seguro Social (IMSS), revel\u00f3 el organismo. [&hellip;]\" \/>\n<meta property=\"og:url\" content=\"https:\/\/fuentesfidedignas.com.mx\/index.php\/2026\/02\/09\/mexico-perdio-mas-de-8-mil-empleos-en-enero\/\" \/>\n<meta property=\"og:site_name\" content=\"Fuentes Fidedignas\" \/>\n<meta property=\"article:publisher\" content=\"https:\/\/www.facebook.com\/Fuentes-Fidedignas-368234489921644\" \/>\n<meta property=\"article:published_time\" content=\"2026-02-09T23:01:40+00:00\" \/>\n<meta property=\"og:image\" content=\"https:\/\/fuentesfidedignas.com.mx\/wp-content\/uploads\/2026\/02\/img_2364.jpg\" \/>\n\t<meta property=\"og:image:width\" content=\"1536\" \/>\n\t<meta property=\"og:image:height\" content=\"1024\" \/>\n\t<meta property=\"og:image:type\" content=\"image\/jpeg\" \/>\n<meta name=\"author\" content=\"EFE\" \/>\n<meta name=\"twitter:card\" content=\"summary_large_image\" \/>\n<meta name=\"twitter:creator\" content=\"@fidedignas\" \/>\n<meta name=\"twitter:site\" content=\"@fidedignas\" \/>\n<meta name=\"twitter:label1\" content=\"Escrito por\" \/>\n\t<meta name=\"twitter:data1\" content=\"EFE\" \/>\n\t<meta name=\"twitter:label2\" content=\"Tiempo de lectura\" \/>\n\t<meta name=\"twitter:data2\" content=\"2 minutos\" \/>\n<script type=\"application\/ld+json\" class=\"yoast-schema-graph\">{\"@context\":\"https:\\\/\\\/schema.org\",\"@graph\":[{\"@type\":\"Article\",\"@id\":\"https:\\\/\\\/fuentesfidedignas.com.mx\\\/index.php\\\/2026\\\/02\\\/09\\\/mexico-perdio-mas-de-8-mil-empleos-en-enero\\\/#article\",\"isPartOf\":{\"@id\":\"https:\\\/\\\/fuentesfidedignas.com.mx\\\/index.php\\\/2026\\\/02\\\/09\\\/mexico-perdio-mas-de-8-mil-empleos-en-enero\\\/\"},\"author\":{\"name\":\"EFE\",\"@id\":\"https:\\\/\\\/fuentesfidedignas.com.mx\\\/#\\\/schema\\\/person\\\/0d44615087b5a626d5d3f13afe31ac41\"},\"headline\":\"M\u00e9xico perdi\u00f3 m\u00e1s de 8 mil empleos en enero\",\"datePublished\":\"2026-02-09T23:01:40+00:00\",\"mainEntityOfPage\":{\"@id\":\"https:\\\/\\\/fuentesfidedignas.com.mx\\\/index.php\\\/2026\\\/02\\\/09\\\/mexico-perdio-mas-de-8-mil-empleos-en-enero\\\/\"},\"wordCount\":402,\"publisher\":{\"@id\":\"https:\\\/\\\/fuentesfidedignas.com.mx\\\/#organization\"},\"image\":{\"@id\":\"https:\\\/\\\/fuentesfidedignas.com.mx\\\/index.php\\\/2026\\\/02\\\/09\\\/mexico-perdio-mas-de-8-mil-empleos-en-enero\\\/#primaryimage\"},\"thumbnailUrl\":\"https:\\\/\\\/fuentesfidedignas.com.mx\\\/wp-content\\\/uploads\\\/2026\\\/02\\\/img_2364.jpg\",\"articleSection\":[\"NOTICIAS NACIONALES\"],\"inLanguage\":\"es\"},{\"@type\":\"WebPage\",\"@id\":\"https:\\\/\\\/fuentesfidedignas.com.mx\\\/index.php\\\/2026\\\/02\\\/09\\\/mexico-perdio-mas-de-8-mil-empleos-en-enero\\\/\",\"url\":\"https:\\\/\\\/fuentesfidedignas.com.mx\\\/index.php\\\/2026\\\/02\\\/09\\\/mexico-perdio-mas-de-8-mil-empleos-en-enero\\\/\",\"name\":\"M\u00e9xico perdi\u00f3 m\u00e1s de 8 mil empleos en enero - Fuentes Fidedignas\",\"isPartOf\":{\"@id\":\"https:\\\/\\\/fuentesfidedignas.com.mx\\\/#website\"},\"primaryImageOfPage\":{\"@id\":\"https:\\\/\\\/fuentesfidedignas.com.mx\\\/index.php\\\/2026\\\/02\\\/09\\\/mexico-perdio-mas-de-8-mil-empleos-en-enero\\\/#primaryimage\"},\"image\":{\"@id\":\"https:\\\/\\\/fuentesfidedignas.com.mx\\\/index.php\\\/2026\\\/02\\\/09\\\/mexico-perdio-mas-de-8-mil-empleos-en-enero\\\/#primaryimage\"},\"thumbnailUrl\":\"https:\\\/\\\/fuentesfidedignas.com.mx\\\/wp-content\\\/uploads\\\/2026\\\/02\\\/img_2364.jpg\",\"datePublished\":\"2026-02-09T23:01:40+00:00\",\"breadcrumb\":{\"@id\":\"https:\\\/\\\/fuentesfidedignas.com.mx\\\/index.php\\\/2026\\\/02\\\/09\\\/mexico-perdio-mas-de-8-mil-empleos-en-enero\\\/#breadcrumb\"},\"inLanguage\":\"es\",\"potentialAction\":[{\"@type\":\"ReadAction\",\"target\":[\"https:\\\/\\\/fuentesfidedignas.com.mx\\\/index.php\\\/2026\\\/02\\\/09\\\/mexico-perdio-mas-de-8-mil-empleos-en-enero\\\/\"]}]},{\"@type\":\"ImageObject\",\"inLanguage\":\"es\",\"@id\":\"https:\\\/\\\/fuentesfidedignas.com.mx\\\/index.php\\\/2026\\\/02\\\/09\\\/mexico-perdio-mas-de-8-mil-empleos-en-enero\\\/#primaryimage\",\"url\":\"https:\\\/\\\/fuentesfidedignas.com.mx\\\/wp-content\\\/uploads\\\/2026\\\/02\\\/img_2364.jpg\",\"contentUrl\":\"https:\\\/\\\/fuentesfidedignas.com.mx\\\/wp-content\\\/uploads\\\/2026\\\/02\\\/img_2364.jpg\",\"width\":1536,\"height\":1024},{\"@type\":\"BreadcrumbList\",\"@id\":\"https:\\\/\\\/fuentesfidedignas.com.mx\\\/index.php\\\/2026\\\/02\\\/09\\\/mexico-perdio-mas-de-8-mil-empleos-en-enero\\\/#breadcrumb\",\"itemListElement\":[{\"@type\":\"ListItem\",\"position\":1,\"name\":\"Inicio\",\"item\":\"https:\\\/\\\/fuentesfidedignas.com.mx\\\/\"},{\"@type\":\"ListItem\",\"position\":2,\"name\":\"M\u00e9xico perdi\u00f3 m\u00e1s de 8 mil empleos en enero\"}]},{\"@type\":\"WebSite\",\"@id\":\"https:\\\/\\\/fuentesfidedignas.com.mx\\\/#website\",\"url\":\"https:\\\/\\\/fuentesfidedignas.com.mx\\\/\",\"name\":\"Fuentes Fidedignas\",\"description\":\"Otro sitio realizado con WordPress\",\"publisher\":{\"@id\":\"https:\\\/\\\/fuentesfidedignas.com.mx\\\/#organization\"},\"potentialAction\":[{\"@type\":\"SearchAction\",\"target\":{\"@type\":\"EntryPoint\",\"urlTemplate\":\"https:\\\/\\\/fuentesfidedignas.com.mx\\\/?s={search_term_string}\"},\"query-input\":{\"@type\":\"PropertyValueSpecification\",\"valueRequired\":true,\"valueName\":\"search_term_string\"}}],\"inLanguage\":\"es\"},{\"@type\":\"Organization\",\"@id\":\"https:\\\/\\\/fuentesfidedignas.com.mx\\\/#organization\",\"name\":\"Fuentes Fidedignas\",\"url\":\"https:\\\/\\\/fuentesfidedignas.com.mx\\\/\",\"logo\":{\"@type\":\"ImageObject\",\"inLanguage\":\"es\",\"@id\":\"https:\\\/\\\/fuentesfidedignas.com.mx\\\/#\\\/schema\\\/logo\\\/image\\\/\",\"url\":\"https:\\\/\\\/fuentesfidedignas.com.mx\\\/wp-content\\\/uploads\\\/2021\\\/04\\\/logo-retina.png\",\"contentUrl\":\"https:\\\/\\\/fuentesfidedignas.com.mx\\\/wp-content\\\/uploads\\\/2021\\\/04\\\/logo-retina.png\",\"width\":280,\"height\":51,\"caption\":\"Fuentes Fidedignas\"},\"image\":{\"@id\":\"https:\\\/\\\/fuentesfidedignas.com.mx\\\/#\\\/schema\\\/logo\\\/image\\\/\"},\"sameAs\":[\"https:\\\/\\\/www.facebook.com\\\/Fuentes-Fidedignas-368234489921644\",\"https:\\\/\\\/x.com\\\/fidedignas\"]},{\"@type\":\"Person\",\"@id\":\"https:\\\/\\\/fuentesfidedignas.com.mx\\\/#\\\/schema\\\/person\\\/0d44615087b5a626d5d3f13afe31ac41\",\"name\":\"EFE\",\"image\":{\"@type\":\"ImageObject\",\"inLanguage\":\"es\",\"@id\":\"https:\\\/\\\/secure.gravatar.com\\\/avatar\\\/7048c2d9b569d9bed55bb53ad23821e6e047aa66338fb6ea9868627bbb9f54e8?s=96&d=mm&r=g\",\"url\":\"https:\\\/\\\/secure.gravatar.com\\\/avatar\\\/7048c2d9b569d9bed55bb53ad23821e6e047aa66338fb6ea9868627bbb9f54e8?s=96&d=mm&r=g\",\"contentUrl\":\"https:\\\/\\\/secure.gravatar.com\\\/avatar\\\/7048c2d9b569d9bed55bb53ad23821e6e047aa66338fb6ea9868627bbb9f54e8?s=96&d=mm&r=g\",\"caption\":\"EFE\"},\"url\":\"https:\\\/\\\/fuentesfidedignas.com.mx\\\/index.php\\\/author\\\/efe\\\/\"}]}<\/script>\n<!-- \/ Yoast SEO plugin. -->","yoast_head_json":{"title":"M\u00e9xico perdi\u00f3 m\u00e1s de 8 mil empleos en enero - Fuentes Fidedignas","robots":{"index":"index","follow":"follow","max-snippet":"max-snippet:-1","max-image-preview":"max-image-preview:large","max-video-preview":"max-video-preview:-1"},"canonical":"https:\/\/fuentesfidedignas.com.mx\/index.php\/2026\/02\/09\/mexico-perdio-mas-de-8-mil-empleos-en-enero\/","og_locale":"es_MX","og_type":"article","og_title":"M\u00e9xico perdi\u00f3 m\u00e1s de 8 mil empleos en enero - Fuentes Fidedignas","og_description":"Pese a la ca\u00edda, el IMSS destac\u00f3 22 millones 508 mil 972 puestos de trabajo, cifra m\u00e1xima desde que se tenga registro considerando solo los meses de enero M\u00e9xico perdi\u00f3 8 mil 104empleos formales&nbsp;en enero pasado, hasta un total de 22.50 millones de puestos afiliados al Instituto Mexicano del Seguro Social (IMSS), revel\u00f3 el organismo. [&hellip;]","og_url":"https:\/\/fuentesfidedignas.com.mx\/index.php\/2026\/02\/09\/mexico-perdio-mas-de-8-mil-empleos-en-enero\/","og_site_name":"Fuentes Fidedignas","article_publisher":"https:\/\/www.facebook.com\/Fuentes-Fidedignas-368234489921644","article_published_time":"2026-02-09T23:01:40+00:00","og_image":[{"width":1536,"height":1024,"url":"https:\/\/fuentesfidedignas.com.mx\/wp-content\/uploads\/2026\/02\/img_2364.jpg","type":"image\/jpeg"}],"author":"EFE","twitter_card":"summary_large_image","twitter_creator":"@fidedignas","twitter_site":"@fidedignas","twitter_misc":{"Escrito por":"EFE","Tiempo de lectura":"2 minutos"},"schema":{"@context":"https:\/\/schema.org","@graph":[{"@type":"Article","@id":"https:\/\/fuentesfidedignas.com.mx\/index.php\/2026\/02\/09\/mexico-perdio-mas-de-8-mil-empleos-en-enero\/#article","isPartOf":{"@id":"https:\/\/fuentesfidedignas.com.mx\/index.php\/2026\/02\/09\/mexico-perdio-mas-de-8-mil-empleos-en-enero\/"},"author":{"name":"EFE","@id":"https:\/\/fuentesfidedignas.com.mx\/#\/schema\/person\/0d44615087b5a626d5d3f13afe31ac41"},"headline":"M\u00e9xico perdi\u00f3 m\u00e1s de 8 mil empleos en enero","datePublished":"2026-02-09T23:01:40+00:00","mainEntityOfPage":{"@id":"https:\/\/fuentesfidedignas.com.mx\/index.php\/2026\/02\/09\/mexico-perdio-mas-de-8-mil-empleos-en-enero\/"},"wordCount":402,"publisher":{"@id":"https:\/\/fuentesfidedignas.com.mx\/#organization"},"image":{"@id":"https:\/\/fuentesfidedignas.com.mx\/index.php\/2026\/02\/09\/mexico-perdio-mas-de-8-mil-empleos-en-enero\/#primaryimage"},"thumbnailUrl":"https:\/\/fuentesfidedignas.com.mx\/wp-content\/uploads\/2026\/02\/img_2364.jpg","articleSection":["NOTICIAS NACIONALES"],"inLanguage":"es"},{"@type":"WebPage","@id":"https:\/\/fuentesfidedignas.com.mx\/index.php\/2026\/02\/09\/mexico-perdio-mas-de-8-mil-empleos-en-enero\/","url":"https:\/\/fuentesfidedignas.com.mx\/index.php\/2026\/02\/09\/mexico-perdio-mas-de-8-mil-empleos-en-enero\/","name":"M\u00e9xico perdi\u00f3 m\u00e1s de 8 mil empleos en enero - Fuentes Fidedignas","isPartOf":{"@id":"https:\/\/fuentesfidedignas.com.mx\/#website"},"primaryImageOfPage":{"@id":"https:\/\/fuentesfidedignas.com.mx\/index.php\/2026\/02\/09\/mexico-perdio-mas-de-8-mil-empleos-en-enero\/#primaryimage"},"image":{"@id":"https:\/\/fuentesfidedignas.com.mx\/index.php\/2026\/02\/09\/mexico-perdio-mas-de-8-mil-empleos-en-enero\/#primaryimage"},"thumbnailUrl":"https:\/\/fuentesfidedignas.com.mx\/wp-content\/uploads\/2026\/02\/img_2364.jpg","datePublished":"2026-02-09T23:01:40+00:00","breadcrumb":{"@id":"https:\/\/fuentesfidedignas.com.mx\/index.php\/2026\/02\/09\/mexico-perdio-mas-de-8-mil-empleos-en-enero\/#breadcrumb"},"inLanguage":"es","potentialAction":[{"@type":"ReadAction","target":["https:\/\/fuentesfidedignas.com.mx\/index.php\/2026\/02\/09\/mexico-perdio-mas-de-8-mil-empleos-en-enero\/"]}]},{"@type":"ImageObject","inLanguage":"es","@id":"https:\/\/fuentesfidedignas.com.mx\/index.php\/2026\/02\/09\/mexico-perdio-mas-de-8-mil-empleos-en-enero\/#primaryimage","url":"https:\/\/fuentesfidedignas.com.mx\/wp-content\/uploads\/2026\/02\/img_2364.jpg","contentUrl":"https:\/\/fuentesfidedignas.com.mx\/wp-content\/uploads\/2026\/02\/img_2364.jpg","width":1536,"height":1024},{"@type":"BreadcrumbList","@id":"https:\/\/fuentesfidedignas.com.mx\/index.php\/2026\/02\/09\/mexico-perdio-mas-de-8-mil-empleos-en-enero\/#breadcrumb","itemListElement":[{"@type":"ListItem","position":1,"name":"Inicio","item":"https:\/\/fuentesfidedignas.com.mx\/"},{"@type":"ListItem","position":2,"name":"M\u00e9xico perdi\u00f3 m\u00e1s de 8 mil empleos en enero"}]},{"@type":"WebSite","@id":"https:\/\/fuentesfidedignas.com.mx\/#website","url":"https:\/\/fuentesfidedignas.com.mx\/","name":"Fuentes Fidedignas","description":"Otro sitio realizado con WordPress","publisher":{"@id":"https:\/\/fuentesfidedignas.com.mx\/#organization"},"potentialAction":[{"@type":"SearchAction","target":{"@type":"EntryPoint","urlTemplate":"https:\/\/fuentesfidedignas.com.mx\/?s={search_term_string}"},"query-input":{"@type":"PropertyValueSpecification","valueRequired":true,"valueName":"search_term_string"}}],"inLanguage":"es"},{"@type":"Organization","@id":"https:\/\/fuentesfidedignas.com.mx\/#organization","name":"Fuentes Fidedignas","url":"https:\/\/fuentesfidedignas.com.mx\/","logo":{"@type":"ImageObject","inLanguage":"es","@id":"https:\/\/fuentesfidedignas.com.mx\/#\/schema\/logo\/image\/","url":"https:\/\/fuentesfidedignas.com.mx\/wp-content\/uploads\/2021\/04\/logo-retina.png","contentUrl":"https:\/\/fuentesfidedignas.com.mx\/wp-content\/uploads\/2021\/04\/logo-retina.png","width":280,"height":51,"caption":"Fuentes Fidedignas"},"image":{"@id":"https:\/\/fuentesfidedignas.com.mx\/#\/schema\/logo\/image\/"},"sameAs":["https:\/\/www.facebook.com\/Fuentes-Fidedignas-368234489921644","https:\/\/x.com\/fidedignas"]},{"@type":"Person","@id":"https:\/\/fuentesfidedignas.com.mx\/#\/schema\/person\/0d44615087b5a626d5d3f13afe31ac41","name":"EFE","image":{"@type":"ImageObject","inLanguage":"es","@id":"https:\/\/secure.gravatar.com\/avatar\/7048c2d9b569d9bed55bb53ad23821e6e047aa66338fb6ea9868627bbb9f54e8?s=96&d=mm&r=g","url":"https:\/\/secure.gravatar.com\/avatar\/7048c2d9b569d9bed55bb53ad23821e6e047aa66338fb6ea9868627bbb9f54e8?s=96&d=mm&r=g","contentUrl":"https:\/\/secure.gravatar.com\/avatar\/7048c2d9b569d9bed55bb53ad23821e6e047aa66338fb6ea9868627bbb9f54e8?s=96&d=mm&r=g","caption":"EFE"},"url":"https:\/\/fuentesfidedignas.com.mx\/index.php\/author\/efe\/"}]}},"_links":{"self":[{"href":"https:\/\/fuentesfidedignas.com.mx\/index.php\/wp-json\/wp\/v2\/posts\/126939","targetHints":{"allow":["GET"]}}],"collection":[{"href":"https:\/\/fuentesfidedignas.com.mx\/index.php\/wp-json\/wp\/v2\/posts"}],"about":[{"href":"https:\/\/fuentesfidedignas.com.mx\/index.php\/wp-json\/wp\/v2\/types\/post"}],"author":[{"embeddable":true,"href":"https:\/\/fuentesfidedignas.com.mx\/index.php\/wp-json\/wp\/v2\/users\/22"}],"replies":[{"embeddable":true,"href":"https:\/\/fuentesfidedignas.com.mx\/index.php\/wp-json\/wp\/v2\/comments?post=126939"}],"version-history":[{"count":1,"href":"https:\/\/fuentesfidedignas.com.mx\/index.php\/wp-json\/wp\/v2\/posts\/126939\/revisions"}],"predecessor-version":[{"id":126940,"href":"https:\/\/fuentesfidedignas.com.mx\/index.php\/wp-json\/wp\/v2\/posts\/126939\/revisions\/126940"}],"wp:featuredmedia":[{"embeddable":true,"href":"https:\/\/fuentesfidedignas.com.mx\/index.php\/wp-json\/wp\/v2\/media\/126938"}],"wp:attachment":[{"href":"https:\/\/fuentesfidedignas.com.mx\/index.php\/wp-json\/wp\/v2\/media?parent=126939"}],"wp:term":[{"taxonomy":"category","embeddable":true,"href":"https:\/\/fuentesfidedignas.com.mx\/index.php\/wp-json\/wp\/v2\/categories?post=126939"},{"taxonomy":"post_tag","embeddable":true,"href":"https:\/\/fuentesfidedignas.com.mx\/index.php\/wp-json\/wp\/v2\/tags?post=126939"}],"curies":[{"name":"wp","href":"https:\/\/api.w.org\/{rel}","templated":true}]}}