{"id":126845,"date":"2026-02-07T14:41:10","date_gmt":"2026-02-07T21:41:10","guid":{"rendered":"https:\/\/fuentesfidedignas.com.mx\/?p=126845"},"modified":"2026-02-07T14:56:38","modified_gmt":"2026-02-07T21:56:38","slug":"secretaria-de-salud-intensifica-jornadas-de-vacunacion-para-frenar-el-brote-de-sarampion","status":"publish","type":"post","link":"https:\/\/fuentesfidedignas.com.mx\/index.php\/2026\/02\/07\/secretaria-de-salud-intensifica-jornadas-de-vacunacion-para-frenar-el-brote-de-sarampion\/","title":{"rendered":"Secretar\u00eda de Salud intensifica jornadas de vacunaci\u00f3n para frenar el brote de sarampi\u00f3n"},"content":{"rendered":"\n<p><\/p>\n\n\n\n<p><strong><em>La Secretar\u00eda de Salud duplic\u00f3 las campa\u00f1as de vacunaci\u00f3n en Guadalajara, una de las zonas m\u00e1s afectadas en el pa\u00eds<\/em><\/strong><\/p>\n\n\n\n<p>Casa por casa, con m\u00f3dulos de&nbsp;<strong>vacunaci\u00f3n<\/strong>&nbsp;en plazas p\u00fablicas y centros comerciales, el estado de&nbsp;<strong>Jalisco<\/strong>&nbsp;es el epicentro del brote de&nbsp;<strong>sarampi\u00f3n<\/strong>&nbsp;en M\u00e9xico, el pa\u00eds con mayor n\u00famero de contagios en toda Am\u00e9rica en lo que va de 2026.<\/p>\n\n\n\n<p>Aunque durante 2025 la&nbsp;<strong>Secretar\u00eda de Salud&nbsp;<\/strong>registr\u00f3 el mayor n\u00famero de personas con la enfermedad en&nbsp;<strong>Chihuahua,<\/strong>&nbsp;con 4 mil 493 casos y 22 defunciones, en los \u00faltimos tres meses la alerta por el aumento de contagios se traslad\u00f3 a&nbsp;<strong>Jalisco,<\/strong>&nbsp;al casi triplicar en poco m\u00e1s de un mes los 663 casos confirmados en todo el a\u00f1o pasado.<\/p>\n\n\n\n<p>C\u00e9sar Augusto Dom\u00ednguez, director de evidencia e inteligencia en la Secretar\u00eda de Salud Jalisco, dijo que 16 personas est\u00e1n hospitalizadas, una de ellas en condici\u00f3n grave, aunque solo han registrado dos decesos por la enfermedad, ocurridos entre octubre y noviembre de 2025.<\/p>\n\n\n\n<p>Seg\u00fan la Organizaci\u00f3n Panamericana de Salud (OPS), M\u00e9xico report\u00f3 6 mil 428 casos y 24 defunciones, la cifra m\u00e1s alta tanto en contagios como en muertes, seguido por Canad\u00e1, con 5 mil 436 casos y dos defunciones, y Estados Unidos, con 2 mil 242 casos y tres fallecimientos.<\/p>\n\n\n\n<p>Por ello,&nbsp;<strong>Jalisco<\/strong>&nbsp;intensific\u00f3 la estrategia de vacunaci\u00f3n que enfrenta, adem\u00e1s, el reto de llegar a 95 % de personas vacunadas antes de la inminente llegada de visitantes por el&nbsp;<strong>Mundial de f\u00fatbol 2026<\/strong>, de la que&nbsp;<strong>Guadalajara<\/strong>&nbsp;ser\u00e1 una de las sedes.<\/p>\n\n\n\n<p>La meta es alcanzar un mill\u00f3n de dosis antes de finalizar febrero, que se sumar\u00edan al mill\u00f3n de vacunas que se aplicaron en meses pasados, dio a conocer a medios de comunicaci\u00f3n el&nbsp;<strong>Secretario de Salud<\/strong>&nbsp;de la entidad,&nbsp;<strong>Ra\u00fal P\u00e9rez G\u00f3mez<\/strong>.<\/p>\n\n\n\n<p><strong>Dom\u00ednguez<\/strong>&nbsp;asegur\u00f3 que esperan que la estrategia de vacunaci\u00f3n ayude a contener la enfermedad lo m\u00e1s pronto posible, aunque ello depender\u00e1 de c\u00f3mo reaccione la poblaci\u00f3n.<\/p>\n\n\n\n<blockquote class=\"wp-block-quote is-layout-flow wp-block-quote-is-layout-flow\">\n<p>\u201cLas m\u00e1s dif\u00edciles de controlar son precisamente las variables sociales. En la medida en que la poblaci\u00f3n acceda a la vacunaci\u00f3n, esto se va a acabar mucho m\u00e1s r\u00e1pido. Ahorita tenemos la capacidad t\u00e9cnica, los insumos necesarios para que la poblaci\u00f3n pueda acceder (a la vacuna)\u201d, sentenci\u00f3.<\/p>\n<\/blockquote>\n\n\n\n<h2 class=\"wp-block-heading\"><strong>Escasez y apat\u00eda<\/strong><\/h2>\n\n\n\n<p><strong>Brigadas de salud<\/strong>&nbsp;han salido a las colonias m\u00e1s afectadas de la zona metropolitana para aplicar el biol\u00f3gico casa por casa o en puntos estrat\u00e9gicos de la ciudad.<\/p>\n\n\n\n<p>Es el caso de&nbsp;<strong>Carlos Casillas<\/strong>, de 67 a\u00f1os de edad, quien recibi\u00f3 la vacuna en su casa en&nbsp;<strong>Tonal\u00e1,<\/strong>&nbsp;un servicio que ayuda a combatir la apat\u00eda o las dificultades que mucha gente tiene para acudir a su centro de salud.<\/p>\n\n\n\n<blockquote class=\"wp-block-quote is-layout-flow wp-block-quote-is-layout-flow\">\n<p>\u201cNos est\u00e1n atendiendo como debe de ser y que tambi\u00e9n nosotros respondamos como familia. No ser ap\u00e1ticos, sino tambi\u00e9n participar con la campa\u00f1a de vacunaci\u00f3n, as\u00ed nos evitamos muchos contagios\u201d, se\u00f1al\u00f3.<\/p>\n<\/blockquote>\n\n\n\n<p><strong>Dom\u00ednguez<\/strong>&nbsp;consider\u00f3 que la \u00e9poca invernal propici\u00f3 la intensificaci\u00f3n del contagio, pero tambi\u00e9n reconoci\u00f3 que las campa\u00f1as de vacunaci\u00f3n han sido inconstantes.<\/p>\n\n\n\n<blockquote class=\"wp-block-quote is-layout-flow wp-block-quote-is-layout-flow\">\n<p>\u201cEl hecho de que las coberturas de vacunaci\u00f3n durante un tiempo prolongado no hayan estado llev\u00e1ndose a cabo y no se hayan completado, nos va a dejar una bolsa de susceptibles que, al correr del tiempo, es evidente que es una cantidad importante de personas que pueden enfermar y transmitir la enfermedad\u201d, expres\u00f3.<\/p>\n<\/blockquote>\n\n\n\n<p>Por su parte,&nbsp;<strong>Ang\u00e9lica Rodr\u00edguez<\/strong>, habitante de&nbsp;<strong>Tlaquepaque,<\/strong>&nbsp;uno de los municipios con m\u00e1s casos, afirm\u00f3 que tuvo que buscar durante tres meses una vacuna para su hijo de un a\u00f1o, debido a que estaba escasa.<\/p>\n\n\n\n<blockquote class=\"wp-block-quote is-layout-flow wp-block-quote-is-layout-flow\">\n<p>\u201cLe tocaba la vacuna del a\u00f1o y no la hab\u00eda en ninguno (de los centros de salud), entonces tuve que buscar d\u00f3nde la tuvieran, porque me dec\u00edan: \u2018esta semana llegan\u2019 y no llegaban, entonces empec\u00e9 a buscarla en otros centros de salud hasta que la encontr\u00e9\u201d, explic\u00f3.<\/p>\n<\/blockquote>\n\n\n\n<p>Adem\u00e1s de duplicar el n\u00famero de brigadas de vacunaci\u00f3n en&nbsp;<strong>Guadalajara,<\/strong>&nbsp;capital del estado, la&nbsp;<strong>Secretar\u00eda de Salud<\/strong>&nbsp;de la entidad y la&nbsp;<strong>Universidad de Guadalajara<\/strong>&nbsp;se han desplegado en otros municipios con el objetivo de aplicar un total de 50 mil vacunas diarias en la entidad.<\/p>\n","protected":false},"excerpt":{"rendered":"<p>La Secretar\u00eda de Salud duplic\u00f3 las campa\u00f1as de vacunaci\u00f3n en Guadalajara, una de las zonas m\u00e1s afectadas en el pa\u00eds Casa por casa, con m\u00f3dulos de&nbsp;vacunaci\u00f3n&nbsp;en plazas p\u00fablicas y centros comerciales, el estado de&nbsp;Jalisco&nbsp;es el epicentro del brote de&nbsp;sarampi\u00f3n&nbsp;en M\u00e9xico, el pa\u00eds con mayor n\u00famero de contagios en toda Am\u00e9rica en lo que va de [&hellip;]<\/p>\n","protected":false},"author":22,"featured_media":114230,"comment_status":"closed","ping_status":"open","sticky":false,"template":"","format":"standard","meta":{"tdm_status":"","tdm_grid_status":"","footnotes":""},"categories":[39],"tags":[],"class_list":{"0":"post-126845","1":"post","2":"type-post","3":"status-publish","4":"format-standard","5":"has-post-thumbnail","7":"category-noticias-nacionales"},"yoast_head":"<!-- This site is optimized with the Yoast SEO plugin v27.5 - https:\/\/yoast.com\/product\/yoast-seo-wordpress\/ -->\n<title>Secretar\u00eda de Salud intensifica jornadas de vacunaci\u00f3n para frenar el brote de sarampi\u00f3n - Fuentes Fidedignas<\/title>\n<meta name=\"robots\" content=\"index, follow, max-snippet:-1, max-image-preview:large, max-video-preview:-1\" \/>\n<link rel=\"canonical\" href=\"https:\/\/fuentesfidedignas.com.mx\/index.php\/2026\/02\/07\/secretaria-de-salud-intensifica-jornadas-de-vacunacion-para-frenar-el-brote-de-sarampion\/\" \/>\n<meta property=\"og:locale\" content=\"es_MX\" \/>\n<meta property=\"og:type\" content=\"article\" \/>\n<meta property=\"og:title\" content=\"Secretar\u00eda de Salud intensifica jornadas de vacunaci\u00f3n para frenar el brote de sarampi\u00f3n - Fuentes Fidedignas\" \/>\n<meta property=\"og:description\" content=\"La Secretar\u00eda de Salud duplic\u00f3 las campa\u00f1as de vacunaci\u00f3n en Guadalajara, una de las zonas m\u00e1s afectadas en el pa\u00eds Casa por casa, con m\u00f3dulos de&nbsp;vacunaci\u00f3n&nbsp;en plazas p\u00fablicas y centros comerciales, el estado de&nbsp;Jalisco&nbsp;es el epicentro del brote de&nbsp;sarampi\u00f3n&nbsp;en M\u00e9xico, el pa\u00eds con mayor n\u00famero de contagios en toda Am\u00e9rica en lo que va de [&hellip;]\" \/>\n<meta property=\"og:url\" content=\"https:\/\/fuentesfidedignas.com.mx\/index.php\/2026\/02\/07\/secretaria-de-salud-intensifica-jornadas-de-vacunacion-para-frenar-el-brote-de-sarampion\/\" \/>\n<meta property=\"og:site_name\" content=\"Fuentes Fidedignas\" \/>\n<meta property=\"article:publisher\" content=\"https:\/\/www.facebook.com\/Fuentes-Fidedignas-368234489921644\" \/>\n<meta property=\"article:published_time\" content=\"2026-02-07T21:41:10+00:00\" \/>\n<meta property=\"article:modified_time\" content=\"2026-02-07T21:56:38+00:00\" \/>\n<meta property=\"og:image\" content=\"https:\/\/fuentesfidedignas.com.mx\/wp-content\/uploads\/2025\/08\/vacunacion_sarampion.jpg\" \/>\n\t<meta property=\"og:image:width\" content=\"500\" \/>\n\t<meta property=\"og:image:height\" content=\"333\" \/>\n\t<meta property=\"og:image:type\" content=\"image\/jpeg\" \/>\n<meta name=\"author\" content=\"EFE\" \/>\n<meta name=\"twitter:card\" content=\"summary_large_image\" \/>\n<meta name=\"twitter:creator\" content=\"@fidedignas\" \/>\n<meta name=\"twitter:site\" content=\"@fidedignas\" \/>\n<meta name=\"twitter:label1\" content=\"Escrito por\" \/>\n\t<meta name=\"twitter:data1\" content=\"EFE\" \/>\n\t<meta name=\"twitter:label2\" content=\"Tiempo de lectura\" \/>\n\t<meta name=\"twitter:data2\" content=\"4 minutos\" \/>\n<script type=\"application\/ld+json\" class=\"yoast-schema-graph\">{\"@context\":\"https:\\\/\\\/schema.org\",\"@graph\":[{\"@type\":\"Article\",\"@id\":\"https:\\\/\\\/fuentesfidedignas.com.mx\\\/index.php\\\/2026\\\/02\\\/07\\\/secretaria-de-salud-intensifica-jornadas-de-vacunacion-para-frenar-el-brote-de-sarampion\\\/#article\",\"isPartOf\":{\"@id\":\"https:\\\/\\\/fuentesfidedignas.com.mx\\\/index.php\\\/2026\\\/02\\\/07\\\/secretaria-de-salud-intensifica-jornadas-de-vacunacion-para-frenar-el-brote-de-sarampion\\\/\"},\"author\":{\"name\":\"EFE\",\"@id\":\"https:\\\/\\\/fuentesfidedignas.com.mx\\\/#\\\/schema\\\/person\\\/0d44615087b5a626d5d3f13afe31ac41\"},\"headline\":\"Secretar\u00eda de Salud intensifica jornadas de vacunaci\u00f3n para frenar el brote de sarampi\u00f3n\",\"datePublished\":\"2026-02-07T21:41:10+00:00\",\"dateModified\":\"2026-02-07T21:56:38+00:00\",\"mainEntityOfPage\":{\"@id\":\"https:\\\/\\\/fuentesfidedignas.com.mx\\\/index.php\\\/2026\\\/02\\\/07\\\/secretaria-de-salud-intensifica-jornadas-de-vacunacion-para-frenar-el-brote-de-sarampion\\\/\"},\"wordCount\":791,\"publisher\":{\"@id\":\"https:\\\/\\\/fuentesfidedignas.com.mx\\\/#organization\"},\"image\":{\"@id\":\"https:\\\/\\\/fuentesfidedignas.com.mx\\\/index.php\\\/2026\\\/02\\\/07\\\/secretaria-de-salud-intensifica-jornadas-de-vacunacion-para-frenar-el-brote-de-sarampion\\\/#primaryimage\"},\"thumbnailUrl\":\"https:\\\/\\\/fuentesfidedignas.com.mx\\\/wp-content\\\/uploads\\\/2025\\\/08\\\/vacunacion_sarampion.jpg\",\"articleSection\":[\"NOTICIAS NACIONALES\"],\"inLanguage\":\"es\"},{\"@type\":\"WebPage\",\"@id\":\"https:\\\/\\\/fuentesfidedignas.com.mx\\\/index.php\\\/2026\\\/02\\\/07\\\/secretaria-de-salud-intensifica-jornadas-de-vacunacion-para-frenar-el-brote-de-sarampion\\\/\",\"url\":\"https:\\\/\\\/fuentesfidedignas.com.mx\\\/index.php\\\/2026\\\/02\\\/07\\\/secretaria-de-salud-intensifica-jornadas-de-vacunacion-para-frenar-el-brote-de-sarampion\\\/\",\"name\":\"Secretar\u00eda de Salud intensifica jornadas de vacunaci\u00f3n para frenar el brote de sarampi\u00f3n - Fuentes Fidedignas\",\"isPartOf\":{\"@id\":\"https:\\\/\\\/fuentesfidedignas.com.mx\\\/#website\"},\"primaryImageOfPage\":{\"@id\":\"https:\\\/\\\/fuentesfidedignas.com.mx\\\/index.php\\\/2026\\\/02\\\/07\\\/secretaria-de-salud-intensifica-jornadas-de-vacunacion-para-frenar-el-brote-de-sarampion\\\/#primaryimage\"},\"image\":{\"@id\":\"https:\\\/\\\/fuentesfidedignas.com.mx\\\/index.php\\\/2026\\\/02\\\/07\\\/secretaria-de-salud-intensifica-jornadas-de-vacunacion-para-frenar-el-brote-de-sarampion\\\/#primaryimage\"},\"thumbnailUrl\":\"https:\\\/\\\/fuentesfidedignas.com.mx\\\/wp-content\\\/uploads\\\/2025\\\/08\\\/vacunacion_sarampion.jpg\",\"datePublished\":\"2026-02-07T21:41:10+00:00\",\"dateModified\":\"2026-02-07T21:56:38+00:00\",\"breadcrumb\":{\"@id\":\"https:\\\/\\\/fuentesfidedignas.com.mx\\\/index.php\\\/2026\\\/02\\\/07\\\/secretaria-de-salud-intensifica-jornadas-de-vacunacion-para-frenar-el-brote-de-sarampion\\\/#breadcrumb\"},\"inLanguage\":\"es\",\"potentialAction\":[{\"@type\":\"ReadAction\",\"target\":[\"https:\\\/\\\/fuentesfidedignas.com.mx\\\/index.php\\\/2026\\\/02\\\/07\\\/secretaria-de-salud-intensifica-jornadas-de-vacunacion-para-frenar-el-brote-de-sarampion\\\/\"]}]},{\"@type\":\"ImageObject\",\"inLanguage\":\"es\",\"@id\":\"https:\\\/\\\/fuentesfidedignas.com.mx\\\/index.php\\\/2026\\\/02\\\/07\\\/secretaria-de-salud-intensifica-jornadas-de-vacunacion-para-frenar-el-brote-de-sarampion\\\/#primaryimage\",\"url\":\"https:\\\/\\\/fuentesfidedignas.com.mx\\\/wp-content\\\/uploads\\\/2025\\\/08\\\/vacunacion_sarampion.jpg\",\"contentUrl\":\"https:\\\/\\\/fuentesfidedignas.com.mx\\\/wp-content\\\/uploads\\\/2025\\\/08\\\/vacunacion_sarampion.jpg\",\"width\":500,\"height\":333},{\"@type\":\"BreadcrumbList\",\"@id\":\"https:\\\/\\\/fuentesfidedignas.com.mx\\\/index.php\\\/2026\\\/02\\\/07\\\/secretaria-de-salud-intensifica-jornadas-de-vacunacion-para-frenar-el-brote-de-sarampion\\\/#breadcrumb\",\"itemListElement\":[{\"@type\":\"ListItem\",\"position\":1,\"name\":\"Inicio\",\"item\":\"https:\\\/\\\/fuentesfidedignas.com.mx\\\/\"},{\"@type\":\"ListItem\",\"position\":2,\"name\":\"Secretar\u00eda de Salud intensifica jornadas de vacunaci\u00f3n para frenar el brote de sarampi\u00f3n\"}]},{\"@type\":\"WebSite\",\"@id\":\"https:\\\/\\\/fuentesfidedignas.com.mx\\\/#website\",\"url\":\"https:\\\/\\\/fuentesfidedignas.com.mx\\\/\",\"name\":\"Fuentes Fidedignas\",\"description\":\"Otro sitio realizado con WordPress\",\"publisher\":{\"@id\":\"https:\\\/\\\/fuentesfidedignas.com.mx\\\/#organization\"},\"potentialAction\":[{\"@type\":\"SearchAction\",\"target\":{\"@type\":\"EntryPoint\",\"urlTemplate\":\"https:\\\/\\\/fuentesfidedignas.com.mx\\\/?s={search_term_string}\"},\"query-input\":{\"@type\":\"PropertyValueSpecification\",\"valueRequired\":true,\"valueName\":\"search_term_string\"}}],\"inLanguage\":\"es\"},{\"@type\":\"Organization\",\"@id\":\"https:\\\/\\\/fuentesfidedignas.com.mx\\\/#organization\",\"name\":\"Fuentes Fidedignas\",\"url\":\"https:\\\/\\\/fuentesfidedignas.com.mx\\\/\",\"logo\":{\"@type\":\"ImageObject\",\"inLanguage\":\"es\",\"@id\":\"https:\\\/\\\/fuentesfidedignas.com.mx\\\/#\\\/schema\\\/logo\\\/image\\\/\",\"url\":\"https:\\\/\\\/fuentesfidedignas.com.mx\\\/wp-content\\\/uploads\\\/2021\\\/04\\\/logo-retina.png\",\"contentUrl\":\"https:\\\/\\\/fuentesfidedignas.com.mx\\\/wp-content\\\/uploads\\\/2021\\\/04\\\/logo-retina.png\",\"width\":280,\"height\":51,\"caption\":\"Fuentes Fidedignas\"},\"image\":{\"@id\":\"https:\\\/\\\/fuentesfidedignas.com.mx\\\/#\\\/schema\\\/logo\\\/image\\\/\"},\"sameAs\":[\"https:\\\/\\\/www.facebook.com\\\/Fuentes-Fidedignas-368234489921644\",\"https:\\\/\\\/x.com\\\/fidedignas\"]},{\"@type\":\"Person\",\"@id\":\"https:\\\/\\\/fuentesfidedignas.com.mx\\\/#\\\/schema\\\/person\\\/0d44615087b5a626d5d3f13afe31ac41\",\"name\":\"EFE\",\"image\":{\"@type\":\"ImageObject\",\"inLanguage\":\"es\",\"@id\":\"https:\\\/\\\/secure.gravatar.com\\\/avatar\\\/7048c2d9b569d9bed55bb53ad23821e6e047aa66338fb6ea9868627bbb9f54e8?s=96&d=mm&r=g\",\"url\":\"https:\\\/\\\/secure.gravatar.com\\\/avatar\\\/7048c2d9b569d9bed55bb53ad23821e6e047aa66338fb6ea9868627bbb9f54e8?s=96&d=mm&r=g\",\"contentUrl\":\"https:\\\/\\\/secure.gravatar.com\\\/avatar\\\/7048c2d9b569d9bed55bb53ad23821e6e047aa66338fb6ea9868627bbb9f54e8?s=96&d=mm&r=g\",\"caption\":\"EFE\"},\"url\":\"https:\\\/\\\/fuentesfidedignas.com.mx\\\/index.php\\\/author\\\/efe\\\/\"}]}<\/script>\n<!-- \/ Yoast SEO plugin. -->","yoast_head_json":{"title":"Secretar\u00eda de Salud intensifica jornadas de vacunaci\u00f3n para frenar el brote de sarampi\u00f3n - Fuentes Fidedignas","robots":{"index":"index","follow":"follow","max-snippet":"max-snippet:-1","max-image-preview":"max-image-preview:large","max-video-preview":"max-video-preview:-1"},"canonical":"https:\/\/fuentesfidedignas.com.mx\/index.php\/2026\/02\/07\/secretaria-de-salud-intensifica-jornadas-de-vacunacion-para-frenar-el-brote-de-sarampion\/","og_locale":"es_MX","og_type":"article","og_title":"Secretar\u00eda de Salud intensifica jornadas de vacunaci\u00f3n para frenar el brote de sarampi\u00f3n - Fuentes Fidedignas","og_description":"La Secretar\u00eda de Salud duplic\u00f3 las campa\u00f1as de vacunaci\u00f3n en Guadalajara, una de las zonas m\u00e1s afectadas en el pa\u00eds Casa por casa, con m\u00f3dulos de&nbsp;vacunaci\u00f3n&nbsp;en plazas p\u00fablicas y centros comerciales, el estado de&nbsp;Jalisco&nbsp;es el epicentro del brote de&nbsp;sarampi\u00f3n&nbsp;en M\u00e9xico, el pa\u00eds con mayor n\u00famero de contagios en toda Am\u00e9rica en lo que va de [&hellip;]","og_url":"https:\/\/fuentesfidedignas.com.mx\/index.php\/2026\/02\/07\/secretaria-de-salud-intensifica-jornadas-de-vacunacion-para-frenar-el-brote-de-sarampion\/","og_site_name":"Fuentes Fidedignas","article_publisher":"https:\/\/www.facebook.com\/Fuentes-Fidedignas-368234489921644","article_published_time":"2026-02-07T21:41:10+00:00","article_modified_time":"2026-02-07T21:56:38+00:00","og_image":[{"width":500,"height":333,"url":"https:\/\/fuentesfidedignas.com.mx\/wp-content\/uploads\/2025\/08\/vacunacion_sarampion.jpg","type":"image\/jpeg"}],"author":"EFE","twitter_card":"summary_large_image","twitter_creator":"@fidedignas","twitter_site":"@fidedignas","twitter_misc":{"Escrito por":"EFE","Tiempo de lectura":"4 minutos"},"schema":{"@context":"https:\/\/schema.org","@graph":[{"@type":"Article","@id":"https:\/\/fuentesfidedignas.com.mx\/index.php\/2026\/02\/07\/secretaria-de-salud-intensifica-jornadas-de-vacunacion-para-frenar-el-brote-de-sarampion\/#article","isPartOf":{"@id":"https:\/\/fuentesfidedignas.com.mx\/index.php\/2026\/02\/07\/secretaria-de-salud-intensifica-jornadas-de-vacunacion-para-frenar-el-brote-de-sarampion\/"},"author":{"name":"EFE","@id":"https:\/\/fuentesfidedignas.com.mx\/#\/schema\/person\/0d44615087b5a626d5d3f13afe31ac41"},"headline":"Secretar\u00eda de Salud intensifica jornadas de vacunaci\u00f3n para frenar el brote de sarampi\u00f3n","datePublished":"2026-02-07T21:41:10+00:00","dateModified":"2026-02-07T21:56:38+00:00","mainEntityOfPage":{"@id":"https:\/\/fuentesfidedignas.com.mx\/index.php\/2026\/02\/07\/secretaria-de-salud-intensifica-jornadas-de-vacunacion-para-frenar-el-brote-de-sarampion\/"},"wordCount":791,"publisher":{"@id":"https:\/\/fuentesfidedignas.com.mx\/#organization"},"image":{"@id":"https:\/\/fuentesfidedignas.com.mx\/index.php\/2026\/02\/07\/secretaria-de-salud-intensifica-jornadas-de-vacunacion-para-frenar-el-brote-de-sarampion\/#primaryimage"},"thumbnailUrl":"https:\/\/fuentesfidedignas.com.mx\/wp-content\/uploads\/2025\/08\/vacunacion_sarampion.jpg","articleSection":["NOTICIAS NACIONALES"],"inLanguage":"es"},{"@type":"WebPage","@id":"https:\/\/fuentesfidedignas.com.mx\/index.php\/2026\/02\/07\/secretaria-de-salud-intensifica-jornadas-de-vacunacion-para-frenar-el-brote-de-sarampion\/","url":"https:\/\/fuentesfidedignas.com.mx\/index.php\/2026\/02\/07\/secretaria-de-salud-intensifica-jornadas-de-vacunacion-para-frenar-el-brote-de-sarampion\/","name":"Secretar\u00eda de Salud intensifica jornadas de vacunaci\u00f3n para frenar el brote de sarampi\u00f3n - Fuentes Fidedignas","isPartOf":{"@id":"https:\/\/fuentesfidedignas.com.mx\/#website"},"primaryImageOfPage":{"@id":"https:\/\/fuentesfidedignas.com.mx\/index.php\/2026\/02\/07\/secretaria-de-salud-intensifica-jornadas-de-vacunacion-para-frenar-el-brote-de-sarampion\/#primaryimage"},"image":{"@id":"https:\/\/fuentesfidedignas.com.mx\/index.php\/2026\/02\/07\/secretaria-de-salud-intensifica-jornadas-de-vacunacion-para-frenar-el-brote-de-sarampion\/#primaryimage"},"thumbnailUrl":"https:\/\/fuentesfidedignas.com.mx\/wp-content\/uploads\/2025\/08\/vacunacion_sarampion.jpg","datePublished":"2026-02-07T21:41:10+00:00","dateModified":"2026-02-07T21:56:38+00:00","breadcrumb":{"@id":"https:\/\/fuentesfidedignas.com.mx\/index.php\/2026\/02\/07\/secretaria-de-salud-intensifica-jornadas-de-vacunacion-para-frenar-el-brote-de-sarampion\/#breadcrumb"},"inLanguage":"es","potentialAction":[{"@type":"ReadAction","target":["https:\/\/fuentesfidedignas.com.mx\/index.php\/2026\/02\/07\/secretaria-de-salud-intensifica-jornadas-de-vacunacion-para-frenar-el-brote-de-sarampion\/"]}]},{"@type":"ImageObject","inLanguage":"es","@id":"https:\/\/fuentesfidedignas.com.mx\/index.php\/2026\/02\/07\/secretaria-de-salud-intensifica-jornadas-de-vacunacion-para-frenar-el-brote-de-sarampion\/#primaryimage","url":"https:\/\/fuentesfidedignas.com.mx\/wp-content\/uploads\/2025\/08\/vacunacion_sarampion.jpg","contentUrl":"https:\/\/fuentesfidedignas.com.mx\/wp-content\/uploads\/2025\/08\/vacunacion_sarampion.jpg","width":500,"height":333},{"@type":"BreadcrumbList","@id":"https:\/\/fuentesfidedignas.com.mx\/index.php\/2026\/02\/07\/secretaria-de-salud-intensifica-jornadas-de-vacunacion-para-frenar-el-brote-de-sarampion\/#breadcrumb","itemListElement":[{"@type":"ListItem","position":1,"name":"Inicio","item":"https:\/\/fuentesfidedignas.com.mx\/"},{"@type":"ListItem","position":2,"name":"Secretar\u00eda de Salud intensifica jornadas de vacunaci\u00f3n para frenar el brote de sarampi\u00f3n"}]},{"@type":"WebSite","@id":"https:\/\/fuentesfidedignas.com.mx\/#website","url":"https:\/\/fuentesfidedignas.com.mx\/","name":"Fuentes Fidedignas","description":"Otro sitio realizado con WordPress","publisher":{"@id":"https:\/\/fuentesfidedignas.com.mx\/#organization"},"potentialAction":[{"@type":"SearchAction","target":{"@type":"EntryPoint","urlTemplate":"https:\/\/fuentesfidedignas.com.mx\/?s={search_term_string}"},"query-input":{"@type":"PropertyValueSpecification","valueRequired":true,"valueName":"search_term_string"}}],"inLanguage":"es"},{"@type":"Organization","@id":"https:\/\/fuentesfidedignas.com.mx\/#organization","name":"Fuentes Fidedignas","url":"https:\/\/fuentesfidedignas.com.mx\/","logo":{"@type":"ImageObject","inLanguage":"es","@id":"https:\/\/fuentesfidedignas.com.mx\/#\/schema\/logo\/image\/","url":"https:\/\/fuentesfidedignas.com.mx\/wp-content\/uploads\/2021\/04\/logo-retina.png","contentUrl":"https:\/\/fuentesfidedignas.com.mx\/wp-content\/uploads\/2021\/04\/logo-retina.png","width":280,"height":51,"caption":"Fuentes Fidedignas"},"image":{"@id":"https:\/\/fuentesfidedignas.com.mx\/#\/schema\/logo\/image\/"},"sameAs":["https:\/\/www.facebook.com\/Fuentes-Fidedignas-368234489921644","https:\/\/x.com\/fidedignas"]},{"@type":"Person","@id":"https:\/\/fuentesfidedignas.com.mx\/#\/schema\/person\/0d44615087b5a626d5d3f13afe31ac41","name":"EFE","image":{"@type":"ImageObject","inLanguage":"es","@id":"https:\/\/secure.gravatar.com\/avatar\/7048c2d9b569d9bed55bb53ad23821e6e047aa66338fb6ea9868627bbb9f54e8?s=96&d=mm&r=g","url":"https:\/\/secure.gravatar.com\/avatar\/7048c2d9b569d9bed55bb53ad23821e6e047aa66338fb6ea9868627bbb9f54e8?s=96&d=mm&r=g","contentUrl":"https:\/\/secure.gravatar.com\/avatar\/7048c2d9b569d9bed55bb53ad23821e6e047aa66338fb6ea9868627bbb9f54e8?s=96&d=mm&r=g","caption":"EFE"},"url":"https:\/\/fuentesfidedignas.com.mx\/index.php\/author\/efe\/"}]}},"_links":{"self":[{"href":"https:\/\/fuentesfidedignas.com.mx\/index.php\/wp-json\/wp\/v2\/posts\/126845","targetHints":{"allow":["GET"]}}],"collection":[{"href":"https:\/\/fuentesfidedignas.com.mx\/index.php\/wp-json\/wp\/v2\/posts"}],"about":[{"href":"https:\/\/fuentesfidedignas.com.mx\/index.php\/wp-json\/wp\/v2\/types\/post"}],"author":[{"embeddable":true,"href":"https:\/\/fuentesfidedignas.com.mx\/index.php\/wp-json\/wp\/v2\/users\/22"}],"replies":[{"embeddable":true,"href":"https:\/\/fuentesfidedignas.com.mx\/index.php\/wp-json\/wp\/v2\/comments?post=126845"}],"version-history":[{"count":1,"href":"https:\/\/fuentesfidedignas.com.mx\/index.php\/wp-json\/wp\/v2\/posts\/126845\/revisions"}],"predecessor-version":[{"id":126846,"href":"https:\/\/fuentesfidedignas.com.mx\/index.php\/wp-json\/wp\/v2\/posts\/126845\/revisions\/126846"}],"wp:featuredmedia":[{"embeddable":true,"href":"https:\/\/fuentesfidedignas.com.mx\/index.php\/wp-json\/wp\/v2\/media\/114230"}],"wp:attachment":[{"href":"https:\/\/fuentesfidedignas.com.mx\/index.php\/wp-json\/wp\/v2\/media?parent=126845"}],"wp:term":[{"taxonomy":"category","embeddable":true,"href":"https:\/\/fuentesfidedignas.com.mx\/index.php\/wp-json\/wp\/v2\/categories?post=126845"},{"taxonomy":"post_tag","embeddable":true,"href":"https:\/\/fuentesfidedignas.com.mx\/index.php\/wp-json\/wp\/v2\/tags?post=126845"}],"curies":[{"name":"wp","href":"https:\/\/api.w.org\/{rel}","templated":true}]}}