{"id":126801,"date":"2026-02-06T10:51:39","date_gmt":"2026-02-06T17:51:39","guid":{"rendered":"https:\/\/fuentesfidedignas.com.mx\/?p=126801"},"modified":"2026-02-06T12:19:01","modified_gmt":"2026-02-06T19:19:01","slug":"detienen-a-el-flaco-operador-de-los-salazar-afin-al-cartel-de-sinaloa-vendia-droga-en-queretaro","status":"publish","type":"post","link":"https:\/\/fuentesfidedignas.com.mx\/index.php\/2026\/02\/06\/detienen-a-el-flaco-operador-de-los-salazar-afin-al-cartel-de-sinaloa-vendia-droga-en-queretaro\/","title":{"rendered":"Detienen a \u2018El Flaco\u2019, operador de \u2018Los Salazar\u2019, af\u00edn al C\u00e1rtel de Sinaloa; vend\u00eda droga en Quer\u00e9taro"},"content":{"rendered":"\n<p><strong><em>\u2018El Flaco\u2019 pertenec\u00eda a la organizaci\u00f3n de \u2018Los Salazar\u2019, relacionada con el C\u00e1rtel de Sinaloa.<\/em><\/strong><\/p>\n\n\n\n<p>Omar Garc\u00eda Harfuch, secretario de Seguridad, anunci\u00f3 la detenci\u00f3n de Diego \u2018N\u2019, alias \u2018El Flaco\u2019 operador de la organizaci\u00f3n \u201cLos Salazar\u201d, af\u00edn al C\u00e1rtel de Sinaloa.<\/p>\n\n\n\n<p>Diego \u2018N\u2019 coordinaba la venta y distribuci\u00f3n de droga en Quer\u00e9taro, as\u00ed como el tr\u00e1fico de armas, agresiones a grupos rivales, homicidios y actividades de reclutamiento.<\/p>\n\n\n\n<p>El secretario de Seguridad detall\u00f3 que la Unidad de Inteligencia Naval de la Secretar\u00eda de Marina inici\u00f3 una investigaci\u00f3n de 4 meses que incluy\u00f3 an\u00e1lisis de patrones delictivos y vigilancias fijas y m\u00f3viles.<\/p>\n\n\n\n<p>El despliegue fue realizado por elementos de la Secretar\u00eda de Seguridad y Protecci\u00f3n Ciudadana (SSPC), Secretar\u00eda de la Defensa (Defensa), Secretar\u00eda de Marina (Semar), Fiscal\u00eda General de la Rep\u00fablica (FGR), as\u00ed como la Secretar\u00eda de Seguridad de Quer\u00e9taro y la Fiscal\u00eda estatal.<blockquote class=\"twitter-tweet\"><p lang=\"es\" dir=\"ltr\">Con informaci\u00f3n obtenida por la Unidad de Inteligencia Naval <a href=\"https:\/\/twitter.com\/SEMAR_mx?ref_src=twsrc%5Etfw\">@SEMAR_mx<\/a> se inici\u00f3 una investigaci\u00f3n de 4 meses que incluyeron an\u00e1lisis de patrones delictivos y vigilancias fijas y m\u00f3viles, elementos de <a href=\"https:\/\/twitter.com\/SSPCMexico?ref_src=twsrc%5Etfw\">@SSPCMexico<\/a>, <a href=\"https:\/\/twitter.com\/Defensamx1?ref_src=twsrc%5Etfw\">@Defensamx1<\/a> <a href=\"https:\/\/twitter.com\/SEMAR_mx?ref_src=twsrc%5Etfw\">@SEMAR_mx<\/a>, <a href=\"https:\/\/twitter.com\/FGRMexico?ref_src=twsrc%5Etfw\">@FGRMexico<\/a>, <a href=\"https:\/\/twitter.com\/SSCQro?ref_src=twsrc%5Etfw\">@SSCQro<\/a> y <a href=\"https:\/\/twitter.com\/fiscaliaqro?ref_src=twsrc%5Etfw\">@fiscaliaqro<\/a>\u2026 <a href=\"https:\/\/t.co\/vMJFs6upHC\">pic.twitter.com\/vMJFs6upHC<\/a><\/p>\u2014 Omar H Garcia Harfuch (@OHarfuch) <a href=\"https:\/\/twitter.com\/OHarfuch\/status\/2019818720743317521?ref_src=twsrc%5Etfw\">February 6, 2026<\/a><\/blockquote> <script><\/script><\/p>\n\n\n\n<p><strong>As\u00ed fue el operativo para detener a Diego \u2018N\u2019<\/strong><br>En un comunicado, el Gabinete de Seguridad detall\u00f3 que el operativo consisti\u00f3 en 12 registros para detener a los individuos, a los que localizaron tras implementar recorridos de seguridad y vigilancias fijas y m\u00f3viles para determinar sus localizaciones.<\/p>\n\n\n\n<p>En total, fueron arrestados 21 hombres y nueve mujeres, entre ellos el l\u00edder QUdel grupo criminal, a quienes les incautaron armas de fuego, cartuchos \u00fatiles, dosis de droga, dinero en efectivo, veh\u00edculos, equipos de telefon\u00eda y dispositivos de almacenamiento de informaci\u00f3n.<\/p>\n\n\n\n<p>Los inmuebles quedaron bajo resguardo policial, mientras los acusados fueron puestos a disposici\u00f3n de un agente del Ministerio P\u00fablico para que determine su situaci\u00f3n legal.<\/p>\n\n\n\n<p>\u201cLas instituciones del Gabinete de Seguridad reiteran su compromiso de trabajar de manera coordinada con autoridades locales, para detener a generadores de violencia en el pa\u00eds\u201d, concluy\u00f3 la dependencia.<\/p>\n\n\n\n<p>Este operativo se produce mientras Sinaloa vive una escalada aguda de violencia por la pugna interna de facciones del Cartel de Sinaloa, raz\u00f3n por la cual el Gobierno despleg\u00f3 casi 2 mil 800 agentes militares, de seguridad y ministeriales para reforzar la seguridad estatal.<\/p>\n\n\n\n<p><\/p>\n","protected":false},"excerpt":{"rendered":"<p>\u2018El Flaco\u2019 pertenec\u00eda a la organizaci\u00f3n de \u2018Los Salazar\u2019, relacionada con el C\u00e1rtel de Sinaloa. Omar Garc\u00eda Harfuch, secretario de Seguridad, anunci\u00f3 la detenci\u00f3n de Diego \u2018N\u2019, alias \u2018El Flaco\u2019 operador de la organizaci\u00f3n \u201cLos Salazar\u201d, af\u00edn al C\u00e1rtel de Sinaloa. Diego \u2018N\u2019 coordinaba la venta y distribuci\u00f3n de droga en Quer\u00e9taro, as\u00ed como el [&hellip;]<\/p>\n","protected":false},"author":22,"featured_media":126802,"comment_status":"open","ping_status":"open","sticky":false,"template":"","format":"standard","meta":{"tdm_status":"","tdm_grid_status":"","footnotes":""},"categories":[37],"tags":[],"class_list":{"0":"post-126801","1":"post","2":"type-post","3":"status-publish","4":"format-standard","5":"has-post-thumbnail","7":"category-nota-principal"},"yoast_head":"<!-- This site is optimized with the Yoast SEO plugin v27.5 - https:\/\/yoast.com\/product\/yoast-seo-wordpress\/ -->\n<title>Detienen a \u2018El Flaco\u2019, operador de \u2018Los Salazar\u2019, af\u00edn al C\u00e1rtel de Sinaloa; vend\u00eda droga en Quer\u00e9taro - Fuentes Fidedignas<\/title>\n<meta name=\"robots\" content=\"index, follow, max-snippet:-1, max-image-preview:large, max-video-preview:-1\" \/>\n<link rel=\"canonical\" href=\"https:\/\/fuentesfidedignas.com.mx\/index.php\/2026\/02\/06\/detienen-a-el-flaco-operador-de-los-salazar-afin-al-cartel-de-sinaloa-vendia-droga-en-queretaro\/\" \/>\n<meta property=\"og:locale\" content=\"es_MX\" \/>\n<meta property=\"og:type\" content=\"article\" \/>\n<meta property=\"og:title\" content=\"Detienen a \u2018El Flaco\u2019, operador de \u2018Los Salazar\u2019, af\u00edn al C\u00e1rtel de Sinaloa; vend\u00eda droga en Quer\u00e9taro - Fuentes Fidedignas\" \/>\n<meta property=\"og:description\" content=\"\u2018El Flaco\u2019 pertenec\u00eda a la organizaci\u00f3n de \u2018Los Salazar\u2019, relacionada con el C\u00e1rtel de Sinaloa. Omar Garc\u00eda Harfuch, secretario de Seguridad, anunci\u00f3 la detenci\u00f3n de Diego \u2018N\u2019, alias \u2018El Flaco\u2019 operador de la organizaci\u00f3n \u201cLos Salazar\u201d, af\u00edn al C\u00e1rtel de Sinaloa. Diego \u2018N\u2019 coordinaba la venta y distribuci\u00f3n de droga en Quer\u00e9taro, as\u00ed como el [&hellip;]\" \/>\n<meta property=\"og:url\" content=\"https:\/\/fuentesfidedignas.com.mx\/index.php\/2026\/02\/06\/detienen-a-el-flaco-operador-de-los-salazar-afin-al-cartel-de-sinaloa-vendia-droga-en-queretaro\/\" \/>\n<meta property=\"og:site_name\" content=\"Fuentes Fidedignas\" \/>\n<meta property=\"article:publisher\" content=\"https:\/\/www.facebook.com\/Fuentes-Fidedignas-368234489921644\" \/>\n<meta property=\"article:published_time\" content=\"2026-02-06T17:51:39+00:00\" \/>\n<meta property=\"article:modified_time\" content=\"2026-02-06T19:19:01+00:00\" \/>\n<meta property=\"og:image\" content=\"https:\/\/fuentesfidedignas.com.mx\/wp-content\/uploads\/2026\/02\/El-Flaco-Salazar.jpg\" \/>\n\t<meta property=\"og:image:width\" content=\"500\" \/>\n\t<meta property=\"og:image:height\" content=\"278\" \/>\n\t<meta property=\"og:image:type\" content=\"image\/jpeg\" \/>\n<meta name=\"author\" content=\"EFE\" \/>\n<meta name=\"twitter:card\" content=\"summary_large_image\" \/>\n<meta name=\"twitter:creator\" content=\"@fidedignas\" \/>\n<meta name=\"twitter:site\" content=\"@fidedignas\" \/>\n<meta name=\"twitter:label1\" content=\"Escrito por\" \/>\n\t<meta name=\"twitter:data1\" content=\"EFE\" \/>\n\t<meta name=\"twitter:label2\" content=\"Tiempo de lectura\" \/>\n\t<meta name=\"twitter:data2\" content=\"2 minutos\" \/>\n<script type=\"application\/ld+json\" class=\"yoast-schema-graph\">{\"@context\":\"https:\\\/\\\/schema.org\",\"@graph\":[{\"@type\":\"Article\",\"@id\":\"https:\\\/\\\/fuentesfidedignas.com.mx\\\/index.php\\\/2026\\\/02\\\/06\\\/detienen-a-el-flaco-operador-de-los-salazar-afin-al-cartel-de-sinaloa-vendia-droga-en-queretaro\\\/#article\",\"isPartOf\":{\"@id\":\"https:\\\/\\\/fuentesfidedignas.com.mx\\\/index.php\\\/2026\\\/02\\\/06\\\/detienen-a-el-flaco-operador-de-los-salazar-afin-al-cartel-de-sinaloa-vendia-droga-en-queretaro\\\/\"},\"author\":{\"name\":\"EFE\",\"@id\":\"https:\\\/\\\/fuentesfidedignas.com.mx\\\/#\\\/schema\\\/person\\\/0d44615087b5a626d5d3f13afe31ac41\"},\"headline\":\"Detienen a \u2018El Flaco\u2019, operador de \u2018Los Salazar\u2019, af\u00edn al C\u00e1rtel de Sinaloa; vend\u00eda droga en Quer\u00e9taro\",\"datePublished\":\"2026-02-06T17:51:39+00:00\",\"dateModified\":\"2026-02-06T19:19:01+00:00\",\"mainEntityOfPage\":{\"@id\":\"https:\\\/\\\/fuentesfidedignas.com.mx\\\/index.php\\\/2026\\\/02\\\/06\\\/detienen-a-el-flaco-operador-de-los-salazar-afin-al-cartel-de-sinaloa-vendia-droga-en-queretaro\\\/\"},\"wordCount\":431,\"commentCount\":0,\"publisher\":{\"@id\":\"https:\\\/\\\/fuentesfidedignas.com.mx\\\/#organization\"},\"image\":{\"@id\":\"https:\\\/\\\/fuentesfidedignas.com.mx\\\/index.php\\\/2026\\\/02\\\/06\\\/detienen-a-el-flaco-operador-de-los-salazar-afin-al-cartel-de-sinaloa-vendia-droga-en-queretaro\\\/#primaryimage\"},\"thumbnailUrl\":\"https:\\\/\\\/fuentesfidedignas.com.mx\\\/wp-content\\\/uploads\\\/2026\\\/02\\\/El-Flaco-Salazar.jpg\",\"articleSection\":[\"NOTA PRINCIPAL\"],\"inLanguage\":\"es\",\"potentialAction\":[{\"@type\":\"CommentAction\",\"name\":\"Comment\",\"target\":[\"https:\\\/\\\/fuentesfidedignas.com.mx\\\/index.php\\\/2026\\\/02\\\/06\\\/detienen-a-el-flaco-operador-de-los-salazar-afin-al-cartel-de-sinaloa-vendia-droga-en-queretaro\\\/#respond\"]}]},{\"@type\":\"WebPage\",\"@id\":\"https:\\\/\\\/fuentesfidedignas.com.mx\\\/index.php\\\/2026\\\/02\\\/06\\\/detienen-a-el-flaco-operador-de-los-salazar-afin-al-cartel-de-sinaloa-vendia-droga-en-queretaro\\\/\",\"url\":\"https:\\\/\\\/fuentesfidedignas.com.mx\\\/index.php\\\/2026\\\/02\\\/06\\\/detienen-a-el-flaco-operador-de-los-salazar-afin-al-cartel-de-sinaloa-vendia-droga-en-queretaro\\\/\",\"name\":\"Detienen a \u2018El Flaco\u2019, operador de \u2018Los Salazar\u2019, af\u00edn al C\u00e1rtel de Sinaloa; vend\u00eda droga en Quer\u00e9taro - Fuentes Fidedignas\",\"isPartOf\":{\"@id\":\"https:\\\/\\\/fuentesfidedignas.com.mx\\\/#website\"},\"primaryImageOfPage\":{\"@id\":\"https:\\\/\\\/fuentesfidedignas.com.mx\\\/index.php\\\/2026\\\/02\\\/06\\\/detienen-a-el-flaco-operador-de-los-salazar-afin-al-cartel-de-sinaloa-vendia-droga-en-queretaro\\\/#primaryimage\"},\"image\":{\"@id\":\"https:\\\/\\\/fuentesfidedignas.com.mx\\\/index.php\\\/2026\\\/02\\\/06\\\/detienen-a-el-flaco-operador-de-los-salazar-afin-al-cartel-de-sinaloa-vendia-droga-en-queretaro\\\/#primaryimage\"},\"thumbnailUrl\":\"https:\\\/\\\/fuentesfidedignas.com.mx\\\/wp-content\\\/uploads\\\/2026\\\/02\\\/El-Flaco-Salazar.jpg\",\"datePublished\":\"2026-02-06T17:51:39+00:00\",\"dateModified\":\"2026-02-06T19:19:01+00:00\",\"breadcrumb\":{\"@id\":\"https:\\\/\\\/fuentesfidedignas.com.mx\\\/index.php\\\/2026\\\/02\\\/06\\\/detienen-a-el-flaco-operador-de-los-salazar-afin-al-cartel-de-sinaloa-vendia-droga-en-queretaro\\\/#breadcrumb\"},\"inLanguage\":\"es\",\"potentialAction\":[{\"@type\":\"ReadAction\",\"target\":[\"https:\\\/\\\/fuentesfidedignas.com.mx\\\/index.php\\\/2026\\\/02\\\/06\\\/detienen-a-el-flaco-operador-de-los-salazar-afin-al-cartel-de-sinaloa-vendia-droga-en-queretaro\\\/\"]}]},{\"@type\":\"ImageObject\",\"inLanguage\":\"es\",\"@id\":\"https:\\\/\\\/fuentesfidedignas.com.mx\\\/index.php\\\/2026\\\/02\\\/06\\\/detienen-a-el-flaco-operador-de-los-salazar-afin-al-cartel-de-sinaloa-vendia-droga-en-queretaro\\\/#primaryimage\",\"url\":\"https:\\\/\\\/fuentesfidedignas.com.mx\\\/wp-content\\\/uploads\\\/2026\\\/02\\\/El-Flaco-Salazar.jpg\",\"contentUrl\":\"https:\\\/\\\/fuentesfidedignas.com.mx\\\/wp-content\\\/uploads\\\/2026\\\/02\\\/El-Flaco-Salazar.jpg\",\"width\":500,\"height\":278},{\"@type\":\"BreadcrumbList\",\"@id\":\"https:\\\/\\\/fuentesfidedignas.com.mx\\\/index.php\\\/2026\\\/02\\\/06\\\/detienen-a-el-flaco-operador-de-los-salazar-afin-al-cartel-de-sinaloa-vendia-droga-en-queretaro\\\/#breadcrumb\",\"itemListElement\":[{\"@type\":\"ListItem\",\"position\":1,\"name\":\"Inicio\",\"item\":\"https:\\\/\\\/fuentesfidedignas.com.mx\\\/\"},{\"@type\":\"ListItem\",\"position\":2,\"name\":\"Detienen a \u2018El Flaco\u2019, operador de \u2018Los Salazar\u2019, af\u00edn al C\u00e1rtel de Sinaloa; vend\u00eda droga en Quer\u00e9taro\"}]},{\"@type\":\"WebSite\",\"@id\":\"https:\\\/\\\/fuentesfidedignas.com.mx\\\/#website\",\"url\":\"https:\\\/\\\/fuentesfidedignas.com.mx\\\/\",\"name\":\"Fuentes Fidedignas\",\"description\":\"Otro sitio realizado con WordPress\",\"publisher\":{\"@id\":\"https:\\\/\\\/fuentesfidedignas.com.mx\\\/#organization\"},\"potentialAction\":[{\"@type\":\"SearchAction\",\"target\":{\"@type\":\"EntryPoint\",\"urlTemplate\":\"https:\\\/\\\/fuentesfidedignas.com.mx\\\/?s={search_term_string}\"},\"query-input\":{\"@type\":\"PropertyValueSpecification\",\"valueRequired\":true,\"valueName\":\"search_term_string\"}}],\"inLanguage\":\"es\"},{\"@type\":\"Organization\",\"@id\":\"https:\\\/\\\/fuentesfidedignas.com.mx\\\/#organization\",\"name\":\"Fuentes Fidedignas\",\"url\":\"https:\\\/\\\/fuentesfidedignas.com.mx\\\/\",\"logo\":{\"@type\":\"ImageObject\",\"inLanguage\":\"es\",\"@id\":\"https:\\\/\\\/fuentesfidedignas.com.mx\\\/#\\\/schema\\\/logo\\\/image\\\/\",\"url\":\"https:\\\/\\\/fuentesfidedignas.com.mx\\\/wp-content\\\/uploads\\\/2021\\\/04\\\/logo-retina.png\",\"contentUrl\":\"https:\\\/\\\/fuentesfidedignas.com.mx\\\/wp-content\\\/uploads\\\/2021\\\/04\\\/logo-retina.png\",\"width\":280,\"height\":51,\"caption\":\"Fuentes Fidedignas\"},\"image\":{\"@id\":\"https:\\\/\\\/fuentesfidedignas.com.mx\\\/#\\\/schema\\\/logo\\\/image\\\/\"},\"sameAs\":[\"https:\\\/\\\/www.facebook.com\\\/Fuentes-Fidedignas-368234489921644\",\"https:\\\/\\\/x.com\\\/fidedignas\"]},{\"@type\":\"Person\",\"@id\":\"https:\\\/\\\/fuentesfidedignas.com.mx\\\/#\\\/schema\\\/person\\\/0d44615087b5a626d5d3f13afe31ac41\",\"name\":\"EFE\",\"image\":{\"@type\":\"ImageObject\",\"inLanguage\":\"es\",\"@id\":\"https:\\\/\\\/secure.gravatar.com\\\/avatar\\\/7048c2d9b569d9bed55bb53ad23821e6e047aa66338fb6ea9868627bbb9f54e8?s=96&d=mm&r=g\",\"url\":\"https:\\\/\\\/secure.gravatar.com\\\/avatar\\\/7048c2d9b569d9bed55bb53ad23821e6e047aa66338fb6ea9868627bbb9f54e8?s=96&d=mm&r=g\",\"contentUrl\":\"https:\\\/\\\/secure.gravatar.com\\\/avatar\\\/7048c2d9b569d9bed55bb53ad23821e6e047aa66338fb6ea9868627bbb9f54e8?s=96&d=mm&r=g\",\"caption\":\"EFE\"},\"url\":\"https:\\\/\\\/fuentesfidedignas.com.mx\\\/index.php\\\/author\\\/efe\\\/\"}]}<\/script>\n<!-- \/ Yoast SEO plugin. -->","yoast_head_json":{"title":"Detienen a \u2018El Flaco\u2019, operador de \u2018Los Salazar\u2019, af\u00edn al C\u00e1rtel de Sinaloa; vend\u00eda droga en Quer\u00e9taro - Fuentes Fidedignas","robots":{"index":"index","follow":"follow","max-snippet":"max-snippet:-1","max-image-preview":"max-image-preview:large","max-video-preview":"max-video-preview:-1"},"canonical":"https:\/\/fuentesfidedignas.com.mx\/index.php\/2026\/02\/06\/detienen-a-el-flaco-operador-de-los-salazar-afin-al-cartel-de-sinaloa-vendia-droga-en-queretaro\/","og_locale":"es_MX","og_type":"article","og_title":"Detienen a \u2018El Flaco\u2019, operador de \u2018Los Salazar\u2019, af\u00edn al C\u00e1rtel de Sinaloa; vend\u00eda droga en Quer\u00e9taro - Fuentes Fidedignas","og_description":"\u2018El Flaco\u2019 pertenec\u00eda a la organizaci\u00f3n de \u2018Los Salazar\u2019, relacionada con el C\u00e1rtel de Sinaloa. Omar Garc\u00eda Harfuch, secretario de Seguridad, anunci\u00f3 la detenci\u00f3n de Diego \u2018N\u2019, alias \u2018El Flaco\u2019 operador de la organizaci\u00f3n \u201cLos Salazar\u201d, af\u00edn al C\u00e1rtel de Sinaloa. Diego \u2018N\u2019 coordinaba la venta y distribuci\u00f3n de droga en Quer\u00e9taro, as\u00ed como el [&hellip;]","og_url":"https:\/\/fuentesfidedignas.com.mx\/index.php\/2026\/02\/06\/detienen-a-el-flaco-operador-de-los-salazar-afin-al-cartel-de-sinaloa-vendia-droga-en-queretaro\/","og_site_name":"Fuentes Fidedignas","article_publisher":"https:\/\/www.facebook.com\/Fuentes-Fidedignas-368234489921644","article_published_time":"2026-02-06T17:51:39+00:00","article_modified_time":"2026-02-06T19:19:01+00:00","og_image":[{"width":500,"height":278,"url":"https:\/\/fuentesfidedignas.com.mx\/wp-content\/uploads\/2026\/02\/El-Flaco-Salazar.jpg","type":"image\/jpeg"}],"author":"EFE","twitter_card":"summary_large_image","twitter_creator":"@fidedignas","twitter_site":"@fidedignas","twitter_misc":{"Escrito por":"EFE","Tiempo de lectura":"2 minutos"},"schema":{"@context":"https:\/\/schema.org","@graph":[{"@type":"Article","@id":"https:\/\/fuentesfidedignas.com.mx\/index.php\/2026\/02\/06\/detienen-a-el-flaco-operador-de-los-salazar-afin-al-cartel-de-sinaloa-vendia-droga-en-queretaro\/#article","isPartOf":{"@id":"https:\/\/fuentesfidedignas.com.mx\/index.php\/2026\/02\/06\/detienen-a-el-flaco-operador-de-los-salazar-afin-al-cartel-de-sinaloa-vendia-droga-en-queretaro\/"},"author":{"name":"EFE","@id":"https:\/\/fuentesfidedignas.com.mx\/#\/schema\/person\/0d44615087b5a626d5d3f13afe31ac41"},"headline":"Detienen a \u2018El Flaco\u2019, operador de \u2018Los Salazar\u2019, af\u00edn al C\u00e1rtel de Sinaloa; vend\u00eda droga en Quer\u00e9taro","datePublished":"2026-02-06T17:51:39+00:00","dateModified":"2026-02-06T19:19:01+00:00","mainEntityOfPage":{"@id":"https:\/\/fuentesfidedignas.com.mx\/index.php\/2026\/02\/06\/detienen-a-el-flaco-operador-de-los-salazar-afin-al-cartel-de-sinaloa-vendia-droga-en-queretaro\/"},"wordCount":431,"commentCount":0,"publisher":{"@id":"https:\/\/fuentesfidedignas.com.mx\/#organization"},"image":{"@id":"https:\/\/fuentesfidedignas.com.mx\/index.php\/2026\/02\/06\/detienen-a-el-flaco-operador-de-los-salazar-afin-al-cartel-de-sinaloa-vendia-droga-en-queretaro\/#primaryimage"},"thumbnailUrl":"https:\/\/fuentesfidedignas.com.mx\/wp-content\/uploads\/2026\/02\/El-Flaco-Salazar.jpg","articleSection":["NOTA PRINCIPAL"],"inLanguage":"es","potentialAction":[{"@type":"CommentAction","name":"Comment","target":["https:\/\/fuentesfidedignas.com.mx\/index.php\/2026\/02\/06\/detienen-a-el-flaco-operador-de-los-salazar-afin-al-cartel-de-sinaloa-vendia-droga-en-queretaro\/#respond"]}]},{"@type":"WebPage","@id":"https:\/\/fuentesfidedignas.com.mx\/index.php\/2026\/02\/06\/detienen-a-el-flaco-operador-de-los-salazar-afin-al-cartel-de-sinaloa-vendia-droga-en-queretaro\/","url":"https:\/\/fuentesfidedignas.com.mx\/index.php\/2026\/02\/06\/detienen-a-el-flaco-operador-de-los-salazar-afin-al-cartel-de-sinaloa-vendia-droga-en-queretaro\/","name":"Detienen a \u2018El Flaco\u2019, operador de \u2018Los Salazar\u2019, af\u00edn al C\u00e1rtel de Sinaloa; vend\u00eda droga en Quer\u00e9taro - Fuentes Fidedignas","isPartOf":{"@id":"https:\/\/fuentesfidedignas.com.mx\/#website"},"primaryImageOfPage":{"@id":"https:\/\/fuentesfidedignas.com.mx\/index.php\/2026\/02\/06\/detienen-a-el-flaco-operador-de-los-salazar-afin-al-cartel-de-sinaloa-vendia-droga-en-queretaro\/#primaryimage"},"image":{"@id":"https:\/\/fuentesfidedignas.com.mx\/index.php\/2026\/02\/06\/detienen-a-el-flaco-operador-de-los-salazar-afin-al-cartel-de-sinaloa-vendia-droga-en-queretaro\/#primaryimage"},"thumbnailUrl":"https:\/\/fuentesfidedignas.com.mx\/wp-content\/uploads\/2026\/02\/El-Flaco-Salazar.jpg","datePublished":"2026-02-06T17:51:39+00:00","dateModified":"2026-02-06T19:19:01+00:00","breadcrumb":{"@id":"https:\/\/fuentesfidedignas.com.mx\/index.php\/2026\/02\/06\/detienen-a-el-flaco-operador-de-los-salazar-afin-al-cartel-de-sinaloa-vendia-droga-en-queretaro\/#breadcrumb"},"inLanguage":"es","potentialAction":[{"@type":"ReadAction","target":["https:\/\/fuentesfidedignas.com.mx\/index.php\/2026\/02\/06\/detienen-a-el-flaco-operador-de-los-salazar-afin-al-cartel-de-sinaloa-vendia-droga-en-queretaro\/"]}]},{"@type":"ImageObject","inLanguage":"es","@id":"https:\/\/fuentesfidedignas.com.mx\/index.php\/2026\/02\/06\/detienen-a-el-flaco-operador-de-los-salazar-afin-al-cartel-de-sinaloa-vendia-droga-en-queretaro\/#primaryimage","url":"https:\/\/fuentesfidedignas.com.mx\/wp-content\/uploads\/2026\/02\/El-Flaco-Salazar.jpg","contentUrl":"https:\/\/fuentesfidedignas.com.mx\/wp-content\/uploads\/2026\/02\/El-Flaco-Salazar.jpg","width":500,"height":278},{"@type":"BreadcrumbList","@id":"https:\/\/fuentesfidedignas.com.mx\/index.php\/2026\/02\/06\/detienen-a-el-flaco-operador-de-los-salazar-afin-al-cartel-de-sinaloa-vendia-droga-en-queretaro\/#breadcrumb","itemListElement":[{"@type":"ListItem","position":1,"name":"Inicio","item":"https:\/\/fuentesfidedignas.com.mx\/"},{"@type":"ListItem","position":2,"name":"Detienen a \u2018El Flaco\u2019, operador de \u2018Los Salazar\u2019, af\u00edn al C\u00e1rtel de Sinaloa; vend\u00eda droga en Quer\u00e9taro"}]},{"@type":"WebSite","@id":"https:\/\/fuentesfidedignas.com.mx\/#website","url":"https:\/\/fuentesfidedignas.com.mx\/","name":"Fuentes Fidedignas","description":"Otro sitio realizado con WordPress","publisher":{"@id":"https:\/\/fuentesfidedignas.com.mx\/#organization"},"potentialAction":[{"@type":"SearchAction","target":{"@type":"EntryPoint","urlTemplate":"https:\/\/fuentesfidedignas.com.mx\/?s={search_term_string}"},"query-input":{"@type":"PropertyValueSpecification","valueRequired":true,"valueName":"search_term_string"}}],"inLanguage":"es"},{"@type":"Organization","@id":"https:\/\/fuentesfidedignas.com.mx\/#organization","name":"Fuentes Fidedignas","url":"https:\/\/fuentesfidedignas.com.mx\/","logo":{"@type":"ImageObject","inLanguage":"es","@id":"https:\/\/fuentesfidedignas.com.mx\/#\/schema\/logo\/image\/","url":"https:\/\/fuentesfidedignas.com.mx\/wp-content\/uploads\/2021\/04\/logo-retina.png","contentUrl":"https:\/\/fuentesfidedignas.com.mx\/wp-content\/uploads\/2021\/04\/logo-retina.png","width":280,"height":51,"caption":"Fuentes Fidedignas"},"image":{"@id":"https:\/\/fuentesfidedignas.com.mx\/#\/schema\/logo\/image\/"},"sameAs":["https:\/\/www.facebook.com\/Fuentes-Fidedignas-368234489921644","https:\/\/x.com\/fidedignas"]},{"@type":"Person","@id":"https:\/\/fuentesfidedignas.com.mx\/#\/schema\/person\/0d44615087b5a626d5d3f13afe31ac41","name":"EFE","image":{"@type":"ImageObject","inLanguage":"es","@id":"https:\/\/secure.gravatar.com\/avatar\/7048c2d9b569d9bed55bb53ad23821e6e047aa66338fb6ea9868627bbb9f54e8?s=96&d=mm&r=g","url":"https:\/\/secure.gravatar.com\/avatar\/7048c2d9b569d9bed55bb53ad23821e6e047aa66338fb6ea9868627bbb9f54e8?s=96&d=mm&r=g","contentUrl":"https:\/\/secure.gravatar.com\/avatar\/7048c2d9b569d9bed55bb53ad23821e6e047aa66338fb6ea9868627bbb9f54e8?s=96&d=mm&r=g","caption":"EFE"},"url":"https:\/\/fuentesfidedignas.com.mx\/index.php\/author\/efe\/"}]}},"_links":{"self":[{"href":"https:\/\/fuentesfidedignas.com.mx\/index.php\/wp-json\/wp\/v2\/posts\/126801","targetHints":{"allow":["GET"]}}],"collection":[{"href":"https:\/\/fuentesfidedignas.com.mx\/index.php\/wp-json\/wp\/v2\/posts"}],"about":[{"href":"https:\/\/fuentesfidedignas.com.mx\/index.php\/wp-json\/wp\/v2\/types\/post"}],"author":[{"embeddable":true,"href":"https:\/\/fuentesfidedignas.com.mx\/index.php\/wp-json\/wp\/v2\/users\/22"}],"replies":[{"embeddable":true,"href":"https:\/\/fuentesfidedignas.com.mx\/index.php\/wp-json\/wp\/v2\/comments?post=126801"}],"version-history":[{"count":3,"href":"https:\/\/fuentesfidedignas.com.mx\/index.php\/wp-json\/wp\/v2\/posts\/126801\/revisions"}],"predecessor-version":[{"id":126807,"href":"https:\/\/fuentesfidedignas.com.mx\/index.php\/wp-json\/wp\/v2\/posts\/126801\/revisions\/126807"}],"wp:featuredmedia":[{"embeddable":true,"href":"https:\/\/fuentesfidedignas.com.mx\/index.php\/wp-json\/wp\/v2\/media\/126802"}],"wp:attachment":[{"href":"https:\/\/fuentesfidedignas.com.mx\/index.php\/wp-json\/wp\/v2\/media?parent=126801"}],"wp:term":[{"taxonomy":"category","embeddable":true,"href":"https:\/\/fuentesfidedignas.com.mx\/index.php\/wp-json\/wp\/v2\/categories?post=126801"},{"taxonomy":"post_tag","embeddable":true,"href":"https:\/\/fuentesfidedignas.com.mx\/index.php\/wp-json\/wp\/v2\/tags?post=126801"}],"curies":[{"name":"wp","href":"https:\/\/api.w.org\/{rel}","templated":true}]}}