{"id":126554,"date":"2026-02-03T13:04:34","date_gmt":"2026-02-03T20:04:34","guid":{"rendered":"https:\/\/fuentesfidedignas.com.mx\/?p=126554"},"modified":"2026-02-03T13:04:44","modified_gmt":"2026-02-03T20:04:44","slug":"alcaldesa-alicia-guerrero-sufre-ataque-a-balazos-y-sobrevive","status":"publish","type":"post","link":"https:\/\/fuentesfidedignas.com.mx\/index.php\/2026\/02\/03\/alcaldesa-alicia-guerrero-sufre-ataque-a-balazos-y-sobrevive\/","title":{"rendered":"Alcaldesa Alicia Guerrero sufre ataque a balazos y sobrevive"},"content":{"rendered":"\n<p><strong><em>El atentado se registr\u00f3 cuando circulaba sobre la autopista Amozoc-Perote, a la altura del municipio tlaxcalteca de Cuapiaxtla.<\/em><\/strong><\/p>\n\n\n\n<p>La presidenta municipal de Ayotoxco de Guerrero, Puebla, Alicia Guerrero Hern\u00e1ndez, fue v\u00edctima de un ataque armado durante la madrugada de este martes, cuando circulaba sobre la autopista Amozoc-Perote, a la altura del municipio tlaxcalteca de Cuapiaxtla. La edil se dirig\u00eda a una reuni\u00f3n en el Senado de la Rep\u00fablica, en la Ciudad de M\u00e9xico, cuando su veh\u00edculo fue interceptado por sujetos armados.<\/p>\n\n\n\n<p>A pesar de la agresi\u00f3n, la alcaldesa result\u00f3 ilesa, mientras que su chofer, identificado como Marcelo \u201cN\u201d, sufri\u00f3 heridas por arma de fuego y logr\u00f3 conducir hasta recibir atenci\u00f3n m\u00e9dica.<\/p>\n\n\n\n<p>De acuerdo con los primeros reportes, el ataque se registr\u00f3 alrededor de las 4:00 horas, cuando individuos armados interceptaron la camioneta en la que viajaba la funcionaria y abrieron fuego en al menos diez ocasiones. La unidad, una Volkswagen Tiguan, present\u00f3 impactos de bala confirmados, principalmente en la carrocer\u00eda.<\/p>\n\n\n\n<p>Durante la agresi\u00f3n, el conductor fue lesionado por proyectiles en el tobillo derecho y en la cintura, sin embargo, continu\u00f3 la marcha hasta la caseta de cobro de Cuapiaxtla, donde los ocupantes solicitaron auxilio.<\/p>\n\n\n\n<p><strong>Atenci\u00f3n m\u00e9dica y estado de salud<\/strong><br>Param\u00e9dicos brindaron atenci\u00f3n prehospitalaria a Marcelo \u201cN\u201d, quien posteriormente fue trasladado al Hospital General de Huamantla. Su estado de salud fue reportado como reservado, mientras que Alicia Guerrero Hern\u00e1ndez y el resto de sus acompa\u00f1antes no presentaron lesiones f\u00edsicas.<\/p>\n\n\n\n<p>En el veh\u00edculo tambi\u00e9n viajaban el director de Seguridad P\u00fablica municipal, la tesorera, y la asistente personal de la alcaldesa, quienes fueron identificados por las autoridades tras el arribo de los cuerpos de seguridad.<\/p>\n\n\n\n<p><strong>Intervenci\u00f3n de la Guardia Nacional<\/strong><br>Elementos de la Guardia Nacional, adscritos a la Divisi\u00f3n Carreteras, acudieron al sitio tras el reporte del ataque y realizaron entrevistas a los ocupantes del veh\u00edculo, entre ellos la presidenta municipal, Alicia Guerrero, el director de seguridad Cupertino \u201cN\u201d, la tesorera Sandra Luz \u201cN\u201d y la asistente Mar\u00eda Irene \u201cN\u201d.<\/p>\n\n\n\n<p>De manera inmediata se despleg\u00f3 un operativo de b\u00fasqueda en la zona para localizar a los responsables; no obstante, no se reportaron detenciones en una primera fase.<\/p>\n\n\n\n<p>Las autoridades exhortaron a la alcaldesa a presentar la denuncia formal ante la Fiscal\u00eda General del Estado, ya sea de Puebla o Tlaxcala, seg\u00fan corresponda la competencia territorial, a fin de que las investigaciones avancen conforme a derecho.<\/p>\n\n\n\n<p>Hasta el momento, la naturaleza del ataque contin\u00faa bajo investigaci\u00f3n. Las l\u00edneas iniciales, a\u00fan no confirmadas oficialmente, contemplan un atentado directo contra la funcionaria o un intento de robo. Se espera que en las pr\u00f3ximas horas las instancias de procuraci\u00f3n de justicia emitan informaci\u00f3n adicional que permita esclarecer los hechos.<\/p>\n\n\n\n<p>Cabe se\u00f1alar que el Gobierno del Estado de Puebla no ha emitido, hasta ahora, una postura oficial sobre la agresi\u00f3n sufrida por la alcaldesa, quien pertenece al partido Morena y gobierna el municipio para el periodo 2025\u20132027.<\/p>\n","protected":false},"excerpt":{"rendered":"<p>El atentado se registr\u00f3 cuando circulaba sobre la autopista Amozoc-Perote, a la altura del municipio tlaxcalteca de Cuapiaxtla. La presidenta municipal de Ayotoxco de Guerrero, Puebla, Alicia Guerrero Hern\u00e1ndez, fue v\u00edctima de un ataque armado durante la madrugada de este martes, cuando circulaba sobre la autopista Amozoc-Perote, a la altura del municipio tlaxcalteca de Cuapiaxtla. [&hellip;]<\/p>\n","protected":false},"author":7,"featured_media":126555,"comment_status":"open","ping_status":"open","sticky":false,"template":"","format":"standard","meta":{"tdm_status":"","tdm_grid_status":"","footnotes":""},"categories":[39],"tags":[],"class_list":{"0":"post-126554","1":"post","2":"type-post","3":"status-publish","4":"format-standard","5":"has-post-thumbnail","7":"category-noticias-nacionales"},"yoast_head":"<!-- This site is optimized with the Yoast SEO plugin v27.5 - https:\/\/yoast.com\/product\/yoast-seo-wordpress\/ -->\n<title>Alcaldesa Alicia Guerrero sufre ataque a balazos y sobrevive - Fuentes Fidedignas<\/title>\n<meta name=\"robots\" content=\"index, follow, max-snippet:-1, max-image-preview:large, max-video-preview:-1\" \/>\n<link rel=\"canonical\" href=\"https:\/\/fuentesfidedignas.com.mx\/index.php\/2026\/02\/03\/alcaldesa-alicia-guerrero-sufre-ataque-a-balazos-y-sobrevive\/\" \/>\n<meta property=\"og:locale\" content=\"es_MX\" \/>\n<meta property=\"og:type\" content=\"article\" \/>\n<meta property=\"og:title\" content=\"Alcaldesa Alicia Guerrero sufre ataque a balazos y sobrevive - Fuentes Fidedignas\" \/>\n<meta property=\"og:description\" content=\"El atentado se registr\u00f3 cuando circulaba sobre la autopista Amozoc-Perote, a la altura del municipio tlaxcalteca de Cuapiaxtla. La presidenta municipal de Ayotoxco de Guerrero, Puebla, Alicia Guerrero Hern\u00e1ndez, fue v\u00edctima de un ataque armado durante la madrugada de este martes, cuando circulaba sobre la autopista Amozoc-Perote, a la altura del municipio tlaxcalteca de Cuapiaxtla. [&hellip;]\" \/>\n<meta property=\"og:url\" content=\"https:\/\/fuentesfidedignas.com.mx\/index.php\/2026\/02\/03\/alcaldesa-alicia-guerrero-sufre-ataque-a-balazos-y-sobrevive\/\" \/>\n<meta property=\"og:site_name\" content=\"Fuentes Fidedignas\" \/>\n<meta property=\"article:publisher\" content=\"https:\/\/www.facebook.com\/Fuentes-Fidedignas-368234489921644\" \/>\n<meta property=\"article:published_time\" content=\"2026-02-03T20:04:34+00:00\" \/>\n<meta property=\"article:modified_time\" content=\"2026-02-03T20:04:44+00:00\" \/>\n<meta property=\"og:image\" content=\"https:\/\/fuentesfidedignas.com.mx\/wp-content\/uploads\/2026\/02\/atentado_puebla.jpeg\" \/>\n\t<meta property=\"og:image:width\" content=\"500\" \/>\n\t<meta property=\"og:image:height\" content=\"333\" \/>\n\t<meta property=\"og:image:type\" content=\"image\/jpeg\" \/>\n<meta name=\"author\" content=\"Exc\u00e9lsior\" \/>\n<meta name=\"twitter:card\" content=\"summary_large_image\" \/>\n<meta name=\"twitter:creator\" content=\"@fidedignas\" \/>\n<meta name=\"twitter:site\" content=\"@fidedignas\" \/>\n<meta name=\"twitter:label1\" content=\"Escrito por\" \/>\n\t<meta name=\"twitter:data1\" content=\"Exc\u00e9lsior\" \/>\n\t<meta name=\"twitter:label2\" content=\"Tiempo de lectura\" \/>\n\t<meta name=\"twitter:data2\" content=\"3 minutos\" \/>\n<script type=\"application\/ld+json\" class=\"yoast-schema-graph\">{\"@context\":\"https:\\\/\\\/schema.org\",\"@graph\":[{\"@type\":\"Article\",\"@id\":\"https:\\\/\\\/fuentesfidedignas.com.mx\\\/index.php\\\/2026\\\/02\\\/03\\\/alcaldesa-alicia-guerrero-sufre-ataque-a-balazos-y-sobrevive\\\/#article\",\"isPartOf\":{\"@id\":\"https:\\\/\\\/fuentesfidedignas.com.mx\\\/index.php\\\/2026\\\/02\\\/03\\\/alcaldesa-alicia-guerrero-sufre-ataque-a-balazos-y-sobrevive\\\/\"},\"author\":{\"name\":\"Exc\u00e9lsior\",\"@id\":\"https:\\\/\\\/fuentesfidedignas.com.mx\\\/#\\\/schema\\\/person\\\/ec4edd1fbf5efa3e44fce34fe2787780\"},\"headline\":\"Alcaldesa Alicia Guerrero sufre ataque a balazos y sobrevive\",\"datePublished\":\"2026-02-03T20:04:34+00:00\",\"dateModified\":\"2026-02-03T20:04:44+00:00\",\"mainEntityOfPage\":{\"@id\":\"https:\\\/\\\/fuentesfidedignas.com.mx\\\/index.php\\\/2026\\\/02\\\/03\\\/alcaldesa-alicia-guerrero-sufre-ataque-a-balazos-y-sobrevive\\\/\"},\"wordCount\":525,\"commentCount\":0,\"publisher\":{\"@id\":\"https:\\\/\\\/fuentesfidedignas.com.mx\\\/#organization\"},\"image\":{\"@id\":\"https:\\\/\\\/fuentesfidedignas.com.mx\\\/index.php\\\/2026\\\/02\\\/03\\\/alcaldesa-alicia-guerrero-sufre-ataque-a-balazos-y-sobrevive\\\/#primaryimage\"},\"thumbnailUrl\":\"https:\\\/\\\/fuentesfidedignas.com.mx\\\/wp-content\\\/uploads\\\/2026\\\/02\\\/atentado_puebla.jpeg\",\"articleSection\":[\"NOTICIAS NACIONALES\"],\"inLanguage\":\"es\",\"potentialAction\":[{\"@type\":\"CommentAction\",\"name\":\"Comment\",\"target\":[\"https:\\\/\\\/fuentesfidedignas.com.mx\\\/index.php\\\/2026\\\/02\\\/03\\\/alcaldesa-alicia-guerrero-sufre-ataque-a-balazos-y-sobrevive\\\/#respond\"]}]},{\"@type\":\"WebPage\",\"@id\":\"https:\\\/\\\/fuentesfidedignas.com.mx\\\/index.php\\\/2026\\\/02\\\/03\\\/alcaldesa-alicia-guerrero-sufre-ataque-a-balazos-y-sobrevive\\\/\",\"url\":\"https:\\\/\\\/fuentesfidedignas.com.mx\\\/index.php\\\/2026\\\/02\\\/03\\\/alcaldesa-alicia-guerrero-sufre-ataque-a-balazos-y-sobrevive\\\/\",\"name\":\"Alcaldesa Alicia Guerrero sufre ataque a balazos y sobrevive - Fuentes Fidedignas\",\"isPartOf\":{\"@id\":\"https:\\\/\\\/fuentesfidedignas.com.mx\\\/#website\"},\"primaryImageOfPage\":{\"@id\":\"https:\\\/\\\/fuentesfidedignas.com.mx\\\/index.php\\\/2026\\\/02\\\/03\\\/alcaldesa-alicia-guerrero-sufre-ataque-a-balazos-y-sobrevive\\\/#primaryimage\"},\"image\":{\"@id\":\"https:\\\/\\\/fuentesfidedignas.com.mx\\\/index.php\\\/2026\\\/02\\\/03\\\/alcaldesa-alicia-guerrero-sufre-ataque-a-balazos-y-sobrevive\\\/#primaryimage\"},\"thumbnailUrl\":\"https:\\\/\\\/fuentesfidedignas.com.mx\\\/wp-content\\\/uploads\\\/2026\\\/02\\\/atentado_puebla.jpeg\",\"datePublished\":\"2026-02-03T20:04:34+00:00\",\"dateModified\":\"2026-02-03T20:04:44+00:00\",\"breadcrumb\":{\"@id\":\"https:\\\/\\\/fuentesfidedignas.com.mx\\\/index.php\\\/2026\\\/02\\\/03\\\/alcaldesa-alicia-guerrero-sufre-ataque-a-balazos-y-sobrevive\\\/#breadcrumb\"},\"inLanguage\":\"es\",\"potentialAction\":[{\"@type\":\"ReadAction\",\"target\":[\"https:\\\/\\\/fuentesfidedignas.com.mx\\\/index.php\\\/2026\\\/02\\\/03\\\/alcaldesa-alicia-guerrero-sufre-ataque-a-balazos-y-sobrevive\\\/\"]}]},{\"@type\":\"ImageObject\",\"inLanguage\":\"es\",\"@id\":\"https:\\\/\\\/fuentesfidedignas.com.mx\\\/index.php\\\/2026\\\/02\\\/03\\\/alcaldesa-alicia-guerrero-sufre-ataque-a-balazos-y-sobrevive\\\/#primaryimage\",\"url\":\"https:\\\/\\\/fuentesfidedignas.com.mx\\\/wp-content\\\/uploads\\\/2026\\\/02\\\/atentado_puebla.jpeg\",\"contentUrl\":\"https:\\\/\\\/fuentesfidedignas.com.mx\\\/wp-content\\\/uploads\\\/2026\\\/02\\\/atentado_puebla.jpeg\",\"width\":500,\"height\":333},{\"@type\":\"BreadcrumbList\",\"@id\":\"https:\\\/\\\/fuentesfidedignas.com.mx\\\/index.php\\\/2026\\\/02\\\/03\\\/alcaldesa-alicia-guerrero-sufre-ataque-a-balazos-y-sobrevive\\\/#breadcrumb\",\"itemListElement\":[{\"@type\":\"ListItem\",\"position\":1,\"name\":\"Inicio\",\"item\":\"https:\\\/\\\/fuentesfidedignas.com.mx\\\/\"},{\"@type\":\"ListItem\",\"position\":2,\"name\":\"Alcaldesa Alicia Guerrero sufre ataque a balazos y sobrevive\"}]},{\"@type\":\"WebSite\",\"@id\":\"https:\\\/\\\/fuentesfidedignas.com.mx\\\/#website\",\"url\":\"https:\\\/\\\/fuentesfidedignas.com.mx\\\/\",\"name\":\"Fuentes Fidedignas\",\"description\":\"Otro sitio realizado con WordPress\",\"publisher\":{\"@id\":\"https:\\\/\\\/fuentesfidedignas.com.mx\\\/#organization\"},\"potentialAction\":[{\"@type\":\"SearchAction\",\"target\":{\"@type\":\"EntryPoint\",\"urlTemplate\":\"https:\\\/\\\/fuentesfidedignas.com.mx\\\/?s={search_term_string}\"},\"query-input\":{\"@type\":\"PropertyValueSpecification\",\"valueRequired\":true,\"valueName\":\"search_term_string\"}}],\"inLanguage\":\"es\"},{\"@type\":\"Organization\",\"@id\":\"https:\\\/\\\/fuentesfidedignas.com.mx\\\/#organization\",\"name\":\"Fuentes Fidedignas\",\"url\":\"https:\\\/\\\/fuentesfidedignas.com.mx\\\/\",\"logo\":{\"@type\":\"ImageObject\",\"inLanguage\":\"es\",\"@id\":\"https:\\\/\\\/fuentesfidedignas.com.mx\\\/#\\\/schema\\\/logo\\\/image\\\/\",\"url\":\"https:\\\/\\\/fuentesfidedignas.com.mx\\\/wp-content\\\/uploads\\\/2021\\\/04\\\/logo-retina.png\",\"contentUrl\":\"https:\\\/\\\/fuentesfidedignas.com.mx\\\/wp-content\\\/uploads\\\/2021\\\/04\\\/logo-retina.png\",\"width\":280,\"height\":51,\"caption\":\"Fuentes Fidedignas\"},\"image\":{\"@id\":\"https:\\\/\\\/fuentesfidedignas.com.mx\\\/#\\\/schema\\\/logo\\\/image\\\/\"},\"sameAs\":[\"https:\\\/\\\/www.facebook.com\\\/Fuentes-Fidedignas-368234489921644\",\"https:\\\/\\\/x.com\\\/fidedignas\"]},{\"@type\":\"Person\",\"@id\":\"https:\\\/\\\/fuentesfidedignas.com.mx\\\/#\\\/schema\\\/person\\\/ec4edd1fbf5efa3e44fce34fe2787780\",\"name\":\"Exc\u00e9lsior\",\"image\":{\"@type\":\"ImageObject\",\"inLanguage\":\"es\",\"@id\":\"https:\\\/\\\/secure.gravatar.com\\\/avatar\\\/4b7ee9206b48be08447852b3f0814dbc7c0f3b51541b164f1464a2725614020b?s=96&d=mm&r=g\",\"url\":\"https:\\\/\\\/secure.gravatar.com\\\/avatar\\\/4b7ee9206b48be08447852b3f0814dbc7c0f3b51541b164f1464a2725614020b?s=96&d=mm&r=g\",\"contentUrl\":\"https:\\\/\\\/secure.gravatar.com\\\/avatar\\\/4b7ee9206b48be08447852b3f0814dbc7c0f3b51541b164f1464a2725614020b?s=96&d=mm&r=g\",\"caption\":\"Exc\u00e9lsior\"},\"url\":\"https:\\\/\\\/fuentesfidedignas.com.mx\\\/index.php\\\/author\\\/excelsior\\\/\"}]}<\/script>\n<!-- \/ Yoast SEO plugin. -->","yoast_head_json":{"title":"Alcaldesa Alicia Guerrero sufre ataque a balazos y sobrevive - Fuentes Fidedignas","robots":{"index":"index","follow":"follow","max-snippet":"max-snippet:-1","max-image-preview":"max-image-preview:large","max-video-preview":"max-video-preview:-1"},"canonical":"https:\/\/fuentesfidedignas.com.mx\/index.php\/2026\/02\/03\/alcaldesa-alicia-guerrero-sufre-ataque-a-balazos-y-sobrevive\/","og_locale":"es_MX","og_type":"article","og_title":"Alcaldesa Alicia Guerrero sufre ataque a balazos y sobrevive - Fuentes Fidedignas","og_description":"El atentado se registr\u00f3 cuando circulaba sobre la autopista Amozoc-Perote, a la altura del municipio tlaxcalteca de Cuapiaxtla. La presidenta municipal de Ayotoxco de Guerrero, Puebla, Alicia Guerrero Hern\u00e1ndez, fue v\u00edctima de un ataque armado durante la madrugada de este martes, cuando circulaba sobre la autopista Amozoc-Perote, a la altura del municipio tlaxcalteca de Cuapiaxtla. [&hellip;]","og_url":"https:\/\/fuentesfidedignas.com.mx\/index.php\/2026\/02\/03\/alcaldesa-alicia-guerrero-sufre-ataque-a-balazos-y-sobrevive\/","og_site_name":"Fuentes Fidedignas","article_publisher":"https:\/\/www.facebook.com\/Fuentes-Fidedignas-368234489921644","article_published_time":"2026-02-03T20:04:34+00:00","article_modified_time":"2026-02-03T20:04:44+00:00","og_image":[{"width":500,"height":333,"url":"https:\/\/fuentesfidedignas.com.mx\/wp-content\/uploads\/2026\/02\/atentado_puebla.jpeg","type":"image\/jpeg"}],"author":"Exc\u00e9lsior","twitter_card":"summary_large_image","twitter_creator":"@fidedignas","twitter_site":"@fidedignas","twitter_misc":{"Escrito por":"Exc\u00e9lsior","Tiempo de lectura":"3 minutos"},"schema":{"@context":"https:\/\/schema.org","@graph":[{"@type":"Article","@id":"https:\/\/fuentesfidedignas.com.mx\/index.php\/2026\/02\/03\/alcaldesa-alicia-guerrero-sufre-ataque-a-balazos-y-sobrevive\/#article","isPartOf":{"@id":"https:\/\/fuentesfidedignas.com.mx\/index.php\/2026\/02\/03\/alcaldesa-alicia-guerrero-sufre-ataque-a-balazos-y-sobrevive\/"},"author":{"name":"Exc\u00e9lsior","@id":"https:\/\/fuentesfidedignas.com.mx\/#\/schema\/person\/ec4edd1fbf5efa3e44fce34fe2787780"},"headline":"Alcaldesa Alicia Guerrero sufre ataque a balazos y sobrevive","datePublished":"2026-02-03T20:04:34+00:00","dateModified":"2026-02-03T20:04:44+00:00","mainEntityOfPage":{"@id":"https:\/\/fuentesfidedignas.com.mx\/index.php\/2026\/02\/03\/alcaldesa-alicia-guerrero-sufre-ataque-a-balazos-y-sobrevive\/"},"wordCount":525,"commentCount":0,"publisher":{"@id":"https:\/\/fuentesfidedignas.com.mx\/#organization"},"image":{"@id":"https:\/\/fuentesfidedignas.com.mx\/index.php\/2026\/02\/03\/alcaldesa-alicia-guerrero-sufre-ataque-a-balazos-y-sobrevive\/#primaryimage"},"thumbnailUrl":"https:\/\/fuentesfidedignas.com.mx\/wp-content\/uploads\/2026\/02\/atentado_puebla.jpeg","articleSection":["NOTICIAS NACIONALES"],"inLanguage":"es","potentialAction":[{"@type":"CommentAction","name":"Comment","target":["https:\/\/fuentesfidedignas.com.mx\/index.php\/2026\/02\/03\/alcaldesa-alicia-guerrero-sufre-ataque-a-balazos-y-sobrevive\/#respond"]}]},{"@type":"WebPage","@id":"https:\/\/fuentesfidedignas.com.mx\/index.php\/2026\/02\/03\/alcaldesa-alicia-guerrero-sufre-ataque-a-balazos-y-sobrevive\/","url":"https:\/\/fuentesfidedignas.com.mx\/index.php\/2026\/02\/03\/alcaldesa-alicia-guerrero-sufre-ataque-a-balazos-y-sobrevive\/","name":"Alcaldesa Alicia Guerrero sufre ataque a balazos y sobrevive - Fuentes Fidedignas","isPartOf":{"@id":"https:\/\/fuentesfidedignas.com.mx\/#website"},"primaryImageOfPage":{"@id":"https:\/\/fuentesfidedignas.com.mx\/index.php\/2026\/02\/03\/alcaldesa-alicia-guerrero-sufre-ataque-a-balazos-y-sobrevive\/#primaryimage"},"image":{"@id":"https:\/\/fuentesfidedignas.com.mx\/index.php\/2026\/02\/03\/alcaldesa-alicia-guerrero-sufre-ataque-a-balazos-y-sobrevive\/#primaryimage"},"thumbnailUrl":"https:\/\/fuentesfidedignas.com.mx\/wp-content\/uploads\/2026\/02\/atentado_puebla.jpeg","datePublished":"2026-02-03T20:04:34+00:00","dateModified":"2026-02-03T20:04:44+00:00","breadcrumb":{"@id":"https:\/\/fuentesfidedignas.com.mx\/index.php\/2026\/02\/03\/alcaldesa-alicia-guerrero-sufre-ataque-a-balazos-y-sobrevive\/#breadcrumb"},"inLanguage":"es","potentialAction":[{"@type":"ReadAction","target":["https:\/\/fuentesfidedignas.com.mx\/index.php\/2026\/02\/03\/alcaldesa-alicia-guerrero-sufre-ataque-a-balazos-y-sobrevive\/"]}]},{"@type":"ImageObject","inLanguage":"es","@id":"https:\/\/fuentesfidedignas.com.mx\/index.php\/2026\/02\/03\/alcaldesa-alicia-guerrero-sufre-ataque-a-balazos-y-sobrevive\/#primaryimage","url":"https:\/\/fuentesfidedignas.com.mx\/wp-content\/uploads\/2026\/02\/atentado_puebla.jpeg","contentUrl":"https:\/\/fuentesfidedignas.com.mx\/wp-content\/uploads\/2026\/02\/atentado_puebla.jpeg","width":500,"height":333},{"@type":"BreadcrumbList","@id":"https:\/\/fuentesfidedignas.com.mx\/index.php\/2026\/02\/03\/alcaldesa-alicia-guerrero-sufre-ataque-a-balazos-y-sobrevive\/#breadcrumb","itemListElement":[{"@type":"ListItem","position":1,"name":"Inicio","item":"https:\/\/fuentesfidedignas.com.mx\/"},{"@type":"ListItem","position":2,"name":"Alcaldesa Alicia Guerrero sufre ataque a balazos y sobrevive"}]},{"@type":"WebSite","@id":"https:\/\/fuentesfidedignas.com.mx\/#website","url":"https:\/\/fuentesfidedignas.com.mx\/","name":"Fuentes Fidedignas","description":"Otro sitio realizado con WordPress","publisher":{"@id":"https:\/\/fuentesfidedignas.com.mx\/#organization"},"potentialAction":[{"@type":"SearchAction","target":{"@type":"EntryPoint","urlTemplate":"https:\/\/fuentesfidedignas.com.mx\/?s={search_term_string}"},"query-input":{"@type":"PropertyValueSpecification","valueRequired":true,"valueName":"search_term_string"}}],"inLanguage":"es"},{"@type":"Organization","@id":"https:\/\/fuentesfidedignas.com.mx\/#organization","name":"Fuentes Fidedignas","url":"https:\/\/fuentesfidedignas.com.mx\/","logo":{"@type":"ImageObject","inLanguage":"es","@id":"https:\/\/fuentesfidedignas.com.mx\/#\/schema\/logo\/image\/","url":"https:\/\/fuentesfidedignas.com.mx\/wp-content\/uploads\/2021\/04\/logo-retina.png","contentUrl":"https:\/\/fuentesfidedignas.com.mx\/wp-content\/uploads\/2021\/04\/logo-retina.png","width":280,"height":51,"caption":"Fuentes Fidedignas"},"image":{"@id":"https:\/\/fuentesfidedignas.com.mx\/#\/schema\/logo\/image\/"},"sameAs":["https:\/\/www.facebook.com\/Fuentes-Fidedignas-368234489921644","https:\/\/x.com\/fidedignas"]},{"@type":"Person","@id":"https:\/\/fuentesfidedignas.com.mx\/#\/schema\/person\/ec4edd1fbf5efa3e44fce34fe2787780","name":"Exc\u00e9lsior","image":{"@type":"ImageObject","inLanguage":"es","@id":"https:\/\/secure.gravatar.com\/avatar\/4b7ee9206b48be08447852b3f0814dbc7c0f3b51541b164f1464a2725614020b?s=96&d=mm&r=g","url":"https:\/\/secure.gravatar.com\/avatar\/4b7ee9206b48be08447852b3f0814dbc7c0f3b51541b164f1464a2725614020b?s=96&d=mm&r=g","contentUrl":"https:\/\/secure.gravatar.com\/avatar\/4b7ee9206b48be08447852b3f0814dbc7c0f3b51541b164f1464a2725614020b?s=96&d=mm&r=g","caption":"Exc\u00e9lsior"},"url":"https:\/\/fuentesfidedignas.com.mx\/index.php\/author\/excelsior\/"}]}},"_links":{"self":[{"href":"https:\/\/fuentesfidedignas.com.mx\/index.php\/wp-json\/wp\/v2\/posts\/126554","targetHints":{"allow":["GET"]}}],"collection":[{"href":"https:\/\/fuentesfidedignas.com.mx\/index.php\/wp-json\/wp\/v2\/posts"}],"about":[{"href":"https:\/\/fuentesfidedignas.com.mx\/index.php\/wp-json\/wp\/v2\/types\/post"}],"author":[{"embeddable":true,"href":"https:\/\/fuentesfidedignas.com.mx\/index.php\/wp-json\/wp\/v2\/users\/7"}],"replies":[{"embeddable":true,"href":"https:\/\/fuentesfidedignas.com.mx\/index.php\/wp-json\/wp\/v2\/comments?post=126554"}],"version-history":[{"count":1,"href":"https:\/\/fuentesfidedignas.com.mx\/index.php\/wp-json\/wp\/v2\/posts\/126554\/revisions"}],"predecessor-version":[{"id":126556,"href":"https:\/\/fuentesfidedignas.com.mx\/index.php\/wp-json\/wp\/v2\/posts\/126554\/revisions\/126556"}],"wp:featuredmedia":[{"embeddable":true,"href":"https:\/\/fuentesfidedignas.com.mx\/index.php\/wp-json\/wp\/v2\/media\/126555"}],"wp:attachment":[{"href":"https:\/\/fuentesfidedignas.com.mx\/index.php\/wp-json\/wp\/v2\/media?parent=126554"}],"wp:term":[{"taxonomy":"category","embeddable":true,"href":"https:\/\/fuentesfidedignas.com.mx\/index.php\/wp-json\/wp\/v2\/categories?post=126554"},{"taxonomy":"post_tag","embeddable":true,"href":"https:\/\/fuentesfidedignas.com.mx\/index.php\/wp-json\/wp\/v2\/tags?post=126554"}],"curies":[{"name":"wp","href":"https:\/\/api.w.org\/{rel}","templated":true}]}}