{"id":126529,"date":"2026-02-03T08:33:10","date_gmt":"2026-02-03T15:33:10","guid":{"rendered":"https:\/\/fuentesfidedignas.com.mx\/?p=126529"},"modified":"2026-02-03T08:33:18","modified_gmt":"2026-02-03T15:33:18","slug":"suspenden-clases-en-escuelas-de-jalisco-y-aguascalientes-por-sarampion","status":"publish","type":"post","link":"https:\/\/fuentesfidedignas.com.mx\/index.php\/2026\/02\/03\/suspenden-clases-en-escuelas-de-jalisco-y-aguascalientes-por-sarampion\/","title":{"rendered":"Suspenden clases en escuelas de Jalisco y Aguascalientes por sarampi\u00f3n"},"content":{"rendered":"\n<p><strong>Se busca prevenir contagios; en tanto, las autoridades sanitarias refuerzan acciones de vacunaci\u00f3n.<\/strong><\/p>\n\n\n\n<p>La Secretar\u00eda de Educaci\u00f3n P\u00fablica (SEP) confirm\u00f3 la suspensi\u00f3n de clases presenciales en planteles de dos entidades del pa\u00eds como medida preventiva ante un brote de sarampi\u00f3n que representa un riesgo para la comunidad escolar.<\/p>\n\n\n\n<p>La decisi\u00f3n tiene como objetivo reducir contagios y proteger la salud de estudiantes, docentes y personal educativo, mientras se intensifican las acciones de vigilancia epidemiol\u00f3gica y vacunaci\u00f3n.<\/p>\n\n\n\n<p>De acuerdo con la dependencia federal, la suspensi\u00f3n no es generalizada y se aplica \u00fanicamente en escuelas donde se han confirmado casos. En dichos planteles, las y los alumnos continuar\u00e1n sus actividades acad\u00e9micas mediante modalidades alternativas, principalmente educaci\u00f3n a distancia, hasta nuevo aviso.<\/p>\n\n\n\n<p><strong>Jalisco, suspensi\u00f3n en 15 escuelas<\/strong><br>La Secretar\u00eda de Educaci\u00f3n de Jalisco inform\u00f3 que 15 escuelas de educaci\u00f3n b\u00e1sica suspendieron clases presenciales tras la detecci\u00f3n de casos confirmados de sarampi\u00f3n. La medida fue adoptada como acci\u00f3n preventiva debido a que se trata de una enfermedad altamente contagiosa.<\/p>\n\n\n\n<p>Los planteles afectados se localizan en distintos municipios del estado, incluyendo Guadalajara, Zapopan, Tlaquepaque, Tonal\u00e1, Tlajomulco de Z\u00fa\u00f1iga, Tepatitl\u00e1n de Morelos y Atotonilco El Alto, entre otros. Las autoridades estatales precisaron que las escuelas operar\u00e1n bajo modalidad a distancia, mientras se eval\u00faa la evoluci\u00f3n del brote.<\/p>\n\n\n\n<p>Asimismo, se exhort\u00f3 a madres, padres de familia y tutores a mantenerse informados \u00fanicamente a trav\u00e9s de canales oficiales, para evitar la difusi\u00f3n de informaci\u00f3n no verificada.<\/p>\n\n\n\n<p><strong>Aguascalientes tambi\u00e9n suspende actividades<\/strong><br>En el estado de Aguascalientes, las autoridades educativas determinaron suspender clases presenciales en escuelas de educaci\u00f3n b\u00e1sica, primaria y secundaria donde se confirmaron casos de sarampi\u00f3n. Aunque no se ha establecido un plazo para el regreso a las aulas, la SEP aclar\u00f3 que la medida se mantendr\u00e1 vigente hasta que el brote est\u00e9 bajo control.<\/p>\n\n\n\n<p>Durante este periodo, se reforzar\u00e1n las medidas sanitarias, as\u00ed como la supervisi\u00f3n epidemiol\u00f3gica en las comunidades escolares afectadas, en coordinaci\u00f3n con las autoridades de salud.<\/p>\n\n\n\n<p>La Organizaci\u00f3n Mundial de la Salud (OMS) advierte que el sarampi\u00f3n es una enfermedad v\u00edrica extremadamente contagiosa, que se transmite por el aire y puede generar complicaciones graves, especialmente en ni\u00f1as y ni\u00f1os no vacunados.<\/p>\n\n\n\n<p>Entre los s\u00edntomas m\u00e1s frecuentes se encuentran la rinorrea, la tos persistente, los ojos llorosos y enrojecidos, la aparici\u00f3n de manchas blancas en el interior de las mejillas y una erupci\u00f3n cut\u00e1nea, que suele manifestarse entre 7 y 18 d\u00edas despu\u00e9s de la exposici\u00f3n al virus.<\/p>\n\n\n\n<p>Las autoridades sanitarias reiteraron que la vacunaci\u00f3n es la forma m\u00e1s efectiva de prevenir el sarampi\u00f3n. Se recomienda contar con el esquema completo de la vacuna triple viral o doble viral, especialmente en ni\u00f1as y ni\u00f1os de 6 meses a 9 a\u00f1os, as\u00ed como en adolescentes y adultos de 10 a 49 a\u00f1os que no tengan su esquema completo.<\/p>\n\n\n\n<p>En el caso de Jalisco, la Secretar\u00eda de Educaci\u00f3n estatal se\u00f1al\u00f3 que a\u00fan no existe una fecha definida para el regreso presencial en las escuelas afectadas, ya que la reanudaci\u00f3n depender\u00e1 del comportamiento de los contagios y del avance en la cobertura de vacunaci\u00f3n.<\/p>\n","protected":false},"excerpt":{"rendered":"<p>Se busca prevenir contagios; en tanto, las autoridades sanitarias refuerzan acciones de vacunaci\u00f3n. La Secretar\u00eda de Educaci\u00f3n P\u00fablica (SEP) confirm\u00f3 la suspensi\u00f3n de clases presenciales en planteles de dos entidades del pa\u00eds como medida preventiva ante un brote de sarampi\u00f3n que representa un riesgo para la comunidad escolar. La decisi\u00f3n tiene como objetivo reducir contagios [&hellip;]<\/p>\n","protected":false},"author":7,"featured_media":25982,"comment_status":"open","ping_status":"open","sticky":false,"template":"","format":"standard","meta":{"tdm_status":"","tdm_grid_status":"","footnotes":""},"categories":[39],"tags":[],"class_list":{"0":"post-126529","1":"post","2":"type-post","3":"status-publish","4":"format-standard","5":"has-post-thumbnail","7":"category-noticias-nacionales"},"yoast_head":"<!-- This site is optimized with the Yoast SEO plugin v27.5 - https:\/\/yoast.com\/product\/yoast-seo-wordpress\/ -->\n<title>Suspenden clases en escuelas de Jalisco y Aguascalientes por sarampi\u00f3n - Fuentes Fidedignas<\/title>\n<meta name=\"robots\" content=\"index, follow, max-snippet:-1, max-image-preview:large, max-video-preview:-1\" \/>\n<link rel=\"canonical\" href=\"https:\/\/fuentesfidedignas.com.mx\/index.php\/2026\/02\/03\/suspenden-clases-en-escuelas-de-jalisco-y-aguascalientes-por-sarampion\/\" \/>\n<meta property=\"og:locale\" content=\"es_MX\" \/>\n<meta property=\"og:type\" content=\"article\" \/>\n<meta property=\"og:title\" content=\"Suspenden clases en escuelas de Jalisco y Aguascalientes por sarampi\u00f3n - Fuentes Fidedignas\" \/>\n<meta property=\"og:description\" content=\"Se busca prevenir contagios; en tanto, las autoridades sanitarias refuerzan acciones de vacunaci\u00f3n. La Secretar\u00eda de Educaci\u00f3n P\u00fablica (SEP) confirm\u00f3 la suspensi\u00f3n de clases presenciales en planteles de dos entidades del pa\u00eds como medida preventiva ante un brote de sarampi\u00f3n que representa un riesgo para la comunidad escolar. La decisi\u00f3n tiene como objetivo reducir contagios [&hellip;]\" \/>\n<meta property=\"og:url\" content=\"https:\/\/fuentesfidedignas.com.mx\/index.php\/2026\/02\/03\/suspenden-clases-en-escuelas-de-jalisco-y-aguascalientes-por-sarampion\/\" \/>\n<meta property=\"og:site_name\" content=\"Fuentes Fidedignas\" \/>\n<meta property=\"article:publisher\" content=\"https:\/\/www.facebook.com\/Fuentes-Fidedignas-368234489921644\" \/>\n<meta property=\"article:published_time\" content=\"2026-02-03T15:33:10+00:00\" \/>\n<meta property=\"article:modified_time\" content=\"2026-02-03T15:33:18+00:00\" \/>\n<meta property=\"og:image\" content=\"https:\/\/fuentesfidedignas.com.mx\/wp-content\/uploads\/2022\/03\/AULA.jpg\" \/>\n\t<meta property=\"og:image:width\" content=\"1280\" \/>\n\t<meta property=\"og:image:height\" content=\"720\" \/>\n\t<meta property=\"og:image:type\" content=\"image\/jpeg\" \/>\n<meta name=\"author\" content=\"Exc\u00e9lsior\" \/>\n<meta name=\"twitter:card\" content=\"summary_large_image\" \/>\n<meta name=\"twitter:creator\" content=\"@fidedignas\" \/>\n<meta name=\"twitter:site\" content=\"@fidedignas\" \/>\n<meta name=\"twitter:label1\" content=\"Escrito por\" \/>\n\t<meta name=\"twitter:data1\" content=\"Exc\u00e9lsior\" \/>\n\t<meta name=\"twitter:label2\" content=\"Tiempo de lectura\" \/>\n\t<meta name=\"twitter:data2\" content=\"3 minutos\" \/>\n<script type=\"application\/ld+json\" class=\"yoast-schema-graph\">{\"@context\":\"https:\\\/\\\/schema.org\",\"@graph\":[{\"@type\":\"Article\",\"@id\":\"https:\\\/\\\/fuentesfidedignas.com.mx\\\/index.php\\\/2026\\\/02\\\/03\\\/suspenden-clases-en-escuelas-de-jalisco-y-aguascalientes-por-sarampion\\\/#article\",\"isPartOf\":{\"@id\":\"https:\\\/\\\/fuentesfidedignas.com.mx\\\/index.php\\\/2026\\\/02\\\/03\\\/suspenden-clases-en-escuelas-de-jalisco-y-aguascalientes-por-sarampion\\\/\"},\"author\":{\"name\":\"Exc\u00e9lsior\",\"@id\":\"https:\\\/\\\/fuentesfidedignas.com.mx\\\/#\\\/schema\\\/person\\\/ec4edd1fbf5efa3e44fce34fe2787780\"},\"headline\":\"Suspenden clases en escuelas de Jalisco y Aguascalientes por sarampi\u00f3n\",\"datePublished\":\"2026-02-03T15:33:10+00:00\",\"dateModified\":\"2026-02-03T15:33:18+00:00\",\"mainEntityOfPage\":{\"@id\":\"https:\\\/\\\/fuentesfidedignas.com.mx\\\/index.php\\\/2026\\\/02\\\/03\\\/suspenden-clases-en-escuelas-de-jalisco-y-aguascalientes-por-sarampion\\\/\"},\"wordCount\":572,\"commentCount\":0,\"publisher\":{\"@id\":\"https:\\\/\\\/fuentesfidedignas.com.mx\\\/#organization\"},\"image\":{\"@id\":\"https:\\\/\\\/fuentesfidedignas.com.mx\\\/index.php\\\/2026\\\/02\\\/03\\\/suspenden-clases-en-escuelas-de-jalisco-y-aguascalientes-por-sarampion\\\/#primaryimage\"},\"thumbnailUrl\":\"https:\\\/\\\/fuentesfidedignas.com.mx\\\/wp-content\\\/uploads\\\/2022\\\/03\\\/AULA.jpg\",\"articleSection\":[\"NOTICIAS NACIONALES\"],\"inLanguage\":\"es\",\"potentialAction\":[{\"@type\":\"CommentAction\",\"name\":\"Comment\",\"target\":[\"https:\\\/\\\/fuentesfidedignas.com.mx\\\/index.php\\\/2026\\\/02\\\/03\\\/suspenden-clases-en-escuelas-de-jalisco-y-aguascalientes-por-sarampion\\\/#respond\"]}]},{\"@type\":\"WebPage\",\"@id\":\"https:\\\/\\\/fuentesfidedignas.com.mx\\\/index.php\\\/2026\\\/02\\\/03\\\/suspenden-clases-en-escuelas-de-jalisco-y-aguascalientes-por-sarampion\\\/\",\"url\":\"https:\\\/\\\/fuentesfidedignas.com.mx\\\/index.php\\\/2026\\\/02\\\/03\\\/suspenden-clases-en-escuelas-de-jalisco-y-aguascalientes-por-sarampion\\\/\",\"name\":\"Suspenden clases en escuelas de Jalisco y Aguascalientes por sarampi\u00f3n - Fuentes Fidedignas\",\"isPartOf\":{\"@id\":\"https:\\\/\\\/fuentesfidedignas.com.mx\\\/#website\"},\"primaryImageOfPage\":{\"@id\":\"https:\\\/\\\/fuentesfidedignas.com.mx\\\/index.php\\\/2026\\\/02\\\/03\\\/suspenden-clases-en-escuelas-de-jalisco-y-aguascalientes-por-sarampion\\\/#primaryimage\"},\"image\":{\"@id\":\"https:\\\/\\\/fuentesfidedignas.com.mx\\\/index.php\\\/2026\\\/02\\\/03\\\/suspenden-clases-en-escuelas-de-jalisco-y-aguascalientes-por-sarampion\\\/#primaryimage\"},\"thumbnailUrl\":\"https:\\\/\\\/fuentesfidedignas.com.mx\\\/wp-content\\\/uploads\\\/2022\\\/03\\\/AULA.jpg\",\"datePublished\":\"2026-02-03T15:33:10+00:00\",\"dateModified\":\"2026-02-03T15:33:18+00:00\",\"breadcrumb\":{\"@id\":\"https:\\\/\\\/fuentesfidedignas.com.mx\\\/index.php\\\/2026\\\/02\\\/03\\\/suspenden-clases-en-escuelas-de-jalisco-y-aguascalientes-por-sarampion\\\/#breadcrumb\"},\"inLanguage\":\"es\",\"potentialAction\":[{\"@type\":\"ReadAction\",\"target\":[\"https:\\\/\\\/fuentesfidedignas.com.mx\\\/index.php\\\/2026\\\/02\\\/03\\\/suspenden-clases-en-escuelas-de-jalisco-y-aguascalientes-por-sarampion\\\/\"]}]},{\"@type\":\"ImageObject\",\"inLanguage\":\"es\",\"@id\":\"https:\\\/\\\/fuentesfidedignas.com.mx\\\/index.php\\\/2026\\\/02\\\/03\\\/suspenden-clases-en-escuelas-de-jalisco-y-aguascalientes-por-sarampion\\\/#primaryimage\",\"url\":\"https:\\\/\\\/fuentesfidedignas.com.mx\\\/wp-content\\\/uploads\\\/2022\\\/03\\\/AULA.jpg\",\"contentUrl\":\"https:\\\/\\\/fuentesfidedignas.com.mx\\\/wp-content\\\/uploads\\\/2022\\\/03\\\/AULA.jpg\",\"width\":1280,\"height\":720},{\"@type\":\"BreadcrumbList\",\"@id\":\"https:\\\/\\\/fuentesfidedignas.com.mx\\\/index.php\\\/2026\\\/02\\\/03\\\/suspenden-clases-en-escuelas-de-jalisco-y-aguascalientes-por-sarampion\\\/#breadcrumb\",\"itemListElement\":[{\"@type\":\"ListItem\",\"position\":1,\"name\":\"Inicio\",\"item\":\"https:\\\/\\\/fuentesfidedignas.com.mx\\\/\"},{\"@type\":\"ListItem\",\"position\":2,\"name\":\"Suspenden clases en escuelas de Jalisco y Aguascalientes por sarampi\u00f3n\"}]},{\"@type\":\"WebSite\",\"@id\":\"https:\\\/\\\/fuentesfidedignas.com.mx\\\/#website\",\"url\":\"https:\\\/\\\/fuentesfidedignas.com.mx\\\/\",\"name\":\"Fuentes Fidedignas\",\"description\":\"Otro sitio realizado con WordPress\",\"publisher\":{\"@id\":\"https:\\\/\\\/fuentesfidedignas.com.mx\\\/#organization\"},\"potentialAction\":[{\"@type\":\"SearchAction\",\"target\":{\"@type\":\"EntryPoint\",\"urlTemplate\":\"https:\\\/\\\/fuentesfidedignas.com.mx\\\/?s={search_term_string}\"},\"query-input\":{\"@type\":\"PropertyValueSpecification\",\"valueRequired\":true,\"valueName\":\"search_term_string\"}}],\"inLanguage\":\"es\"},{\"@type\":\"Organization\",\"@id\":\"https:\\\/\\\/fuentesfidedignas.com.mx\\\/#organization\",\"name\":\"Fuentes Fidedignas\",\"url\":\"https:\\\/\\\/fuentesfidedignas.com.mx\\\/\",\"logo\":{\"@type\":\"ImageObject\",\"inLanguage\":\"es\",\"@id\":\"https:\\\/\\\/fuentesfidedignas.com.mx\\\/#\\\/schema\\\/logo\\\/image\\\/\",\"url\":\"https:\\\/\\\/fuentesfidedignas.com.mx\\\/wp-content\\\/uploads\\\/2021\\\/04\\\/logo-retina.png\",\"contentUrl\":\"https:\\\/\\\/fuentesfidedignas.com.mx\\\/wp-content\\\/uploads\\\/2021\\\/04\\\/logo-retina.png\",\"width\":280,\"height\":51,\"caption\":\"Fuentes Fidedignas\"},\"image\":{\"@id\":\"https:\\\/\\\/fuentesfidedignas.com.mx\\\/#\\\/schema\\\/logo\\\/image\\\/\"},\"sameAs\":[\"https:\\\/\\\/www.facebook.com\\\/Fuentes-Fidedignas-368234489921644\",\"https:\\\/\\\/x.com\\\/fidedignas\"]},{\"@type\":\"Person\",\"@id\":\"https:\\\/\\\/fuentesfidedignas.com.mx\\\/#\\\/schema\\\/person\\\/ec4edd1fbf5efa3e44fce34fe2787780\",\"name\":\"Exc\u00e9lsior\",\"image\":{\"@type\":\"ImageObject\",\"inLanguage\":\"es\",\"@id\":\"https:\\\/\\\/secure.gravatar.com\\\/avatar\\\/4b7ee9206b48be08447852b3f0814dbc7c0f3b51541b164f1464a2725614020b?s=96&d=mm&r=g\",\"url\":\"https:\\\/\\\/secure.gravatar.com\\\/avatar\\\/4b7ee9206b48be08447852b3f0814dbc7c0f3b51541b164f1464a2725614020b?s=96&d=mm&r=g\",\"contentUrl\":\"https:\\\/\\\/secure.gravatar.com\\\/avatar\\\/4b7ee9206b48be08447852b3f0814dbc7c0f3b51541b164f1464a2725614020b?s=96&d=mm&r=g\",\"caption\":\"Exc\u00e9lsior\"},\"url\":\"https:\\\/\\\/fuentesfidedignas.com.mx\\\/index.php\\\/author\\\/excelsior\\\/\"}]}<\/script>\n<!-- \/ Yoast SEO plugin. -->","yoast_head_json":{"title":"Suspenden clases en escuelas de Jalisco y Aguascalientes por sarampi\u00f3n - Fuentes Fidedignas","robots":{"index":"index","follow":"follow","max-snippet":"max-snippet:-1","max-image-preview":"max-image-preview:large","max-video-preview":"max-video-preview:-1"},"canonical":"https:\/\/fuentesfidedignas.com.mx\/index.php\/2026\/02\/03\/suspenden-clases-en-escuelas-de-jalisco-y-aguascalientes-por-sarampion\/","og_locale":"es_MX","og_type":"article","og_title":"Suspenden clases en escuelas de Jalisco y Aguascalientes por sarampi\u00f3n - Fuentes Fidedignas","og_description":"Se busca prevenir contagios; en tanto, las autoridades sanitarias refuerzan acciones de vacunaci\u00f3n. La Secretar\u00eda de Educaci\u00f3n P\u00fablica (SEP) confirm\u00f3 la suspensi\u00f3n de clases presenciales en planteles de dos entidades del pa\u00eds como medida preventiva ante un brote de sarampi\u00f3n que representa un riesgo para la comunidad escolar. La decisi\u00f3n tiene como objetivo reducir contagios [&hellip;]","og_url":"https:\/\/fuentesfidedignas.com.mx\/index.php\/2026\/02\/03\/suspenden-clases-en-escuelas-de-jalisco-y-aguascalientes-por-sarampion\/","og_site_name":"Fuentes Fidedignas","article_publisher":"https:\/\/www.facebook.com\/Fuentes-Fidedignas-368234489921644","article_published_time":"2026-02-03T15:33:10+00:00","article_modified_time":"2026-02-03T15:33:18+00:00","og_image":[{"width":1280,"height":720,"url":"https:\/\/fuentesfidedignas.com.mx\/wp-content\/uploads\/2022\/03\/AULA.jpg","type":"image\/jpeg"}],"author":"Exc\u00e9lsior","twitter_card":"summary_large_image","twitter_creator":"@fidedignas","twitter_site":"@fidedignas","twitter_misc":{"Escrito por":"Exc\u00e9lsior","Tiempo de lectura":"3 minutos"},"schema":{"@context":"https:\/\/schema.org","@graph":[{"@type":"Article","@id":"https:\/\/fuentesfidedignas.com.mx\/index.php\/2026\/02\/03\/suspenden-clases-en-escuelas-de-jalisco-y-aguascalientes-por-sarampion\/#article","isPartOf":{"@id":"https:\/\/fuentesfidedignas.com.mx\/index.php\/2026\/02\/03\/suspenden-clases-en-escuelas-de-jalisco-y-aguascalientes-por-sarampion\/"},"author":{"name":"Exc\u00e9lsior","@id":"https:\/\/fuentesfidedignas.com.mx\/#\/schema\/person\/ec4edd1fbf5efa3e44fce34fe2787780"},"headline":"Suspenden clases en escuelas de Jalisco y Aguascalientes por sarampi\u00f3n","datePublished":"2026-02-03T15:33:10+00:00","dateModified":"2026-02-03T15:33:18+00:00","mainEntityOfPage":{"@id":"https:\/\/fuentesfidedignas.com.mx\/index.php\/2026\/02\/03\/suspenden-clases-en-escuelas-de-jalisco-y-aguascalientes-por-sarampion\/"},"wordCount":572,"commentCount":0,"publisher":{"@id":"https:\/\/fuentesfidedignas.com.mx\/#organization"},"image":{"@id":"https:\/\/fuentesfidedignas.com.mx\/index.php\/2026\/02\/03\/suspenden-clases-en-escuelas-de-jalisco-y-aguascalientes-por-sarampion\/#primaryimage"},"thumbnailUrl":"https:\/\/fuentesfidedignas.com.mx\/wp-content\/uploads\/2022\/03\/AULA.jpg","articleSection":["NOTICIAS NACIONALES"],"inLanguage":"es","potentialAction":[{"@type":"CommentAction","name":"Comment","target":["https:\/\/fuentesfidedignas.com.mx\/index.php\/2026\/02\/03\/suspenden-clases-en-escuelas-de-jalisco-y-aguascalientes-por-sarampion\/#respond"]}]},{"@type":"WebPage","@id":"https:\/\/fuentesfidedignas.com.mx\/index.php\/2026\/02\/03\/suspenden-clases-en-escuelas-de-jalisco-y-aguascalientes-por-sarampion\/","url":"https:\/\/fuentesfidedignas.com.mx\/index.php\/2026\/02\/03\/suspenden-clases-en-escuelas-de-jalisco-y-aguascalientes-por-sarampion\/","name":"Suspenden clases en escuelas de Jalisco y Aguascalientes por sarampi\u00f3n - Fuentes Fidedignas","isPartOf":{"@id":"https:\/\/fuentesfidedignas.com.mx\/#website"},"primaryImageOfPage":{"@id":"https:\/\/fuentesfidedignas.com.mx\/index.php\/2026\/02\/03\/suspenden-clases-en-escuelas-de-jalisco-y-aguascalientes-por-sarampion\/#primaryimage"},"image":{"@id":"https:\/\/fuentesfidedignas.com.mx\/index.php\/2026\/02\/03\/suspenden-clases-en-escuelas-de-jalisco-y-aguascalientes-por-sarampion\/#primaryimage"},"thumbnailUrl":"https:\/\/fuentesfidedignas.com.mx\/wp-content\/uploads\/2022\/03\/AULA.jpg","datePublished":"2026-02-03T15:33:10+00:00","dateModified":"2026-02-03T15:33:18+00:00","breadcrumb":{"@id":"https:\/\/fuentesfidedignas.com.mx\/index.php\/2026\/02\/03\/suspenden-clases-en-escuelas-de-jalisco-y-aguascalientes-por-sarampion\/#breadcrumb"},"inLanguage":"es","potentialAction":[{"@type":"ReadAction","target":["https:\/\/fuentesfidedignas.com.mx\/index.php\/2026\/02\/03\/suspenden-clases-en-escuelas-de-jalisco-y-aguascalientes-por-sarampion\/"]}]},{"@type":"ImageObject","inLanguage":"es","@id":"https:\/\/fuentesfidedignas.com.mx\/index.php\/2026\/02\/03\/suspenden-clases-en-escuelas-de-jalisco-y-aguascalientes-por-sarampion\/#primaryimage","url":"https:\/\/fuentesfidedignas.com.mx\/wp-content\/uploads\/2022\/03\/AULA.jpg","contentUrl":"https:\/\/fuentesfidedignas.com.mx\/wp-content\/uploads\/2022\/03\/AULA.jpg","width":1280,"height":720},{"@type":"BreadcrumbList","@id":"https:\/\/fuentesfidedignas.com.mx\/index.php\/2026\/02\/03\/suspenden-clases-en-escuelas-de-jalisco-y-aguascalientes-por-sarampion\/#breadcrumb","itemListElement":[{"@type":"ListItem","position":1,"name":"Inicio","item":"https:\/\/fuentesfidedignas.com.mx\/"},{"@type":"ListItem","position":2,"name":"Suspenden clases en escuelas de Jalisco y Aguascalientes por sarampi\u00f3n"}]},{"@type":"WebSite","@id":"https:\/\/fuentesfidedignas.com.mx\/#website","url":"https:\/\/fuentesfidedignas.com.mx\/","name":"Fuentes Fidedignas","description":"Otro sitio realizado con WordPress","publisher":{"@id":"https:\/\/fuentesfidedignas.com.mx\/#organization"},"potentialAction":[{"@type":"SearchAction","target":{"@type":"EntryPoint","urlTemplate":"https:\/\/fuentesfidedignas.com.mx\/?s={search_term_string}"},"query-input":{"@type":"PropertyValueSpecification","valueRequired":true,"valueName":"search_term_string"}}],"inLanguage":"es"},{"@type":"Organization","@id":"https:\/\/fuentesfidedignas.com.mx\/#organization","name":"Fuentes Fidedignas","url":"https:\/\/fuentesfidedignas.com.mx\/","logo":{"@type":"ImageObject","inLanguage":"es","@id":"https:\/\/fuentesfidedignas.com.mx\/#\/schema\/logo\/image\/","url":"https:\/\/fuentesfidedignas.com.mx\/wp-content\/uploads\/2021\/04\/logo-retina.png","contentUrl":"https:\/\/fuentesfidedignas.com.mx\/wp-content\/uploads\/2021\/04\/logo-retina.png","width":280,"height":51,"caption":"Fuentes Fidedignas"},"image":{"@id":"https:\/\/fuentesfidedignas.com.mx\/#\/schema\/logo\/image\/"},"sameAs":["https:\/\/www.facebook.com\/Fuentes-Fidedignas-368234489921644","https:\/\/x.com\/fidedignas"]},{"@type":"Person","@id":"https:\/\/fuentesfidedignas.com.mx\/#\/schema\/person\/ec4edd1fbf5efa3e44fce34fe2787780","name":"Exc\u00e9lsior","image":{"@type":"ImageObject","inLanguage":"es","@id":"https:\/\/secure.gravatar.com\/avatar\/4b7ee9206b48be08447852b3f0814dbc7c0f3b51541b164f1464a2725614020b?s=96&d=mm&r=g","url":"https:\/\/secure.gravatar.com\/avatar\/4b7ee9206b48be08447852b3f0814dbc7c0f3b51541b164f1464a2725614020b?s=96&d=mm&r=g","contentUrl":"https:\/\/secure.gravatar.com\/avatar\/4b7ee9206b48be08447852b3f0814dbc7c0f3b51541b164f1464a2725614020b?s=96&d=mm&r=g","caption":"Exc\u00e9lsior"},"url":"https:\/\/fuentesfidedignas.com.mx\/index.php\/author\/excelsior\/"}]}},"_links":{"self":[{"href":"https:\/\/fuentesfidedignas.com.mx\/index.php\/wp-json\/wp\/v2\/posts\/126529","targetHints":{"allow":["GET"]}}],"collection":[{"href":"https:\/\/fuentesfidedignas.com.mx\/index.php\/wp-json\/wp\/v2\/posts"}],"about":[{"href":"https:\/\/fuentesfidedignas.com.mx\/index.php\/wp-json\/wp\/v2\/types\/post"}],"author":[{"embeddable":true,"href":"https:\/\/fuentesfidedignas.com.mx\/index.php\/wp-json\/wp\/v2\/users\/7"}],"replies":[{"embeddable":true,"href":"https:\/\/fuentesfidedignas.com.mx\/index.php\/wp-json\/wp\/v2\/comments?post=126529"}],"version-history":[{"count":1,"href":"https:\/\/fuentesfidedignas.com.mx\/index.php\/wp-json\/wp\/v2\/posts\/126529\/revisions"}],"predecessor-version":[{"id":126530,"href":"https:\/\/fuentesfidedignas.com.mx\/index.php\/wp-json\/wp\/v2\/posts\/126529\/revisions\/126530"}],"wp:featuredmedia":[{"embeddable":true,"href":"https:\/\/fuentesfidedignas.com.mx\/index.php\/wp-json\/wp\/v2\/media\/25982"}],"wp:attachment":[{"href":"https:\/\/fuentesfidedignas.com.mx\/index.php\/wp-json\/wp\/v2\/media?parent=126529"}],"wp:term":[{"taxonomy":"category","embeddable":true,"href":"https:\/\/fuentesfidedignas.com.mx\/index.php\/wp-json\/wp\/v2\/categories?post=126529"},{"taxonomy":"post_tag","embeddable":true,"href":"https:\/\/fuentesfidedignas.com.mx\/index.php\/wp-json\/wp\/v2\/tags?post=126529"}],"curies":[{"name":"wp","href":"https:\/\/api.w.org\/{rel}","templated":true}]}}