{"id":126492,"date":"2026-02-03T02:54:00","date_gmt":"2026-02-03T09:54:00","guid":{"rendered":"https:\/\/fuentesfidedignas.com.mx\/?p=126492"},"modified":"2026-02-02T11:28:28","modified_gmt":"2026-02-02T18:28:28","slug":"hombre-se-sube-al-techo-de-un-avion-y-retrasa-dos-horas-un-vuelo-a-amsterdam","status":"publish","type":"post","link":"https:\/\/fuentesfidedignas.com.mx\/index.php\/2026\/02\/03\/hombre-se-sube-al-techo-de-un-avion-y-retrasa-dos-horas-un-vuelo-a-amsterdam\/","title":{"rendered":"Hombre se sube al techo de un avi\u00f3n y retrasa dos horas un vuelo a \u00c1msterdam"},"content":{"rendered":"\n<p><strong><em>El sujeto fue trasladado al Hospital General de Val\u00e8ncia debido al estado ps\u00edquico alterado.<\/em><\/strong><\/p>\n\n\n\n<p>Un vuelo de la aerol\u00ednea Vueling con destino a \u00c1msterdam sufri\u00f3 un retraso de dos horas este s\u00e1bado en el aeropuerto de Manises, en Valencia, luego de que un hombre de 24 a\u00f1os accediera de forma indebida a la pista y se subiera al techo del avi\u00f3n cuando la aeronave estaba lista para despegar.<\/p>\n\n\n\n<p>De acuerdo con informaci\u00f3n confirmada por Aena y la Guardia Civil a la agencia EFE, el incidente ocurri\u00f3 alrededor de las 18:30 horas, momento en el que el vuelo VY1372 ten\u00eda programada su salida hacia la capital neerlandesa.<\/p>\n\n\n\n<p>Testigos presenciales grabaron en video al individuo corriendo y gesticulando sobre el fuselaje del avi\u00f3n, visiblemente alterado, mientras personal del aeropuerto y agentes de seguridad intentaban controlar la situaci\u00f3n. Las im\u00e1genes, difundidas posteriormente por el diario Las Provincias, muestran la cercan\u00eda del hombre con zonas cr\u00edticas de la aeronave, lo que oblig\u00f3 a activar los protocolos de seguridad a\u00e9rea.<\/p>\n\n\n\n<p>La Guardia Civil logr\u00f3 finalmente que el joven descendiera del aparato sin que se registraran da\u00f1os materiales ni personas lesionadas, evitando una situaci\u00f3n de mayor riesgo tanto para los pasajeros como para la tripulaci\u00f3n.<\/p>\n\n\n\n<p><strong>Denuncia por vulnerar la Ley de Seguridad A\u00e9rea<\/strong><br>Seg\u00fan detall\u00f3 el Centro de Informaci\u00f3n y Coordinaci\u00f3n de Urgencias (CICU), el hombre fue trasladado al Hospital General de Val\u00e8ncia en una unidad del Servicio Vital B\u00e1sico (SVB), debido al estado ps\u00edquico alterado en el que se encontraba al momento de la intervenci\u00f3n.<\/p>\n\n\n\n<p>Posteriormente, el individuo fue denunciado por vulnerar la Ley de Seguridad A\u00e9rea. Conforme al art\u00edculo 43 de dicha legislaci\u00f3n, este tipo de conductas pueden derivar en sanciones econ\u00f3micas e incluso penas de prisi\u00f3n, dependiendo de la gravedad y de los riesgos generados para la operaci\u00f3n a\u00e9rea.<\/p>\n\n\n\n<p>Portavoces de Vueling informaron a Las Provincias que el vuelo VY1372 pudo despegar finalmente alrededor de las 20:30 horas, una vez que las autoridades aeroportuarias confirmaron que la aeronave se encontraba en condiciones seguras para operar.<\/p>\n\n\n\n<p>Los pasajeros permanecieron en la terminal durante el tiempo que duraron las revisiones t\u00e9cnicas y los procedimientos de seguridad establecidos.<\/p>\n\n\n\n<p><strong>Aena abre investigaci\u00f3n<\/strong><br>El gestor aeroportuario Aena se\u00f1al\u00f3 que se ha iniciado una investigaci\u00f3n interna para esclarecer c\u00f3mo el individuo logr\u00f3 acceder a la zona restringida de operaciones, un espacio que cuenta con medidas de seguridad reforzadas y cuyo acceso est\u00e1 estrictamente controlado.<\/p>\n\n\n\n<p>Este suceso se suma a otros incidentes recientes en aeropuertos europeos que han generado cuestionamientos sobre los protocolos de vigilancia. En 2025, un evento similar en el aeropuerto de M\u00e1laga oblig\u00f3 a suspender temporalmente las operaciones durante una hora.<\/p>\n\n\n\n<p><\/p>\n","protected":false},"excerpt":{"rendered":"<p>El sujeto fue trasladado al Hospital General de Val\u00e8ncia debido al estado ps\u00edquico alterado. Un vuelo de la aerol\u00ednea Vueling con destino a \u00c1msterdam sufri\u00f3 un retraso de dos horas este s\u00e1bado en el aeropuerto de Manises, en Valencia, luego de que un hombre de 24 a\u00f1os accediera de forma indebida a la pista y [&hellip;]<\/p>\n","protected":false},"author":7,"featured_media":126493,"comment_status":"open","ping_status":"open","sticky":false,"template":"","format":"standard","meta":{"tdm_status":"","tdm_grid_status":"","footnotes":""},"categories":[40],"tags":[],"class_list":{"0":"post-126492","1":"post","2":"type-post","3":"status-publish","4":"format-standard","5":"has-post-thumbnail","7":"category-las-asombrosas"},"yoast_head":"<!-- This site is optimized with the Yoast SEO plugin v27.4 - https:\/\/yoast.com\/product\/yoast-seo-wordpress\/ -->\n<title>Hombre se sube al techo de un avi\u00f3n y retrasa dos horas un vuelo a \u00c1msterdam - Fuentes Fidedignas<\/title>\n<meta name=\"robots\" content=\"index, follow, max-snippet:-1, max-image-preview:large, max-video-preview:-1\" \/>\n<link rel=\"canonical\" href=\"https:\/\/fuentesfidedignas.com.mx\/index.php\/2026\/02\/03\/hombre-se-sube-al-techo-de-un-avion-y-retrasa-dos-horas-un-vuelo-a-amsterdam\/\" \/>\n<meta property=\"og:locale\" content=\"es_MX\" \/>\n<meta property=\"og:type\" content=\"article\" \/>\n<meta property=\"og:title\" content=\"Hombre se sube al techo de un avi\u00f3n y retrasa dos horas un vuelo a \u00c1msterdam - Fuentes Fidedignas\" \/>\n<meta property=\"og:description\" content=\"El sujeto fue trasladado al Hospital General de Val\u00e8ncia debido al estado ps\u00edquico alterado. Un vuelo de la aerol\u00ednea Vueling con destino a \u00c1msterdam sufri\u00f3 un retraso de dos horas este s\u00e1bado en el aeropuerto de Manises, en Valencia, luego de que un hombre de 24 a\u00f1os accediera de forma indebida a la pista y [&hellip;]\" \/>\n<meta property=\"og:url\" content=\"https:\/\/fuentesfidedignas.com.mx\/index.php\/2026\/02\/03\/hombre-se-sube-al-techo-de-un-avion-y-retrasa-dos-horas-un-vuelo-a-amsterdam\/\" \/>\n<meta property=\"og:site_name\" content=\"Fuentes Fidedignas\" \/>\n<meta property=\"article:publisher\" content=\"https:\/\/www.facebook.com\/Fuentes-Fidedignas-368234489921644\" \/>\n<meta property=\"article:published_time\" content=\"2026-02-03T09:54:00+00:00\" \/>\n<meta property=\"og:image\" content=\"https:\/\/fuentesfidedignas.com.mx\/wp-content\/uploads\/2026\/02\/hombre-encima-del-avion.jpeg\" \/>\n\t<meta property=\"og:image:width\" content=\"500\" \/>\n\t<meta property=\"og:image:height\" content=\"333\" \/>\n\t<meta property=\"og:image:type\" content=\"image\/jpeg\" \/>\n<meta name=\"author\" content=\"Exc\u00e9lsior\" \/>\n<meta name=\"twitter:card\" content=\"summary_large_image\" \/>\n<meta name=\"twitter:creator\" content=\"@fidedignas\" \/>\n<meta name=\"twitter:site\" content=\"@fidedignas\" \/>\n<meta name=\"twitter:label1\" content=\"Escrito por\" \/>\n\t<meta name=\"twitter:data1\" content=\"Exc\u00e9lsior\" \/>\n\t<meta name=\"twitter:label2\" content=\"Tiempo de lectura\" \/>\n\t<meta name=\"twitter:data2\" content=\"3 minutos\" \/>\n<script type=\"application\/ld+json\" class=\"yoast-schema-graph\">{\"@context\":\"https:\\\/\\\/schema.org\",\"@graph\":[{\"@type\":\"Article\",\"@id\":\"https:\\\/\\\/fuentesfidedignas.com.mx\\\/index.php\\\/2026\\\/02\\\/03\\\/hombre-se-sube-al-techo-de-un-avion-y-retrasa-dos-horas-un-vuelo-a-amsterdam\\\/#article\",\"isPartOf\":{\"@id\":\"https:\\\/\\\/fuentesfidedignas.com.mx\\\/index.php\\\/2026\\\/02\\\/03\\\/hombre-se-sube-al-techo-de-un-avion-y-retrasa-dos-horas-un-vuelo-a-amsterdam\\\/\"},\"author\":{\"name\":\"Exc\u00e9lsior\",\"@id\":\"https:\\\/\\\/fuentesfidedignas.com.mx\\\/#\\\/schema\\\/person\\\/ec4edd1fbf5efa3e44fce34fe2787780\"},\"headline\":\"Hombre se sube al techo de un avi\u00f3n y retrasa dos horas un vuelo a \u00c1msterdam\",\"datePublished\":\"2026-02-03T09:54:00+00:00\",\"mainEntityOfPage\":{\"@id\":\"https:\\\/\\\/fuentesfidedignas.com.mx\\\/index.php\\\/2026\\\/02\\\/03\\\/hombre-se-sube-al-techo-de-un-avion-y-retrasa-dos-horas-un-vuelo-a-amsterdam\\\/\"},\"wordCount\":484,\"commentCount\":0,\"publisher\":{\"@id\":\"https:\\\/\\\/fuentesfidedignas.com.mx\\\/#organization\"},\"image\":{\"@id\":\"https:\\\/\\\/fuentesfidedignas.com.mx\\\/index.php\\\/2026\\\/02\\\/03\\\/hombre-se-sube-al-techo-de-un-avion-y-retrasa-dos-horas-un-vuelo-a-amsterdam\\\/#primaryimage\"},\"thumbnailUrl\":\"https:\\\/\\\/fuentesfidedignas.com.mx\\\/wp-content\\\/uploads\\\/2026\\\/02\\\/hombre-encima-del-avion.jpeg\",\"articleSection\":[\"LAS ASOMBROSAS\"],\"inLanguage\":\"es\",\"potentialAction\":[{\"@type\":\"CommentAction\",\"name\":\"Comment\",\"target\":[\"https:\\\/\\\/fuentesfidedignas.com.mx\\\/index.php\\\/2026\\\/02\\\/03\\\/hombre-se-sube-al-techo-de-un-avion-y-retrasa-dos-horas-un-vuelo-a-amsterdam\\\/#respond\"]}]},{\"@type\":\"WebPage\",\"@id\":\"https:\\\/\\\/fuentesfidedignas.com.mx\\\/index.php\\\/2026\\\/02\\\/03\\\/hombre-se-sube-al-techo-de-un-avion-y-retrasa-dos-horas-un-vuelo-a-amsterdam\\\/\",\"url\":\"https:\\\/\\\/fuentesfidedignas.com.mx\\\/index.php\\\/2026\\\/02\\\/03\\\/hombre-se-sube-al-techo-de-un-avion-y-retrasa-dos-horas-un-vuelo-a-amsterdam\\\/\",\"name\":\"Hombre se sube al techo de un avi\u00f3n y retrasa dos horas un vuelo a \u00c1msterdam - Fuentes Fidedignas\",\"isPartOf\":{\"@id\":\"https:\\\/\\\/fuentesfidedignas.com.mx\\\/#website\"},\"primaryImageOfPage\":{\"@id\":\"https:\\\/\\\/fuentesfidedignas.com.mx\\\/index.php\\\/2026\\\/02\\\/03\\\/hombre-se-sube-al-techo-de-un-avion-y-retrasa-dos-horas-un-vuelo-a-amsterdam\\\/#primaryimage\"},\"image\":{\"@id\":\"https:\\\/\\\/fuentesfidedignas.com.mx\\\/index.php\\\/2026\\\/02\\\/03\\\/hombre-se-sube-al-techo-de-un-avion-y-retrasa-dos-horas-un-vuelo-a-amsterdam\\\/#primaryimage\"},\"thumbnailUrl\":\"https:\\\/\\\/fuentesfidedignas.com.mx\\\/wp-content\\\/uploads\\\/2026\\\/02\\\/hombre-encima-del-avion.jpeg\",\"datePublished\":\"2026-02-03T09:54:00+00:00\",\"breadcrumb\":{\"@id\":\"https:\\\/\\\/fuentesfidedignas.com.mx\\\/index.php\\\/2026\\\/02\\\/03\\\/hombre-se-sube-al-techo-de-un-avion-y-retrasa-dos-horas-un-vuelo-a-amsterdam\\\/#breadcrumb\"},\"inLanguage\":\"es\",\"potentialAction\":[{\"@type\":\"ReadAction\",\"target\":[\"https:\\\/\\\/fuentesfidedignas.com.mx\\\/index.php\\\/2026\\\/02\\\/03\\\/hombre-se-sube-al-techo-de-un-avion-y-retrasa-dos-horas-un-vuelo-a-amsterdam\\\/\"]}]},{\"@type\":\"ImageObject\",\"inLanguage\":\"es\",\"@id\":\"https:\\\/\\\/fuentesfidedignas.com.mx\\\/index.php\\\/2026\\\/02\\\/03\\\/hombre-se-sube-al-techo-de-un-avion-y-retrasa-dos-horas-un-vuelo-a-amsterdam\\\/#primaryimage\",\"url\":\"https:\\\/\\\/fuentesfidedignas.com.mx\\\/wp-content\\\/uploads\\\/2026\\\/02\\\/hombre-encima-del-avion.jpeg\",\"contentUrl\":\"https:\\\/\\\/fuentesfidedignas.com.mx\\\/wp-content\\\/uploads\\\/2026\\\/02\\\/hombre-encima-del-avion.jpeg\",\"width\":500,\"height\":333},{\"@type\":\"BreadcrumbList\",\"@id\":\"https:\\\/\\\/fuentesfidedignas.com.mx\\\/index.php\\\/2026\\\/02\\\/03\\\/hombre-se-sube-al-techo-de-un-avion-y-retrasa-dos-horas-un-vuelo-a-amsterdam\\\/#breadcrumb\",\"itemListElement\":[{\"@type\":\"ListItem\",\"position\":1,\"name\":\"Inicio\",\"item\":\"https:\\\/\\\/fuentesfidedignas.com.mx\\\/\"},{\"@type\":\"ListItem\",\"position\":2,\"name\":\"Hombre se sube al techo de un avi\u00f3n y retrasa dos horas un vuelo a \u00c1msterdam\"}]},{\"@type\":\"WebSite\",\"@id\":\"https:\\\/\\\/fuentesfidedignas.com.mx\\\/#website\",\"url\":\"https:\\\/\\\/fuentesfidedignas.com.mx\\\/\",\"name\":\"Fuentes Fidedignas\",\"description\":\"Otro sitio realizado con WordPress\",\"publisher\":{\"@id\":\"https:\\\/\\\/fuentesfidedignas.com.mx\\\/#organization\"},\"potentialAction\":[{\"@type\":\"SearchAction\",\"target\":{\"@type\":\"EntryPoint\",\"urlTemplate\":\"https:\\\/\\\/fuentesfidedignas.com.mx\\\/?s={search_term_string}\"},\"query-input\":{\"@type\":\"PropertyValueSpecification\",\"valueRequired\":true,\"valueName\":\"search_term_string\"}}],\"inLanguage\":\"es\"},{\"@type\":\"Organization\",\"@id\":\"https:\\\/\\\/fuentesfidedignas.com.mx\\\/#organization\",\"name\":\"Fuentes Fidedignas\",\"url\":\"https:\\\/\\\/fuentesfidedignas.com.mx\\\/\",\"logo\":{\"@type\":\"ImageObject\",\"inLanguage\":\"es\",\"@id\":\"https:\\\/\\\/fuentesfidedignas.com.mx\\\/#\\\/schema\\\/logo\\\/image\\\/\",\"url\":\"https:\\\/\\\/fuentesfidedignas.com.mx\\\/wp-content\\\/uploads\\\/2021\\\/04\\\/logo-retina.png\",\"contentUrl\":\"https:\\\/\\\/fuentesfidedignas.com.mx\\\/wp-content\\\/uploads\\\/2021\\\/04\\\/logo-retina.png\",\"width\":280,\"height\":51,\"caption\":\"Fuentes Fidedignas\"},\"image\":{\"@id\":\"https:\\\/\\\/fuentesfidedignas.com.mx\\\/#\\\/schema\\\/logo\\\/image\\\/\"},\"sameAs\":[\"https:\\\/\\\/www.facebook.com\\\/Fuentes-Fidedignas-368234489921644\",\"https:\\\/\\\/x.com\\\/fidedignas\"]},{\"@type\":\"Person\",\"@id\":\"https:\\\/\\\/fuentesfidedignas.com.mx\\\/#\\\/schema\\\/person\\\/ec4edd1fbf5efa3e44fce34fe2787780\",\"name\":\"Exc\u00e9lsior\",\"image\":{\"@type\":\"ImageObject\",\"inLanguage\":\"es\",\"@id\":\"https:\\\/\\\/secure.gravatar.com\\\/avatar\\\/4b7ee9206b48be08447852b3f0814dbc7c0f3b51541b164f1464a2725614020b?s=96&d=mm&r=g\",\"url\":\"https:\\\/\\\/secure.gravatar.com\\\/avatar\\\/4b7ee9206b48be08447852b3f0814dbc7c0f3b51541b164f1464a2725614020b?s=96&d=mm&r=g\",\"contentUrl\":\"https:\\\/\\\/secure.gravatar.com\\\/avatar\\\/4b7ee9206b48be08447852b3f0814dbc7c0f3b51541b164f1464a2725614020b?s=96&d=mm&r=g\",\"caption\":\"Exc\u00e9lsior\"},\"url\":\"https:\\\/\\\/fuentesfidedignas.com.mx\\\/index.php\\\/author\\\/excelsior\\\/\"}]}<\/script>\n<!-- \/ Yoast SEO plugin. -->","yoast_head_json":{"title":"Hombre se sube al techo de un avi\u00f3n y retrasa dos horas un vuelo a \u00c1msterdam - Fuentes Fidedignas","robots":{"index":"index","follow":"follow","max-snippet":"max-snippet:-1","max-image-preview":"max-image-preview:large","max-video-preview":"max-video-preview:-1"},"canonical":"https:\/\/fuentesfidedignas.com.mx\/index.php\/2026\/02\/03\/hombre-se-sube-al-techo-de-un-avion-y-retrasa-dos-horas-un-vuelo-a-amsterdam\/","og_locale":"es_MX","og_type":"article","og_title":"Hombre se sube al techo de un avi\u00f3n y retrasa dos horas un vuelo a \u00c1msterdam - Fuentes Fidedignas","og_description":"El sujeto fue trasladado al Hospital General de Val\u00e8ncia debido al estado ps\u00edquico alterado. Un vuelo de la aerol\u00ednea Vueling con destino a \u00c1msterdam sufri\u00f3 un retraso de dos horas este s\u00e1bado en el aeropuerto de Manises, en Valencia, luego de que un hombre de 24 a\u00f1os accediera de forma indebida a la pista y [&hellip;]","og_url":"https:\/\/fuentesfidedignas.com.mx\/index.php\/2026\/02\/03\/hombre-se-sube-al-techo-de-un-avion-y-retrasa-dos-horas-un-vuelo-a-amsterdam\/","og_site_name":"Fuentes Fidedignas","article_publisher":"https:\/\/www.facebook.com\/Fuentes-Fidedignas-368234489921644","article_published_time":"2026-02-03T09:54:00+00:00","og_image":[{"width":500,"height":333,"url":"https:\/\/fuentesfidedignas.com.mx\/wp-content\/uploads\/2026\/02\/hombre-encima-del-avion.jpeg","type":"image\/jpeg"}],"author":"Exc\u00e9lsior","twitter_card":"summary_large_image","twitter_creator":"@fidedignas","twitter_site":"@fidedignas","twitter_misc":{"Escrito por":"Exc\u00e9lsior","Tiempo de lectura":"3 minutos"},"schema":{"@context":"https:\/\/schema.org","@graph":[{"@type":"Article","@id":"https:\/\/fuentesfidedignas.com.mx\/index.php\/2026\/02\/03\/hombre-se-sube-al-techo-de-un-avion-y-retrasa-dos-horas-un-vuelo-a-amsterdam\/#article","isPartOf":{"@id":"https:\/\/fuentesfidedignas.com.mx\/index.php\/2026\/02\/03\/hombre-se-sube-al-techo-de-un-avion-y-retrasa-dos-horas-un-vuelo-a-amsterdam\/"},"author":{"name":"Exc\u00e9lsior","@id":"https:\/\/fuentesfidedignas.com.mx\/#\/schema\/person\/ec4edd1fbf5efa3e44fce34fe2787780"},"headline":"Hombre se sube al techo de un avi\u00f3n y retrasa dos horas un vuelo a \u00c1msterdam","datePublished":"2026-02-03T09:54:00+00:00","mainEntityOfPage":{"@id":"https:\/\/fuentesfidedignas.com.mx\/index.php\/2026\/02\/03\/hombre-se-sube-al-techo-de-un-avion-y-retrasa-dos-horas-un-vuelo-a-amsterdam\/"},"wordCount":484,"commentCount":0,"publisher":{"@id":"https:\/\/fuentesfidedignas.com.mx\/#organization"},"image":{"@id":"https:\/\/fuentesfidedignas.com.mx\/index.php\/2026\/02\/03\/hombre-se-sube-al-techo-de-un-avion-y-retrasa-dos-horas-un-vuelo-a-amsterdam\/#primaryimage"},"thumbnailUrl":"https:\/\/fuentesfidedignas.com.mx\/wp-content\/uploads\/2026\/02\/hombre-encima-del-avion.jpeg","articleSection":["LAS ASOMBROSAS"],"inLanguage":"es","potentialAction":[{"@type":"CommentAction","name":"Comment","target":["https:\/\/fuentesfidedignas.com.mx\/index.php\/2026\/02\/03\/hombre-se-sube-al-techo-de-un-avion-y-retrasa-dos-horas-un-vuelo-a-amsterdam\/#respond"]}]},{"@type":"WebPage","@id":"https:\/\/fuentesfidedignas.com.mx\/index.php\/2026\/02\/03\/hombre-se-sube-al-techo-de-un-avion-y-retrasa-dos-horas-un-vuelo-a-amsterdam\/","url":"https:\/\/fuentesfidedignas.com.mx\/index.php\/2026\/02\/03\/hombre-se-sube-al-techo-de-un-avion-y-retrasa-dos-horas-un-vuelo-a-amsterdam\/","name":"Hombre se sube al techo de un avi\u00f3n y retrasa dos horas un vuelo a \u00c1msterdam - Fuentes Fidedignas","isPartOf":{"@id":"https:\/\/fuentesfidedignas.com.mx\/#website"},"primaryImageOfPage":{"@id":"https:\/\/fuentesfidedignas.com.mx\/index.php\/2026\/02\/03\/hombre-se-sube-al-techo-de-un-avion-y-retrasa-dos-horas-un-vuelo-a-amsterdam\/#primaryimage"},"image":{"@id":"https:\/\/fuentesfidedignas.com.mx\/index.php\/2026\/02\/03\/hombre-se-sube-al-techo-de-un-avion-y-retrasa-dos-horas-un-vuelo-a-amsterdam\/#primaryimage"},"thumbnailUrl":"https:\/\/fuentesfidedignas.com.mx\/wp-content\/uploads\/2026\/02\/hombre-encima-del-avion.jpeg","datePublished":"2026-02-03T09:54:00+00:00","breadcrumb":{"@id":"https:\/\/fuentesfidedignas.com.mx\/index.php\/2026\/02\/03\/hombre-se-sube-al-techo-de-un-avion-y-retrasa-dos-horas-un-vuelo-a-amsterdam\/#breadcrumb"},"inLanguage":"es","potentialAction":[{"@type":"ReadAction","target":["https:\/\/fuentesfidedignas.com.mx\/index.php\/2026\/02\/03\/hombre-se-sube-al-techo-de-un-avion-y-retrasa-dos-horas-un-vuelo-a-amsterdam\/"]}]},{"@type":"ImageObject","inLanguage":"es","@id":"https:\/\/fuentesfidedignas.com.mx\/index.php\/2026\/02\/03\/hombre-se-sube-al-techo-de-un-avion-y-retrasa-dos-horas-un-vuelo-a-amsterdam\/#primaryimage","url":"https:\/\/fuentesfidedignas.com.mx\/wp-content\/uploads\/2026\/02\/hombre-encima-del-avion.jpeg","contentUrl":"https:\/\/fuentesfidedignas.com.mx\/wp-content\/uploads\/2026\/02\/hombre-encima-del-avion.jpeg","width":500,"height":333},{"@type":"BreadcrumbList","@id":"https:\/\/fuentesfidedignas.com.mx\/index.php\/2026\/02\/03\/hombre-se-sube-al-techo-de-un-avion-y-retrasa-dos-horas-un-vuelo-a-amsterdam\/#breadcrumb","itemListElement":[{"@type":"ListItem","position":1,"name":"Inicio","item":"https:\/\/fuentesfidedignas.com.mx\/"},{"@type":"ListItem","position":2,"name":"Hombre se sube al techo de un avi\u00f3n y retrasa dos horas un vuelo a \u00c1msterdam"}]},{"@type":"WebSite","@id":"https:\/\/fuentesfidedignas.com.mx\/#website","url":"https:\/\/fuentesfidedignas.com.mx\/","name":"Fuentes Fidedignas","description":"Otro sitio realizado con WordPress","publisher":{"@id":"https:\/\/fuentesfidedignas.com.mx\/#organization"},"potentialAction":[{"@type":"SearchAction","target":{"@type":"EntryPoint","urlTemplate":"https:\/\/fuentesfidedignas.com.mx\/?s={search_term_string}"},"query-input":{"@type":"PropertyValueSpecification","valueRequired":true,"valueName":"search_term_string"}}],"inLanguage":"es"},{"@type":"Organization","@id":"https:\/\/fuentesfidedignas.com.mx\/#organization","name":"Fuentes Fidedignas","url":"https:\/\/fuentesfidedignas.com.mx\/","logo":{"@type":"ImageObject","inLanguage":"es","@id":"https:\/\/fuentesfidedignas.com.mx\/#\/schema\/logo\/image\/","url":"https:\/\/fuentesfidedignas.com.mx\/wp-content\/uploads\/2021\/04\/logo-retina.png","contentUrl":"https:\/\/fuentesfidedignas.com.mx\/wp-content\/uploads\/2021\/04\/logo-retina.png","width":280,"height":51,"caption":"Fuentes Fidedignas"},"image":{"@id":"https:\/\/fuentesfidedignas.com.mx\/#\/schema\/logo\/image\/"},"sameAs":["https:\/\/www.facebook.com\/Fuentes-Fidedignas-368234489921644","https:\/\/x.com\/fidedignas"]},{"@type":"Person","@id":"https:\/\/fuentesfidedignas.com.mx\/#\/schema\/person\/ec4edd1fbf5efa3e44fce34fe2787780","name":"Exc\u00e9lsior","image":{"@type":"ImageObject","inLanguage":"es","@id":"https:\/\/secure.gravatar.com\/avatar\/4b7ee9206b48be08447852b3f0814dbc7c0f3b51541b164f1464a2725614020b?s=96&d=mm&r=g","url":"https:\/\/secure.gravatar.com\/avatar\/4b7ee9206b48be08447852b3f0814dbc7c0f3b51541b164f1464a2725614020b?s=96&d=mm&r=g","contentUrl":"https:\/\/secure.gravatar.com\/avatar\/4b7ee9206b48be08447852b3f0814dbc7c0f3b51541b164f1464a2725614020b?s=96&d=mm&r=g","caption":"Exc\u00e9lsior"},"url":"https:\/\/fuentesfidedignas.com.mx\/index.php\/author\/excelsior\/"}]}},"_links":{"self":[{"href":"https:\/\/fuentesfidedignas.com.mx\/index.php\/wp-json\/wp\/v2\/posts\/126492","targetHints":{"allow":["GET"]}}],"collection":[{"href":"https:\/\/fuentesfidedignas.com.mx\/index.php\/wp-json\/wp\/v2\/posts"}],"about":[{"href":"https:\/\/fuentesfidedignas.com.mx\/index.php\/wp-json\/wp\/v2\/types\/post"}],"author":[{"embeddable":true,"href":"https:\/\/fuentesfidedignas.com.mx\/index.php\/wp-json\/wp\/v2\/users\/7"}],"replies":[{"embeddable":true,"href":"https:\/\/fuentesfidedignas.com.mx\/index.php\/wp-json\/wp\/v2\/comments?post=126492"}],"version-history":[{"count":1,"href":"https:\/\/fuentesfidedignas.com.mx\/index.php\/wp-json\/wp\/v2\/posts\/126492\/revisions"}],"predecessor-version":[{"id":126494,"href":"https:\/\/fuentesfidedignas.com.mx\/index.php\/wp-json\/wp\/v2\/posts\/126492\/revisions\/126494"}],"wp:featuredmedia":[{"embeddable":true,"href":"https:\/\/fuentesfidedignas.com.mx\/index.php\/wp-json\/wp\/v2\/media\/126493"}],"wp:attachment":[{"href":"https:\/\/fuentesfidedignas.com.mx\/index.php\/wp-json\/wp\/v2\/media?parent=126492"}],"wp:term":[{"taxonomy":"category","embeddable":true,"href":"https:\/\/fuentesfidedignas.com.mx\/index.php\/wp-json\/wp\/v2\/categories?post=126492"},{"taxonomy":"post_tag","embeddable":true,"href":"https:\/\/fuentesfidedignas.com.mx\/index.php\/wp-json\/wp\/v2\/tags?post=126492"}],"curies":[{"name":"wp","href":"https:\/\/api.w.org\/{rel}","templated":true}]}}