{"id":126264,"date":"2026-01-29T02:36:00","date_gmt":"2026-01-29T09:36:00","guid":{"rendered":"https:\/\/fuentesfidedignas.com.mx\/?p=126264"},"modified":"2026-01-29T06:36:46","modified_gmt":"2026-01-29T13:36:46","slug":"elefante-marino-turistea-en-playas-de-nayarit-panchito-salio-a-tomar-el-sol-video","status":"publish","type":"post","link":"https:\/\/fuentesfidedignas.com.mx\/index.php\/2026\/01\/29\/elefante-marino-turistea-en-playas-de-nayarit-panchito-salio-a-tomar-el-sol-video\/","title":{"rendered":"Elefante marino \u201cturistea\u201d en playas de Nayarit; \u201cPanchito\u201d sali\u00f3 a tomar el sol | VIDEO"},"content":{"rendered":"\n<p class=\"paragraph\">El Elefante Marino del Sur (Mirounga leonina), que caus\u00f3 gran sensaci\u00f3n al aparecer este martes asole\u00e1ndose de lo lindo en la Playa Los Ayala, en Nayarit, es un viejo conocido de bi\u00f3logos mexicanos que le siguen la pista desde 2020, cuando fue observado por primera vez en costas nacionales y bautizado como \u201cPanchito\u201d.<\/p>\n\n\n\n<p class=\"paragraph\">Exc\u00e9lsior inform\u00f3 en su momento que de acuerdo al Grupo de Investigaci\u00f3n de Mam\u00edferos Marinos (GRIMMA), los Elefantes Marinos del Sur salen a la playa a descansar, termorregular su cuerpo, recuperar energ\u00eda o mudar de piel y pelaje, un proceso que ocurre cada a\u00f1o.<\/p>\n\n\n\n<p class=\"paragraph\">Bajo esta premisa, es que se pudo observar a dicha especie, la cual, debido al n\u00famero de curiosos que estaban presentes, fue necesario que las autoridades navales y ambientales pusieran un cerco, garantizando la privacidad de \u201cPanchito\u201d.<\/p>\n\n\n\n<p class=\"paragraph\">Cabe destacar que en el cuidado de esta fauna marina participan bomberos, personal de la Procuradur\u00eda Federal de Protecci\u00f3n al Ambiente (Profepa) y Protecci\u00f3n Civil Municipal de Compostela, quienes resguardaron la zona de playa en la que se confirm\u00f3 la presencia del elefante marino.<\/p>\n\n\n\n<figure class=\"wp-block-embed\"><div class=\"wp-block-embed__wrapper\">\n<div class=\"youtube-embed\" data-video_id=\"\"><iframe loading=\"lazy\" title=\"Elefante marino gigante sorprende en playas de Nayarit\" width=\"563\" height=\"1000\" src=\"https:\/\/www.youtube.com\/embed\/EKn0ROaT7gU?feature=oembed&#038;enablejsapi=1\" frameborder=\"0\" allow=\"accelerometer; autoplay; clipboard-write; encrypted-media; gyroscope; picture-in-picture; web-share\" referrerpolicy=\"strict-origin-when-cross-origin\" allowfullscreen><\/iframe><\/div>\n<\/div><\/figure>\n","protected":false},"excerpt":{"rendered":"<p>El Elefante Marino del Sur (Mirounga leonina), que caus\u00f3 gran sensaci\u00f3n al aparecer este martes asole\u00e1ndose de lo lindo en la Playa Los Ayala, en Nayarit, es un viejo conocido de bi\u00f3logos mexicanos que le siguen la pista desde 2020, cuando fue observado por primera vez en costas nacionales y bautizado como \u201cPanchito\u201d. Exc\u00e9lsior inform\u00f3 [&hellip;]<\/p>\n","protected":false},"author":7,"featured_media":126262,"comment_status":"closed","ping_status":"open","sticky":false,"template":"","format":"standard","meta":{"tdm_status":"","tdm_grid_status":"","footnotes":""},"categories":[40],"tags":[],"class_list":{"0":"post-126264","1":"post","2":"type-post","3":"status-publish","4":"format-standard","5":"has-post-thumbnail","7":"category-las-asombrosas"},"yoast_head":"<!-- This site is optimized with the Yoast SEO plugin v27.4 - https:\/\/yoast.com\/product\/yoast-seo-wordpress\/ -->\n<title>Elefante marino \u201cturistea\u201d en playas de Nayarit; \u201cPanchito\u201d sali\u00f3 a tomar el sol | VIDEO - Fuentes Fidedignas<\/title>\n<meta name=\"robots\" content=\"index, follow, max-snippet:-1, max-image-preview:large, max-video-preview:-1\" \/>\n<link rel=\"canonical\" href=\"https:\/\/fuentesfidedignas.com.mx\/index.php\/2026\/01\/29\/elefante-marino-turistea-en-playas-de-nayarit-panchito-salio-a-tomar-el-sol-video\/\" \/>\n<meta property=\"og:locale\" content=\"es_MX\" \/>\n<meta property=\"og:type\" content=\"article\" \/>\n<meta property=\"og:title\" content=\"Elefante marino \u201cturistea\u201d en playas de Nayarit; \u201cPanchito\u201d sali\u00f3 a tomar el sol | VIDEO - Fuentes Fidedignas\" \/>\n<meta property=\"og:description\" content=\"El Elefante Marino del Sur (Mirounga leonina), que caus\u00f3 gran sensaci\u00f3n al aparecer este martes asole\u00e1ndose de lo lindo en la Playa Los Ayala, en Nayarit, es un viejo conocido de bi\u00f3logos mexicanos que le siguen la pista desde 2020, cuando fue observado por primera vez en costas nacionales y bautizado como \u201cPanchito\u201d. Exc\u00e9lsior inform\u00f3 [&hellip;]\" \/>\n<meta property=\"og:url\" content=\"https:\/\/fuentesfidedignas.com.mx\/index.php\/2026\/01\/29\/elefante-marino-turistea-en-playas-de-nayarit-panchito-salio-a-tomar-el-sol-video\/\" \/>\n<meta property=\"og:site_name\" content=\"Fuentes Fidedignas\" \/>\n<meta property=\"article:publisher\" content=\"https:\/\/www.facebook.com\/Fuentes-Fidedignas-368234489921644\" \/>\n<meta property=\"article:published_time\" content=\"2026-01-29T09:36:00+00:00\" \/>\n<meta property=\"article:modified_time\" content=\"2026-01-29T13:36:46+00:00\" \/>\n<meta property=\"og:image\" content=\"https:\/\/fuentesfidedignas.com.mx\/wp-content\/uploads\/2026\/01\/img_1622.jpg\" \/>\n\t<meta property=\"og:image:width\" content=\"375\" \/>\n\t<meta property=\"og:image:height\" content=\"249\" \/>\n\t<meta property=\"og:image:type\" content=\"image\/jpeg\" \/>\n<meta name=\"author\" content=\"Exc\u00e9lsior\" \/>\n<meta name=\"twitter:card\" content=\"summary_large_image\" \/>\n<meta name=\"twitter:creator\" content=\"@fidedignas\" \/>\n<meta name=\"twitter:site\" content=\"@fidedignas\" \/>\n<meta name=\"twitter:label1\" content=\"Escrito por\" \/>\n\t<meta name=\"twitter:data1\" content=\"Exc\u00e9lsior\" \/>\n\t<meta name=\"twitter:label2\" content=\"Tiempo de lectura\" \/>\n\t<meta name=\"twitter:data2\" content=\"1 minuto\" \/>\n<script type=\"application\/ld+json\" class=\"yoast-schema-graph\">{\"@context\":\"https:\\\/\\\/schema.org\",\"@graph\":[{\"@type\":\"Article\",\"@id\":\"https:\\\/\\\/fuentesfidedignas.com.mx\\\/index.php\\\/2026\\\/01\\\/29\\\/elefante-marino-turistea-en-playas-de-nayarit-panchito-salio-a-tomar-el-sol-video\\\/#article\",\"isPartOf\":{\"@id\":\"https:\\\/\\\/fuentesfidedignas.com.mx\\\/index.php\\\/2026\\\/01\\\/29\\\/elefante-marino-turistea-en-playas-de-nayarit-panchito-salio-a-tomar-el-sol-video\\\/\"},\"author\":{\"name\":\"Exc\u00e9lsior\",\"@id\":\"https:\\\/\\\/fuentesfidedignas.com.mx\\\/#\\\/schema\\\/person\\\/ec4edd1fbf5efa3e44fce34fe2787780\"},\"headline\":\"Elefante marino \u201cturistea\u201d en playas de Nayarit; \u201cPanchito\u201d sali\u00f3 a tomar el sol | VIDEO\",\"datePublished\":\"2026-01-29T09:36:00+00:00\",\"dateModified\":\"2026-01-29T13:36:46+00:00\",\"mainEntityOfPage\":{\"@id\":\"https:\\\/\\\/fuentesfidedignas.com.mx\\\/index.php\\\/2026\\\/01\\\/29\\\/elefante-marino-turistea-en-playas-de-nayarit-panchito-salio-a-tomar-el-sol-video\\\/\"},\"wordCount\":213,\"publisher\":{\"@id\":\"https:\\\/\\\/fuentesfidedignas.com.mx\\\/#organization\"},\"image\":{\"@id\":\"https:\\\/\\\/fuentesfidedignas.com.mx\\\/index.php\\\/2026\\\/01\\\/29\\\/elefante-marino-turistea-en-playas-de-nayarit-panchito-salio-a-tomar-el-sol-video\\\/#primaryimage\"},\"thumbnailUrl\":\"https:\\\/\\\/fuentesfidedignas.com.mx\\\/wp-content\\\/uploads\\\/2026\\\/01\\\/img_1622.jpg\",\"articleSection\":[\"LAS ASOMBROSAS\"],\"inLanguage\":\"es\"},{\"@type\":\"WebPage\",\"@id\":\"https:\\\/\\\/fuentesfidedignas.com.mx\\\/index.php\\\/2026\\\/01\\\/29\\\/elefante-marino-turistea-en-playas-de-nayarit-panchito-salio-a-tomar-el-sol-video\\\/\",\"url\":\"https:\\\/\\\/fuentesfidedignas.com.mx\\\/index.php\\\/2026\\\/01\\\/29\\\/elefante-marino-turistea-en-playas-de-nayarit-panchito-salio-a-tomar-el-sol-video\\\/\",\"name\":\"Elefante marino \u201cturistea\u201d en playas de Nayarit; \u201cPanchito\u201d sali\u00f3 a tomar el sol | VIDEO - Fuentes Fidedignas\",\"isPartOf\":{\"@id\":\"https:\\\/\\\/fuentesfidedignas.com.mx\\\/#website\"},\"primaryImageOfPage\":{\"@id\":\"https:\\\/\\\/fuentesfidedignas.com.mx\\\/index.php\\\/2026\\\/01\\\/29\\\/elefante-marino-turistea-en-playas-de-nayarit-panchito-salio-a-tomar-el-sol-video\\\/#primaryimage\"},\"image\":{\"@id\":\"https:\\\/\\\/fuentesfidedignas.com.mx\\\/index.php\\\/2026\\\/01\\\/29\\\/elefante-marino-turistea-en-playas-de-nayarit-panchito-salio-a-tomar-el-sol-video\\\/#primaryimage\"},\"thumbnailUrl\":\"https:\\\/\\\/fuentesfidedignas.com.mx\\\/wp-content\\\/uploads\\\/2026\\\/01\\\/img_1622.jpg\",\"datePublished\":\"2026-01-29T09:36:00+00:00\",\"dateModified\":\"2026-01-29T13:36:46+00:00\",\"breadcrumb\":{\"@id\":\"https:\\\/\\\/fuentesfidedignas.com.mx\\\/index.php\\\/2026\\\/01\\\/29\\\/elefante-marino-turistea-en-playas-de-nayarit-panchito-salio-a-tomar-el-sol-video\\\/#breadcrumb\"},\"inLanguage\":\"es\",\"potentialAction\":[{\"@type\":\"ReadAction\",\"target\":[\"https:\\\/\\\/fuentesfidedignas.com.mx\\\/index.php\\\/2026\\\/01\\\/29\\\/elefante-marino-turistea-en-playas-de-nayarit-panchito-salio-a-tomar-el-sol-video\\\/\"]}]},{\"@type\":\"ImageObject\",\"inLanguage\":\"es\",\"@id\":\"https:\\\/\\\/fuentesfidedignas.com.mx\\\/index.php\\\/2026\\\/01\\\/29\\\/elefante-marino-turistea-en-playas-de-nayarit-panchito-salio-a-tomar-el-sol-video\\\/#primaryimage\",\"url\":\"https:\\\/\\\/fuentesfidedignas.com.mx\\\/wp-content\\\/uploads\\\/2026\\\/01\\\/img_1622.jpg\",\"contentUrl\":\"https:\\\/\\\/fuentesfidedignas.com.mx\\\/wp-content\\\/uploads\\\/2026\\\/01\\\/img_1622.jpg\",\"width\":375,\"height\":249},{\"@type\":\"BreadcrumbList\",\"@id\":\"https:\\\/\\\/fuentesfidedignas.com.mx\\\/index.php\\\/2026\\\/01\\\/29\\\/elefante-marino-turistea-en-playas-de-nayarit-panchito-salio-a-tomar-el-sol-video\\\/#breadcrumb\",\"itemListElement\":[{\"@type\":\"ListItem\",\"position\":1,\"name\":\"Inicio\",\"item\":\"https:\\\/\\\/fuentesfidedignas.com.mx\\\/\"},{\"@type\":\"ListItem\",\"position\":2,\"name\":\"Elefante marino \u201cturistea\u201d en playas de Nayarit; \u201cPanchito\u201d sali\u00f3 a tomar el sol | VIDEO\"}]},{\"@type\":\"WebSite\",\"@id\":\"https:\\\/\\\/fuentesfidedignas.com.mx\\\/#website\",\"url\":\"https:\\\/\\\/fuentesfidedignas.com.mx\\\/\",\"name\":\"Fuentes Fidedignas\",\"description\":\"Otro sitio realizado con WordPress\",\"publisher\":{\"@id\":\"https:\\\/\\\/fuentesfidedignas.com.mx\\\/#organization\"},\"potentialAction\":[{\"@type\":\"SearchAction\",\"target\":{\"@type\":\"EntryPoint\",\"urlTemplate\":\"https:\\\/\\\/fuentesfidedignas.com.mx\\\/?s={search_term_string}\"},\"query-input\":{\"@type\":\"PropertyValueSpecification\",\"valueRequired\":true,\"valueName\":\"search_term_string\"}}],\"inLanguage\":\"es\"},{\"@type\":\"Organization\",\"@id\":\"https:\\\/\\\/fuentesfidedignas.com.mx\\\/#organization\",\"name\":\"Fuentes Fidedignas\",\"url\":\"https:\\\/\\\/fuentesfidedignas.com.mx\\\/\",\"logo\":{\"@type\":\"ImageObject\",\"inLanguage\":\"es\",\"@id\":\"https:\\\/\\\/fuentesfidedignas.com.mx\\\/#\\\/schema\\\/logo\\\/image\\\/\",\"url\":\"https:\\\/\\\/fuentesfidedignas.com.mx\\\/wp-content\\\/uploads\\\/2021\\\/04\\\/logo-retina.png\",\"contentUrl\":\"https:\\\/\\\/fuentesfidedignas.com.mx\\\/wp-content\\\/uploads\\\/2021\\\/04\\\/logo-retina.png\",\"width\":280,\"height\":51,\"caption\":\"Fuentes Fidedignas\"},\"image\":{\"@id\":\"https:\\\/\\\/fuentesfidedignas.com.mx\\\/#\\\/schema\\\/logo\\\/image\\\/\"},\"sameAs\":[\"https:\\\/\\\/www.facebook.com\\\/Fuentes-Fidedignas-368234489921644\",\"https:\\\/\\\/x.com\\\/fidedignas\"]},{\"@type\":\"Person\",\"@id\":\"https:\\\/\\\/fuentesfidedignas.com.mx\\\/#\\\/schema\\\/person\\\/ec4edd1fbf5efa3e44fce34fe2787780\",\"name\":\"Exc\u00e9lsior\",\"image\":{\"@type\":\"ImageObject\",\"inLanguage\":\"es\",\"@id\":\"https:\\\/\\\/secure.gravatar.com\\\/avatar\\\/4b7ee9206b48be08447852b3f0814dbc7c0f3b51541b164f1464a2725614020b?s=96&d=mm&r=g\",\"url\":\"https:\\\/\\\/secure.gravatar.com\\\/avatar\\\/4b7ee9206b48be08447852b3f0814dbc7c0f3b51541b164f1464a2725614020b?s=96&d=mm&r=g\",\"contentUrl\":\"https:\\\/\\\/secure.gravatar.com\\\/avatar\\\/4b7ee9206b48be08447852b3f0814dbc7c0f3b51541b164f1464a2725614020b?s=96&d=mm&r=g\",\"caption\":\"Exc\u00e9lsior\"},\"url\":\"https:\\\/\\\/fuentesfidedignas.com.mx\\\/index.php\\\/author\\\/excelsior\\\/\"}]}<\/script>\n<!-- \/ Yoast SEO plugin. -->","yoast_head_json":{"title":"Elefante marino \u201cturistea\u201d en playas de Nayarit; \u201cPanchito\u201d sali\u00f3 a tomar el sol | VIDEO - Fuentes Fidedignas","robots":{"index":"index","follow":"follow","max-snippet":"max-snippet:-1","max-image-preview":"max-image-preview:large","max-video-preview":"max-video-preview:-1"},"canonical":"https:\/\/fuentesfidedignas.com.mx\/index.php\/2026\/01\/29\/elefante-marino-turistea-en-playas-de-nayarit-panchito-salio-a-tomar-el-sol-video\/","og_locale":"es_MX","og_type":"article","og_title":"Elefante marino \u201cturistea\u201d en playas de Nayarit; \u201cPanchito\u201d sali\u00f3 a tomar el sol | VIDEO - Fuentes Fidedignas","og_description":"El Elefante Marino del Sur (Mirounga leonina), que caus\u00f3 gran sensaci\u00f3n al aparecer este martes asole\u00e1ndose de lo lindo en la Playa Los Ayala, en Nayarit, es un viejo conocido de bi\u00f3logos mexicanos que le siguen la pista desde 2020, cuando fue observado por primera vez en costas nacionales y bautizado como \u201cPanchito\u201d. Exc\u00e9lsior inform\u00f3 [&hellip;]","og_url":"https:\/\/fuentesfidedignas.com.mx\/index.php\/2026\/01\/29\/elefante-marino-turistea-en-playas-de-nayarit-panchito-salio-a-tomar-el-sol-video\/","og_site_name":"Fuentes Fidedignas","article_publisher":"https:\/\/www.facebook.com\/Fuentes-Fidedignas-368234489921644","article_published_time":"2026-01-29T09:36:00+00:00","article_modified_time":"2026-01-29T13:36:46+00:00","og_image":[{"width":375,"height":249,"url":"https:\/\/fuentesfidedignas.com.mx\/wp-content\/uploads\/2026\/01\/img_1622.jpg","type":"image\/jpeg"}],"author":"Exc\u00e9lsior","twitter_card":"summary_large_image","twitter_creator":"@fidedignas","twitter_site":"@fidedignas","twitter_misc":{"Escrito por":"Exc\u00e9lsior","Tiempo de lectura":"1 minuto"},"schema":{"@context":"https:\/\/schema.org","@graph":[{"@type":"Article","@id":"https:\/\/fuentesfidedignas.com.mx\/index.php\/2026\/01\/29\/elefante-marino-turistea-en-playas-de-nayarit-panchito-salio-a-tomar-el-sol-video\/#article","isPartOf":{"@id":"https:\/\/fuentesfidedignas.com.mx\/index.php\/2026\/01\/29\/elefante-marino-turistea-en-playas-de-nayarit-panchito-salio-a-tomar-el-sol-video\/"},"author":{"name":"Exc\u00e9lsior","@id":"https:\/\/fuentesfidedignas.com.mx\/#\/schema\/person\/ec4edd1fbf5efa3e44fce34fe2787780"},"headline":"Elefante marino \u201cturistea\u201d en playas de Nayarit; \u201cPanchito\u201d sali\u00f3 a tomar el sol | VIDEO","datePublished":"2026-01-29T09:36:00+00:00","dateModified":"2026-01-29T13:36:46+00:00","mainEntityOfPage":{"@id":"https:\/\/fuentesfidedignas.com.mx\/index.php\/2026\/01\/29\/elefante-marino-turistea-en-playas-de-nayarit-panchito-salio-a-tomar-el-sol-video\/"},"wordCount":213,"publisher":{"@id":"https:\/\/fuentesfidedignas.com.mx\/#organization"},"image":{"@id":"https:\/\/fuentesfidedignas.com.mx\/index.php\/2026\/01\/29\/elefante-marino-turistea-en-playas-de-nayarit-panchito-salio-a-tomar-el-sol-video\/#primaryimage"},"thumbnailUrl":"https:\/\/fuentesfidedignas.com.mx\/wp-content\/uploads\/2026\/01\/img_1622.jpg","articleSection":["LAS ASOMBROSAS"],"inLanguage":"es"},{"@type":"WebPage","@id":"https:\/\/fuentesfidedignas.com.mx\/index.php\/2026\/01\/29\/elefante-marino-turistea-en-playas-de-nayarit-panchito-salio-a-tomar-el-sol-video\/","url":"https:\/\/fuentesfidedignas.com.mx\/index.php\/2026\/01\/29\/elefante-marino-turistea-en-playas-de-nayarit-panchito-salio-a-tomar-el-sol-video\/","name":"Elefante marino \u201cturistea\u201d en playas de Nayarit; \u201cPanchito\u201d sali\u00f3 a tomar el sol | VIDEO - Fuentes Fidedignas","isPartOf":{"@id":"https:\/\/fuentesfidedignas.com.mx\/#website"},"primaryImageOfPage":{"@id":"https:\/\/fuentesfidedignas.com.mx\/index.php\/2026\/01\/29\/elefante-marino-turistea-en-playas-de-nayarit-panchito-salio-a-tomar-el-sol-video\/#primaryimage"},"image":{"@id":"https:\/\/fuentesfidedignas.com.mx\/index.php\/2026\/01\/29\/elefante-marino-turistea-en-playas-de-nayarit-panchito-salio-a-tomar-el-sol-video\/#primaryimage"},"thumbnailUrl":"https:\/\/fuentesfidedignas.com.mx\/wp-content\/uploads\/2026\/01\/img_1622.jpg","datePublished":"2026-01-29T09:36:00+00:00","dateModified":"2026-01-29T13:36:46+00:00","breadcrumb":{"@id":"https:\/\/fuentesfidedignas.com.mx\/index.php\/2026\/01\/29\/elefante-marino-turistea-en-playas-de-nayarit-panchito-salio-a-tomar-el-sol-video\/#breadcrumb"},"inLanguage":"es","potentialAction":[{"@type":"ReadAction","target":["https:\/\/fuentesfidedignas.com.mx\/index.php\/2026\/01\/29\/elefante-marino-turistea-en-playas-de-nayarit-panchito-salio-a-tomar-el-sol-video\/"]}]},{"@type":"ImageObject","inLanguage":"es","@id":"https:\/\/fuentesfidedignas.com.mx\/index.php\/2026\/01\/29\/elefante-marino-turistea-en-playas-de-nayarit-panchito-salio-a-tomar-el-sol-video\/#primaryimage","url":"https:\/\/fuentesfidedignas.com.mx\/wp-content\/uploads\/2026\/01\/img_1622.jpg","contentUrl":"https:\/\/fuentesfidedignas.com.mx\/wp-content\/uploads\/2026\/01\/img_1622.jpg","width":375,"height":249},{"@type":"BreadcrumbList","@id":"https:\/\/fuentesfidedignas.com.mx\/index.php\/2026\/01\/29\/elefante-marino-turistea-en-playas-de-nayarit-panchito-salio-a-tomar-el-sol-video\/#breadcrumb","itemListElement":[{"@type":"ListItem","position":1,"name":"Inicio","item":"https:\/\/fuentesfidedignas.com.mx\/"},{"@type":"ListItem","position":2,"name":"Elefante marino \u201cturistea\u201d en playas de Nayarit; \u201cPanchito\u201d sali\u00f3 a tomar el sol | VIDEO"}]},{"@type":"WebSite","@id":"https:\/\/fuentesfidedignas.com.mx\/#website","url":"https:\/\/fuentesfidedignas.com.mx\/","name":"Fuentes Fidedignas","description":"Otro sitio realizado con WordPress","publisher":{"@id":"https:\/\/fuentesfidedignas.com.mx\/#organization"},"potentialAction":[{"@type":"SearchAction","target":{"@type":"EntryPoint","urlTemplate":"https:\/\/fuentesfidedignas.com.mx\/?s={search_term_string}"},"query-input":{"@type":"PropertyValueSpecification","valueRequired":true,"valueName":"search_term_string"}}],"inLanguage":"es"},{"@type":"Organization","@id":"https:\/\/fuentesfidedignas.com.mx\/#organization","name":"Fuentes Fidedignas","url":"https:\/\/fuentesfidedignas.com.mx\/","logo":{"@type":"ImageObject","inLanguage":"es","@id":"https:\/\/fuentesfidedignas.com.mx\/#\/schema\/logo\/image\/","url":"https:\/\/fuentesfidedignas.com.mx\/wp-content\/uploads\/2021\/04\/logo-retina.png","contentUrl":"https:\/\/fuentesfidedignas.com.mx\/wp-content\/uploads\/2021\/04\/logo-retina.png","width":280,"height":51,"caption":"Fuentes Fidedignas"},"image":{"@id":"https:\/\/fuentesfidedignas.com.mx\/#\/schema\/logo\/image\/"},"sameAs":["https:\/\/www.facebook.com\/Fuentes-Fidedignas-368234489921644","https:\/\/x.com\/fidedignas"]},{"@type":"Person","@id":"https:\/\/fuentesfidedignas.com.mx\/#\/schema\/person\/ec4edd1fbf5efa3e44fce34fe2787780","name":"Exc\u00e9lsior","image":{"@type":"ImageObject","inLanguage":"es","@id":"https:\/\/secure.gravatar.com\/avatar\/4b7ee9206b48be08447852b3f0814dbc7c0f3b51541b164f1464a2725614020b?s=96&d=mm&r=g","url":"https:\/\/secure.gravatar.com\/avatar\/4b7ee9206b48be08447852b3f0814dbc7c0f3b51541b164f1464a2725614020b?s=96&d=mm&r=g","contentUrl":"https:\/\/secure.gravatar.com\/avatar\/4b7ee9206b48be08447852b3f0814dbc7c0f3b51541b164f1464a2725614020b?s=96&d=mm&r=g","caption":"Exc\u00e9lsior"},"url":"https:\/\/fuentesfidedignas.com.mx\/index.php\/author\/excelsior\/"}]}},"_links":{"self":[{"href":"https:\/\/fuentesfidedignas.com.mx\/index.php\/wp-json\/wp\/v2\/posts\/126264","targetHints":{"allow":["GET"]}}],"collection":[{"href":"https:\/\/fuentesfidedignas.com.mx\/index.php\/wp-json\/wp\/v2\/posts"}],"about":[{"href":"https:\/\/fuentesfidedignas.com.mx\/index.php\/wp-json\/wp\/v2\/types\/post"}],"author":[{"embeddable":true,"href":"https:\/\/fuentesfidedignas.com.mx\/index.php\/wp-json\/wp\/v2\/users\/7"}],"replies":[{"embeddable":true,"href":"https:\/\/fuentesfidedignas.com.mx\/index.php\/wp-json\/wp\/v2\/comments?post=126264"}],"version-history":[{"count":1,"href":"https:\/\/fuentesfidedignas.com.mx\/index.php\/wp-json\/wp\/v2\/posts\/126264\/revisions"}],"predecessor-version":[{"id":126265,"href":"https:\/\/fuentesfidedignas.com.mx\/index.php\/wp-json\/wp\/v2\/posts\/126264\/revisions\/126265"}],"wp:featuredmedia":[{"embeddable":true,"href":"https:\/\/fuentesfidedignas.com.mx\/index.php\/wp-json\/wp\/v2\/media\/126262"}],"wp:attachment":[{"href":"https:\/\/fuentesfidedignas.com.mx\/index.php\/wp-json\/wp\/v2\/media?parent=126264"}],"wp:term":[{"taxonomy":"category","embeddable":true,"href":"https:\/\/fuentesfidedignas.com.mx\/index.php\/wp-json\/wp\/v2\/categories?post=126264"},{"taxonomy":"post_tag","embeddable":true,"href":"https:\/\/fuentesfidedignas.com.mx\/index.php\/wp-json\/wp\/v2\/tags?post=126264"}],"curies":[{"name":"wp","href":"https:\/\/api.w.org\/{rel}","templated":true}]}}