{"id":126189,"date":"2026-01-27T19:23:39","date_gmt":"2026-01-28T02:23:39","guid":{"rendered":"https:\/\/fuentesfidedignas.com.mx\/?p=126189"},"modified":"2026-01-27T19:30:31","modified_gmt":"2026-01-28T02:30:31","slug":"tiroteo-cerca-de-frontera-de-mexico-eu-deja-una-persona-en-estado-critico-autoridades-investigan","status":"publish","type":"post","link":"https:\/\/fuentesfidedignas.com.mx\/index.php\/2026\/01\/27\/tiroteo-cerca-de-frontera-de-mexico-eu-deja-una-persona-en-estado-critico-autoridades-investigan\/","title":{"rendered":"Tiroteo cerca de la frontera de M\u00e9xico-EU deja una persona en estado cr\u00edtico; autoridades investigan"},"content":{"rendered":"\n<p><em><br><strong>Un tiroteo cerca de la frontera con M\u00e9xico, dej\u00f3 a una persona en estado cr\u00edtico. El FBI y el Sheriff del Condado de Pima investigan el enfrentamiento con la Patrulla Fronteriza.<\/strong><\/em><\/p>\n\n\n\n<p>Las autoridades de Arizona confirmaron que una persona result\u00f3 herida de bala y permanece en estado cr\u00edtico tras un tiroteo en el que participaron agentes de la Patrulla Fronteriza. El hecho ocurri\u00f3 en la comunidad de Arivaca, ubicada a unos 16 kil\u00f3metros de la frontera con M\u00e9xico.<\/p>\n\n\n\n<p>El Departamento del Sheriff del Condado de Pima inform\u00f3 que trabaja en coordinaci\u00f3n con el FBI y el Servicio de Aduanas y Protecci\u00f3n Fronteriza de Estados Unidos para esclarecer lo sucedido.<\/p>\n\n\n\n<p>De acuerdo con el reporte oficial, el&nbsp;<strong>Distrito de Bomberos de Santa Rita<\/strong>&nbsp;respondi\u00f3 al llamado de emergencia y brind\u00f3 atenci\u00f3n inmediata al herido, quien se encontraba bajo custodia. Posteriormente, el paciente fue trasladado en helic\u00f3ptero a un centro regional de trauma para recibir atenci\u00f3n especializada. La investigaci\u00f3n contin\u00faa abierta y las autoridades buscan determinar las circunstancias exactas del enfrentamiento.<\/p>\n\n\n\n<p>El tiroteo en Arivaca se suma a una serie de incidentes registrados en la frontera sur de Estados Unidos, donde los operativos de la Patrulla Fronteriza han generado tensiones entre las comunidades locales y organizaciones defensoras de derechos humanos.<\/p>\n\n\n\n<h2 class=\"wp-block-heading\">Protestas en Min\u00e9apolis<\/h2>\n\n\n\n<p>En paralelo al tiroteo en Arizona, la ciudad de&nbsp;<strong>Min\u00e9apolis<\/strong>&nbsp;fue escenario de protestas masivas contra el ICE. Entre el 23 y el 25 de enero de 2026, miles de ciudadanos marcharon bajo temperaturas extremas para exigir el fin de las redadas migratorias y denunciar la violencia ejercida por las autoridades federales.<\/p>\n\n\n\n<p>La indignaci\u00f3n se desat\u00f3 tras la muerte de&nbsp;<strong>Alex Pretti<\/strong>, un enfermero que recibi\u00f3 disparos durante un operativo del ICE mientras estaba sometido. Este hecho deton\u00f3 vigilias, marchas y la amenaza de una huelga general en la ciudad. Los manifestantes portaron pancartas y corearon mensajes de apoyo a las comunidades migrantes, reclamando que puedan vivir sin miedo y que se respeten sus derechos.<\/p>\n\n\n\n<p>La tensi\u00f3n aument\u00f3 debido a la presencia de ciudadanos armados durante algunas de las protestas, lo que gener\u00f3 preocupaci\u00f3n por posibles enfrentamientos. Sin embargo, la movilizaci\u00f3n fue considerada una de las m\u00e1s grandes en la ciudad en los \u00faltimos a\u00f1os, con negocios cerrando sus puertas en solidaridad y con el objetivo de visibilizar el rechazo a las pol\u00edticas migratorias.<\/p>\n\n\n\n<p><\/p>\n","protected":false},"excerpt":{"rendered":"<p>Un tiroteo cerca de la frontera con M\u00e9xico, dej\u00f3 a una persona en estado cr\u00edtico. El FBI y el Sheriff del Condado de Pima investigan el enfrentamiento con la Patrulla Fronteriza. Las autoridades de Arizona confirmaron que una persona result\u00f3 herida de bala y permanece en estado cr\u00edtico tras un tiroteo en el que participaron [&hellip;]<\/p>\n","protected":false},"author":7,"featured_media":126190,"comment_status":"open","ping_status":"open","sticky":false,"template":"","format":"standard","meta":{"tdm_status":"","tdm_grid_status":"","footnotes":""},"categories":[39],"tags":[],"class_list":{"0":"post-126189","1":"post","2":"type-post","3":"status-publish","4":"format-standard","5":"has-post-thumbnail","7":"category-noticias-nacionales"},"yoast_head":"<!-- This site is optimized with the Yoast SEO plugin v27.5 - https:\/\/yoast.com\/product\/yoast-seo-wordpress\/ -->\n<title>Tiroteo cerca de la frontera de M\u00e9xico-EU deja una persona en estado cr\u00edtico; autoridades investigan - Fuentes Fidedignas<\/title>\n<meta name=\"robots\" content=\"index, follow, max-snippet:-1, max-image-preview:large, max-video-preview:-1\" \/>\n<link rel=\"canonical\" href=\"https:\/\/fuentesfidedignas.com.mx\/index.php\/2026\/01\/27\/tiroteo-cerca-de-frontera-de-mexico-eu-deja-una-persona-en-estado-critico-autoridades-investigan\/\" \/>\n<meta property=\"og:locale\" content=\"es_MX\" \/>\n<meta property=\"og:type\" content=\"article\" \/>\n<meta property=\"og:title\" content=\"Tiroteo cerca de la frontera de M\u00e9xico-EU deja una persona en estado cr\u00edtico; autoridades investigan - Fuentes Fidedignas\" \/>\n<meta property=\"og:description\" content=\"Un tiroteo cerca de la frontera con M\u00e9xico, dej\u00f3 a una persona en estado cr\u00edtico. El FBI y el Sheriff del Condado de Pima investigan el enfrentamiento con la Patrulla Fronteriza. Las autoridades de Arizona confirmaron que una persona result\u00f3 herida de bala y permanece en estado cr\u00edtico tras un tiroteo en el que participaron [&hellip;]\" \/>\n<meta property=\"og:url\" content=\"https:\/\/fuentesfidedignas.com.mx\/index.php\/2026\/01\/27\/tiroteo-cerca-de-frontera-de-mexico-eu-deja-una-persona-en-estado-critico-autoridades-investigan\/\" \/>\n<meta property=\"og:site_name\" content=\"Fuentes Fidedignas\" \/>\n<meta property=\"article:publisher\" content=\"https:\/\/www.facebook.com\/Fuentes-Fidedignas-368234489921644\" \/>\n<meta property=\"article:published_time\" content=\"2026-01-28T02:23:39+00:00\" \/>\n<meta property=\"article:modified_time\" content=\"2026-01-28T02:30:31+00:00\" \/>\n<meta property=\"og:image\" content=\"https:\/\/fuentesfidedignas.com.mx\/wp-content\/uploads\/2026\/01\/697926547e5e5.jpeg\" \/>\n\t<meta property=\"og:image:width\" content=\"813\" \/>\n\t<meta property=\"og:image:height\" content=\"542\" \/>\n\t<meta property=\"og:image:type\" content=\"image\/jpeg\" \/>\n<meta name=\"author\" content=\"Exc\u00e9lsior\" \/>\n<meta name=\"twitter:card\" content=\"summary_large_image\" \/>\n<meta name=\"twitter:creator\" content=\"@fidedignas\" \/>\n<meta name=\"twitter:site\" content=\"@fidedignas\" \/>\n<meta name=\"twitter:label1\" content=\"Escrito por\" \/>\n\t<meta name=\"twitter:data1\" content=\"Exc\u00e9lsior\" \/>\n\t<meta name=\"twitter:label2\" content=\"Tiempo de lectura\" \/>\n\t<meta name=\"twitter:data2\" content=\"2 minutos\" \/>\n<script type=\"application\/ld+json\" class=\"yoast-schema-graph\">{\"@context\":\"https:\\\/\\\/schema.org\",\"@graph\":[{\"@type\":\"Article\",\"@id\":\"https:\\\/\\\/fuentesfidedignas.com.mx\\\/index.php\\\/2026\\\/01\\\/27\\\/tiroteo-cerca-de-frontera-de-mexico-eu-deja-una-persona-en-estado-critico-autoridades-investigan\\\/#article\",\"isPartOf\":{\"@id\":\"https:\\\/\\\/fuentesfidedignas.com.mx\\\/index.php\\\/2026\\\/01\\\/27\\\/tiroteo-cerca-de-frontera-de-mexico-eu-deja-una-persona-en-estado-critico-autoridades-investigan\\\/\"},\"author\":{\"name\":\"Exc\u00e9lsior\",\"@id\":\"https:\\\/\\\/fuentesfidedignas.com.mx\\\/#\\\/schema\\\/person\\\/ec4edd1fbf5efa3e44fce34fe2787780\"},\"headline\":\"Tiroteo cerca de la frontera de M\u00e9xico-EU deja una persona en estado cr\u00edtico; autoridades investigan\",\"datePublished\":\"2026-01-28T02:23:39+00:00\",\"dateModified\":\"2026-01-28T02:30:31+00:00\",\"mainEntityOfPage\":{\"@id\":\"https:\\\/\\\/fuentesfidedignas.com.mx\\\/index.php\\\/2026\\\/01\\\/27\\\/tiroteo-cerca-de-frontera-de-mexico-eu-deja-una-persona-en-estado-critico-autoridades-investigan\\\/\"},\"wordCount\":424,\"commentCount\":0,\"publisher\":{\"@id\":\"https:\\\/\\\/fuentesfidedignas.com.mx\\\/#organization\"},\"image\":{\"@id\":\"https:\\\/\\\/fuentesfidedignas.com.mx\\\/index.php\\\/2026\\\/01\\\/27\\\/tiroteo-cerca-de-frontera-de-mexico-eu-deja-una-persona-en-estado-critico-autoridades-investigan\\\/#primaryimage\"},\"thumbnailUrl\":\"https:\\\/\\\/fuentesfidedignas.com.mx\\\/wp-content\\\/uploads\\\/2026\\\/01\\\/697926547e5e5.jpeg\",\"articleSection\":[\"NOTICIAS NACIONALES\"],\"inLanguage\":\"es\",\"potentialAction\":[{\"@type\":\"CommentAction\",\"name\":\"Comment\",\"target\":[\"https:\\\/\\\/fuentesfidedignas.com.mx\\\/index.php\\\/2026\\\/01\\\/27\\\/tiroteo-cerca-de-frontera-de-mexico-eu-deja-una-persona-en-estado-critico-autoridades-investigan\\\/#respond\"]}]},{\"@type\":\"WebPage\",\"@id\":\"https:\\\/\\\/fuentesfidedignas.com.mx\\\/index.php\\\/2026\\\/01\\\/27\\\/tiroteo-cerca-de-frontera-de-mexico-eu-deja-una-persona-en-estado-critico-autoridades-investigan\\\/\",\"url\":\"https:\\\/\\\/fuentesfidedignas.com.mx\\\/index.php\\\/2026\\\/01\\\/27\\\/tiroteo-cerca-de-frontera-de-mexico-eu-deja-una-persona-en-estado-critico-autoridades-investigan\\\/\",\"name\":\"Tiroteo cerca de la frontera de M\u00e9xico-EU deja una persona en estado cr\u00edtico; autoridades investigan - Fuentes Fidedignas\",\"isPartOf\":{\"@id\":\"https:\\\/\\\/fuentesfidedignas.com.mx\\\/#website\"},\"primaryImageOfPage\":{\"@id\":\"https:\\\/\\\/fuentesfidedignas.com.mx\\\/index.php\\\/2026\\\/01\\\/27\\\/tiroteo-cerca-de-frontera-de-mexico-eu-deja-una-persona-en-estado-critico-autoridades-investigan\\\/#primaryimage\"},\"image\":{\"@id\":\"https:\\\/\\\/fuentesfidedignas.com.mx\\\/index.php\\\/2026\\\/01\\\/27\\\/tiroteo-cerca-de-frontera-de-mexico-eu-deja-una-persona-en-estado-critico-autoridades-investigan\\\/#primaryimage\"},\"thumbnailUrl\":\"https:\\\/\\\/fuentesfidedignas.com.mx\\\/wp-content\\\/uploads\\\/2026\\\/01\\\/697926547e5e5.jpeg\",\"datePublished\":\"2026-01-28T02:23:39+00:00\",\"dateModified\":\"2026-01-28T02:30:31+00:00\",\"breadcrumb\":{\"@id\":\"https:\\\/\\\/fuentesfidedignas.com.mx\\\/index.php\\\/2026\\\/01\\\/27\\\/tiroteo-cerca-de-frontera-de-mexico-eu-deja-una-persona-en-estado-critico-autoridades-investigan\\\/#breadcrumb\"},\"inLanguage\":\"es\",\"potentialAction\":[{\"@type\":\"ReadAction\",\"target\":[\"https:\\\/\\\/fuentesfidedignas.com.mx\\\/index.php\\\/2026\\\/01\\\/27\\\/tiroteo-cerca-de-frontera-de-mexico-eu-deja-una-persona-en-estado-critico-autoridades-investigan\\\/\"]}]},{\"@type\":\"ImageObject\",\"inLanguage\":\"es\",\"@id\":\"https:\\\/\\\/fuentesfidedignas.com.mx\\\/index.php\\\/2026\\\/01\\\/27\\\/tiroteo-cerca-de-frontera-de-mexico-eu-deja-una-persona-en-estado-critico-autoridades-investigan\\\/#primaryimage\",\"url\":\"https:\\\/\\\/fuentesfidedignas.com.mx\\\/wp-content\\\/uploads\\\/2026\\\/01\\\/697926547e5e5.jpeg\",\"contentUrl\":\"https:\\\/\\\/fuentesfidedignas.com.mx\\\/wp-content\\\/uploads\\\/2026\\\/01\\\/697926547e5e5.jpeg\",\"width\":813,\"height\":542},{\"@type\":\"BreadcrumbList\",\"@id\":\"https:\\\/\\\/fuentesfidedignas.com.mx\\\/index.php\\\/2026\\\/01\\\/27\\\/tiroteo-cerca-de-frontera-de-mexico-eu-deja-una-persona-en-estado-critico-autoridades-investigan\\\/#breadcrumb\",\"itemListElement\":[{\"@type\":\"ListItem\",\"position\":1,\"name\":\"Inicio\",\"item\":\"https:\\\/\\\/fuentesfidedignas.com.mx\\\/\"},{\"@type\":\"ListItem\",\"position\":2,\"name\":\"Tiroteo cerca de la frontera de M\u00e9xico-EU deja una persona en estado cr\u00edtico; autoridades investigan\"}]},{\"@type\":\"WebSite\",\"@id\":\"https:\\\/\\\/fuentesfidedignas.com.mx\\\/#website\",\"url\":\"https:\\\/\\\/fuentesfidedignas.com.mx\\\/\",\"name\":\"Fuentes Fidedignas\",\"description\":\"Otro sitio realizado con WordPress\",\"publisher\":{\"@id\":\"https:\\\/\\\/fuentesfidedignas.com.mx\\\/#organization\"},\"potentialAction\":[{\"@type\":\"SearchAction\",\"target\":{\"@type\":\"EntryPoint\",\"urlTemplate\":\"https:\\\/\\\/fuentesfidedignas.com.mx\\\/?s={search_term_string}\"},\"query-input\":{\"@type\":\"PropertyValueSpecification\",\"valueRequired\":true,\"valueName\":\"search_term_string\"}}],\"inLanguage\":\"es\"},{\"@type\":\"Organization\",\"@id\":\"https:\\\/\\\/fuentesfidedignas.com.mx\\\/#organization\",\"name\":\"Fuentes Fidedignas\",\"url\":\"https:\\\/\\\/fuentesfidedignas.com.mx\\\/\",\"logo\":{\"@type\":\"ImageObject\",\"inLanguage\":\"es\",\"@id\":\"https:\\\/\\\/fuentesfidedignas.com.mx\\\/#\\\/schema\\\/logo\\\/image\\\/\",\"url\":\"https:\\\/\\\/fuentesfidedignas.com.mx\\\/wp-content\\\/uploads\\\/2021\\\/04\\\/logo-retina.png\",\"contentUrl\":\"https:\\\/\\\/fuentesfidedignas.com.mx\\\/wp-content\\\/uploads\\\/2021\\\/04\\\/logo-retina.png\",\"width\":280,\"height\":51,\"caption\":\"Fuentes Fidedignas\"},\"image\":{\"@id\":\"https:\\\/\\\/fuentesfidedignas.com.mx\\\/#\\\/schema\\\/logo\\\/image\\\/\"},\"sameAs\":[\"https:\\\/\\\/www.facebook.com\\\/Fuentes-Fidedignas-368234489921644\",\"https:\\\/\\\/x.com\\\/fidedignas\"]},{\"@type\":\"Person\",\"@id\":\"https:\\\/\\\/fuentesfidedignas.com.mx\\\/#\\\/schema\\\/person\\\/ec4edd1fbf5efa3e44fce34fe2787780\",\"name\":\"Exc\u00e9lsior\",\"image\":{\"@type\":\"ImageObject\",\"inLanguage\":\"es\",\"@id\":\"https:\\\/\\\/secure.gravatar.com\\\/avatar\\\/4b7ee9206b48be08447852b3f0814dbc7c0f3b51541b164f1464a2725614020b?s=96&d=mm&r=g\",\"url\":\"https:\\\/\\\/secure.gravatar.com\\\/avatar\\\/4b7ee9206b48be08447852b3f0814dbc7c0f3b51541b164f1464a2725614020b?s=96&d=mm&r=g\",\"contentUrl\":\"https:\\\/\\\/secure.gravatar.com\\\/avatar\\\/4b7ee9206b48be08447852b3f0814dbc7c0f3b51541b164f1464a2725614020b?s=96&d=mm&r=g\",\"caption\":\"Exc\u00e9lsior\"},\"url\":\"https:\\\/\\\/fuentesfidedignas.com.mx\\\/index.php\\\/author\\\/excelsior\\\/\"}]}<\/script>\n<!-- \/ Yoast SEO plugin. -->","yoast_head_json":{"title":"Tiroteo cerca de la frontera de M\u00e9xico-EU deja una persona en estado cr\u00edtico; autoridades investigan - Fuentes Fidedignas","robots":{"index":"index","follow":"follow","max-snippet":"max-snippet:-1","max-image-preview":"max-image-preview:large","max-video-preview":"max-video-preview:-1"},"canonical":"https:\/\/fuentesfidedignas.com.mx\/index.php\/2026\/01\/27\/tiroteo-cerca-de-frontera-de-mexico-eu-deja-una-persona-en-estado-critico-autoridades-investigan\/","og_locale":"es_MX","og_type":"article","og_title":"Tiroteo cerca de la frontera de M\u00e9xico-EU deja una persona en estado cr\u00edtico; autoridades investigan - Fuentes Fidedignas","og_description":"Un tiroteo cerca de la frontera con M\u00e9xico, dej\u00f3 a una persona en estado cr\u00edtico. El FBI y el Sheriff del Condado de Pima investigan el enfrentamiento con la Patrulla Fronteriza. Las autoridades de Arizona confirmaron que una persona result\u00f3 herida de bala y permanece en estado cr\u00edtico tras un tiroteo en el que participaron [&hellip;]","og_url":"https:\/\/fuentesfidedignas.com.mx\/index.php\/2026\/01\/27\/tiroteo-cerca-de-frontera-de-mexico-eu-deja-una-persona-en-estado-critico-autoridades-investigan\/","og_site_name":"Fuentes Fidedignas","article_publisher":"https:\/\/www.facebook.com\/Fuentes-Fidedignas-368234489921644","article_published_time":"2026-01-28T02:23:39+00:00","article_modified_time":"2026-01-28T02:30:31+00:00","og_image":[{"width":813,"height":542,"url":"https:\/\/fuentesfidedignas.com.mx\/wp-content\/uploads\/2026\/01\/697926547e5e5.jpeg","type":"image\/jpeg"}],"author":"Exc\u00e9lsior","twitter_card":"summary_large_image","twitter_creator":"@fidedignas","twitter_site":"@fidedignas","twitter_misc":{"Escrito por":"Exc\u00e9lsior","Tiempo de lectura":"2 minutos"},"schema":{"@context":"https:\/\/schema.org","@graph":[{"@type":"Article","@id":"https:\/\/fuentesfidedignas.com.mx\/index.php\/2026\/01\/27\/tiroteo-cerca-de-frontera-de-mexico-eu-deja-una-persona-en-estado-critico-autoridades-investigan\/#article","isPartOf":{"@id":"https:\/\/fuentesfidedignas.com.mx\/index.php\/2026\/01\/27\/tiroteo-cerca-de-frontera-de-mexico-eu-deja-una-persona-en-estado-critico-autoridades-investigan\/"},"author":{"name":"Exc\u00e9lsior","@id":"https:\/\/fuentesfidedignas.com.mx\/#\/schema\/person\/ec4edd1fbf5efa3e44fce34fe2787780"},"headline":"Tiroteo cerca de la frontera de M\u00e9xico-EU deja una persona en estado cr\u00edtico; autoridades investigan","datePublished":"2026-01-28T02:23:39+00:00","dateModified":"2026-01-28T02:30:31+00:00","mainEntityOfPage":{"@id":"https:\/\/fuentesfidedignas.com.mx\/index.php\/2026\/01\/27\/tiroteo-cerca-de-frontera-de-mexico-eu-deja-una-persona-en-estado-critico-autoridades-investigan\/"},"wordCount":424,"commentCount":0,"publisher":{"@id":"https:\/\/fuentesfidedignas.com.mx\/#organization"},"image":{"@id":"https:\/\/fuentesfidedignas.com.mx\/index.php\/2026\/01\/27\/tiroteo-cerca-de-frontera-de-mexico-eu-deja-una-persona-en-estado-critico-autoridades-investigan\/#primaryimage"},"thumbnailUrl":"https:\/\/fuentesfidedignas.com.mx\/wp-content\/uploads\/2026\/01\/697926547e5e5.jpeg","articleSection":["NOTICIAS NACIONALES"],"inLanguage":"es","potentialAction":[{"@type":"CommentAction","name":"Comment","target":["https:\/\/fuentesfidedignas.com.mx\/index.php\/2026\/01\/27\/tiroteo-cerca-de-frontera-de-mexico-eu-deja-una-persona-en-estado-critico-autoridades-investigan\/#respond"]}]},{"@type":"WebPage","@id":"https:\/\/fuentesfidedignas.com.mx\/index.php\/2026\/01\/27\/tiroteo-cerca-de-frontera-de-mexico-eu-deja-una-persona-en-estado-critico-autoridades-investigan\/","url":"https:\/\/fuentesfidedignas.com.mx\/index.php\/2026\/01\/27\/tiroteo-cerca-de-frontera-de-mexico-eu-deja-una-persona-en-estado-critico-autoridades-investigan\/","name":"Tiroteo cerca de la frontera de M\u00e9xico-EU deja una persona en estado cr\u00edtico; autoridades investigan - Fuentes Fidedignas","isPartOf":{"@id":"https:\/\/fuentesfidedignas.com.mx\/#website"},"primaryImageOfPage":{"@id":"https:\/\/fuentesfidedignas.com.mx\/index.php\/2026\/01\/27\/tiroteo-cerca-de-frontera-de-mexico-eu-deja-una-persona-en-estado-critico-autoridades-investigan\/#primaryimage"},"image":{"@id":"https:\/\/fuentesfidedignas.com.mx\/index.php\/2026\/01\/27\/tiroteo-cerca-de-frontera-de-mexico-eu-deja-una-persona-en-estado-critico-autoridades-investigan\/#primaryimage"},"thumbnailUrl":"https:\/\/fuentesfidedignas.com.mx\/wp-content\/uploads\/2026\/01\/697926547e5e5.jpeg","datePublished":"2026-01-28T02:23:39+00:00","dateModified":"2026-01-28T02:30:31+00:00","breadcrumb":{"@id":"https:\/\/fuentesfidedignas.com.mx\/index.php\/2026\/01\/27\/tiroteo-cerca-de-frontera-de-mexico-eu-deja-una-persona-en-estado-critico-autoridades-investigan\/#breadcrumb"},"inLanguage":"es","potentialAction":[{"@type":"ReadAction","target":["https:\/\/fuentesfidedignas.com.mx\/index.php\/2026\/01\/27\/tiroteo-cerca-de-frontera-de-mexico-eu-deja-una-persona-en-estado-critico-autoridades-investigan\/"]}]},{"@type":"ImageObject","inLanguage":"es","@id":"https:\/\/fuentesfidedignas.com.mx\/index.php\/2026\/01\/27\/tiroteo-cerca-de-frontera-de-mexico-eu-deja-una-persona-en-estado-critico-autoridades-investigan\/#primaryimage","url":"https:\/\/fuentesfidedignas.com.mx\/wp-content\/uploads\/2026\/01\/697926547e5e5.jpeg","contentUrl":"https:\/\/fuentesfidedignas.com.mx\/wp-content\/uploads\/2026\/01\/697926547e5e5.jpeg","width":813,"height":542},{"@type":"BreadcrumbList","@id":"https:\/\/fuentesfidedignas.com.mx\/index.php\/2026\/01\/27\/tiroteo-cerca-de-frontera-de-mexico-eu-deja-una-persona-en-estado-critico-autoridades-investigan\/#breadcrumb","itemListElement":[{"@type":"ListItem","position":1,"name":"Inicio","item":"https:\/\/fuentesfidedignas.com.mx\/"},{"@type":"ListItem","position":2,"name":"Tiroteo cerca de la frontera de M\u00e9xico-EU deja una persona en estado cr\u00edtico; autoridades investigan"}]},{"@type":"WebSite","@id":"https:\/\/fuentesfidedignas.com.mx\/#website","url":"https:\/\/fuentesfidedignas.com.mx\/","name":"Fuentes Fidedignas","description":"Otro sitio realizado con WordPress","publisher":{"@id":"https:\/\/fuentesfidedignas.com.mx\/#organization"},"potentialAction":[{"@type":"SearchAction","target":{"@type":"EntryPoint","urlTemplate":"https:\/\/fuentesfidedignas.com.mx\/?s={search_term_string}"},"query-input":{"@type":"PropertyValueSpecification","valueRequired":true,"valueName":"search_term_string"}}],"inLanguage":"es"},{"@type":"Organization","@id":"https:\/\/fuentesfidedignas.com.mx\/#organization","name":"Fuentes Fidedignas","url":"https:\/\/fuentesfidedignas.com.mx\/","logo":{"@type":"ImageObject","inLanguage":"es","@id":"https:\/\/fuentesfidedignas.com.mx\/#\/schema\/logo\/image\/","url":"https:\/\/fuentesfidedignas.com.mx\/wp-content\/uploads\/2021\/04\/logo-retina.png","contentUrl":"https:\/\/fuentesfidedignas.com.mx\/wp-content\/uploads\/2021\/04\/logo-retina.png","width":280,"height":51,"caption":"Fuentes Fidedignas"},"image":{"@id":"https:\/\/fuentesfidedignas.com.mx\/#\/schema\/logo\/image\/"},"sameAs":["https:\/\/www.facebook.com\/Fuentes-Fidedignas-368234489921644","https:\/\/x.com\/fidedignas"]},{"@type":"Person","@id":"https:\/\/fuentesfidedignas.com.mx\/#\/schema\/person\/ec4edd1fbf5efa3e44fce34fe2787780","name":"Exc\u00e9lsior","image":{"@type":"ImageObject","inLanguage":"es","@id":"https:\/\/secure.gravatar.com\/avatar\/4b7ee9206b48be08447852b3f0814dbc7c0f3b51541b164f1464a2725614020b?s=96&d=mm&r=g","url":"https:\/\/secure.gravatar.com\/avatar\/4b7ee9206b48be08447852b3f0814dbc7c0f3b51541b164f1464a2725614020b?s=96&d=mm&r=g","contentUrl":"https:\/\/secure.gravatar.com\/avatar\/4b7ee9206b48be08447852b3f0814dbc7c0f3b51541b164f1464a2725614020b?s=96&d=mm&r=g","caption":"Exc\u00e9lsior"},"url":"https:\/\/fuentesfidedignas.com.mx\/index.php\/author\/excelsior\/"}]}},"_links":{"self":[{"href":"https:\/\/fuentesfidedignas.com.mx\/index.php\/wp-json\/wp\/v2\/posts\/126189","targetHints":{"allow":["GET"]}}],"collection":[{"href":"https:\/\/fuentesfidedignas.com.mx\/index.php\/wp-json\/wp\/v2\/posts"}],"about":[{"href":"https:\/\/fuentesfidedignas.com.mx\/index.php\/wp-json\/wp\/v2\/types\/post"}],"author":[{"embeddable":true,"href":"https:\/\/fuentesfidedignas.com.mx\/index.php\/wp-json\/wp\/v2\/users\/7"}],"replies":[{"embeddable":true,"href":"https:\/\/fuentesfidedignas.com.mx\/index.php\/wp-json\/wp\/v2\/comments?post=126189"}],"version-history":[{"count":1,"href":"https:\/\/fuentesfidedignas.com.mx\/index.php\/wp-json\/wp\/v2\/posts\/126189\/revisions"}],"predecessor-version":[{"id":126191,"href":"https:\/\/fuentesfidedignas.com.mx\/index.php\/wp-json\/wp\/v2\/posts\/126189\/revisions\/126191"}],"wp:featuredmedia":[{"embeddable":true,"href":"https:\/\/fuentesfidedignas.com.mx\/index.php\/wp-json\/wp\/v2\/media\/126190"}],"wp:attachment":[{"href":"https:\/\/fuentesfidedignas.com.mx\/index.php\/wp-json\/wp\/v2\/media?parent=126189"}],"wp:term":[{"taxonomy":"category","embeddable":true,"href":"https:\/\/fuentesfidedignas.com.mx\/index.php\/wp-json\/wp\/v2\/categories?post=126189"},{"taxonomy":"post_tag","embeddable":true,"href":"https:\/\/fuentesfidedignas.com.mx\/index.php\/wp-json\/wp\/v2\/tags?post=126189"}],"curies":[{"name":"wp","href":"https:\/\/api.w.org\/{rel}","templated":true}]}}