{"id":126161,"date":"2026-01-28T03:25:00","date_gmt":"2026-01-28T10:25:00","guid":{"rendered":"https:\/\/fuentesfidedignas.com.mx\/?p=126161"},"modified":"2026-01-27T15:28:38","modified_gmt":"2026-01-27T22:28:38","slug":"todo-mal-sujeto-intento-quemar-local-para-extorsionar-y-termino-envuelto-en-llamas-video","status":"publish","type":"post","link":"https:\/\/fuentesfidedignas.com.mx\/index.php\/2026\/01\/28\/todo-mal-sujeto-intento-quemar-local-para-extorsionar-y-termino-envuelto-en-llamas-video\/","title":{"rendered":"\u00a1Todo mal! Sujeto intent\u00f3 quemar local para extorsionar y termin\u00f3 envuelto en llamas | VIDEO"},"content":{"rendered":"\n<p><strong><em><br>Por medio de un video se puede ver como un delincuente intent\u00f3 incendiar un local comercial dedicado a la venta de motocicletas, pero termin\u00f3 prendi\u00e9ndose fuego \u00e9l mismo.<\/em><\/strong><\/p>\n\n\n\n<p>Un frustrado ataque a un local termin\u00f3 mal para un presunto delincuente, quien pretend\u00eda amedrentar a los due\u00f1os del establecimiento prendiendo fuego al mismo, sin saber lo que el destino le tendr\u00eda deparado.<\/p>\n\n\n\n<p>El hecho qued\u00f3 grabado en video por c\u00e1maras de seguridad, cuyo material fue difundido en redes sociales, donde r\u00e1pidamente se hizo viral el acontecimiento desatando todo tipo de comentarios sobre lo sucedido.<\/p>\n\n\n\n<figure class=\"wp-block-embed is-type-video is-provider-youtube wp-block-embed-youtube wp-embed-aspect-16-9 wp-has-aspect-ratio\"><div class=\"wp-block-embed__wrapper\">\n<div class=\"youtube-embed\" data-video_id=\"ZB4OoWcfQ_Y\"><iframe loading=\"lazy\" title=\"Intent\u00f3 quemar un local de motocicletas y el fuego se le sali\u00f3 de control\" width=\"696\" height=\"392\" src=\"https:\/\/www.youtube.com\/embed\/ZB4OoWcfQ_Y?feature=oembed&#038;enablejsapi=1\" frameborder=\"0\" allow=\"accelerometer; autoplay; clipboard-write; encrypted-media; gyroscope; picture-in-picture; web-share\" referrerpolicy=\"strict-origin-when-cross-origin\" allowfullscreen><\/iframe><\/div>\n<\/div><\/figure>\n\n\n\n<p>\u00bfEn qu\u00e9 parte de M\u00e9xico fue?<\/p>\n\n\n\n<p>Aunque el caso puede sonar que ocurri\u00f3 en M\u00e9xico no fue as\u00ed, pues esta situaci\u00f3n se present\u00f3 en Cusco, Per\u00fa, donde por medio del material de video se puede ver como un delincuente intent\u00f3 incendiar un local comercial dedicado a la venta de motocicletas, pero termin\u00f3 prendi\u00e9ndose fuego a s\u00ed mismo y a la unidad que conduc\u00eda mientras escapaba del lugar.<\/p>\n\n\n\n<p>Sobre el d\u00eda y la hora en que se dio el incidente, se sabe que \u00e9ste se present\u00f3 alrededor de las 03:30 horas del pasado viernes, cuando el hombre desconocido lleg\u00f3 a bordo de una motocicleta hasta una tienda ubicada en la calle Huayna C\u00e1pac 146.<\/p>\n","protected":false},"excerpt":{"rendered":"<p>Por medio de un video se puede ver como un delincuente intent\u00f3 incendiar un local comercial dedicado a la venta de motocicletas, pero termin\u00f3 prendi\u00e9ndose fuego \u00e9l mismo. Un frustrado ataque a un local termin\u00f3 mal para un presunto delincuente, quien pretend\u00eda amedrentar a los due\u00f1os del establecimiento prendiendo fuego al mismo, sin saber lo [&hellip;]<\/p>\n","protected":false},"author":7,"featured_media":126162,"comment_status":"open","ping_status":"open","sticky":false,"template":"","format":"standard","meta":{"tdm_status":"","tdm_grid_status":"","footnotes":""},"categories":[40],"tags":[],"class_list":{"0":"post-126161","1":"post","2":"type-post","3":"status-publish","4":"format-standard","5":"has-post-thumbnail","7":"category-las-asombrosas"},"yoast_head":"<!-- This site is optimized with the Yoast SEO plugin v27.4 - https:\/\/yoast.com\/product\/yoast-seo-wordpress\/ -->\n<title>\u00a1Todo mal! Sujeto intent\u00f3 quemar local para extorsionar y termin\u00f3 envuelto en llamas | VIDEO - Fuentes Fidedignas<\/title>\n<meta name=\"robots\" content=\"index, follow, max-snippet:-1, max-image-preview:large, max-video-preview:-1\" \/>\n<link rel=\"canonical\" href=\"https:\/\/fuentesfidedignas.com.mx\/index.php\/2026\/01\/28\/todo-mal-sujeto-intento-quemar-local-para-extorsionar-y-termino-envuelto-en-llamas-video\/\" \/>\n<meta property=\"og:locale\" content=\"es_MX\" \/>\n<meta property=\"og:type\" content=\"article\" \/>\n<meta property=\"og:title\" content=\"\u00a1Todo mal! Sujeto intent\u00f3 quemar local para extorsionar y termin\u00f3 envuelto en llamas | VIDEO - Fuentes Fidedignas\" \/>\n<meta property=\"og:description\" content=\"Por medio de un video se puede ver como un delincuente intent\u00f3 incendiar un local comercial dedicado a la venta de motocicletas, pero termin\u00f3 prendi\u00e9ndose fuego \u00e9l mismo. Un frustrado ataque a un local termin\u00f3 mal para un presunto delincuente, quien pretend\u00eda amedrentar a los due\u00f1os del establecimiento prendiendo fuego al mismo, sin saber lo [&hellip;]\" \/>\n<meta property=\"og:url\" content=\"https:\/\/fuentesfidedignas.com.mx\/index.php\/2026\/01\/28\/todo-mal-sujeto-intento-quemar-local-para-extorsionar-y-termino-envuelto-en-llamas-video\/\" \/>\n<meta property=\"og:site_name\" content=\"Fuentes Fidedignas\" \/>\n<meta property=\"article:publisher\" content=\"https:\/\/www.facebook.com\/Fuentes-Fidedignas-368234489921644\" \/>\n<meta property=\"article:published_time\" content=\"2026-01-28T10:25:00+00:00\" \/>\n<meta property=\"og:image\" content=\"https:\/\/fuentesfidedignas.com.mx\/wp-content\/uploads\/2026\/01\/6977c924f06ce.jpeg\" \/>\n\t<meta property=\"og:image:width\" content=\"813\" \/>\n\t<meta property=\"og:image:height\" content=\"542\" \/>\n\t<meta property=\"og:image:type\" content=\"image\/jpeg\" \/>\n<meta name=\"author\" content=\"Exc\u00e9lsior\" \/>\n<meta name=\"twitter:card\" content=\"summary_large_image\" \/>\n<meta name=\"twitter:creator\" content=\"@fidedignas\" \/>\n<meta name=\"twitter:site\" content=\"@fidedignas\" \/>\n<meta name=\"twitter:label1\" content=\"Escrito por\" \/>\n\t<meta name=\"twitter:data1\" content=\"Exc\u00e9lsior\" \/>\n\t<meta name=\"twitter:label2\" content=\"Tiempo de lectura\" \/>\n\t<meta name=\"twitter:data2\" content=\"2 minutos\" \/>\n<script type=\"application\/ld+json\" class=\"yoast-schema-graph\">{\"@context\":\"https:\\\/\\\/schema.org\",\"@graph\":[{\"@type\":\"Article\",\"@id\":\"https:\\\/\\\/fuentesfidedignas.com.mx\\\/index.php\\\/2026\\\/01\\\/28\\\/todo-mal-sujeto-intento-quemar-local-para-extorsionar-y-termino-envuelto-en-llamas-video\\\/#article\",\"isPartOf\":{\"@id\":\"https:\\\/\\\/fuentesfidedignas.com.mx\\\/index.php\\\/2026\\\/01\\\/28\\\/todo-mal-sujeto-intento-quemar-local-para-extorsionar-y-termino-envuelto-en-llamas-video\\\/\"},\"author\":{\"name\":\"Exc\u00e9lsior\",\"@id\":\"https:\\\/\\\/fuentesfidedignas.com.mx\\\/#\\\/schema\\\/person\\\/ec4edd1fbf5efa3e44fce34fe2787780\"},\"headline\":\"\u00a1Todo mal! Sujeto intent\u00f3 quemar local para extorsionar y termin\u00f3 envuelto en llamas | VIDEO\",\"datePublished\":\"2026-01-28T10:25:00+00:00\",\"mainEntityOfPage\":{\"@id\":\"https:\\\/\\\/fuentesfidedignas.com.mx\\\/index.php\\\/2026\\\/01\\\/28\\\/todo-mal-sujeto-intento-quemar-local-para-extorsionar-y-termino-envuelto-en-llamas-video\\\/\"},\"wordCount\":240,\"commentCount\":0,\"publisher\":{\"@id\":\"https:\\\/\\\/fuentesfidedignas.com.mx\\\/#organization\"},\"image\":{\"@id\":\"https:\\\/\\\/fuentesfidedignas.com.mx\\\/index.php\\\/2026\\\/01\\\/28\\\/todo-mal-sujeto-intento-quemar-local-para-extorsionar-y-termino-envuelto-en-llamas-video\\\/#primaryimage\"},\"thumbnailUrl\":\"https:\\\/\\\/fuentesfidedignas.com.mx\\\/wp-content\\\/uploads\\\/2026\\\/01\\\/6977c924f06ce.jpeg\",\"articleSection\":[\"LAS ASOMBROSAS\"],\"inLanguage\":\"es\",\"potentialAction\":[{\"@type\":\"CommentAction\",\"name\":\"Comment\",\"target\":[\"https:\\\/\\\/fuentesfidedignas.com.mx\\\/index.php\\\/2026\\\/01\\\/28\\\/todo-mal-sujeto-intento-quemar-local-para-extorsionar-y-termino-envuelto-en-llamas-video\\\/#respond\"]}]},{\"@type\":\"WebPage\",\"@id\":\"https:\\\/\\\/fuentesfidedignas.com.mx\\\/index.php\\\/2026\\\/01\\\/28\\\/todo-mal-sujeto-intento-quemar-local-para-extorsionar-y-termino-envuelto-en-llamas-video\\\/\",\"url\":\"https:\\\/\\\/fuentesfidedignas.com.mx\\\/index.php\\\/2026\\\/01\\\/28\\\/todo-mal-sujeto-intento-quemar-local-para-extorsionar-y-termino-envuelto-en-llamas-video\\\/\",\"name\":\"\u00a1Todo mal! Sujeto intent\u00f3 quemar local para extorsionar y termin\u00f3 envuelto en llamas | VIDEO - Fuentes Fidedignas\",\"isPartOf\":{\"@id\":\"https:\\\/\\\/fuentesfidedignas.com.mx\\\/#website\"},\"primaryImageOfPage\":{\"@id\":\"https:\\\/\\\/fuentesfidedignas.com.mx\\\/index.php\\\/2026\\\/01\\\/28\\\/todo-mal-sujeto-intento-quemar-local-para-extorsionar-y-termino-envuelto-en-llamas-video\\\/#primaryimage\"},\"image\":{\"@id\":\"https:\\\/\\\/fuentesfidedignas.com.mx\\\/index.php\\\/2026\\\/01\\\/28\\\/todo-mal-sujeto-intento-quemar-local-para-extorsionar-y-termino-envuelto-en-llamas-video\\\/#primaryimage\"},\"thumbnailUrl\":\"https:\\\/\\\/fuentesfidedignas.com.mx\\\/wp-content\\\/uploads\\\/2026\\\/01\\\/6977c924f06ce.jpeg\",\"datePublished\":\"2026-01-28T10:25:00+00:00\",\"breadcrumb\":{\"@id\":\"https:\\\/\\\/fuentesfidedignas.com.mx\\\/index.php\\\/2026\\\/01\\\/28\\\/todo-mal-sujeto-intento-quemar-local-para-extorsionar-y-termino-envuelto-en-llamas-video\\\/#breadcrumb\"},\"inLanguage\":\"es\",\"potentialAction\":[{\"@type\":\"ReadAction\",\"target\":[\"https:\\\/\\\/fuentesfidedignas.com.mx\\\/index.php\\\/2026\\\/01\\\/28\\\/todo-mal-sujeto-intento-quemar-local-para-extorsionar-y-termino-envuelto-en-llamas-video\\\/\"]}]},{\"@type\":\"ImageObject\",\"inLanguage\":\"es\",\"@id\":\"https:\\\/\\\/fuentesfidedignas.com.mx\\\/index.php\\\/2026\\\/01\\\/28\\\/todo-mal-sujeto-intento-quemar-local-para-extorsionar-y-termino-envuelto-en-llamas-video\\\/#primaryimage\",\"url\":\"https:\\\/\\\/fuentesfidedignas.com.mx\\\/wp-content\\\/uploads\\\/2026\\\/01\\\/6977c924f06ce.jpeg\",\"contentUrl\":\"https:\\\/\\\/fuentesfidedignas.com.mx\\\/wp-content\\\/uploads\\\/2026\\\/01\\\/6977c924f06ce.jpeg\",\"width\":813,\"height\":542},{\"@type\":\"BreadcrumbList\",\"@id\":\"https:\\\/\\\/fuentesfidedignas.com.mx\\\/index.php\\\/2026\\\/01\\\/28\\\/todo-mal-sujeto-intento-quemar-local-para-extorsionar-y-termino-envuelto-en-llamas-video\\\/#breadcrumb\",\"itemListElement\":[{\"@type\":\"ListItem\",\"position\":1,\"name\":\"Inicio\",\"item\":\"https:\\\/\\\/fuentesfidedignas.com.mx\\\/\"},{\"@type\":\"ListItem\",\"position\":2,\"name\":\"\u00a1Todo mal! Sujeto intent\u00f3 quemar local para extorsionar y termin\u00f3 envuelto en llamas | VIDEO\"}]},{\"@type\":\"WebSite\",\"@id\":\"https:\\\/\\\/fuentesfidedignas.com.mx\\\/#website\",\"url\":\"https:\\\/\\\/fuentesfidedignas.com.mx\\\/\",\"name\":\"Fuentes Fidedignas\",\"description\":\"Otro sitio realizado con WordPress\",\"publisher\":{\"@id\":\"https:\\\/\\\/fuentesfidedignas.com.mx\\\/#organization\"},\"potentialAction\":[{\"@type\":\"SearchAction\",\"target\":{\"@type\":\"EntryPoint\",\"urlTemplate\":\"https:\\\/\\\/fuentesfidedignas.com.mx\\\/?s={search_term_string}\"},\"query-input\":{\"@type\":\"PropertyValueSpecification\",\"valueRequired\":true,\"valueName\":\"search_term_string\"}}],\"inLanguage\":\"es\"},{\"@type\":\"Organization\",\"@id\":\"https:\\\/\\\/fuentesfidedignas.com.mx\\\/#organization\",\"name\":\"Fuentes Fidedignas\",\"url\":\"https:\\\/\\\/fuentesfidedignas.com.mx\\\/\",\"logo\":{\"@type\":\"ImageObject\",\"inLanguage\":\"es\",\"@id\":\"https:\\\/\\\/fuentesfidedignas.com.mx\\\/#\\\/schema\\\/logo\\\/image\\\/\",\"url\":\"https:\\\/\\\/fuentesfidedignas.com.mx\\\/wp-content\\\/uploads\\\/2021\\\/04\\\/logo-retina.png\",\"contentUrl\":\"https:\\\/\\\/fuentesfidedignas.com.mx\\\/wp-content\\\/uploads\\\/2021\\\/04\\\/logo-retina.png\",\"width\":280,\"height\":51,\"caption\":\"Fuentes Fidedignas\"},\"image\":{\"@id\":\"https:\\\/\\\/fuentesfidedignas.com.mx\\\/#\\\/schema\\\/logo\\\/image\\\/\"},\"sameAs\":[\"https:\\\/\\\/www.facebook.com\\\/Fuentes-Fidedignas-368234489921644\",\"https:\\\/\\\/x.com\\\/fidedignas\"]},{\"@type\":\"Person\",\"@id\":\"https:\\\/\\\/fuentesfidedignas.com.mx\\\/#\\\/schema\\\/person\\\/ec4edd1fbf5efa3e44fce34fe2787780\",\"name\":\"Exc\u00e9lsior\",\"image\":{\"@type\":\"ImageObject\",\"inLanguage\":\"es\",\"@id\":\"https:\\\/\\\/secure.gravatar.com\\\/avatar\\\/4b7ee9206b48be08447852b3f0814dbc7c0f3b51541b164f1464a2725614020b?s=96&d=mm&r=g\",\"url\":\"https:\\\/\\\/secure.gravatar.com\\\/avatar\\\/4b7ee9206b48be08447852b3f0814dbc7c0f3b51541b164f1464a2725614020b?s=96&d=mm&r=g\",\"contentUrl\":\"https:\\\/\\\/secure.gravatar.com\\\/avatar\\\/4b7ee9206b48be08447852b3f0814dbc7c0f3b51541b164f1464a2725614020b?s=96&d=mm&r=g\",\"caption\":\"Exc\u00e9lsior\"},\"url\":\"https:\\\/\\\/fuentesfidedignas.com.mx\\\/index.php\\\/author\\\/excelsior\\\/\"}]}<\/script>\n<!-- \/ Yoast SEO plugin. -->","yoast_head_json":{"title":"\u00a1Todo mal! Sujeto intent\u00f3 quemar local para extorsionar y termin\u00f3 envuelto en llamas | VIDEO - Fuentes Fidedignas","robots":{"index":"index","follow":"follow","max-snippet":"max-snippet:-1","max-image-preview":"max-image-preview:large","max-video-preview":"max-video-preview:-1"},"canonical":"https:\/\/fuentesfidedignas.com.mx\/index.php\/2026\/01\/28\/todo-mal-sujeto-intento-quemar-local-para-extorsionar-y-termino-envuelto-en-llamas-video\/","og_locale":"es_MX","og_type":"article","og_title":"\u00a1Todo mal! Sujeto intent\u00f3 quemar local para extorsionar y termin\u00f3 envuelto en llamas | VIDEO - Fuentes Fidedignas","og_description":"Por medio de un video se puede ver como un delincuente intent\u00f3 incendiar un local comercial dedicado a la venta de motocicletas, pero termin\u00f3 prendi\u00e9ndose fuego \u00e9l mismo. Un frustrado ataque a un local termin\u00f3 mal para un presunto delincuente, quien pretend\u00eda amedrentar a los due\u00f1os del establecimiento prendiendo fuego al mismo, sin saber lo [&hellip;]","og_url":"https:\/\/fuentesfidedignas.com.mx\/index.php\/2026\/01\/28\/todo-mal-sujeto-intento-quemar-local-para-extorsionar-y-termino-envuelto-en-llamas-video\/","og_site_name":"Fuentes Fidedignas","article_publisher":"https:\/\/www.facebook.com\/Fuentes-Fidedignas-368234489921644","article_published_time":"2026-01-28T10:25:00+00:00","og_image":[{"width":813,"height":542,"url":"https:\/\/fuentesfidedignas.com.mx\/wp-content\/uploads\/2026\/01\/6977c924f06ce.jpeg","type":"image\/jpeg"}],"author":"Exc\u00e9lsior","twitter_card":"summary_large_image","twitter_creator":"@fidedignas","twitter_site":"@fidedignas","twitter_misc":{"Escrito por":"Exc\u00e9lsior","Tiempo de lectura":"2 minutos"},"schema":{"@context":"https:\/\/schema.org","@graph":[{"@type":"Article","@id":"https:\/\/fuentesfidedignas.com.mx\/index.php\/2026\/01\/28\/todo-mal-sujeto-intento-quemar-local-para-extorsionar-y-termino-envuelto-en-llamas-video\/#article","isPartOf":{"@id":"https:\/\/fuentesfidedignas.com.mx\/index.php\/2026\/01\/28\/todo-mal-sujeto-intento-quemar-local-para-extorsionar-y-termino-envuelto-en-llamas-video\/"},"author":{"name":"Exc\u00e9lsior","@id":"https:\/\/fuentesfidedignas.com.mx\/#\/schema\/person\/ec4edd1fbf5efa3e44fce34fe2787780"},"headline":"\u00a1Todo mal! Sujeto intent\u00f3 quemar local para extorsionar y termin\u00f3 envuelto en llamas | VIDEO","datePublished":"2026-01-28T10:25:00+00:00","mainEntityOfPage":{"@id":"https:\/\/fuentesfidedignas.com.mx\/index.php\/2026\/01\/28\/todo-mal-sujeto-intento-quemar-local-para-extorsionar-y-termino-envuelto-en-llamas-video\/"},"wordCount":240,"commentCount":0,"publisher":{"@id":"https:\/\/fuentesfidedignas.com.mx\/#organization"},"image":{"@id":"https:\/\/fuentesfidedignas.com.mx\/index.php\/2026\/01\/28\/todo-mal-sujeto-intento-quemar-local-para-extorsionar-y-termino-envuelto-en-llamas-video\/#primaryimage"},"thumbnailUrl":"https:\/\/fuentesfidedignas.com.mx\/wp-content\/uploads\/2026\/01\/6977c924f06ce.jpeg","articleSection":["LAS ASOMBROSAS"],"inLanguage":"es","potentialAction":[{"@type":"CommentAction","name":"Comment","target":["https:\/\/fuentesfidedignas.com.mx\/index.php\/2026\/01\/28\/todo-mal-sujeto-intento-quemar-local-para-extorsionar-y-termino-envuelto-en-llamas-video\/#respond"]}]},{"@type":"WebPage","@id":"https:\/\/fuentesfidedignas.com.mx\/index.php\/2026\/01\/28\/todo-mal-sujeto-intento-quemar-local-para-extorsionar-y-termino-envuelto-en-llamas-video\/","url":"https:\/\/fuentesfidedignas.com.mx\/index.php\/2026\/01\/28\/todo-mal-sujeto-intento-quemar-local-para-extorsionar-y-termino-envuelto-en-llamas-video\/","name":"\u00a1Todo mal! Sujeto intent\u00f3 quemar local para extorsionar y termin\u00f3 envuelto en llamas | VIDEO - Fuentes Fidedignas","isPartOf":{"@id":"https:\/\/fuentesfidedignas.com.mx\/#website"},"primaryImageOfPage":{"@id":"https:\/\/fuentesfidedignas.com.mx\/index.php\/2026\/01\/28\/todo-mal-sujeto-intento-quemar-local-para-extorsionar-y-termino-envuelto-en-llamas-video\/#primaryimage"},"image":{"@id":"https:\/\/fuentesfidedignas.com.mx\/index.php\/2026\/01\/28\/todo-mal-sujeto-intento-quemar-local-para-extorsionar-y-termino-envuelto-en-llamas-video\/#primaryimage"},"thumbnailUrl":"https:\/\/fuentesfidedignas.com.mx\/wp-content\/uploads\/2026\/01\/6977c924f06ce.jpeg","datePublished":"2026-01-28T10:25:00+00:00","breadcrumb":{"@id":"https:\/\/fuentesfidedignas.com.mx\/index.php\/2026\/01\/28\/todo-mal-sujeto-intento-quemar-local-para-extorsionar-y-termino-envuelto-en-llamas-video\/#breadcrumb"},"inLanguage":"es","potentialAction":[{"@type":"ReadAction","target":["https:\/\/fuentesfidedignas.com.mx\/index.php\/2026\/01\/28\/todo-mal-sujeto-intento-quemar-local-para-extorsionar-y-termino-envuelto-en-llamas-video\/"]}]},{"@type":"ImageObject","inLanguage":"es","@id":"https:\/\/fuentesfidedignas.com.mx\/index.php\/2026\/01\/28\/todo-mal-sujeto-intento-quemar-local-para-extorsionar-y-termino-envuelto-en-llamas-video\/#primaryimage","url":"https:\/\/fuentesfidedignas.com.mx\/wp-content\/uploads\/2026\/01\/6977c924f06ce.jpeg","contentUrl":"https:\/\/fuentesfidedignas.com.mx\/wp-content\/uploads\/2026\/01\/6977c924f06ce.jpeg","width":813,"height":542},{"@type":"BreadcrumbList","@id":"https:\/\/fuentesfidedignas.com.mx\/index.php\/2026\/01\/28\/todo-mal-sujeto-intento-quemar-local-para-extorsionar-y-termino-envuelto-en-llamas-video\/#breadcrumb","itemListElement":[{"@type":"ListItem","position":1,"name":"Inicio","item":"https:\/\/fuentesfidedignas.com.mx\/"},{"@type":"ListItem","position":2,"name":"\u00a1Todo mal! Sujeto intent\u00f3 quemar local para extorsionar y termin\u00f3 envuelto en llamas | VIDEO"}]},{"@type":"WebSite","@id":"https:\/\/fuentesfidedignas.com.mx\/#website","url":"https:\/\/fuentesfidedignas.com.mx\/","name":"Fuentes Fidedignas","description":"Otro sitio realizado con WordPress","publisher":{"@id":"https:\/\/fuentesfidedignas.com.mx\/#organization"},"potentialAction":[{"@type":"SearchAction","target":{"@type":"EntryPoint","urlTemplate":"https:\/\/fuentesfidedignas.com.mx\/?s={search_term_string}"},"query-input":{"@type":"PropertyValueSpecification","valueRequired":true,"valueName":"search_term_string"}}],"inLanguage":"es"},{"@type":"Organization","@id":"https:\/\/fuentesfidedignas.com.mx\/#organization","name":"Fuentes Fidedignas","url":"https:\/\/fuentesfidedignas.com.mx\/","logo":{"@type":"ImageObject","inLanguage":"es","@id":"https:\/\/fuentesfidedignas.com.mx\/#\/schema\/logo\/image\/","url":"https:\/\/fuentesfidedignas.com.mx\/wp-content\/uploads\/2021\/04\/logo-retina.png","contentUrl":"https:\/\/fuentesfidedignas.com.mx\/wp-content\/uploads\/2021\/04\/logo-retina.png","width":280,"height":51,"caption":"Fuentes Fidedignas"},"image":{"@id":"https:\/\/fuentesfidedignas.com.mx\/#\/schema\/logo\/image\/"},"sameAs":["https:\/\/www.facebook.com\/Fuentes-Fidedignas-368234489921644","https:\/\/x.com\/fidedignas"]},{"@type":"Person","@id":"https:\/\/fuentesfidedignas.com.mx\/#\/schema\/person\/ec4edd1fbf5efa3e44fce34fe2787780","name":"Exc\u00e9lsior","image":{"@type":"ImageObject","inLanguage":"es","@id":"https:\/\/secure.gravatar.com\/avatar\/4b7ee9206b48be08447852b3f0814dbc7c0f3b51541b164f1464a2725614020b?s=96&d=mm&r=g","url":"https:\/\/secure.gravatar.com\/avatar\/4b7ee9206b48be08447852b3f0814dbc7c0f3b51541b164f1464a2725614020b?s=96&d=mm&r=g","contentUrl":"https:\/\/secure.gravatar.com\/avatar\/4b7ee9206b48be08447852b3f0814dbc7c0f3b51541b164f1464a2725614020b?s=96&d=mm&r=g","caption":"Exc\u00e9lsior"},"url":"https:\/\/fuentesfidedignas.com.mx\/index.php\/author\/excelsior\/"}]}},"_links":{"self":[{"href":"https:\/\/fuentesfidedignas.com.mx\/index.php\/wp-json\/wp\/v2\/posts\/126161","targetHints":{"allow":["GET"]}}],"collection":[{"href":"https:\/\/fuentesfidedignas.com.mx\/index.php\/wp-json\/wp\/v2\/posts"}],"about":[{"href":"https:\/\/fuentesfidedignas.com.mx\/index.php\/wp-json\/wp\/v2\/types\/post"}],"author":[{"embeddable":true,"href":"https:\/\/fuentesfidedignas.com.mx\/index.php\/wp-json\/wp\/v2\/users\/7"}],"replies":[{"embeddable":true,"href":"https:\/\/fuentesfidedignas.com.mx\/index.php\/wp-json\/wp\/v2\/comments?post=126161"}],"version-history":[{"count":1,"href":"https:\/\/fuentesfidedignas.com.mx\/index.php\/wp-json\/wp\/v2\/posts\/126161\/revisions"}],"predecessor-version":[{"id":126163,"href":"https:\/\/fuentesfidedignas.com.mx\/index.php\/wp-json\/wp\/v2\/posts\/126161\/revisions\/126163"}],"wp:featuredmedia":[{"embeddable":true,"href":"https:\/\/fuentesfidedignas.com.mx\/index.php\/wp-json\/wp\/v2\/media\/126162"}],"wp:attachment":[{"href":"https:\/\/fuentesfidedignas.com.mx\/index.php\/wp-json\/wp\/v2\/media?parent=126161"}],"wp:term":[{"taxonomy":"category","embeddable":true,"href":"https:\/\/fuentesfidedignas.com.mx\/index.php\/wp-json\/wp\/v2\/categories?post=126161"},{"taxonomy":"post_tag","embeddable":true,"href":"https:\/\/fuentesfidedignas.com.mx\/index.php\/wp-json\/wp\/v2\/tags?post=126161"}],"curies":[{"name":"wp","href":"https:\/\/api.w.org\/{rel}","templated":true}]}}