{"id":126152,"date":"2026-01-28T03:02:00","date_gmt":"2026-01-28T10:02:00","guid":{"rendered":"https:\/\/fuentesfidedignas.com.mx\/?p=126152"},"modified":"2026-01-27T19:13:55","modified_gmt":"2026-01-28T02:13:55","slug":"antecedente-historico-feminista-abre-agenda-de-igualdad-sustantiva-en-congreso-mexicano","status":"publish","type":"post","link":"https:\/\/fuentesfidedignas.com.mx\/index.php\/2026\/01\/28\/antecedente-historico-feminista-abre-agenda-de-igualdad-sustantiva-en-congreso-mexicano\/","title":{"rendered":"Antecedente hist\u00f3rico feminista abre agenda de igualdad sustantiva en Congreso mexicano"},"content":{"rendered":"\n<p>Durante la sesi\u00f3n permanente de la C\u00e1mara de Diputados se aprob\u00f3 un exhorto para reconocer al Primer Congreso Feminista de Yucat\u00e1n de 1916 como el antecedente hist\u00f3rico de la lucha por la igualdad y la paridad de g\u00e9nero en M\u00e9xico. En consecuencia, ambas C\u00e1maras del Congreso tendr\u00e1n que incluir una agenda de igualdad sustantiva que garantice los derechos de las mujeres en diversos \u00e1mbitos como sociales, econ\u00f3micos, culturales y pol\u00edticos.<\/p>\n\n\n\n<p>De acuerdo con la participaci\u00f3n de la senadora Virginia Marie Maga\u00f1a Fonseca del Partido Verde Ecologista de M\u00e9xico (PVEM), el exhorto que obliga al Congreso a trabajar en una agenda por la igualdad sustantiva es el resultado de una lucha colectiva de las mujeres que comenz\u00f3 m\u00e1s de un siglo atr\u00e1s cuando feministas, maestras, obreras, campesinas e intelectuales colocaron en la agenda la posibilidad de votar y ser votadas durante elecciones frente al estigma social de su papel en la sociedad.<\/p>\n\n\n\n<p>Como resultado, dos mujeres pudieron ser candidatas a la presidencia de la Rep\u00fablica y una de ellas ocupa el cargo actualmente. Tambi\u00e9n existen 13 gobernadoras a nivel nacional, ambas C\u00e1maras del Congreso est\u00e1n conformadas de forma paritaria, y una mujer est\u00e1 al mando de la Mesa Directiva de la C\u00e1mara de Diputados y la C\u00e1mara de Senadores.<\/p>\n\n\n\n<p>Por ello, Virginia Marie Maga\u00f1a Fonseca reconoci\u00f3 que el exhorto del Congreso plantea de forma vigente que la igualdad reconocida ante la ley es insuficiente si no se realizan acciones concretas para hacerla efectiva en la pr\u00e1ctica. En el \u00e1mbito pol\u00edtico, aunque M\u00e9xico cuenta con una ley que respalda la paridad de g\u00e9nero, en muchos espacios pol\u00edticos continua sin ser una realidad.<\/p>\n\n\n\n<p><strong>De sufragio a la paridad de g\u00e9nero<\/strong><\/p>\n\n\n\n<p>El 13 de enero de 1910 se llev\u00f3 a cabo el Primer Congreso Feminista en el Teatro Pe\u00f3n Contreras ubicado en el estado de Yucat\u00e1n, fue convocado por el gobernador del estado Salvador Alvarado, la participaci\u00f3n de figuras claves como Consuelo Zavala Castillo, Elvira Carrillo Puerto y un total de 600 asistentes fue esencial para hablar de derechos pol\u00edticos-electorales.<\/p>\n\n\n\n<p>Muchas de ellas ven\u00edan de participar en la Revoluci\u00f3n Mexicana y ante su salida de los espacios privados en sus hogares se asumieron como sujetas pol\u00edticas, por lo que vieron en este encuentro una oportunidad para sentar las bases y sumarse al espacio p\u00fablico, sobre todo en el \u00e1mbito pol\u00edtico apostando por el sufragio de las mujeres<\/p>\n\n\n\n<p>En primera instancia, esta iniciativa fue rechazada, ya que el argumento central fue que ellas no ten\u00edan la capacidad intelectual para ejercer derechos pol\u00edticos-electorales y otras explicaciones ligadas a los roles de g\u00e9nero entre ambos sexos. No fue hasta 1953 que lograr ganar el acceso al voto, aunque esto todav\u00eda no les garantiz\u00f3 acceder a estos espacios porque tuvieron que pasar dos a\u00f1os para que votaran por primera vez durante la elecci\u00f3n de diputados federales para la XLIII Legislatura.<\/p>\n\n\n\n<p>Gracias al movimiento de mujeres, se impuls\u00f3 una lucha para obtener la representaci\u00f3n femenina de forma equitativa. En 1993 se implementaron acciones afirmativas mediante la campa\u00f1a nacional \u00abGanando Espacios\u00bb recomendando a los partidos la inclusi\u00f3n de sus integrantes mujeres en las postulaciones, aunque no se determinaron sanciones si esto no ocurr\u00eda.<\/p>\n\n\n\n<p>Tres a\u00f1os m\u00e1s tarde, se estableci\u00f3 que los partidos no pod\u00edan postular a m\u00e1s del 70% de personas del mismo g\u00e9nero, exigiendo hasta 2002, el 30% m\u00ednimo de las candidaturas a las mujeres. Tambi\u00e9n se dictamin\u00f3 que por lo menos deber\u00eda estar una persona del otro g\u00e9nero en las candidaturas de representaci\u00f3n proporcional que eran conformadas por 3 personas de cada segmento. Garantizando as\u00ed, la inclusi\u00f3n de 3 mujeres en los primeros 9 lugares de la lista.<\/p>\n\n\n\n<p>Para 2008, se increment\u00f3 el umbral de la cuota de g\u00e9nero a 40% de representaci\u00f3n de mujeres y 60% masculina. Adem\u00e1s, se aument\u00f3 el segmento de representaci\u00f3n proporcional a 5 candidaturas y se aclar\u00f3 que no pod\u00edan figurar m\u00e1s de 3 personas del mismo g\u00e9nero. Sin embargo, se incluy\u00f3 una cl\u00e1usula que permiti\u00f3 a los partidos excusarse de seguir con este decreto.&nbsp;<\/p>\n\n\n\n<p>No fue hasta 2014 cuando se abandonaron las cuotas de g\u00e9nero para consagrar la paridad, la cual estipula que los partidos deben proporcionar sus candidaturas de forma paritaria para los congresos locales y federales. Tambi\u00e9n se a\u00f1adi\u00f3 una serie de condiciones que aseguraban su seguimiento como que el suplente del titular deb\u00eda pertenecer al mismo g\u00e9nero; se elimin\u00f3 la opci\u00f3n de no obedecer dicha medida; se foment\u00f3 la participaci\u00f3n femenina dentro de los partidos; y se aument\u00f3 el financiamiento dirigido a la capacitaci\u00f3n, formaci\u00f3n y promoci\u00f3n de liderazgo de las mujeres.<\/p>\n\n\n\n<p>Cinco a\u00f1os despu\u00e9s, en 2019, se divulg\u00f3 una reforma constitucional en el que se asent\u00f3 la paridad de g\u00e9nero y tuvo una influencia en los tres poderes del Estado y en los entes constitucionales aut\u00f3nomos. La semana pasada, el Congreso aprob\u00f3 reformar la Constituci\u00f3n Mexicana en materia de&nbsp;igualdad sustantiva. Entre sus propuestas incluye la obligaci\u00f3n de nombramientos de las personas titulares del poder Ejecutivo, Legislativo y Judicial desde el principio de paridad de g\u00e9nero.&nbsp;<\/p>\n","protected":false},"excerpt":{"rendered":"<p>Durante la sesi\u00f3n permanente de la C\u00e1mara de Diputados se aprob\u00f3 un exhorto para reconocer al Primer Congreso Feminista de Yucat\u00e1n de 1916 como el antecedente hist\u00f3rico de la lucha por la igualdad y la paridad de g\u00e9nero en M\u00e9xico. En consecuencia, ambas C\u00e1maras del Congreso tendr\u00e1n que incluir una agenda de igualdad sustantiva que [&hellip;]<\/p>\n","protected":false},"author":207,"featured_media":126153,"comment_status":"open","ping_status":"open","sticky":false,"template":"","format":"standard","meta":{"tdm_status":"","tdm_grid_status":"","footnotes":""},"categories":[33,36,1],"tags":[],"class_list":{"0":"post-126152","1":"post","2":"type-post","3":"status-publish","4":"format-standard","5":"has-post-thumbnail","7":"category-igualdad-sustantiva","8":"category-semanales","9":"category-sin-categoria"},"yoast_head":"<!-- This site is optimized with the Yoast SEO plugin v27.5 - https:\/\/yoast.com\/product\/yoast-seo-wordpress\/ -->\n<title>Antecedente hist\u00f3rico feminista abre agenda de igualdad sustantiva en Congreso mexicano - Fuentes Fidedignas<\/title>\n<meta name=\"robots\" content=\"index, follow, max-snippet:-1, max-image-preview:large, max-video-preview:-1\" \/>\n<link rel=\"canonical\" href=\"https:\/\/fuentesfidedignas.com.mx\/index.php\/2026\/01\/28\/antecedente-historico-feminista-abre-agenda-de-igualdad-sustantiva-en-congreso-mexicano\/\" \/>\n<meta property=\"og:locale\" content=\"es_MX\" \/>\n<meta property=\"og:type\" content=\"article\" \/>\n<meta property=\"og:title\" content=\"Antecedente hist\u00f3rico feminista abre agenda de igualdad sustantiva en Congreso mexicano - Fuentes Fidedignas\" \/>\n<meta property=\"og:description\" content=\"Durante la sesi\u00f3n permanente de la C\u00e1mara de Diputados se aprob\u00f3 un exhorto para reconocer al Primer Congreso Feminista de Yucat\u00e1n de 1916 como el antecedente hist\u00f3rico de la lucha por la igualdad y la paridad de g\u00e9nero en M\u00e9xico. En consecuencia, ambas C\u00e1maras del Congreso tendr\u00e1n que incluir una agenda de igualdad sustantiva que [&hellip;]\" \/>\n<meta property=\"og:url\" content=\"https:\/\/fuentesfidedignas.com.mx\/index.php\/2026\/01\/28\/antecedente-historico-feminista-abre-agenda-de-igualdad-sustantiva-en-congreso-mexicano\/\" \/>\n<meta property=\"og:site_name\" content=\"Fuentes Fidedignas\" \/>\n<meta property=\"article:publisher\" content=\"https:\/\/www.facebook.com\/Fuentes-Fidedignas-368234489921644\" \/>\n<meta property=\"article:published_time\" content=\"2026-01-28T10:02:00+00:00\" \/>\n<meta property=\"og:image\" content=\"https:\/\/fuentesfidedignas.com.mx\/wp-content\/uploads\/2026\/01\/Portadas-Wen-2026-01-22T141338.594.jpg\" \/>\n\t<meta property=\"og:image:width\" content=\"800\" \/>\n\t<meta property=\"og:image:height\" content=\"533\" \/>\n\t<meta property=\"og:image:type\" content=\"image\/jpeg\" \/>\n<meta name=\"author\" content=\"Cimac Noticias\" \/>\n<meta name=\"twitter:card\" content=\"summary_large_image\" \/>\n<meta name=\"twitter:creator\" content=\"@fidedignas\" \/>\n<meta name=\"twitter:site\" content=\"@fidedignas\" \/>\n<meta name=\"twitter:label1\" content=\"Escrito por\" \/>\n\t<meta name=\"twitter:data1\" content=\"Cimac Noticias\" \/>\n\t<meta name=\"twitter:label2\" content=\"Tiempo de lectura\" \/>\n\t<meta name=\"twitter:data2\" content=\"4 minutos\" \/>\n<script type=\"application\/ld+json\" class=\"yoast-schema-graph\">{\"@context\":\"https:\\\/\\\/schema.org\",\"@graph\":[{\"@type\":\"Article\",\"@id\":\"https:\\\/\\\/fuentesfidedignas.com.mx\\\/index.php\\\/2026\\\/01\\\/28\\\/antecedente-historico-feminista-abre-agenda-de-igualdad-sustantiva-en-congreso-mexicano\\\/#article\",\"isPartOf\":{\"@id\":\"https:\\\/\\\/fuentesfidedignas.com.mx\\\/index.php\\\/2026\\\/01\\\/28\\\/antecedente-historico-feminista-abre-agenda-de-igualdad-sustantiva-en-congreso-mexicano\\\/\"},\"author\":{\"name\":\"Cimac Noticias\",\"@id\":\"https:\\\/\\\/fuentesfidedignas.com.mx\\\/#\\\/schema\\\/person\\\/7887b0d167c873b5e7e93abff6f51cde\"},\"headline\":\"Antecedente hist\u00f3rico feminista abre agenda de igualdad sustantiva en Congreso mexicano\",\"datePublished\":\"2026-01-28T10:02:00+00:00\",\"mainEntityOfPage\":{\"@id\":\"https:\\\/\\\/fuentesfidedignas.com.mx\\\/index.php\\\/2026\\\/01\\\/28\\\/antecedente-historico-feminista-abre-agenda-de-igualdad-sustantiva-en-congreso-mexicano\\\/\"},\"wordCount\":906,\"commentCount\":0,\"publisher\":{\"@id\":\"https:\\\/\\\/fuentesfidedignas.com.mx\\\/#organization\"},\"image\":{\"@id\":\"https:\\\/\\\/fuentesfidedignas.com.mx\\\/index.php\\\/2026\\\/01\\\/28\\\/antecedente-historico-feminista-abre-agenda-de-igualdad-sustantiva-en-congreso-mexicano\\\/#primaryimage\"},\"thumbnailUrl\":\"https:\\\/\\\/fuentesfidedignas.com.mx\\\/wp-content\\\/uploads\\\/2026\\\/01\\\/Portadas-Wen-2026-01-22T141338.594.jpg\",\"articleSection\":[\"IGUALDAD SUSTANTIVA\",\"SEMANALES\"],\"inLanguage\":\"es\",\"potentialAction\":[{\"@type\":\"CommentAction\",\"name\":\"Comment\",\"target\":[\"https:\\\/\\\/fuentesfidedignas.com.mx\\\/index.php\\\/2026\\\/01\\\/28\\\/antecedente-historico-feminista-abre-agenda-de-igualdad-sustantiva-en-congreso-mexicano\\\/#respond\"]}]},{\"@type\":\"WebPage\",\"@id\":\"https:\\\/\\\/fuentesfidedignas.com.mx\\\/index.php\\\/2026\\\/01\\\/28\\\/antecedente-historico-feminista-abre-agenda-de-igualdad-sustantiva-en-congreso-mexicano\\\/\",\"url\":\"https:\\\/\\\/fuentesfidedignas.com.mx\\\/index.php\\\/2026\\\/01\\\/28\\\/antecedente-historico-feminista-abre-agenda-de-igualdad-sustantiva-en-congreso-mexicano\\\/\",\"name\":\"Antecedente hist\u00f3rico feminista abre agenda de igualdad sustantiva en Congreso mexicano - Fuentes Fidedignas\",\"isPartOf\":{\"@id\":\"https:\\\/\\\/fuentesfidedignas.com.mx\\\/#website\"},\"primaryImageOfPage\":{\"@id\":\"https:\\\/\\\/fuentesfidedignas.com.mx\\\/index.php\\\/2026\\\/01\\\/28\\\/antecedente-historico-feminista-abre-agenda-de-igualdad-sustantiva-en-congreso-mexicano\\\/#primaryimage\"},\"image\":{\"@id\":\"https:\\\/\\\/fuentesfidedignas.com.mx\\\/index.php\\\/2026\\\/01\\\/28\\\/antecedente-historico-feminista-abre-agenda-de-igualdad-sustantiva-en-congreso-mexicano\\\/#primaryimage\"},\"thumbnailUrl\":\"https:\\\/\\\/fuentesfidedignas.com.mx\\\/wp-content\\\/uploads\\\/2026\\\/01\\\/Portadas-Wen-2026-01-22T141338.594.jpg\",\"datePublished\":\"2026-01-28T10:02:00+00:00\",\"breadcrumb\":{\"@id\":\"https:\\\/\\\/fuentesfidedignas.com.mx\\\/index.php\\\/2026\\\/01\\\/28\\\/antecedente-historico-feminista-abre-agenda-de-igualdad-sustantiva-en-congreso-mexicano\\\/#breadcrumb\"},\"inLanguage\":\"es\",\"potentialAction\":[{\"@type\":\"ReadAction\",\"target\":[\"https:\\\/\\\/fuentesfidedignas.com.mx\\\/index.php\\\/2026\\\/01\\\/28\\\/antecedente-historico-feminista-abre-agenda-de-igualdad-sustantiva-en-congreso-mexicano\\\/\"]}]},{\"@type\":\"ImageObject\",\"inLanguage\":\"es\",\"@id\":\"https:\\\/\\\/fuentesfidedignas.com.mx\\\/index.php\\\/2026\\\/01\\\/28\\\/antecedente-historico-feminista-abre-agenda-de-igualdad-sustantiva-en-congreso-mexicano\\\/#primaryimage\",\"url\":\"https:\\\/\\\/fuentesfidedignas.com.mx\\\/wp-content\\\/uploads\\\/2026\\\/01\\\/Portadas-Wen-2026-01-22T141338.594.jpg\",\"contentUrl\":\"https:\\\/\\\/fuentesfidedignas.com.mx\\\/wp-content\\\/uploads\\\/2026\\\/01\\\/Portadas-Wen-2026-01-22T141338.594.jpg\",\"width\":800,\"height\":533},{\"@type\":\"BreadcrumbList\",\"@id\":\"https:\\\/\\\/fuentesfidedignas.com.mx\\\/index.php\\\/2026\\\/01\\\/28\\\/antecedente-historico-feminista-abre-agenda-de-igualdad-sustantiva-en-congreso-mexicano\\\/#breadcrumb\",\"itemListElement\":[{\"@type\":\"ListItem\",\"position\":1,\"name\":\"Inicio\",\"item\":\"https:\\\/\\\/fuentesfidedignas.com.mx\\\/\"},{\"@type\":\"ListItem\",\"position\":2,\"name\":\"Antecedente hist\u00f3rico feminista abre agenda de igualdad sustantiva en Congreso mexicano\"}]},{\"@type\":\"WebSite\",\"@id\":\"https:\\\/\\\/fuentesfidedignas.com.mx\\\/#website\",\"url\":\"https:\\\/\\\/fuentesfidedignas.com.mx\\\/\",\"name\":\"Fuentes Fidedignas\",\"description\":\"Otro sitio realizado con WordPress\",\"publisher\":{\"@id\":\"https:\\\/\\\/fuentesfidedignas.com.mx\\\/#organization\"},\"potentialAction\":[{\"@type\":\"SearchAction\",\"target\":{\"@type\":\"EntryPoint\",\"urlTemplate\":\"https:\\\/\\\/fuentesfidedignas.com.mx\\\/?s={search_term_string}\"},\"query-input\":{\"@type\":\"PropertyValueSpecification\",\"valueRequired\":true,\"valueName\":\"search_term_string\"}}],\"inLanguage\":\"es\"},{\"@type\":\"Organization\",\"@id\":\"https:\\\/\\\/fuentesfidedignas.com.mx\\\/#organization\",\"name\":\"Fuentes Fidedignas\",\"url\":\"https:\\\/\\\/fuentesfidedignas.com.mx\\\/\",\"logo\":{\"@type\":\"ImageObject\",\"inLanguage\":\"es\",\"@id\":\"https:\\\/\\\/fuentesfidedignas.com.mx\\\/#\\\/schema\\\/logo\\\/image\\\/\",\"url\":\"https:\\\/\\\/fuentesfidedignas.com.mx\\\/wp-content\\\/uploads\\\/2021\\\/04\\\/logo-retina.png\",\"contentUrl\":\"https:\\\/\\\/fuentesfidedignas.com.mx\\\/wp-content\\\/uploads\\\/2021\\\/04\\\/logo-retina.png\",\"width\":280,\"height\":51,\"caption\":\"Fuentes Fidedignas\"},\"image\":{\"@id\":\"https:\\\/\\\/fuentesfidedignas.com.mx\\\/#\\\/schema\\\/logo\\\/image\\\/\"},\"sameAs\":[\"https:\\\/\\\/www.facebook.com\\\/Fuentes-Fidedignas-368234489921644\",\"https:\\\/\\\/x.com\\\/fidedignas\"]},{\"@type\":\"Person\",\"@id\":\"https:\\\/\\\/fuentesfidedignas.com.mx\\\/#\\\/schema\\\/person\\\/7887b0d167c873b5e7e93abff6f51cde\",\"name\":\"Cimac Noticias\",\"image\":{\"@type\":\"ImageObject\",\"inLanguage\":\"es\",\"@id\":\"https:\\\/\\\/secure.gravatar.com\\\/avatar\\\/21634b184d9f75ecf8b9ca7820b698d354c59b90b20029a3add5eb0efbbd8ae9?s=96&d=mm&r=g\",\"url\":\"https:\\\/\\\/secure.gravatar.com\\\/avatar\\\/21634b184d9f75ecf8b9ca7820b698d354c59b90b20029a3add5eb0efbbd8ae9?s=96&d=mm&r=g\",\"contentUrl\":\"https:\\\/\\\/secure.gravatar.com\\\/avatar\\\/21634b184d9f75ecf8b9ca7820b698d354c59b90b20029a3add5eb0efbbd8ae9?s=96&d=mm&r=g\",\"caption\":\"Cimac Noticias\"},\"url\":\"https:\\\/\\\/fuentesfidedignas.com.mx\\\/index.php\\\/author\\\/cimac\\\/\"}]}<\/script>\n<!-- \/ Yoast SEO plugin. -->","yoast_head_json":{"title":"Antecedente hist\u00f3rico feminista abre agenda de igualdad sustantiva en Congreso mexicano - Fuentes Fidedignas","robots":{"index":"index","follow":"follow","max-snippet":"max-snippet:-1","max-image-preview":"max-image-preview:large","max-video-preview":"max-video-preview:-1"},"canonical":"https:\/\/fuentesfidedignas.com.mx\/index.php\/2026\/01\/28\/antecedente-historico-feminista-abre-agenda-de-igualdad-sustantiva-en-congreso-mexicano\/","og_locale":"es_MX","og_type":"article","og_title":"Antecedente hist\u00f3rico feminista abre agenda de igualdad sustantiva en Congreso mexicano - Fuentes Fidedignas","og_description":"Durante la sesi\u00f3n permanente de la C\u00e1mara de Diputados se aprob\u00f3 un exhorto para reconocer al Primer Congreso Feminista de Yucat\u00e1n de 1916 como el antecedente hist\u00f3rico de la lucha por la igualdad y la paridad de g\u00e9nero en M\u00e9xico. En consecuencia, ambas C\u00e1maras del Congreso tendr\u00e1n que incluir una agenda de igualdad sustantiva que [&hellip;]","og_url":"https:\/\/fuentesfidedignas.com.mx\/index.php\/2026\/01\/28\/antecedente-historico-feminista-abre-agenda-de-igualdad-sustantiva-en-congreso-mexicano\/","og_site_name":"Fuentes Fidedignas","article_publisher":"https:\/\/www.facebook.com\/Fuentes-Fidedignas-368234489921644","article_published_time":"2026-01-28T10:02:00+00:00","og_image":[{"width":800,"height":533,"url":"https:\/\/fuentesfidedignas.com.mx\/wp-content\/uploads\/2026\/01\/Portadas-Wen-2026-01-22T141338.594.jpg","type":"image\/jpeg"}],"author":"Cimac Noticias","twitter_card":"summary_large_image","twitter_creator":"@fidedignas","twitter_site":"@fidedignas","twitter_misc":{"Escrito por":"Cimac Noticias","Tiempo de lectura":"4 minutos"},"schema":{"@context":"https:\/\/schema.org","@graph":[{"@type":"Article","@id":"https:\/\/fuentesfidedignas.com.mx\/index.php\/2026\/01\/28\/antecedente-historico-feminista-abre-agenda-de-igualdad-sustantiva-en-congreso-mexicano\/#article","isPartOf":{"@id":"https:\/\/fuentesfidedignas.com.mx\/index.php\/2026\/01\/28\/antecedente-historico-feminista-abre-agenda-de-igualdad-sustantiva-en-congreso-mexicano\/"},"author":{"name":"Cimac Noticias","@id":"https:\/\/fuentesfidedignas.com.mx\/#\/schema\/person\/7887b0d167c873b5e7e93abff6f51cde"},"headline":"Antecedente hist\u00f3rico feminista abre agenda de igualdad sustantiva en Congreso mexicano","datePublished":"2026-01-28T10:02:00+00:00","mainEntityOfPage":{"@id":"https:\/\/fuentesfidedignas.com.mx\/index.php\/2026\/01\/28\/antecedente-historico-feminista-abre-agenda-de-igualdad-sustantiva-en-congreso-mexicano\/"},"wordCount":906,"commentCount":0,"publisher":{"@id":"https:\/\/fuentesfidedignas.com.mx\/#organization"},"image":{"@id":"https:\/\/fuentesfidedignas.com.mx\/index.php\/2026\/01\/28\/antecedente-historico-feminista-abre-agenda-de-igualdad-sustantiva-en-congreso-mexicano\/#primaryimage"},"thumbnailUrl":"https:\/\/fuentesfidedignas.com.mx\/wp-content\/uploads\/2026\/01\/Portadas-Wen-2026-01-22T141338.594.jpg","articleSection":["IGUALDAD SUSTANTIVA","SEMANALES"],"inLanguage":"es","potentialAction":[{"@type":"CommentAction","name":"Comment","target":["https:\/\/fuentesfidedignas.com.mx\/index.php\/2026\/01\/28\/antecedente-historico-feminista-abre-agenda-de-igualdad-sustantiva-en-congreso-mexicano\/#respond"]}]},{"@type":"WebPage","@id":"https:\/\/fuentesfidedignas.com.mx\/index.php\/2026\/01\/28\/antecedente-historico-feminista-abre-agenda-de-igualdad-sustantiva-en-congreso-mexicano\/","url":"https:\/\/fuentesfidedignas.com.mx\/index.php\/2026\/01\/28\/antecedente-historico-feminista-abre-agenda-de-igualdad-sustantiva-en-congreso-mexicano\/","name":"Antecedente hist\u00f3rico feminista abre agenda de igualdad sustantiva en Congreso mexicano - Fuentes Fidedignas","isPartOf":{"@id":"https:\/\/fuentesfidedignas.com.mx\/#website"},"primaryImageOfPage":{"@id":"https:\/\/fuentesfidedignas.com.mx\/index.php\/2026\/01\/28\/antecedente-historico-feminista-abre-agenda-de-igualdad-sustantiva-en-congreso-mexicano\/#primaryimage"},"image":{"@id":"https:\/\/fuentesfidedignas.com.mx\/index.php\/2026\/01\/28\/antecedente-historico-feminista-abre-agenda-de-igualdad-sustantiva-en-congreso-mexicano\/#primaryimage"},"thumbnailUrl":"https:\/\/fuentesfidedignas.com.mx\/wp-content\/uploads\/2026\/01\/Portadas-Wen-2026-01-22T141338.594.jpg","datePublished":"2026-01-28T10:02:00+00:00","breadcrumb":{"@id":"https:\/\/fuentesfidedignas.com.mx\/index.php\/2026\/01\/28\/antecedente-historico-feminista-abre-agenda-de-igualdad-sustantiva-en-congreso-mexicano\/#breadcrumb"},"inLanguage":"es","potentialAction":[{"@type":"ReadAction","target":["https:\/\/fuentesfidedignas.com.mx\/index.php\/2026\/01\/28\/antecedente-historico-feminista-abre-agenda-de-igualdad-sustantiva-en-congreso-mexicano\/"]}]},{"@type":"ImageObject","inLanguage":"es","@id":"https:\/\/fuentesfidedignas.com.mx\/index.php\/2026\/01\/28\/antecedente-historico-feminista-abre-agenda-de-igualdad-sustantiva-en-congreso-mexicano\/#primaryimage","url":"https:\/\/fuentesfidedignas.com.mx\/wp-content\/uploads\/2026\/01\/Portadas-Wen-2026-01-22T141338.594.jpg","contentUrl":"https:\/\/fuentesfidedignas.com.mx\/wp-content\/uploads\/2026\/01\/Portadas-Wen-2026-01-22T141338.594.jpg","width":800,"height":533},{"@type":"BreadcrumbList","@id":"https:\/\/fuentesfidedignas.com.mx\/index.php\/2026\/01\/28\/antecedente-historico-feminista-abre-agenda-de-igualdad-sustantiva-en-congreso-mexicano\/#breadcrumb","itemListElement":[{"@type":"ListItem","position":1,"name":"Inicio","item":"https:\/\/fuentesfidedignas.com.mx\/"},{"@type":"ListItem","position":2,"name":"Antecedente hist\u00f3rico feminista abre agenda de igualdad sustantiva en Congreso mexicano"}]},{"@type":"WebSite","@id":"https:\/\/fuentesfidedignas.com.mx\/#website","url":"https:\/\/fuentesfidedignas.com.mx\/","name":"Fuentes Fidedignas","description":"Otro sitio realizado con WordPress","publisher":{"@id":"https:\/\/fuentesfidedignas.com.mx\/#organization"},"potentialAction":[{"@type":"SearchAction","target":{"@type":"EntryPoint","urlTemplate":"https:\/\/fuentesfidedignas.com.mx\/?s={search_term_string}"},"query-input":{"@type":"PropertyValueSpecification","valueRequired":true,"valueName":"search_term_string"}}],"inLanguage":"es"},{"@type":"Organization","@id":"https:\/\/fuentesfidedignas.com.mx\/#organization","name":"Fuentes Fidedignas","url":"https:\/\/fuentesfidedignas.com.mx\/","logo":{"@type":"ImageObject","inLanguage":"es","@id":"https:\/\/fuentesfidedignas.com.mx\/#\/schema\/logo\/image\/","url":"https:\/\/fuentesfidedignas.com.mx\/wp-content\/uploads\/2021\/04\/logo-retina.png","contentUrl":"https:\/\/fuentesfidedignas.com.mx\/wp-content\/uploads\/2021\/04\/logo-retina.png","width":280,"height":51,"caption":"Fuentes Fidedignas"},"image":{"@id":"https:\/\/fuentesfidedignas.com.mx\/#\/schema\/logo\/image\/"},"sameAs":["https:\/\/www.facebook.com\/Fuentes-Fidedignas-368234489921644","https:\/\/x.com\/fidedignas"]},{"@type":"Person","@id":"https:\/\/fuentesfidedignas.com.mx\/#\/schema\/person\/7887b0d167c873b5e7e93abff6f51cde","name":"Cimac Noticias","image":{"@type":"ImageObject","inLanguage":"es","@id":"https:\/\/secure.gravatar.com\/avatar\/21634b184d9f75ecf8b9ca7820b698d354c59b90b20029a3add5eb0efbbd8ae9?s=96&d=mm&r=g","url":"https:\/\/secure.gravatar.com\/avatar\/21634b184d9f75ecf8b9ca7820b698d354c59b90b20029a3add5eb0efbbd8ae9?s=96&d=mm&r=g","contentUrl":"https:\/\/secure.gravatar.com\/avatar\/21634b184d9f75ecf8b9ca7820b698d354c59b90b20029a3add5eb0efbbd8ae9?s=96&d=mm&r=g","caption":"Cimac Noticias"},"url":"https:\/\/fuentesfidedignas.com.mx\/index.php\/author\/cimac\/"}]}},"_links":{"self":[{"href":"https:\/\/fuentesfidedignas.com.mx\/index.php\/wp-json\/wp\/v2\/posts\/126152","targetHints":{"allow":["GET"]}}],"collection":[{"href":"https:\/\/fuentesfidedignas.com.mx\/index.php\/wp-json\/wp\/v2\/posts"}],"about":[{"href":"https:\/\/fuentesfidedignas.com.mx\/index.php\/wp-json\/wp\/v2\/types\/post"}],"author":[{"embeddable":true,"href":"https:\/\/fuentesfidedignas.com.mx\/index.php\/wp-json\/wp\/v2\/users\/207"}],"replies":[{"embeddable":true,"href":"https:\/\/fuentesfidedignas.com.mx\/index.php\/wp-json\/wp\/v2\/comments?post=126152"}],"version-history":[{"count":1,"href":"https:\/\/fuentesfidedignas.com.mx\/index.php\/wp-json\/wp\/v2\/posts\/126152\/revisions"}],"predecessor-version":[{"id":126154,"href":"https:\/\/fuentesfidedignas.com.mx\/index.php\/wp-json\/wp\/v2\/posts\/126152\/revisions\/126154"}],"wp:featuredmedia":[{"embeddable":true,"href":"https:\/\/fuentesfidedignas.com.mx\/index.php\/wp-json\/wp\/v2\/media\/126153"}],"wp:attachment":[{"href":"https:\/\/fuentesfidedignas.com.mx\/index.php\/wp-json\/wp\/v2\/media?parent=126152"}],"wp:term":[{"taxonomy":"category","embeddable":true,"href":"https:\/\/fuentesfidedignas.com.mx\/index.php\/wp-json\/wp\/v2\/categories?post=126152"},{"taxonomy":"post_tag","embeddable":true,"href":"https:\/\/fuentesfidedignas.com.mx\/index.php\/wp-json\/wp\/v2\/tags?post=126152"}],"curies":[{"name":"wp","href":"https:\/\/api.w.org\/{rel}","templated":true}]}}