{"id":126045,"date":"2026-01-26T10:25:24","date_gmt":"2026-01-26T17:25:24","guid":{"rendered":"https:\/\/fuentesfidedignas.com.mx\/?p=126045"},"modified":"2026-01-26T10:25:30","modified_gmt":"2026-01-26T17:25:30","slug":"alarma-en-guerrero-primer-presunto-contagio-humano-de-gusano-barrenador","status":"publish","type":"post","link":"https:\/\/fuentesfidedignas.com.mx\/index.php\/2026\/01\/26\/alarma-en-guerrero-primer-presunto-contagio-humano-de-gusano-barrenador\/","title":{"rendered":"Alarma en Guerrero: Primer presunto contagio humano de gusano barrenador"},"content":{"rendered":"\n<p><strong><em>El primer presunto contagio humano de gusano barrenador en Copala, Guerrero, encendi\u00f3 las alertas sanitarias y expuso la crisis ganadera que enfrenta la entidad.<\/em><\/strong><\/p>\n\n\n\n<p>Guerrero. \u2014 El pasado s\u00e1bado en Copala, municipio de la Costa Chica de Guerrero, el Ayuntamiento inform\u00f3 sobre el primer presunto caso de contagio de gusano barrenador en una persona dentro de la entidad. El hecho encendi\u00f3 las alertas sanitarias, pues hasta ahora la plaga se hab\u00eda identificado principalmente en el ganado.<\/p>\n\n\n\n<p>Las autoridades confirmaron que se trata de un caso de miasis, una infestaci\u00f3n parasitaria provocada por larvas que invaden tejidos vivos o muertos. El paciente fue atendido por la Direcci\u00f3n Municipal de Salud, en coordinaci\u00f3n con el Gobierno federal y la Direcci\u00f3n de Desarrollo Rural. Seg\u00fan el comunicado oficial, el caso fue \u201cdesactivado\u201d y se mantiene bajo seguimiento m\u00e9dico.<\/p>\n\n\n\n<p><strong>Autoridades llaman a la calma<\/strong><br>El Ayuntamiento de Copala pidi\u00f3 a la poblaci\u00f3n que no se alarme, pero s\u00ed que notifique de inmediato cualquier posible caso en animales o personas, ya que la detecci\u00f3n temprana es clave para contener la propagaci\u00f3n.<\/p>\n\n\n\n<blockquote class=\"twitter-tweet\"><p lang=\"es\" dir=\"ltr\">DETECTAN PRIMER PRESUNTO CASO DE GUSANO BARRENADOR, EN UN HUMANO, EN COPALA, <a href=\"https:\/\/twitter.com\/hashtag\/GUERRERO?src=hash&amp;ref_src=twsrc%5Etfw\">#GUERRERO<\/a><br><br>El Gobierno Municipal de Copala, Guerrero, inform\u00f3 sobre el primer caso presuntivo de miiasis por Gusano Barrenador de Ganado (GBG) detectado en un ciudadano del municipio.<br><br> * Estado del\u2026 <a href=\"https:\/\/t.co\/8UnyT177GG\">pic.twitter.com\/8UnyT177GG<\/a><\/p>&mdash; Acapulco Verdad (@Acapulco_Verdad) <a href=\"https:\/\/twitter.com\/Acapulco_Verdad\/status\/2015286340234166424?ref_src=twsrc%5Etfw\">January 25, 2026<\/a><\/blockquote> <script async src=\"https:\/\/platform.twitter.com\/widgets.js\" charset=\"utf-8\"><\/script>\n\n\n\n<p>Gregorio Portillo Mendoza, delegado de la Secretar\u00eda de Agricultura y Desarrollo Rural (Sader), inform\u00f3 que actualmente existen 111 casos activos de gusano barrenador en ganado en Guerrero, lo que refleja la magnitud del problema en el sector agropecuario.<\/p>\n\n\n\n<p><strong>Cr\u00edticas por falta de prevenci\u00f3n<\/strong><br>Mientras tanto, voces del sector campesino cuestionaron la respuesta oficial. Ventura Reyes Uri\u00f3stegui, presidente del Consejo Estatal del Ma\u00edz, se\u00f1al\u00f3 que las medidas preventivas han sido insuficientes y acus\u00f3 a Estados Unidos de negarse a colaborar en la liberaci\u00f3n de moscas est\u00e9riles, una t\u00e9cnica utilizada para frenar la reproducci\u00f3n de los insectos que transmiten la plaga.<\/p>\n\n\n\n<p>El l\u00edder campesino fue contundente: \u201cLo que pasa es que el gobierno de Estados Unidos quiere que la plaga del gusano barrenador se extienda en nuestro territorio y de esa manera evite que M\u00e9xico le env\u00ede carne, mientras ellos s\u00ed nos env\u00edan este producto pero de mala calidad\u201d.<\/p>\n\n\n\n<p><strong>Exigen mayor seriedad en el combate<\/strong><br>Reyes Uri\u00f3stegui demand\u00f3 que Senasica y las autoridades federales atiendan con mayor rigor este problema, pues el gusano barrenador no solo amenaza la producci\u00f3n ganadera, sino que ahora se ha convertido en un riesgo para la salud humana.<\/p>\n\n\n\n<p>La aparici\u00f3n de este primer caso en una persona marca un punto cr\u00edtico en la lucha contra la plaga, que exige coordinaci\u00f3n internacional y acciones inmediatas para evitar que se convierta en un problema de mayor alcance.<\/p>\n","protected":false},"excerpt":{"rendered":"<p>El primer presunto contagio humano de gusano barrenador en Copala, Guerrero, encendi\u00f3 las alertas sanitarias y expuso la crisis ganadera que enfrenta la entidad. Guerrero. \u2014 El pasado s\u00e1bado en Copala, municipio de la Costa Chica de Guerrero, el Ayuntamiento inform\u00f3 sobre el primer presunto caso de contagio de gusano barrenador en una persona dentro [&hellip;]<\/p>\n","protected":false},"author":40,"featured_media":109113,"comment_status":"open","ping_status":"open","sticky":false,"template":"","format":"standard","meta":{"tdm_status":"","tdm_grid_status":"","footnotes":""},"categories":[39],"tags":[],"class_list":{"0":"post-126045","1":"post","2":"type-post","3":"status-publish","4":"format-standard","5":"has-post-thumbnail","7":"category-noticias-nacionales"},"yoast_head":"<!-- This site is optimized with the Yoast SEO plugin v27.5 - https:\/\/yoast.com\/product\/yoast-seo-wordpress\/ -->\n<title>Alarma en Guerrero: Primer presunto contagio humano de gusano barrenador - Fuentes Fidedignas<\/title>\n<meta name=\"robots\" content=\"index, follow, max-snippet:-1, max-image-preview:large, max-video-preview:-1\" \/>\n<link rel=\"canonical\" href=\"https:\/\/fuentesfidedignas.com.mx\/index.php\/2026\/01\/26\/alarma-en-guerrero-primer-presunto-contagio-humano-de-gusano-barrenador\/\" \/>\n<meta property=\"og:locale\" content=\"es_MX\" \/>\n<meta property=\"og:type\" content=\"article\" \/>\n<meta property=\"og:title\" content=\"Alarma en Guerrero: Primer presunto contagio humano de gusano barrenador - Fuentes Fidedignas\" \/>\n<meta property=\"og:description\" content=\"El primer presunto contagio humano de gusano barrenador en Copala, Guerrero, encendi\u00f3 las alertas sanitarias y expuso la crisis ganadera que enfrenta la entidad. Guerrero. \u2014 El pasado s\u00e1bado en Copala, municipio de la Costa Chica de Guerrero, el Ayuntamiento inform\u00f3 sobre el primer presunto caso de contagio de gusano barrenador en una persona dentro [&hellip;]\" \/>\n<meta property=\"og:url\" content=\"https:\/\/fuentesfidedignas.com.mx\/index.php\/2026\/01\/26\/alarma-en-guerrero-primer-presunto-contagio-humano-de-gusano-barrenador\/\" \/>\n<meta property=\"og:site_name\" content=\"Fuentes Fidedignas\" \/>\n<meta property=\"article:publisher\" content=\"https:\/\/www.facebook.com\/Fuentes-Fidedignas-368234489921644\" \/>\n<meta property=\"article:published_time\" content=\"2026-01-26T17:25:24+00:00\" \/>\n<meta property=\"article:modified_time\" content=\"2026-01-26T17:25:30+00:00\" \/>\n<meta property=\"og:image\" content=\"https:\/\/fuentesfidedignas.com.mx\/wp-content\/uploads\/2025\/05\/gusano_barrenador.jpg\" \/>\n\t<meta property=\"og:image:width\" content=\"600\" \/>\n\t<meta property=\"og:image:height\" content=\"447\" \/>\n\t<meta property=\"og:image:type\" content=\"image\/jpeg\" \/>\n<meta name=\"author\" content=\"El Imparcial\" \/>\n<meta name=\"twitter:card\" content=\"summary_large_image\" \/>\n<meta name=\"twitter:creator\" content=\"@fidedignas\" \/>\n<meta name=\"twitter:site\" content=\"@fidedignas\" \/>\n<meta name=\"twitter:label1\" content=\"Escrito por\" \/>\n\t<meta name=\"twitter:data1\" content=\"El Imparcial\" \/>\n\t<meta name=\"twitter:label2\" content=\"Tiempo de lectura\" \/>\n\t<meta name=\"twitter:data2\" content=\"3 minutos\" \/>\n<script type=\"application\/ld+json\" class=\"yoast-schema-graph\">{\"@context\":\"https:\\\/\\\/schema.org\",\"@graph\":[{\"@type\":\"Article\",\"@id\":\"https:\\\/\\\/fuentesfidedignas.com.mx\\\/index.php\\\/2026\\\/01\\\/26\\\/alarma-en-guerrero-primer-presunto-contagio-humano-de-gusano-barrenador\\\/#article\",\"isPartOf\":{\"@id\":\"https:\\\/\\\/fuentesfidedignas.com.mx\\\/index.php\\\/2026\\\/01\\\/26\\\/alarma-en-guerrero-primer-presunto-contagio-humano-de-gusano-barrenador\\\/\"},\"author\":{\"name\":\"El Imparcial\",\"@id\":\"https:\\\/\\\/fuentesfidedignas.com.mx\\\/#\\\/schema\\\/person\\\/ff4db17f8fd9c584e0cfc2a0c436b8a1\"},\"headline\":\"Alarma en Guerrero: Primer presunto contagio humano de gusano barrenador\",\"datePublished\":\"2026-01-26T17:25:24+00:00\",\"dateModified\":\"2026-01-26T17:25:30+00:00\",\"mainEntityOfPage\":{\"@id\":\"https:\\\/\\\/fuentesfidedignas.com.mx\\\/index.php\\\/2026\\\/01\\\/26\\\/alarma-en-guerrero-primer-presunto-contagio-humano-de-gusano-barrenador\\\/\"},\"wordCount\":494,\"commentCount\":0,\"publisher\":{\"@id\":\"https:\\\/\\\/fuentesfidedignas.com.mx\\\/#organization\"},\"image\":{\"@id\":\"https:\\\/\\\/fuentesfidedignas.com.mx\\\/index.php\\\/2026\\\/01\\\/26\\\/alarma-en-guerrero-primer-presunto-contagio-humano-de-gusano-barrenador\\\/#primaryimage\"},\"thumbnailUrl\":\"https:\\\/\\\/fuentesfidedignas.com.mx\\\/wp-content\\\/uploads\\\/2025\\\/05\\\/gusano_barrenador.jpg\",\"articleSection\":[\"NOTICIAS NACIONALES\"],\"inLanguage\":\"es\",\"potentialAction\":[{\"@type\":\"CommentAction\",\"name\":\"Comment\",\"target\":[\"https:\\\/\\\/fuentesfidedignas.com.mx\\\/index.php\\\/2026\\\/01\\\/26\\\/alarma-en-guerrero-primer-presunto-contagio-humano-de-gusano-barrenador\\\/#respond\"]}]},{\"@type\":\"WebPage\",\"@id\":\"https:\\\/\\\/fuentesfidedignas.com.mx\\\/index.php\\\/2026\\\/01\\\/26\\\/alarma-en-guerrero-primer-presunto-contagio-humano-de-gusano-barrenador\\\/\",\"url\":\"https:\\\/\\\/fuentesfidedignas.com.mx\\\/index.php\\\/2026\\\/01\\\/26\\\/alarma-en-guerrero-primer-presunto-contagio-humano-de-gusano-barrenador\\\/\",\"name\":\"Alarma en Guerrero: Primer presunto contagio humano de gusano barrenador - Fuentes Fidedignas\",\"isPartOf\":{\"@id\":\"https:\\\/\\\/fuentesfidedignas.com.mx\\\/#website\"},\"primaryImageOfPage\":{\"@id\":\"https:\\\/\\\/fuentesfidedignas.com.mx\\\/index.php\\\/2026\\\/01\\\/26\\\/alarma-en-guerrero-primer-presunto-contagio-humano-de-gusano-barrenador\\\/#primaryimage\"},\"image\":{\"@id\":\"https:\\\/\\\/fuentesfidedignas.com.mx\\\/index.php\\\/2026\\\/01\\\/26\\\/alarma-en-guerrero-primer-presunto-contagio-humano-de-gusano-barrenador\\\/#primaryimage\"},\"thumbnailUrl\":\"https:\\\/\\\/fuentesfidedignas.com.mx\\\/wp-content\\\/uploads\\\/2025\\\/05\\\/gusano_barrenador.jpg\",\"datePublished\":\"2026-01-26T17:25:24+00:00\",\"dateModified\":\"2026-01-26T17:25:30+00:00\",\"breadcrumb\":{\"@id\":\"https:\\\/\\\/fuentesfidedignas.com.mx\\\/index.php\\\/2026\\\/01\\\/26\\\/alarma-en-guerrero-primer-presunto-contagio-humano-de-gusano-barrenador\\\/#breadcrumb\"},\"inLanguage\":\"es\",\"potentialAction\":[{\"@type\":\"ReadAction\",\"target\":[\"https:\\\/\\\/fuentesfidedignas.com.mx\\\/index.php\\\/2026\\\/01\\\/26\\\/alarma-en-guerrero-primer-presunto-contagio-humano-de-gusano-barrenador\\\/\"]}]},{\"@type\":\"ImageObject\",\"inLanguage\":\"es\",\"@id\":\"https:\\\/\\\/fuentesfidedignas.com.mx\\\/index.php\\\/2026\\\/01\\\/26\\\/alarma-en-guerrero-primer-presunto-contagio-humano-de-gusano-barrenador\\\/#primaryimage\",\"url\":\"https:\\\/\\\/fuentesfidedignas.com.mx\\\/wp-content\\\/uploads\\\/2025\\\/05\\\/gusano_barrenador.jpg\",\"contentUrl\":\"https:\\\/\\\/fuentesfidedignas.com.mx\\\/wp-content\\\/uploads\\\/2025\\\/05\\\/gusano_barrenador.jpg\",\"width\":600,\"height\":447},{\"@type\":\"BreadcrumbList\",\"@id\":\"https:\\\/\\\/fuentesfidedignas.com.mx\\\/index.php\\\/2026\\\/01\\\/26\\\/alarma-en-guerrero-primer-presunto-contagio-humano-de-gusano-barrenador\\\/#breadcrumb\",\"itemListElement\":[{\"@type\":\"ListItem\",\"position\":1,\"name\":\"Inicio\",\"item\":\"https:\\\/\\\/fuentesfidedignas.com.mx\\\/\"},{\"@type\":\"ListItem\",\"position\":2,\"name\":\"Alarma en Guerrero: Primer presunto contagio humano de gusano barrenador\"}]},{\"@type\":\"WebSite\",\"@id\":\"https:\\\/\\\/fuentesfidedignas.com.mx\\\/#website\",\"url\":\"https:\\\/\\\/fuentesfidedignas.com.mx\\\/\",\"name\":\"Fuentes Fidedignas\",\"description\":\"Otro sitio realizado con WordPress\",\"publisher\":{\"@id\":\"https:\\\/\\\/fuentesfidedignas.com.mx\\\/#organization\"},\"potentialAction\":[{\"@type\":\"SearchAction\",\"target\":{\"@type\":\"EntryPoint\",\"urlTemplate\":\"https:\\\/\\\/fuentesfidedignas.com.mx\\\/?s={search_term_string}\"},\"query-input\":{\"@type\":\"PropertyValueSpecification\",\"valueRequired\":true,\"valueName\":\"search_term_string\"}}],\"inLanguage\":\"es\"},{\"@type\":\"Organization\",\"@id\":\"https:\\\/\\\/fuentesfidedignas.com.mx\\\/#organization\",\"name\":\"Fuentes Fidedignas\",\"url\":\"https:\\\/\\\/fuentesfidedignas.com.mx\\\/\",\"logo\":{\"@type\":\"ImageObject\",\"inLanguage\":\"es\",\"@id\":\"https:\\\/\\\/fuentesfidedignas.com.mx\\\/#\\\/schema\\\/logo\\\/image\\\/\",\"url\":\"https:\\\/\\\/fuentesfidedignas.com.mx\\\/wp-content\\\/uploads\\\/2021\\\/04\\\/logo-retina.png\",\"contentUrl\":\"https:\\\/\\\/fuentesfidedignas.com.mx\\\/wp-content\\\/uploads\\\/2021\\\/04\\\/logo-retina.png\",\"width\":280,\"height\":51,\"caption\":\"Fuentes Fidedignas\"},\"image\":{\"@id\":\"https:\\\/\\\/fuentesfidedignas.com.mx\\\/#\\\/schema\\\/logo\\\/image\\\/\"},\"sameAs\":[\"https:\\\/\\\/www.facebook.com\\\/Fuentes-Fidedignas-368234489921644\",\"https:\\\/\\\/x.com\\\/fidedignas\"]},{\"@type\":\"Person\",\"@id\":\"https:\\\/\\\/fuentesfidedignas.com.mx\\\/#\\\/schema\\\/person\\\/ff4db17f8fd9c584e0cfc2a0c436b8a1\",\"name\":\"El Imparcial\",\"image\":{\"@type\":\"ImageObject\",\"inLanguage\":\"es\",\"@id\":\"https:\\\/\\\/secure.gravatar.com\\\/avatar\\\/accd6807585a75316c237ee783498317be6f66ab34c47c940966f26a3f613161?s=96&d=mm&r=g\",\"url\":\"https:\\\/\\\/secure.gravatar.com\\\/avatar\\\/accd6807585a75316c237ee783498317be6f66ab34c47c940966f26a3f613161?s=96&d=mm&r=g\",\"contentUrl\":\"https:\\\/\\\/secure.gravatar.com\\\/avatar\\\/accd6807585a75316c237ee783498317be6f66ab34c47c940966f26a3f613161?s=96&d=mm&r=g\",\"caption\":\"El Imparcial\"},\"url\":\"https:\\\/\\\/fuentesfidedignas.com.mx\\\/index.php\\\/author\\\/imparcial\\\/\"}]}<\/script>\n<!-- \/ Yoast SEO plugin. -->","yoast_head_json":{"title":"Alarma en Guerrero: Primer presunto contagio humano de gusano barrenador - Fuentes Fidedignas","robots":{"index":"index","follow":"follow","max-snippet":"max-snippet:-1","max-image-preview":"max-image-preview:large","max-video-preview":"max-video-preview:-1"},"canonical":"https:\/\/fuentesfidedignas.com.mx\/index.php\/2026\/01\/26\/alarma-en-guerrero-primer-presunto-contagio-humano-de-gusano-barrenador\/","og_locale":"es_MX","og_type":"article","og_title":"Alarma en Guerrero: Primer presunto contagio humano de gusano barrenador - Fuentes Fidedignas","og_description":"El primer presunto contagio humano de gusano barrenador en Copala, Guerrero, encendi\u00f3 las alertas sanitarias y expuso la crisis ganadera que enfrenta la entidad. Guerrero. \u2014 El pasado s\u00e1bado en Copala, municipio de la Costa Chica de Guerrero, el Ayuntamiento inform\u00f3 sobre el primer presunto caso de contagio de gusano barrenador en una persona dentro [&hellip;]","og_url":"https:\/\/fuentesfidedignas.com.mx\/index.php\/2026\/01\/26\/alarma-en-guerrero-primer-presunto-contagio-humano-de-gusano-barrenador\/","og_site_name":"Fuentes Fidedignas","article_publisher":"https:\/\/www.facebook.com\/Fuentes-Fidedignas-368234489921644","article_published_time":"2026-01-26T17:25:24+00:00","article_modified_time":"2026-01-26T17:25:30+00:00","og_image":[{"width":600,"height":447,"url":"https:\/\/fuentesfidedignas.com.mx\/wp-content\/uploads\/2025\/05\/gusano_barrenador.jpg","type":"image\/jpeg"}],"author":"El Imparcial","twitter_card":"summary_large_image","twitter_creator":"@fidedignas","twitter_site":"@fidedignas","twitter_misc":{"Escrito por":"El Imparcial","Tiempo de lectura":"3 minutos"},"schema":{"@context":"https:\/\/schema.org","@graph":[{"@type":"Article","@id":"https:\/\/fuentesfidedignas.com.mx\/index.php\/2026\/01\/26\/alarma-en-guerrero-primer-presunto-contagio-humano-de-gusano-barrenador\/#article","isPartOf":{"@id":"https:\/\/fuentesfidedignas.com.mx\/index.php\/2026\/01\/26\/alarma-en-guerrero-primer-presunto-contagio-humano-de-gusano-barrenador\/"},"author":{"name":"El Imparcial","@id":"https:\/\/fuentesfidedignas.com.mx\/#\/schema\/person\/ff4db17f8fd9c584e0cfc2a0c436b8a1"},"headline":"Alarma en Guerrero: Primer presunto contagio humano de gusano barrenador","datePublished":"2026-01-26T17:25:24+00:00","dateModified":"2026-01-26T17:25:30+00:00","mainEntityOfPage":{"@id":"https:\/\/fuentesfidedignas.com.mx\/index.php\/2026\/01\/26\/alarma-en-guerrero-primer-presunto-contagio-humano-de-gusano-barrenador\/"},"wordCount":494,"commentCount":0,"publisher":{"@id":"https:\/\/fuentesfidedignas.com.mx\/#organization"},"image":{"@id":"https:\/\/fuentesfidedignas.com.mx\/index.php\/2026\/01\/26\/alarma-en-guerrero-primer-presunto-contagio-humano-de-gusano-barrenador\/#primaryimage"},"thumbnailUrl":"https:\/\/fuentesfidedignas.com.mx\/wp-content\/uploads\/2025\/05\/gusano_barrenador.jpg","articleSection":["NOTICIAS NACIONALES"],"inLanguage":"es","potentialAction":[{"@type":"CommentAction","name":"Comment","target":["https:\/\/fuentesfidedignas.com.mx\/index.php\/2026\/01\/26\/alarma-en-guerrero-primer-presunto-contagio-humano-de-gusano-barrenador\/#respond"]}]},{"@type":"WebPage","@id":"https:\/\/fuentesfidedignas.com.mx\/index.php\/2026\/01\/26\/alarma-en-guerrero-primer-presunto-contagio-humano-de-gusano-barrenador\/","url":"https:\/\/fuentesfidedignas.com.mx\/index.php\/2026\/01\/26\/alarma-en-guerrero-primer-presunto-contagio-humano-de-gusano-barrenador\/","name":"Alarma en Guerrero: Primer presunto contagio humano de gusano barrenador - Fuentes Fidedignas","isPartOf":{"@id":"https:\/\/fuentesfidedignas.com.mx\/#website"},"primaryImageOfPage":{"@id":"https:\/\/fuentesfidedignas.com.mx\/index.php\/2026\/01\/26\/alarma-en-guerrero-primer-presunto-contagio-humano-de-gusano-barrenador\/#primaryimage"},"image":{"@id":"https:\/\/fuentesfidedignas.com.mx\/index.php\/2026\/01\/26\/alarma-en-guerrero-primer-presunto-contagio-humano-de-gusano-barrenador\/#primaryimage"},"thumbnailUrl":"https:\/\/fuentesfidedignas.com.mx\/wp-content\/uploads\/2025\/05\/gusano_barrenador.jpg","datePublished":"2026-01-26T17:25:24+00:00","dateModified":"2026-01-26T17:25:30+00:00","breadcrumb":{"@id":"https:\/\/fuentesfidedignas.com.mx\/index.php\/2026\/01\/26\/alarma-en-guerrero-primer-presunto-contagio-humano-de-gusano-barrenador\/#breadcrumb"},"inLanguage":"es","potentialAction":[{"@type":"ReadAction","target":["https:\/\/fuentesfidedignas.com.mx\/index.php\/2026\/01\/26\/alarma-en-guerrero-primer-presunto-contagio-humano-de-gusano-barrenador\/"]}]},{"@type":"ImageObject","inLanguage":"es","@id":"https:\/\/fuentesfidedignas.com.mx\/index.php\/2026\/01\/26\/alarma-en-guerrero-primer-presunto-contagio-humano-de-gusano-barrenador\/#primaryimage","url":"https:\/\/fuentesfidedignas.com.mx\/wp-content\/uploads\/2025\/05\/gusano_barrenador.jpg","contentUrl":"https:\/\/fuentesfidedignas.com.mx\/wp-content\/uploads\/2025\/05\/gusano_barrenador.jpg","width":600,"height":447},{"@type":"BreadcrumbList","@id":"https:\/\/fuentesfidedignas.com.mx\/index.php\/2026\/01\/26\/alarma-en-guerrero-primer-presunto-contagio-humano-de-gusano-barrenador\/#breadcrumb","itemListElement":[{"@type":"ListItem","position":1,"name":"Inicio","item":"https:\/\/fuentesfidedignas.com.mx\/"},{"@type":"ListItem","position":2,"name":"Alarma en Guerrero: Primer presunto contagio humano de gusano barrenador"}]},{"@type":"WebSite","@id":"https:\/\/fuentesfidedignas.com.mx\/#website","url":"https:\/\/fuentesfidedignas.com.mx\/","name":"Fuentes Fidedignas","description":"Otro sitio realizado con WordPress","publisher":{"@id":"https:\/\/fuentesfidedignas.com.mx\/#organization"},"potentialAction":[{"@type":"SearchAction","target":{"@type":"EntryPoint","urlTemplate":"https:\/\/fuentesfidedignas.com.mx\/?s={search_term_string}"},"query-input":{"@type":"PropertyValueSpecification","valueRequired":true,"valueName":"search_term_string"}}],"inLanguage":"es"},{"@type":"Organization","@id":"https:\/\/fuentesfidedignas.com.mx\/#organization","name":"Fuentes Fidedignas","url":"https:\/\/fuentesfidedignas.com.mx\/","logo":{"@type":"ImageObject","inLanguage":"es","@id":"https:\/\/fuentesfidedignas.com.mx\/#\/schema\/logo\/image\/","url":"https:\/\/fuentesfidedignas.com.mx\/wp-content\/uploads\/2021\/04\/logo-retina.png","contentUrl":"https:\/\/fuentesfidedignas.com.mx\/wp-content\/uploads\/2021\/04\/logo-retina.png","width":280,"height":51,"caption":"Fuentes Fidedignas"},"image":{"@id":"https:\/\/fuentesfidedignas.com.mx\/#\/schema\/logo\/image\/"},"sameAs":["https:\/\/www.facebook.com\/Fuentes-Fidedignas-368234489921644","https:\/\/x.com\/fidedignas"]},{"@type":"Person","@id":"https:\/\/fuentesfidedignas.com.mx\/#\/schema\/person\/ff4db17f8fd9c584e0cfc2a0c436b8a1","name":"El Imparcial","image":{"@type":"ImageObject","inLanguage":"es","@id":"https:\/\/secure.gravatar.com\/avatar\/accd6807585a75316c237ee783498317be6f66ab34c47c940966f26a3f613161?s=96&d=mm&r=g","url":"https:\/\/secure.gravatar.com\/avatar\/accd6807585a75316c237ee783498317be6f66ab34c47c940966f26a3f613161?s=96&d=mm&r=g","contentUrl":"https:\/\/secure.gravatar.com\/avatar\/accd6807585a75316c237ee783498317be6f66ab34c47c940966f26a3f613161?s=96&d=mm&r=g","caption":"El Imparcial"},"url":"https:\/\/fuentesfidedignas.com.mx\/index.php\/author\/imparcial\/"}]}},"_links":{"self":[{"href":"https:\/\/fuentesfidedignas.com.mx\/index.php\/wp-json\/wp\/v2\/posts\/126045","targetHints":{"allow":["GET"]}}],"collection":[{"href":"https:\/\/fuentesfidedignas.com.mx\/index.php\/wp-json\/wp\/v2\/posts"}],"about":[{"href":"https:\/\/fuentesfidedignas.com.mx\/index.php\/wp-json\/wp\/v2\/types\/post"}],"author":[{"embeddable":true,"href":"https:\/\/fuentesfidedignas.com.mx\/index.php\/wp-json\/wp\/v2\/users\/40"}],"replies":[{"embeddable":true,"href":"https:\/\/fuentesfidedignas.com.mx\/index.php\/wp-json\/wp\/v2\/comments?post=126045"}],"version-history":[{"count":1,"href":"https:\/\/fuentesfidedignas.com.mx\/index.php\/wp-json\/wp\/v2\/posts\/126045\/revisions"}],"predecessor-version":[{"id":126046,"href":"https:\/\/fuentesfidedignas.com.mx\/index.php\/wp-json\/wp\/v2\/posts\/126045\/revisions\/126046"}],"wp:featuredmedia":[{"embeddable":true,"href":"https:\/\/fuentesfidedignas.com.mx\/index.php\/wp-json\/wp\/v2\/media\/109113"}],"wp:attachment":[{"href":"https:\/\/fuentesfidedignas.com.mx\/index.php\/wp-json\/wp\/v2\/media?parent=126045"}],"wp:term":[{"taxonomy":"category","embeddable":true,"href":"https:\/\/fuentesfidedignas.com.mx\/index.php\/wp-json\/wp\/v2\/categories?post=126045"},{"taxonomy":"post_tag","embeddable":true,"href":"https:\/\/fuentesfidedignas.com.mx\/index.php\/wp-json\/wp\/v2\/tags?post=126045"}],"curies":[{"name":"wp","href":"https:\/\/api.w.org\/{rel}","templated":true}]}}