{"id":12602,"date":"2021-09-14T14:47:28","date_gmt":"2021-09-14T21:47:28","guid":{"rendered":"https:\/\/fuentesfidedignas.com.mx\/?p=12602"},"modified":"2021-09-14T14:47:37","modified_gmt":"2021-09-14T21:47:37","slug":"avance-historico-a-los-derechos-humanos-de-las-mujeres-la-aprobacion-del-aborto-gloria-himelda-felix-niebla","status":"publish","type":"post","link":"https:\/\/fuentesfidedignas.com.mx\/index.php\/2021\/09\/14\/avance-historico-a-los-derechos-humanos-de-las-mujeres-la-aprobacion-del-aborto-gloria-himelda-felix-niebla\/","title":{"rendered":"Avance hist\u00f3rico a los derechos humanos de las mujeres, la aprobaci\u00f3n del aborto: Gloria Himelda F\u00e9lix Niebla"},"content":{"rendered":"\n<p><strong><em>Manifest\u00f3 que con ello ahora se da certeza jur\u00eddica para que las instituciones de salud y de procuraci\u00f3n de justicia apoyen a las mujeres en su decisi\u00f3n de procrear o no.<\/em><\/strong> <\/p>\n\n\n\n<p>Culiac\u00e1n, Sin.- Como un avance hist\u00f3rico en el respeto a los derechos humanos de las mujeres, consider\u00f3 la diputada local del PRI, Gloria Himelda F\u00e9lix Niebla, la reciente decisi\u00f3n de la Suprema Corte de Justicia de la Naci\u00f3n en despenalizar el aborto.<\/p>\n\n\n\n<p>Destac\u00f3 que con esta medida el Estado Mexicano se pronuncia de manera clara y precisa a favor de las mujeres respecto a un debate que data de muchos a\u00f1os atr\u00e1s sobre los derechos reproductivos y de salud de este sector de la poblaci\u00f3n.<\/p>\n\n\n\n<p>Manifest\u00f3 que con ello ahora se da certeza jur\u00eddica para que las instituciones de salud y de procuraci\u00f3n de justicia apoyen a las mujeres en su decisi\u00f3n de procrear o no.<\/p>\n\n\n\n<p>Pone tambi\u00e9n con ello fin a una disposici\u00f3n legal inconstitucional que criminalizaba a las mujeres por abortar, la cual estaba consagrada en la Ley Penal de Coahuila, desde el 2017.<\/p>\n\n\n\n<p>\u201cEl pronunciamiento de la Suprema Corte de Justicia de la Naci\u00f3n representa un avance fundamental para la agenda de los derechos de las mujeres; es la primera vez que un tribunal constitucional de Am\u00e9rica Latina se pronuncia a los derechos humanos de decidir sobre su cuerpo.<\/p>\n\n\n\n<p>\u201cEs un parteaguas que sienta bases importantes en los derechos reproductivos de las mujeres, uno de los tantos pendientes en los derechos humanos\u201d, manifest\u00f3.<\/p>\n\n\n\n<p>La legisladora local del PRI cit\u00f3 al Ministro Presidente de la Suprema Corte de Justicia, al se\u00f1alar que \u201cno es papel de la Corte enjuiciar la moralidad en la interrupci\u00f3n del embarazo, sino lo que se asume es el an\u00e1lisis jur\u00eddico, si es o no v\u00e1lido enjuiciar y condenar a prisi\u00f3n a quien toma la decisi\u00f3n de hacerlo\u201d.<\/p>\n\n\n\n<p>Invit\u00f3 a los integrantes de esta legislatura a agilizar cuanto antes la aprobaci\u00f3n de una disposici\u00f3n que ya fue aprobada por la m\u00e1xima instituci\u00f3n de control y disposici\u00f3n constitucional.<\/p>\n\n\n\n<p>\u201cNo queda m\u00e1s que como hombres y mujeres respetuosos de la Ley y de la normatividad que rige este pa\u00eds, respetar, acatar, y en consecuencia atender\u201d, dijo.<\/p>\n\n\n\n<p>&#8212;<\/p>\n","protected":false},"excerpt":{"rendered":"<p>Manifest\u00f3 que con ello ahora se da certeza jur\u00eddica para que las instituciones de salud y de procuraci\u00f3n de justicia apoyen a las mujeres en su decisi\u00f3n de procrear o no. Culiac\u00e1n, Sin.- Como un avance hist\u00f3rico en el respeto a los derechos humanos de las mujeres, consider\u00f3 la diputada local del PRI, Gloria Himelda [&hellip;]<\/p>\n","protected":false},"author":4,"featured_media":12604,"comment_status":"open","ping_status":"open","sticky":false,"template":"","format":"standard","meta":{"tdm_status":"","tdm_grid_status":"","footnotes":""},"categories":[38],"tags":[1167,1368,799,212],"class_list":{"0":"post-12602","1":"post","2":"type-post","3":"status-publish","4":"format-standard","5":"has-post-thumbnail","7":"category-noticias-locales","8":"tag-aborto","9":"tag-aborto-legal","10":"tag-partido-revolucionario-institucional","11":"tag-pri"},"yoast_head":"<!-- This site is optimized with the Yoast SEO plugin v27.5 - https:\/\/yoast.com\/product\/yoast-seo-wordpress\/ -->\n<title>Avance hist\u00f3rico a los derechos humanos de las mujeres, la aprobaci\u00f3n del aborto: Gloria Himelda F\u00e9lix Niebla - Fuentes Fidedignas<\/title>\n<meta name=\"robots\" content=\"index, follow, max-snippet:-1, max-image-preview:large, max-video-preview:-1\" \/>\n<link rel=\"canonical\" href=\"https:\/\/fuentesfidedignas.com.mx\/index.php\/2021\/09\/14\/avance-historico-a-los-derechos-humanos-de-las-mujeres-la-aprobacion-del-aborto-gloria-himelda-felix-niebla\/\" \/>\n<meta property=\"og:locale\" content=\"es_MX\" \/>\n<meta property=\"og:type\" content=\"article\" \/>\n<meta property=\"og:title\" content=\"Avance hist\u00f3rico a los derechos humanos de las mujeres, la aprobaci\u00f3n del aborto: Gloria Himelda F\u00e9lix Niebla - Fuentes Fidedignas\" \/>\n<meta property=\"og:description\" content=\"Manifest\u00f3 que con ello ahora se da certeza jur\u00eddica para que las instituciones de salud y de procuraci\u00f3n de justicia apoyen a las mujeres en su decisi\u00f3n de procrear o no. Culiac\u00e1n, Sin.- Como un avance hist\u00f3rico en el respeto a los derechos humanos de las mujeres, consider\u00f3 la diputada local del PRI, Gloria Himelda [&hellip;]\" \/>\n<meta property=\"og:url\" content=\"https:\/\/fuentesfidedignas.com.mx\/index.php\/2021\/09\/14\/avance-historico-a-los-derechos-humanos-de-las-mujeres-la-aprobacion-del-aborto-gloria-himelda-felix-niebla\/\" \/>\n<meta property=\"og:site_name\" content=\"Fuentes Fidedignas\" \/>\n<meta property=\"article:publisher\" content=\"https:\/\/www.facebook.com\/Fuentes-Fidedignas-368234489921644\" \/>\n<meta property=\"article:published_time\" content=\"2021-09-14T21:47:28+00:00\" \/>\n<meta property=\"article:modified_time\" content=\"2021-09-14T21:47:37+00:00\" \/>\n<meta property=\"og:image\" content=\"https:\/\/fuentesfidedignas.com.mx\/wp-content\/uploads\/2021\/09\/Foto-1-3.jpg\" \/>\n\t<meta property=\"og:image:width\" content=\"1512\" \/>\n\t<meta property=\"og:image:height\" content=\"1125\" \/>\n\t<meta property=\"og:image:type\" content=\"image\/jpeg\" \/>\n<meta name=\"author\" content=\"Redacci\u00f3n\" \/>\n<meta name=\"twitter:card\" content=\"summary_large_image\" \/>\n<meta name=\"twitter:creator\" content=\"@fidedignas\" \/>\n<meta name=\"twitter:site\" content=\"@fidedignas\" \/>\n<meta name=\"twitter:label1\" content=\"Escrito por\" \/>\n\t<meta name=\"twitter:data1\" content=\"Redacci\u00f3n\" \/>\n\t<meta name=\"twitter:label2\" content=\"Tiempo de lectura\" \/>\n\t<meta name=\"twitter:data2\" content=\"2 minutos\" \/>\n<script type=\"application\/ld+json\" class=\"yoast-schema-graph\">{\"@context\":\"https:\\\/\\\/schema.org\",\"@graph\":[{\"@type\":\"Article\",\"@id\":\"https:\\\/\\\/fuentesfidedignas.com.mx\\\/index.php\\\/2021\\\/09\\\/14\\\/avance-historico-a-los-derechos-humanos-de-las-mujeres-la-aprobacion-del-aborto-gloria-himelda-felix-niebla\\\/#article\",\"isPartOf\":{\"@id\":\"https:\\\/\\\/fuentesfidedignas.com.mx\\\/index.php\\\/2021\\\/09\\\/14\\\/avance-historico-a-los-derechos-humanos-de-las-mujeres-la-aprobacion-del-aborto-gloria-himelda-felix-niebla\\\/\"},\"author\":{\"name\":\"Redacci\u00f3n\",\"@id\":\"https:\\\/\\\/fuentesfidedignas.com.mx\\\/#\\\/schema\\\/person\\\/331be9283d37198e2acd5750279085b0\"},\"headline\":\"Avance hist\u00f3rico a los derechos humanos de las mujeres, la aprobaci\u00f3n del aborto: Gloria Himelda F\u00e9lix Niebla\",\"datePublished\":\"2021-09-14T21:47:28+00:00\",\"dateModified\":\"2021-09-14T21:47:37+00:00\",\"mainEntityOfPage\":{\"@id\":\"https:\\\/\\\/fuentesfidedignas.com.mx\\\/index.php\\\/2021\\\/09\\\/14\\\/avance-historico-a-los-derechos-humanos-de-las-mujeres-la-aprobacion-del-aborto-gloria-himelda-felix-niebla\\\/\"},\"wordCount\":414,\"commentCount\":0,\"publisher\":{\"@id\":\"https:\\\/\\\/fuentesfidedignas.com.mx\\\/#organization\"},\"image\":{\"@id\":\"https:\\\/\\\/fuentesfidedignas.com.mx\\\/index.php\\\/2021\\\/09\\\/14\\\/avance-historico-a-los-derechos-humanos-de-las-mujeres-la-aprobacion-del-aborto-gloria-himelda-felix-niebla\\\/#primaryimage\"},\"thumbnailUrl\":\"https:\\\/\\\/fuentesfidedignas.com.mx\\\/wp-content\\\/uploads\\\/2021\\\/09\\\/Foto-1-3.jpg\",\"keywords\":[\"Aborto\",\"Aborto legal\",\"Partido Revolucionario Institucional\",\"PRI\"],\"articleSection\":[\"NOTICIAS LOCALES\"],\"inLanguage\":\"es\",\"potentialAction\":[{\"@type\":\"CommentAction\",\"name\":\"Comment\",\"target\":[\"https:\\\/\\\/fuentesfidedignas.com.mx\\\/index.php\\\/2021\\\/09\\\/14\\\/avance-historico-a-los-derechos-humanos-de-las-mujeres-la-aprobacion-del-aborto-gloria-himelda-felix-niebla\\\/#respond\"]}]},{\"@type\":\"WebPage\",\"@id\":\"https:\\\/\\\/fuentesfidedignas.com.mx\\\/index.php\\\/2021\\\/09\\\/14\\\/avance-historico-a-los-derechos-humanos-de-las-mujeres-la-aprobacion-del-aborto-gloria-himelda-felix-niebla\\\/\",\"url\":\"https:\\\/\\\/fuentesfidedignas.com.mx\\\/index.php\\\/2021\\\/09\\\/14\\\/avance-historico-a-los-derechos-humanos-de-las-mujeres-la-aprobacion-del-aborto-gloria-himelda-felix-niebla\\\/\",\"name\":\"Avance hist\u00f3rico a los derechos humanos de las mujeres, la aprobaci\u00f3n del aborto: Gloria Himelda F\u00e9lix Niebla - Fuentes Fidedignas\",\"isPartOf\":{\"@id\":\"https:\\\/\\\/fuentesfidedignas.com.mx\\\/#website\"},\"primaryImageOfPage\":{\"@id\":\"https:\\\/\\\/fuentesfidedignas.com.mx\\\/index.php\\\/2021\\\/09\\\/14\\\/avance-historico-a-los-derechos-humanos-de-las-mujeres-la-aprobacion-del-aborto-gloria-himelda-felix-niebla\\\/#primaryimage\"},\"image\":{\"@id\":\"https:\\\/\\\/fuentesfidedignas.com.mx\\\/index.php\\\/2021\\\/09\\\/14\\\/avance-historico-a-los-derechos-humanos-de-las-mujeres-la-aprobacion-del-aborto-gloria-himelda-felix-niebla\\\/#primaryimage\"},\"thumbnailUrl\":\"https:\\\/\\\/fuentesfidedignas.com.mx\\\/wp-content\\\/uploads\\\/2021\\\/09\\\/Foto-1-3.jpg\",\"datePublished\":\"2021-09-14T21:47:28+00:00\",\"dateModified\":\"2021-09-14T21:47:37+00:00\",\"breadcrumb\":{\"@id\":\"https:\\\/\\\/fuentesfidedignas.com.mx\\\/index.php\\\/2021\\\/09\\\/14\\\/avance-historico-a-los-derechos-humanos-de-las-mujeres-la-aprobacion-del-aborto-gloria-himelda-felix-niebla\\\/#breadcrumb\"},\"inLanguage\":\"es\",\"potentialAction\":[{\"@type\":\"ReadAction\",\"target\":[\"https:\\\/\\\/fuentesfidedignas.com.mx\\\/index.php\\\/2021\\\/09\\\/14\\\/avance-historico-a-los-derechos-humanos-de-las-mujeres-la-aprobacion-del-aborto-gloria-himelda-felix-niebla\\\/\"]}]},{\"@type\":\"ImageObject\",\"inLanguage\":\"es\",\"@id\":\"https:\\\/\\\/fuentesfidedignas.com.mx\\\/index.php\\\/2021\\\/09\\\/14\\\/avance-historico-a-los-derechos-humanos-de-las-mujeres-la-aprobacion-del-aborto-gloria-himelda-felix-niebla\\\/#primaryimage\",\"url\":\"https:\\\/\\\/fuentesfidedignas.com.mx\\\/wp-content\\\/uploads\\\/2021\\\/09\\\/Foto-1-3.jpg\",\"contentUrl\":\"https:\\\/\\\/fuentesfidedignas.com.mx\\\/wp-content\\\/uploads\\\/2021\\\/09\\\/Foto-1-3.jpg\",\"width\":1512,\"height\":1125},{\"@type\":\"BreadcrumbList\",\"@id\":\"https:\\\/\\\/fuentesfidedignas.com.mx\\\/index.php\\\/2021\\\/09\\\/14\\\/avance-historico-a-los-derechos-humanos-de-las-mujeres-la-aprobacion-del-aborto-gloria-himelda-felix-niebla\\\/#breadcrumb\",\"itemListElement\":[{\"@type\":\"ListItem\",\"position\":1,\"name\":\"Inicio\",\"item\":\"https:\\\/\\\/fuentesfidedignas.com.mx\\\/\"},{\"@type\":\"ListItem\",\"position\":2,\"name\":\"Avance hist\u00f3rico a los derechos humanos de las mujeres, la aprobaci\u00f3n del aborto: Gloria Himelda F\u00e9lix Niebla\"}]},{\"@type\":\"WebSite\",\"@id\":\"https:\\\/\\\/fuentesfidedignas.com.mx\\\/#website\",\"url\":\"https:\\\/\\\/fuentesfidedignas.com.mx\\\/\",\"name\":\"Fuentes Fidedignas\",\"description\":\"Otro sitio realizado con WordPress\",\"publisher\":{\"@id\":\"https:\\\/\\\/fuentesfidedignas.com.mx\\\/#organization\"},\"potentialAction\":[{\"@type\":\"SearchAction\",\"target\":{\"@type\":\"EntryPoint\",\"urlTemplate\":\"https:\\\/\\\/fuentesfidedignas.com.mx\\\/?s={search_term_string}\"},\"query-input\":{\"@type\":\"PropertyValueSpecification\",\"valueRequired\":true,\"valueName\":\"search_term_string\"}}],\"inLanguage\":\"es\"},{\"@type\":\"Organization\",\"@id\":\"https:\\\/\\\/fuentesfidedignas.com.mx\\\/#organization\",\"name\":\"Fuentes Fidedignas\",\"url\":\"https:\\\/\\\/fuentesfidedignas.com.mx\\\/\",\"logo\":{\"@type\":\"ImageObject\",\"inLanguage\":\"es\",\"@id\":\"https:\\\/\\\/fuentesfidedignas.com.mx\\\/#\\\/schema\\\/logo\\\/image\\\/\",\"url\":\"https:\\\/\\\/fuentesfidedignas.com.mx\\\/wp-content\\\/uploads\\\/2021\\\/04\\\/logo-retina.png\",\"contentUrl\":\"https:\\\/\\\/fuentesfidedignas.com.mx\\\/wp-content\\\/uploads\\\/2021\\\/04\\\/logo-retina.png\",\"width\":280,\"height\":51,\"caption\":\"Fuentes Fidedignas\"},\"image\":{\"@id\":\"https:\\\/\\\/fuentesfidedignas.com.mx\\\/#\\\/schema\\\/logo\\\/image\\\/\"},\"sameAs\":[\"https:\\\/\\\/www.facebook.com\\\/Fuentes-Fidedignas-368234489921644\",\"https:\\\/\\\/x.com\\\/fidedignas\"]},{\"@type\":\"Person\",\"@id\":\"https:\\\/\\\/fuentesfidedignas.com.mx\\\/#\\\/schema\\\/person\\\/331be9283d37198e2acd5750279085b0\",\"name\":\"Redacci\u00f3n\",\"image\":{\"@type\":\"ImageObject\",\"inLanguage\":\"es\",\"@id\":\"https:\\\/\\\/secure.gravatar.com\\\/avatar\\\/f6d8782c11d12b2d4ad3fbb6931aeab5309937a4d6cd2fc9cfaa28a6396a5aec?s=96&d=mm&r=g\",\"url\":\"https:\\\/\\\/secure.gravatar.com\\\/avatar\\\/f6d8782c11d12b2d4ad3fbb6931aeab5309937a4d6cd2fc9cfaa28a6396a5aec?s=96&d=mm&r=g\",\"contentUrl\":\"https:\\\/\\\/secure.gravatar.com\\\/avatar\\\/f6d8782c11d12b2d4ad3fbb6931aeab5309937a4d6cd2fc9cfaa28a6396a5aec?s=96&d=mm&r=g\",\"caption\":\"Redacci\u00f3n\"},\"url\":\"https:\\\/\\\/fuentesfidedignas.com.mx\\\/index.php\\\/author\\\/redaccion\\\/\"}]}<\/script>\n<!-- \/ Yoast SEO plugin. -->","yoast_head_json":{"title":"Avance hist\u00f3rico a los derechos humanos de las mujeres, la aprobaci\u00f3n del aborto: Gloria Himelda F\u00e9lix Niebla - Fuentes Fidedignas","robots":{"index":"index","follow":"follow","max-snippet":"max-snippet:-1","max-image-preview":"max-image-preview:large","max-video-preview":"max-video-preview:-1"},"canonical":"https:\/\/fuentesfidedignas.com.mx\/index.php\/2021\/09\/14\/avance-historico-a-los-derechos-humanos-de-las-mujeres-la-aprobacion-del-aborto-gloria-himelda-felix-niebla\/","og_locale":"es_MX","og_type":"article","og_title":"Avance hist\u00f3rico a los derechos humanos de las mujeres, la aprobaci\u00f3n del aborto: Gloria Himelda F\u00e9lix Niebla - Fuentes Fidedignas","og_description":"Manifest\u00f3 que con ello ahora se da certeza jur\u00eddica para que las instituciones de salud y de procuraci\u00f3n de justicia apoyen a las mujeres en su decisi\u00f3n de procrear o no. Culiac\u00e1n, Sin.- Como un avance hist\u00f3rico en el respeto a los derechos humanos de las mujeres, consider\u00f3 la diputada local del PRI, Gloria Himelda [&hellip;]","og_url":"https:\/\/fuentesfidedignas.com.mx\/index.php\/2021\/09\/14\/avance-historico-a-los-derechos-humanos-de-las-mujeres-la-aprobacion-del-aborto-gloria-himelda-felix-niebla\/","og_site_name":"Fuentes Fidedignas","article_publisher":"https:\/\/www.facebook.com\/Fuentes-Fidedignas-368234489921644","article_published_time":"2021-09-14T21:47:28+00:00","article_modified_time":"2021-09-14T21:47:37+00:00","og_image":[{"width":1512,"height":1125,"url":"https:\/\/fuentesfidedignas.com.mx\/wp-content\/uploads\/2021\/09\/Foto-1-3.jpg","type":"image\/jpeg"}],"author":"Redacci\u00f3n","twitter_card":"summary_large_image","twitter_creator":"@fidedignas","twitter_site":"@fidedignas","twitter_misc":{"Escrito por":"Redacci\u00f3n","Tiempo de lectura":"2 minutos"},"schema":{"@context":"https:\/\/schema.org","@graph":[{"@type":"Article","@id":"https:\/\/fuentesfidedignas.com.mx\/index.php\/2021\/09\/14\/avance-historico-a-los-derechos-humanos-de-las-mujeres-la-aprobacion-del-aborto-gloria-himelda-felix-niebla\/#article","isPartOf":{"@id":"https:\/\/fuentesfidedignas.com.mx\/index.php\/2021\/09\/14\/avance-historico-a-los-derechos-humanos-de-las-mujeres-la-aprobacion-del-aborto-gloria-himelda-felix-niebla\/"},"author":{"name":"Redacci\u00f3n","@id":"https:\/\/fuentesfidedignas.com.mx\/#\/schema\/person\/331be9283d37198e2acd5750279085b0"},"headline":"Avance hist\u00f3rico a los derechos humanos de las mujeres, la aprobaci\u00f3n del aborto: Gloria Himelda F\u00e9lix Niebla","datePublished":"2021-09-14T21:47:28+00:00","dateModified":"2021-09-14T21:47:37+00:00","mainEntityOfPage":{"@id":"https:\/\/fuentesfidedignas.com.mx\/index.php\/2021\/09\/14\/avance-historico-a-los-derechos-humanos-de-las-mujeres-la-aprobacion-del-aborto-gloria-himelda-felix-niebla\/"},"wordCount":414,"commentCount":0,"publisher":{"@id":"https:\/\/fuentesfidedignas.com.mx\/#organization"},"image":{"@id":"https:\/\/fuentesfidedignas.com.mx\/index.php\/2021\/09\/14\/avance-historico-a-los-derechos-humanos-de-las-mujeres-la-aprobacion-del-aborto-gloria-himelda-felix-niebla\/#primaryimage"},"thumbnailUrl":"https:\/\/fuentesfidedignas.com.mx\/wp-content\/uploads\/2021\/09\/Foto-1-3.jpg","keywords":["Aborto","Aborto legal","Partido Revolucionario Institucional","PRI"],"articleSection":["NOTICIAS LOCALES"],"inLanguage":"es","potentialAction":[{"@type":"CommentAction","name":"Comment","target":["https:\/\/fuentesfidedignas.com.mx\/index.php\/2021\/09\/14\/avance-historico-a-los-derechos-humanos-de-las-mujeres-la-aprobacion-del-aborto-gloria-himelda-felix-niebla\/#respond"]}]},{"@type":"WebPage","@id":"https:\/\/fuentesfidedignas.com.mx\/index.php\/2021\/09\/14\/avance-historico-a-los-derechos-humanos-de-las-mujeres-la-aprobacion-del-aborto-gloria-himelda-felix-niebla\/","url":"https:\/\/fuentesfidedignas.com.mx\/index.php\/2021\/09\/14\/avance-historico-a-los-derechos-humanos-de-las-mujeres-la-aprobacion-del-aborto-gloria-himelda-felix-niebla\/","name":"Avance hist\u00f3rico a los derechos humanos de las mujeres, la aprobaci\u00f3n del aborto: Gloria Himelda F\u00e9lix Niebla - Fuentes Fidedignas","isPartOf":{"@id":"https:\/\/fuentesfidedignas.com.mx\/#website"},"primaryImageOfPage":{"@id":"https:\/\/fuentesfidedignas.com.mx\/index.php\/2021\/09\/14\/avance-historico-a-los-derechos-humanos-de-las-mujeres-la-aprobacion-del-aborto-gloria-himelda-felix-niebla\/#primaryimage"},"image":{"@id":"https:\/\/fuentesfidedignas.com.mx\/index.php\/2021\/09\/14\/avance-historico-a-los-derechos-humanos-de-las-mujeres-la-aprobacion-del-aborto-gloria-himelda-felix-niebla\/#primaryimage"},"thumbnailUrl":"https:\/\/fuentesfidedignas.com.mx\/wp-content\/uploads\/2021\/09\/Foto-1-3.jpg","datePublished":"2021-09-14T21:47:28+00:00","dateModified":"2021-09-14T21:47:37+00:00","breadcrumb":{"@id":"https:\/\/fuentesfidedignas.com.mx\/index.php\/2021\/09\/14\/avance-historico-a-los-derechos-humanos-de-las-mujeres-la-aprobacion-del-aborto-gloria-himelda-felix-niebla\/#breadcrumb"},"inLanguage":"es","potentialAction":[{"@type":"ReadAction","target":["https:\/\/fuentesfidedignas.com.mx\/index.php\/2021\/09\/14\/avance-historico-a-los-derechos-humanos-de-las-mujeres-la-aprobacion-del-aborto-gloria-himelda-felix-niebla\/"]}]},{"@type":"ImageObject","inLanguage":"es","@id":"https:\/\/fuentesfidedignas.com.mx\/index.php\/2021\/09\/14\/avance-historico-a-los-derechos-humanos-de-las-mujeres-la-aprobacion-del-aborto-gloria-himelda-felix-niebla\/#primaryimage","url":"https:\/\/fuentesfidedignas.com.mx\/wp-content\/uploads\/2021\/09\/Foto-1-3.jpg","contentUrl":"https:\/\/fuentesfidedignas.com.mx\/wp-content\/uploads\/2021\/09\/Foto-1-3.jpg","width":1512,"height":1125},{"@type":"BreadcrumbList","@id":"https:\/\/fuentesfidedignas.com.mx\/index.php\/2021\/09\/14\/avance-historico-a-los-derechos-humanos-de-las-mujeres-la-aprobacion-del-aborto-gloria-himelda-felix-niebla\/#breadcrumb","itemListElement":[{"@type":"ListItem","position":1,"name":"Inicio","item":"https:\/\/fuentesfidedignas.com.mx\/"},{"@type":"ListItem","position":2,"name":"Avance hist\u00f3rico a los derechos humanos de las mujeres, la aprobaci\u00f3n del aborto: Gloria Himelda F\u00e9lix Niebla"}]},{"@type":"WebSite","@id":"https:\/\/fuentesfidedignas.com.mx\/#website","url":"https:\/\/fuentesfidedignas.com.mx\/","name":"Fuentes Fidedignas","description":"Otro sitio realizado con WordPress","publisher":{"@id":"https:\/\/fuentesfidedignas.com.mx\/#organization"},"potentialAction":[{"@type":"SearchAction","target":{"@type":"EntryPoint","urlTemplate":"https:\/\/fuentesfidedignas.com.mx\/?s={search_term_string}"},"query-input":{"@type":"PropertyValueSpecification","valueRequired":true,"valueName":"search_term_string"}}],"inLanguage":"es"},{"@type":"Organization","@id":"https:\/\/fuentesfidedignas.com.mx\/#organization","name":"Fuentes Fidedignas","url":"https:\/\/fuentesfidedignas.com.mx\/","logo":{"@type":"ImageObject","inLanguage":"es","@id":"https:\/\/fuentesfidedignas.com.mx\/#\/schema\/logo\/image\/","url":"https:\/\/fuentesfidedignas.com.mx\/wp-content\/uploads\/2021\/04\/logo-retina.png","contentUrl":"https:\/\/fuentesfidedignas.com.mx\/wp-content\/uploads\/2021\/04\/logo-retina.png","width":280,"height":51,"caption":"Fuentes Fidedignas"},"image":{"@id":"https:\/\/fuentesfidedignas.com.mx\/#\/schema\/logo\/image\/"},"sameAs":["https:\/\/www.facebook.com\/Fuentes-Fidedignas-368234489921644","https:\/\/x.com\/fidedignas"]},{"@type":"Person","@id":"https:\/\/fuentesfidedignas.com.mx\/#\/schema\/person\/331be9283d37198e2acd5750279085b0","name":"Redacci\u00f3n","image":{"@type":"ImageObject","inLanguage":"es","@id":"https:\/\/secure.gravatar.com\/avatar\/f6d8782c11d12b2d4ad3fbb6931aeab5309937a4d6cd2fc9cfaa28a6396a5aec?s=96&d=mm&r=g","url":"https:\/\/secure.gravatar.com\/avatar\/f6d8782c11d12b2d4ad3fbb6931aeab5309937a4d6cd2fc9cfaa28a6396a5aec?s=96&d=mm&r=g","contentUrl":"https:\/\/secure.gravatar.com\/avatar\/f6d8782c11d12b2d4ad3fbb6931aeab5309937a4d6cd2fc9cfaa28a6396a5aec?s=96&d=mm&r=g","caption":"Redacci\u00f3n"},"url":"https:\/\/fuentesfidedignas.com.mx\/index.php\/author\/redaccion\/"}]}},"_links":{"self":[{"href":"https:\/\/fuentesfidedignas.com.mx\/index.php\/wp-json\/wp\/v2\/posts\/12602","targetHints":{"allow":["GET"]}}],"collection":[{"href":"https:\/\/fuentesfidedignas.com.mx\/index.php\/wp-json\/wp\/v2\/posts"}],"about":[{"href":"https:\/\/fuentesfidedignas.com.mx\/index.php\/wp-json\/wp\/v2\/types\/post"}],"author":[{"embeddable":true,"href":"https:\/\/fuentesfidedignas.com.mx\/index.php\/wp-json\/wp\/v2\/users\/4"}],"replies":[{"embeddable":true,"href":"https:\/\/fuentesfidedignas.com.mx\/index.php\/wp-json\/wp\/v2\/comments?post=12602"}],"version-history":[{"count":1,"href":"https:\/\/fuentesfidedignas.com.mx\/index.php\/wp-json\/wp\/v2\/posts\/12602\/revisions"}],"predecessor-version":[{"id":12603,"href":"https:\/\/fuentesfidedignas.com.mx\/index.php\/wp-json\/wp\/v2\/posts\/12602\/revisions\/12603"}],"wp:featuredmedia":[{"embeddable":true,"href":"https:\/\/fuentesfidedignas.com.mx\/index.php\/wp-json\/wp\/v2\/media\/12604"}],"wp:attachment":[{"href":"https:\/\/fuentesfidedignas.com.mx\/index.php\/wp-json\/wp\/v2\/media?parent=12602"}],"wp:term":[{"taxonomy":"category","embeddable":true,"href":"https:\/\/fuentesfidedignas.com.mx\/index.php\/wp-json\/wp\/v2\/categories?post=12602"},{"taxonomy":"post_tag","embeddable":true,"href":"https:\/\/fuentesfidedignas.com.mx\/index.php\/wp-json\/wp\/v2\/tags?post=12602"}],"curies":[{"name":"wp","href":"https:\/\/api.w.org\/{rel}","templated":true}]}}