{"id":125971,"date":"2026-01-25T09:12:40","date_gmt":"2026-01-25T16:12:40","guid":{"rendered":"https:\/\/fuentesfidedignas.com.mx\/?p=125971"},"modified":"2026-01-25T09:12:43","modified_gmt":"2026-01-25T16:12:43","slug":"democracia-selectiva-cuando-el-pan-se-parece-a-lo-que-combate","status":"publish","type":"post","link":"https:\/\/fuentesfidedignas.com.mx\/index.php\/2026\/01\/25\/democracia-selectiva-cuando-el-pan-se-parece-a-lo-que-combate\/","title":{"rendered":"Democracia selectiva: cuando el PAN se parece a lo que combate"},"content":{"rendered":"\n<p>La resoluci\u00f3n del Tribunal Estatal Electoral de Sinaloa no es un episodio menor ni un simple diferendo interno del Partido Acci\u00f3n Nacional. Es, en realidad, un retrato inc\u00f3modo de c\u00f3mo un partido que hist\u00f3ricamente ha hecho de la legalidad, el Estado de derecho y la democracia interna sus principales banderas, puede caer en pr\u00e1cticas que contradicen su propio discurso. Lo ocurrido con la baja selectiva de consejeros, la omisi\u00f3n deliberada de notificaciones y la negaci\u00f3n del derecho de audiencia no es un error administrativo: es una forma de ejercicio del poder que erosiona la credibilidad institucional del PAN desde dentro.<br>El argumento de las \u201cinasistencias injustificadas\u201d utilizado para dar de baja a diez consejeros previo al proceso de selecci\u00f3n del Consejo Estatal podr\u00eda parecer, en apariencia, una aplicaci\u00f3n estricta de los estatutos. Sin embargo, cuando la sanci\u00f3n se aplica solo a quienes representan una oposici\u00f3n interna y se omite deliberadamente sancionar a otros militantes en la misma condici\u00f3n, deja de ser legalidad y se convierte en discrecionalidad. La democracia interna no se rompe cuando hay competencia; se rompe cuando las reglas se aplican con sesgo pol\u00edtico.<br>M\u00e1s grave a\u00fan es la negaci\u00f3n del derecho de audiencia, una garant\u00eda elemental no solo en la vida partidista, sino en cualquier sistema que se asuma democr\u00e1tico. No notificar a los consejeros, impedirles defenderse y, posteriormente, argumentar que el da\u00f1o ya no puede repararse porque el proceso \u201cya ocurri\u00f3\u201d, revela una l\u00f3gica peligrosa: la del hecho consumado como estrategia para burlar la justicia. En t\u00e9rminos pol\u00edticos, es aceptar que el poder interno puede imponerse incluso por encima de la ley, siempre y cuando el calendario juegue a favor de quien controla el aparato.<br>La postura de la Comisi\u00f3n de Justicia del PAN, al reconocer impl\u00edcitamente que los consejeros pod\u00edan tener la raz\u00f3n, pero sostener que ya no era posible resarcir el da\u00f1o, raya en el cinismo institucional. Es tanto como decir que la legalidad tiene fecha de caducidad y que los derechos de la militancia valen menos que la comodidad de una dirigencia. Por eso la intervenci\u00f3n del Tribunal no solo era necesaria, sino inevitable: alguien ten\u00eda que recordarle al PAN que sus estatutos no est\u00e1n por encima de la Constituci\u00f3n, ni sus procesos internos exentos del escrutinio jur\u00eddico.<br>Resulta preocupante, adem\u00e1s, la narrativa que intenta reducir este fallo a un problema de \u201cno saber perder\u201d. Ese discurso, adem\u00e1s de simplista, es profundamente deshonesto. No se trata de desconocer resultados, sino de cuestionar un proceso viciado desde su origen. Confundir legalidad con victoria pol\u00edtica es una de las trampas m\u00e1s recurrentes del poder, y cuando esa l\u00f3gica se normaliza dentro de un partido, lo que sigue es la expulsi\u00f3n silenciosa de la disidencia y la cancelaci\u00f3n de la pluralidad interna.<br>La frase que circula entre militantes \u2014\u201cte inhabilito y te dejo fuera\u201d\u2014 no surge de la exageraci\u00f3n ret\u00f3rica, sino de la experiencia concreta de quienes fueron excluidos sin derecho a defensa. Cuando un partido empieza a usar la inhabilitaci\u00f3n como herramienta pol\u00edtica, deja de ser un espacio de competencia democr\u00e1tica y se transforma en un club de lealtades condicionadas. Eso no fortalece al PAN; lo debilita y lo aleja de su base social.<br>El fallo del Tribunal abre, parad\u00f3jicamente, una oportunidad. Reponer la asamblea y restituir derechos no deber\u00eda verse como una derrota, sino como una posibilidad de corregir el rumbo y enviar un mensaje claro: en el PAN a\u00fan caben las voces cr\u00edticas y la competencia real. La democracia no es c\u00f3moda, implica riesgos, derrotas y confrontaciones internas, pero es el \u00fanico camino para construir legitimidad.<br>Si el PAN pretende ser una oposici\u00f3n s\u00f3lida rumbo a 2027, primero tendr\u00e1 que demostrar que es capaz de gobernarse a s\u00ed mismo con apego a la ley. No se puede exigir transparencia, legalidad y respeto a los derechos desde la tribuna p\u00fablica cuando, en la vida interna, se toleran pr\u00e1cticas que los vulneran. La autoridad moral no se decreta; se construye, y en este caso, se ha visto seriamente comprometida.<br>En pol\u00edtica, las formas importan tanto como los resultados. Y hoy, m\u00e1s que un conflicto interno, el PAN enfrenta un dilema mayor: decidir si quiere seguir siendo un partido que presume democracia o uno que la practica, incluso cuando el resultado no le favorece. El Tribunal ya hizo su parte. Ahora la responsabilidad es del propio partido y de su militancia.<\/p>\n","protected":false},"excerpt":{"rendered":"<p>La resoluci\u00f3n del Tribunal Estatal Electoral de Sinaloa no es un episodio menor ni un simple diferendo interno del Partido Acci\u00f3n Nacional. Es, en realidad, un retrato inc\u00f3modo de c\u00f3mo un partido que hist\u00f3ricamente ha hecho de la legalidad, el Estado de derecho y la democracia interna sus principales banderas, puede caer en pr\u00e1cticas que [&hellip;]<\/p>\n","protected":false},"author":140,"featured_media":125972,"comment_status":"open","ping_status":"open","sticky":false,"template":"","format":"standard","meta":{"tdm_status":"","tdm_grid_status":"","footnotes":""},"categories":[3064,3086],"tags":[],"class_list":{"0":"post-125971","1":"post","2":"type-post","3":"status-publish","4":"format-standard","5":"has-post-thumbnail","7":"category-columnas","8":"category-cuando-el-rio-suena"},"yoast_head":"<!-- This site is optimized with the Yoast SEO plugin v27.5 - https:\/\/yoast.com\/product\/yoast-seo-wordpress\/ -->\n<title>Democracia selectiva: cuando el PAN se parece a lo que combate - Fuentes Fidedignas<\/title>\n<meta name=\"robots\" content=\"index, follow, max-snippet:-1, max-image-preview:large, max-video-preview:-1\" \/>\n<link rel=\"canonical\" href=\"https:\/\/fuentesfidedignas.com.mx\/index.php\/2026\/01\/25\/democracia-selectiva-cuando-el-pan-se-parece-a-lo-que-combate\/\" \/>\n<meta property=\"og:locale\" content=\"es_MX\" \/>\n<meta property=\"og:type\" content=\"article\" \/>\n<meta property=\"og:title\" content=\"Democracia selectiva: cuando el PAN se parece a lo que combate - Fuentes Fidedignas\" \/>\n<meta property=\"og:description\" content=\"La resoluci\u00f3n del Tribunal Estatal Electoral de Sinaloa no es un episodio menor ni un simple diferendo interno del Partido Acci\u00f3n Nacional. Es, en realidad, un retrato inc\u00f3modo de c\u00f3mo un partido que hist\u00f3ricamente ha hecho de la legalidad, el Estado de derecho y la democracia interna sus principales banderas, puede caer en pr\u00e1cticas que [&hellip;]\" \/>\n<meta property=\"og:url\" content=\"https:\/\/fuentesfidedignas.com.mx\/index.php\/2026\/01\/25\/democracia-selectiva-cuando-el-pan-se-parece-a-lo-que-combate\/\" \/>\n<meta property=\"og:site_name\" content=\"Fuentes Fidedignas\" \/>\n<meta property=\"article:publisher\" content=\"https:\/\/www.facebook.com\/Fuentes-Fidedignas-368234489921644\" \/>\n<meta property=\"article:published_time\" content=\"2026-01-25T16:12:40+00:00\" \/>\n<meta property=\"article:modified_time\" content=\"2026-01-25T16:12:43+00:00\" \/>\n<meta property=\"og:image\" content=\"https:\/\/fuentesfidedignas.com.mx\/wp-content\/uploads\/2026\/01\/PHOTO-2026-01-25-07-52-41-3.jpg\" \/>\n\t<meta property=\"og:image:width\" content=\"1300\" \/>\n\t<meta property=\"og:image:height\" content=\"720\" \/>\n\t<meta property=\"og:image:type\" content=\"image\/jpeg\" \/>\n<meta name=\"author\" content=\"F.F\" \/>\n<meta name=\"twitter:card\" content=\"summary_large_image\" \/>\n<meta name=\"twitter:creator\" content=\"@fidedignas\" \/>\n<meta name=\"twitter:site\" content=\"@fidedignas\" \/>\n<meta name=\"twitter:label1\" content=\"Escrito por\" \/>\n\t<meta name=\"twitter:data1\" content=\"F.F\" \/>\n\t<meta name=\"twitter:label2\" content=\"Tiempo de lectura\" \/>\n\t<meta name=\"twitter:data2\" content=\"4 minutos\" \/>\n<script type=\"application\/ld+json\" class=\"yoast-schema-graph\">{\"@context\":\"https:\\\/\\\/schema.org\",\"@graph\":[{\"@type\":\"Article\",\"@id\":\"https:\\\/\\\/fuentesfidedignas.com.mx\\\/index.php\\\/2026\\\/01\\\/25\\\/democracia-selectiva-cuando-el-pan-se-parece-a-lo-que-combate\\\/#article\",\"isPartOf\":{\"@id\":\"https:\\\/\\\/fuentesfidedignas.com.mx\\\/index.php\\\/2026\\\/01\\\/25\\\/democracia-selectiva-cuando-el-pan-se-parece-a-lo-que-combate\\\/\"},\"author\":{\"name\":\"F.F\",\"@id\":\"https:\\\/\\\/fuentesfidedignas.com.mx\\\/#\\\/schema\\\/person\\\/257ce668995e70619a0423d4063f7539\"},\"headline\":\"Democracia selectiva: cuando el PAN se parece a lo que combate\",\"datePublished\":\"2026-01-25T16:12:40+00:00\",\"dateModified\":\"2026-01-25T16:12:43+00:00\",\"mainEntityOfPage\":{\"@id\":\"https:\\\/\\\/fuentesfidedignas.com.mx\\\/index.php\\\/2026\\\/01\\\/25\\\/democracia-selectiva-cuando-el-pan-se-parece-a-lo-que-combate\\\/\"},\"wordCount\":792,\"commentCount\":0,\"publisher\":{\"@id\":\"https:\\\/\\\/fuentesfidedignas.com.mx\\\/#organization\"},\"image\":{\"@id\":\"https:\\\/\\\/fuentesfidedignas.com.mx\\\/index.php\\\/2026\\\/01\\\/25\\\/democracia-selectiva-cuando-el-pan-se-parece-a-lo-que-combate\\\/#primaryimage\"},\"thumbnailUrl\":\"https:\\\/\\\/fuentesfidedignas.com.mx\\\/wp-content\\\/uploads\\\/2026\\\/01\\\/PHOTO-2026-01-25-07-52-41-3.jpg\",\"articleSection\":[\"COLUMNAS\",\"CUANDO EL RIO SUENA\"],\"inLanguage\":\"es\",\"potentialAction\":[{\"@type\":\"CommentAction\",\"name\":\"Comment\",\"target\":[\"https:\\\/\\\/fuentesfidedignas.com.mx\\\/index.php\\\/2026\\\/01\\\/25\\\/democracia-selectiva-cuando-el-pan-se-parece-a-lo-que-combate\\\/#respond\"]}]},{\"@type\":\"WebPage\",\"@id\":\"https:\\\/\\\/fuentesfidedignas.com.mx\\\/index.php\\\/2026\\\/01\\\/25\\\/democracia-selectiva-cuando-el-pan-se-parece-a-lo-que-combate\\\/\",\"url\":\"https:\\\/\\\/fuentesfidedignas.com.mx\\\/index.php\\\/2026\\\/01\\\/25\\\/democracia-selectiva-cuando-el-pan-se-parece-a-lo-que-combate\\\/\",\"name\":\"Democracia selectiva: cuando el PAN se parece a lo que combate - Fuentes Fidedignas\",\"isPartOf\":{\"@id\":\"https:\\\/\\\/fuentesfidedignas.com.mx\\\/#website\"},\"primaryImageOfPage\":{\"@id\":\"https:\\\/\\\/fuentesfidedignas.com.mx\\\/index.php\\\/2026\\\/01\\\/25\\\/democracia-selectiva-cuando-el-pan-se-parece-a-lo-que-combate\\\/#primaryimage\"},\"image\":{\"@id\":\"https:\\\/\\\/fuentesfidedignas.com.mx\\\/index.php\\\/2026\\\/01\\\/25\\\/democracia-selectiva-cuando-el-pan-se-parece-a-lo-que-combate\\\/#primaryimage\"},\"thumbnailUrl\":\"https:\\\/\\\/fuentesfidedignas.com.mx\\\/wp-content\\\/uploads\\\/2026\\\/01\\\/PHOTO-2026-01-25-07-52-41-3.jpg\",\"datePublished\":\"2026-01-25T16:12:40+00:00\",\"dateModified\":\"2026-01-25T16:12:43+00:00\",\"breadcrumb\":{\"@id\":\"https:\\\/\\\/fuentesfidedignas.com.mx\\\/index.php\\\/2026\\\/01\\\/25\\\/democracia-selectiva-cuando-el-pan-se-parece-a-lo-que-combate\\\/#breadcrumb\"},\"inLanguage\":\"es\",\"potentialAction\":[{\"@type\":\"ReadAction\",\"target\":[\"https:\\\/\\\/fuentesfidedignas.com.mx\\\/index.php\\\/2026\\\/01\\\/25\\\/democracia-selectiva-cuando-el-pan-se-parece-a-lo-que-combate\\\/\"]}]},{\"@type\":\"ImageObject\",\"inLanguage\":\"es\",\"@id\":\"https:\\\/\\\/fuentesfidedignas.com.mx\\\/index.php\\\/2026\\\/01\\\/25\\\/democracia-selectiva-cuando-el-pan-se-parece-a-lo-que-combate\\\/#primaryimage\",\"url\":\"https:\\\/\\\/fuentesfidedignas.com.mx\\\/wp-content\\\/uploads\\\/2026\\\/01\\\/PHOTO-2026-01-25-07-52-41-3.jpg\",\"contentUrl\":\"https:\\\/\\\/fuentesfidedignas.com.mx\\\/wp-content\\\/uploads\\\/2026\\\/01\\\/PHOTO-2026-01-25-07-52-41-3.jpg\",\"width\":1300,\"height\":720},{\"@type\":\"BreadcrumbList\",\"@id\":\"https:\\\/\\\/fuentesfidedignas.com.mx\\\/index.php\\\/2026\\\/01\\\/25\\\/democracia-selectiva-cuando-el-pan-se-parece-a-lo-que-combate\\\/#breadcrumb\",\"itemListElement\":[{\"@type\":\"ListItem\",\"position\":1,\"name\":\"Inicio\",\"item\":\"https:\\\/\\\/fuentesfidedignas.com.mx\\\/\"},{\"@type\":\"ListItem\",\"position\":2,\"name\":\"Democracia selectiva: cuando el PAN se parece a lo que combate\"}]},{\"@type\":\"WebSite\",\"@id\":\"https:\\\/\\\/fuentesfidedignas.com.mx\\\/#website\",\"url\":\"https:\\\/\\\/fuentesfidedignas.com.mx\\\/\",\"name\":\"Fuentes Fidedignas\",\"description\":\"Otro sitio realizado con WordPress\",\"publisher\":{\"@id\":\"https:\\\/\\\/fuentesfidedignas.com.mx\\\/#organization\"},\"potentialAction\":[{\"@type\":\"SearchAction\",\"target\":{\"@type\":\"EntryPoint\",\"urlTemplate\":\"https:\\\/\\\/fuentesfidedignas.com.mx\\\/?s={search_term_string}\"},\"query-input\":{\"@type\":\"PropertyValueSpecification\",\"valueRequired\":true,\"valueName\":\"search_term_string\"}}],\"inLanguage\":\"es\"},{\"@type\":\"Organization\",\"@id\":\"https:\\\/\\\/fuentesfidedignas.com.mx\\\/#organization\",\"name\":\"Fuentes Fidedignas\",\"url\":\"https:\\\/\\\/fuentesfidedignas.com.mx\\\/\",\"logo\":{\"@type\":\"ImageObject\",\"inLanguage\":\"es\",\"@id\":\"https:\\\/\\\/fuentesfidedignas.com.mx\\\/#\\\/schema\\\/logo\\\/image\\\/\",\"url\":\"https:\\\/\\\/fuentesfidedignas.com.mx\\\/wp-content\\\/uploads\\\/2021\\\/04\\\/logo-retina.png\",\"contentUrl\":\"https:\\\/\\\/fuentesfidedignas.com.mx\\\/wp-content\\\/uploads\\\/2021\\\/04\\\/logo-retina.png\",\"width\":280,\"height\":51,\"caption\":\"Fuentes Fidedignas\"},\"image\":{\"@id\":\"https:\\\/\\\/fuentesfidedignas.com.mx\\\/#\\\/schema\\\/logo\\\/image\\\/\"},\"sameAs\":[\"https:\\\/\\\/www.facebook.com\\\/Fuentes-Fidedignas-368234489921644\",\"https:\\\/\\\/x.com\\\/fidedignas\"]},{\"@type\":\"Person\",\"@id\":\"https:\\\/\\\/fuentesfidedignas.com.mx\\\/#\\\/schema\\\/person\\\/257ce668995e70619a0423d4063f7539\",\"name\":\"F.F\",\"image\":{\"@type\":\"ImageObject\",\"inLanguage\":\"es\",\"@id\":\"https:\\\/\\\/secure.gravatar.com\\\/avatar\\\/852c26b8e524fd0d5d40b1dd4f3b01abe244b22e1008620d24eeae20a74a9353?s=96&d=mm&r=g\",\"url\":\"https:\\\/\\\/secure.gravatar.com\\\/avatar\\\/852c26b8e524fd0d5d40b1dd4f3b01abe244b22e1008620d24eeae20a74a9353?s=96&d=mm&r=g\",\"contentUrl\":\"https:\\\/\\\/secure.gravatar.com\\\/avatar\\\/852c26b8e524fd0d5d40b1dd4f3b01abe244b22e1008620d24eeae20a74a9353?s=96&d=mm&r=g\",\"caption\":\"F.F\"},\"url\":\"https:\\\/\\\/fuentesfidedignas.com.mx\\\/index.php\\\/author\\\/f-f\\\/\"}]}<\/script>\n<!-- \/ Yoast SEO plugin. -->","yoast_head_json":{"title":"Democracia selectiva: cuando el PAN se parece a lo que combate - Fuentes Fidedignas","robots":{"index":"index","follow":"follow","max-snippet":"max-snippet:-1","max-image-preview":"max-image-preview:large","max-video-preview":"max-video-preview:-1"},"canonical":"https:\/\/fuentesfidedignas.com.mx\/index.php\/2026\/01\/25\/democracia-selectiva-cuando-el-pan-se-parece-a-lo-que-combate\/","og_locale":"es_MX","og_type":"article","og_title":"Democracia selectiva: cuando el PAN se parece a lo que combate - Fuentes Fidedignas","og_description":"La resoluci\u00f3n del Tribunal Estatal Electoral de Sinaloa no es un episodio menor ni un simple diferendo interno del Partido Acci\u00f3n Nacional. Es, en realidad, un retrato inc\u00f3modo de c\u00f3mo un partido que hist\u00f3ricamente ha hecho de la legalidad, el Estado de derecho y la democracia interna sus principales banderas, puede caer en pr\u00e1cticas que [&hellip;]","og_url":"https:\/\/fuentesfidedignas.com.mx\/index.php\/2026\/01\/25\/democracia-selectiva-cuando-el-pan-se-parece-a-lo-que-combate\/","og_site_name":"Fuentes Fidedignas","article_publisher":"https:\/\/www.facebook.com\/Fuentes-Fidedignas-368234489921644","article_published_time":"2026-01-25T16:12:40+00:00","article_modified_time":"2026-01-25T16:12:43+00:00","og_image":[{"width":1300,"height":720,"url":"https:\/\/fuentesfidedignas.com.mx\/wp-content\/uploads\/2026\/01\/PHOTO-2026-01-25-07-52-41-3.jpg","type":"image\/jpeg"}],"author":"F.F","twitter_card":"summary_large_image","twitter_creator":"@fidedignas","twitter_site":"@fidedignas","twitter_misc":{"Escrito por":"F.F","Tiempo de lectura":"4 minutos"},"schema":{"@context":"https:\/\/schema.org","@graph":[{"@type":"Article","@id":"https:\/\/fuentesfidedignas.com.mx\/index.php\/2026\/01\/25\/democracia-selectiva-cuando-el-pan-se-parece-a-lo-que-combate\/#article","isPartOf":{"@id":"https:\/\/fuentesfidedignas.com.mx\/index.php\/2026\/01\/25\/democracia-selectiva-cuando-el-pan-se-parece-a-lo-que-combate\/"},"author":{"name":"F.F","@id":"https:\/\/fuentesfidedignas.com.mx\/#\/schema\/person\/257ce668995e70619a0423d4063f7539"},"headline":"Democracia selectiva: cuando el PAN se parece a lo que combate","datePublished":"2026-01-25T16:12:40+00:00","dateModified":"2026-01-25T16:12:43+00:00","mainEntityOfPage":{"@id":"https:\/\/fuentesfidedignas.com.mx\/index.php\/2026\/01\/25\/democracia-selectiva-cuando-el-pan-se-parece-a-lo-que-combate\/"},"wordCount":792,"commentCount":0,"publisher":{"@id":"https:\/\/fuentesfidedignas.com.mx\/#organization"},"image":{"@id":"https:\/\/fuentesfidedignas.com.mx\/index.php\/2026\/01\/25\/democracia-selectiva-cuando-el-pan-se-parece-a-lo-que-combate\/#primaryimage"},"thumbnailUrl":"https:\/\/fuentesfidedignas.com.mx\/wp-content\/uploads\/2026\/01\/PHOTO-2026-01-25-07-52-41-3.jpg","articleSection":["COLUMNAS","CUANDO EL RIO SUENA"],"inLanguage":"es","potentialAction":[{"@type":"CommentAction","name":"Comment","target":["https:\/\/fuentesfidedignas.com.mx\/index.php\/2026\/01\/25\/democracia-selectiva-cuando-el-pan-se-parece-a-lo-que-combate\/#respond"]}]},{"@type":"WebPage","@id":"https:\/\/fuentesfidedignas.com.mx\/index.php\/2026\/01\/25\/democracia-selectiva-cuando-el-pan-se-parece-a-lo-que-combate\/","url":"https:\/\/fuentesfidedignas.com.mx\/index.php\/2026\/01\/25\/democracia-selectiva-cuando-el-pan-se-parece-a-lo-que-combate\/","name":"Democracia selectiva: cuando el PAN se parece a lo que combate - Fuentes Fidedignas","isPartOf":{"@id":"https:\/\/fuentesfidedignas.com.mx\/#website"},"primaryImageOfPage":{"@id":"https:\/\/fuentesfidedignas.com.mx\/index.php\/2026\/01\/25\/democracia-selectiva-cuando-el-pan-se-parece-a-lo-que-combate\/#primaryimage"},"image":{"@id":"https:\/\/fuentesfidedignas.com.mx\/index.php\/2026\/01\/25\/democracia-selectiva-cuando-el-pan-se-parece-a-lo-que-combate\/#primaryimage"},"thumbnailUrl":"https:\/\/fuentesfidedignas.com.mx\/wp-content\/uploads\/2026\/01\/PHOTO-2026-01-25-07-52-41-3.jpg","datePublished":"2026-01-25T16:12:40+00:00","dateModified":"2026-01-25T16:12:43+00:00","breadcrumb":{"@id":"https:\/\/fuentesfidedignas.com.mx\/index.php\/2026\/01\/25\/democracia-selectiva-cuando-el-pan-se-parece-a-lo-que-combate\/#breadcrumb"},"inLanguage":"es","potentialAction":[{"@type":"ReadAction","target":["https:\/\/fuentesfidedignas.com.mx\/index.php\/2026\/01\/25\/democracia-selectiva-cuando-el-pan-se-parece-a-lo-que-combate\/"]}]},{"@type":"ImageObject","inLanguage":"es","@id":"https:\/\/fuentesfidedignas.com.mx\/index.php\/2026\/01\/25\/democracia-selectiva-cuando-el-pan-se-parece-a-lo-que-combate\/#primaryimage","url":"https:\/\/fuentesfidedignas.com.mx\/wp-content\/uploads\/2026\/01\/PHOTO-2026-01-25-07-52-41-3.jpg","contentUrl":"https:\/\/fuentesfidedignas.com.mx\/wp-content\/uploads\/2026\/01\/PHOTO-2026-01-25-07-52-41-3.jpg","width":1300,"height":720},{"@type":"BreadcrumbList","@id":"https:\/\/fuentesfidedignas.com.mx\/index.php\/2026\/01\/25\/democracia-selectiva-cuando-el-pan-se-parece-a-lo-que-combate\/#breadcrumb","itemListElement":[{"@type":"ListItem","position":1,"name":"Inicio","item":"https:\/\/fuentesfidedignas.com.mx\/"},{"@type":"ListItem","position":2,"name":"Democracia selectiva: cuando el PAN se parece a lo que combate"}]},{"@type":"WebSite","@id":"https:\/\/fuentesfidedignas.com.mx\/#website","url":"https:\/\/fuentesfidedignas.com.mx\/","name":"Fuentes Fidedignas","description":"Otro sitio realizado con WordPress","publisher":{"@id":"https:\/\/fuentesfidedignas.com.mx\/#organization"},"potentialAction":[{"@type":"SearchAction","target":{"@type":"EntryPoint","urlTemplate":"https:\/\/fuentesfidedignas.com.mx\/?s={search_term_string}"},"query-input":{"@type":"PropertyValueSpecification","valueRequired":true,"valueName":"search_term_string"}}],"inLanguage":"es"},{"@type":"Organization","@id":"https:\/\/fuentesfidedignas.com.mx\/#organization","name":"Fuentes Fidedignas","url":"https:\/\/fuentesfidedignas.com.mx\/","logo":{"@type":"ImageObject","inLanguage":"es","@id":"https:\/\/fuentesfidedignas.com.mx\/#\/schema\/logo\/image\/","url":"https:\/\/fuentesfidedignas.com.mx\/wp-content\/uploads\/2021\/04\/logo-retina.png","contentUrl":"https:\/\/fuentesfidedignas.com.mx\/wp-content\/uploads\/2021\/04\/logo-retina.png","width":280,"height":51,"caption":"Fuentes Fidedignas"},"image":{"@id":"https:\/\/fuentesfidedignas.com.mx\/#\/schema\/logo\/image\/"},"sameAs":["https:\/\/www.facebook.com\/Fuentes-Fidedignas-368234489921644","https:\/\/x.com\/fidedignas"]},{"@type":"Person","@id":"https:\/\/fuentesfidedignas.com.mx\/#\/schema\/person\/257ce668995e70619a0423d4063f7539","name":"F.F","image":{"@type":"ImageObject","inLanguage":"es","@id":"https:\/\/secure.gravatar.com\/avatar\/852c26b8e524fd0d5d40b1dd4f3b01abe244b22e1008620d24eeae20a74a9353?s=96&d=mm&r=g","url":"https:\/\/secure.gravatar.com\/avatar\/852c26b8e524fd0d5d40b1dd4f3b01abe244b22e1008620d24eeae20a74a9353?s=96&d=mm&r=g","contentUrl":"https:\/\/secure.gravatar.com\/avatar\/852c26b8e524fd0d5d40b1dd4f3b01abe244b22e1008620d24eeae20a74a9353?s=96&d=mm&r=g","caption":"F.F"},"url":"https:\/\/fuentesfidedignas.com.mx\/index.php\/author\/f-f\/"}]}},"_links":{"self":[{"href":"https:\/\/fuentesfidedignas.com.mx\/index.php\/wp-json\/wp\/v2\/posts\/125971","targetHints":{"allow":["GET"]}}],"collection":[{"href":"https:\/\/fuentesfidedignas.com.mx\/index.php\/wp-json\/wp\/v2\/posts"}],"about":[{"href":"https:\/\/fuentesfidedignas.com.mx\/index.php\/wp-json\/wp\/v2\/types\/post"}],"author":[{"embeddable":true,"href":"https:\/\/fuentesfidedignas.com.mx\/index.php\/wp-json\/wp\/v2\/users\/140"}],"replies":[{"embeddable":true,"href":"https:\/\/fuentesfidedignas.com.mx\/index.php\/wp-json\/wp\/v2\/comments?post=125971"}],"version-history":[{"count":2,"href":"https:\/\/fuentesfidedignas.com.mx\/index.php\/wp-json\/wp\/v2\/posts\/125971\/revisions"}],"predecessor-version":[{"id":126052,"href":"https:\/\/fuentesfidedignas.com.mx\/index.php\/wp-json\/wp\/v2\/posts\/125971\/revisions\/126052"}],"wp:featuredmedia":[{"embeddable":true,"href":"https:\/\/fuentesfidedignas.com.mx\/index.php\/wp-json\/wp\/v2\/media\/125972"}],"wp:attachment":[{"href":"https:\/\/fuentesfidedignas.com.mx\/index.php\/wp-json\/wp\/v2\/media?parent=125971"}],"wp:term":[{"taxonomy":"category","embeddable":true,"href":"https:\/\/fuentesfidedignas.com.mx\/index.php\/wp-json\/wp\/v2\/categories?post=125971"},{"taxonomy":"post_tag","embeddable":true,"href":"https:\/\/fuentesfidedignas.com.mx\/index.php\/wp-json\/wp\/v2\/tags?post=125971"}],"curies":[{"name":"wp","href":"https:\/\/api.w.org\/{rel}","templated":true}]}}