{"id":125746,"date":"2026-01-21T08:18:23","date_gmt":"2026-01-21T15:18:23","guid":{"rendered":"https:\/\/fuentesfidedignas.com.mx\/?p=125746"},"modified":"2026-01-21T08:18:30","modified_gmt":"2026-01-21T15:18:30","slug":"sheinbaum-dice-que-entrega-de-37-capos-a-eu-fue-una-decision-soberana","status":"publish","type":"post","link":"https:\/\/fuentesfidedignas.com.mx\/index.php\/2026\/01\/21\/sheinbaum-dice-que-entrega-de-37-capos-a-eu-fue-una-decision-soberana\/","title":{"rendered":"Sheinbaum dice que entrega de 37 capos a EU fue una &#8220;decisi\u00f3n soberana&#8221;"},"content":{"rendered":"\n<p><strong><em>La Presidenta dijo que el env\u00edo fue a solicitud del Departamento de Justicia estadounidense<\/em><\/strong><\/p>\n\n\n\n<p>La presidenta Claudia Sheinbaum asegur\u00f3 que la entrega de 37 personas vinculadas con organizaciones criminales a las autoridades de Estados Unidos fue una decisi\u00f3n soberana del Estado mexicano, tomada a solicitud del Departamento de Justicia estadounidense y tras un an\u00e1lisis del Consejo Nacional de Seguridad.<\/p>\n\n\n\n<p>Durante su conferencia, la mandataria descart\u00f3 que esta acci\u00f3n estuviera relacionada con su m\u00e1s reciente conversaci\u00f3n telef\u00f3nica con el presidente de Estados Unidos, Donald Trump, y subray\u00f3 que la determinaci\u00f3n responde a los mecanismos permanentes de cooperaci\u00f3n bilateral en materia de seguridad.<\/p>\n\n\n\n<p>\u201cNo, no, es algo que viene de los grupos de entendimiento bilateral. En este caso fue a solicitud del Departamento de Justicia de los Estados Unidos. La decisi\u00f3n que se toma en el Consejo Nacional de Seguridad se analiza y es una decisi\u00f3n que pone primero la conveniencia para M\u00e9xico\u201d, afirm\u00f3.<br>Play Video<\/p>\n\n\n\n<p>Sheinbaum enfatiz\u00f3 que este tipo de resoluciones se adoptan bajo criterios de seguridad nacional, seguridad p\u00fablica y protecci\u00f3n de la soberan\u00eda, y no como una respuesta autom\u00e1tica a peticiones externas.<\/p>\n\n\n\n<p>\u201cSe pone primero a M\u00e9xico por encima de todo, aunque pidan lo que tengan que pedir. Es una decisi\u00f3n soberana y se analiza a partir de las consideraciones de la pol\u00edtica de seguridad y de la pol\u00edtica de seguridad nacional\u201d, sostuvo.<\/p>\n\n\n\n<p>La presidenta explic\u00f3 que cada caso es evaluado de manera individual y que, una vez que se toma la decisi\u00f3n correspondiente, se procede con el traslado. A\u00f1adi\u00f3 que muchos de los implicados eran extraditables, pero rechaz\u00f3 las versiones que sugieren que el gobierno mexicano act\u00faa para \u201cquedar bien\u201d con autoridades extranjeras.<br>[Publicidad]<\/p>\n\n\n\n<p>\u201cNo es \u2018lo piden y ah\u00ed va\u2019. Hay un an\u00e1lisis sobre si es importante para M\u00e9xico, si se colabora, qu\u00e9 perfiles son. Es una relaci\u00f3n de coordinaci\u00f3n y colaboraci\u00f3n, pero la decisi\u00f3n se toma con consideraciones soberanas\u201d, puntualiz\u00f3.<br>[Publicidad]<\/p>\n\n\n\n<p>De acuerdo con la Secretar\u00eda de Seguridad y Protecci\u00f3n Ciudadana (SSPC) y la Fiscal\u00eda General de la Rep\u00fablica (FGR), este martes fueron trasladadas a Estados Unidos 37 personas privadas de la libertad que se encontraban recluidas en distintos centros penitenciarios del pa\u00eds, requeridas por su presunta participaci\u00f3n en delitos como tr\u00e1fico de drogas y v\u00ednculos con organizaciones criminales.<\/p>\n\n\n\n<p>Las dependencias informaron que la custodia, traslado y entrega formal se realiz\u00f3 bajo los protocolos institucionales, con respeto a los derechos fundamentales de las personas involucradas y en apego a la Constituci\u00f3n, la Ley de Seguridad Nacional y los acuerdos internacionales vigentes.<\/p>\n\n\n\n<p>Asimismo, se\u00f1alaron que esta acci\u00f3n forma parte de las labores de coordinaci\u00f3n, cooperaci\u00f3n y reciprocidad bilateral entre M\u00e9xico y Estados Unidos, en un marco de respeto mutuo a la soberan\u00eda de ambas naciones.<\/p>\n","protected":false},"excerpt":{"rendered":"<p>La Presidenta dijo que el env\u00edo fue a solicitud del Departamento de Justicia estadounidense La presidenta Claudia Sheinbaum asegur\u00f3 que la entrega de 37 personas vinculadas con organizaciones criminales a las autoridades de Estados Unidos fue una decisi\u00f3n soberana del Estado mexicano, tomada a solicitud del Departamento de Justicia estadounidense y tras un an\u00e1lisis del [&hellip;]<\/p>\n","protected":false},"author":39,"featured_media":116969,"comment_status":"open","ping_status":"open","sticky":false,"template":"","format":"standard","meta":{"tdm_status":"","tdm_grid_status":"","footnotes":""},"categories":[39],"tags":[],"class_list":{"0":"post-125746","1":"post","2":"type-post","3":"status-publish","4":"format-standard","5":"has-post-thumbnail","7":"category-noticias-nacionales"},"yoast_head":"<!-- This site is optimized with the Yoast SEO plugin v27.4 - https:\/\/yoast.com\/product\/yoast-seo-wordpress\/ -->\n<title>Sheinbaum dice que entrega de 37 capos a EU fue una &quot;decisi\u00f3n soberana&quot; - Fuentes Fidedignas<\/title>\n<meta name=\"robots\" content=\"index, follow, max-snippet:-1, max-image-preview:large, max-video-preview:-1\" \/>\n<link rel=\"canonical\" href=\"https:\/\/fuentesfidedignas.com.mx\/index.php\/2026\/01\/21\/sheinbaum-dice-que-entrega-de-37-capos-a-eu-fue-una-decision-soberana\/\" \/>\n<meta property=\"og:locale\" content=\"es_MX\" \/>\n<meta property=\"og:type\" content=\"article\" \/>\n<meta property=\"og:title\" content=\"Sheinbaum dice que entrega de 37 capos a EU fue una &quot;decisi\u00f3n soberana&quot; - Fuentes Fidedignas\" \/>\n<meta property=\"og:description\" content=\"La Presidenta dijo que el env\u00edo fue a solicitud del Departamento de Justicia estadounidense La presidenta Claudia Sheinbaum asegur\u00f3 que la entrega de 37 personas vinculadas con organizaciones criminales a las autoridades de Estados Unidos fue una decisi\u00f3n soberana del Estado mexicano, tomada a solicitud del Departamento de Justicia estadounidense y tras un an\u00e1lisis del [&hellip;]\" \/>\n<meta property=\"og:url\" content=\"https:\/\/fuentesfidedignas.com.mx\/index.php\/2026\/01\/21\/sheinbaum-dice-que-entrega-de-37-capos-a-eu-fue-una-decision-soberana\/\" \/>\n<meta property=\"og:site_name\" content=\"Fuentes Fidedignas\" \/>\n<meta property=\"article:publisher\" content=\"https:\/\/www.facebook.com\/Fuentes-Fidedignas-368234489921644\" \/>\n<meta property=\"article:published_time\" content=\"2026-01-21T15:18:23+00:00\" \/>\n<meta property=\"article:modified_time\" content=\"2026-01-21T15:18:30+00:00\" \/>\n<meta property=\"og:image\" content=\"https:\/\/fuentesfidedignas.com.mx\/wp-content\/uploads\/2025\/09\/sheinbaum.jpg\" \/>\n\t<meta property=\"og:image:width\" content=\"600\" \/>\n\t<meta property=\"og:image:height\" content=\"337\" \/>\n\t<meta property=\"og:image:type\" content=\"image\/jpeg\" \/>\n<meta name=\"author\" content=\"El Universal\" \/>\n<meta name=\"twitter:card\" content=\"summary_large_image\" \/>\n<meta name=\"twitter:creator\" content=\"@fidedignas\" \/>\n<meta name=\"twitter:site\" content=\"@fidedignas\" \/>\n<meta name=\"twitter:label1\" content=\"Escrito por\" \/>\n\t<meta name=\"twitter:data1\" content=\"El Universal\" \/>\n\t<meta name=\"twitter:label2\" content=\"Tiempo de lectura\" \/>\n\t<meta name=\"twitter:data2\" content=\"3 minutos\" \/>\n<script type=\"application\/ld+json\" class=\"yoast-schema-graph\">{\"@context\":\"https:\\\/\\\/schema.org\",\"@graph\":[{\"@type\":\"Article\",\"@id\":\"https:\\\/\\\/fuentesfidedignas.com.mx\\\/index.php\\\/2026\\\/01\\\/21\\\/sheinbaum-dice-que-entrega-de-37-capos-a-eu-fue-una-decision-soberana\\\/#article\",\"isPartOf\":{\"@id\":\"https:\\\/\\\/fuentesfidedignas.com.mx\\\/index.php\\\/2026\\\/01\\\/21\\\/sheinbaum-dice-que-entrega-de-37-capos-a-eu-fue-una-decision-soberana\\\/\"},\"author\":{\"name\":\"El Universal\",\"@id\":\"https:\\\/\\\/fuentesfidedignas.com.mx\\\/#\\\/schema\\\/person\\\/fee3882e65fd0510d292c43a346d35d7\"},\"headline\":\"Sheinbaum dice que entrega de 37 capos a EU fue una &#8220;decisi\u00f3n soberana&#8221;\",\"datePublished\":\"2026-01-21T15:18:23+00:00\",\"dateModified\":\"2026-01-21T15:18:30+00:00\",\"mainEntityOfPage\":{\"@id\":\"https:\\\/\\\/fuentesfidedignas.com.mx\\\/index.php\\\/2026\\\/01\\\/21\\\/sheinbaum-dice-que-entrega-de-37-capos-a-eu-fue-una-decision-soberana\\\/\"},\"wordCount\":504,\"commentCount\":0,\"publisher\":{\"@id\":\"https:\\\/\\\/fuentesfidedignas.com.mx\\\/#organization\"},\"image\":{\"@id\":\"https:\\\/\\\/fuentesfidedignas.com.mx\\\/index.php\\\/2026\\\/01\\\/21\\\/sheinbaum-dice-que-entrega-de-37-capos-a-eu-fue-una-decision-soberana\\\/#primaryimage\"},\"thumbnailUrl\":\"https:\\\/\\\/fuentesfidedignas.com.mx\\\/wp-content\\\/uploads\\\/2025\\\/09\\\/sheinbaum.jpg\",\"articleSection\":[\"NOTICIAS NACIONALES\"],\"inLanguage\":\"es\",\"potentialAction\":[{\"@type\":\"CommentAction\",\"name\":\"Comment\",\"target\":[\"https:\\\/\\\/fuentesfidedignas.com.mx\\\/index.php\\\/2026\\\/01\\\/21\\\/sheinbaum-dice-que-entrega-de-37-capos-a-eu-fue-una-decision-soberana\\\/#respond\"]}]},{\"@type\":\"WebPage\",\"@id\":\"https:\\\/\\\/fuentesfidedignas.com.mx\\\/index.php\\\/2026\\\/01\\\/21\\\/sheinbaum-dice-que-entrega-de-37-capos-a-eu-fue-una-decision-soberana\\\/\",\"url\":\"https:\\\/\\\/fuentesfidedignas.com.mx\\\/index.php\\\/2026\\\/01\\\/21\\\/sheinbaum-dice-que-entrega-de-37-capos-a-eu-fue-una-decision-soberana\\\/\",\"name\":\"Sheinbaum dice que entrega de 37 capos a EU fue una \\\"decisi\u00f3n soberana\\\" - Fuentes Fidedignas\",\"isPartOf\":{\"@id\":\"https:\\\/\\\/fuentesfidedignas.com.mx\\\/#website\"},\"primaryImageOfPage\":{\"@id\":\"https:\\\/\\\/fuentesfidedignas.com.mx\\\/index.php\\\/2026\\\/01\\\/21\\\/sheinbaum-dice-que-entrega-de-37-capos-a-eu-fue-una-decision-soberana\\\/#primaryimage\"},\"image\":{\"@id\":\"https:\\\/\\\/fuentesfidedignas.com.mx\\\/index.php\\\/2026\\\/01\\\/21\\\/sheinbaum-dice-que-entrega-de-37-capos-a-eu-fue-una-decision-soberana\\\/#primaryimage\"},\"thumbnailUrl\":\"https:\\\/\\\/fuentesfidedignas.com.mx\\\/wp-content\\\/uploads\\\/2025\\\/09\\\/sheinbaum.jpg\",\"datePublished\":\"2026-01-21T15:18:23+00:00\",\"dateModified\":\"2026-01-21T15:18:30+00:00\",\"breadcrumb\":{\"@id\":\"https:\\\/\\\/fuentesfidedignas.com.mx\\\/index.php\\\/2026\\\/01\\\/21\\\/sheinbaum-dice-que-entrega-de-37-capos-a-eu-fue-una-decision-soberana\\\/#breadcrumb\"},\"inLanguage\":\"es\",\"potentialAction\":[{\"@type\":\"ReadAction\",\"target\":[\"https:\\\/\\\/fuentesfidedignas.com.mx\\\/index.php\\\/2026\\\/01\\\/21\\\/sheinbaum-dice-que-entrega-de-37-capos-a-eu-fue-una-decision-soberana\\\/\"]}]},{\"@type\":\"ImageObject\",\"inLanguage\":\"es\",\"@id\":\"https:\\\/\\\/fuentesfidedignas.com.mx\\\/index.php\\\/2026\\\/01\\\/21\\\/sheinbaum-dice-que-entrega-de-37-capos-a-eu-fue-una-decision-soberana\\\/#primaryimage\",\"url\":\"https:\\\/\\\/fuentesfidedignas.com.mx\\\/wp-content\\\/uploads\\\/2025\\\/09\\\/sheinbaum.jpg\",\"contentUrl\":\"https:\\\/\\\/fuentesfidedignas.com.mx\\\/wp-content\\\/uploads\\\/2025\\\/09\\\/sheinbaum.jpg\",\"width\":600,\"height\":337},{\"@type\":\"BreadcrumbList\",\"@id\":\"https:\\\/\\\/fuentesfidedignas.com.mx\\\/index.php\\\/2026\\\/01\\\/21\\\/sheinbaum-dice-que-entrega-de-37-capos-a-eu-fue-una-decision-soberana\\\/#breadcrumb\",\"itemListElement\":[{\"@type\":\"ListItem\",\"position\":1,\"name\":\"Inicio\",\"item\":\"https:\\\/\\\/fuentesfidedignas.com.mx\\\/\"},{\"@type\":\"ListItem\",\"position\":2,\"name\":\"Sheinbaum dice que entrega de 37 capos a EU fue una &#8220;decisi\u00f3n soberana&#8221;\"}]},{\"@type\":\"WebSite\",\"@id\":\"https:\\\/\\\/fuentesfidedignas.com.mx\\\/#website\",\"url\":\"https:\\\/\\\/fuentesfidedignas.com.mx\\\/\",\"name\":\"Fuentes Fidedignas\",\"description\":\"Otro sitio realizado con WordPress\",\"publisher\":{\"@id\":\"https:\\\/\\\/fuentesfidedignas.com.mx\\\/#organization\"},\"potentialAction\":[{\"@type\":\"SearchAction\",\"target\":{\"@type\":\"EntryPoint\",\"urlTemplate\":\"https:\\\/\\\/fuentesfidedignas.com.mx\\\/?s={search_term_string}\"},\"query-input\":{\"@type\":\"PropertyValueSpecification\",\"valueRequired\":true,\"valueName\":\"search_term_string\"}}],\"inLanguage\":\"es\"},{\"@type\":\"Organization\",\"@id\":\"https:\\\/\\\/fuentesfidedignas.com.mx\\\/#organization\",\"name\":\"Fuentes Fidedignas\",\"url\":\"https:\\\/\\\/fuentesfidedignas.com.mx\\\/\",\"logo\":{\"@type\":\"ImageObject\",\"inLanguage\":\"es\",\"@id\":\"https:\\\/\\\/fuentesfidedignas.com.mx\\\/#\\\/schema\\\/logo\\\/image\\\/\",\"url\":\"https:\\\/\\\/fuentesfidedignas.com.mx\\\/wp-content\\\/uploads\\\/2021\\\/04\\\/logo-retina.png\",\"contentUrl\":\"https:\\\/\\\/fuentesfidedignas.com.mx\\\/wp-content\\\/uploads\\\/2021\\\/04\\\/logo-retina.png\",\"width\":280,\"height\":51,\"caption\":\"Fuentes Fidedignas\"},\"image\":{\"@id\":\"https:\\\/\\\/fuentesfidedignas.com.mx\\\/#\\\/schema\\\/logo\\\/image\\\/\"},\"sameAs\":[\"https:\\\/\\\/www.facebook.com\\\/Fuentes-Fidedignas-368234489921644\",\"https:\\\/\\\/x.com\\\/fidedignas\"]},{\"@type\":\"Person\",\"@id\":\"https:\\\/\\\/fuentesfidedignas.com.mx\\\/#\\\/schema\\\/person\\\/fee3882e65fd0510d292c43a346d35d7\",\"name\":\"El Universal\",\"image\":{\"@type\":\"ImageObject\",\"inLanguage\":\"es\",\"@id\":\"https:\\\/\\\/secure.gravatar.com\\\/avatar\\\/1ebc94d82b6c3c081781f73e5b76a0d0c1ac7bf8e57426f18802246eeaa2747c?s=96&d=mm&r=g\",\"url\":\"https:\\\/\\\/secure.gravatar.com\\\/avatar\\\/1ebc94d82b6c3c081781f73e5b76a0d0c1ac7bf8e57426f18802246eeaa2747c?s=96&d=mm&r=g\",\"contentUrl\":\"https:\\\/\\\/secure.gravatar.com\\\/avatar\\\/1ebc94d82b6c3c081781f73e5b76a0d0c1ac7bf8e57426f18802246eeaa2747c?s=96&d=mm&r=g\",\"caption\":\"El Universal\"},\"url\":\"https:\\\/\\\/fuentesfidedignas.com.mx\\\/index.php\\\/author\\\/el-universal\\\/\"}]}<\/script>\n<!-- \/ Yoast SEO plugin. -->","yoast_head_json":{"title":"Sheinbaum dice que entrega de 37 capos a EU fue una \"decisi\u00f3n soberana\" - Fuentes Fidedignas","robots":{"index":"index","follow":"follow","max-snippet":"max-snippet:-1","max-image-preview":"max-image-preview:large","max-video-preview":"max-video-preview:-1"},"canonical":"https:\/\/fuentesfidedignas.com.mx\/index.php\/2026\/01\/21\/sheinbaum-dice-que-entrega-de-37-capos-a-eu-fue-una-decision-soberana\/","og_locale":"es_MX","og_type":"article","og_title":"Sheinbaum dice que entrega de 37 capos a EU fue una \"decisi\u00f3n soberana\" - Fuentes Fidedignas","og_description":"La Presidenta dijo que el env\u00edo fue a solicitud del Departamento de Justicia estadounidense La presidenta Claudia Sheinbaum asegur\u00f3 que la entrega de 37 personas vinculadas con organizaciones criminales a las autoridades de Estados Unidos fue una decisi\u00f3n soberana del Estado mexicano, tomada a solicitud del Departamento de Justicia estadounidense y tras un an\u00e1lisis del [&hellip;]","og_url":"https:\/\/fuentesfidedignas.com.mx\/index.php\/2026\/01\/21\/sheinbaum-dice-que-entrega-de-37-capos-a-eu-fue-una-decision-soberana\/","og_site_name":"Fuentes Fidedignas","article_publisher":"https:\/\/www.facebook.com\/Fuentes-Fidedignas-368234489921644","article_published_time":"2026-01-21T15:18:23+00:00","article_modified_time":"2026-01-21T15:18:30+00:00","og_image":[{"width":600,"height":337,"url":"https:\/\/fuentesfidedignas.com.mx\/wp-content\/uploads\/2025\/09\/sheinbaum.jpg","type":"image\/jpeg"}],"author":"El Universal","twitter_card":"summary_large_image","twitter_creator":"@fidedignas","twitter_site":"@fidedignas","twitter_misc":{"Escrito por":"El Universal","Tiempo de lectura":"3 minutos"},"schema":{"@context":"https:\/\/schema.org","@graph":[{"@type":"Article","@id":"https:\/\/fuentesfidedignas.com.mx\/index.php\/2026\/01\/21\/sheinbaum-dice-que-entrega-de-37-capos-a-eu-fue-una-decision-soberana\/#article","isPartOf":{"@id":"https:\/\/fuentesfidedignas.com.mx\/index.php\/2026\/01\/21\/sheinbaum-dice-que-entrega-de-37-capos-a-eu-fue-una-decision-soberana\/"},"author":{"name":"El Universal","@id":"https:\/\/fuentesfidedignas.com.mx\/#\/schema\/person\/fee3882e65fd0510d292c43a346d35d7"},"headline":"Sheinbaum dice que entrega de 37 capos a EU fue una &#8220;decisi\u00f3n soberana&#8221;","datePublished":"2026-01-21T15:18:23+00:00","dateModified":"2026-01-21T15:18:30+00:00","mainEntityOfPage":{"@id":"https:\/\/fuentesfidedignas.com.mx\/index.php\/2026\/01\/21\/sheinbaum-dice-que-entrega-de-37-capos-a-eu-fue-una-decision-soberana\/"},"wordCount":504,"commentCount":0,"publisher":{"@id":"https:\/\/fuentesfidedignas.com.mx\/#organization"},"image":{"@id":"https:\/\/fuentesfidedignas.com.mx\/index.php\/2026\/01\/21\/sheinbaum-dice-que-entrega-de-37-capos-a-eu-fue-una-decision-soberana\/#primaryimage"},"thumbnailUrl":"https:\/\/fuentesfidedignas.com.mx\/wp-content\/uploads\/2025\/09\/sheinbaum.jpg","articleSection":["NOTICIAS NACIONALES"],"inLanguage":"es","potentialAction":[{"@type":"CommentAction","name":"Comment","target":["https:\/\/fuentesfidedignas.com.mx\/index.php\/2026\/01\/21\/sheinbaum-dice-que-entrega-de-37-capos-a-eu-fue-una-decision-soberana\/#respond"]}]},{"@type":"WebPage","@id":"https:\/\/fuentesfidedignas.com.mx\/index.php\/2026\/01\/21\/sheinbaum-dice-que-entrega-de-37-capos-a-eu-fue-una-decision-soberana\/","url":"https:\/\/fuentesfidedignas.com.mx\/index.php\/2026\/01\/21\/sheinbaum-dice-que-entrega-de-37-capos-a-eu-fue-una-decision-soberana\/","name":"Sheinbaum dice que entrega de 37 capos a EU fue una \"decisi\u00f3n soberana\" - Fuentes Fidedignas","isPartOf":{"@id":"https:\/\/fuentesfidedignas.com.mx\/#website"},"primaryImageOfPage":{"@id":"https:\/\/fuentesfidedignas.com.mx\/index.php\/2026\/01\/21\/sheinbaum-dice-que-entrega-de-37-capos-a-eu-fue-una-decision-soberana\/#primaryimage"},"image":{"@id":"https:\/\/fuentesfidedignas.com.mx\/index.php\/2026\/01\/21\/sheinbaum-dice-que-entrega-de-37-capos-a-eu-fue-una-decision-soberana\/#primaryimage"},"thumbnailUrl":"https:\/\/fuentesfidedignas.com.mx\/wp-content\/uploads\/2025\/09\/sheinbaum.jpg","datePublished":"2026-01-21T15:18:23+00:00","dateModified":"2026-01-21T15:18:30+00:00","breadcrumb":{"@id":"https:\/\/fuentesfidedignas.com.mx\/index.php\/2026\/01\/21\/sheinbaum-dice-que-entrega-de-37-capos-a-eu-fue-una-decision-soberana\/#breadcrumb"},"inLanguage":"es","potentialAction":[{"@type":"ReadAction","target":["https:\/\/fuentesfidedignas.com.mx\/index.php\/2026\/01\/21\/sheinbaum-dice-que-entrega-de-37-capos-a-eu-fue-una-decision-soberana\/"]}]},{"@type":"ImageObject","inLanguage":"es","@id":"https:\/\/fuentesfidedignas.com.mx\/index.php\/2026\/01\/21\/sheinbaum-dice-que-entrega-de-37-capos-a-eu-fue-una-decision-soberana\/#primaryimage","url":"https:\/\/fuentesfidedignas.com.mx\/wp-content\/uploads\/2025\/09\/sheinbaum.jpg","contentUrl":"https:\/\/fuentesfidedignas.com.mx\/wp-content\/uploads\/2025\/09\/sheinbaum.jpg","width":600,"height":337},{"@type":"BreadcrumbList","@id":"https:\/\/fuentesfidedignas.com.mx\/index.php\/2026\/01\/21\/sheinbaum-dice-que-entrega-de-37-capos-a-eu-fue-una-decision-soberana\/#breadcrumb","itemListElement":[{"@type":"ListItem","position":1,"name":"Inicio","item":"https:\/\/fuentesfidedignas.com.mx\/"},{"@type":"ListItem","position":2,"name":"Sheinbaum dice que entrega de 37 capos a EU fue una &#8220;decisi\u00f3n soberana&#8221;"}]},{"@type":"WebSite","@id":"https:\/\/fuentesfidedignas.com.mx\/#website","url":"https:\/\/fuentesfidedignas.com.mx\/","name":"Fuentes Fidedignas","description":"Otro sitio realizado con WordPress","publisher":{"@id":"https:\/\/fuentesfidedignas.com.mx\/#organization"},"potentialAction":[{"@type":"SearchAction","target":{"@type":"EntryPoint","urlTemplate":"https:\/\/fuentesfidedignas.com.mx\/?s={search_term_string}"},"query-input":{"@type":"PropertyValueSpecification","valueRequired":true,"valueName":"search_term_string"}}],"inLanguage":"es"},{"@type":"Organization","@id":"https:\/\/fuentesfidedignas.com.mx\/#organization","name":"Fuentes Fidedignas","url":"https:\/\/fuentesfidedignas.com.mx\/","logo":{"@type":"ImageObject","inLanguage":"es","@id":"https:\/\/fuentesfidedignas.com.mx\/#\/schema\/logo\/image\/","url":"https:\/\/fuentesfidedignas.com.mx\/wp-content\/uploads\/2021\/04\/logo-retina.png","contentUrl":"https:\/\/fuentesfidedignas.com.mx\/wp-content\/uploads\/2021\/04\/logo-retina.png","width":280,"height":51,"caption":"Fuentes Fidedignas"},"image":{"@id":"https:\/\/fuentesfidedignas.com.mx\/#\/schema\/logo\/image\/"},"sameAs":["https:\/\/www.facebook.com\/Fuentes-Fidedignas-368234489921644","https:\/\/x.com\/fidedignas"]},{"@type":"Person","@id":"https:\/\/fuentesfidedignas.com.mx\/#\/schema\/person\/fee3882e65fd0510d292c43a346d35d7","name":"El Universal","image":{"@type":"ImageObject","inLanguage":"es","@id":"https:\/\/secure.gravatar.com\/avatar\/1ebc94d82b6c3c081781f73e5b76a0d0c1ac7bf8e57426f18802246eeaa2747c?s=96&d=mm&r=g","url":"https:\/\/secure.gravatar.com\/avatar\/1ebc94d82b6c3c081781f73e5b76a0d0c1ac7bf8e57426f18802246eeaa2747c?s=96&d=mm&r=g","contentUrl":"https:\/\/secure.gravatar.com\/avatar\/1ebc94d82b6c3c081781f73e5b76a0d0c1ac7bf8e57426f18802246eeaa2747c?s=96&d=mm&r=g","caption":"El Universal"},"url":"https:\/\/fuentesfidedignas.com.mx\/index.php\/author\/el-universal\/"}]}},"_links":{"self":[{"href":"https:\/\/fuentesfidedignas.com.mx\/index.php\/wp-json\/wp\/v2\/posts\/125746","targetHints":{"allow":["GET"]}}],"collection":[{"href":"https:\/\/fuentesfidedignas.com.mx\/index.php\/wp-json\/wp\/v2\/posts"}],"about":[{"href":"https:\/\/fuentesfidedignas.com.mx\/index.php\/wp-json\/wp\/v2\/types\/post"}],"author":[{"embeddable":true,"href":"https:\/\/fuentesfidedignas.com.mx\/index.php\/wp-json\/wp\/v2\/users\/39"}],"replies":[{"embeddable":true,"href":"https:\/\/fuentesfidedignas.com.mx\/index.php\/wp-json\/wp\/v2\/comments?post=125746"}],"version-history":[{"count":1,"href":"https:\/\/fuentesfidedignas.com.mx\/index.php\/wp-json\/wp\/v2\/posts\/125746\/revisions"}],"predecessor-version":[{"id":125747,"href":"https:\/\/fuentesfidedignas.com.mx\/index.php\/wp-json\/wp\/v2\/posts\/125746\/revisions\/125747"}],"wp:featuredmedia":[{"embeddable":true,"href":"https:\/\/fuentesfidedignas.com.mx\/index.php\/wp-json\/wp\/v2\/media\/116969"}],"wp:attachment":[{"href":"https:\/\/fuentesfidedignas.com.mx\/index.php\/wp-json\/wp\/v2\/media?parent=125746"}],"wp:term":[{"taxonomy":"category","embeddable":true,"href":"https:\/\/fuentesfidedignas.com.mx\/index.php\/wp-json\/wp\/v2\/categories?post=125746"},{"taxonomy":"post_tag","embeddable":true,"href":"https:\/\/fuentesfidedignas.com.mx\/index.php\/wp-json\/wp\/v2\/tags?post=125746"}],"curies":[{"name":"wp","href":"https:\/\/api.w.org\/{rel}","templated":true}]}}