{"id":125621,"date":"2026-01-20T01:19:00","date_gmt":"2026-01-20T08:19:00","guid":{"rendered":"https:\/\/fuentesfidedignas.com.mx\/?p=125621"},"modified":"2026-01-19T13:38:24","modified_gmt":"2026-01-19T20:38:24","slug":"el-calor-extremo-amenaza-a-las-aves-tropicales-incluso-en-bosques-intactos-advierten-cientificos","status":"publish","type":"post","link":"https:\/\/fuentesfidedignas.com.mx\/index.php\/2026\/01\/20\/el-calor-extremo-amenaza-a-las-aves-tropicales-incluso-en-bosques-intactos-advierten-cientificos\/","title":{"rendered":"El calor extremo amenaza a las aves tropicales, incluso en bosques intactos, advierten cient\u00edficos"},"content":{"rendered":"\n<p>Desde las selvas tropicales de Centroam\u00e9rica y Sudam\u00e9rica hasta las sabanas del norte de Australia, las regiones ecuatoriales del mundo albergan miles de especies de aves \u00fanicas, desde guacamayos hasta tucanes y colibr\u00edes, que prosperan en ambientes c\u00e1lidos y h\u00famedos.<\/p>\n\n\n\n<p>Pero a medida que el cambio clim\u00e1tico se acelera, las regiones tropicales est\u00e1n experimentando diez veces m\u00e1s d\u00edas peligrosamente calurosos que hace 40 a\u00f1os, lo que amenaza la supervivencia de algunas de las aves m\u00e1s coloridas del mundo, seg\u00fan muestra una nueva investigaci\u00f3n.<\/p>\n\n\n\n<p>Entre 1950 y 2020, los eventos de calor extremo redujeron las poblaciones de aves tropicales entre un 25 % y un 38 %, seg\u00fan un&nbsp;<a href=\"https:\/\/www.nature.com\/articles\/s41559-025-02811-7\" target=\"_blank\" rel=\"noreferrer noopener\">estudio<\/a>&nbsp;publicado en la revista Nature Ecology and Evolution.<\/p>\n\n\n\n<p>El estudio muestra que los eventos de calor extremo son un \u201cmotor principal de la p\u00e9rdida de especies\u201d, lo que puede explicar por qu\u00e9 incluso las poblaciones de aves en algunos de los rincones m\u00e1s pr\u00edstinos de la Tierra est\u00e1n disminuyendo, dijo James Watson, profesor de ciencia de la conservaci\u00f3n en la Universidad de Queensland y uno de los autores del estudio.<\/p>\n\n\n\n<p>La Gran Barrera de Coral sufre el mayor blanqueamiento masivo de su historia, afectando sus tres regiones. El ecosistema ha experimentado una dram\u00e1tica disminuci\u00f3n de su cobertura coralina. El reporte de Reuters revela la cr\u00edtica situaci\u00f3n del arrecife, expuesto al estr\u00e9s t\u00e9rmico.<\/p>\n\n\n\n<p>\u201cRealmente se\u00f1ala el hecho de que tenemos que solucionar las emisiones de gases de efecto invernadero, porque estos escenarios de calor extremo van a aumentar con el tiempo\u201d, dijo Watson.<\/p>\n\n\n\n<p>Watson y sus colegas analizaron m\u00e1s de 90.000 observaciones cient\u00edficas de m\u00e1s de 3.000 poblaciones de aves y las compararon con registros meteorol\u00f3gicos diarios que datan de 1940, para ver c\u00f3mo las poblaciones de aves respond\u00edan a eventos clim\u00e1ticos extremos, incluidas las precipitaciones y las olas de calor.<\/p>\n\n\n\n<p>Probaron sus hallazgos con datos sobre la actividad industrial humana para enfocarse espec\u00edficamente en los impactos del cambio clim\u00e1tico.<\/p>\n\n\n\n<p>Los cient\u00edficos descubrieron que la exposici\u00f3n a temperaturas extremas (temperaturas que superaron el percentil 99) caus\u00f3 una reducci\u00f3n en las poblaciones de aves en latitudes por debajo de los 55 grados norte o sur, sinti\u00e9ndose los efectos m\u00e1s extremos en los tr\u00f3picos, es decir, en latitudes por debajo de los 23 grados.<\/p>\n\n\n\n<p>Los autores encontraron que el aumento de las temperaturas extremas fue m\u00e1s perjudicial para las aves que los aumentos de la temperatura media anual causados por el cambio clim\u00e1tico.<\/p>\n","protected":false},"excerpt":{"rendered":"<p>Desde las selvas tropicales de Centroam\u00e9rica y Sudam\u00e9rica hasta las sabanas del norte de Australia, las regiones ecuatoriales del mundo albergan miles de especies de aves \u00fanicas, desde guacamayos hasta tucanes y colibr\u00edes, que prosperan en ambientes c\u00e1lidos y h\u00famedos. Pero a medida que el cambio clim\u00e1tico se acelera, las regiones tropicales est\u00e1n experimentando diez [&hellip;]<\/p>\n","protected":false},"author":69,"featured_media":125622,"comment_status":"open","ping_status":"open","sticky":false,"template":"","format":"standard","meta":{"tdm_status":"","tdm_grid_status":"","footnotes":""},"categories":[34],"tags":[],"class_list":{"0":"post-125621","1":"post","2":"type-post","3":"status-publish","4":"format-standard","5":"has-post-thumbnail","7":"category-combate-a-adicciones"},"yoast_head":"<!-- This site is optimized with the Yoast SEO plugin v27.5 - https:\/\/yoast.com\/product\/yoast-seo-wordpress\/ -->\n<title>El calor extremo amenaza a las aves tropicales, incluso en bosques intactos, advierten cient\u00edficos - Fuentes Fidedignas<\/title>\n<meta name=\"robots\" content=\"index, follow, max-snippet:-1, max-image-preview:large, max-video-preview:-1\" \/>\n<link rel=\"canonical\" href=\"https:\/\/fuentesfidedignas.com.mx\/index.php\/2026\/01\/20\/el-calor-extremo-amenaza-a-las-aves-tropicales-incluso-en-bosques-intactos-advierten-cientificos\/\" \/>\n<meta property=\"og:locale\" content=\"es_MX\" \/>\n<meta property=\"og:type\" content=\"article\" \/>\n<meta property=\"og:title\" content=\"El calor extremo amenaza a las aves tropicales, incluso en bosques intactos, advierten cient\u00edficos - Fuentes Fidedignas\" \/>\n<meta property=\"og:description\" content=\"Desde las selvas tropicales de Centroam\u00e9rica y Sudam\u00e9rica hasta las sabanas del norte de Australia, las regiones ecuatoriales del mundo albergan miles de especies de aves \u00fanicas, desde guacamayos hasta tucanes y colibr\u00edes, que prosperan en ambientes c\u00e1lidos y h\u00famedos. Pero a medida que el cambio clim\u00e1tico se acelera, las regiones tropicales est\u00e1n experimentando diez [&hellip;]\" \/>\n<meta property=\"og:url\" content=\"https:\/\/fuentesfidedignas.com.mx\/index.php\/2026\/01\/20\/el-calor-extremo-amenaza-a-las-aves-tropicales-incluso-en-bosques-intactos-advierten-cientificos\/\" \/>\n<meta property=\"og:site_name\" content=\"Fuentes Fidedignas\" \/>\n<meta property=\"article:publisher\" content=\"https:\/\/www.facebook.com\/Fuentes-Fidedignas-368234489921644\" \/>\n<meta property=\"article:published_time\" content=\"2026-01-20T08:19:00+00:00\" \/>\n<meta property=\"og:image\" content=\"https:\/\/fuentesfidedignas.com.mx\/wp-content\/uploads\/2026\/01\/Captura-de-pantalla-82.jpg\" \/>\n\t<meta property=\"og:image:width\" content=\"833\" \/>\n\t<meta property=\"og:image:height\" content=\"538\" \/>\n\t<meta property=\"og:image:type\" content=\"image\/jpeg\" \/>\n<meta name=\"author\" content=\"CNN\" \/>\n<meta name=\"twitter:card\" content=\"summary_large_image\" \/>\n<meta name=\"twitter:creator\" content=\"@fidedignas\" \/>\n<meta name=\"twitter:site\" content=\"@fidedignas\" \/>\n<meta name=\"twitter:label1\" content=\"Escrito por\" \/>\n\t<meta name=\"twitter:data1\" content=\"CNN\" \/>\n\t<meta name=\"twitter:label2\" content=\"Tiempo de lectura\" \/>\n\t<meta name=\"twitter:data2\" content=\"3 minutos\" \/>\n<script type=\"application\/ld+json\" class=\"yoast-schema-graph\">{\"@context\":\"https:\\\/\\\/schema.org\",\"@graph\":[{\"@type\":\"Article\",\"@id\":\"https:\\\/\\\/fuentesfidedignas.com.mx\\\/index.php\\\/2026\\\/01\\\/20\\\/el-calor-extremo-amenaza-a-las-aves-tropicales-incluso-en-bosques-intactos-advierten-cientificos\\\/#article\",\"isPartOf\":{\"@id\":\"https:\\\/\\\/fuentesfidedignas.com.mx\\\/index.php\\\/2026\\\/01\\\/20\\\/el-calor-extremo-amenaza-a-las-aves-tropicales-incluso-en-bosques-intactos-advierten-cientificos\\\/\"},\"author\":{\"name\":\"CNN\",\"@id\":\"https:\\\/\\\/fuentesfidedignas.com.mx\\\/#\\\/schema\\\/person\\\/c8880efbe84cd7e0991e9a2bbe8394f4\"},\"headline\":\"El calor extremo amenaza a las aves tropicales, incluso en bosques intactos, advierten cient\u00edficos\",\"datePublished\":\"2026-01-20T08:19:00+00:00\",\"mainEntityOfPage\":{\"@id\":\"https:\\\/\\\/fuentesfidedignas.com.mx\\\/index.php\\\/2026\\\/01\\\/20\\\/el-calor-extremo-amenaza-a-las-aves-tropicales-incluso-en-bosques-intactos-advierten-cientificos\\\/\"},\"wordCount\":446,\"commentCount\":0,\"publisher\":{\"@id\":\"https:\\\/\\\/fuentesfidedignas.com.mx\\\/#organization\"},\"image\":{\"@id\":\"https:\\\/\\\/fuentesfidedignas.com.mx\\\/index.php\\\/2026\\\/01\\\/20\\\/el-calor-extremo-amenaza-a-las-aves-tropicales-incluso-en-bosques-intactos-advierten-cientificos\\\/#primaryimage\"},\"thumbnailUrl\":\"https:\\\/\\\/fuentesfidedignas.com.mx\\\/wp-content\\\/uploads\\\/2026\\\/01\\\/Captura-de-pantalla-82.jpg\",\"articleSection\":[\"COMBATE A ADICCIONES\"],\"inLanguage\":\"es\",\"potentialAction\":[{\"@type\":\"CommentAction\",\"name\":\"Comment\",\"target\":[\"https:\\\/\\\/fuentesfidedignas.com.mx\\\/index.php\\\/2026\\\/01\\\/20\\\/el-calor-extremo-amenaza-a-las-aves-tropicales-incluso-en-bosques-intactos-advierten-cientificos\\\/#respond\"]}]},{\"@type\":\"WebPage\",\"@id\":\"https:\\\/\\\/fuentesfidedignas.com.mx\\\/index.php\\\/2026\\\/01\\\/20\\\/el-calor-extremo-amenaza-a-las-aves-tropicales-incluso-en-bosques-intactos-advierten-cientificos\\\/\",\"url\":\"https:\\\/\\\/fuentesfidedignas.com.mx\\\/index.php\\\/2026\\\/01\\\/20\\\/el-calor-extremo-amenaza-a-las-aves-tropicales-incluso-en-bosques-intactos-advierten-cientificos\\\/\",\"name\":\"El calor extremo amenaza a las aves tropicales, incluso en bosques intactos, advierten cient\u00edficos - Fuentes Fidedignas\",\"isPartOf\":{\"@id\":\"https:\\\/\\\/fuentesfidedignas.com.mx\\\/#website\"},\"primaryImageOfPage\":{\"@id\":\"https:\\\/\\\/fuentesfidedignas.com.mx\\\/index.php\\\/2026\\\/01\\\/20\\\/el-calor-extremo-amenaza-a-las-aves-tropicales-incluso-en-bosques-intactos-advierten-cientificos\\\/#primaryimage\"},\"image\":{\"@id\":\"https:\\\/\\\/fuentesfidedignas.com.mx\\\/index.php\\\/2026\\\/01\\\/20\\\/el-calor-extremo-amenaza-a-las-aves-tropicales-incluso-en-bosques-intactos-advierten-cientificos\\\/#primaryimage\"},\"thumbnailUrl\":\"https:\\\/\\\/fuentesfidedignas.com.mx\\\/wp-content\\\/uploads\\\/2026\\\/01\\\/Captura-de-pantalla-82.jpg\",\"datePublished\":\"2026-01-20T08:19:00+00:00\",\"breadcrumb\":{\"@id\":\"https:\\\/\\\/fuentesfidedignas.com.mx\\\/index.php\\\/2026\\\/01\\\/20\\\/el-calor-extremo-amenaza-a-las-aves-tropicales-incluso-en-bosques-intactos-advierten-cientificos\\\/#breadcrumb\"},\"inLanguage\":\"es\",\"potentialAction\":[{\"@type\":\"ReadAction\",\"target\":[\"https:\\\/\\\/fuentesfidedignas.com.mx\\\/index.php\\\/2026\\\/01\\\/20\\\/el-calor-extremo-amenaza-a-las-aves-tropicales-incluso-en-bosques-intactos-advierten-cientificos\\\/\"]}]},{\"@type\":\"ImageObject\",\"inLanguage\":\"es\",\"@id\":\"https:\\\/\\\/fuentesfidedignas.com.mx\\\/index.php\\\/2026\\\/01\\\/20\\\/el-calor-extremo-amenaza-a-las-aves-tropicales-incluso-en-bosques-intactos-advierten-cientificos\\\/#primaryimage\",\"url\":\"https:\\\/\\\/fuentesfidedignas.com.mx\\\/wp-content\\\/uploads\\\/2026\\\/01\\\/Captura-de-pantalla-82.jpg\",\"contentUrl\":\"https:\\\/\\\/fuentesfidedignas.com.mx\\\/wp-content\\\/uploads\\\/2026\\\/01\\\/Captura-de-pantalla-82.jpg\",\"width\":833,\"height\":538},{\"@type\":\"BreadcrumbList\",\"@id\":\"https:\\\/\\\/fuentesfidedignas.com.mx\\\/index.php\\\/2026\\\/01\\\/20\\\/el-calor-extremo-amenaza-a-las-aves-tropicales-incluso-en-bosques-intactos-advierten-cientificos\\\/#breadcrumb\",\"itemListElement\":[{\"@type\":\"ListItem\",\"position\":1,\"name\":\"Inicio\",\"item\":\"https:\\\/\\\/fuentesfidedignas.com.mx\\\/\"},{\"@type\":\"ListItem\",\"position\":2,\"name\":\"El calor extremo amenaza a las aves tropicales, incluso en bosques intactos, advierten cient\u00edficos\"}]},{\"@type\":\"WebSite\",\"@id\":\"https:\\\/\\\/fuentesfidedignas.com.mx\\\/#website\",\"url\":\"https:\\\/\\\/fuentesfidedignas.com.mx\\\/\",\"name\":\"Fuentes Fidedignas\",\"description\":\"Otro sitio realizado con WordPress\",\"publisher\":{\"@id\":\"https:\\\/\\\/fuentesfidedignas.com.mx\\\/#organization\"},\"potentialAction\":[{\"@type\":\"SearchAction\",\"target\":{\"@type\":\"EntryPoint\",\"urlTemplate\":\"https:\\\/\\\/fuentesfidedignas.com.mx\\\/?s={search_term_string}\"},\"query-input\":{\"@type\":\"PropertyValueSpecification\",\"valueRequired\":true,\"valueName\":\"search_term_string\"}}],\"inLanguage\":\"es\"},{\"@type\":\"Organization\",\"@id\":\"https:\\\/\\\/fuentesfidedignas.com.mx\\\/#organization\",\"name\":\"Fuentes Fidedignas\",\"url\":\"https:\\\/\\\/fuentesfidedignas.com.mx\\\/\",\"logo\":{\"@type\":\"ImageObject\",\"inLanguage\":\"es\",\"@id\":\"https:\\\/\\\/fuentesfidedignas.com.mx\\\/#\\\/schema\\\/logo\\\/image\\\/\",\"url\":\"https:\\\/\\\/fuentesfidedignas.com.mx\\\/wp-content\\\/uploads\\\/2021\\\/04\\\/logo-retina.png\",\"contentUrl\":\"https:\\\/\\\/fuentesfidedignas.com.mx\\\/wp-content\\\/uploads\\\/2021\\\/04\\\/logo-retina.png\",\"width\":280,\"height\":51,\"caption\":\"Fuentes Fidedignas\"},\"image\":{\"@id\":\"https:\\\/\\\/fuentesfidedignas.com.mx\\\/#\\\/schema\\\/logo\\\/image\\\/\"},\"sameAs\":[\"https:\\\/\\\/www.facebook.com\\\/Fuentes-Fidedignas-368234489921644\",\"https:\\\/\\\/x.com\\\/fidedignas\"]},{\"@type\":\"Person\",\"@id\":\"https:\\\/\\\/fuentesfidedignas.com.mx\\\/#\\\/schema\\\/person\\\/c8880efbe84cd7e0991e9a2bbe8394f4\",\"name\":\"CNN\",\"image\":{\"@type\":\"ImageObject\",\"inLanguage\":\"es\",\"@id\":\"https:\\\/\\\/secure.gravatar.com\\\/avatar\\\/01dae67c419c360a2e77032cdc95d8b45e5626805917f1b6720a01f56beef992?s=96&d=mm&r=g\",\"url\":\"https:\\\/\\\/secure.gravatar.com\\\/avatar\\\/01dae67c419c360a2e77032cdc95d8b45e5626805917f1b6720a01f56beef992?s=96&d=mm&r=g\",\"contentUrl\":\"https:\\\/\\\/secure.gravatar.com\\\/avatar\\\/01dae67c419c360a2e77032cdc95d8b45e5626805917f1b6720a01f56beef992?s=96&d=mm&r=g\",\"caption\":\"CNN\"},\"url\":\"https:\\\/\\\/fuentesfidedignas.com.mx\\\/index.php\\\/author\\\/cnn\\\/\"}]}<\/script>\n<!-- \/ Yoast SEO plugin. -->","yoast_head_json":{"title":"El calor extremo amenaza a las aves tropicales, incluso en bosques intactos, advierten cient\u00edficos - Fuentes Fidedignas","robots":{"index":"index","follow":"follow","max-snippet":"max-snippet:-1","max-image-preview":"max-image-preview:large","max-video-preview":"max-video-preview:-1"},"canonical":"https:\/\/fuentesfidedignas.com.mx\/index.php\/2026\/01\/20\/el-calor-extremo-amenaza-a-las-aves-tropicales-incluso-en-bosques-intactos-advierten-cientificos\/","og_locale":"es_MX","og_type":"article","og_title":"El calor extremo amenaza a las aves tropicales, incluso en bosques intactos, advierten cient\u00edficos - Fuentes Fidedignas","og_description":"Desde las selvas tropicales de Centroam\u00e9rica y Sudam\u00e9rica hasta las sabanas del norte de Australia, las regiones ecuatoriales del mundo albergan miles de especies de aves \u00fanicas, desde guacamayos hasta tucanes y colibr\u00edes, que prosperan en ambientes c\u00e1lidos y h\u00famedos. Pero a medida que el cambio clim\u00e1tico se acelera, las regiones tropicales est\u00e1n experimentando diez [&hellip;]","og_url":"https:\/\/fuentesfidedignas.com.mx\/index.php\/2026\/01\/20\/el-calor-extremo-amenaza-a-las-aves-tropicales-incluso-en-bosques-intactos-advierten-cientificos\/","og_site_name":"Fuentes Fidedignas","article_publisher":"https:\/\/www.facebook.com\/Fuentes-Fidedignas-368234489921644","article_published_time":"2026-01-20T08:19:00+00:00","og_image":[{"width":833,"height":538,"url":"https:\/\/fuentesfidedignas.com.mx\/wp-content\/uploads\/2026\/01\/Captura-de-pantalla-82.jpg","type":"image\/jpeg"}],"author":"CNN","twitter_card":"summary_large_image","twitter_creator":"@fidedignas","twitter_site":"@fidedignas","twitter_misc":{"Escrito por":"CNN","Tiempo de lectura":"3 minutos"},"schema":{"@context":"https:\/\/schema.org","@graph":[{"@type":"Article","@id":"https:\/\/fuentesfidedignas.com.mx\/index.php\/2026\/01\/20\/el-calor-extremo-amenaza-a-las-aves-tropicales-incluso-en-bosques-intactos-advierten-cientificos\/#article","isPartOf":{"@id":"https:\/\/fuentesfidedignas.com.mx\/index.php\/2026\/01\/20\/el-calor-extremo-amenaza-a-las-aves-tropicales-incluso-en-bosques-intactos-advierten-cientificos\/"},"author":{"name":"CNN","@id":"https:\/\/fuentesfidedignas.com.mx\/#\/schema\/person\/c8880efbe84cd7e0991e9a2bbe8394f4"},"headline":"El calor extremo amenaza a las aves tropicales, incluso en bosques intactos, advierten cient\u00edficos","datePublished":"2026-01-20T08:19:00+00:00","mainEntityOfPage":{"@id":"https:\/\/fuentesfidedignas.com.mx\/index.php\/2026\/01\/20\/el-calor-extremo-amenaza-a-las-aves-tropicales-incluso-en-bosques-intactos-advierten-cientificos\/"},"wordCount":446,"commentCount":0,"publisher":{"@id":"https:\/\/fuentesfidedignas.com.mx\/#organization"},"image":{"@id":"https:\/\/fuentesfidedignas.com.mx\/index.php\/2026\/01\/20\/el-calor-extremo-amenaza-a-las-aves-tropicales-incluso-en-bosques-intactos-advierten-cientificos\/#primaryimage"},"thumbnailUrl":"https:\/\/fuentesfidedignas.com.mx\/wp-content\/uploads\/2026\/01\/Captura-de-pantalla-82.jpg","articleSection":["COMBATE A ADICCIONES"],"inLanguage":"es","potentialAction":[{"@type":"CommentAction","name":"Comment","target":["https:\/\/fuentesfidedignas.com.mx\/index.php\/2026\/01\/20\/el-calor-extremo-amenaza-a-las-aves-tropicales-incluso-en-bosques-intactos-advierten-cientificos\/#respond"]}]},{"@type":"WebPage","@id":"https:\/\/fuentesfidedignas.com.mx\/index.php\/2026\/01\/20\/el-calor-extremo-amenaza-a-las-aves-tropicales-incluso-en-bosques-intactos-advierten-cientificos\/","url":"https:\/\/fuentesfidedignas.com.mx\/index.php\/2026\/01\/20\/el-calor-extremo-amenaza-a-las-aves-tropicales-incluso-en-bosques-intactos-advierten-cientificos\/","name":"El calor extremo amenaza a las aves tropicales, incluso en bosques intactos, advierten cient\u00edficos - Fuentes Fidedignas","isPartOf":{"@id":"https:\/\/fuentesfidedignas.com.mx\/#website"},"primaryImageOfPage":{"@id":"https:\/\/fuentesfidedignas.com.mx\/index.php\/2026\/01\/20\/el-calor-extremo-amenaza-a-las-aves-tropicales-incluso-en-bosques-intactos-advierten-cientificos\/#primaryimage"},"image":{"@id":"https:\/\/fuentesfidedignas.com.mx\/index.php\/2026\/01\/20\/el-calor-extremo-amenaza-a-las-aves-tropicales-incluso-en-bosques-intactos-advierten-cientificos\/#primaryimage"},"thumbnailUrl":"https:\/\/fuentesfidedignas.com.mx\/wp-content\/uploads\/2026\/01\/Captura-de-pantalla-82.jpg","datePublished":"2026-01-20T08:19:00+00:00","breadcrumb":{"@id":"https:\/\/fuentesfidedignas.com.mx\/index.php\/2026\/01\/20\/el-calor-extremo-amenaza-a-las-aves-tropicales-incluso-en-bosques-intactos-advierten-cientificos\/#breadcrumb"},"inLanguage":"es","potentialAction":[{"@type":"ReadAction","target":["https:\/\/fuentesfidedignas.com.mx\/index.php\/2026\/01\/20\/el-calor-extremo-amenaza-a-las-aves-tropicales-incluso-en-bosques-intactos-advierten-cientificos\/"]}]},{"@type":"ImageObject","inLanguage":"es","@id":"https:\/\/fuentesfidedignas.com.mx\/index.php\/2026\/01\/20\/el-calor-extremo-amenaza-a-las-aves-tropicales-incluso-en-bosques-intactos-advierten-cientificos\/#primaryimage","url":"https:\/\/fuentesfidedignas.com.mx\/wp-content\/uploads\/2026\/01\/Captura-de-pantalla-82.jpg","contentUrl":"https:\/\/fuentesfidedignas.com.mx\/wp-content\/uploads\/2026\/01\/Captura-de-pantalla-82.jpg","width":833,"height":538},{"@type":"BreadcrumbList","@id":"https:\/\/fuentesfidedignas.com.mx\/index.php\/2026\/01\/20\/el-calor-extremo-amenaza-a-las-aves-tropicales-incluso-en-bosques-intactos-advierten-cientificos\/#breadcrumb","itemListElement":[{"@type":"ListItem","position":1,"name":"Inicio","item":"https:\/\/fuentesfidedignas.com.mx\/"},{"@type":"ListItem","position":2,"name":"El calor extremo amenaza a las aves tropicales, incluso en bosques intactos, advierten cient\u00edficos"}]},{"@type":"WebSite","@id":"https:\/\/fuentesfidedignas.com.mx\/#website","url":"https:\/\/fuentesfidedignas.com.mx\/","name":"Fuentes Fidedignas","description":"Otro sitio realizado con WordPress","publisher":{"@id":"https:\/\/fuentesfidedignas.com.mx\/#organization"},"potentialAction":[{"@type":"SearchAction","target":{"@type":"EntryPoint","urlTemplate":"https:\/\/fuentesfidedignas.com.mx\/?s={search_term_string}"},"query-input":{"@type":"PropertyValueSpecification","valueRequired":true,"valueName":"search_term_string"}}],"inLanguage":"es"},{"@type":"Organization","@id":"https:\/\/fuentesfidedignas.com.mx\/#organization","name":"Fuentes Fidedignas","url":"https:\/\/fuentesfidedignas.com.mx\/","logo":{"@type":"ImageObject","inLanguage":"es","@id":"https:\/\/fuentesfidedignas.com.mx\/#\/schema\/logo\/image\/","url":"https:\/\/fuentesfidedignas.com.mx\/wp-content\/uploads\/2021\/04\/logo-retina.png","contentUrl":"https:\/\/fuentesfidedignas.com.mx\/wp-content\/uploads\/2021\/04\/logo-retina.png","width":280,"height":51,"caption":"Fuentes Fidedignas"},"image":{"@id":"https:\/\/fuentesfidedignas.com.mx\/#\/schema\/logo\/image\/"},"sameAs":["https:\/\/www.facebook.com\/Fuentes-Fidedignas-368234489921644","https:\/\/x.com\/fidedignas"]},{"@type":"Person","@id":"https:\/\/fuentesfidedignas.com.mx\/#\/schema\/person\/c8880efbe84cd7e0991e9a2bbe8394f4","name":"CNN","image":{"@type":"ImageObject","inLanguage":"es","@id":"https:\/\/secure.gravatar.com\/avatar\/01dae67c419c360a2e77032cdc95d8b45e5626805917f1b6720a01f56beef992?s=96&d=mm&r=g","url":"https:\/\/secure.gravatar.com\/avatar\/01dae67c419c360a2e77032cdc95d8b45e5626805917f1b6720a01f56beef992?s=96&d=mm&r=g","contentUrl":"https:\/\/secure.gravatar.com\/avatar\/01dae67c419c360a2e77032cdc95d8b45e5626805917f1b6720a01f56beef992?s=96&d=mm&r=g","caption":"CNN"},"url":"https:\/\/fuentesfidedignas.com.mx\/index.php\/author\/cnn\/"}]}},"_links":{"self":[{"href":"https:\/\/fuentesfidedignas.com.mx\/index.php\/wp-json\/wp\/v2\/posts\/125621","targetHints":{"allow":["GET"]}}],"collection":[{"href":"https:\/\/fuentesfidedignas.com.mx\/index.php\/wp-json\/wp\/v2\/posts"}],"about":[{"href":"https:\/\/fuentesfidedignas.com.mx\/index.php\/wp-json\/wp\/v2\/types\/post"}],"author":[{"embeddable":true,"href":"https:\/\/fuentesfidedignas.com.mx\/index.php\/wp-json\/wp\/v2\/users\/69"}],"replies":[{"embeddable":true,"href":"https:\/\/fuentesfidedignas.com.mx\/index.php\/wp-json\/wp\/v2\/comments?post=125621"}],"version-history":[{"count":1,"href":"https:\/\/fuentesfidedignas.com.mx\/index.php\/wp-json\/wp\/v2\/posts\/125621\/revisions"}],"predecessor-version":[{"id":125623,"href":"https:\/\/fuentesfidedignas.com.mx\/index.php\/wp-json\/wp\/v2\/posts\/125621\/revisions\/125623"}],"wp:featuredmedia":[{"embeddable":true,"href":"https:\/\/fuentesfidedignas.com.mx\/index.php\/wp-json\/wp\/v2\/media\/125622"}],"wp:attachment":[{"href":"https:\/\/fuentesfidedignas.com.mx\/index.php\/wp-json\/wp\/v2\/media?parent=125621"}],"wp:term":[{"taxonomy":"category","embeddable":true,"href":"https:\/\/fuentesfidedignas.com.mx\/index.php\/wp-json\/wp\/v2\/categories?post=125621"},{"taxonomy":"post_tag","embeddable":true,"href":"https:\/\/fuentesfidedignas.com.mx\/index.php\/wp-json\/wp\/v2\/tags?post=125621"}],"curies":[{"name":"wp","href":"https:\/\/api.w.org\/{rel}","templated":true}]}}