{"id":125603,"date":"2026-01-19T09:04:05","date_gmt":"2026-01-19T16:04:05","guid":{"rendered":"https:\/\/fuentesfidedignas.com.mx\/?p=125603"},"modified":"2026-01-19T09:04:08","modified_gmt":"2026-01-19T16:04:08","slug":"ambrocio-chavez-el-destape-que-no-pidio-permiso","status":"publish","type":"post","link":"https:\/\/fuentesfidedignas.com.mx\/index.php\/2026\/01\/19\/ambrocio-chavez-el-destape-que-no-pidio-permiso\/","title":{"rendered":"Ambrocio Ch\u00e1vez: el \u201cdestape\u201d que no pidi\u00f3 permiso"},"content":{"rendered":"\n<p>En pol\u00edtica, pocas cosas son m\u00e1s elocuentes que aquello que no se dice, pero se publica. Ambrocio Ch\u00e1vez Ch\u00e1vez no sali\u00f3 a gritar que quiere ser alcalde de Salvador Alvarado. No levant\u00f3 la mano en tribuna, no organiz\u00f3 porras, no forz\u00f3 el calendario. Bast\u00f3 una entrevista, una plana completa y una llamada en portada para que el mensaje quedara claro: el Profe Bocho ya est\u00e1 en la conversaci\u00f3n grande.<\/p>\n\n\n\n<p>Que <em>El Debate<\/em>, el peri\u00f3dico de mayor circulaci\u00f3n en Sinaloa, lo lleve a ocho columnas en Guam\u00fachil no es una casualidad editorial: es una se\u00f1al pol\u00edtica. Y fuerte. Porque en tiempos donde abundan los aspirantes sin estructura ni fondo, Ambrocio aparece con algo que pocos pueden presumir al mismo tiempo: territorio, trayectoria y control del dinero p\u00fablico.<\/p>\n\n\n\n<p>No es menor el dato. Presidir la Comisi\u00f3n de Hacienda del Congreso no es un t\u00edtulo decorativo. Es estar parado donde se deciden 78 mil millones de pesos y donde se vigila un cr\u00e9dito de 2,200 millones destinados a obra p\u00fablica. En otras palabras: saber de pol\u00edtica, pero tambi\u00e9n de n\u00fameros, algo que en los municipios suele brillar por su ausencia.<\/p>\n\n\n\n<p>La entrevista est\u00e1 cuidadosamente armada, s\u00ed, pero no es hueca. Hay contenido, hay postura y hay l\u00edmites. Ch\u00e1vez habla de drenaje, pavimentaci\u00f3n, escuelas, hospitales. Habla de pensiones con realismo inc\u00f3modo. Habla de pol\u00edtica como trabajo de calle, no de escritorio. Y cuando se le pregunta por la alcald\u00eda, no se esconde ni se acelera: se disciplina. Dice \u201cestoy listo\u201d, pero tambi\u00e9n dice \u201cesperar\u00e9 las reglas\u201d.<\/p>\n\n\n\n<p>Ese equilibrio no es improvisado. Es oficio.<\/p>\n\n\n\n<p>En Salvador Alvarado, donde la memoria pol\u00edtica es larga y el olfato ciudadano fino, el mensaje cae en terreno f\u00e9rtil. La gente no ve a un improvisado: ve al maestro de siempre, al gestor que da la cara, al diputado que no desaparece entre elecciones. El \u201cProfe Bocho\u201d no necesita presentarse; ya est\u00e1 instalado en el imaginario local.<\/p>\n\n\n\n<p>\u00bfMolestar\u00e1 a otros aspirantes? Claro. \u00bfActivar\u00e1 celos internos? Seguro. Pero tambi\u00e9n obliga a algo fundamental: a medirse con \u00e9l. A partir de ahora, cualquiera que quiera esa alcald\u00eda tendr\u00e1 que responder una pregunta simple: \u00bfqu\u00e9 traes t\u00fa que no tenga Ambrocio Ch\u00e1vez?<\/p>\n\n\n\n<p>Porque el verdadero \u201cdestape\u201d no fue la frase ni la entrevista. Fue el contexto. Fue la combinaci\u00f3n de poder institucional, narrativa social y respaldo medi\u00e1tico. Fue entender que en pol\u00edtica no siempre gana el que grita primero, sino el que llega con estructura, paciencia y resultados.<\/p>\n\n\n\n<p>Ambrocio no se lanz\u00f3.<br>Lo lanzaron los hechos.<br>Y supo caer de pie.<\/p>\n","protected":false},"excerpt":{"rendered":"<p>En pol\u00edtica, pocas cosas son m\u00e1s elocuentes que aquello que no se dice, pero se publica. Ambrocio Ch\u00e1vez Ch\u00e1vez no sali\u00f3 a gritar que quiere ser alcalde de Salvador Alvarado. No levant\u00f3 la mano en tribuna, no organiz\u00f3 porras, no forz\u00f3 el calendario. Bast\u00f3 una entrevista, una plana completa y una llamada en portada para [&hellip;]<\/p>\n","protected":false},"author":140,"featured_media":110270,"comment_status":"open","ping_status":"open","sticky":false,"template":"","format":"standard","meta":{"tdm_status":"","tdm_grid_status":"","footnotes":""},"categories":[3064,3086],"tags":[],"class_list":{"0":"post-125603","1":"post","2":"type-post","3":"status-publish","4":"format-standard","5":"has-post-thumbnail","7":"category-columnas","8":"category-cuando-el-rio-suena"},"yoast_head":"<!-- This site is optimized with the Yoast SEO plugin v27.5 - https:\/\/yoast.com\/product\/yoast-seo-wordpress\/ -->\n<title>Ambrocio Ch\u00e1vez: el \u201cdestape\u201d que no pidi\u00f3 permiso - Fuentes Fidedignas<\/title>\n<meta name=\"robots\" content=\"index, follow, max-snippet:-1, max-image-preview:large, max-video-preview:-1\" \/>\n<link rel=\"canonical\" href=\"https:\/\/fuentesfidedignas.com.mx\/index.php\/2026\/01\/19\/ambrocio-chavez-el-destape-que-no-pidio-permiso\/\" \/>\n<meta property=\"og:locale\" content=\"es_MX\" \/>\n<meta property=\"og:type\" content=\"article\" \/>\n<meta property=\"og:title\" content=\"Ambrocio Ch\u00e1vez: el \u201cdestape\u201d que no pidi\u00f3 permiso - Fuentes Fidedignas\" \/>\n<meta property=\"og:description\" content=\"En pol\u00edtica, pocas cosas son m\u00e1s elocuentes que aquello que no se dice, pero se publica. Ambrocio Ch\u00e1vez Ch\u00e1vez no sali\u00f3 a gritar que quiere ser alcalde de Salvador Alvarado. No levant\u00f3 la mano en tribuna, no organiz\u00f3 porras, no forz\u00f3 el calendario. Bast\u00f3 una entrevista, una plana completa y una llamada en portada para [&hellip;]\" \/>\n<meta property=\"og:url\" content=\"https:\/\/fuentesfidedignas.com.mx\/index.php\/2026\/01\/19\/ambrocio-chavez-el-destape-que-no-pidio-permiso\/\" \/>\n<meta property=\"og:site_name\" content=\"Fuentes Fidedignas\" \/>\n<meta property=\"article:publisher\" content=\"https:\/\/www.facebook.com\/Fuentes-Fidedignas-368234489921644\" \/>\n<meta property=\"article:published_time\" content=\"2026-01-19T16:04:05+00:00\" \/>\n<meta property=\"article:modified_time\" content=\"2026-01-19T16:04:08+00:00\" \/>\n<meta property=\"og:image\" content=\"https:\/\/fuentesfidedignas.com.mx\/wp-content\/uploads\/2025\/06\/ambrocio_chavez1.jpg\" \/>\n\t<meta property=\"og:image:width\" content=\"600\" \/>\n\t<meta property=\"og:image:height\" content=\"450\" \/>\n\t<meta property=\"og:image:type\" content=\"image\/jpeg\" \/>\n<meta name=\"author\" content=\"F.F\" \/>\n<meta name=\"twitter:card\" content=\"summary_large_image\" \/>\n<meta name=\"twitter:creator\" content=\"@fidedignas\" \/>\n<meta name=\"twitter:site\" content=\"@fidedignas\" \/>\n<meta name=\"twitter:label1\" content=\"Escrito por\" \/>\n\t<meta name=\"twitter:data1\" content=\"F.F\" \/>\n\t<meta name=\"twitter:label2\" content=\"Tiempo de lectura\" \/>\n\t<meta name=\"twitter:data2\" content=\"3 minutos\" \/>\n<script type=\"application\/ld+json\" class=\"yoast-schema-graph\">{\"@context\":\"https:\\\/\\\/schema.org\",\"@graph\":[{\"@type\":\"Article\",\"@id\":\"https:\\\/\\\/fuentesfidedignas.com.mx\\\/index.php\\\/2026\\\/01\\\/19\\\/ambrocio-chavez-el-destape-que-no-pidio-permiso\\\/#article\",\"isPartOf\":{\"@id\":\"https:\\\/\\\/fuentesfidedignas.com.mx\\\/index.php\\\/2026\\\/01\\\/19\\\/ambrocio-chavez-el-destape-que-no-pidio-permiso\\\/\"},\"author\":{\"name\":\"F.F\",\"@id\":\"https:\\\/\\\/fuentesfidedignas.com.mx\\\/#\\\/schema\\\/person\\\/257ce668995e70619a0423d4063f7539\"},\"headline\":\"Ambrocio Ch\u00e1vez: el \u201cdestape\u201d que no pidi\u00f3 permiso\",\"datePublished\":\"2026-01-19T16:04:05+00:00\",\"dateModified\":\"2026-01-19T16:04:08+00:00\",\"mainEntityOfPage\":{\"@id\":\"https:\\\/\\\/fuentesfidedignas.com.mx\\\/index.php\\\/2026\\\/01\\\/19\\\/ambrocio-chavez-el-destape-que-no-pidio-permiso\\\/\"},\"wordCount\":458,\"commentCount\":0,\"publisher\":{\"@id\":\"https:\\\/\\\/fuentesfidedignas.com.mx\\\/#organization\"},\"image\":{\"@id\":\"https:\\\/\\\/fuentesfidedignas.com.mx\\\/index.php\\\/2026\\\/01\\\/19\\\/ambrocio-chavez-el-destape-que-no-pidio-permiso\\\/#primaryimage\"},\"thumbnailUrl\":\"https:\\\/\\\/fuentesfidedignas.com.mx\\\/wp-content\\\/uploads\\\/2025\\\/06\\\/ambrocio_chavez1.jpg\",\"articleSection\":[\"COLUMNAS\",\"CUANDO EL RIO SUENA\"],\"inLanguage\":\"es\",\"potentialAction\":[{\"@type\":\"CommentAction\",\"name\":\"Comment\",\"target\":[\"https:\\\/\\\/fuentesfidedignas.com.mx\\\/index.php\\\/2026\\\/01\\\/19\\\/ambrocio-chavez-el-destape-que-no-pidio-permiso\\\/#respond\"]}]},{\"@type\":\"WebPage\",\"@id\":\"https:\\\/\\\/fuentesfidedignas.com.mx\\\/index.php\\\/2026\\\/01\\\/19\\\/ambrocio-chavez-el-destape-que-no-pidio-permiso\\\/\",\"url\":\"https:\\\/\\\/fuentesfidedignas.com.mx\\\/index.php\\\/2026\\\/01\\\/19\\\/ambrocio-chavez-el-destape-que-no-pidio-permiso\\\/\",\"name\":\"Ambrocio Ch\u00e1vez: el \u201cdestape\u201d que no pidi\u00f3 permiso - Fuentes Fidedignas\",\"isPartOf\":{\"@id\":\"https:\\\/\\\/fuentesfidedignas.com.mx\\\/#website\"},\"primaryImageOfPage\":{\"@id\":\"https:\\\/\\\/fuentesfidedignas.com.mx\\\/index.php\\\/2026\\\/01\\\/19\\\/ambrocio-chavez-el-destape-que-no-pidio-permiso\\\/#primaryimage\"},\"image\":{\"@id\":\"https:\\\/\\\/fuentesfidedignas.com.mx\\\/index.php\\\/2026\\\/01\\\/19\\\/ambrocio-chavez-el-destape-que-no-pidio-permiso\\\/#primaryimage\"},\"thumbnailUrl\":\"https:\\\/\\\/fuentesfidedignas.com.mx\\\/wp-content\\\/uploads\\\/2025\\\/06\\\/ambrocio_chavez1.jpg\",\"datePublished\":\"2026-01-19T16:04:05+00:00\",\"dateModified\":\"2026-01-19T16:04:08+00:00\",\"breadcrumb\":{\"@id\":\"https:\\\/\\\/fuentesfidedignas.com.mx\\\/index.php\\\/2026\\\/01\\\/19\\\/ambrocio-chavez-el-destape-que-no-pidio-permiso\\\/#breadcrumb\"},\"inLanguage\":\"es\",\"potentialAction\":[{\"@type\":\"ReadAction\",\"target\":[\"https:\\\/\\\/fuentesfidedignas.com.mx\\\/index.php\\\/2026\\\/01\\\/19\\\/ambrocio-chavez-el-destape-que-no-pidio-permiso\\\/\"]}]},{\"@type\":\"ImageObject\",\"inLanguage\":\"es\",\"@id\":\"https:\\\/\\\/fuentesfidedignas.com.mx\\\/index.php\\\/2026\\\/01\\\/19\\\/ambrocio-chavez-el-destape-que-no-pidio-permiso\\\/#primaryimage\",\"url\":\"https:\\\/\\\/fuentesfidedignas.com.mx\\\/wp-content\\\/uploads\\\/2025\\\/06\\\/ambrocio_chavez1.jpg\",\"contentUrl\":\"https:\\\/\\\/fuentesfidedignas.com.mx\\\/wp-content\\\/uploads\\\/2025\\\/06\\\/ambrocio_chavez1.jpg\",\"width\":600,\"height\":450},{\"@type\":\"BreadcrumbList\",\"@id\":\"https:\\\/\\\/fuentesfidedignas.com.mx\\\/index.php\\\/2026\\\/01\\\/19\\\/ambrocio-chavez-el-destape-que-no-pidio-permiso\\\/#breadcrumb\",\"itemListElement\":[{\"@type\":\"ListItem\",\"position\":1,\"name\":\"Inicio\",\"item\":\"https:\\\/\\\/fuentesfidedignas.com.mx\\\/\"},{\"@type\":\"ListItem\",\"position\":2,\"name\":\"Ambrocio Ch\u00e1vez: el \u201cdestape\u201d que no pidi\u00f3 permiso\"}]},{\"@type\":\"WebSite\",\"@id\":\"https:\\\/\\\/fuentesfidedignas.com.mx\\\/#website\",\"url\":\"https:\\\/\\\/fuentesfidedignas.com.mx\\\/\",\"name\":\"Fuentes Fidedignas\",\"description\":\"Otro sitio realizado con WordPress\",\"publisher\":{\"@id\":\"https:\\\/\\\/fuentesfidedignas.com.mx\\\/#organization\"},\"potentialAction\":[{\"@type\":\"SearchAction\",\"target\":{\"@type\":\"EntryPoint\",\"urlTemplate\":\"https:\\\/\\\/fuentesfidedignas.com.mx\\\/?s={search_term_string}\"},\"query-input\":{\"@type\":\"PropertyValueSpecification\",\"valueRequired\":true,\"valueName\":\"search_term_string\"}}],\"inLanguage\":\"es\"},{\"@type\":\"Organization\",\"@id\":\"https:\\\/\\\/fuentesfidedignas.com.mx\\\/#organization\",\"name\":\"Fuentes Fidedignas\",\"url\":\"https:\\\/\\\/fuentesfidedignas.com.mx\\\/\",\"logo\":{\"@type\":\"ImageObject\",\"inLanguage\":\"es\",\"@id\":\"https:\\\/\\\/fuentesfidedignas.com.mx\\\/#\\\/schema\\\/logo\\\/image\\\/\",\"url\":\"https:\\\/\\\/fuentesfidedignas.com.mx\\\/wp-content\\\/uploads\\\/2021\\\/04\\\/logo-retina.png\",\"contentUrl\":\"https:\\\/\\\/fuentesfidedignas.com.mx\\\/wp-content\\\/uploads\\\/2021\\\/04\\\/logo-retina.png\",\"width\":280,\"height\":51,\"caption\":\"Fuentes Fidedignas\"},\"image\":{\"@id\":\"https:\\\/\\\/fuentesfidedignas.com.mx\\\/#\\\/schema\\\/logo\\\/image\\\/\"},\"sameAs\":[\"https:\\\/\\\/www.facebook.com\\\/Fuentes-Fidedignas-368234489921644\",\"https:\\\/\\\/x.com\\\/fidedignas\"]},{\"@type\":\"Person\",\"@id\":\"https:\\\/\\\/fuentesfidedignas.com.mx\\\/#\\\/schema\\\/person\\\/257ce668995e70619a0423d4063f7539\",\"name\":\"F.F\",\"image\":{\"@type\":\"ImageObject\",\"inLanguage\":\"es\",\"@id\":\"https:\\\/\\\/secure.gravatar.com\\\/avatar\\\/852c26b8e524fd0d5d40b1dd4f3b01abe244b22e1008620d24eeae20a74a9353?s=96&d=mm&r=g\",\"url\":\"https:\\\/\\\/secure.gravatar.com\\\/avatar\\\/852c26b8e524fd0d5d40b1dd4f3b01abe244b22e1008620d24eeae20a74a9353?s=96&d=mm&r=g\",\"contentUrl\":\"https:\\\/\\\/secure.gravatar.com\\\/avatar\\\/852c26b8e524fd0d5d40b1dd4f3b01abe244b22e1008620d24eeae20a74a9353?s=96&d=mm&r=g\",\"caption\":\"F.F\"},\"url\":\"https:\\\/\\\/fuentesfidedignas.com.mx\\\/index.php\\\/author\\\/f-f\\\/\"}]}<\/script>\n<!-- \/ Yoast SEO plugin. -->","yoast_head_json":{"title":"Ambrocio Ch\u00e1vez: el \u201cdestape\u201d que no pidi\u00f3 permiso - Fuentes Fidedignas","robots":{"index":"index","follow":"follow","max-snippet":"max-snippet:-1","max-image-preview":"max-image-preview:large","max-video-preview":"max-video-preview:-1"},"canonical":"https:\/\/fuentesfidedignas.com.mx\/index.php\/2026\/01\/19\/ambrocio-chavez-el-destape-que-no-pidio-permiso\/","og_locale":"es_MX","og_type":"article","og_title":"Ambrocio Ch\u00e1vez: el \u201cdestape\u201d que no pidi\u00f3 permiso - Fuentes Fidedignas","og_description":"En pol\u00edtica, pocas cosas son m\u00e1s elocuentes que aquello que no se dice, pero se publica. Ambrocio Ch\u00e1vez Ch\u00e1vez no sali\u00f3 a gritar que quiere ser alcalde de Salvador Alvarado. No levant\u00f3 la mano en tribuna, no organiz\u00f3 porras, no forz\u00f3 el calendario. Bast\u00f3 una entrevista, una plana completa y una llamada en portada para [&hellip;]","og_url":"https:\/\/fuentesfidedignas.com.mx\/index.php\/2026\/01\/19\/ambrocio-chavez-el-destape-que-no-pidio-permiso\/","og_site_name":"Fuentes Fidedignas","article_publisher":"https:\/\/www.facebook.com\/Fuentes-Fidedignas-368234489921644","article_published_time":"2026-01-19T16:04:05+00:00","article_modified_time":"2026-01-19T16:04:08+00:00","og_image":[{"width":600,"height":450,"url":"https:\/\/fuentesfidedignas.com.mx\/wp-content\/uploads\/2025\/06\/ambrocio_chavez1.jpg","type":"image\/jpeg"}],"author":"F.F","twitter_card":"summary_large_image","twitter_creator":"@fidedignas","twitter_site":"@fidedignas","twitter_misc":{"Escrito por":"F.F","Tiempo de lectura":"3 minutos"},"schema":{"@context":"https:\/\/schema.org","@graph":[{"@type":"Article","@id":"https:\/\/fuentesfidedignas.com.mx\/index.php\/2026\/01\/19\/ambrocio-chavez-el-destape-que-no-pidio-permiso\/#article","isPartOf":{"@id":"https:\/\/fuentesfidedignas.com.mx\/index.php\/2026\/01\/19\/ambrocio-chavez-el-destape-que-no-pidio-permiso\/"},"author":{"name":"F.F","@id":"https:\/\/fuentesfidedignas.com.mx\/#\/schema\/person\/257ce668995e70619a0423d4063f7539"},"headline":"Ambrocio Ch\u00e1vez: el \u201cdestape\u201d que no pidi\u00f3 permiso","datePublished":"2026-01-19T16:04:05+00:00","dateModified":"2026-01-19T16:04:08+00:00","mainEntityOfPage":{"@id":"https:\/\/fuentesfidedignas.com.mx\/index.php\/2026\/01\/19\/ambrocio-chavez-el-destape-que-no-pidio-permiso\/"},"wordCount":458,"commentCount":0,"publisher":{"@id":"https:\/\/fuentesfidedignas.com.mx\/#organization"},"image":{"@id":"https:\/\/fuentesfidedignas.com.mx\/index.php\/2026\/01\/19\/ambrocio-chavez-el-destape-que-no-pidio-permiso\/#primaryimage"},"thumbnailUrl":"https:\/\/fuentesfidedignas.com.mx\/wp-content\/uploads\/2025\/06\/ambrocio_chavez1.jpg","articleSection":["COLUMNAS","CUANDO EL RIO SUENA"],"inLanguage":"es","potentialAction":[{"@type":"CommentAction","name":"Comment","target":["https:\/\/fuentesfidedignas.com.mx\/index.php\/2026\/01\/19\/ambrocio-chavez-el-destape-que-no-pidio-permiso\/#respond"]}]},{"@type":"WebPage","@id":"https:\/\/fuentesfidedignas.com.mx\/index.php\/2026\/01\/19\/ambrocio-chavez-el-destape-que-no-pidio-permiso\/","url":"https:\/\/fuentesfidedignas.com.mx\/index.php\/2026\/01\/19\/ambrocio-chavez-el-destape-que-no-pidio-permiso\/","name":"Ambrocio Ch\u00e1vez: el \u201cdestape\u201d que no pidi\u00f3 permiso - Fuentes Fidedignas","isPartOf":{"@id":"https:\/\/fuentesfidedignas.com.mx\/#website"},"primaryImageOfPage":{"@id":"https:\/\/fuentesfidedignas.com.mx\/index.php\/2026\/01\/19\/ambrocio-chavez-el-destape-que-no-pidio-permiso\/#primaryimage"},"image":{"@id":"https:\/\/fuentesfidedignas.com.mx\/index.php\/2026\/01\/19\/ambrocio-chavez-el-destape-que-no-pidio-permiso\/#primaryimage"},"thumbnailUrl":"https:\/\/fuentesfidedignas.com.mx\/wp-content\/uploads\/2025\/06\/ambrocio_chavez1.jpg","datePublished":"2026-01-19T16:04:05+00:00","dateModified":"2026-01-19T16:04:08+00:00","breadcrumb":{"@id":"https:\/\/fuentesfidedignas.com.mx\/index.php\/2026\/01\/19\/ambrocio-chavez-el-destape-que-no-pidio-permiso\/#breadcrumb"},"inLanguage":"es","potentialAction":[{"@type":"ReadAction","target":["https:\/\/fuentesfidedignas.com.mx\/index.php\/2026\/01\/19\/ambrocio-chavez-el-destape-que-no-pidio-permiso\/"]}]},{"@type":"ImageObject","inLanguage":"es","@id":"https:\/\/fuentesfidedignas.com.mx\/index.php\/2026\/01\/19\/ambrocio-chavez-el-destape-que-no-pidio-permiso\/#primaryimage","url":"https:\/\/fuentesfidedignas.com.mx\/wp-content\/uploads\/2025\/06\/ambrocio_chavez1.jpg","contentUrl":"https:\/\/fuentesfidedignas.com.mx\/wp-content\/uploads\/2025\/06\/ambrocio_chavez1.jpg","width":600,"height":450},{"@type":"BreadcrumbList","@id":"https:\/\/fuentesfidedignas.com.mx\/index.php\/2026\/01\/19\/ambrocio-chavez-el-destape-que-no-pidio-permiso\/#breadcrumb","itemListElement":[{"@type":"ListItem","position":1,"name":"Inicio","item":"https:\/\/fuentesfidedignas.com.mx\/"},{"@type":"ListItem","position":2,"name":"Ambrocio Ch\u00e1vez: el \u201cdestape\u201d que no pidi\u00f3 permiso"}]},{"@type":"WebSite","@id":"https:\/\/fuentesfidedignas.com.mx\/#website","url":"https:\/\/fuentesfidedignas.com.mx\/","name":"Fuentes Fidedignas","description":"Otro sitio realizado con WordPress","publisher":{"@id":"https:\/\/fuentesfidedignas.com.mx\/#organization"},"potentialAction":[{"@type":"SearchAction","target":{"@type":"EntryPoint","urlTemplate":"https:\/\/fuentesfidedignas.com.mx\/?s={search_term_string}"},"query-input":{"@type":"PropertyValueSpecification","valueRequired":true,"valueName":"search_term_string"}}],"inLanguage":"es"},{"@type":"Organization","@id":"https:\/\/fuentesfidedignas.com.mx\/#organization","name":"Fuentes Fidedignas","url":"https:\/\/fuentesfidedignas.com.mx\/","logo":{"@type":"ImageObject","inLanguage":"es","@id":"https:\/\/fuentesfidedignas.com.mx\/#\/schema\/logo\/image\/","url":"https:\/\/fuentesfidedignas.com.mx\/wp-content\/uploads\/2021\/04\/logo-retina.png","contentUrl":"https:\/\/fuentesfidedignas.com.mx\/wp-content\/uploads\/2021\/04\/logo-retina.png","width":280,"height":51,"caption":"Fuentes Fidedignas"},"image":{"@id":"https:\/\/fuentesfidedignas.com.mx\/#\/schema\/logo\/image\/"},"sameAs":["https:\/\/www.facebook.com\/Fuentes-Fidedignas-368234489921644","https:\/\/x.com\/fidedignas"]},{"@type":"Person","@id":"https:\/\/fuentesfidedignas.com.mx\/#\/schema\/person\/257ce668995e70619a0423d4063f7539","name":"F.F","image":{"@type":"ImageObject","inLanguage":"es","@id":"https:\/\/secure.gravatar.com\/avatar\/852c26b8e524fd0d5d40b1dd4f3b01abe244b22e1008620d24eeae20a74a9353?s=96&d=mm&r=g","url":"https:\/\/secure.gravatar.com\/avatar\/852c26b8e524fd0d5d40b1dd4f3b01abe244b22e1008620d24eeae20a74a9353?s=96&d=mm&r=g","contentUrl":"https:\/\/secure.gravatar.com\/avatar\/852c26b8e524fd0d5d40b1dd4f3b01abe244b22e1008620d24eeae20a74a9353?s=96&d=mm&r=g","caption":"F.F"},"url":"https:\/\/fuentesfidedignas.com.mx\/index.php\/author\/f-f\/"}]}},"_links":{"self":[{"href":"https:\/\/fuentesfidedignas.com.mx\/index.php\/wp-json\/wp\/v2\/posts\/125603","targetHints":{"allow":["GET"]}}],"collection":[{"href":"https:\/\/fuentesfidedignas.com.mx\/index.php\/wp-json\/wp\/v2\/posts"}],"about":[{"href":"https:\/\/fuentesfidedignas.com.mx\/index.php\/wp-json\/wp\/v2\/types\/post"}],"author":[{"embeddable":true,"href":"https:\/\/fuentesfidedignas.com.mx\/index.php\/wp-json\/wp\/v2\/users\/140"}],"replies":[{"embeddable":true,"href":"https:\/\/fuentesfidedignas.com.mx\/index.php\/wp-json\/wp\/v2\/comments?post=125603"}],"version-history":[{"count":1,"href":"https:\/\/fuentesfidedignas.com.mx\/index.php\/wp-json\/wp\/v2\/posts\/125603\/revisions"}],"predecessor-version":[{"id":125604,"href":"https:\/\/fuentesfidedignas.com.mx\/index.php\/wp-json\/wp\/v2\/posts\/125603\/revisions\/125604"}],"wp:featuredmedia":[{"embeddable":true,"href":"https:\/\/fuentesfidedignas.com.mx\/index.php\/wp-json\/wp\/v2\/media\/110270"}],"wp:attachment":[{"href":"https:\/\/fuentesfidedignas.com.mx\/index.php\/wp-json\/wp\/v2\/media?parent=125603"}],"wp:term":[{"taxonomy":"category","embeddable":true,"href":"https:\/\/fuentesfidedignas.com.mx\/index.php\/wp-json\/wp\/v2\/categories?post=125603"},{"taxonomy":"post_tag","embeddable":true,"href":"https:\/\/fuentesfidedignas.com.mx\/index.php\/wp-json\/wp\/v2\/tags?post=125603"}],"curies":[{"name":"wp","href":"https:\/\/api.w.org\/{rel}","templated":true}]}}