{"id":125547,"date":"2026-01-18T10:53:04","date_gmt":"2026-01-18T17:53:04","guid":{"rendered":"https:\/\/fuentesfidedignas.com.mx\/?p=125547"},"modified":"2026-01-18T10:53:14","modified_gmt":"2026-01-18T17:53:14","slug":"chile-declara-estado-de-catastrofe-por-incendios-al-menos-16-muertos","status":"publish","type":"post","link":"https:\/\/fuentesfidedignas.com.mx\/index.php\/2026\/01\/18\/chile-declara-estado-de-catastrofe-por-incendios-al-menos-16-muertos\/","title":{"rendered":"Chile declara estado de cat\u00e1strofe por incendios; al menos 16 muertos"},"content":{"rendered":"\n<p><strong><em>El ministro de Seguridad, Luis Cordero, confirm\u00f3 que 15 de las muertes se registraron en Biob\u00edo; otro m\u00e1s en \u00d1uble.<\/em><\/strong><\/p>\n\n\n\n<p>A primera hora del domingo, el presidente Gabriel Boric decret\u00f3 estado de cat\u00e1strofe en las regiones de \u00d1uble y Biob\u00edo, en el sur del pa\u00eds, ante el avance de voraces incendios forestales que ya dejan al menos 16 personas fallecidas, decenas de comunidades afectadas y m\u00e1s de 50 mil evacuados, de acuerdo con cifras oficiales actualizadas.<\/p>\n\n\n\n<p>La decisi\u00f3n presidencial, anunciada a trav\u00e9s de redes sociales y ratificada por el gabinete de seguridad, permite el despliegue de las Fuerzas Armadas, la reasignaci\u00f3n inmediata de recursos y una coordinaci\u00f3n extraordinaria entre organismos del Estado para enfrentar la emergencia. \u201cAnte los graves incendios en curso he decidido declarar estado de cat\u00e1strofe en las regiones de \u00d1uble y Biob\u00edo. Todos los recursos est\u00e1n disponibles\u201d, afirm\u00f3 Boric.<\/p>\n\n\n\n<p>Seg\u00fan la Corporaci\u00f3n Nacional Forestal (CONAF), durante la ma\u00f1ana del domingo se combat\u00edan 24 incendios activos en todo el pa\u00eds, siendo los m\u00e1s peligrosos los localizados en \u00d1uble y Biob\u00edo, a unos 500 kil\u00f3metros al sur de Santiago. Las llamas han consumido alrededor de 8.500 hect\u00e1reas, arrasando zonas rurales y urbanas, y obligando a evacuaciones masivas en cuesti\u00f3n de horas.<\/p>\n\n\n\n<p>El ministro de Seguridad, Luis Cordero, confirm\u00f3 que 15 de las muertes se registraron en Biob\u00edo, mientras que una persona falleci\u00f3 en \u00d1uble, elevando el balance total a 16 v\u00edctimas fatales. Adem\u00e1s, el Servicio Nacional de Prevenci\u00f3n y Respuesta ante Desastres (Senapred) inform\u00f3 que al menos 250 viviendas fueron destruidas y miles de familias lo perdieron todo.<\/p>\n\n\n\n<p><strong>Clima extremo y condiciones adversas<\/strong><br>Las autoridades coinciden en que la r\u00e1pida propagaci\u00f3n del fuego se debe a una combinaci\u00f3n letal de altas temperaturas, fuertes vientos y vegetaci\u00f3n seca. Gran parte del territorio chileno se encuentra bajo alerta por calor extremo, con temperaturas que podr\u00edan alcanzar los 38 grados Celsius desde la regi\u00f3n Metropolitana hasta Biob\u00edo durante el domingo y el lunes.<\/p>\n\n\n\n<p>\u201cEstamos enfrentando un cuadro complejo\u201d, advirti\u00f3 el ministro del Interior, \u00c1lvaro Elizalde, al subrayar que las condiciones meteorol\u00f3gicas han dificultado seriamente el trabajo de los bomberos y brigadas forestales, que operan sin pausa desde el s\u00e1bado por la tarde, cuando se iniciaron los primeros focos.<\/p>\n\n\n\n<p>Chile no est\u00e1 solo en esta crisis clim\u00e1tica. Tanto el pa\u00eds como Argentina han experimentado olas de calor extremas desde comienzos de a\u00f1o, con incendios devastadores en la Patagonia argentina a inicios de enero. En el caso chileno, los incendios forestales se han vuelto cada vez m\u00e1s frecuentes e intensos en la zona centro-sur durante la \u00faltima d\u00e9cada.<\/p>\n\n\n\n<p>El antecedente m\u00e1s reciente y tr\u00e1gico ocurri\u00f3 el 2 de febrero de 2024, cuando una serie de incendios simult\u00e1neos en los alrededores de Vi\u00f1a del Mar dej\u00f3 138 muertos, seg\u00fan cifras actualizadas de la fiscal\u00eda, marcando uno de los peores desastres en la historia reciente del pa\u00eds.<\/p>\n\n\n\n<p><strong>Control militar y llamado a la prevenci\u00f3n<\/strong><br>Con el estado de cat\u00e1strofe en vigor, las Fuerzas Armadas asumir\u00e1n el control del orden p\u00fablico en las regiones afectadas, apoyando las evacuaciones, la log\u00edstica y la protecci\u00f3n de infraestructuras cr\u00edticas. El Gobierno hizo un llamado urgente a la poblaci\u00f3n a respetar las \u00f3rdenes de evacuaci\u00f3n, evitar desplazamientos innecesarios y extremar las medidas de prevenci\u00f3n.<\/p>\n\n\n\n<p>Mientras los equipos de emergencia contin\u00faan combatiendo las llamas, Chile vuelve a enfrentar el desaf\u00edo de reconstruir comunidades enteras, en un contexto donde el cambio clim\u00e1tico y los eventos extremos est\u00e1n redefiniendo la gesti\u00f3n de riesgos en el Cono Sur. La evoluci\u00f3n de los incendios en las pr\u00f3ximas horas ser\u00e1 clave para determinar el alcance final de una tragedia que mantiene en vilo a todo el pa\u00eds.<\/p>\n\n\n\n<p><\/p>\n","protected":false},"excerpt":{"rendered":"<p>El ministro de Seguridad, Luis Cordero, confirm\u00f3 que 15 de las muertes se registraron en Biob\u00edo; otro m\u00e1s en \u00d1uble. A primera hora del domingo, el presidente Gabriel Boric decret\u00f3 estado de cat\u00e1strofe en las regiones de \u00d1uble y Biob\u00edo, en el sur del pa\u00eds, ante el avance de voraces incendios forestales que ya dejan [&hellip;]<\/p>\n","protected":false},"author":7,"featured_media":125548,"comment_status":"open","ping_status":"open","sticky":false,"template":"","format":"standard","meta":{"tdm_status":"","tdm_grid_status":"","footnotes":""},"categories":[39],"tags":[],"class_list":{"0":"post-125547","1":"post","2":"type-post","3":"status-publish","4":"format-standard","5":"has-post-thumbnail","7":"category-noticias-nacionales"},"yoast_head":"<!-- This site is optimized with the Yoast SEO plugin v27.5 - https:\/\/yoast.com\/product\/yoast-seo-wordpress\/ -->\n<title>Chile declara estado de cat\u00e1strofe por incendios; al menos 16 muertos - Fuentes Fidedignas<\/title>\n<meta name=\"robots\" content=\"index, follow, max-snippet:-1, max-image-preview:large, max-video-preview:-1\" \/>\n<link rel=\"canonical\" href=\"https:\/\/fuentesfidedignas.com.mx\/index.php\/2026\/01\/18\/chile-declara-estado-de-catastrofe-por-incendios-al-menos-16-muertos\/\" \/>\n<meta property=\"og:locale\" content=\"es_MX\" \/>\n<meta property=\"og:type\" content=\"article\" \/>\n<meta property=\"og:title\" content=\"Chile declara estado de cat\u00e1strofe por incendios; al menos 16 muertos - Fuentes Fidedignas\" \/>\n<meta property=\"og:description\" content=\"El ministro de Seguridad, Luis Cordero, confirm\u00f3 que 15 de las muertes se registraron en Biob\u00edo; otro m\u00e1s en \u00d1uble. A primera hora del domingo, el presidente Gabriel Boric decret\u00f3 estado de cat\u00e1strofe en las regiones de \u00d1uble y Biob\u00edo, en el sur del pa\u00eds, ante el avance de voraces incendios forestales que ya dejan [&hellip;]\" \/>\n<meta property=\"og:url\" content=\"https:\/\/fuentesfidedignas.com.mx\/index.php\/2026\/01\/18\/chile-declara-estado-de-catastrofe-por-incendios-al-menos-16-muertos\/\" \/>\n<meta property=\"og:site_name\" content=\"Fuentes Fidedignas\" \/>\n<meta property=\"article:publisher\" content=\"https:\/\/www.facebook.com\/Fuentes-Fidedignas-368234489921644\" \/>\n<meta property=\"article:published_time\" content=\"2026-01-18T17:53:04+00:00\" \/>\n<meta property=\"article:modified_time\" content=\"2026-01-18T17:53:14+00:00\" \/>\n<meta property=\"og:image\" content=\"https:\/\/fuentesfidedignas.com.mx\/wp-content\/uploads\/2026\/01\/Incendio-chile.jpg\" \/>\n\t<meta property=\"og:image:width\" content=\"500\" \/>\n\t<meta property=\"og:image:height\" content=\"333\" \/>\n\t<meta property=\"og:image:type\" content=\"image\/jpeg\" \/>\n<meta name=\"author\" content=\"Exc\u00e9lsior\" \/>\n<meta name=\"twitter:card\" content=\"summary_large_image\" \/>\n<meta name=\"twitter:creator\" content=\"@fidedignas\" \/>\n<meta name=\"twitter:site\" content=\"@fidedignas\" \/>\n<meta name=\"twitter:label1\" content=\"Escrito por\" \/>\n\t<meta name=\"twitter:data1\" content=\"Exc\u00e9lsior\" \/>\n\t<meta name=\"twitter:label2\" content=\"Tiempo de lectura\" \/>\n\t<meta name=\"twitter:data2\" content=\"3 minutos\" \/>\n<script type=\"application\/ld+json\" class=\"yoast-schema-graph\">{\"@context\":\"https:\\\/\\\/schema.org\",\"@graph\":[{\"@type\":\"Article\",\"@id\":\"https:\\\/\\\/fuentesfidedignas.com.mx\\\/index.php\\\/2026\\\/01\\\/18\\\/chile-declara-estado-de-catastrofe-por-incendios-al-menos-16-muertos\\\/#article\",\"isPartOf\":{\"@id\":\"https:\\\/\\\/fuentesfidedignas.com.mx\\\/index.php\\\/2026\\\/01\\\/18\\\/chile-declara-estado-de-catastrofe-por-incendios-al-menos-16-muertos\\\/\"},\"author\":{\"name\":\"Exc\u00e9lsior\",\"@id\":\"https:\\\/\\\/fuentesfidedignas.com.mx\\\/#\\\/schema\\\/person\\\/ec4edd1fbf5efa3e44fce34fe2787780\"},\"headline\":\"Chile declara estado de cat\u00e1strofe por incendios; al menos 16 muertos\",\"datePublished\":\"2026-01-18T17:53:04+00:00\",\"dateModified\":\"2026-01-18T17:53:14+00:00\",\"mainEntityOfPage\":{\"@id\":\"https:\\\/\\\/fuentesfidedignas.com.mx\\\/index.php\\\/2026\\\/01\\\/18\\\/chile-declara-estado-de-catastrofe-por-incendios-al-menos-16-muertos\\\/\"},\"wordCount\":664,\"commentCount\":0,\"publisher\":{\"@id\":\"https:\\\/\\\/fuentesfidedignas.com.mx\\\/#organization\"},\"image\":{\"@id\":\"https:\\\/\\\/fuentesfidedignas.com.mx\\\/index.php\\\/2026\\\/01\\\/18\\\/chile-declara-estado-de-catastrofe-por-incendios-al-menos-16-muertos\\\/#primaryimage\"},\"thumbnailUrl\":\"https:\\\/\\\/fuentesfidedignas.com.mx\\\/wp-content\\\/uploads\\\/2026\\\/01\\\/Incendio-chile.jpg\",\"articleSection\":[\"NOTICIAS NACIONALES\"],\"inLanguage\":\"es\",\"potentialAction\":[{\"@type\":\"CommentAction\",\"name\":\"Comment\",\"target\":[\"https:\\\/\\\/fuentesfidedignas.com.mx\\\/index.php\\\/2026\\\/01\\\/18\\\/chile-declara-estado-de-catastrofe-por-incendios-al-menos-16-muertos\\\/#respond\"]}]},{\"@type\":\"WebPage\",\"@id\":\"https:\\\/\\\/fuentesfidedignas.com.mx\\\/index.php\\\/2026\\\/01\\\/18\\\/chile-declara-estado-de-catastrofe-por-incendios-al-menos-16-muertos\\\/\",\"url\":\"https:\\\/\\\/fuentesfidedignas.com.mx\\\/index.php\\\/2026\\\/01\\\/18\\\/chile-declara-estado-de-catastrofe-por-incendios-al-menos-16-muertos\\\/\",\"name\":\"Chile declara estado de cat\u00e1strofe por incendios; al menos 16 muertos - Fuentes Fidedignas\",\"isPartOf\":{\"@id\":\"https:\\\/\\\/fuentesfidedignas.com.mx\\\/#website\"},\"primaryImageOfPage\":{\"@id\":\"https:\\\/\\\/fuentesfidedignas.com.mx\\\/index.php\\\/2026\\\/01\\\/18\\\/chile-declara-estado-de-catastrofe-por-incendios-al-menos-16-muertos\\\/#primaryimage\"},\"image\":{\"@id\":\"https:\\\/\\\/fuentesfidedignas.com.mx\\\/index.php\\\/2026\\\/01\\\/18\\\/chile-declara-estado-de-catastrofe-por-incendios-al-menos-16-muertos\\\/#primaryimage\"},\"thumbnailUrl\":\"https:\\\/\\\/fuentesfidedignas.com.mx\\\/wp-content\\\/uploads\\\/2026\\\/01\\\/Incendio-chile.jpg\",\"datePublished\":\"2026-01-18T17:53:04+00:00\",\"dateModified\":\"2026-01-18T17:53:14+00:00\",\"breadcrumb\":{\"@id\":\"https:\\\/\\\/fuentesfidedignas.com.mx\\\/index.php\\\/2026\\\/01\\\/18\\\/chile-declara-estado-de-catastrofe-por-incendios-al-menos-16-muertos\\\/#breadcrumb\"},\"inLanguage\":\"es\",\"potentialAction\":[{\"@type\":\"ReadAction\",\"target\":[\"https:\\\/\\\/fuentesfidedignas.com.mx\\\/index.php\\\/2026\\\/01\\\/18\\\/chile-declara-estado-de-catastrofe-por-incendios-al-menos-16-muertos\\\/\"]}]},{\"@type\":\"ImageObject\",\"inLanguage\":\"es\",\"@id\":\"https:\\\/\\\/fuentesfidedignas.com.mx\\\/index.php\\\/2026\\\/01\\\/18\\\/chile-declara-estado-de-catastrofe-por-incendios-al-menos-16-muertos\\\/#primaryimage\",\"url\":\"https:\\\/\\\/fuentesfidedignas.com.mx\\\/wp-content\\\/uploads\\\/2026\\\/01\\\/Incendio-chile.jpg\",\"contentUrl\":\"https:\\\/\\\/fuentesfidedignas.com.mx\\\/wp-content\\\/uploads\\\/2026\\\/01\\\/Incendio-chile.jpg\",\"width\":500,\"height\":333},{\"@type\":\"BreadcrumbList\",\"@id\":\"https:\\\/\\\/fuentesfidedignas.com.mx\\\/index.php\\\/2026\\\/01\\\/18\\\/chile-declara-estado-de-catastrofe-por-incendios-al-menos-16-muertos\\\/#breadcrumb\",\"itemListElement\":[{\"@type\":\"ListItem\",\"position\":1,\"name\":\"Inicio\",\"item\":\"https:\\\/\\\/fuentesfidedignas.com.mx\\\/\"},{\"@type\":\"ListItem\",\"position\":2,\"name\":\"Chile declara estado de cat\u00e1strofe por incendios; al menos 16 muertos\"}]},{\"@type\":\"WebSite\",\"@id\":\"https:\\\/\\\/fuentesfidedignas.com.mx\\\/#website\",\"url\":\"https:\\\/\\\/fuentesfidedignas.com.mx\\\/\",\"name\":\"Fuentes Fidedignas\",\"description\":\"Otro sitio realizado con WordPress\",\"publisher\":{\"@id\":\"https:\\\/\\\/fuentesfidedignas.com.mx\\\/#organization\"},\"potentialAction\":[{\"@type\":\"SearchAction\",\"target\":{\"@type\":\"EntryPoint\",\"urlTemplate\":\"https:\\\/\\\/fuentesfidedignas.com.mx\\\/?s={search_term_string}\"},\"query-input\":{\"@type\":\"PropertyValueSpecification\",\"valueRequired\":true,\"valueName\":\"search_term_string\"}}],\"inLanguage\":\"es\"},{\"@type\":\"Organization\",\"@id\":\"https:\\\/\\\/fuentesfidedignas.com.mx\\\/#organization\",\"name\":\"Fuentes Fidedignas\",\"url\":\"https:\\\/\\\/fuentesfidedignas.com.mx\\\/\",\"logo\":{\"@type\":\"ImageObject\",\"inLanguage\":\"es\",\"@id\":\"https:\\\/\\\/fuentesfidedignas.com.mx\\\/#\\\/schema\\\/logo\\\/image\\\/\",\"url\":\"https:\\\/\\\/fuentesfidedignas.com.mx\\\/wp-content\\\/uploads\\\/2021\\\/04\\\/logo-retina.png\",\"contentUrl\":\"https:\\\/\\\/fuentesfidedignas.com.mx\\\/wp-content\\\/uploads\\\/2021\\\/04\\\/logo-retina.png\",\"width\":280,\"height\":51,\"caption\":\"Fuentes Fidedignas\"},\"image\":{\"@id\":\"https:\\\/\\\/fuentesfidedignas.com.mx\\\/#\\\/schema\\\/logo\\\/image\\\/\"},\"sameAs\":[\"https:\\\/\\\/www.facebook.com\\\/Fuentes-Fidedignas-368234489921644\",\"https:\\\/\\\/x.com\\\/fidedignas\"]},{\"@type\":\"Person\",\"@id\":\"https:\\\/\\\/fuentesfidedignas.com.mx\\\/#\\\/schema\\\/person\\\/ec4edd1fbf5efa3e44fce34fe2787780\",\"name\":\"Exc\u00e9lsior\",\"image\":{\"@type\":\"ImageObject\",\"inLanguage\":\"es\",\"@id\":\"https:\\\/\\\/secure.gravatar.com\\\/avatar\\\/4b7ee9206b48be08447852b3f0814dbc7c0f3b51541b164f1464a2725614020b?s=96&d=mm&r=g\",\"url\":\"https:\\\/\\\/secure.gravatar.com\\\/avatar\\\/4b7ee9206b48be08447852b3f0814dbc7c0f3b51541b164f1464a2725614020b?s=96&d=mm&r=g\",\"contentUrl\":\"https:\\\/\\\/secure.gravatar.com\\\/avatar\\\/4b7ee9206b48be08447852b3f0814dbc7c0f3b51541b164f1464a2725614020b?s=96&d=mm&r=g\",\"caption\":\"Exc\u00e9lsior\"},\"url\":\"https:\\\/\\\/fuentesfidedignas.com.mx\\\/index.php\\\/author\\\/excelsior\\\/\"}]}<\/script>\n<!-- \/ Yoast SEO plugin. -->","yoast_head_json":{"title":"Chile declara estado de cat\u00e1strofe por incendios; al menos 16 muertos - Fuentes Fidedignas","robots":{"index":"index","follow":"follow","max-snippet":"max-snippet:-1","max-image-preview":"max-image-preview:large","max-video-preview":"max-video-preview:-1"},"canonical":"https:\/\/fuentesfidedignas.com.mx\/index.php\/2026\/01\/18\/chile-declara-estado-de-catastrofe-por-incendios-al-menos-16-muertos\/","og_locale":"es_MX","og_type":"article","og_title":"Chile declara estado de cat\u00e1strofe por incendios; al menos 16 muertos - Fuentes Fidedignas","og_description":"El ministro de Seguridad, Luis Cordero, confirm\u00f3 que 15 de las muertes se registraron en Biob\u00edo; otro m\u00e1s en \u00d1uble. A primera hora del domingo, el presidente Gabriel Boric decret\u00f3 estado de cat\u00e1strofe en las regiones de \u00d1uble y Biob\u00edo, en el sur del pa\u00eds, ante el avance de voraces incendios forestales que ya dejan [&hellip;]","og_url":"https:\/\/fuentesfidedignas.com.mx\/index.php\/2026\/01\/18\/chile-declara-estado-de-catastrofe-por-incendios-al-menos-16-muertos\/","og_site_name":"Fuentes Fidedignas","article_publisher":"https:\/\/www.facebook.com\/Fuentes-Fidedignas-368234489921644","article_published_time":"2026-01-18T17:53:04+00:00","article_modified_time":"2026-01-18T17:53:14+00:00","og_image":[{"width":500,"height":333,"url":"https:\/\/fuentesfidedignas.com.mx\/wp-content\/uploads\/2026\/01\/Incendio-chile.jpg","type":"image\/jpeg"}],"author":"Exc\u00e9lsior","twitter_card":"summary_large_image","twitter_creator":"@fidedignas","twitter_site":"@fidedignas","twitter_misc":{"Escrito por":"Exc\u00e9lsior","Tiempo de lectura":"3 minutos"},"schema":{"@context":"https:\/\/schema.org","@graph":[{"@type":"Article","@id":"https:\/\/fuentesfidedignas.com.mx\/index.php\/2026\/01\/18\/chile-declara-estado-de-catastrofe-por-incendios-al-menos-16-muertos\/#article","isPartOf":{"@id":"https:\/\/fuentesfidedignas.com.mx\/index.php\/2026\/01\/18\/chile-declara-estado-de-catastrofe-por-incendios-al-menos-16-muertos\/"},"author":{"name":"Exc\u00e9lsior","@id":"https:\/\/fuentesfidedignas.com.mx\/#\/schema\/person\/ec4edd1fbf5efa3e44fce34fe2787780"},"headline":"Chile declara estado de cat\u00e1strofe por incendios; al menos 16 muertos","datePublished":"2026-01-18T17:53:04+00:00","dateModified":"2026-01-18T17:53:14+00:00","mainEntityOfPage":{"@id":"https:\/\/fuentesfidedignas.com.mx\/index.php\/2026\/01\/18\/chile-declara-estado-de-catastrofe-por-incendios-al-menos-16-muertos\/"},"wordCount":664,"commentCount":0,"publisher":{"@id":"https:\/\/fuentesfidedignas.com.mx\/#organization"},"image":{"@id":"https:\/\/fuentesfidedignas.com.mx\/index.php\/2026\/01\/18\/chile-declara-estado-de-catastrofe-por-incendios-al-menos-16-muertos\/#primaryimage"},"thumbnailUrl":"https:\/\/fuentesfidedignas.com.mx\/wp-content\/uploads\/2026\/01\/Incendio-chile.jpg","articleSection":["NOTICIAS NACIONALES"],"inLanguage":"es","potentialAction":[{"@type":"CommentAction","name":"Comment","target":["https:\/\/fuentesfidedignas.com.mx\/index.php\/2026\/01\/18\/chile-declara-estado-de-catastrofe-por-incendios-al-menos-16-muertos\/#respond"]}]},{"@type":"WebPage","@id":"https:\/\/fuentesfidedignas.com.mx\/index.php\/2026\/01\/18\/chile-declara-estado-de-catastrofe-por-incendios-al-menos-16-muertos\/","url":"https:\/\/fuentesfidedignas.com.mx\/index.php\/2026\/01\/18\/chile-declara-estado-de-catastrofe-por-incendios-al-menos-16-muertos\/","name":"Chile declara estado de cat\u00e1strofe por incendios; al menos 16 muertos - Fuentes Fidedignas","isPartOf":{"@id":"https:\/\/fuentesfidedignas.com.mx\/#website"},"primaryImageOfPage":{"@id":"https:\/\/fuentesfidedignas.com.mx\/index.php\/2026\/01\/18\/chile-declara-estado-de-catastrofe-por-incendios-al-menos-16-muertos\/#primaryimage"},"image":{"@id":"https:\/\/fuentesfidedignas.com.mx\/index.php\/2026\/01\/18\/chile-declara-estado-de-catastrofe-por-incendios-al-menos-16-muertos\/#primaryimage"},"thumbnailUrl":"https:\/\/fuentesfidedignas.com.mx\/wp-content\/uploads\/2026\/01\/Incendio-chile.jpg","datePublished":"2026-01-18T17:53:04+00:00","dateModified":"2026-01-18T17:53:14+00:00","breadcrumb":{"@id":"https:\/\/fuentesfidedignas.com.mx\/index.php\/2026\/01\/18\/chile-declara-estado-de-catastrofe-por-incendios-al-menos-16-muertos\/#breadcrumb"},"inLanguage":"es","potentialAction":[{"@type":"ReadAction","target":["https:\/\/fuentesfidedignas.com.mx\/index.php\/2026\/01\/18\/chile-declara-estado-de-catastrofe-por-incendios-al-menos-16-muertos\/"]}]},{"@type":"ImageObject","inLanguage":"es","@id":"https:\/\/fuentesfidedignas.com.mx\/index.php\/2026\/01\/18\/chile-declara-estado-de-catastrofe-por-incendios-al-menos-16-muertos\/#primaryimage","url":"https:\/\/fuentesfidedignas.com.mx\/wp-content\/uploads\/2026\/01\/Incendio-chile.jpg","contentUrl":"https:\/\/fuentesfidedignas.com.mx\/wp-content\/uploads\/2026\/01\/Incendio-chile.jpg","width":500,"height":333},{"@type":"BreadcrumbList","@id":"https:\/\/fuentesfidedignas.com.mx\/index.php\/2026\/01\/18\/chile-declara-estado-de-catastrofe-por-incendios-al-menos-16-muertos\/#breadcrumb","itemListElement":[{"@type":"ListItem","position":1,"name":"Inicio","item":"https:\/\/fuentesfidedignas.com.mx\/"},{"@type":"ListItem","position":2,"name":"Chile declara estado de cat\u00e1strofe por incendios; al menos 16 muertos"}]},{"@type":"WebSite","@id":"https:\/\/fuentesfidedignas.com.mx\/#website","url":"https:\/\/fuentesfidedignas.com.mx\/","name":"Fuentes Fidedignas","description":"Otro sitio realizado con WordPress","publisher":{"@id":"https:\/\/fuentesfidedignas.com.mx\/#organization"},"potentialAction":[{"@type":"SearchAction","target":{"@type":"EntryPoint","urlTemplate":"https:\/\/fuentesfidedignas.com.mx\/?s={search_term_string}"},"query-input":{"@type":"PropertyValueSpecification","valueRequired":true,"valueName":"search_term_string"}}],"inLanguage":"es"},{"@type":"Organization","@id":"https:\/\/fuentesfidedignas.com.mx\/#organization","name":"Fuentes Fidedignas","url":"https:\/\/fuentesfidedignas.com.mx\/","logo":{"@type":"ImageObject","inLanguage":"es","@id":"https:\/\/fuentesfidedignas.com.mx\/#\/schema\/logo\/image\/","url":"https:\/\/fuentesfidedignas.com.mx\/wp-content\/uploads\/2021\/04\/logo-retina.png","contentUrl":"https:\/\/fuentesfidedignas.com.mx\/wp-content\/uploads\/2021\/04\/logo-retina.png","width":280,"height":51,"caption":"Fuentes Fidedignas"},"image":{"@id":"https:\/\/fuentesfidedignas.com.mx\/#\/schema\/logo\/image\/"},"sameAs":["https:\/\/www.facebook.com\/Fuentes-Fidedignas-368234489921644","https:\/\/x.com\/fidedignas"]},{"@type":"Person","@id":"https:\/\/fuentesfidedignas.com.mx\/#\/schema\/person\/ec4edd1fbf5efa3e44fce34fe2787780","name":"Exc\u00e9lsior","image":{"@type":"ImageObject","inLanguage":"es","@id":"https:\/\/secure.gravatar.com\/avatar\/4b7ee9206b48be08447852b3f0814dbc7c0f3b51541b164f1464a2725614020b?s=96&d=mm&r=g","url":"https:\/\/secure.gravatar.com\/avatar\/4b7ee9206b48be08447852b3f0814dbc7c0f3b51541b164f1464a2725614020b?s=96&d=mm&r=g","contentUrl":"https:\/\/secure.gravatar.com\/avatar\/4b7ee9206b48be08447852b3f0814dbc7c0f3b51541b164f1464a2725614020b?s=96&d=mm&r=g","caption":"Exc\u00e9lsior"},"url":"https:\/\/fuentesfidedignas.com.mx\/index.php\/author\/excelsior\/"}]}},"_links":{"self":[{"href":"https:\/\/fuentesfidedignas.com.mx\/index.php\/wp-json\/wp\/v2\/posts\/125547","targetHints":{"allow":["GET"]}}],"collection":[{"href":"https:\/\/fuentesfidedignas.com.mx\/index.php\/wp-json\/wp\/v2\/posts"}],"about":[{"href":"https:\/\/fuentesfidedignas.com.mx\/index.php\/wp-json\/wp\/v2\/types\/post"}],"author":[{"embeddable":true,"href":"https:\/\/fuentesfidedignas.com.mx\/index.php\/wp-json\/wp\/v2\/users\/7"}],"replies":[{"embeddable":true,"href":"https:\/\/fuentesfidedignas.com.mx\/index.php\/wp-json\/wp\/v2\/comments?post=125547"}],"version-history":[{"count":1,"href":"https:\/\/fuentesfidedignas.com.mx\/index.php\/wp-json\/wp\/v2\/posts\/125547\/revisions"}],"predecessor-version":[{"id":125549,"href":"https:\/\/fuentesfidedignas.com.mx\/index.php\/wp-json\/wp\/v2\/posts\/125547\/revisions\/125549"}],"wp:featuredmedia":[{"embeddable":true,"href":"https:\/\/fuentesfidedignas.com.mx\/index.php\/wp-json\/wp\/v2\/media\/125548"}],"wp:attachment":[{"href":"https:\/\/fuentesfidedignas.com.mx\/index.php\/wp-json\/wp\/v2\/media?parent=125547"}],"wp:term":[{"taxonomy":"category","embeddable":true,"href":"https:\/\/fuentesfidedignas.com.mx\/index.php\/wp-json\/wp\/v2\/categories?post=125547"},{"taxonomy":"post_tag","embeddable":true,"href":"https:\/\/fuentesfidedignas.com.mx\/index.php\/wp-json\/wp\/v2\/tags?post=125547"}],"curies":[{"name":"wp","href":"https:\/\/api.w.org\/{rel}","templated":true}]}}