{"id":125524,"date":"2026-01-17T11:31:23","date_gmt":"2026-01-17T18:31:23","guid":{"rendered":"https:\/\/fuentesfidedignas.com.mx\/?p=125524"},"modified":"2026-01-17T11:31:23","modified_gmt":"2026-01-17T18:31:23","slug":"delcy-rodriguez-se-reunio-con-el-director-de-la-cia-en-caracas","status":"publish","type":"post","link":"https:\/\/fuentesfidedignas.com.mx\/index.php\/2026\/01\/17\/delcy-rodriguez-se-reunio-con-el-director-de-la-cia-en-caracas\/","title":{"rendered":"Delcy Rodr\u00edguez se reuni\u00f3 con el director de la CIA en Caracas"},"content":{"rendered":"\n<p><\/p>\n\n\n\n<p><strong><em>Delcy Rodr\u00edguez, se reuni\u00f3 este jueves en Caracas con el director de la CIA, John Ratcliffe, con quien abord\u00f3 temas de segurida<\/em><\/strong><\/p>\n\n\n\n<p>La presidenta encargada de&nbsp;<strong>Venezuela,Delcy Rodr\u00edguez<\/strong>, se reuni\u00f3 este jueves en&nbsp;<strong>Caracas<\/strong>&nbsp;con el director de la&nbsp;<strong>CIA, John Ratcliffe<\/strong>, con quien abord\u00f3 temas de seguridad en un esfuerzo por acercar posiciones, seg\u00fan fuentes de la agencia de inteligencia.<\/p>\n\n\n\n<p><strong>Ratcliffe<\/strong>&nbsp;viaj\u00f3 al pa\u00eds suramericano bajo \u00f3rdenes del presidente,&nbsp;<strong>Donald Trump<\/strong>, \u201cpara transmitir el mensaje de que&nbsp;<strong>Estados Unidos<\/strong>&nbsp;espera una mejora en la relaci\u00f3n de trabajo\u201d, adelant\u00f3 primero The New York Times, citando a un funcionario estadounidense<\/p>\n\n\n\n<blockquote class=\"wp-block-quote is-layout-flow wp-block-quote-is-layout-flow\">\n<p>\u201cDurante la reuni\u00f3n en Caracas, el director Ratcliffe abord\u00f3 las posibles oportunidades de colaboraci\u00f3n econ\u00f3mica y se\u00f1al\u00f3 que Venezuela ya no puede ser un refugio seguro para los adversarios de EE.UU., especialmente los narcotraficantes\u201d, especific\u00f3 una fuente oficial citada por la cadena CNN.<\/p>\n<\/blockquote>\n\n\n\n<p>El encuentro entre&nbsp;<strong>Ratcliffe y Rodr\u00edguez<\/strong>, vicepresidenta&nbsp;<strong>chavista<\/strong>&nbsp;que asumi\u00f3 el mando de&nbsp;<strong>Venezuela,<\/strong>&nbsp;con el aval de Washington, tras la captura de&nbsp;<strong>Nicol\u00e1s Maduro<\/strong>&nbsp;y su esposa,&nbsp;<strong>Cilia Flores, por EE.UU<\/strong>., tuvo como objetivo \u201cgenerar confianza\u201d, agreg\u00f3 la fuente.<\/p>\n\n\n\n<p>El director de la&nbsp;<strong>CIA<\/strong>&nbsp;es el funcionario estadounidense de m\u00e1s alto rango y el primer miembro del Gabinete de&nbsp;<strong>Donald Trump<\/strong>&nbsp;que visita Venezuela tras la operaci\u00f3n militar que result\u00f3 en la captura y traslado de&nbsp;<strong>Maduro<\/strong>&nbsp;y su esposa a Nueva York para ser enjuiciados por narcoterrorismo.<\/p>\n\n\n\n<p>La reuni\u00f3n en&nbsp;<strong>Caracas<\/strong>&nbsp;coincidi\u00f3 con el encuentro de la l\u00edder opositora venezolana,&nbsp;<strong>Mar\u00eda Corina Machado<\/strong>, y&nbsp;<strong>Trump en la Casa Blanca<\/strong>.<\/p>\n","protected":false},"excerpt":{"rendered":"<p>Delcy Rodr\u00edguez, se reuni\u00f3 este jueves en Caracas con el director de la CIA, John Ratcliffe, con quien abord\u00f3 temas de segurida La presidenta encargada de&nbsp;Venezuela,Delcy Rodr\u00edguez, se reuni\u00f3 este jueves en&nbsp;Caracas&nbsp;con el director de la&nbsp;CIA, John Ratcliffe, con quien abord\u00f3 temas de seguridad en un esfuerzo por acercar posiciones, seg\u00fan fuentes de la agencia [&hellip;]<\/p>\n","protected":false},"author":22,"featured_media":125523,"comment_status":"closed","ping_status":"open","sticky":false,"template":"","format":"standard","meta":{"tdm_status":"","tdm_grid_status":"","footnotes":""},"categories":[39],"tags":[],"class_list":{"0":"post-125524","1":"post","2":"type-post","3":"status-publish","4":"format-standard","5":"has-post-thumbnail","7":"category-noticias-nacionales"},"yoast_head":"<!-- This site is optimized with the Yoast SEO plugin v27.5 - https:\/\/yoast.com\/product\/yoast-seo-wordpress\/ -->\n<title>Delcy Rodr\u00edguez se reuni\u00f3 con el director de la CIA en Caracas - Fuentes Fidedignas<\/title>\n<meta name=\"robots\" content=\"index, follow, max-snippet:-1, max-image-preview:large, max-video-preview:-1\" \/>\n<link rel=\"canonical\" href=\"https:\/\/fuentesfidedignas.com.mx\/index.php\/2026\/01\/17\/delcy-rodriguez-se-reunio-con-el-director-de-la-cia-en-caracas\/\" \/>\n<meta property=\"og:locale\" content=\"es_MX\" \/>\n<meta property=\"og:type\" content=\"article\" \/>\n<meta property=\"og:title\" content=\"Delcy Rodr\u00edguez se reuni\u00f3 con el director de la CIA en Caracas - Fuentes Fidedignas\" \/>\n<meta property=\"og:description\" content=\"Delcy Rodr\u00edguez, se reuni\u00f3 este jueves en Caracas con el director de la CIA, John Ratcliffe, con quien abord\u00f3 temas de segurida La presidenta encargada de&nbsp;Venezuela,Delcy Rodr\u00edguez, se reuni\u00f3 este jueves en&nbsp;Caracas&nbsp;con el director de la&nbsp;CIA, John Ratcliffe, con quien abord\u00f3 temas de seguridad en un esfuerzo por acercar posiciones, seg\u00fan fuentes de la agencia [&hellip;]\" \/>\n<meta property=\"og:url\" content=\"https:\/\/fuentesfidedignas.com.mx\/index.php\/2026\/01\/17\/delcy-rodriguez-se-reunio-con-el-director-de-la-cia-en-caracas\/\" \/>\n<meta property=\"og:site_name\" content=\"Fuentes Fidedignas\" \/>\n<meta property=\"article:publisher\" content=\"https:\/\/www.facebook.com\/Fuentes-Fidedignas-368234489921644\" \/>\n<meta property=\"article:published_time\" content=\"2026-01-17T18:31:23+00:00\" \/>\n<meta property=\"og:image\" content=\"https:\/\/fuentesfidedignas.com.mx\/wp-content\/uploads\/2026\/01\/img_0722.jpg\" \/>\n\t<meta property=\"og:image:width\" content=\"1536\" \/>\n\t<meta property=\"og:image:height\" content=\"864\" \/>\n\t<meta property=\"og:image:type\" content=\"image\/jpeg\" \/>\n<meta name=\"author\" content=\"EFE\" \/>\n<meta name=\"twitter:card\" content=\"summary_large_image\" \/>\n<meta name=\"twitter:creator\" content=\"@fidedignas\" \/>\n<meta name=\"twitter:site\" content=\"@fidedignas\" \/>\n<meta name=\"twitter:label1\" content=\"Escrito por\" \/>\n\t<meta name=\"twitter:data1\" content=\"EFE\" \/>\n\t<meta name=\"twitter:label2\" content=\"Tiempo de lectura\" \/>\n\t<meta name=\"twitter:data2\" content=\"1 minuto\" \/>\n<script type=\"application\/ld+json\" class=\"yoast-schema-graph\">{\"@context\":\"https:\\\/\\\/schema.org\",\"@graph\":[{\"@type\":\"Article\",\"@id\":\"https:\\\/\\\/fuentesfidedignas.com.mx\\\/index.php\\\/2026\\\/01\\\/17\\\/delcy-rodriguez-se-reunio-con-el-director-de-la-cia-en-caracas\\\/#article\",\"isPartOf\":{\"@id\":\"https:\\\/\\\/fuentesfidedignas.com.mx\\\/index.php\\\/2026\\\/01\\\/17\\\/delcy-rodriguez-se-reunio-con-el-director-de-la-cia-en-caracas\\\/\"},\"author\":{\"name\":\"EFE\",\"@id\":\"https:\\\/\\\/fuentesfidedignas.com.mx\\\/#\\\/schema\\\/person\\\/0d44615087b5a626d5d3f13afe31ac41\"},\"headline\":\"Delcy Rodr\u00edguez se reuni\u00f3 con el director de la CIA en Caracas\",\"datePublished\":\"2026-01-17T18:31:23+00:00\",\"mainEntityOfPage\":{\"@id\":\"https:\\\/\\\/fuentesfidedignas.com.mx\\\/index.php\\\/2026\\\/01\\\/17\\\/delcy-rodriguez-se-reunio-con-el-director-de-la-cia-en-caracas\\\/\"},\"wordCount\":311,\"publisher\":{\"@id\":\"https:\\\/\\\/fuentesfidedignas.com.mx\\\/#organization\"},\"image\":{\"@id\":\"https:\\\/\\\/fuentesfidedignas.com.mx\\\/index.php\\\/2026\\\/01\\\/17\\\/delcy-rodriguez-se-reunio-con-el-director-de-la-cia-en-caracas\\\/#primaryimage\"},\"thumbnailUrl\":\"https:\\\/\\\/fuentesfidedignas.com.mx\\\/wp-content\\\/uploads\\\/2026\\\/01\\\/img_0722.jpg\",\"articleSection\":[\"NOTICIAS NACIONALES\"],\"inLanguage\":\"es\"},{\"@type\":\"WebPage\",\"@id\":\"https:\\\/\\\/fuentesfidedignas.com.mx\\\/index.php\\\/2026\\\/01\\\/17\\\/delcy-rodriguez-se-reunio-con-el-director-de-la-cia-en-caracas\\\/\",\"url\":\"https:\\\/\\\/fuentesfidedignas.com.mx\\\/index.php\\\/2026\\\/01\\\/17\\\/delcy-rodriguez-se-reunio-con-el-director-de-la-cia-en-caracas\\\/\",\"name\":\"Delcy Rodr\u00edguez se reuni\u00f3 con el director de la CIA en Caracas - Fuentes Fidedignas\",\"isPartOf\":{\"@id\":\"https:\\\/\\\/fuentesfidedignas.com.mx\\\/#website\"},\"primaryImageOfPage\":{\"@id\":\"https:\\\/\\\/fuentesfidedignas.com.mx\\\/index.php\\\/2026\\\/01\\\/17\\\/delcy-rodriguez-se-reunio-con-el-director-de-la-cia-en-caracas\\\/#primaryimage\"},\"image\":{\"@id\":\"https:\\\/\\\/fuentesfidedignas.com.mx\\\/index.php\\\/2026\\\/01\\\/17\\\/delcy-rodriguez-se-reunio-con-el-director-de-la-cia-en-caracas\\\/#primaryimage\"},\"thumbnailUrl\":\"https:\\\/\\\/fuentesfidedignas.com.mx\\\/wp-content\\\/uploads\\\/2026\\\/01\\\/img_0722.jpg\",\"datePublished\":\"2026-01-17T18:31:23+00:00\",\"breadcrumb\":{\"@id\":\"https:\\\/\\\/fuentesfidedignas.com.mx\\\/index.php\\\/2026\\\/01\\\/17\\\/delcy-rodriguez-se-reunio-con-el-director-de-la-cia-en-caracas\\\/#breadcrumb\"},\"inLanguage\":\"es\",\"potentialAction\":[{\"@type\":\"ReadAction\",\"target\":[\"https:\\\/\\\/fuentesfidedignas.com.mx\\\/index.php\\\/2026\\\/01\\\/17\\\/delcy-rodriguez-se-reunio-con-el-director-de-la-cia-en-caracas\\\/\"]}]},{\"@type\":\"ImageObject\",\"inLanguage\":\"es\",\"@id\":\"https:\\\/\\\/fuentesfidedignas.com.mx\\\/index.php\\\/2026\\\/01\\\/17\\\/delcy-rodriguez-se-reunio-con-el-director-de-la-cia-en-caracas\\\/#primaryimage\",\"url\":\"https:\\\/\\\/fuentesfidedignas.com.mx\\\/wp-content\\\/uploads\\\/2026\\\/01\\\/img_0722.jpg\",\"contentUrl\":\"https:\\\/\\\/fuentesfidedignas.com.mx\\\/wp-content\\\/uploads\\\/2026\\\/01\\\/img_0722.jpg\",\"width\":1536,\"height\":864},{\"@type\":\"BreadcrumbList\",\"@id\":\"https:\\\/\\\/fuentesfidedignas.com.mx\\\/index.php\\\/2026\\\/01\\\/17\\\/delcy-rodriguez-se-reunio-con-el-director-de-la-cia-en-caracas\\\/#breadcrumb\",\"itemListElement\":[{\"@type\":\"ListItem\",\"position\":1,\"name\":\"Inicio\",\"item\":\"https:\\\/\\\/fuentesfidedignas.com.mx\\\/\"},{\"@type\":\"ListItem\",\"position\":2,\"name\":\"Delcy Rodr\u00edguez se reuni\u00f3 con el director de la CIA en Caracas\"}]},{\"@type\":\"WebSite\",\"@id\":\"https:\\\/\\\/fuentesfidedignas.com.mx\\\/#website\",\"url\":\"https:\\\/\\\/fuentesfidedignas.com.mx\\\/\",\"name\":\"Fuentes Fidedignas\",\"description\":\"Otro sitio realizado con WordPress\",\"publisher\":{\"@id\":\"https:\\\/\\\/fuentesfidedignas.com.mx\\\/#organization\"},\"potentialAction\":[{\"@type\":\"SearchAction\",\"target\":{\"@type\":\"EntryPoint\",\"urlTemplate\":\"https:\\\/\\\/fuentesfidedignas.com.mx\\\/?s={search_term_string}\"},\"query-input\":{\"@type\":\"PropertyValueSpecification\",\"valueRequired\":true,\"valueName\":\"search_term_string\"}}],\"inLanguage\":\"es\"},{\"@type\":\"Organization\",\"@id\":\"https:\\\/\\\/fuentesfidedignas.com.mx\\\/#organization\",\"name\":\"Fuentes Fidedignas\",\"url\":\"https:\\\/\\\/fuentesfidedignas.com.mx\\\/\",\"logo\":{\"@type\":\"ImageObject\",\"inLanguage\":\"es\",\"@id\":\"https:\\\/\\\/fuentesfidedignas.com.mx\\\/#\\\/schema\\\/logo\\\/image\\\/\",\"url\":\"https:\\\/\\\/fuentesfidedignas.com.mx\\\/wp-content\\\/uploads\\\/2021\\\/04\\\/logo-retina.png\",\"contentUrl\":\"https:\\\/\\\/fuentesfidedignas.com.mx\\\/wp-content\\\/uploads\\\/2021\\\/04\\\/logo-retina.png\",\"width\":280,\"height\":51,\"caption\":\"Fuentes Fidedignas\"},\"image\":{\"@id\":\"https:\\\/\\\/fuentesfidedignas.com.mx\\\/#\\\/schema\\\/logo\\\/image\\\/\"},\"sameAs\":[\"https:\\\/\\\/www.facebook.com\\\/Fuentes-Fidedignas-368234489921644\",\"https:\\\/\\\/x.com\\\/fidedignas\"]},{\"@type\":\"Person\",\"@id\":\"https:\\\/\\\/fuentesfidedignas.com.mx\\\/#\\\/schema\\\/person\\\/0d44615087b5a626d5d3f13afe31ac41\",\"name\":\"EFE\",\"image\":{\"@type\":\"ImageObject\",\"inLanguage\":\"es\",\"@id\":\"https:\\\/\\\/secure.gravatar.com\\\/avatar\\\/7048c2d9b569d9bed55bb53ad23821e6e047aa66338fb6ea9868627bbb9f54e8?s=96&d=mm&r=g\",\"url\":\"https:\\\/\\\/secure.gravatar.com\\\/avatar\\\/7048c2d9b569d9bed55bb53ad23821e6e047aa66338fb6ea9868627bbb9f54e8?s=96&d=mm&r=g\",\"contentUrl\":\"https:\\\/\\\/secure.gravatar.com\\\/avatar\\\/7048c2d9b569d9bed55bb53ad23821e6e047aa66338fb6ea9868627bbb9f54e8?s=96&d=mm&r=g\",\"caption\":\"EFE\"},\"url\":\"https:\\\/\\\/fuentesfidedignas.com.mx\\\/index.php\\\/author\\\/efe\\\/\"}]}<\/script>\n<!-- \/ Yoast SEO plugin. -->","yoast_head_json":{"title":"Delcy Rodr\u00edguez se reuni\u00f3 con el director de la CIA en Caracas - Fuentes Fidedignas","robots":{"index":"index","follow":"follow","max-snippet":"max-snippet:-1","max-image-preview":"max-image-preview:large","max-video-preview":"max-video-preview:-1"},"canonical":"https:\/\/fuentesfidedignas.com.mx\/index.php\/2026\/01\/17\/delcy-rodriguez-se-reunio-con-el-director-de-la-cia-en-caracas\/","og_locale":"es_MX","og_type":"article","og_title":"Delcy Rodr\u00edguez se reuni\u00f3 con el director de la CIA en Caracas - Fuentes Fidedignas","og_description":"Delcy Rodr\u00edguez, se reuni\u00f3 este jueves en Caracas con el director de la CIA, John Ratcliffe, con quien abord\u00f3 temas de segurida La presidenta encargada de&nbsp;Venezuela,Delcy Rodr\u00edguez, se reuni\u00f3 este jueves en&nbsp;Caracas&nbsp;con el director de la&nbsp;CIA, John Ratcliffe, con quien abord\u00f3 temas de seguridad en un esfuerzo por acercar posiciones, seg\u00fan fuentes de la agencia [&hellip;]","og_url":"https:\/\/fuentesfidedignas.com.mx\/index.php\/2026\/01\/17\/delcy-rodriguez-se-reunio-con-el-director-de-la-cia-en-caracas\/","og_site_name":"Fuentes Fidedignas","article_publisher":"https:\/\/www.facebook.com\/Fuentes-Fidedignas-368234489921644","article_published_time":"2026-01-17T18:31:23+00:00","og_image":[{"width":1536,"height":864,"url":"https:\/\/fuentesfidedignas.com.mx\/wp-content\/uploads\/2026\/01\/img_0722.jpg","type":"image\/jpeg"}],"author":"EFE","twitter_card":"summary_large_image","twitter_creator":"@fidedignas","twitter_site":"@fidedignas","twitter_misc":{"Escrito por":"EFE","Tiempo de lectura":"1 minuto"},"schema":{"@context":"https:\/\/schema.org","@graph":[{"@type":"Article","@id":"https:\/\/fuentesfidedignas.com.mx\/index.php\/2026\/01\/17\/delcy-rodriguez-se-reunio-con-el-director-de-la-cia-en-caracas\/#article","isPartOf":{"@id":"https:\/\/fuentesfidedignas.com.mx\/index.php\/2026\/01\/17\/delcy-rodriguez-se-reunio-con-el-director-de-la-cia-en-caracas\/"},"author":{"name":"EFE","@id":"https:\/\/fuentesfidedignas.com.mx\/#\/schema\/person\/0d44615087b5a626d5d3f13afe31ac41"},"headline":"Delcy Rodr\u00edguez se reuni\u00f3 con el director de la CIA en Caracas","datePublished":"2026-01-17T18:31:23+00:00","mainEntityOfPage":{"@id":"https:\/\/fuentesfidedignas.com.mx\/index.php\/2026\/01\/17\/delcy-rodriguez-se-reunio-con-el-director-de-la-cia-en-caracas\/"},"wordCount":311,"publisher":{"@id":"https:\/\/fuentesfidedignas.com.mx\/#organization"},"image":{"@id":"https:\/\/fuentesfidedignas.com.mx\/index.php\/2026\/01\/17\/delcy-rodriguez-se-reunio-con-el-director-de-la-cia-en-caracas\/#primaryimage"},"thumbnailUrl":"https:\/\/fuentesfidedignas.com.mx\/wp-content\/uploads\/2026\/01\/img_0722.jpg","articleSection":["NOTICIAS NACIONALES"],"inLanguage":"es"},{"@type":"WebPage","@id":"https:\/\/fuentesfidedignas.com.mx\/index.php\/2026\/01\/17\/delcy-rodriguez-se-reunio-con-el-director-de-la-cia-en-caracas\/","url":"https:\/\/fuentesfidedignas.com.mx\/index.php\/2026\/01\/17\/delcy-rodriguez-se-reunio-con-el-director-de-la-cia-en-caracas\/","name":"Delcy Rodr\u00edguez se reuni\u00f3 con el director de la CIA en Caracas - Fuentes Fidedignas","isPartOf":{"@id":"https:\/\/fuentesfidedignas.com.mx\/#website"},"primaryImageOfPage":{"@id":"https:\/\/fuentesfidedignas.com.mx\/index.php\/2026\/01\/17\/delcy-rodriguez-se-reunio-con-el-director-de-la-cia-en-caracas\/#primaryimage"},"image":{"@id":"https:\/\/fuentesfidedignas.com.mx\/index.php\/2026\/01\/17\/delcy-rodriguez-se-reunio-con-el-director-de-la-cia-en-caracas\/#primaryimage"},"thumbnailUrl":"https:\/\/fuentesfidedignas.com.mx\/wp-content\/uploads\/2026\/01\/img_0722.jpg","datePublished":"2026-01-17T18:31:23+00:00","breadcrumb":{"@id":"https:\/\/fuentesfidedignas.com.mx\/index.php\/2026\/01\/17\/delcy-rodriguez-se-reunio-con-el-director-de-la-cia-en-caracas\/#breadcrumb"},"inLanguage":"es","potentialAction":[{"@type":"ReadAction","target":["https:\/\/fuentesfidedignas.com.mx\/index.php\/2026\/01\/17\/delcy-rodriguez-se-reunio-con-el-director-de-la-cia-en-caracas\/"]}]},{"@type":"ImageObject","inLanguage":"es","@id":"https:\/\/fuentesfidedignas.com.mx\/index.php\/2026\/01\/17\/delcy-rodriguez-se-reunio-con-el-director-de-la-cia-en-caracas\/#primaryimage","url":"https:\/\/fuentesfidedignas.com.mx\/wp-content\/uploads\/2026\/01\/img_0722.jpg","contentUrl":"https:\/\/fuentesfidedignas.com.mx\/wp-content\/uploads\/2026\/01\/img_0722.jpg","width":1536,"height":864},{"@type":"BreadcrumbList","@id":"https:\/\/fuentesfidedignas.com.mx\/index.php\/2026\/01\/17\/delcy-rodriguez-se-reunio-con-el-director-de-la-cia-en-caracas\/#breadcrumb","itemListElement":[{"@type":"ListItem","position":1,"name":"Inicio","item":"https:\/\/fuentesfidedignas.com.mx\/"},{"@type":"ListItem","position":2,"name":"Delcy Rodr\u00edguez se reuni\u00f3 con el director de la CIA en Caracas"}]},{"@type":"WebSite","@id":"https:\/\/fuentesfidedignas.com.mx\/#website","url":"https:\/\/fuentesfidedignas.com.mx\/","name":"Fuentes Fidedignas","description":"Otro sitio realizado con WordPress","publisher":{"@id":"https:\/\/fuentesfidedignas.com.mx\/#organization"},"potentialAction":[{"@type":"SearchAction","target":{"@type":"EntryPoint","urlTemplate":"https:\/\/fuentesfidedignas.com.mx\/?s={search_term_string}"},"query-input":{"@type":"PropertyValueSpecification","valueRequired":true,"valueName":"search_term_string"}}],"inLanguage":"es"},{"@type":"Organization","@id":"https:\/\/fuentesfidedignas.com.mx\/#organization","name":"Fuentes Fidedignas","url":"https:\/\/fuentesfidedignas.com.mx\/","logo":{"@type":"ImageObject","inLanguage":"es","@id":"https:\/\/fuentesfidedignas.com.mx\/#\/schema\/logo\/image\/","url":"https:\/\/fuentesfidedignas.com.mx\/wp-content\/uploads\/2021\/04\/logo-retina.png","contentUrl":"https:\/\/fuentesfidedignas.com.mx\/wp-content\/uploads\/2021\/04\/logo-retina.png","width":280,"height":51,"caption":"Fuentes Fidedignas"},"image":{"@id":"https:\/\/fuentesfidedignas.com.mx\/#\/schema\/logo\/image\/"},"sameAs":["https:\/\/www.facebook.com\/Fuentes-Fidedignas-368234489921644","https:\/\/x.com\/fidedignas"]},{"@type":"Person","@id":"https:\/\/fuentesfidedignas.com.mx\/#\/schema\/person\/0d44615087b5a626d5d3f13afe31ac41","name":"EFE","image":{"@type":"ImageObject","inLanguage":"es","@id":"https:\/\/secure.gravatar.com\/avatar\/7048c2d9b569d9bed55bb53ad23821e6e047aa66338fb6ea9868627bbb9f54e8?s=96&d=mm&r=g","url":"https:\/\/secure.gravatar.com\/avatar\/7048c2d9b569d9bed55bb53ad23821e6e047aa66338fb6ea9868627bbb9f54e8?s=96&d=mm&r=g","contentUrl":"https:\/\/secure.gravatar.com\/avatar\/7048c2d9b569d9bed55bb53ad23821e6e047aa66338fb6ea9868627bbb9f54e8?s=96&d=mm&r=g","caption":"EFE"},"url":"https:\/\/fuentesfidedignas.com.mx\/index.php\/author\/efe\/"}]}},"_links":{"self":[{"href":"https:\/\/fuentesfidedignas.com.mx\/index.php\/wp-json\/wp\/v2\/posts\/125524","targetHints":{"allow":["GET"]}}],"collection":[{"href":"https:\/\/fuentesfidedignas.com.mx\/index.php\/wp-json\/wp\/v2\/posts"}],"about":[{"href":"https:\/\/fuentesfidedignas.com.mx\/index.php\/wp-json\/wp\/v2\/types\/post"}],"author":[{"embeddable":true,"href":"https:\/\/fuentesfidedignas.com.mx\/index.php\/wp-json\/wp\/v2\/users\/22"}],"replies":[{"embeddable":true,"href":"https:\/\/fuentesfidedignas.com.mx\/index.php\/wp-json\/wp\/v2\/comments?post=125524"}],"version-history":[{"count":1,"href":"https:\/\/fuentesfidedignas.com.mx\/index.php\/wp-json\/wp\/v2\/posts\/125524\/revisions"}],"predecessor-version":[{"id":125525,"href":"https:\/\/fuentesfidedignas.com.mx\/index.php\/wp-json\/wp\/v2\/posts\/125524\/revisions\/125525"}],"wp:featuredmedia":[{"embeddable":true,"href":"https:\/\/fuentesfidedignas.com.mx\/index.php\/wp-json\/wp\/v2\/media\/125523"}],"wp:attachment":[{"href":"https:\/\/fuentesfidedignas.com.mx\/index.php\/wp-json\/wp\/v2\/media?parent=125524"}],"wp:term":[{"taxonomy":"category","embeddable":true,"href":"https:\/\/fuentesfidedignas.com.mx\/index.php\/wp-json\/wp\/v2\/categories?post=125524"},{"taxonomy":"post_tag","embeddable":true,"href":"https:\/\/fuentesfidedignas.com.mx\/index.php\/wp-json\/wp\/v2\/tags?post=125524"}],"curies":[{"name":"wp","href":"https:\/\/api.w.org\/{rel}","templated":true}]}}