{"id":125499,"date":"2026-01-17T01:47:00","date_gmt":"2026-01-17T08:47:00","guid":{"rendered":"https:\/\/fuentesfidedignas.com.mx\/?p=125499"},"modified":"2026-01-16T20:00:09","modified_gmt":"2026-01-17T03:00:09","slug":"ritual-nocturno-para-dormir-mejor-y-liberar-el-estres-acumulado-del-dia","status":"publish","type":"post","link":"https:\/\/fuentesfidedignas.com.mx\/index.php\/2026\/01\/17\/ritual-nocturno-para-dormir-mejor-y-liberar-el-estres-acumulado-del-dia\/","title":{"rendered":"Ritual nocturno para dormir mejor y liberar el estr\u00e9s acumulado del d\u00eda"},"content":{"rendered":"\n<p><strong><em>Dormir mejor es posible con h\u00e1bitos nocturnos claros que reducen el estr\u00e9s y env\u00edan se\u00f1ales de descanso al cuerpo.<\/em><\/strong><\/p>\n\n\n\n<p>Dormir mal se ha convertido en una constante para una parte importante de la poblaci\u00f3n. Jornadas prolongadas, uso excesivo de dispositivos electr\u00f3nicos y la falta de l\u00edmites claros entre el trabajo y el descanso han modificado los h\u00e1bitos nocturnos.<\/p>\n\n\n\n<p>Especialistas en medicina del sue\u00f1o advierten que el problema no siempre es la falta de cansancio f\u00edsico, sino la ausencia de se\u00f1ales claras que indiquen al cuerpo que el d\u00eda ha terminado. En este contexto, los rituales nocturnos han cobrado relevancia como una herramienta accesible para mejorar la calidad del descanso.<\/p>\n\n\n\n<p>Diversos estudios coinciden en que el cerebro necesita transiciones graduales para pasar de un estado de alerta a uno de reposo. Cuando esta transici\u00f3n no ocurre, el organismo permanece activado incluso durante la noche.<\/p>\n\n\n\n<p>El resultado suele ser dificultad para conciliar el sue\u00f1o, despertares frecuentes y sensaci\u00f3n de cansancio al despertar. Establecer un ritual nocturno ayuda a marcar ese cierre necesario.<\/p>\n\n\n\n<p>Un ritual nocturno no implica una rutina r\u00edgida ni el uso de m\u00faltiples productos. Se trata de una secuencia sencilla, repetible y consciente que permita al cuerpo reconocer que la jornada concluy\u00f3. La constancia es m\u00e1s relevante que la duraci\u00f3n, ya que la repetici\u00f3n fortalece la asociaci\u00f3n entre ciertas acciones y el descanso.<\/p>\n\n\n\n<p><strong>El cierre del d\u00eda como mecanismo fisiol\u00f3gico<\/strong><br>El cuerpo humano responde a patrones previsibles. Cuando las actividades nocturnas replican la intensidad del d\u00eda, el sistema nervioso no recibe la se\u00f1al de pausa. Especialistas se\u00f1alan que la falta de un cierre claro mantiene elevados los niveles de activaci\u00f3n, lo que dificulta el sue\u00f1o.<\/p>\n\n\n\n<p>La exposici\u00f3n a pantallas antes de dormir es uno de los principales factores que alteran este proceso. Investigaciones publicadas en Sleep Medicine Reviews se\u00f1alan que la luz azul inhibe la producci\u00f3n de melatonina, hormona esencial para regular el ciclo sue\u00f1o-vigilia. Esta alteraci\u00f3n retrasa el momento en que el cuerpo se siente preparado para descansar.<\/p>\n\n\n\n<p>Reducir est\u00edmulos no significa eliminar actividades de forma abrupta, sino modificar el entorno progresivamente. Atenuar la luz y disminuir el ruido contribuye a generar un ambiente que favorece la relajaci\u00f3n.<\/p>\n\n\n\n<p>El ritual nocturno funciona como un mensaje biol\u00f3gico. Al repetirse cada noche, el organismo aprende a asociar esas acciones con el descanso, facilitando la transici\u00f3n hacia el sue\u00f1o.<\/p>\n\n\n\n<p><strong>Disminuir el ritmo antes de acostarse<\/strong><br>Intentar dormir de manera inmediata tras una jornada exigente suele ser contraproducente. El sistema nervioso necesita tiempo para desacelerarse. Por ello, se recomienda iniciar el ritual al menos 30 minutos antes de ir a la cama.<\/p>\n\n\n\n<p>Acciones como cambiar la ropa del d\u00eda por prendas c\u00f3modas y apagar luces intensas ayudan a modificar la percepci\u00f3n corporal. Estos gestos, aunque simples, tienen un impacto directo en la preparaci\u00f3n para el descanso.<\/p>\n\n\n\n<p>Dejar el tel\u00e9fono m\u00f3vil fuera de la cama reduce la estimulaci\u00f3n cognitiva. Estudios neurol\u00f3gicos han demostrado que las notificaciones activan circuitos de alerta incluso cuando no se responde a ellas.<\/p>\n\n\n\n<p><strong>Liberar la tensi\u00f3n acumulada en el cuerpo<\/strong><br>El estr\u00e9s diario tambi\u00e9n se manifiesta f\u00edsicamente. Contracturas musculares y rigidez son respuestas frecuentes a jornadas prolongadas. Por ello, incluir movimiento suave dentro del ritual nocturno resulta efectivo.<\/p>\n\n\n\n<p>El Journal of Clinical Sleep Medicine document\u00f3 que pr\u00e1cticas corporales de baja intensidad antes de dormir reducen la latencia del sue\u00f1o y mejoran su profundidad. Estas actividades no buscan esfuerzo, sino liberaci\u00f3n.<\/p>\n\n\n\n<p>Estiramientos lentos y automasajes permiten disminuir la tensi\u00f3n acumulada, especialmente en cuello y hombros. Cinco minutos pueden ser suficientes cuando se realizan de forma consciente.<\/p>\n\n\n\n<p>El objetivo es enviar una se\u00f1al de seguridad al cuerpo, indic\u00e1ndole que ya no es necesario mantenerse en estado de alerta.<\/p>\n\n\n\n<p><strong>Respiraci\u00f3n y regulaci\u00f3n del sistema nervioso<\/strong><br>La respiraci\u00f3n influye directamente en la respuesta del sistema nervioso. Respirar de forma lenta y profunda activa el sistema parasimp\u00e1tico, encargado de las funciones de descanso.<\/p>\n\n\n\n<p>Investigadores de la Universidad de Stanford han se\u00f1alado que exhalaciones m\u00e1s largas que las inhalaciones reducen la frecuencia cardiaca y los niveles de ansiedad. En uno de sus informes indican que \u201cla respiraci\u00f3n controlada puede modificar la respuesta al estr\u00e9s\u201d.<\/p>\n\n\n\n<p>Una t\u00e9cnica sencilla consiste en inhalar por la nariz durante cuatro segundos y exhalar por la boca durante seis. Repetir este patr\u00f3n varias veces favorece la relajaci\u00f3n. No se trata de eliminar pensamientos, sino de modificar la reacci\u00f3n corporal ante ellos.<\/p>\n\n\n\n<p><strong>Descarga mental y enfoque emocional<\/strong><br>La actividad mental persistente es uno de los principales obst\u00e1culos para dormir. Pensamientos pendientes suelen intensificarse al final del d\u00eda, cuando desaparecen las distracciones externas.<\/p>\n\n\n\n<p>La American Psychological Association respalda la escritura breve antes de dormir como una herramienta para reducir el ruido mental. Se\u00f1ala que externalizar preocupaciones disminuye la carga cognitiva.<\/p>\n\n\n\n<p>Basta con escribir una lista corta de pendientes o preocupaciones. El objetivo no es resolverlos, sino liberarlos temporalmente.<\/p>\n\n\n\n<p>Cerrar el ritual con un ejercicio de agradecimiento contribuye a un estado emocional m\u00e1s estable. Identificar un hecho positivo del d\u00eda favorece una transici\u00f3n m\u00e1s serena hacia el descanso.<\/p>\n","protected":false},"excerpt":{"rendered":"<p>Dormir mejor es posible con h\u00e1bitos nocturnos claros que reducen el estr\u00e9s y env\u00edan se\u00f1ales de descanso al cuerpo. Dormir mal se ha convertido en una constante para una parte importante de la poblaci\u00f3n. Jornadas prolongadas, uso excesivo de dispositivos electr\u00f3nicos y la falta de l\u00edmites claros entre el trabajo y el descanso han modificado [&hellip;]<\/p>\n","protected":false},"author":7,"featured_media":125501,"comment_status":"open","ping_status":"open","sticky":false,"template":"","format":"standard","meta":{"tdm_status":"","tdm_grid_status":"","footnotes":""},"categories":[41,19],"tags":[],"class_list":{"0":"post-125499","1":"post","2":"type-post","3":"status-publish","4":"format-standard","5":"has-post-thumbnail","7":"category-review-magazine","8":"category-reviews"},"yoast_head":"<!-- This site is optimized with the Yoast SEO plugin v27.5 - https:\/\/yoast.com\/product\/yoast-seo-wordpress\/ -->\n<title>Ritual nocturno para dormir mejor y liberar el estr\u00e9s acumulado del d\u00eda - Fuentes Fidedignas<\/title>\n<meta name=\"robots\" content=\"index, follow, max-snippet:-1, max-image-preview:large, max-video-preview:-1\" \/>\n<link rel=\"canonical\" href=\"https:\/\/fuentesfidedignas.com.mx\/index.php\/2026\/01\/17\/ritual-nocturno-para-dormir-mejor-y-liberar-el-estres-acumulado-del-dia\/\" \/>\n<meta property=\"og:locale\" content=\"es_MX\" \/>\n<meta property=\"og:type\" content=\"article\" \/>\n<meta property=\"og:title\" content=\"Ritual nocturno para dormir mejor y liberar el estr\u00e9s acumulado del d\u00eda - Fuentes Fidedignas\" \/>\n<meta property=\"og:description\" content=\"Dormir mejor es posible con h\u00e1bitos nocturnos claros que reducen el estr\u00e9s y env\u00edan se\u00f1ales de descanso al cuerpo. Dormir mal se ha convertido en una constante para una parte importante de la poblaci\u00f3n. Jornadas prolongadas, uso excesivo de dispositivos electr\u00f3nicos y la falta de l\u00edmites claros entre el trabajo y el descanso han modificado [&hellip;]\" \/>\n<meta property=\"og:url\" content=\"https:\/\/fuentesfidedignas.com.mx\/index.php\/2026\/01\/17\/ritual-nocturno-para-dormir-mejor-y-liberar-el-estres-acumulado-del-dia\/\" \/>\n<meta property=\"og:site_name\" content=\"Fuentes Fidedignas\" \/>\n<meta property=\"article:publisher\" content=\"https:\/\/www.facebook.com\/Fuentes-Fidedignas-368234489921644\" \/>\n<meta property=\"article:published_time\" content=\"2026-01-17T08:47:00+00:00\" \/>\n<meta property=\"og:image\" content=\"https:\/\/fuentesfidedignas.com.mx\/wp-content\/uploads\/2026\/01\/persona_durmiendo.jpeg\" \/>\n\t<meta property=\"og:image:width\" content=\"500\" \/>\n\t<meta property=\"og:image:height\" content=\"281\" \/>\n\t<meta property=\"og:image:type\" content=\"image\/jpeg\" \/>\n<meta name=\"author\" content=\"Exc\u00e9lsior\" \/>\n<meta name=\"twitter:card\" content=\"summary_large_image\" \/>\n<meta name=\"twitter:creator\" content=\"@fidedignas\" \/>\n<meta name=\"twitter:site\" content=\"@fidedignas\" \/>\n<meta name=\"twitter:label1\" content=\"Escrito por\" \/>\n\t<meta name=\"twitter:data1\" content=\"Exc\u00e9lsior\" \/>\n\t<meta name=\"twitter:label2\" content=\"Tiempo de lectura\" \/>\n\t<meta name=\"twitter:data2\" content=\"4 minutos\" \/>\n<script type=\"application\/ld+json\" class=\"yoast-schema-graph\">{\"@context\":\"https:\\\/\\\/schema.org\",\"@graph\":[{\"@type\":\"Article\",\"@id\":\"https:\\\/\\\/fuentesfidedignas.com.mx\\\/index.php\\\/2026\\\/01\\\/17\\\/ritual-nocturno-para-dormir-mejor-y-liberar-el-estres-acumulado-del-dia\\\/#article\",\"isPartOf\":{\"@id\":\"https:\\\/\\\/fuentesfidedignas.com.mx\\\/index.php\\\/2026\\\/01\\\/17\\\/ritual-nocturno-para-dormir-mejor-y-liberar-el-estres-acumulado-del-dia\\\/\"},\"author\":{\"name\":\"Exc\u00e9lsior\",\"@id\":\"https:\\\/\\\/fuentesfidedignas.com.mx\\\/#\\\/schema\\\/person\\\/ec4edd1fbf5efa3e44fce34fe2787780\"},\"headline\":\"Ritual nocturno para dormir mejor y liberar el estr\u00e9s acumulado del d\u00eda\",\"datePublished\":\"2026-01-17T08:47:00+00:00\",\"mainEntityOfPage\":{\"@id\":\"https:\\\/\\\/fuentesfidedignas.com.mx\\\/index.php\\\/2026\\\/01\\\/17\\\/ritual-nocturno-para-dormir-mejor-y-liberar-el-estres-acumulado-del-dia\\\/\"},\"wordCount\":911,\"commentCount\":0,\"publisher\":{\"@id\":\"https:\\\/\\\/fuentesfidedignas.com.mx\\\/#organization\"},\"image\":{\"@id\":\"https:\\\/\\\/fuentesfidedignas.com.mx\\\/index.php\\\/2026\\\/01\\\/17\\\/ritual-nocturno-para-dormir-mejor-y-liberar-el-estres-acumulado-del-dia\\\/#primaryimage\"},\"thumbnailUrl\":\"https:\\\/\\\/fuentesfidedignas.com.mx\\\/wp-content\\\/uploads\\\/2026\\\/01\\\/persona_durmiendo.jpeg\",\"articleSection\":[\"REVIEW MAGAZINE\",\"Reviews\"],\"inLanguage\":\"es\",\"potentialAction\":[{\"@type\":\"CommentAction\",\"name\":\"Comment\",\"target\":[\"https:\\\/\\\/fuentesfidedignas.com.mx\\\/index.php\\\/2026\\\/01\\\/17\\\/ritual-nocturno-para-dormir-mejor-y-liberar-el-estres-acumulado-del-dia\\\/#respond\"]}]},{\"@type\":\"WebPage\",\"@id\":\"https:\\\/\\\/fuentesfidedignas.com.mx\\\/index.php\\\/2026\\\/01\\\/17\\\/ritual-nocturno-para-dormir-mejor-y-liberar-el-estres-acumulado-del-dia\\\/\",\"url\":\"https:\\\/\\\/fuentesfidedignas.com.mx\\\/index.php\\\/2026\\\/01\\\/17\\\/ritual-nocturno-para-dormir-mejor-y-liberar-el-estres-acumulado-del-dia\\\/\",\"name\":\"Ritual nocturno para dormir mejor y liberar el estr\u00e9s acumulado del d\u00eda - Fuentes Fidedignas\",\"isPartOf\":{\"@id\":\"https:\\\/\\\/fuentesfidedignas.com.mx\\\/#website\"},\"primaryImageOfPage\":{\"@id\":\"https:\\\/\\\/fuentesfidedignas.com.mx\\\/index.php\\\/2026\\\/01\\\/17\\\/ritual-nocturno-para-dormir-mejor-y-liberar-el-estres-acumulado-del-dia\\\/#primaryimage\"},\"image\":{\"@id\":\"https:\\\/\\\/fuentesfidedignas.com.mx\\\/index.php\\\/2026\\\/01\\\/17\\\/ritual-nocturno-para-dormir-mejor-y-liberar-el-estres-acumulado-del-dia\\\/#primaryimage\"},\"thumbnailUrl\":\"https:\\\/\\\/fuentesfidedignas.com.mx\\\/wp-content\\\/uploads\\\/2026\\\/01\\\/persona_durmiendo.jpeg\",\"datePublished\":\"2026-01-17T08:47:00+00:00\",\"breadcrumb\":{\"@id\":\"https:\\\/\\\/fuentesfidedignas.com.mx\\\/index.php\\\/2026\\\/01\\\/17\\\/ritual-nocturno-para-dormir-mejor-y-liberar-el-estres-acumulado-del-dia\\\/#breadcrumb\"},\"inLanguage\":\"es\",\"potentialAction\":[{\"@type\":\"ReadAction\",\"target\":[\"https:\\\/\\\/fuentesfidedignas.com.mx\\\/index.php\\\/2026\\\/01\\\/17\\\/ritual-nocturno-para-dormir-mejor-y-liberar-el-estres-acumulado-del-dia\\\/\"]}]},{\"@type\":\"ImageObject\",\"inLanguage\":\"es\",\"@id\":\"https:\\\/\\\/fuentesfidedignas.com.mx\\\/index.php\\\/2026\\\/01\\\/17\\\/ritual-nocturno-para-dormir-mejor-y-liberar-el-estres-acumulado-del-dia\\\/#primaryimage\",\"url\":\"https:\\\/\\\/fuentesfidedignas.com.mx\\\/wp-content\\\/uploads\\\/2026\\\/01\\\/persona_durmiendo.jpeg\",\"contentUrl\":\"https:\\\/\\\/fuentesfidedignas.com.mx\\\/wp-content\\\/uploads\\\/2026\\\/01\\\/persona_durmiendo.jpeg\",\"width\":500,\"height\":281},{\"@type\":\"BreadcrumbList\",\"@id\":\"https:\\\/\\\/fuentesfidedignas.com.mx\\\/index.php\\\/2026\\\/01\\\/17\\\/ritual-nocturno-para-dormir-mejor-y-liberar-el-estres-acumulado-del-dia\\\/#breadcrumb\",\"itemListElement\":[{\"@type\":\"ListItem\",\"position\":1,\"name\":\"Inicio\",\"item\":\"https:\\\/\\\/fuentesfidedignas.com.mx\\\/\"},{\"@type\":\"ListItem\",\"position\":2,\"name\":\"Ritual nocturno para dormir mejor y liberar el estr\u00e9s acumulado del d\u00eda\"}]},{\"@type\":\"WebSite\",\"@id\":\"https:\\\/\\\/fuentesfidedignas.com.mx\\\/#website\",\"url\":\"https:\\\/\\\/fuentesfidedignas.com.mx\\\/\",\"name\":\"Fuentes Fidedignas\",\"description\":\"Otro sitio realizado con WordPress\",\"publisher\":{\"@id\":\"https:\\\/\\\/fuentesfidedignas.com.mx\\\/#organization\"},\"potentialAction\":[{\"@type\":\"SearchAction\",\"target\":{\"@type\":\"EntryPoint\",\"urlTemplate\":\"https:\\\/\\\/fuentesfidedignas.com.mx\\\/?s={search_term_string}\"},\"query-input\":{\"@type\":\"PropertyValueSpecification\",\"valueRequired\":true,\"valueName\":\"search_term_string\"}}],\"inLanguage\":\"es\"},{\"@type\":\"Organization\",\"@id\":\"https:\\\/\\\/fuentesfidedignas.com.mx\\\/#organization\",\"name\":\"Fuentes Fidedignas\",\"url\":\"https:\\\/\\\/fuentesfidedignas.com.mx\\\/\",\"logo\":{\"@type\":\"ImageObject\",\"inLanguage\":\"es\",\"@id\":\"https:\\\/\\\/fuentesfidedignas.com.mx\\\/#\\\/schema\\\/logo\\\/image\\\/\",\"url\":\"https:\\\/\\\/fuentesfidedignas.com.mx\\\/wp-content\\\/uploads\\\/2021\\\/04\\\/logo-retina.png\",\"contentUrl\":\"https:\\\/\\\/fuentesfidedignas.com.mx\\\/wp-content\\\/uploads\\\/2021\\\/04\\\/logo-retina.png\",\"width\":280,\"height\":51,\"caption\":\"Fuentes Fidedignas\"},\"image\":{\"@id\":\"https:\\\/\\\/fuentesfidedignas.com.mx\\\/#\\\/schema\\\/logo\\\/image\\\/\"},\"sameAs\":[\"https:\\\/\\\/www.facebook.com\\\/Fuentes-Fidedignas-368234489921644\",\"https:\\\/\\\/x.com\\\/fidedignas\"]},{\"@type\":\"Person\",\"@id\":\"https:\\\/\\\/fuentesfidedignas.com.mx\\\/#\\\/schema\\\/person\\\/ec4edd1fbf5efa3e44fce34fe2787780\",\"name\":\"Exc\u00e9lsior\",\"image\":{\"@type\":\"ImageObject\",\"inLanguage\":\"es\",\"@id\":\"https:\\\/\\\/secure.gravatar.com\\\/avatar\\\/4b7ee9206b48be08447852b3f0814dbc7c0f3b51541b164f1464a2725614020b?s=96&d=mm&r=g\",\"url\":\"https:\\\/\\\/secure.gravatar.com\\\/avatar\\\/4b7ee9206b48be08447852b3f0814dbc7c0f3b51541b164f1464a2725614020b?s=96&d=mm&r=g\",\"contentUrl\":\"https:\\\/\\\/secure.gravatar.com\\\/avatar\\\/4b7ee9206b48be08447852b3f0814dbc7c0f3b51541b164f1464a2725614020b?s=96&d=mm&r=g\",\"caption\":\"Exc\u00e9lsior\"},\"url\":\"https:\\\/\\\/fuentesfidedignas.com.mx\\\/index.php\\\/author\\\/excelsior\\\/\"}]}<\/script>\n<!-- \/ Yoast SEO plugin. -->","yoast_head_json":{"title":"Ritual nocturno para dormir mejor y liberar el estr\u00e9s acumulado del d\u00eda - Fuentes Fidedignas","robots":{"index":"index","follow":"follow","max-snippet":"max-snippet:-1","max-image-preview":"max-image-preview:large","max-video-preview":"max-video-preview:-1"},"canonical":"https:\/\/fuentesfidedignas.com.mx\/index.php\/2026\/01\/17\/ritual-nocturno-para-dormir-mejor-y-liberar-el-estres-acumulado-del-dia\/","og_locale":"es_MX","og_type":"article","og_title":"Ritual nocturno para dormir mejor y liberar el estr\u00e9s acumulado del d\u00eda - Fuentes Fidedignas","og_description":"Dormir mejor es posible con h\u00e1bitos nocturnos claros que reducen el estr\u00e9s y env\u00edan se\u00f1ales de descanso al cuerpo. Dormir mal se ha convertido en una constante para una parte importante de la poblaci\u00f3n. Jornadas prolongadas, uso excesivo de dispositivos electr\u00f3nicos y la falta de l\u00edmites claros entre el trabajo y el descanso han modificado [&hellip;]","og_url":"https:\/\/fuentesfidedignas.com.mx\/index.php\/2026\/01\/17\/ritual-nocturno-para-dormir-mejor-y-liberar-el-estres-acumulado-del-dia\/","og_site_name":"Fuentes Fidedignas","article_publisher":"https:\/\/www.facebook.com\/Fuentes-Fidedignas-368234489921644","article_published_time":"2026-01-17T08:47:00+00:00","og_image":[{"width":500,"height":281,"url":"https:\/\/fuentesfidedignas.com.mx\/wp-content\/uploads\/2026\/01\/persona_durmiendo.jpeg","type":"image\/jpeg"}],"author":"Exc\u00e9lsior","twitter_card":"summary_large_image","twitter_creator":"@fidedignas","twitter_site":"@fidedignas","twitter_misc":{"Escrito por":"Exc\u00e9lsior","Tiempo de lectura":"4 minutos"},"schema":{"@context":"https:\/\/schema.org","@graph":[{"@type":"Article","@id":"https:\/\/fuentesfidedignas.com.mx\/index.php\/2026\/01\/17\/ritual-nocturno-para-dormir-mejor-y-liberar-el-estres-acumulado-del-dia\/#article","isPartOf":{"@id":"https:\/\/fuentesfidedignas.com.mx\/index.php\/2026\/01\/17\/ritual-nocturno-para-dormir-mejor-y-liberar-el-estres-acumulado-del-dia\/"},"author":{"name":"Exc\u00e9lsior","@id":"https:\/\/fuentesfidedignas.com.mx\/#\/schema\/person\/ec4edd1fbf5efa3e44fce34fe2787780"},"headline":"Ritual nocturno para dormir mejor y liberar el estr\u00e9s acumulado del d\u00eda","datePublished":"2026-01-17T08:47:00+00:00","mainEntityOfPage":{"@id":"https:\/\/fuentesfidedignas.com.mx\/index.php\/2026\/01\/17\/ritual-nocturno-para-dormir-mejor-y-liberar-el-estres-acumulado-del-dia\/"},"wordCount":911,"commentCount":0,"publisher":{"@id":"https:\/\/fuentesfidedignas.com.mx\/#organization"},"image":{"@id":"https:\/\/fuentesfidedignas.com.mx\/index.php\/2026\/01\/17\/ritual-nocturno-para-dormir-mejor-y-liberar-el-estres-acumulado-del-dia\/#primaryimage"},"thumbnailUrl":"https:\/\/fuentesfidedignas.com.mx\/wp-content\/uploads\/2026\/01\/persona_durmiendo.jpeg","articleSection":["REVIEW MAGAZINE","Reviews"],"inLanguage":"es","potentialAction":[{"@type":"CommentAction","name":"Comment","target":["https:\/\/fuentesfidedignas.com.mx\/index.php\/2026\/01\/17\/ritual-nocturno-para-dormir-mejor-y-liberar-el-estres-acumulado-del-dia\/#respond"]}]},{"@type":"WebPage","@id":"https:\/\/fuentesfidedignas.com.mx\/index.php\/2026\/01\/17\/ritual-nocturno-para-dormir-mejor-y-liberar-el-estres-acumulado-del-dia\/","url":"https:\/\/fuentesfidedignas.com.mx\/index.php\/2026\/01\/17\/ritual-nocturno-para-dormir-mejor-y-liberar-el-estres-acumulado-del-dia\/","name":"Ritual nocturno para dormir mejor y liberar el estr\u00e9s acumulado del d\u00eda - Fuentes Fidedignas","isPartOf":{"@id":"https:\/\/fuentesfidedignas.com.mx\/#website"},"primaryImageOfPage":{"@id":"https:\/\/fuentesfidedignas.com.mx\/index.php\/2026\/01\/17\/ritual-nocturno-para-dormir-mejor-y-liberar-el-estres-acumulado-del-dia\/#primaryimage"},"image":{"@id":"https:\/\/fuentesfidedignas.com.mx\/index.php\/2026\/01\/17\/ritual-nocturno-para-dormir-mejor-y-liberar-el-estres-acumulado-del-dia\/#primaryimage"},"thumbnailUrl":"https:\/\/fuentesfidedignas.com.mx\/wp-content\/uploads\/2026\/01\/persona_durmiendo.jpeg","datePublished":"2026-01-17T08:47:00+00:00","breadcrumb":{"@id":"https:\/\/fuentesfidedignas.com.mx\/index.php\/2026\/01\/17\/ritual-nocturno-para-dormir-mejor-y-liberar-el-estres-acumulado-del-dia\/#breadcrumb"},"inLanguage":"es","potentialAction":[{"@type":"ReadAction","target":["https:\/\/fuentesfidedignas.com.mx\/index.php\/2026\/01\/17\/ritual-nocturno-para-dormir-mejor-y-liberar-el-estres-acumulado-del-dia\/"]}]},{"@type":"ImageObject","inLanguage":"es","@id":"https:\/\/fuentesfidedignas.com.mx\/index.php\/2026\/01\/17\/ritual-nocturno-para-dormir-mejor-y-liberar-el-estres-acumulado-del-dia\/#primaryimage","url":"https:\/\/fuentesfidedignas.com.mx\/wp-content\/uploads\/2026\/01\/persona_durmiendo.jpeg","contentUrl":"https:\/\/fuentesfidedignas.com.mx\/wp-content\/uploads\/2026\/01\/persona_durmiendo.jpeg","width":500,"height":281},{"@type":"BreadcrumbList","@id":"https:\/\/fuentesfidedignas.com.mx\/index.php\/2026\/01\/17\/ritual-nocturno-para-dormir-mejor-y-liberar-el-estres-acumulado-del-dia\/#breadcrumb","itemListElement":[{"@type":"ListItem","position":1,"name":"Inicio","item":"https:\/\/fuentesfidedignas.com.mx\/"},{"@type":"ListItem","position":2,"name":"Ritual nocturno para dormir mejor y liberar el estr\u00e9s acumulado del d\u00eda"}]},{"@type":"WebSite","@id":"https:\/\/fuentesfidedignas.com.mx\/#website","url":"https:\/\/fuentesfidedignas.com.mx\/","name":"Fuentes Fidedignas","description":"Otro sitio realizado con WordPress","publisher":{"@id":"https:\/\/fuentesfidedignas.com.mx\/#organization"},"potentialAction":[{"@type":"SearchAction","target":{"@type":"EntryPoint","urlTemplate":"https:\/\/fuentesfidedignas.com.mx\/?s={search_term_string}"},"query-input":{"@type":"PropertyValueSpecification","valueRequired":true,"valueName":"search_term_string"}}],"inLanguage":"es"},{"@type":"Organization","@id":"https:\/\/fuentesfidedignas.com.mx\/#organization","name":"Fuentes Fidedignas","url":"https:\/\/fuentesfidedignas.com.mx\/","logo":{"@type":"ImageObject","inLanguage":"es","@id":"https:\/\/fuentesfidedignas.com.mx\/#\/schema\/logo\/image\/","url":"https:\/\/fuentesfidedignas.com.mx\/wp-content\/uploads\/2021\/04\/logo-retina.png","contentUrl":"https:\/\/fuentesfidedignas.com.mx\/wp-content\/uploads\/2021\/04\/logo-retina.png","width":280,"height":51,"caption":"Fuentes Fidedignas"},"image":{"@id":"https:\/\/fuentesfidedignas.com.mx\/#\/schema\/logo\/image\/"},"sameAs":["https:\/\/www.facebook.com\/Fuentes-Fidedignas-368234489921644","https:\/\/x.com\/fidedignas"]},{"@type":"Person","@id":"https:\/\/fuentesfidedignas.com.mx\/#\/schema\/person\/ec4edd1fbf5efa3e44fce34fe2787780","name":"Exc\u00e9lsior","image":{"@type":"ImageObject","inLanguage":"es","@id":"https:\/\/secure.gravatar.com\/avatar\/4b7ee9206b48be08447852b3f0814dbc7c0f3b51541b164f1464a2725614020b?s=96&d=mm&r=g","url":"https:\/\/secure.gravatar.com\/avatar\/4b7ee9206b48be08447852b3f0814dbc7c0f3b51541b164f1464a2725614020b?s=96&d=mm&r=g","contentUrl":"https:\/\/secure.gravatar.com\/avatar\/4b7ee9206b48be08447852b3f0814dbc7c0f3b51541b164f1464a2725614020b?s=96&d=mm&r=g","caption":"Exc\u00e9lsior"},"url":"https:\/\/fuentesfidedignas.com.mx\/index.php\/author\/excelsior\/"}]}},"_links":{"self":[{"href":"https:\/\/fuentesfidedignas.com.mx\/index.php\/wp-json\/wp\/v2\/posts\/125499","targetHints":{"allow":["GET"]}}],"collection":[{"href":"https:\/\/fuentesfidedignas.com.mx\/index.php\/wp-json\/wp\/v2\/posts"}],"about":[{"href":"https:\/\/fuentesfidedignas.com.mx\/index.php\/wp-json\/wp\/v2\/types\/post"}],"author":[{"embeddable":true,"href":"https:\/\/fuentesfidedignas.com.mx\/index.php\/wp-json\/wp\/v2\/users\/7"}],"replies":[{"embeddable":true,"href":"https:\/\/fuentesfidedignas.com.mx\/index.php\/wp-json\/wp\/v2\/comments?post=125499"}],"version-history":[{"count":1,"href":"https:\/\/fuentesfidedignas.com.mx\/index.php\/wp-json\/wp\/v2\/posts\/125499\/revisions"}],"predecessor-version":[{"id":125502,"href":"https:\/\/fuentesfidedignas.com.mx\/index.php\/wp-json\/wp\/v2\/posts\/125499\/revisions\/125502"}],"wp:featuredmedia":[{"embeddable":true,"href":"https:\/\/fuentesfidedignas.com.mx\/index.php\/wp-json\/wp\/v2\/media\/125501"}],"wp:attachment":[{"href":"https:\/\/fuentesfidedignas.com.mx\/index.php\/wp-json\/wp\/v2\/media?parent=125499"}],"wp:term":[{"taxonomy":"category","embeddable":true,"href":"https:\/\/fuentesfidedignas.com.mx\/index.php\/wp-json\/wp\/v2\/categories?post=125499"},{"taxonomy":"post_tag","embeddable":true,"href":"https:\/\/fuentesfidedignas.com.mx\/index.php\/wp-json\/wp\/v2\/tags?post=125499"}],"curies":[{"name":"wp","href":"https:\/\/api.w.org\/{rel}","templated":true}]}}