{"id":125432,"date":"2026-01-16T12:14:00","date_gmt":"2026-01-16T19:14:00","guid":{"rendered":"https:\/\/fuentesfidedignas.com.mx\/?p=125432"},"modified":"2026-01-16T11:54:10","modified_gmt":"2026-01-16T18:54:10","slug":"volcadura-de-autobus-deja-30-heridos-en-zona-montanosa-de-veracruz","status":"publish","type":"post","link":"https:\/\/fuentesfidedignas.com.mx\/index.php\/2026\/01\/16\/volcadura-de-autobus-deja-30-heridos-en-zona-montanosa-de-veracruz\/","title":{"rendered":"Volcadura de autob\u00fas deja 30 heridos en zona monta\u00f1osa de Veracruz"},"content":{"rendered":"\n<p><strong><em>Al menos cuatro personas presentan heridas de consideraci\u00f3n, por lo que fueron trasladados a hospitales de la zona<\/em><\/strong><\/p>\n\n\n\n<p>Al menos 30 personas resultaron heridas durante la volcadura de un autob\u00fas de pasajeros en el municipio de Naranjal, asentado en la regi\u00f3n monta\u00f1osa de Veracruz.<\/p>\n\n\n\n<p>El accidente ocurri\u00f3 la ma\u00f1ana de hoy sobre la carretera estatal Naranjal-Zoquiapa, a la altura de la comunidad de Nexca, por donde circulaba un autob\u00fas de transporte colectivo.<\/p>\n\n\n\n<p>Los informes policiales dieron cuenta que el conductor perdi\u00f3 el control de la unidad, la cual cay\u00f3 a un barranco, provocando lesiones al menos a 30 personas, en su mayor\u00eda estudiantes y habitantes de las localidades cercanas.<\/p>\n\n\n\n<p>Elementos de distintas corporaciones de auxilio y pobladores de la zona acudieron al sitio a auxiliar a los heridos; adem\u00e1s encabezaron labores de rescate en el barranco.<\/p>\n\n\n\n<p>Al menos cuatro personas presentan heridas de consideraci\u00f3n, por lo que fueron trasladados a hospitales de la zona; mientras que el resto sufri\u00f3 contusiones y golpes.<\/p>\n\n\n\n<p>Autoridades estatales informaron que se abri\u00f3 una investigaci\u00f3n para esclarecer las causas del accidente, sin descartar factores como el estado de la carretera, fallas mec\u00e1nicas o un posible error humano.<\/p>\n","protected":false},"excerpt":{"rendered":"<p>Al menos cuatro personas presentan heridas de consideraci\u00f3n, por lo que fueron trasladados a hospitales de la zona Al menos 30 personas resultaron heridas durante la volcadura de un autob\u00fas de pasajeros en el municipio de Naranjal, asentado en la regi\u00f3n monta\u00f1osa de Veracruz. El accidente ocurri\u00f3 la ma\u00f1ana de hoy sobre la carretera estatal [&hellip;]<\/p>\n","protected":false},"author":39,"featured_media":125433,"comment_status":"open","ping_status":"open","sticky":false,"template":"","format":"standard","meta":{"tdm_status":"","tdm_grid_status":"","footnotes":""},"categories":[39],"tags":[],"class_list":{"0":"post-125432","1":"post","2":"type-post","3":"status-publish","4":"format-standard","5":"has-post-thumbnail","7":"category-noticias-nacionales"},"yoast_head":"<!-- This site is optimized with the Yoast SEO plugin v27.5 - https:\/\/yoast.com\/product\/yoast-seo-wordpress\/ -->\n<title>Volcadura de autob\u00fas deja 30 heridos en zona monta\u00f1osa de Veracruz - Fuentes Fidedignas<\/title>\n<meta name=\"robots\" content=\"index, follow, max-snippet:-1, max-image-preview:large, max-video-preview:-1\" \/>\n<link rel=\"canonical\" href=\"https:\/\/fuentesfidedignas.com.mx\/index.php\/2026\/01\/16\/volcadura-de-autobus-deja-30-heridos-en-zona-montanosa-de-veracruz\/\" \/>\n<meta property=\"og:locale\" content=\"es_MX\" \/>\n<meta property=\"og:type\" content=\"article\" \/>\n<meta property=\"og:title\" content=\"Volcadura de autob\u00fas deja 30 heridos en zona monta\u00f1osa de Veracruz - Fuentes Fidedignas\" \/>\n<meta property=\"og:description\" content=\"Al menos cuatro personas presentan heridas de consideraci\u00f3n, por lo que fueron trasladados a hospitales de la zona Al menos 30 personas resultaron heridas durante la volcadura de un autob\u00fas de pasajeros en el municipio de Naranjal, asentado en la regi\u00f3n monta\u00f1osa de Veracruz. El accidente ocurri\u00f3 la ma\u00f1ana de hoy sobre la carretera estatal [&hellip;]\" \/>\n<meta property=\"og:url\" content=\"https:\/\/fuentesfidedignas.com.mx\/index.php\/2026\/01\/16\/volcadura-de-autobus-deja-30-heridos-en-zona-montanosa-de-veracruz\/\" \/>\n<meta property=\"og:site_name\" content=\"Fuentes Fidedignas\" \/>\n<meta property=\"article:publisher\" content=\"https:\/\/www.facebook.com\/Fuentes-Fidedignas-368234489921644\" \/>\n<meta property=\"article:published_time\" content=\"2026-01-16T19:14:00+00:00\" \/>\n<meta property=\"og:image\" content=\"https:\/\/fuentesfidedignas.com.mx\/wp-content\/uploads\/2026\/01\/autobus_vrcruz.jpg\" \/>\n\t<meta property=\"og:image:width\" content=\"500\" \/>\n\t<meta property=\"og:image:height\" content=\"306\" \/>\n\t<meta property=\"og:image:type\" content=\"image\/jpeg\" \/>\n<meta name=\"author\" content=\"El Universal\" \/>\n<meta name=\"twitter:card\" content=\"summary_large_image\" \/>\n<meta name=\"twitter:creator\" content=\"@fidedignas\" \/>\n<meta name=\"twitter:site\" content=\"@fidedignas\" \/>\n<meta name=\"twitter:label1\" content=\"Escrito por\" \/>\n\t<meta name=\"twitter:data1\" content=\"El Universal\" \/>\n\t<meta name=\"twitter:label2\" content=\"Tiempo de lectura\" \/>\n\t<meta name=\"twitter:data2\" content=\"2 minutos\" \/>\n<script type=\"application\/ld+json\" class=\"yoast-schema-graph\">{\"@context\":\"https:\\\/\\\/schema.org\",\"@graph\":[{\"@type\":\"Article\",\"@id\":\"https:\\\/\\\/fuentesfidedignas.com.mx\\\/index.php\\\/2026\\\/01\\\/16\\\/volcadura-de-autobus-deja-30-heridos-en-zona-montanosa-de-veracruz\\\/#article\",\"isPartOf\":{\"@id\":\"https:\\\/\\\/fuentesfidedignas.com.mx\\\/index.php\\\/2026\\\/01\\\/16\\\/volcadura-de-autobus-deja-30-heridos-en-zona-montanosa-de-veracruz\\\/\"},\"author\":{\"name\":\"El Universal\",\"@id\":\"https:\\\/\\\/fuentesfidedignas.com.mx\\\/#\\\/schema\\\/person\\\/fee3882e65fd0510d292c43a346d35d7\"},\"headline\":\"Volcadura de autob\u00fas deja 30 heridos en zona monta\u00f1osa de Veracruz\",\"datePublished\":\"2026-01-16T19:14:00+00:00\",\"mainEntityOfPage\":{\"@id\":\"https:\\\/\\\/fuentesfidedignas.com.mx\\\/index.php\\\/2026\\\/01\\\/16\\\/volcadura-de-autobus-deja-30-heridos-en-zona-montanosa-de-veracruz\\\/\"},\"wordCount\":213,\"commentCount\":0,\"publisher\":{\"@id\":\"https:\\\/\\\/fuentesfidedignas.com.mx\\\/#organization\"},\"image\":{\"@id\":\"https:\\\/\\\/fuentesfidedignas.com.mx\\\/index.php\\\/2026\\\/01\\\/16\\\/volcadura-de-autobus-deja-30-heridos-en-zona-montanosa-de-veracruz\\\/#primaryimage\"},\"thumbnailUrl\":\"https:\\\/\\\/fuentesfidedignas.com.mx\\\/wp-content\\\/uploads\\\/2026\\\/01\\\/autobus_vrcruz.jpg\",\"articleSection\":[\"NOTICIAS NACIONALES\"],\"inLanguage\":\"es\",\"potentialAction\":[{\"@type\":\"CommentAction\",\"name\":\"Comment\",\"target\":[\"https:\\\/\\\/fuentesfidedignas.com.mx\\\/index.php\\\/2026\\\/01\\\/16\\\/volcadura-de-autobus-deja-30-heridos-en-zona-montanosa-de-veracruz\\\/#respond\"]}]},{\"@type\":\"WebPage\",\"@id\":\"https:\\\/\\\/fuentesfidedignas.com.mx\\\/index.php\\\/2026\\\/01\\\/16\\\/volcadura-de-autobus-deja-30-heridos-en-zona-montanosa-de-veracruz\\\/\",\"url\":\"https:\\\/\\\/fuentesfidedignas.com.mx\\\/index.php\\\/2026\\\/01\\\/16\\\/volcadura-de-autobus-deja-30-heridos-en-zona-montanosa-de-veracruz\\\/\",\"name\":\"Volcadura de autob\u00fas deja 30 heridos en zona monta\u00f1osa de Veracruz - Fuentes Fidedignas\",\"isPartOf\":{\"@id\":\"https:\\\/\\\/fuentesfidedignas.com.mx\\\/#website\"},\"primaryImageOfPage\":{\"@id\":\"https:\\\/\\\/fuentesfidedignas.com.mx\\\/index.php\\\/2026\\\/01\\\/16\\\/volcadura-de-autobus-deja-30-heridos-en-zona-montanosa-de-veracruz\\\/#primaryimage\"},\"image\":{\"@id\":\"https:\\\/\\\/fuentesfidedignas.com.mx\\\/index.php\\\/2026\\\/01\\\/16\\\/volcadura-de-autobus-deja-30-heridos-en-zona-montanosa-de-veracruz\\\/#primaryimage\"},\"thumbnailUrl\":\"https:\\\/\\\/fuentesfidedignas.com.mx\\\/wp-content\\\/uploads\\\/2026\\\/01\\\/autobus_vrcruz.jpg\",\"datePublished\":\"2026-01-16T19:14:00+00:00\",\"breadcrumb\":{\"@id\":\"https:\\\/\\\/fuentesfidedignas.com.mx\\\/index.php\\\/2026\\\/01\\\/16\\\/volcadura-de-autobus-deja-30-heridos-en-zona-montanosa-de-veracruz\\\/#breadcrumb\"},\"inLanguage\":\"es\",\"potentialAction\":[{\"@type\":\"ReadAction\",\"target\":[\"https:\\\/\\\/fuentesfidedignas.com.mx\\\/index.php\\\/2026\\\/01\\\/16\\\/volcadura-de-autobus-deja-30-heridos-en-zona-montanosa-de-veracruz\\\/\"]}]},{\"@type\":\"ImageObject\",\"inLanguage\":\"es\",\"@id\":\"https:\\\/\\\/fuentesfidedignas.com.mx\\\/index.php\\\/2026\\\/01\\\/16\\\/volcadura-de-autobus-deja-30-heridos-en-zona-montanosa-de-veracruz\\\/#primaryimage\",\"url\":\"https:\\\/\\\/fuentesfidedignas.com.mx\\\/wp-content\\\/uploads\\\/2026\\\/01\\\/autobus_vrcruz.jpg\",\"contentUrl\":\"https:\\\/\\\/fuentesfidedignas.com.mx\\\/wp-content\\\/uploads\\\/2026\\\/01\\\/autobus_vrcruz.jpg\",\"width\":500,\"height\":306},{\"@type\":\"BreadcrumbList\",\"@id\":\"https:\\\/\\\/fuentesfidedignas.com.mx\\\/index.php\\\/2026\\\/01\\\/16\\\/volcadura-de-autobus-deja-30-heridos-en-zona-montanosa-de-veracruz\\\/#breadcrumb\",\"itemListElement\":[{\"@type\":\"ListItem\",\"position\":1,\"name\":\"Inicio\",\"item\":\"https:\\\/\\\/fuentesfidedignas.com.mx\\\/\"},{\"@type\":\"ListItem\",\"position\":2,\"name\":\"Volcadura de autob\u00fas deja 30 heridos en zona monta\u00f1osa de Veracruz\"}]},{\"@type\":\"WebSite\",\"@id\":\"https:\\\/\\\/fuentesfidedignas.com.mx\\\/#website\",\"url\":\"https:\\\/\\\/fuentesfidedignas.com.mx\\\/\",\"name\":\"Fuentes Fidedignas\",\"description\":\"Otro sitio realizado con WordPress\",\"publisher\":{\"@id\":\"https:\\\/\\\/fuentesfidedignas.com.mx\\\/#organization\"},\"potentialAction\":[{\"@type\":\"SearchAction\",\"target\":{\"@type\":\"EntryPoint\",\"urlTemplate\":\"https:\\\/\\\/fuentesfidedignas.com.mx\\\/?s={search_term_string}\"},\"query-input\":{\"@type\":\"PropertyValueSpecification\",\"valueRequired\":true,\"valueName\":\"search_term_string\"}}],\"inLanguage\":\"es\"},{\"@type\":\"Organization\",\"@id\":\"https:\\\/\\\/fuentesfidedignas.com.mx\\\/#organization\",\"name\":\"Fuentes Fidedignas\",\"url\":\"https:\\\/\\\/fuentesfidedignas.com.mx\\\/\",\"logo\":{\"@type\":\"ImageObject\",\"inLanguage\":\"es\",\"@id\":\"https:\\\/\\\/fuentesfidedignas.com.mx\\\/#\\\/schema\\\/logo\\\/image\\\/\",\"url\":\"https:\\\/\\\/fuentesfidedignas.com.mx\\\/wp-content\\\/uploads\\\/2021\\\/04\\\/logo-retina.png\",\"contentUrl\":\"https:\\\/\\\/fuentesfidedignas.com.mx\\\/wp-content\\\/uploads\\\/2021\\\/04\\\/logo-retina.png\",\"width\":280,\"height\":51,\"caption\":\"Fuentes Fidedignas\"},\"image\":{\"@id\":\"https:\\\/\\\/fuentesfidedignas.com.mx\\\/#\\\/schema\\\/logo\\\/image\\\/\"},\"sameAs\":[\"https:\\\/\\\/www.facebook.com\\\/Fuentes-Fidedignas-368234489921644\",\"https:\\\/\\\/x.com\\\/fidedignas\"]},{\"@type\":\"Person\",\"@id\":\"https:\\\/\\\/fuentesfidedignas.com.mx\\\/#\\\/schema\\\/person\\\/fee3882e65fd0510d292c43a346d35d7\",\"name\":\"El Universal\",\"image\":{\"@type\":\"ImageObject\",\"inLanguage\":\"es\",\"@id\":\"https:\\\/\\\/secure.gravatar.com\\\/avatar\\\/1ebc94d82b6c3c081781f73e5b76a0d0c1ac7bf8e57426f18802246eeaa2747c?s=96&d=mm&r=g\",\"url\":\"https:\\\/\\\/secure.gravatar.com\\\/avatar\\\/1ebc94d82b6c3c081781f73e5b76a0d0c1ac7bf8e57426f18802246eeaa2747c?s=96&d=mm&r=g\",\"contentUrl\":\"https:\\\/\\\/secure.gravatar.com\\\/avatar\\\/1ebc94d82b6c3c081781f73e5b76a0d0c1ac7bf8e57426f18802246eeaa2747c?s=96&d=mm&r=g\",\"caption\":\"El Universal\"},\"url\":\"https:\\\/\\\/fuentesfidedignas.com.mx\\\/index.php\\\/author\\\/el-universal\\\/\"}]}<\/script>\n<!-- \/ Yoast SEO plugin. -->","yoast_head_json":{"title":"Volcadura de autob\u00fas deja 30 heridos en zona monta\u00f1osa de Veracruz - Fuentes Fidedignas","robots":{"index":"index","follow":"follow","max-snippet":"max-snippet:-1","max-image-preview":"max-image-preview:large","max-video-preview":"max-video-preview:-1"},"canonical":"https:\/\/fuentesfidedignas.com.mx\/index.php\/2026\/01\/16\/volcadura-de-autobus-deja-30-heridos-en-zona-montanosa-de-veracruz\/","og_locale":"es_MX","og_type":"article","og_title":"Volcadura de autob\u00fas deja 30 heridos en zona monta\u00f1osa de Veracruz - Fuentes Fidedignas","og_description":"Al menos cuatro personas presentan heridas de consideraci\u00f3n, por lo que fueron trasladados a hospitales de la zona Al menos 30 personas resultaron heridas durante la volcadura de un autob\u00fas de pasajeros en el municipio de Naranjal, asentado en la regi\u00f3n monta\u00f1osa de Veracruz. El accidente ocurri\u00f3 la ma\u00f1ana de hoy sobre la carretera estatal [&hellip;]","og_url":"https:\/\/fuentesfidedignas.com.mx\/index.php\/2026\/01\/16\/volcadura-de-autobus-deja-30-heridos-en-zona-montanosa-de-veracruz\/","og_site_name":"Fuentes Fidedignas","article_publisher":"https:\/\/www.facebook.com\/Fuentes-Fidedignas-368234489921644","article_published_time":"2026-01-16T19:14:00+00:00","og_image":[{"width":500,"height":306,"url":"https:\/\/fuentesfidedignas.com.mx\/wp-content\/uploads\/2026\/01\/autobus_vrcruz.jpg","type":"image\/jpeg"}],"author":"El Universal","twitter_card":"summary_large_image","twitter_creator":"@fidedignas","twitter_site":"@fidedignas","twitter_misc":{"Escrito por":"El Universal","Tiempo de lectura":"2 minutos"},"schema":{"@context":"https:\/\/schema.org","@graph":[{"@type":"Article","@id":"https:\/\/fuentesfidedignas.com.mx\/index.php\/2026\/01\/16\/volcadura-de-autobus-deja-30-heridos-en-zona-montanosa-de-veracruz\/#article","isPartOf":{"@id":"https:\/\/fuentesfidedignas.com.mx\/index.php\/2026\/01\/16\/volcadura-de-autobus-deja-30-heridos-en-zona-montanosa-de-veracruz\/"},"author":{"name":"El Universal","@id":"https:\/\/fuentesfidedignas.com.mx\/#\/schema\/person\/fee3882e65fd0510d292c43a346d35d7"},"headline":"Volcadura de autob\u00fas deja 30 heridos en zona monta\u00f1osa de Veracruz","datePublished":"2026-01-16T19:14:00+00:00","mainEntityOfPage":{"@id":"https:\/\/fuentesfidedignas.com.mx\/index.php\/2026\/01\/16\/volcadura-de-autobus-deja-30-heridos-en-zona-montanosa-de-veracruz\/"},"wordCount":213,"commentCount":0,"publisher":{"@id":"https:\/\/fuentesfidedignas.com.mx\/#organization"},"image":{"@id":"https:\/\/fuentesfidedignas.com.mx\/index.php\/2026\/01\/16\/volcadura-de-autobus-deja-30-heridos-en-zona-montanosa-de-veracruz\/#primaryimage"},"thumbnailUrl":"https:\/\/fuentesfidedignas.com.mx\/wp-content\/uploads\/2026\/01\/autobus_vrcruz.jpg","articleSection":["NOTICIAS NACIONALES"],"inLanguage":"es","potentialAction":[{"@type":"CommentAction","name":"Comment","target":["https:\/\/fuentesfidedignas.com.mx\/index.php\/2026\/01\/16\/volcadura-de-autobus-deja-30-heridos-en-zona-montanosa-de-veracruz\/#respond"]}]},{"@type":"WebPage","@id":"https:\/\/fuentesfidedignas.com.mx\/index.php\/2026\/01\/16\/volcadura-de-autobus-deja-30-heridos-en-zona-montanosa-de-veracruz\/","url":"https:\/\/fuentesfidedignas.com.mx\/index.php\/2026\/01\/16\/volcadura-de-autobus-deja-30-heridos-en-zona-montanosa-de-veracruz\/","name":"Volcadura de autob\u00fas deja 30 heridos en zona monta\u00f1osa de Veracruz - Fuentes Fidedignas","isPartOf":{"@id":"https:\/\/fuentesfidedignas.com.mx\/#website"},"primaryImageOfPage":{"@id":"https:\/\/fuentesfidedignas.com.mx\/index.php\/2026\/01\/16\/volcadura-de-autobus-deja-30-heridos-en-zona-montanosa-de-veracruz\/#primaryimage"},"image":{"@id":"https:\/\/fuentesfidedignas.com.mx\/index.php\/2026\/01\/16\/volcadura-de-autobus-deja-30-heridos-en-zona-montanosa-de-veracruz\/#primaryimage"},"thumbnailUrl":"https:\/\/fuentesfidedignas.com.mx\/wp-content\/uploads\/2026\/01\/autobus_vrcruz.jpg","datePublished":"2026-01-16T19:14:00+00:00","breadcrumb":{"@id":"https:\/\/fuentesfidedignas.com.mx\/index.php\/2026\/01\/16\/volcadura-de-autobus-deja-30-heridos-en-zona-montanosa-de-veracruz\/#breadcrumb"},"inLanguage":"es","potentialAction":[{"@type":"ReadAction","target":["https:\/\/fuentesfidedignas.com.mx\/index.php\/2026\/01\/16\/volcadura-de-autobus-deja-30-heridos-en-zona-montanosa-de-veracruz\/"]}]},{"@type":"ImageObject","inLanguage":"es","@id":"https:\/\/fuentesfidedignas.com.mx\/index.php\/2026\/01\/16\/volcadura-de-autobus-deja-30-heridos-en-zona-montanosa-de-veracruz\/#primaryimage","url":"https:\/\/fuentesfidedignas.com.mx\/wp-content\/uploads\/2026\/01\/autobus_vrcruz.jpg","contentUrl":"https:\/\/fuentesfidedignas.com.mx\/wp-content\/uploads\/2026\/01\/autobus_vrcruz.jpg","width":500,"height":306},{"@type":"BreadcrumbList","@id":"https:\/\/fuentesfidedignas.com.mx\/index.php\/2026\/01\/16\/volcadura-de-autobus-deja-30-heridos-en-zona-montanosa-de-veracruz\/#breadcrumb","itemListElement":[{"@type":"ListItem","position":1,"name":"Inicio","item":"https:\/\/fuentesfidedignas.com.mx\/"},{"@type":"ListItem","position":2,"name":"Volcadura de autob\u00fas deja 30 heridos en zona monta\u00f1osa de Veracruz"}]},{"@type":"WebSite","@id":"https:\/\/fuentesfidedignas.com.mx\/#website","url":"https:\/\/fuentesfidedignas.com.mx\/","name":"Fuentes Fidedignas","description":"Otro sitio realizado con WordPress","publisher":{"@id":"https:\/\/fuentesfidedignas.com.mx\/#organization"},"potentialAction":[{"@type":"SearchAction","target":{"@type":"EntryPoint","urlTemplate":"https:\/\/fuentesfidedignas.com.mx\/?s={search_term_string}"},"query-input":{"@type":"PropertyValueSpecification","valueRequired":true,"valueName":"search_term_string"}}],"inLanguage":"es"},{"@type":"Organization","@id":"https:\/\/fuentesfidedignas.com.mx\/#organization","name":"Fuentes Fidedignas","url":"https:\/\/fuentesfidedignas.com.mx\/","logo":{"@type":"ImageObject","inLanguage":"es","@id":"https:\/\/fuentesfidedignas.com.mx\/#\/schema\/logo\/image\/","url":"https:\/\/fuentesfidedignas.com.mx\/wp-content\/uploads\/2021\/04\/logo-retina.png","contentUrl":"https:\/\/fuentesfidedignas.com.mx\/wp-content\/uploads\/2021\/04\/logo-retina.png","width":280,"height":51,"caption":"Fuentes Fidedignas"},"image":{"@id":"https:\/\/fuentesfidedignas.com.mx\/#\/schema\/logo\/image\/"},"sameAs":["https:\/\/www.facebook.com\/Fuentes-Fidedignas-368234489921644","https:\/\/x.com\/fidedignas"]},{"@type":"Person","@id":"https:\/\/fuentesfidedignas.com.mx\/#\/schema\/person\/fee3882e65fd0510d292c43a346d35d7","name":"El Universal","image":{"@type":"ImageObject","inLanguage":"es","@id":"https:\/\/secure.gravatar.com\/avatar\/1ebc94d82b6c3c081781f73e5b76a0d0c1ac7bf8e57426f18802246eeaa2747c?s=96&d=mm&r=g","url":"https:\/\/secure.gravatar.com\/avatar\/1ebc94d82b6c3c081781f73e5b76a0d0c1ac7bf8e57426f18802246eeaa2747c?s=96&d=mm&r=g","contentUrl":"https:\/\/secure.gravatar.com\/avatar\/1ebc94d82b6c3c081781f73e5b76a0d0c1ac7bf8e57426f18802246eeaa2747c?s=96&d=mm&r=g","caption":"El Universal"},"url":"https:\/\/fuentesfidedignas.com.mx\/index.php\/author\/el-universal\/"}]}},"_links":{"self":[{"href":"https:\/\/fuentesfidedignas.com.mx\/index.php\/wp-json\/wp\/v2\/posts\/125432","targetHints":{"allow":["GET"]}}],"collection":[{"href":"https:\/\/fuentesfidedignas.com.mx\/index.php\/wp-json\/wp\/v2\/posts"}],"about":[{"href":"https:\/\/fuentesfidedignas.com.mx\/index.php\/wp-json\/wp\/v2\/types\/post"}],"author":[{"embeddable":true,"href":"https:\/\/fuentesfidedignas.com.mx\/index.php\/wp-json\/wp\/v2\/users\/39"}],"replies":[{"embeddable":true,"href":"https:\/\/fuentesfidedignas.com.mx\/index.php\/wp-json\/wp\/v2\/comments?post=125432"}],"version-history":[{"count":1,"href":"https:\/\/fuentesfidedignas.com.mx\/index.php\/wp-json\/wp\/v2\/posts\/125432\/revisions"}],"predecessor-version":[{"id":125434,"href":"https:\/\/fuentesfidedignas.com.mx\/index.php\/wp-json\/wp\/v2\/posts\/125432\/revisions\/125434"}],"wp:featuredmedia":[{"embeddable":true,"href":"https:\/\/fuentesfidedignas.com.mx\/index.php\/wp-json\/wp\/v2\/media\/125433"}],"wp:attachment":[{"href":"https:\/\/fuentesfidedignas.com.mx\/index.php\/wp-json\/wp\/v2\/media?parent=125432"}],"wp:term":[{"taxonomy":"category","embeddable":true,"href":"https:\/\/fuentesfidedignas.com.mx\/index.php\/wp-json\/wp\/v2\/categories?post=125432"},{"taxonomy":"post_tag","embeddable":true,"href":"https:\/\/fuentesfidedignas.com.mx\/index.php\/wp-json\/wp\/v2\/tags?post=125432"}],"curies":[{"name":"wp","href":"https:\/\/api.w.org\/{rel}","templated":true}]}}