{"id":12542,"date":"2021-09-14T10:07:14","date_gmt":"2021-09-14T17:07:14","guid":{"rendered":"https:\/\/fuentesfidedignas.com.mx\/?p=12542"},"modified":"2021-09-14T10:08:26","modified_gmt":"2021-09-14T17:08:26","slug":"fusiles-de-alto-poder-equipo-tactico-y-un-vehiculo-robado-lo-asegurado-por-sedena-y-pep-tras-operativo-en-alcoyonqui","status":"publish","type":"post","link":"https:\/\/fuentesfidedignas.com.mx\/index.php\/2021\/09\/14\/fusiles-de-alto-poder-equipo-tactico-y-un-vehiculo-robado-lo-asegurado-por-sedena-y-pep-tras-operativo-en-alcoyonqui\/","title":{"rendered":"Fusiles de alto poder, equipo t\u00e1ctico y un veh\u00edculo robado, lo asegurado por Sedena y PEP tras operativo en Alcoyonqui"},"content":{"rendered":"\n<p>Los efectivos realizaban recorridos de prevenci\u00f3n y seguridad rutinarios<\/p>\n\n\n\n<p><strong>Culiac\u00e1n, Sinaloa<\/strong>.- El aseguramiento de armas largas, equipo t\u00e1ctico y un veh\u00edculo robado, fue el resultado de un operativo conjunto entre elementos de la Secretar\u00eda de la Defensa Nacional y del Grupo \u00c9lite de la Polic\u00eda Estatal Preventiva, en el municipio de Culiac\u00e1n.\u00a0<\/p>\n\n\n\n<figure class=\"wp-block-image size-full\"><img decoding=\"async\" width=\"903\" height=\"571\" src=\"https:\/\/fuentesfidedignas.com.mx\/wp-content\/uploads\/2021\/09\/2AseguramientoAlcoyonqui.jpeg\" alt=\"\" class=\"wp-image-12544\" srcset=\"https:\/\/fuentesfidedignas.com.mx\/wp-content\/uploads\/2021\/09\/2AseguramientoAlcoyonqui.jpeg 903w, https:\/\/fuentesfidedignas.com.mx\/wp-content\/uploads\/2021\/09\/2AseguramientoAlcoyonqui-300x190.jpeg 300w, https:\/\/fuentesfidedignas.com.mx\/wp-content\/uploads\/2021\/09\/2AseguramientoAlcoyonqui-768x486.jpeg 768w, https:\/\/fuentesfidedignas.com.mx\/wp-content\/uploads\/2021\/09\/2AseguramientoAlcoyonqui-696x440.jpeg 696w, https:\/\/fuentesfidedignas.com.mx\/wp-content\/uploads\/2021\/09\/2AseguramientoAlcoyonqui-664x420.jpeg 664w\" sizes=\"(max-width: 903px) 100vw, 903px\" \/><\/figure>\n\n\n\n<p>Los uniformados realizaban recorridos preventivos y de seguridad en las inmediaciones de Alcoyonqui cuando, al circular por una brecha de terracer\u00eda que conduce hacia el poblado El Canario observaron un veh\u00edculo en aparente estado de abandono por lo que se acercaron a inspeccionar.&nbsp;<\/p>\n\n\n\n<p>Al solicitar informaci\u00f3n de la camioneta de la marca Nissan, l\u00ednea Kicks, Plataforma M\u00e9xico arroj\u00f3 que cuenta con reporte de robo por lo que, con esta informaci\u00f3n y al no tener conductor, se inspeccion\u00f3 la unidad en cuyo interior fueron localizadas dos armas de fuego tipo fusil, ambas con sus respectivos cargadores abastecidos, adem\u00e1s hab\u00eda equipo t\u00e1ctico como chalecos y cascos.&nbsp;<\/p>\n\n\n\n<p>Lo anterior fue asegurado y trasladado para ser puesto a disposici\u00f3n de las autoridades investigadoras correspondientes.&nbsp;<\/p>\n\n\n\n<p>Cabe se\u00f1alar que se ampli\u00f3 el per\u00edmetro de b\u00fasqueda por la zona para tratar de dar con los presuntos responsables.&nbsp;<\/p>\n\n\n\n<p>La Secretar\u00eda de Seguridad P\u00fablica de Sinaloa reitera su compromiso de trabajar en beneficio de la sociedad sinaloense.<\/p>\n\n\n\n<figure class=\"wp-block-image size-large\"><img decoding=\"async\" width=\"1024\" height=\"768\" src=\"https:\/\/fuentesfidedignas.com.mx\/wp-content\/uploads\/2021\/09\/3AseguramientoAlcoyonqui-1024x768.jpeg\" alt=\"\" class=\"wp-image-12545\" srcset=\"https:\/\/fuentesfidedignas.com.mx\/wp-content\/uploads\/2021\/09\/3AseguramientoAlcoyonqui-1024x768.jpeg 1024w, https:\/\/fuentesfidedignas.com.mx\/wp-content\/uploads\/2021\/09\/3AseguramientoAlcoyonqui-300x225.jpeg 300w, https:\/\/fuentesfidedignas.com.mx\/wp-content\/uploads\/2021\/09\/3AseguramientoAlcoyonqui-768x576.jpeg 768w, https:\/\/fuentesfidedignas.com.mx\/wp-content\/uploads\/2021\/09\/3AseguramientoAlcoyonqui-1536x1153.jpeg 1536w, https:\/\/fuentesfidedignas.com.mx\/wp-content\/uploads\/2021\/09\/3AseguramientoAlcoyonqui-696x522.jpeg 696w, https:\/\/fuentesfidedignas.com.mx\/wp-content\/uploads\/2021\/09\/3AseguramientoAlcoyonqui-1068x802.jpeg 1068w, https:\/\/fuentesfidedignas.com.mx\/wp-content\/uploads\/2021\/09\/3AseguramientoAlcoyonqui-560x420.jpeg 560w, https:\/\/fuentesfidedignas.com.mx\/wp-content\/uploads\/2021\/09\/3AseguramientoAlcoyonqui-80x60.jpeg 80w, https:\/\/fuentesfidedignas.com.mx\/wp-content\/uploads\/2021\/09\/3AseguramientoAlcoyonqui-265x198.jpeg 265w, https:\/\/fuentesfidedignas.com.mx\/wp-content\/uploads\/2021\/09\/3AseguramientoAlcoyonqui.jpeg 1599w\" sizes=\"(max-width: 1024px) 100vw, 1024px\" \/><\/figure>\n","protected":false},"excerpt":{"rendered":"<p>Los efectivos realizaban recorridos de prevenci\u00f3n y seguridad rutinarios Culiac\u00e1n, Sinaloa.- El aseguramiento de armas largas, equipo t\u00e1ctico y un veh\u00edculo robado, fue el resultado de un operativo conjunto entre elementos de la Secretar\u00eda de la Defensa Nacional y del Grupo \u00c9lite de la Polic\u00eda Estatal Preventiva, en el municipio de Culiac\u00e1n.\u00a0 Los uniformados realizaban [&hellip;]<\/p>\n","protected":false},"author":4,"featured_media":0,"comment_status":"open","ping_status":"open","sticky":false,"template":"","format":"standard","meta":{"tdm_status":"","tdm_grid_status":"","footnotes":""},"categories":[38,1],"tags":[],"class_list":{"0":"post-12542","1":"post","2":"type-post","3":"status-publish","4":"format-standard","6":"category-noticias-locales","7":"category-sin-categoria"},"yoast_head":"<!-- This site is optimized with the Yoast SEO plugin v27.5 - https:\/\/yoast.com\/product\/yoast-seo-wordpress\/ -->\n<title>Fusiles de alto poder, equipo t\u00e1ctico y un veh\u00edculo robado, lo asegurado por Sedena y PEP tras operativo en Alcoyonqui - Fuentes Fidedignas<\/title>\n<meta name=\"robots\" content=\"index, follow, max-snippet:-1, max-image-preview:large, max-video-preview:-1\" \/>\n<link rel=\"canonical\" href=\"https:\/\/fuentesfidedignas.com.mx\/index.php\/2021\/09\/14\/fusiles-de-alto-poder-equipo-tactico-y-un-vehiculo-robado-lo-asegurado-por-sedena-y-pep-tras-operativo-en-alcoyonqui\/\" \/>\n<meta property=\"og:locale\" content=\"es_MX\" \/>\n<meta property=\"og:type\" content=\"article\" \/>\n<meta property=\"og:title\" content=\"Fusiles de alto poder, equipo t\u00e1ctico y un veh\u00edculo robado, lo asegurado por Sedena y PEP tras operativo en Alcoyonqui - Fuentes Fidedignas\" \/>\n<meta property=\"og:description\" content=\"Los efectivos realizaban recorridos de prevenci\u00f3n y seguridad rutinarios Culiac\u00e1n, Sinaloa.- El aseguramiento de armas largas, equipo t\u00e1ctico y un veh\u00edculo robado, fue el resultado de un operativo conjunto entre elementos de la Secretar\u00eda de la Defensa Nacional y del Grupo \u00c9lite de la Polic\u00eda Estatal Preventiva, en el municipio de Culiac\u00e1n.\u00a0 Los uniformados realizaban [&hellip;]\" \/>\n<meta property=\"og:url\" content=\"https:\/\/fuentesfidedignas.com.mx\/index.php\/2021\/09\/14\/fusiles-de-alto-poder-equipo-tactico-y-un-vehiculo-robado-lo-asegurado-por-sedena-y-pep-tras-operativo-en-alcoyonqui\/\" \/>\n<meta property=\"og:site_name\" content=\"Fuentes Fidedignas\" \/>\n<meta property=\"article:publisher\" content=\"https:\/\/www.facebook.com\/Fuentes-Fidedignas-368234489921644\" \/>\n<meta property=\"article:published_time\" content=\"2021-09-14T17:07:14+00:00\" \/>\n<meta property=\"article:modified_time\" content=\"2021-09-14T17:08:26+00:00\" \/>\n<meta property=\"og:image\" content=\"https:\/\/fuentesfidedignas.com.mx\/wp-content\/uploads\/2021\/09\/1AseguramientoAlcoyonqui.jpeg\" \/>\n\t<meta property=\"og:image:width\" content=\"1600\" \/>\n\t<meta property=\"og:image:height\" content=\"900\" \/>\n\t<meta property=\"og:image:type\" content=\"image\/jpeg\" \/>\n<meta name=\"author\" content=\"Redacci\u00f3n\" \/>\n<meta name=\"twitter:card\" content=\"summary_large_image\" \/>\n<meta name=\"twitter:creator\" content=\"@fidedignas\" \/>\n<meta name=\"twitter:site\" content=\"@fidedignas\" \/>\n<meta name=\"twitter:label1\" content=\"Escrito por\" \/>\n\t<meta name=\"twitter:data1\" content=\"Redacci\u00f3n\" \/>\n\t<meta name=\"twitter:label2\" content=\"Tiempo de lectura\" \/>\n\t<meta name=\"twitter:data2\" content=\"2 minutos\" \/>\n<script type=\"application\/ld+json\" class=\"yoast-schema-graph\">{\"@context\":\"https:\\\/\\\/schema.org\",\"@graph\":[{\"@type\":\"Article\",\"@id\":\"https:\\\/\\\/fuentesfidedignas.com.mx\\\/index.php\\\/2021\\\/09\\\/14\\\/fusiles-de-alto-poder-equipo-tactico-y-un-vehiculo-robado-lo-asegurado-por-sedena-y-pep-tras-operativo-en-alcoyonqui\\\/#article\",\"isPartOf\":{\"@id\":\"https:\\\/\\\/fuentesfidedignas.com.mx\\\/index.php\\\/2021\\\/09\\\/14\\\/fusiles-de-alto-poder-equipo-tactico-y-un-vehiculo-robado-lo-asegurado-por-sedena-y-pep-tras-operativo-en-alcoyonqui\\\/\"},\"author\":{\"name\":\"Redacci\u00f3n\",\"@id\":\"https:\\\/\\\/fuentesfidedignas.com.mx\\\/#\\\/schema\\\/person\\\/331be9283d37198e2acd5750279085b0\"},\"headline\":\"Fusiles de alto poder, equipo t\u00e1ctico y un veh\u00edculo robado, lo asegurado por Sedena y PEP tras operativo en Alcoyonqui\",\"datePublished\":\"2021-09-14T17:07:14+00:00\",\"dateModified\":\"2021-09-14T17:08:26+00:00\",\"mainEntityOfPage\":{\"@id\":\"https:\\\/\\\/fuentesfidedignas.com.mx\\\/index.php\\\/2021\\\/09\\\/14\\\/fusiles-de-alto-poder-equipo-tactico-y-un-vehiculo-robado-lo-asegurado-por-sedena-y-pep-tras-operativo-en-alcoyonqui\\\/\"},\"wordCount\":259,\"commentCount\":0,\"publisher\":{\"@id\":\"https:\\\/\\\/fuentesfidedignas.com.mx\\\/#organization\"},\"image\":{\"@id\":\"https:\\\/\\\/fuentesfidedignas.com.mx\\\/index.php\\\/2021\\\/09\\\/14\\\/fusiles-de-alto-poder-equipo-tactico-y-un-vehiculo-robado-lo-asegurado-por-sedena-y-pep-tras-operativo-en-alcoyonqui\\\/#primaryimage\"},\"thumbnailUrl\":\"https:\\\/\\\/fuentesfidedignas.com.mx\\\/wp-content\\\/uploads\\\/2021\\\/09\\\/2AseguramientoAlcoyonqui.jpeg\",\"articleSection\":[\"NOTICIAS LOCALES\"],\"inLanguage\":\"es\",\"potentialAction\":[{\"@type\":\"CommentAction\",\"name\":\"Comment\",\"target\":[\"https:\\\/\\\/fuentesfidedignas.com.mx\\\/index.php\\\/2021\\\/09\\\/14\\\/fusiles-de-alto-poder-equipo-tactico-y-un-vehiculo-robado-lo-asegurado-por-sedena-y-pep-tras-operativo-en-alcoyonqui\\\/#respond\"]}]},{\"@type\":\"WebPage\",\"@id\":\"https:\\\/\\\/fuentesfidedignas.com.mx\\\/index.php\\\/2021\\\/09\\\/14\\\/fusiles-de-alto-poder-equipo-tactico-y-un-vehiculo-robado-lo-asegurado-por-sedena-y-pep-tras-operativo-en-alcoyonqui\\\/\",\"url\":\"https:\\\/\\\/fuentesfidedignas.com.mx\\\/index.php\\\/2021\\\/09\\\/14\\\/fusiles-de-alto-poder-equipo-tactico-y-un-vehiculo-robado-lo-asegurado-por-sedena-y-pep-tras-operativo-en-alcoyonqui\\\/\",\"name\":\"Fusiles de alto poder, equipo t\u00e1ctico y un veh\u00edculo robado, lo asegurado por Sedena y PEP tras operativo en Alcoyonqui - Fuentes Fidedignas\",\"isPartOf\":{\"@id\":\"https:\\\/\\\/fuentesfidedignas.com.mx\\\/#website\"},\"primaryImageOfPage\":{\"@id\":\"https:\\\/\\\/fuentesfidedignas.com.mx\\\/index.php\\\/2021\\\/09\\\/14\\\/fusiles-de-alto-poder-equipo-tactico-y-un-vehiculo-robado-lo-asegurado-por-sedena-y-pep-tras-operativo-en-alcoyonqui\\\/#primaryimage\"},\"image\":{\"@id\":\"https:\\\/\\\/fuentesfidedignas.com.mx\\\/index.php\\\/2021\\\/09\\\/14\\\/fusiles-de-alto-poder-equipo-tactico-y-un-vehiculo-robado-lo-asegurado-por-sedena-y-pep-tras-operativo-en-alcoyonqui\\\/#primaryimage\"},\"thumbnailUrl\":\"https:\\\/\\\/fuentesfidedignas.com.mx\\\/wp-content\\\/uploads\\\/2021\\\/09\\\/2AseguramientoAlcoyonqui.jpeg\",\"datePublished\":\"2021-09-14T17:07:14+00:00\",\"dateModified\":\"2021-09-14T17:08:26+00:00\",\"breadcrumb\":{\"@id\":\"https:\\\/\\\/fuentesfidedignas.com.mx\\\/index.php\\\/2021\\\/09\\\/14\\\/fusiles-de-alto-poder-equipo-tactico-y-un-vehiculo-robado-lo-asegurado-por-sedena-y-pep-tras-operativo-en-alcoyonqui\\\/#breadcrumb\"},\"inLanguage\":\"es\",\"potentialAction\":[{\"@type\":\"ReadAction\",\"target\":[\"https:\\\/\\\/fuentesfidedignas.com.mx\\\/index.php\\\/2021\\\/09\\\/14\\\/fusiles-de-alto-poder-equipo-tactico-y-un-vehiculo-robado-lo-asegurado-por-sedena-y-pep-tras-operativo-en-alcoyonqui\\\/\"]}]},{\"@type\":\"ImageObject\",\"inLanguage\":\"es\",\"@id\":\"https:\\\/\\\/fuentesfidedignas.com.mx\\\/index.php\\\/2021\\\/09\\\/14\\\/fusiles-de-alto-poder-equipo-tactico-y-un-vehiculo-robado-lo-asegurado-por-sedena-y-pep-tras-operativo-en-alcoyonqui\\\/#primaryimage\",\"url\":\"https:\\\/\\\/fuentesfidedignas.com.mx\\\/wp-content\\\/uploads\\\/2021\\\/09\\\/2AseguramientoAlcoyonqui.jpeg\",\"contentUrl\":\"https:\\\/\\\/fuentesfidedignas.com.mx\\\/wp-content\\\/uploads\\\/2021\\\/09\\\/2AseguramientoAlcoyonqui.jpeg\",\"width\":903,\"height\":571},{\"@type\":\"BreadcrumbList\",\"@id\":\"https:\\\/\\\/fuentesfidedignas.com.mx\\\/index.php\\\/2021\\\/09\\\/14\\\/fusiles-de-alto-poder-equipo-tactico-y-un-vehiculo-robado-lo-asegurado-por-sedena-y-pep-tras-operativo-en-alcoyonqui\\\/#breadcrumb\",\"itemListElement\":[{\"@type\":\"ListItem\",\"position\":1,\"name\":\"Inicio\",\"item\":\"https:\\\/\\\/fuentesfidedignas.com.mx\\\/\"},{\"@type\":\"ListItem\",\"position\":2,\"name\":\"Fusiles de alto poder, equipo t\u00e1ctico y un veh\u00edculo robado, lo asegurado por Sedena y PEP tras operativo en Alcoyonqui\"}]},{\"@type\":\"WebSite\",\"@id\":\"https:\\\/\\\/fuentesfidedignas.com.mx\\\/#website\",\"url\":\"https:\\\/\\\/fuentesfidedignas.com.mx\\\/\",\"name\":\"Fuentes Fidedignas\",\"description\":\"Otro sitio realizado con WordPress\",\"publisher\":{\"@id\":\"https:\\\/\\\/fuentesfidedignas.com.mx\\\/#organization\"},\"potentialAction\":[{\"@type\":\"SearchAction\",\"target\":{\"@type\":\"EntryPoint\",\"urlTemplate\":\"https:\\\/\\\/fuentesfidedignas.com.mx\\\/?s={search_term_string}\"},\"query-input\":{\"@type\":\"PropertyValueSpecification\",\"valueRequired\":true,\"valueName\":\"search_term_string\"}}],\"inLanguage\":\"es\"},{\"@type\":\"Organization\",\"@id\":\"https:\\\/\\\/fuentesfidedignas.com.mx\\\/#organization\",\"name\":\"Fuentes Fidedignas\",\"url\":\"https:\\\/\\\/fuentesfidedignas.com.mx\\\/\",\"logo\":{\"@type\":\"ImageObject\",\"inLanguage\":\"es\",\"@id\":\"https:\\\/\\\/fuentesfidedignas.com.mx\\\/#\\\/schema\\\/logo\\\/image\\\/\",\"url\":\"https:\\\/\\\/fuentesfidedignas.com.mx\\\/wp-content\\\/uploads\\\/2021\\\/04\\\/logo-retina.png\",\"contentUrl\":\"https:\\\/\\\/fuentesfidedignas.com.mx\\\/wp-content\\\/uploads\\\/2021\\\/04\\\/logo-retina.png\",\"width\":280,\"height\":51,\"caption\":\"Fuentes Fidedignas\"},\"image\":{\"@id\":\"https:\\\/\\\/fuentesfidedignas.com.mx\\\/#\\\/schema\\\/logo\\\/image\\\/\"},\"sameAs\":[\"https:\\\/\\\/www.facebook.com\\\/Fuentes-Fidedignas-368234489921644\",\"https:\\\/\\\/x.com\\\/fidedignas\"]},{\"@type\":\"Person\",\"@id\":\"https:\\\/\\\/fuentesfidedignas.com.mx\\\/#\\\/schema\\\/person\\\/331be9283d37198e2acd5750279085b0\",\"name\":\"Redacci\u00f3n\",\"image\":{\"@type\":\"ImageObject\",\"inLanguage\":\"es\",\"@id\":\"https:\\\/\\\/secure.gravatar.com\\\/avatar\\\/f6d8782c11d12b2d4ad3fbb6931aeab5309937a4d6cd2fc9cfaa28a6396a5aec?s=96&d=mm&r=g\",\"url\":\"https:\\\/\\\/secure.gravatar.com\\\/avatar\\\/f6d8782c11d12b2d4ad3fbb6931aeab5309937a4d6cd2fc9cfaa28a6396a5aec?s=96&d=mm&r=g\",\"contentUrl\":\"https:\\\/\\\/secure.gravatar.com\\\/avatar\\\/f6d8782c11d12b2d4ad3fbb6931aeab5309937a4d6cd2fc9cfaa28a6396a5aec?s=96&d=mm&r=g\",\"caption\":\"Redacci\u00f3n\"},\"url\":\"https:\\\/\\\/fuentesfidedignas.com.mx\\\/index.php\\\/author\\\/redaccion\\\/\"}]}<\/script>\n<!-- \/ Yoast SEO plugin. -->","yoast_head_json":{"title":"Fusiles de alto poder, equipo t\u00e1ctico y un veh\u00edculo robado, lo asegurado por Sedena y PEP tras operativo en Alcoyonqui - Fuentes Fidedignas","robots":{"index":"index","follow":"follow","max-snippet":"max-snippet:-1","max-image-preview":"max-image-preview:large","max-video-preview":"max-video-preview:-1"},"canonical":"https:\/\/fuentesfidedignas.com.mx\/index.php\/2021\/09\/14\/fusiles-de-alto-poder-equipo-tactico-y-un-vehiculo-robado-lo-asegurado-por-sedena-y-pep-tras-operativo-en-alcoyonqui\/","og_locale":"es_MX","og_type":"article","og_title":"Fusiles de alto poder, equipo t\u00e1ctico y un veh\u00edculo robado, lo asegurado por Sedena y PEP tras operativo en Alcoyonqui - Fuentes Fidedignas","og_description":"Los efectivos realizaban recorridos de prevenci\u00f3n y seguridad rutinarios Culiac\u00e1n, Sinaloa.- El aseguramiento de armas largas, equipo t\u00e1ctico y un veh\u00edculo robado, fue el resultado de un operativo conjunto entre elementos de la Secretar\u00eda de la Defensa Nacional y del Grupo \u00c9lite de la Polic\u00eda Estatal Preventiva, en el municipio de Culiac\u00e1n.\u00a0 Los uniformados realizaban [&hellip;]","og_url":"https:\/\/fuentesfidedignas.com.mx\/index.php\/2021\/09\/14\/fusiles-de-alto-poder-equipo-tactico-y-un-vehiculo-robado-lo-asegurado-por-sedena-y-pep-tras-operativo-en-alcoyonqui\/","og_site_name":"Fuentes Fidedignas","article_publisher":"https:\/\/www.facebook.com\/Fuentes-Fidedignas-368234489921644","article_published_time":"2021-09-14T17:07:14+00:00","article_modified_time":"2021-09-14T17:08:26+00:00","og_image":[{"width":1600,"height":900,"url":"https:\/\/fuentesfidedignas.com.mx\/wp-content\/uploads\/2021\/09\/1AseguramientoAlcoyonqui.jpeg","type":"image\/jpeg"}],"author":"Redacci\u00f3n","twitter_card":"summary_large_image","twitter_creator":"@fidedignas","twitter_site":"@fidedignas","twitter_misc":{"Escrito por":"Redacci\u00f3n","Tiempo de lectura":"2 minutos"},"schema":{"@context":"https:\/\/schema.org","@graph":[{"@type":"Article","@id":"https:\/\/fuentesfidedignas.com.mx\/index.php\/2021\/09\/14\/fusiles-de-alto-poder-equipo-tactico-y-un-vehiculo-robado-lo-asegurado-por-sedena-y-pep-tras-operativo-en-alcoyonqui\/#article","isPartOf":{"@id":"https:\/\/fuentesfidedignas.com.mx\/index.php\/2021\/09\/14\/fusiles-de-alto-poder-equipo-tactico-y-un-vehiculo-robado-lo-asegurado-por-sedena-y-pep-tras-operativo-en-alcoyonqui\/"},"author":{"name":"Redacci\u00f3n","@id":"https:\/\/fuentesfidedignas.com.mx\/#\/schema\/person\/331be9283d37198e2acd5750279085b0"},"headline":"Fusiles de alto poder, equipo t\u00e1ctico y un veh\u00edculo robado, lo asegurado por Sedena y PEP tras operativo en Alcoyonqui","datePublished":"2021-09-14T17:07:14+00:00","dateModified":"2021-09-14T17:08:26+00:00","mainEntityOfPage":{"@id":"https:\/\/fuentesfidedignas.com.mx\/index.php\/2021\/09\/14\/fusiles-de-alto-poder-equipo-tactico-y-un-vehiculo-robado-lo-asegurado-por-sedena-y-pep-tras-operativo-en-alcoyonqui\/"},"wordCount":259,"commentCount":0,"publisher":{"@id":"https:\/\/fuentesfidedignas.com.mx\/#organization"},"image":{"@id":"https:\/\/fuentesfidedignas.com.mx\/index.php\/2021\/09\/14\/fusiles-de-alto-poder-equipo-tactico-y-un-vehiculo-robado-lo-asegurado-por-sedena-y-pep-tras-operativo-en-alcoyonqui\/#primaryimage"},"thumbnailUrl":"https:\/\/fuentesfidedignas.com.mx\/wp-content\/uploads\/2021\/09\/2AseguramientoAlcoyonqui.jpeg","articleSection":["NOTICIAS LOCALES"],"inLanguage":"es","potentialAction":[{"@type":"CommentAction","name":"Comment","target":["https:\/\/fuentesfidedignas.com.mx\/index.php\/2021\/09\/14\/fusiles-de-alto-poder-equipo-tactico-y-un-vehiculo-robado-lo-asegurado-por-sedena-y-pep-tras-operativo-en-alcoyonqui\/#respond"]}]},{"@type":"WebPage","@id":"https:\/\/fuentesfidedignas.com.mx\/index.php\/2021\/09\/14\/fusiles-de-alto-poder-equipo-tactico-y-un-vehiculo-robado-lo-asegurado-por-sedena-y-pep-tras-operativo-en-alcoyonqui\/","url":"https:\/\/fuentesfidedignas.com.mx\/index.php\/2021\/09\/14\/fusiles-de-alto-poder-equipo-tactico-y-un-vehiculo-robado-lo-asegurado-por-sedena-y-pep-tras-operativo-en-alcoyonqui\/","name":"Fusiles de alto poder, equipo t\u00e1ctico y un veh\u00edculo robado, lo asegurado por Sedena y PEP tras operativo en Alcoyonqui - Fuentes Fidedignas","isPartOf":{"@id":"https:\/\/fuentesfidedignas.com.mx\/#website"},"primaryImageOfPage":{"@id":"https:\/\/fuentesfidedignas.com.mx\/index.php\/2021\/09\/14\/fusiles-de-alto-poder-equipo-tactico-y-un-vehiculo-robado-lo-asegurado-por-sedena-y-pep-tras-operativo-en-alcoyonqui\/#primaryimage"},"image":{"@id":"https:\/\/fuentesfidedignas.com.mx\/index.php\/2021\/09\/14\/fusiles-de-alto-poder-equipo-tactico-y-un-vehiculo-robado-lo-asegurado-por-sedena-y-pep-tras-operativo-en-alcoyonqui\/#primaryimage"},"thumbnailUrl":"https:\/\/fuentesfidedignas.com.mx\/wp-content\/uploads\/2021\/09\/2AseguramientoAlcoyonqui.jpeg","datePublished":"2021-09-14T17:07:14+00:00","dateModified":"2021-09-14T17:08:26+00:00","breadcrumb":{"@id":"https:\/\/fuentesfidedignas.com.mx\/index.php\/2021\/09\/14\/fusiles-de-alto-poder-equipo-tactico-y-un-vehiculo-robado-lo-asegurado-por-sedena-y-pep-tras-operativo-en-alcoyonqui\/#breadcrumb"},"inLanguage":"es","potentialAction":[{"@type":"ReadAction","target":["https:\/\/fuentesfidedignas.com.mx\/index.php\/2021\/09\/14\/fusiles-de-alto-poder-equipo-tactico-y-un-vehiculo-robado-lo-asegurado-por-sedena-y-pep-tras-operativo-en-alcoyonqui\/"]}]},{"@type":"ImageObject","inLanguage":"es","@id":"https:\/\/fuentesfidedignas.com.mx\/index.php\/2021\/09\/14\/fusiles-de-alto-poder-equipo-tactico-y-un-vehiculo-robado-lo-asegurado-por-sedena-y-pep-tras-operativo-en-alcoyonqui\/#primaryimage","url":"https:\/\/fuentesfidedignas.com.mx\/wp-content\/uploads\/2021\/09\/2AseguramientoAlcoyonqui.jpeg","contentUrl":"https:\/\/fuentesfidedignas.com.mx\/wp-content\/uploads\/2021\/09\/2AseguramientoAlcoyonqui.jpeg","width":903,"height":571},{"@type":"BreadcrumbList","@id":"https:\/\/fuentesfidedignas.com.mx\/index.php\/2021\/09\/14\/fusiles-de-alto-poder-equipo-tactico-y-un-vehiculo-robado-lo-asegurado-por-sedena-y-pep-tras-operativo-en-alcoyonqui\/#breadcrumb","itemListElement":[{"@type":"ListItem","position":1,"name":"Inicio","item":"https:\/\/fuentesfidedignas.com.mx\/"},{"@type":"ListItem","position":2,"name":"Fusiles de alto poder, equipo t\u00e1ctico y un veh\u00edculo robado, lo asegurado por Sedena y PEP tras operativo en Alcoyonqui"}]},{"@type":"WebSite","@id":"https:\/\/fuentesfidedignas.com.mx\/#website","url":"https:\/\/fuentesfidedignas.com.mx\/","name":"Fuentes Fidedignas","description":"Otro sitio realizado con WordPress","publisher":{"@id":"https:\/\/fuentesfidedignas.com.mx\/#organization"},"potentialAction":[{"@type":"SearchAction","target":{"@type":"EntryPoint","urlTemplate":"https:\/\/fuentesfidedignas.com.mx\/?s={search_term_string}"},"query-input":{"@type":"PropertyValueSpecification","valueRequired":true,"valueName":"search_term_string"}}],"inLanguage":"es"},{"@type":"Organization","@id":"https:\/\/fuentesfidedignas.com.mx\/#organization","name":"Fuentes Fidedignas","url":"https:\/\/fuentesfidedignas.com.mx\/","logo":{"@type":"ImageObject","inLanguage":"es","@id":"https:\/\/fuentesfidedignas.com.mx\/#\/schema\/logo\/image\/","url":"https:\/\/fuentesfidedignas.com.mx\/wp-content\/uploads\/2021\/04\/logo-retina.png","contentUrl":"https:\/\/fuentesfidedignas.com.mx\/wp-content\/uploads\/2021\/04\/logo-retina.png","width":280,"height":51,"caption":"Fuentes Fidedignas"},"image":{"@id":"https:\/\/fuentesfidedignas.com.mx\/#\/schema\/logo\/image\/"},"sameAs":["https:\/\/www.facebook.com\/Fuentes-Fidedignas-368234489921644","https:\/\/x.com\/fidedignas"]},{"@type":"Person","@id":"https:\/\/fuentesfidedignas.com.mx\/#\/schema\/person\/331be9283d37198e2acd5750279085b0","name":"Redacci\u00f3n","image":{"@type":"ImageObject","inLanguage":"es","@id":"https:\/\/secure.gravatar.com\/avatar\/f6d8782c11d12b2d4ad3fbb6931aeab5309937a4d6cd2fc9cfaa28a6396a5aec?s=96&d=mm&r=g","url":"https:\/\/secure.gravatar.com\/avatar\/f6d8782c11d12b2d4ad3fbb6931aeab5309937a4d6cd2fc9cfaa28a6396a5aec?s=96&d=mm&r=g","contentUrl":"https:\/\/secure.gravatar.com\/avatar\/f6d8782c11d12b2d4ad3fbb6931aeab5309937a4d6cd2fc9cfaa28a6396a5aec?s=96&d=mm&r=g","caption":"Redacci\u00f3n"},"url":"https:\/\/fuentesfidedignas.com.mx\/index.php\/author\/redaccion\/"}]}},"_links":{"self":[{"href":"https:\/\/fuentesfidedignas.com.mx\/index.php\/wp-json\/wp\/v2\/posts\/12542","targetHints":{"allow":["GET"]}}],"collection":[{"href":"https:\/\/fuentesfidedignas.com.mx\/index.php\/wp-json\/wp\/v2\/posts"}],"about":[{"href":"https:\/\/fuentesfidedignas.com.mx\/index.php\/wp-json\/wp\/v2\/types\/post"}],"author":[{"embeddable":true,"href":"https:\/\/fuentesfidedignas.com.mx\/index.php\/wp-json\/wp\/v2\/users\/4"}],"replies":[{"embeddable":true,"href":"https:\/\/fuentesfidedignas.com.mx\/index.php\/wp-json\/wp\/v2\/comments?post=12542"}],"version-history":[{"count":1,"href":"https:\/\/fuentesfidedignas.com.mx\/index.php\/wp-json\/wp\/v2\/posts\/12542\/revisions"}],"predecessor-version":[{"id":12546,"href":"https:\/\/fuentesfidedignas.com.mx\/index.php\/wp-json\/wp\/v2\/posts\/12542\/revisions\/12546"}],"wp:attachment":[{"href":"https:\/\/fuentesfidedignas.com.mx\/index.php\/wp-json\/wp\/v2\/media?parent=12542"}],"wp:term":[{"taxonomy":"category","embeddable":true,"href":"https:\/\/fuentesfidedignas.com.mx\/index.php\/wp-json\/wp\/v2\/categories?post=12542"},{"taxonomy":"post_tag","embeddable":true,"href":"https:\/\/fuentesfidedignas.com.mx\/index.php\/wp-json\/wp\/v2\/tags?post=12542"}],"curies":[{"name":"wp","href":"https:\/\/api.w.org\/{rel}","templated":true}]}}