{"id":125402,"date":"2026-01-15T18:19:59","date_gmt":"2026-01-16T01:19:59","guid":{"rendered":"https:\/\/fuentesfidedignas.com.mx\/?p=125402"},"modified":"2026-01-15T18:19:59","modified_gmt":"2026-01-16T01:19:59","slug":"maria-corina-machado-dijo-que-le-presento-a-trump-la-medalla-del-nobel-de-la-paz","status":"publish","type":"post","link":"https:\/\/fuentesfidedignas.com.mx\/index.php\/2026\/01\/15\/maria-corina-machado-dijo-que-le-presento-a-trump-la-medalla-del-nobel-de-la-paz\/","title":{"rendered":"Mar\u00eda Corina Machado dijo que le &#8220;present\u00f3&#8221; a Trump la medalla del Nobel de la Paz"},"content":{"rendered":"\n<p>La l\u00edder opositora venezolana, Mar\u00eda Corina Machado, declar\u00f3 el jueves 15 de enero que present\u00f3 su medalla del Premio Nobel de la Paz al presidente estadounidense Donald Trump, quien ha codiciado ese galard\u00f3n, considerado intransferible por el comit\u00e9 que lo entrega.<\/p>\n\n\n\n<p>\u201cLe present\u00e9 al presidente de Estados Unidos la medalla del Premio Nobel de la Paz\u201d, declar\u00f3 Machado a la prensa frente al Capitolio estadounidense tras su reuni\u00f3n con Trump en la Casa Blanca.<\/p>\n\n\n\n<p>Asimismo, Corina Machado a\u00f1adi\u00f3 dijo Donald Trump para conseguir la libertad de Venezuela, tras la intervenci\u00f3n militar de Washington que culmin\u00f3 con la detenci\u00f3n y el derrocamiento de Nicol\u00e1s Maduro.<\/p>\n\n\n\n<p>\u201cContamos con el presidente Trump para la libertad de Venezuela\u201d,&nbsp;<strong>dijo a un grupo de simpatizantes tras su reuni\u00f3n<\/strong>&nbsp;con el mandatario en la Casa Blanca, seg\u00fan registraron algunos medios de prensa.<\/p>\n","protected":false},"excerpt":{"rendered":"<p>La l\u00edder opositora venezolana, Mar\u00eda Corina Machado, declar\u00f3 el jueves 15 de enero que present\u00f3 su medalla del Premio Nobel de la Paz al presidente estadounidense Donald Trump, quien ha codiciado ese galard\u00f3n, considerado intransferible por el comit\u00e9 que lo entrega. \u201cLe present\u00e9 al presidente de Estados Unidos la medalla del Premio Nobel de la [&hellip;]<\/p>\n","protected":false},"author":12,"featured_media":125401,"comment_status":"closed","ping_status":"open","sticky":false,"template":"","format":"standard","meta":{"tdm_status":"","tdm_grid_status":"","footnotes":""},"categories":[39],"tags":[],"class_list":{"0":"post-125402","1":"post","2":"type-post","3":"status-publish","4":"format-standard","5":"has-post-thumbnail","7":"category-noticias-nacionales"},"yoast_head":"<!-- This site is optimized with the Yoast SEO plugin v27.5 - https:\/\/yoast.com\/product\/yoast-seo-wordpress\/ -->\n<title>Mar\u00eda Corina Machado dijo que le &quot;present\u00f3&quot; a Trump la medalla del Nobel de la Paz - Fuentes Fidedignas<\/title>\n<meta name=\"robots\" content=\"index, follow, max-snippet:-1, max-image-preview:large, max-video-preview:-1\" \/>\n<link rel=\"canonical\" href=\"https:\/\/fuentesfidedignas.com.mx\/index.php\/2026\/01\/15\/maria-corina-machado-dijo-que-le-presento-a-trump-la-medalla-del-nobel-de-la-paz\/\" \/>\n<meta property=\"og:locale\" content=\"es_MX\" \/>\n<meta property=\"og:type\" content=\"article\" \/>\n<meta property=\"og:title\" content=\"Mar\u00eda Corina Machado dijo que le &quot;present\u00f3&quot; a Trump la medalla del Nobel de la Paz - Fuentes Fidedignas\" \/>\n<meta property=\"og:description\" content=\"La l\u00edder opositora venezolana, Mar\u00eda Corina Machado, declar\u00f3 el jueves 15 de enero que present\u00f3 su medalla del Premio Nobel de la Paz al presidente estadounidense Donald Trump, quien ha codiciado ese galard\u00f3n, considerado intransferible por el comit\u00e9 que lo entrega. \u201cLe present\u00e9 al presidente de Estados Unidos la medalla del Premio Nobel de la [&hellip;]\" \/>\n<meta property=\"og:url\" content=\"https:\/\/fuentesfidedignas.com.mx\/index.php\/2026\/01\/15\/maria-corina-machado-dijo-que-le-presento-a-trump-la-medalla-del-nobel-de-la-paz\/\" \/>\n<meta property=\"og:site_name\" content=\"Fuentes Fidedignas\" \/>\n<meta property=\"article:publisher\" content=\"https:\/\/www.facebook.com\/Fuentes-Fidedignas-368234489921644\" \/>\n<meta property=\"article:published_time\" content=\"2026-01-16T01:19:59+00:00\" \/>\n<meta property=\"og:image\" content=\"https:\/\/fuentesfidedignas.com.mx\/wp-content\/uploads\/2026\/01\/img_0596.png\" \/>\n\t<meta property=\"og:image:width\" content=\"480\" \/>\n\t<meta property=\"og:image:height\" content=\"269\" \/>\n\t<meta property=\"og:image:type\" content=\"image\/png\" \/>\n<meta name=\"author\" content=\"AFP\" \/>\n<meta name=\"twitter:card\" content=\"summary_large_image\" \/>\n<meta name=\"twitter:creator\" content=\"@fidedignas\" \/>\n<meta name=\"twitter:site\" content=\"@fidedignas\" \/>\n<meta name=\"twitter:label1\" content=\"Escrito por\" \/>\n\t<meta name=\"twitter:data1\" content=\"AFP\" \/>\n\t<meta name=\"twitter:label2\" content=\"Tiempo de lectura\" \/>\n\t<meta name=\"twitter:data2\" content=\"1 minuto\" \/>\n<script type=\"application\/ld+json\" class=\"yoast-schema-graph\">{\"@context\":\"https:\\\/\\\/schema.org\",\"@graph\":[{\"@type\":\"Article\",\"@id\":\"https:\\\/\\\/fuentesfidedignas.com.mx\\\/index.php\\\/2026\\\/01\\\/15\\\/maria-corina-machado-dijo-que-le-presento-a-trump-la-medalla-del-nobel-de-la-paz\\\/#article\",\"isPartOf\":{\"@id\":\"https:\\\/\\\/fuentesfidedignas.com.mx\\\/index.php\\\/2026\\\/01\\\/15\\\/maria-corina-machado-dijo-que-le-presento-a-trump-la-medalla-del-nobel-de-la-paz\\\/\"},\"author\":{\"name\":\"AFP\",\"@id\":\"https:\\\/\\\/fuentesfidedignas.com.mx\\\/#\\\/schema\\\/person\\\/1827b38c6cf89e1d6cc7d78ca3fae732\"},\"headline\":\"Mar\u00eda Corina Machado dijo que le &#8220;present\u00f3&#8221; a Trump la medalla del Nobel de la Paz\",\"datePublished\":\"2026-01-16T01:19:59+00:00\",\"mainEntityOfPage\":{\"@id\":\"https:\\\/\\\/fuentesfidedignas.com.mx\\\/index.php\\\/2026\\\/01\\\/15\\\/maria-corina-machado-dijo-que-le-presento-a-trump-la-medalla-del-nobel-de-la-paz\\\/\"},\"wordCount\":164,\"publisher\":{\"@id\":\"https:\\\/\\\/fuentesfidedignas.com.mx\\\/#organization\"},\"image\":{\"@id\":\"https:\\\/\\\/fuentesfidedignas.com.mx\\\/index.php\\\/2026\\\/01\\\/15\\\/maria-corina-machado-dijo-que-le-presento-a-trump-la-medalla-del-nobel-de-la-paz\\\/#primaryimage\"},\"thumbnailUrl\":\"https:\\\/\\\/fuentesfidedignas.com.mx\\\/wp-content\\\/uploads\\\/2026\\\/01\\\/img_0596.png\",\"articleSection\":[\"NOTICIAS NACIONALES\"],\"inLanguage\":\"es\"},{\"@type\":\"WebPage\",\"@id\":\"https:\\\/\\\/fuentesfidedignas.com.mx\\\/index.php\\\/2026\\\/01\\\/15\\\/maria-corina-machado-dijo-que-le-presento-a-trump-la-medalla-del-nobel-de-la-paz\\\/\",\"url\":\"https:\\\/\\\/fuentesfidedignas.com.mx\\\/index.php\\\/2026\\\/01\\\/15\\\/maria-corina-machado-dijo-que-le-presento-a-trump-la-medalla-del-nobel-de-la-paz\\\/\",\"name\":\"Mar\u00eda Corina Machado dijo que le \\\"present\u00f3\\\" a Trump la medalla del Nobel de la Paz - Fuentes Fidedignas\",\"isPartOf\":{\"@id\":\"https:\\\/\\\/fuentesfidedignas.com.mx\\\/#website\"},\"primaryImageOfPage\":{\"@id\":\"https:\\\/\\\/fuentesfidedignas.com.mx\\\/index.php\\\/2026\\\/01\\\/15\\\/maria-corina-machado-dijo-que-le-presento-a-trump-la-medalla-del-nobel-de-la-paz\\\/#primaryimage\"},\"image\":{\"@id\":\"https:\\\/\\\/fuentesfidedignas.com.mx\\\/index.php\\\/2026\\\/01\\\/15\\\/maria-corina-machado-dijo-que-le-presento-a-trump-la-medalla-del-nobel-de-la-paz\\\/#primaryimage\"},\"thumbnailUrl\":\"https:\\\/\\\/fuentesfidedignas.com.mx\\\/wp-content\\\/uploads\\\/2026\\\/01\\\/img_0596.png\",\"datePublished\":\"2026-01-16T01:19:59+00:00\",\"breadcrumb\":{\"@id\":\"https:\\\/\\\/fuentesfidedignas.com.mx\\\/index.php\\\/2026\\\/01\\\/15\\\/maria-corina-machado-dijo-que-le-presento-a-trump-la-medalla-del-nobel-de-la-paz\\\/#breadcrumb\"},\"inLanguage\":\"es\",\"potentialAction\":[{\"@type\":\"ReadAction\",\"target\":[\"https:\\\/\\\/fuentesfidedignas.com.mx\\\/index.php\\\/2026\\\/01\\\/15\\\/maria-corina-machado-dijo-que-le-presento-a-trump-la-medalla-del-nobel-de-la-paz\\\/\"]}]},{\"@type\":\"ImageObject\",\"inLanguage\":\"es\",\"@id\":\"https:\\\/\\\/fuentesfidedignas.com.mx\\\/index.php\\\/2026\\\/01\\\/15\\\/maria-corina-machado-dijo-que-le-presento-a-trump-la-medalla-del-nobel-de-la-paz\\\/#primaryimage\",\"url\":\"https:\\\/\\\/fuentesfidedignas.com.mx\\\/wp-content\\\/uploads\\\/2026\\\/01\\\/img_0596.png\",\"contentUrl\":\"https:\\\/\\\/fuentesfidedignas.com.mx\\\/wp-content\\\/uploads\\\/2026\\\/01\\\/img_0596.png\",\"width\":480,\"height\":269},{\"@type\":\"BreadcrumbList\",\"@id\":\"https:\\\/\\\/fuentesfidedignas.com.mx\\\/index.php\\\/2026\\\/01\\\/15\\\/maria-corina-machado-dijo-que-le-presento-a-trump-la-medalla-del-nobel-de-la-paz\\\/#breadcrumb\",\"itemListElement\":[{\"@type\":\"ListItem\",\"position\":1,\"name\":\"Inicio\",\"item\":\"https:\\\/\\\/fuentesfidedignas.com.mx\\\/\"},{\"@type\":\"ListItem\",\"position\":2,\"name\":\"Mar\u00eda Corina Machado dijo que le &#8220;present\u00f3&#8221; a Trump la medalla del Nobel de la Paz\"}]},{\"@type\":\"WebSite\",\"@id\":\"https:\\\/\\\/fuentesfidedignas.com.mx\\\/#website\",\"url\":\"https:\\\/\\\/fuentesfidedignas.com.mx\\\/\",\"name\":\"Fuentes Fidedignas\",\"description\":\"Otro sitio realizado con WordPress\",\"publisher\":{\"@id\":\"https:\\\/\\\/fuentesfidedignas.com.mx\\\/#organization\"},\"potentialAction\":[{\"@type\":\"SearchAction\",\"target\":{\"@type\":\"EntryPoint\",\"urlTemplate\":\"https:\\\/\\\/fuentesfidedignas.com.mx\\\/?s={search_term_string}\"},\"query-input\":{\"@type\":\"PropertyValueSpecification\",\"valueRequired\":true,\"valueName\":\"search_term_string\"}}],\"inLanguage\":\"es\"},{\"@type\":\"Organization\",\"@id\":\"https:\\\/\\\/fuentesfidedignas.com.mx\\\/#organization\",\"name\":\"Fuentes Fidedignas\",\"url\":\"https:\\\/\\\/fuentesfidedignas.com.mx\\\/\",\"logo\":{\"@type\":\"ImageObject\",\"inLanguage\":\"es\",\"@id\":\"https:\\\/\\\/fuentesfidedignas.com.mx\\\/#\\\/schema\\\/logo\\\/image\\\/\",\"url\":\"https:\\\/\\\/fuentesfidedignas.com.mx\\\/wp-content\\\/uploads\\\/2021\\\/04\\\/logo-retina.png\",\"contentUrl\":\"https:\\\/\\\/fuentesfidedignas.com.mx\\\/wp-content\\\/uploads\\\/2021\\\/04\\\/logo-retina.png\",\"width\":280,\"height\":51,\"caption\":\"Fuentes Fidedignas\"},\"image\":{\"@id\":\"https:\\\/\\\/fuentesfidedignas.com.mx\\\/#\\\/schema\\\/logo\\\/image\\\/\"},\"sameAs\":[\"https:\\\/\\\/www.facebook.com\\\/Fuentes-Fidedignas-368234489921644\",\"https:\\\/\\\/x.com\\\/fidedignas\"]},{\"@type\":\"Person\",\"@id\":\"https:\\\/\\\/fuentesfidedignas.com.mx\\\/#\\\/schema\\\/person\\\/1827b38c6cf89e1d6cc7d78ca3fae732\",\"name\":\"AFP\",\"image\":{\"@type\":\"ImageObject\",\"inLanguage\":\"es\",\"@id\":\"https:\\\/\\\/secure.gravatar.com\\\/avatar\\\/236827d2ee9bf15e1ea99e0c1cd1b467cffa55e324d177638d0f8de7950cbae6?s=96&d=mm&r=g\",\"url\":\"https:\\\/\\\/secure.gravatar.com\\\/avatar\\\/236827d2ee9bf15e1ea99e0c1cd1b467cffa55e324d177638d0f8de7950cbae6?s=96&d=mm&r=g\",\"contentUrl\":\"https:\\\/\\\/secure.gravatar.com\\\/avatar\\\/236827d2ee9bf15e1ea99e0c1cd1b467cffa55e324d177638d0f8de7950cbae6?s=96&d=mm&r=g\",\"caption\":\"AFP\"},\"url\":\"https:\\\/\\\/fuentesfidedignas.com.mx\\\/index.php\\\/author\\\/afp\\\/\"}]}<\/script>\n<!-- \/ Yoast SEO plugin. -->","yoast_head_json":{"title":"Mar\u00eda Corina Machado dijo que le \"present\u00f3\" a Trump la medalla del Nobel de la Paz - Fuentes Fidedignas","robots":{"index":"index","follow":"follow","max-snippet":"max-snippet:-1","max-image-preview":"max-image-preview:large","max-video-preview":"max-video-preview:-1"},"canonical":"https:\/\/fuentesfidedignas.com.mx\/index.php\/2026\/01\/15\/maria-corina-machado-dijo-que-le-presento-a-trump-la-medalla-del-nobel-de-la-paz\/","og_locale":"es_MX","og_type":"article","og_title":"Mar\u00eda Corina Machado dijo que le \"present\u00f3\" a Trump la medalla del Nobel de la Paz - Fuentes Fidedignas","og_description":"La l\u00edder opositora venezolana, Mar\u00eda Corina Machado, declar\u00f3 el jueves 15 de enero que present\u00f3 su medalla del Premio Nobel de la Paz al presidente estadounidense Donald Trump, quien ha codiciado ese galard\u00f3n, considerado intransferible por el comit\u00e9 que lo entrega. \u201cLe present\u00e9 al presidente de Estados Unidos la medalla del Premio Nobel de la [&hellip;]","og_url":"https:\/\/fuentesfidedignas.com.mx\/index.php\/2026\/01\/15\/maria-corina-machado-dijo-que-le-presento-a-trump-la-medalla-del-nobel-de-la-paz\/","og_site_name":"Fuentes Fidedignas","article_publisher":"https:\/\/www.facebook.com\/Fuentes-Fidedignas-368234489921644","article_published_time":"2026-01-16T01:19:59+00:00","og_image":[{"width":480,"height":269,"url":"https:\/\/fuentesfidedignas.com.mx\/wp-content\/uploads\/2026\/01\/img_0596.png","type":"image\/png"}],"author":"AFP","twitter_card":"summary_large_image","twitter_creator":"@fidedignas","twitter_site":"@fidedignas","twitter_misc":{"Escrito por":"AFP","Tiempo de lectura":"1 minuto"},"schema":{"@context":"https:\/\/schema.org","@graph":[{"@type":"Article","@id":"https:\/\/fuentesfidedignas.com.mx\/index.php\/2026\/01\/15\/maria-corina-machado-dijo-que-le-presento-a-trump-la-medalla-del-nobel-de-la-paz\/#article","isPartOf":{"@id":"https:\/\/fuentesfidedignas.com.mx\/index.php\/2026\/01\/15\/maria-corina-machado-dijo-que-le-presento-a-trump-la-medalla-del-nobel-de-la-paz\/"},"author":{"name":"AFP","@id":"https:\/\/fuentesfidedignas.com.mx\/#\/schema\/person\/1827b38c6cf89e1d6cc7d78ca3fae732"},"headline":"Mar\u00eda Corina Machado dijo que le &#8220;present\u00f3&#8221; a Trump la medalla del Nobel de la Paz","datePublished":"2026-01-16T01:19:59+00:00","mainEntityOfPage":{"@id":"https:\/\/fuentesfidedignas.com.mx\/index.php\/2026\/01\/15\/maria-corina-machado-dijo-que-le-presento-a-trump-la-medalla-del-nobel-de-la-paz\/"},"wordCount":164,"publisher":{"@id":"https:\/\/fuentesfidedignas.com.mx\/#organization"},"image":{"@id":"https:\/\/fuentesfidedignas.com.mx\/index.php\/2026\/01\/15\/maria-corina-machado-dijo-que-le-presento-a-trump-la-medalla-del-nobel-de-la-paz\/#primaryimage"},"thumbnailUrl":"https:\/\/fuentesfidedignas.com.mx\/wp-content\/uploads\/2026\/01\/img_0596.png","articleSection":["NOTICIAS NACIONALES"],"inLanguage":"es"},{"@type":"WebPage","@id":"https:\/\/fuentesfidedignas.com.mx\/index.php\/2026\/01\/15\/maria-corina-machado-dijo-que-le-presento-a-trump-la-medalla-del-nobel-de-la-paz\/","url":"https:\/\/fuentesfidedignas.com.mx\/index.php\/2026\/01\/15\/maria-corina-machado-dijo-que-le-presento-a-trump-la-medalla-del-nobel-de-la-paz\/","name":"Mar\u00eda Corina Machado dijo que le \"present\u00f3\" a Trump la medalla del Nobel de la Paz - Fuentes Fidedignas","isPartOf":{"@id":"https:\/\/fuentesfidedignas.com.mx\/#website"},"primaryImageOfPage":{"@id":"https:\/\/fuentesfidedignas.com.mx\/index.php\/2026\/01\/15\/maria-corina-machado-dijo-que-le-presento-a-trump-la-medalla-del-nobel-de-la-paz\/#primaryimage"},"image":{"@id":"https:\/\/fuentesfidedignas.com.mx\/index.php\/2026\/01\/15\/maria-corina-machado-dijo-que-le-presento-a-trump-la-medalla-del-nobel-de-la-paz\/#primaryimage"},"thumbnailUrl":"https:\/\/fuentesfidedignas.com.mx\/wp-content\/uploads\/2026\/01\/img_0596.png","datePublished":"2026-01-16T01:19:59+00:00","breadcrumb":{"@id":"https:\/\/fuentesfidedignas.com.mx\/index.php\/2026\/01\/15\/maria-corina-machado-dijo-que-le-presento-a-trump-la-medalla-del-nobel-de-la-paz\/#breadcrumb"},"inLanguage":"es","potentialAction":[{"@type":"ReadAction","target":["https:\/\/fuentesfidedignas.com.mx\/index.php\/2026\/01\/15\/maria-corina-machado-dijo-que-le-presento-a-trump-la-medalla-del-nobel-de-la-paz\/"]}]},{"@type":"ImageObject","inLanguage":"es","@id":"https:\/\/fuentesfidedignas.com.mx\/index.php\/2026\/01\/15\/maria-corina-machado-dijo-que-le-presento-a-trump-la-medalla-del-nobel-de-la-paz\/#primaryimage","url":"https:\/\/fuentesfidedignas.com.mx\/wp-content\/uploads\/2026\/01\/img_0596.png","contentUrl":"https:\/\/fuentesfidedignas.com.mx\/wp-content\/uploads\/2026\/01\/img_0596.png","width":480,"height":269},{"@type":"BreadcrumbList","@id":"https:\/\/fuentesfidedignas.com.mx\/index.php\/2026\/01\/15\/maria-corina-machado-dijo-que-le-presento-a-trump-la-medalla-del-nobel-de-la-paz\/#breadcrumb","itemListElement":[{"@type":"ListItem","position":1,"name":"Inicio","item":"https:\/\/fuentesfidedignas.com.mx\/"},{"@type":"ListItem","position":2,"name":"Mar\u00eda Corina Machado dijo que le &#8220;present\u00f3&#8221; a Trump la medalla del Nobel de la Paz"}]},{"@type":"WebSite","@id":"https:\/\/fuentesfidedignas.com.mx\/#website","url":"https:\/\/fuentesfidedignas.com.mx\/","name":"Fuentes Fidedignas","description":"Otro sitio realizado con WordPress","publisher":{"@id":"https:\/\/fuentesfidedignas.com.mx\/#organization"},"potentialAction":[{"@type":"SearchAction","target":{"@type":"EntryPoint","urlTemplate":"https:\/\/fuentesfidedignas.com.mx\/?s={search_term_string}"},"query-input":{"@type":"PropertyValueSpecification","valueRequired":true,"valueName":"search_term_string"}}],"inLanguage":"es"},{"@type":"Organization","@id":"https:\/\/fuentesfidedignas.com.mx\/#organization","name":"Fuentes Fidedignas","url":"https:\/\/fuentesfidedignas.com.mx\/","logo":{"@type":"ImageObject","inLanguage":"es","@id":"https:\/\/fuentesfidedignas.com.mx\/#\/schema\/logo\/image\/","url":"https:\/\/fuentesfidedignas.com.mx\/wp-content\/uploads\/2021\/04\/logo-retina.png","contentUrl":"https:\/\/fuentesfidedignas.com.mx\/wp-content\/uploads\/2021\/04\/logo-retina.png","width":280,"height":51,"caption":"Fuentes Fidedignas"},"image":{"@id":"https:\/\/fuentesfidedignas.com.mx\/#\/schema\/logo\/image\/"},"sameAs":["https:\/\/www.facebook.com\/Fuentes-Fidedignas-368234489921644","https:\/\/x.com\/fidedignas"]},{"@type":"Person","@id":"https:\/\/fuentesfidedignas.com.mx\/#\/schema\/person\/1827b38c6cf89e1d6cc7d78ca3fae732","name":"AFP","image":{"@type":"ImageObject","inLanguage":"es","@id":"https:\/\/secure.gravatar.com\/avatar\/236827d2ee9bf15e1ea99e0c1cd1b467cffa55e324d177638d0f8de7950cbae6?s=96&d=mm&r=g","url":"https:\/\/secure.gravatar.com\/avatar\/236827d2ee9bf15e1ea99e0c1cd1b467cffa55e324d177638d0f8de7950cbae6?s=96&d=mm&r=g","contentUrl":"https:\/\/secure.gravatar.com\/avatar\/236827d2ee9bf15e1ea99e0c1cd1b467cffa55e324d177638d0f8de7950cbae6?s=96&d=mm&r=g","caption":"AFP"},"url":"https:\/\/fuentesfidedignas.com.mx\/index.php\/author\/afp\/"}]}},"_links":{"self":[{"href":"https:\/\/fuentesfidedignas.com.mx\/index.php\/wp-json\/wp\/v2\/posts\/125402","targetHints":{"allow":["GET"]}}],"collection":[{"href":"https:\/\/fuentesfidedignas.com.mx\/index.php\/wp-json\/wp\/v2\/posts"}],"about":[{"href":"https:\/\/fuentesfidedignas.com.mx\/index.php\/wp-json\/wp\/v2\/types\/post"}],"author":[{"embeddable":true,"href":"https:\/\/fuentesfidedignas.com.mx\/index.php\/wp-json\/wp\/v2\/users\/12"}],"replies":[{"embeddable":true,"href":"https:\/\/fuentesfidedignas.com.mx\/index.php\/wp-json\/wp\/v2\/comments?post=125402"}],"version-history":[{"count":1,"href":"https:\/\/fuentesfidedignas.com.mx\/index.php\/wp-json\/wp\/v2\/posts\/125402\/revisions"}],"predecessor-version":[{"id":125403,"href":"https:\/\/fuentesfidedignas.com.mx\/index.php\/wp-json\/wp\/v2\/posts\/125402\/revisions\/125403"}],"wp:featuredmedia":[{"embeddable":true,"href":"https:\/\/fuentesfidedignas.com.mx\/index.php\/wp-json\/wp\/v2\/media\/125401"}],"wp:attachment":[{"href":"https:\/\/fuentesfidedignas.com.mx\/index.php\/wp-json\/wp\/v2\/media?parent=125402"}],"wp:term":[{"taxonomy":"category","embeddable":true,"href":"https:\/\/fuentesfidedignas.com.mx\/index.php\/wp-json\/wp\/v2\/categories?post=125402"},{"taxonomy":"post_tag","embeddable":true,"href":"https:\/\/fuentesfidedignas.com.mx\/index.php\/wp-json\/wp\/v2\/tags?post=125402"}],"curies":[{"name":"wp","href":"https:\/\/api.w.org\/{rel}","templated":true}]}}