{"id":125339,"date":"2026-01-15T08:32:24","date_gmt":"2026-01-15T15:32:24","guid":{"rendered":"https:\/\/fuentesfidedignas.com.mx\/?p=125339"},"modified":"2026-01-15T08:32:34","modified_gmt":"2026-01-15T15:32:34","slug":"aseguran-un-vehiculo-procedente-de-culiacan-con-destino-a-mexicali-con-212-kg-de-metanfetamina","status":"publish","type":"post","link":"https:\/\/fuentesfidedignas.com.mx\/index.php\/2026\/01\/15\/aseguran-un-vehiculo-procedente-de-culiacan-con-destino-a-mexicali-con-212-kg-de-metanfetamina\/","title":{"rendered":"Aseguran un veh\u00edculo procedente de Culiac\u00e1n con destino a Mexicali con 212 kg de Metanfetamina"},"content":{"rendered":"\n<p><strong><em>El decomiso representa un golpe directo a una de las rutas m\u00e1s utilizadas para el traslado de drogas sint\u00e9ticas<\/em><\/strong>.<\/p>\n\n\n\n<p>El Secretario de Seguridad y Protecci\u00f3n Ciudadana, Omar Garc\u00eda Harfuch, inform\u00f3 que fuerzas federales aseguraron un veh\u00edculo con m\u00e1s de 200 kilogramos de metanfetamina en Sonora, adem\u00e1s de inhabilitar 11 \u00e1reas de concentraci\u00f3n delictiva en Sinaloa, como parte de operativos coordinados de alto impacto.<\/p>\n\n\n\n<p>El anuncio fue realizado por el funcionario a trav\u00e9s de su cuenta oficial en X, donde subray\u00f3 que estas acciones forman parte de una ofensiva sostenida para debilitar las rutas de trasiego y las estructuras log\u00edsticas del crimen organizado en la regi\u00f3n.<\/p>\n\n\n\n<p>De acuerdo con la informaci\u00f3n oficial, el veh\u00edculo cargado con metanfetamina fue asegurado en el municipio de San Luis R\u00edo Colorado, Sonora. Las investigaciones preliminares establecen que la unidad proced\u00eda de Culiac\u00e1n, Sinaloa, y ten\u00eda como destino final Tijuana, Baja California, una de las principales plazas de salida de drogas hacia Estados Unidos.<\/p>\n\n\n\n<p>El decomiso representa un golpe directo a una de las rutas m\u00e1s utilizadas para el traslado de drogas sint\u00e9ticas, particularmente metanfetamina, cuyo tr\u00e1fico se ha incrementado de forma sostenida en los \u00faltimos a\u00f1os debido a su alta rentabilidad y demanda internacional.<\/p>\n\n\n\n<blockquote class=\"twitter-tweet\"><p lang=\"es\" dir=\"ltr\">En San Luis R\u00edo Colorado, Sonora. <a href=\"https:\/\/twitter.com\/Defensamx1?ref_src=twsrc%5Etfw\">@Defensamx1<\/a> y <a href=\"https:\/\/twitter.com\/GN_MEXICO_?ref_src=twsrc%5Etfw\">@GN_MEXICO_<\/a> aseguraron un veh\u00edculo procedente de Culiac\u00e1n con destino a Mexicali con 212 kg de Metanfetamina con el prop\u00f3sito de ser vendidas en millones de dosis de droga. <br>Tambi\u00e9n en Sinaloa el Ej\u00e9rcito <a href=\"https:\/\/twitter.com\/Defensamx1?ref_src=twsrc%5Etfw\">@Defensamx1<\/a> inhabilit\u00f3 11\u2026 <a href=\"https:\/\/t.co\/PTaEwOKaAZ\">pic.twitter.com\/PTaEwOKaAZ<\/a><\/p>&mdash; Omar H Garcia Harfuch (@OHarfuch) <a href=\"https:\/\/twitter.com\/OHarfuch\/status\/2011776671632765231?ref_src=twsrc%5Etfw\">January 15, 2026<\/a><\/blockquote> <script async src=\"https:\/\/platform.twitter.com\/widgets.js\" charset=\"utf-8\"><\/script>\n\n\n\n<p><strong>Inhabilitan 11 \u00e1reas de concentraci\u00f3n en Sinaloa<\/strong><br>En paralelo, las autoridades lograron inhabilitar 11 \u00e1reas de concentraci\u00f3n utilizadas por grupos criminales en Sinaloa, espacios empleados para el almacenamiento, preparaci\u00f3n y distribuci\u00f3n de sustancias il\u00edcitas. Estas acciones, seg\u00fan fuentes de seguridad, buscan no solo el aseguramiento de drogas, sino el desmantelamiento de la infraestructura operativa que permite a las organizaciones mantener su capacidad log\u00edstica.<\/p>\n\n\n\n<p>La intervenci\u00f3n en estas zonas reduce de manera directa la capacidad de reacci\u00f3n y abastecimiento de las c\u00e9lulas delictivas que operan en el corredor del Pac\u00edfico.Antecedente: decomiso hist\u00f3rico de coca\u00edna en diciembre<\/p>\n\n\n\n<p>Este aseguramiento se suma a otro operativo relevante registrado a finales del a\u00f1o pasado, cuando autoridades federales y estatales decomisaron 400 kilogramos de coca\u00edna en el municipio de Caborca, Sonora, uno de los golpes m\u00e1s contundentes contra el tr\u00e1fico de drogas en la regi\u00f3n durante el cierre de 2025.<\/p>\n\n\n\n<p>La operaci\u00f3n fue encabezada por la Fiscal\u00eda General de la Rep\u00fablica (FGR), con el apoyo de elementos de la 45 Zona Militar, y deriv\u00f3 en la detenci\u00f3n de Jared Antonio \u201cN\u201d, quien fue puesto a disposici\u00f3n del Ministerio P\u00fablico Federal para definir su situaci\u00f3n jur\u00eddica.<\/p>\n\n\n\n<p>El aseguramiento de diciembre ocurri\u00f3 sobre la Carretera Federal n\u00famero 2, en el tramo Caborca\u2013Sonoyta, durante una inspecci\u00f3n reforzada por labores de inteligencia. Los efectivos interceptaron un tractocami\u00f3n Kenworth blanco, que remolcaba dos cajas refrigeradas.<\/p>\n\n\n\n<p>Tras una revisi\u00f3n minuciosa, se localizaron 400 paquetes de coca\u00edna, cuidadosamente camuflados dentro de cajas de pescado congelado empacado al alto vac\u00edo, aprovechando la log\u00edstica de la cadena de fr\u00edo para evadir los controles de seguridad.<\/p>\n","protected":false},"excerpt":{"rendered":"<p>El decomiso representa un golpe directo a una de las rutas m\u00e1s utilizadas para el traslado de drogas sint\u00e9ticas. El Secretario de Seguridad y Protecci\u00f3n Ciudadana, Omar Garc\u00eda Harfuch, inform\u00f3 que fuerzas federales aseguraron un veh\u00edculo con m\u00e1s de 200 kilogramos de metanfetamina en Sonora, adem\u00e1s de inhabilitar 11 \u00e1reas de concentraci\u00f3n delictiva en Sinaloa, [&hellip;]<\/p>\n","protected":false},"author":7,"featured_media":125340,"comment_status":"open","ping_status":"open","sticky":false,"template":"","format":"standard","meta":{"tdm_status":"","tdm_grid_status":"","footnotes":""},"categories":[37],"tags":[],"class_list":{"0":"post-125339","1":"post","2":"type-post","3":"status-publish","4":"format-standard","5":"has-post-thumbnail","7":"category-nota-principal"},"yoast_head":"<!-- This site is optimized with the Yoast SEO plugin v27.5 - https:\/\/yoast.com\/product\/yoast-seo-wordpress\/ -->\n<title>Aseguran un veh\u00edculo procedente de Culiac\u00e1n con destino a Mexicali con 212 kg de Metanfetamina - Fuentes Fidedignas<\/title>\n<meta name=\"robots\" content=\"index, follow, max-snippet:-1, max-image-preview:large, max-video-preview:-1\" \/>\n<link rel=\"canonical\" href=\"https:\/\/fuentesfidedignas.com.mx\/index.php\/2026\/01\/15\/aseguran-un-vehiculo-procedente-de-culiacan-con-destino-a-mexicali-con-212-kg-de-metanfetamina\/\" \/>\n<meta property=\"og:locale\" content=\"es_MX\" \/>\n<meta property=\"og:type\" content=\"article\" \/>\n<meta property=\"og:title\" content=\"Aseguran un veh\u00edculo procedente de Culiac\u00e1n con destino a Mexicali con 212 kg de Metanfetamina - Fuentes Fidedignas\" \/>\n<meta property=\"og:description\" content=\"El decomiso representa un golpe directo a una de las rutas m\u00e1s utilizadas para el traslado de drogas sint\u00e9ticas. El Secretario de Seguridad y Protecci\u00f3n Ciudadana, Omar Garc\u00eda Harfuch, inform\u00f3 que fuerzas federales aseguraron un veh\u00edculo con m\u00e1s de 200 kilogramos de metanfetamina en Sonora, adem\u00e1s de inhabilitar 11 \u00e1reas de concentraci\u00f3n delictiva en Sinaloa, [&hellip;]\" \/>\n<meta property=\"og:url\" content=\"https:\/\/fuentesfidedignas.com.mx\/index.php\/2026\/01\/15\/aseguran-un-vehiculo-procedente-de-culiacan-con-destino-a-mexicali-con-212-kg-de-metanfetamina\/\" \/>\n<meta property=\"og:site_name\" content=\"Fuentes Fidedignas\" \/>\n<meta property=\"article:publisher\" content=\"https:\/\/www.facebook.com\/Fuentes-Fidedignas-368234489921644\" \/>\n<meta property=\"article:published_time\" content=\"2026-01-15T15:32:24+00:00\" \/>\n<meta property=\"article:modified_time\" content=\"2026-01-15T15:32:34+00:00\" \/>\n<meta property=\"og:image\" content=\"https:\/\/fuentesfidedignas.com.mx\/wp-content\/uploads\/2026\/01\/camioneta_cargada_metan.jpg\" \/>\n\t<meta property=\"og:image:width\" content=\"500\" \/>\n\t<meta property=\"og:image:height\" content=\"254\" \/>\n\t<meta property=\"og:image:type\" content=\"image\/jpeg\" \/>\n<meta name=\"author\" content=\"Exc\u00e9lsior\" \/>\n<meta name=\"twitter:card\" content=\"summary_large_image\" \/>\n<meta name=\"twitter:creator\" content=\"@fidedignas\" \/>\n<meta name=\"twitter:site\" content=\"@fidedignas\" \/>\n<meta name=\"twitter:label1\" content=\"Escrito por\" \/>\n\t<meta name=\"twitter:data1\" content=\"Exc\u00e9lsior\" \/>\n\t<meta name=\"twitter:label2\" content=\"Tiempo de lectura\" \/>\n\t<meta name=\"twitter:data2\" content=\"3 minutos\" \/>\n<script type=\"application\/ld+json\" class=\"yoast-schema-graph\">{\"@context\":\"https:\\\/\\\/schema.org\",\"@graph\":[{\"@type\":\"Article\",\"@id\":\"https:\\\/\\\/fuentesfidedignas.com.mx\\\/index.php\\\/2026\\\/01\\\/15\\\/aseguran-un-vehiculo-procedente-de-culiacan-con-destino-a-mexicali-con-212-kg-de-metanfetamina\\\/#article\",\"isPartOf\":{\"@id\":\"https:\\\/\\\/fuentesfidedignas.com.mx\\\/index.php\\\/2026\\\/01\\\/15\\\/aseguran-un-vehiculo-procedente-de-culiacan-con-destino-a-mexicali-con-212-kg-de-metanfetamina\\\/\"},\"author\":{\"name\":\"Exc\u00e9lsior\",\"@id\":\"https:\\\/\\\/fuentesfidedignas.com.mx\\\/#\\\/schema\\\/person\\\/ec4edd1fbf5efa3e44fce34fe2787780\"},\"headline\":\"Aseguran un veh\u00edculo procedente de Culiac\u00e1n con destino a Mexicali con 212 kg de Metanfetamina\",\"datePublished\":\"2026-01-15T15:32:24+00:00\",\"dateModified\":\"2026-01-15T15:32:34+00:00\",\"mainEntityOfPage\":{\"@id\":\"https:\\\/\\\/fuentesfidedignas.com.mx\\\/index.php\\\/2026\\\/01\\\/15\\\/aseguran-un-vehiculo-procedente-de-culiacan-con-destino-a-mexicali-con-212-kg-de-metanfetamina\\\/\"},\"wordCount\":583,\"commentCount\":0,\"publisher\":{\"@id\":\"https:\\\/\\\/fuentesfidedignas.com.mx\\\/#organization\"},\"image\":{\"@id\":\"https:\\\/\\\/fuentesfidedignas.com.mx\\\/index.php\\\/2026\\\/01\\\/15\\\/aseguran-un-vehiculo-procedente-de-culiacan-con-destino-a-mexicali-con-212-kg-de-metanfetamina\\\/#primaryimage\"},\"thumbnailUrl\":\"https:\\\/\\\/fuentesfidedignas.com.mx\\\/wp-content\\\/uploads\\\/2026\\\/01\\\/camioneta_cargada_metan.jpg\",\"articleSection\":[\"NOTA PRINCIPAL\"],\"inLanguage\":\"es\",\"potentialAction\":[{\"@type\":\"CommentAction\",\"name\":\"Comment\",\"target\":[\"https:\\\/\\\/fuentesfidedignas.com.mx\\\/index.php\\\/2026\\\/01\\\/15\\\/aseguran-un-vehiculo-procedente-de-culiacan-con-destino-a-mexicali-con-212-kg-de-metanfetamina\\\/#respond\"]}]},{\"@type\":\"WebPage\",\"@id\":\"https:\\\/\\\/fuentesfidedignas.com.mx\\\/index.php\\\/2026\\\/01\\\/15\\\/aseguran-un-vehiculo-procedente-de-culiacan-con-destino-a-mexicali-con-212-kg-de-metanfetamina\\\/\",\"url\":\"https:\\\/\\\/fuentesfidedignas.com.mx\\\/index.php\\\/2026\\\/01\\\/15\\\/aseguran-un-vehiculo-procedente-de-culiacan-con-destino-a-mexicali-con-212-kg-de-metanfetamina\\\/\",\"name\":\"Aseguran un veh\u00edculo procedente de Culiac\u00e1n con destino a Mexicali con 212 kg de Metanfetamina - Fuentes Fidedignas\",\"isPartOf\":{\"@id\":\"https:\\\/\\\/fuentesfidedignas.com.mx\\\/#website\"},\"primaryImageOfPage\":{\"@id\":\"https:\\\/\\\/fuentesfidedignas.com.mx\\\/index.php\\\/2026\\\/01\\\/15\\\/aseguran-un-vehiculo-procedente-de-culiacan-con-destino-a-mexicali-con-212-kg-de-metanfetamina\\\/#primaryimage\"},\"image\":{\"@id\":\"https:\\\/\\\/fuentesfidedignas.com.mx\\\/index.php\\\/2026\\\/01\\\/15\\\/aseguran-un-vehiculo-procedente-de-culiacan-con-destino-a-mexicali-con-212-kg-de-metanfetamina\\\/#primaryimage\"},\"thumbnailUrl\":\"https:\\\/\\\/fuentesfidedignas.com.mx\\\/wp-content\\\/uploads\\\/2026\\\/01\\\/camioneta_cargada_metan.jpg\",\"datePublished\":\"2026-01-15T15:32:24+00:00\",\"dateModified\":\"2026-01-15T15:32:34+00:00\",\"breadcrumb\":{\"@id\":\"https:\\\/\\\/fuentesfidedignas.com.mx\\\/index.php\\\/2026\\\/01\\\/15\\\/aseguran-un-vehiculo-procedente-de-culiacan-con-destino-a-mexicali-con-212-kg-de-metanfetamina\\\/#breadcrumb\"},\"inLanguage\":\"es\",\"potentialAction\":[{\"@type\":\"ReadAction\",\"target\":[\"https:\\\/\\\/fuentesfidedignas.com.mx\\\/index.php\\\/2026\\\/01\\\/15\\\/aseguran-un-vehiculo-procedente-de-culiacan-con-destino-a-mexicali-con-212-kg-de-metanfetamina\\\/\"]}]},{\"@type\":\"ImageObject\",\"inLanguage\":\"es\",\"@id\":\"https:\\\/\\\/fuentesfidedignas.com.mx\\\/index.php\\\/2026\\\/01\\\/15\\\/aseguran-un-vehiculo-procedente-de-culiacan-con-destino-a-mexicali-con-212-kg-de-metanfetamina\\\/#primaryimage\",\"url\":\"https:\\\/\\\/fuentesfidedignas.com.mx\\\/wp-content\\\/uploads\\\/2026\\\/01\\\/camioneta_cargada_metan.jpg\",\"contentUrl\":\"https:\\\/\\\/fuentesfidedignas.com.mx\\\/wp-content\\\/uploads\\\/2026\\\/01\\\/camioneta_cargada_metan.jpg\",\"width\":500,\"height\":254},{\"@type\":\"BreadcrumbList\",\"@id\":\"https:\\\/\\\/fuentesfidedignas.com.mx\\\/index.php\\\/2026\\\/01\\\/15\\\/aseguran-un-vehiculo-procedente-de-culiacan-con-destino-a-mexicali-con-212-kg-de-metanfetamina\\\/#breadcrumb\",\"itemListElement\":[{\"@type\":\"ListItem\",\"position\":1,\"name\":\"Inicio\",\"item\":\"https:\\\/\\\/fuentesfidedignas.com.mx\\\/\"},{\"@type\":\"ListItem\",\"position\":2,\"name\":\"Aseguran un veh\u00edculo procedente de Culiac\u00e1n con destino a Mexicali con 212 kg de Metanfetamina\"}]},{\"@type\":\"WebSite\",\"@id\":\"https:\\\/\\\/fuentesfidedignas.com.mx\\\/#website\",\"url\":\"https:\\\/\\\/fuentesfidedignas.com.mx\\\/\",\"name\":\"Fuentes Fidedignas\",\"description\":\"Otro sitio realizado con WordPress\",\"publisher\":{\"@id\":\"https:\\\/\\\/fuentesfidedignas.com.mx\\\/#organization\"},\"potentialAction\":[{\"@type\":\"SearchAction\",\"target\":{\"@type\":\"EntryPoint\",\"urlTemplate\":\"https:\\\/\\\/fuentesfidedignas.com.mx\\\/?s={search_term_string}\"},\"query-input\":{\"@type\":\"PropertyValueSpecification\",\"valueRequired\":true,\"valueName\":\"search_term_string\"}}],\"inLanguage\":\"es\"},{\"@type\":\"Organization\",\"@id\":\"https:\\\/\\\/fuentesfidedignas.com.mx\\\/#organization\",\"name\":\"Fuentes Fidedignas\",\"url\":\"https:\\\/\\\/fuentesfidedignas.com.mx\\\/\",\"logo\":{\"@type\":\"ImageObject\",\"inLanguage\":\"es\",\"@id\":\"https:\\\/\\\/fuentesfidedignas.com.mx\\\/#\\\/schema\\\/logo\\\/image\\\/\",\"url\":\"https:\\\/\\\/fuentesfidedignas.com.mx\\\/wp-content\\\/uploads\\\/2021\\\/04\\\/logo-retina.png\",\"contentUrl\":\"https:\\\/\\\/fuentesfidedignas.com.mx\\\/wp-content\\\/uploads\\\/2021\\\/04\\\/logo-retina.png\",\"width\":280,\"height\":51,\"caption\":\"Fuentes Fidedignas\"},\"image\":{\"@id\":\"https:\\\/\\\/fuentesfidedignas.com.mx\\\/#\\\/schema\\\/logo\\\/image\\\/\"},\"sameAs\":[\"https:\\\/\\\/www.facebook.com\\\/Fuentes-Fidedignas-368234489921644\",\"https:\\\/\\\/x.com\\\/fidedignas\"]},{\"@type\":\"Person\",\"@id\":\"https:\\\/\\\/fuentesfidedignas.com.mx\\\/#\\\/schema\\\/person\\\/ec4edd1fbf5efa3e44fce34fe2787780\",\"name\":\"Exc\u00e9lsior\",\"image\":{\"@type\":\"ImageObject\",\"inLanguage\":\"es\",\"@id\":\"https:\\\/\\\/secure.gravatar.com\\\/avatar\\\/4b7ee9206b48be08447852b3f0814dbc7c0f3b51541b164f1464a2725614020b?s=96&d=mm&r=g\",\"url\":\"https:\\\/\\\/secure.gravatar.com\\\/avatar\\\/4b7ee9206b48be08447852b3f0814dbc7c0f3b51541b164f1464a2725614020b?s=96&d=mm&r=g\",\"contentUrl\":\"https:\\\/\\\/secure.gravatar.com\\\/avatar\\\/4b7ee9206b48be08447852b3f0814dbc7c0f3b51541b164f1464a2725614020b?s=96&d=mm&r=g\",\"caption\":\"Exc\u00e9lsior\"},\"url\":\"https:\\\/\\\/fuentesfidedignas.com.mx\\\/index.php\\\/author\\\/excelsior\\\/\"}]}<\/script>\n<!-- \/ Yoast SEO plugin. -->","yoast_head_json":{"title":"Aseguran un veh\u00edculo procedente de Culiac\u00e1n con destino a Mexicali con 212 kg de Metanfetamina - Fuentes Fidedignas","robots":{"index":"index","follow":"follow","max-snippet":"max-snippet:-1","max-image-preview":"max-image-preview:large","max-video-preview":"max-video-preview:-1"},"canonical":"https:\/\/fuentesfidedignas.com.mx\/index.php\/2026\/01\/15\/aseguran-un-vehiculo-procedente-de-culiacan-con-destino-a-mexicali-con-212-kg-de-metanfetamina\/","og_locale":"es_MX","og_type":"article","og_title":"Aseguran un veh\u00edculo procedente de Culiac\u00e1n con destino a Mexicali con 212 kg de Metanfetamina - Fuentes Fidedignas","og_description":"El decomiso representa un golpe directo a una de las rutas m\u00e1s utilizadas para el traslado de drogas sint\u00e9ticas. El Secretario de Seguridad y Protecci\u00f3n Ciudadana, Omar Garc\u00eda Harfuch, inform\u00f3 que fuerzas federales aseguraron un veh\u00edculo con m\u00e1s de 200 kilogramos de metanfetamina en Sonora, adem\u00e1s de inhabilitar 11 \u00e1reas de concentraci\u00f3n delictiva en Sinaloa, [&hellip;]","og_url":"https:\/\/fuentesfidedignas.com.mx\/index.php\/2026\/01\/15\/aseguran-un-vehiculo-procedente-de-culiacan-con-destino-a-mexicali-con-212-kg-de-metanfetamina\/","og_site_name":"Fuentes Fidedignas","article_publisher":"https:\/\/www.facebook.com\/Fuentes-Fidedignas-368234489921644","article_published_time":"2026-01-15T15:32:24+00:00","article_modified_time":"2026-01-15T15:32:34+00:00","og_image":[{"width":500,"height":254,"url":"https:\/\/fuentesfidedignas.com.mx\/wp-content\/uploads\/2026\/01\/camioneta_cargada_metan.jpg","type":"image\/jpeg"}],"author":"Exc\u00e9lsior","twitter_card":"summary_large_image","twitter_creator":"@fidedignas","twitter_site":"@fidedignas","twitter_misc":{"Escrito por":"Exc\u00e9lsior","Tiempo de lectura":"3 minutos"},"schema":{"@context":"https:\/\/schema.org","@graph":[{"@type":"Article","@id":"https:\/\/fuentesfidedignas.com.mx\/index.php\/2026\/01\/15\/aseguran-un-vehiculo-procedente-de-culiacan-con-destino-a-mexicali-con-212-kg-de-metanfetamina\/#article","isPartOf":{"@id":"https:\/\/fuentesfidedignas.com.mx\/index.php\/2026\/01\/15\/aseguran-un-vehiculo-procedente-de-culiacan-con-destino-a-mexicali-con-212-kg-de-metanfetamina\/"},"author":{"name":"Exc\u00e9lsior","@id":"https:\/\/fuentesfidedignas.com.mx\/#\/schema\/person\/ec4edd1fbf5efa3e44fce34fe2787780"},"headline":"Aseguran un veh\u00edculo procedente de Culiac\u00e1n con destino a Mexicali con 212 kg de Metanfetamina","datePublished":"2026-01-15T15:32:24+00:00","dateModified":"2026-01-15T15:32:34+00:00","mainEntityOfPage":{"@id":"https:\/\/fuentesfidedignas.com.mx\/index.php\/2026\/01\/15\/aseguran-un-vehiculo-procedente-de-culiacan-con-destino-a-mexicali-con-212-kg-de-metanfetamina\/"},"wordCount":583,"commentCount":0,"publisher":{"@id":"https:\/\/fuentesfidedignas.com.mx\/#organization"},"image":{"@id":"https:\/\/fuentesfidedignas.com.mx\/index.php\/2026\/01\/15\/aseguran-un-vehiculo-procedente-de-culiacan-con-destino-a-mexicali-con-212-kg-de-metanfetamina\/#primaryimage"},"thumbnailUrl":"https:\/\/fuentesfidedignas.com.mx\/wp-content\/uploads\/2026\/01\/camioneta_cargada_metan.jpg","articleSection":["NOTA PRINCIPAL"],"inLanguage":"es","potentialAction":[{"@type":"CommentAction","name":"Comment","target":["https:\/\/fuentesfidedignas.com.mx\/index.php\/2026\/01\/15\/aseguran-un-vehiculo-procedente-de-culiacan-con-destino-a-mexicali-con-212-kg-de-metanfetamina\/#respond"]}]},{"@type":"WebPage","@id":"https:\/\/fuentesfidedignas.com.mx\/index.php\/2026\/01\/15\/aseguran-un-vehiculo-procedente-de-culiacan-con-destino-a-mexicali-con-212-kg-de-metanfetamina\/","url":"https:\/\/fuentesfidedignas.com.mx\/index.php\/2026\/01\/15\/aseguran-un-vehiculo-procedente-de-culiacan-con-destino-a-mexicali-con-212-kg-de-metanfetamina\/","name":"Aseguran un veh\u00edculo procedente de Culiac\u00e1n con destino a Mexicali con 212 kg de Metanfetamina - Fuentes Fidedignas","isPartOf":{"@id":"https:\/\/fuentesfidedignas.com.mx\/#website"},"primaryImageOfPage":{"@id":"https:\/\/fuentesfidedignas.com.mx\/index.php\/2026\/01\/15\/aseguran-un-vehiculo-procedente-de-culiacan-con-destino-a-mexicali-con-212-kg-de-metanfetamina\/#primaryimage"},"image":{"@id":"https:\/\/fuentesfidedignas.com.mx\/index.php\/2026\/01\/15\/aseguran-un-vehiculo-procedente-de-culiacan-con-destino-a-mexicali-con-212-kg-de-metanfetamina\/#primaryimage"},"thumbnailUrl":"https:\/\/fuentesfidedignas.com.mx\/wp-content\/uploads\/2026\/01\/camioneta_cargada_metan.jpg","datePublished":"2026-01-15T15:32:24+00:00","dateModified":"2026-01-15T15:32:34+00:00","breadcrumb":{"@id":"https:\/\/fuentesfidedignas.com.mx\/index.php\/2026\/01\/15\/aseguran-un-vehiculo-procedente-de-culiacan-con-destino-a-mexicali-con-212-kg-de-metanfetamina\/#breadcrumb"},"inLanguage":"es","potentialAction":[{"@type":"ReadAction","target":["https:\/\/fuentesfidedignas.com.mx\/index.php\/2026\/01\/15\/aseguran-un-vehiculo-procedente-de-culiacan-con-destino-a-mexicali-con-212-kg-de-metanfetamina\/"]}]},{"@type":"ImageObject","inLanguage":"es","@id":"https:\/\/fuentesfidedignas.com.mx\/index.php\/2026\/01\/15\/aseguran-un-vehiculo-procedente-de-culiacan-con-destino-a-mexicali-con-212-kg-de-metanfetamina\/#primaryimage","url":"https:\/\/fuentesfidedignas.com.mx\/wp-content\/uploads\/2026\/01\/camioneta_cargada_metan.jpg","contentUrl":"https:\/\/fuentesfidedignas.com.mx\/wp-content\/uploads\/2026\/01\/camioneta_cargada_metan.jpg","width":500,"height":254},{"@type":"BreadcrumbList","@id":"https:\/\/fuentesfidedignas.com.mx\/index.php\/2026\/01\/15\/aseguran-un-vehiculo-procedente-de-culiacan-con-destino-a-mexicali-con-212-kg-de-metanfetamina\/#breadcrumb","itemListElement":[{"@type":"ListItem","position":1,"name":"Inicio","item":"https:\/\/fuentesfidedignas.com.mx\/"},{"@type":"ListItem","position":2,"name":"Aseguran un veh\u00edculo procedente de Culiac\u00e1n con destino a Mexicali con 212 kg de Metanfetamina"}]},{"@type":"WebSite","@id":"https:\/\/fuentesfidedignas.com.mx\/#website","url":"https:\/\/fuentesfidedignas.com.mx\/","name":"Fuentes Fidedignas","description":"Otro sitio realizado con WordPress","publisher":{"@id":"https:\/\/fuentesfidedignas.com.mx\/#organization"},"potentialAction":[{"@type":"SearchAction","target":{"@type":"EntryPoint","urlTemplate":"https:\/\/fuentesfidedignas.com.mx\/?s={search_term_string}"},"query-input":{"@type":"PropertyValueSpecification","valueRequired":true,"valueName":"search_term_string"}}],"inLanguage":"es"},{"@type":"Organization","@id":"https:\/\/fuentesfidedignas.com.mx\/#organization","name":"Fuentes Fidedignas","url":"https:\/\/fuentesfidedignas.com.mx\/","logo":{"@type":"ImageObject","inLanguage":"es","@id":"https:\/\/fuentesfidedignas.com.mx\/#\/schema\/logo\/image\/","url":"https:\/\/fuentesfidedignas.com.mx\/wp-content\/uploads\/2021\/04\/logo-retina.png","contentUrl":"https:\/\/fuentesfidedignas.com.mx\/wp-content\/uploads\/2021\/04\/logo-retina.png","width":280,"height":51,"caption":"Fuentes Fidedignas"},"image":{"@id":"https:\/\/fuentesfidedignas.com.mx\/#\/schema\/logo\/image\/"},"sameAs":["https:\/\/www.facebook.com\/Fuentes-Fidedignas-368234489921644","https:\/\/x.com\/fidedignas"]},{"@type":"Person","@id":"https:\/\/fuentesfidedignas.com.mx\/#\/schema\/person\/ec4edd1fbf5efa3e44fce34fe2787780","name":"Exc\u00e9lsior","image":{"@type":"ImageObject","inLanguage":"es","@id":"https:\/\/secure.gravatar.com\/avatar\/4b7ee9206b48be08447852b3f0814dbc7c0f3b51541b164f1464a2725614020b?s=96&d=mm&r=g","url":"https:\/\/secure.gravatar.com\/avatar\/4b7ee9206b48be08447852b3f0814dbc7c0f3b51541b164f1464a2725614020b?s=96&d=mm&r=g","contentUrl":"https:\/\/secure.gravatar.com\/avatar\/4b7ee9206b48be08447852b3f0814dbc7c0f3b51541b164f1464a2725614020b?s=96&d=mm&r=g","caption":"Exc\u00e9lsior"},"url":"https:\/\/fuentesfidedignas.com.mx\/index.php\/author\/excelsior\/"}]}},"_links":{"self":[{"href":"https:\/\/fuentesfidedignas.com.mx\/index.php\/wp-json\/wp\/v2\/posts\/125339","targetHints":{"allow":["GET"]}}],"collection":[{"href":"https:\/\/fuentesfidedignas.com.mx\/index.php\/wp-json\/wp\/v2\/posts"}],"about":[{"href":"https:\/\/fuentesfidedignas.com.mx\/index.php\/wp-json\/wp\/v2\/types\/post"}],"author":[{"embeddable":true,"href":"https:\/\/fuentesfidedignas.com.mx\/index.php\/wp-json\/wp\/v2\/users\/7"}],"replies":[{"embeddable":true,"href":"https:\/\/fuentesfidedignas.com.mx\/index.php\/wp-json\/wp\/v2\/comments?post=125339"}],"version-history":[{"count":1,"href":"https:\/\/fuentesfidedignas.com.mx\/index.php\/wp-json\/wp\/v2\/posts\/125339\/revisions"}],"predecessor-version":[{"id":125341,"href":"https:\/\/fuentesfidedignas.com.mx\/index.php\/wp-json\/wp\/v2\/posts\/125339\/revisions\/125341"}],"wp:featuredmedia":[{"embeddable":true,"href":"https:\/\/fuentesfidedignas.com.mx\/index.php\/wp-json\/wp\/v2\/media\/125340"}],"wp:attachment":[{"href":"https:\/\/fuentesfidedignas.com.mx\/index.php\/wp-json\/wp\/v2\/media?parent=125339"}],"wp:term":[{"taxonomy":"category","embeddable":true,"href":"https:\/\/fuentesfidedignas.com.mx\/index.php\/wp-json\/wp\/v2\/categories?post=125339"},{"taxonomy":"post_tag","embeddable":true,"href":"https:\/\/fuentesfidedignas.com.mx\/index.php\/wp-json\/wp\/v2\/tags?post=125339"}],"curies":[{"name":"wp","href":"https:\/\/api.w.org\/{rel}","templated":true}]}}