{"id":125279,"date":"2026-01-15T00:54:00","date_gmt":"2026-01-15T07:54:00","guid":{"rendered":"https:\/\/fuentesfidedignas.com.mx\/?p=125279"},"modified":"2026-01-14T12:59:36","modified_gmt":"2026-01-14T19:59:36","slug":"parasito-devora-ojo-de-joven-tiktoker-y-hoy-alerta-sobre-el-uso-de-lentes-de-contacto","status":"publish","type":"post","link":"https:\/\/fuentesfidedignas.com.mx\/index.php\/2026\/01\/15\/parasito-devora-ojo-de-joven-tiktoker-y-hoy-alerta-sobre-el-uso-de-lentes-de-contacto\/","title":{"rendered":"Par\u00e1sito devora ojo de joven tiktoker y hoy alerta sobre el uso de lentes de contacto"},"content":{"rendered":"\n<p><br><strong><em>Vivian Nosovitsky, una tiktoker de 21 a\u00f1os, cont\u00f3 c\u00f3mo una infecci\u00f3n rar\u00edsima causada por un par\u00e1sito le hizo perder la visi\u00f3n de un ojo<\/em><\/strong><\/p>\n\n\n\n<p><strong>Vivian Nosovitsky<\/strong>, una joven tiktoker de tan solo 21 a\u00f1os, quien se dedica a dar clases de yoga y viajar por el mundo, gozaba hasta hace poco de una vida tranquila, playa, moto, atardeceres y creaci\u00f3n de contenido en redes.&nbsp;<\/p>\n\n\n\n<p>Pero todo cambi\u00f3 de un d\u00eda para otro, cuando una&nbsp;<strong>infecci\u00f3n poco com\u00fan<\/strong>&nbsp;le dio un giro inesperado a su vida.<\/p>\n\n\n\n<p>Todo comenz\u00f3 de madrugada, alrededor de las tres de la ma\u00f1ana, cuando&nbsp;<strong>Vivian, quien se encontraba en una paradisiaca playa mexicana, se despert\u00f3 con un dolor intenso en el ojo derecho<\/strong>, al principio pens\u00f3 que se le pasar\u00eda, pero con el correr de las horas la molestia empeor\u00f3; la sensibilidad a la luz se volvi\u00f3 tan extrema que no pod\u00eda tolerar ni el brillo m\u00e1s m\u00ednimo y tuvo que usar anteojos de sol incluso dentro de su casa.<\/p>\n\n\n\n<h3 class=\"wp-block-heading\">\u201cEstaba lagrimeando, hinchado y extremadamente inc\u00f3modo\u201d, recuerda. \u201cPens\u00e9 que se me pasar\u00eda durmiendo, pero nunca volv\u00ed a dormirme. El dolor segu\u00eda empeorando\u201d.<\/h3>\n\n\n\n<h3 class=\"wp-block-heading\"><strong>De una molestia a una se\u00f1al de alarma<\/strong><\/h3>\n\n\n\n<p>Tras varios d\u00edas sin mejor\u00eda,&nbsp;<strong>decidi\u00f3 viajar unos 40 minutos hasta un hospital<\/strong>, en donde los m\u00e9dicos le dijeron que ten\u00eda una&nbsp;<strong>\u00falcera en el ojo<\/strong>&nbsp;y le recetaron gotas, sin embargo, lejos de mejorar, su ojo empez\u00f3 a cambiar de color y a verse gris.<\/p>\n\n\n\n<h3 class=\"wp-block-heading\">\u201cMi ojo se estaba poniendo gris\u201d, dice. \u201cSab\u00eda que algo andaba muy mal\u201d.<\/h3>\n\n\n\n<p>La situaci\u00f3n se volvi\u00f3 urgente, cuando Vivian fue derivada a otra ciudad y finalmente lleg\u00f3 a Quer\u00e9taro, donde un hospital especializado en oftalmolog\u00eda le realiz\u00f3 estudios m\u00e1s profundos.<\/p>\n\n\n\n<p>El diagn\u00f3stico fue tan raro como devastador, pues los m\u00e9dicos descubrieron que la molestia en el ojo se deb\u00eda a&nbsp;<strong>queratitis por Acanthamoeba<\/strong>, una&nbsp;<strong>infecci\u00f3n causada por un par\u00e1sito<\/strong>&nbsp;que vive en el agua y en el suelo.<\/p>\n\n\n\n<h3 class=\"wp-block-heading\">&#8220;La verdad es que al principio ni siquiera sab\u00eda qu\u00e9 significaba eso&#8221;, dice Nosovitsky. &#8220;Nunca hab\u00eda o\u00eddo hablar de ello&#8221;.<\/h3>\n\n\n\n<p>Seg\u00fan los m\u00e9dicos, el par\u00e1sito habr\u00eda ingresado a su ojo a trav\u00e9s del agua de la llave, aprovechando una peque\u00f1a lesi\u00f3n provocada por el&nbsp;<strong>uso de lentes de contacto<\/strong>, una vez dentro, comenz\u00f3 a da\u00f1ar la c\u00f3rnea de forma agresiva.<\/p>\n\n\n\n<p>El tratamiento fue extremo, gotas medicadas cada hora, incluso durante la noche, semanas de encierro en la oscuridad total y un dolor constante que describi\u00f3 como \u201ccristales y cuchillos clav\u00e1ndose en el ojo\u201d, sin embargo, a pesar de todos los esfuerzos, Vivian perdi\u00f3 la visi\u00f3n del ojo afectado.<\/p>\n\n\n\n<p>En medio de la crisis, decidi\u00f3 compartir su historia en&nbsp;<strong>TikTok<\/strong>, no solo como una forma de desahogo, sino para advertir sobre algo que muchas personas pasan por alto: la higiene al usar lentes de contacto.<\/p>\n\n\n\n<h3 class=\"wp-block-heading\">\u201cUno no se da cuenta de lo que tiene hasta que lo pierde\u201d, dijo en uno de sus videos, que r\u00e1pidamente se viralizaron y conmovieron a miles de usuarios.<\/h3>\n\n\n\n<p>Tambi\u00e9n recibi\u00f3 mensajes de apoyo y ayuda para afrontar los costos del tratamiento, mientras mantiene la esperanza de una posible recuperaci\u00f3n y no descarta una cirug\u00eda en el futuro.<\/p>\n","protected":false},"excerpt":{"rendered":"<p>Vivian Nosovitsky, una tiktoker de 21 a\u00f1os, cont\u00f3 c\u00f3mo una infecci\u00f3n rar\u00edsima causada por un par\u00e1sito le hizo perder la visi\u00f3n de un ojo Vivian Nosovitsky, una joven tiktoker de tan solo 21 a\u00f1os, quien se dedica a dar clases de yoga y viajar por el mundo, gozaba hasta hace poco de una vida tranquila, [&hellip;]<\/p>\n","protected":false},"author":7,"featured_media":125281,"comment_status":"open","ping_status":"open","sticky":false,"template":"","format":"standard","meta":{"tdm_status":"","tdm_grid_status":"","footnotes":""},"categories":[40],"tags":[],"class_list":{"0":"post-125279","1":"post","2":"type-post","3":"status-publish","4":"format-standard","5":"has-post-thumbnail","7":"category-las-asombrosas"},"yoast_head":"<!-- This site is optimized with the Yoast SEO plugin v27.4 - https:\/\/yoast.com\/product\/yoast-seo-wordpress\/ -->\n<title>Par\u00e1sito devora ojo de joven tiktoker y hoy alerta sobre el uso de lentes de contacto - Fuentes Fidedignas<\/title>\n<meta name=\"robots\" content=\"index, follow, max-snippet:-1, max-image-preview:large, max-video-preview:-1\" \/>\n<link rel=\"canonical\" href=\"https:\/\/fuentesfidedignas.com.mx\/index.php\/2026\/01\/15\/parasito-devora-ojo-de-joven-tiktoker-y-hoy-alerta-sobre-el-uso-de-lentes-de-contacto\/\" \/>\n<meta property=\"og:locale\" content=\"es_MX\" \/>\n<meta property=\"og:type\" content=\"article\" \/>\n<meta property=\"og:title\" content=\"Par\u00e1sito devora ojo de joven tiktoker y hoy alerta sobre el uso de lentes de contacto - Fuentes Fidedignas\" \/>\n<meta property=\"og:description\" content=\"Vivian Nosovitsky, una tiktoker de 21 a\u00f1os, cont\u00f3 c\u00f3mo una infecci\u00f3n rar\u00edsima causada por un par\u00e1sito le hizo perder la visi\u00f3n de un ojo Vivian Nosovitsky, una joven tiktoker de tan solo 21 a\u00f1os, quien se dedica a dar clases de yoga y viajar por el mundo, gozaba hasta hace poco de una vida tranquila, [&hellip;]\" \/>\n<meta property=\"og:url\" content=\"https:\/\/fuentesfidedignas.com.mx\/index.php\/2026\/01\/15\/parasito-devora-ojo-de-joven-tiktoker-y-hoy-alerta-sobre-el-uso-de-lentes-de-contacto\/\" \/>\n<meta property=\"og:site_name\" content=\"Fuentes Fidedignas\" \/>\n<meta property=\"article:publisher\" content=\"https:\/\/www.facebook.com\/Fuentes-Fidedignas-368234489921644\" \/>\n<meta property=\"article:published_time\" content=\"2026-01-15T07:54:00+00:00\" \/>\n<meta property=\"og:image\" content=\"https:\/\/fuentesfidedignas.com.mx\/wp-content\/uploads\/2026\/01\/Captura-de-pantalla-77.jpg\" \/>\n\t<meta property=\"og:image:width\" content=\"729\" \/>\n\t<meta property=\"og:image:height\" content=\"453\" \/>\n\t<meta property=\"og:image:type\" content=\"image\/jpeg\" \/>\n<meta name=\"author\" content=\"Exc\u00e9lsior\" \/>\n<meta name=\"twitter:card\" content=\"summary_large_image\" \/>\n<meta name=\"twitter:creator\" content=\"@fidedignas\" \/>\n<meta name=\"twitter:site\" content=\"@fidedignas\" \/>\n<meta name=\"twitter:label1\" content=\"Escrito por\" \/>\n\t<meta name=\"twitter:data1\" content=\"Exc\u00e9lsior\" \/>\n\t<meta name=\"twitter:label2\" content=\"Tiempo de lectura\" \/>\n\t<meta name=\"twitter:data2\" content=\"3 minutos\" \/>\n<script type=\"application\/ld+json\" class=\"yoast-schema-graph\">{\"@context\":\"https:\\\/\\\/schema.org\",\"@graph\":[{\"@type\":\"Article\",\"@id\":\"https:\\\/\\\/fuentesfidedignas.com.mx\\\/index.php\\\/2026\\\/01\\\/15\\\/parasito-devora-ojo-de-joven-tiktoker-y-hoy-alerta-sobre-el-uso-de-lentes-de-contacto\\\/#article\",\"isPartOf\":{\"@id\":\"https:\\\/\\\/fuentesfidedignas.com.mx\\\/index.php\\\/2026\\\/01\\\/15\\\/parasito-devora-ojo-de-joven-tiktoker-y-hoy-alerta-sobre-el-uso-de-lentes-de-contacto\\\/\"},\"author\":{\"name\":\"Exc\u00e9lsior\",\"@id\":\"https:\\\/\\\/fuentesfidedignas.com.mx\\\/#\\\/schema\\\/person\\\/ec4edd1fbf5efa3e44fce34fe2787780\"},\"headline\":\"Par\u00e1sito devora ojo de joven tiktoker y hoy alerta sobre el uso de lentes de contacto\",\"datePublished\":\"2026-01-15T07:54:00+00:00\",\"mainEntityOfPage\":{\"@id\":\"https:\\\/\\\/fuentesfidedignas.com.mx\\\/index.php\\\/2026\\\/01\\\/15\\\/parasito-devora-ojo-de-joven-tiktoker-y-hoy-alerta-sobre-el-uso-de-lentes-de-contacto\\\/\"},\"wordCount\":598,\"commentCount\":0,\"publisher\":{\"@id\":\"https:\\\/\\\/fuentesfidedignas.com.mx\\\/#organization\"},\"image\":{\"@id\":\"https:\\\/\\\/fuentesfidedignas.com.mx\\\/index.php\\\/2026\\\/01\\\/15\\\/parasito-devora-ojo-de-joven-tiktoker-y-hoy-alerta-sobre-el-uso-de-lentes-de-contacto\\\/#primaryimage\"},\"thumbnailUrl\":\"https:\\\/\\\/fuentesfidedignas.com.mx\\\/wp-content\\\/uploads\\\/2026\\\/01\\\/Captura-de-pantalla-77.jpg\",\"articleSection\":[\"LAS ASOMBROSAS\"],\"inLanguage\":\"es\",\"potentialAction\":[{\"@type\":\"CommentAction\",\"name\":\"Comment\",\"target\":[\"https:\\\/\\\/fuentesfidedignas.com.mx\\\/index.php\\\/2026\\\/01\\\/15\\\/parasito-devora-ojo-de-joven-tiktoker-y-hoy-alerta-sobre-el-uso-de-lentes-de-contacto\\\/#respond\"]}]},{\"@type\":\"WebPage\",\"@id\":\"https:\\\/\\\/fuentesfidedignas.com.mx\\\/index.php\\\/2026\\\/01\\\/15\\\/parasito-devora-ojo-de-joven-tiktoker-y-hoy-alerta-sobre-el-uso-de-lentes-de-contacto\\\/\",\"url\":\"https:\\\/\\\/fuentesfidedignas.com.mx\\\/index.php\\\/2026\\\/01\\\/15\\\/parasito-devora-ojo-de-joven-tiktoker-y-hoy-alerta-sobre-el-uso-de-lentes-de-contacto\\\/\",\"name\":\"Par\u00e1sito devora ojo de joven tiktoker y hoy alerta sobre el uso de lentes de contacto - Fuentes Fidedignas\",\"isPartOf\":{\"@id\":\"https:\\\/\\\/fuentesfidedignas.com.mx\\\/#website\"},\"primaryImageOfPage\":{\"@id\":\"https:\\\/\\\/fuentesfidedignas.com.mx\\\/index.php\\\/2026\\\/01\\\/15\\\/parasito-devora-ojo-de-joven-tiktoker-y-hoy-alerta-sobre-el-uso-de-lentes-de-contacto\\\/#primaryimage\"},\"image\":{\"@id\":\"https:\\\/\\\/fuentesfidedignas.com.mx\\\/index.php\\\/2026\\\/01\\\/15\\\/parasito-devora-ojo-de-joven-tiktoker-y-hoy-alerta-sobre-el-uso-de-lentes-de-contacto\\\/#primaryimage\"},\"thumbnailUrl\":\"https:\\\/\\\/fuentesfidedignas.com.mx\\\/wp-content\\\/uploads\\\/2026\\\/01\\\/Captura-de-pantalla-77.jpg\",\"datePublished\":\"2026-01-15T07:54:00+00:00\",\"breadcrumb\":{\"@id\":\"https:\\\/\\\/fuentesfidedignas.com.mx\\\/index.php\\\/2026\\\/01\\\/15\\\/parasito-devora-ojo-de-joven-tiktoker-y-hoy-alerta-sobre-el-uso-de-lentes-de-contacto\\\/#breadcrumb\"},\"inLanguage\":\"es\",\"potentialAction\":[{\"@type\":\"ReadAction\",\"target\":[\"https:\\\/\\\/fuentesfidedignas.com.mx\\\/index.php\\\/2026\\\/01\\\/15\\\/parasito-devora-ojo-de-joven-tiktoker-y-hoy-alerta-sobre-el-uso-de-lentes-de-contacto\\\/\"]}]},{\"@type\":\"ImageObject\",\"inLanguage\":\"es\",\"@id\":\"https:\\\/\\\/fuentesfidedignas.com.mx\\\/index.php\\\/2026\\\/01\\\/15\\\/parasito-devora-ojo-de-joven-tiktoker-y-hoy-alerta-sobre-el-uso-de-lentes-de-contacto\\\/#primaryimage\",\"url\":\"https:\\\/\\\/fuentesfidedignas.com.mx\\\/wp-content\\\/uploads\\\/2026\\\/01\\\/Captura-de-pantalla-77.jpg\",\"contentUrl\":\"https:\\\/\\\/fuentesfidedignas.com.mx\\\/wp-content\\\/uploads\\\/2026\\\/01\\\/Captura-de-pantalla-77.jpg\",\"width\":729,\"height\":453},{\"@type\":\"BreadcrumbList\",\"@id\":\"https:\\\/\\\/fuentesfidedignas.com.mx\\\/index.php\\\/2026\\\/01\\\/15\\\/parasito-devora-ojo-de-joven-tiktoker-y-hoy-alerta-sobre-el-uso-de-lentes-de-contacto\\\/#breadcrumb\",\"itemListElement\":[{\"@type\":\"ListItem\",\"position\":1,\"name\":\"Inicio\",\"item\":\"https:\\\/\\\/fuentesfidedignas.com.mx\\\/\"},{\"@type\":\"ListItem\",\"position\":2,\"name\":\"Par\u00e1sito devora ojo de joven tiktoker y hoy alerta sobre el uso de lentes de contacto\"}]},{\"@type\":\"WebSite\",\"@id\":\"https:\\\/\\\/fuentesfidedignas.com.mx\\\/#website\",\"url\":\"https:\\\/\\\/fuentesfidedignas.com.mx\\\/\",\"name\":\"Fuentes Fidedignas\",\"description\":\"Otro sitio realizado con WordPress\",\"publisher\":{\"@id\":\"https:\\\/\\\/fuentesfidedignas.com.mx\\\/#organization\"},\"potentialAction\":[{\"@type\":\"SearchAction\",\"target\":{\"@type\":\"EntryPoint\",\"urlTemplate\":\"https:\\\/\\\/fuentesfidedignas.com.mx\\\/?s={search_term_string}\"},\"query-input\":{\"@type\":\"PropertyValueSpecification\",\"valueRequired\":true,\"valueName\":\"search_term_string\"}}],\"inLanguage\":\"es\"},{\"@type\":\"Organization\",\"@id\":\"https:\\\/\\\/fuentesfidedignas.com.mx\\\/#organization\",\"name\":\"Fuentes Fidedignas\",\"url\":\"https:\\\/\\\/fuentesfidedignas.com.mx\\\/\",\"logo\":{\"@type\":\"ImageObject\",\"inLanguage\":\"es\",\"@id\":\"https:\\\/\\\/fuentesfidedignas.com.mx\\\/#\\\/schema\\\/logo\\\/image\\\/\",\"url\":\"https:\\\/\\\/fuentesfidedignas.com.mx\\\/wp-content\\\/uploads\\\/2021\\\/04\\\/logo-retina.png\",\"contentUrl\":\"https:\\\/\\\/fuentesfidedignas.com.mx\\\/wp-content\\\/uploads\\\/2021\\\/04\\\/logo-retina.png\",\"width\":280,\"height\":51,\"caption\":\"Fuentes Fidedignas\"},\"image\":{\"@id\":\"https:\\\/\\\/fuentesfidedignas.com.mx\\\/#\\\/schema\\\/logo\\\/image\\\/\"},\"sameAs\":[\"https:\\\/\\\/www.facebook.com\\\/Fuentes-Fidedignas-368234489921644\",\"https:\\\/\\\/x.com\\\/fidedignas\"]},{\"@type\":\"Person\",\"@id\":\"https:\\\/\\\/fuentesfidedignas.com.mx\\\/#\\\/schema\\\/person\\\/ec4edd1fbf5efa3e44fce34fe2787780\",\"name\":\"Exc\u00e9lsior\",\"image\":{\"@type\":\"ImageObject\",\"inLanguage\":\"es\",\"@id\":\"https:\\\/\\\/secure.gravatar.com\\\/avatar\\\/4b7ee9206b48be08447852b3f0814dbc7c0f3b51541b164f1464a2725614020b?s=96&d=mm&r=g\",\"url\":\"https:\\\/\\\/secure.gravatar.com\\\/avatar\\\/4b7ee9206b48be08447852b3f0814dbc7c0f3b51541b164f1464a2725614020b?s=96&d=mm&r=g\",\"contentUrl\":\"https:\\\/\\\/secure.gravatar.com\\\/avatar\\\/4b7ee9206b48be08447852b3f0814dbc7c0f3b51541b164f1464a2725614020b?s=96&d=mm&r=g\",\"caption\":\"Exc\u00e9lsior\"},\"url\":\"https:\\\/\\\/fuentesfidedignas.com.mx\\\/index.php\\\/author\\\/excelsior\\\/\"}]}<\/script>\n<!-- \/ Yoast SEO plugin. -->","yoast_head_json":{"title":"Par\u00e1sito devora ojo de joven tiktoker y hoy alerta sobre el uso de lentes de contacto - Fuentes Fidedignas","robots":{"index":"index","follow":"follow","max-snippet":"max-snippet:-1","max-image-preview":"max-image-preview:large","max-video-preview":"max-video-preview:-1"},"canonical":"https:\/\/fuentesfidedignas.com.mx\/index.php\/2026\/01\/15\/parasito-devora-ojo-de-joven-tiktoker-y-hoy-alerta-sobre-el-uso-de-lentes-de-contacto\/","og_locale":"es_MX","og_type":"article","og_title":"Par\u00e1sito devora ojo de joven tiktoker y hoy alerta sobre el uso de lentes de contacto - Fuentes Fidedignas","og_description":"Vivian Nosovitsky, una tiktoker de 21 a\u00f1os, cont\u00f3 c\u00f3mo una infecci\u00f3n rar\u00edsima causada por un par\u00e1sito le hizo perder la visi\u00f3n de un ojo Vivian Nosovitsky, una joven tiktoker de tan solo 21 a\u00f1os, quien se dedica a dar clases de yoga y viajar por el mundo, gozaba hasta hace poco de una vida tranquila, [&hellip;]","og_url":"https:\/\/fuentesfidedignas.com.mx\/index.php\/2026\/01\/15\/parasito-devora-ojo-de-joven-tiktoker-y-hoy-alerta-sobre-el-uso-de-lentes-de-contacto\/","og_site_name":"Fuentes Fidedignas","article_publisher":"https:\/\/www.facebook.com\/Fuentes-Fidedignas-368234489921644","article_published_time":"2026-01-15T07:54:00+00:00","og_image":[{"width":729,"height":453,"url":"https:\/\/fuentesfidedignas.com.mx\/wp-content\/uploads\/2026\/01\/Captura-de-pantalla-77.jpg","type":"image\/jpeg"}],"author":"Exc\u00e9lsior","twitter_card":"summary_large_image","twitter_creator":"@fidedignas","twitter_site":"@fidedignas","twitter_misc":{"Escrito por":"Exc\u00e9lsior","Tiempo de lectura":"3 minutos"},"schema":{"@context":"https:\/\/schema.org","@graph":[{"@type":"Article","@id":"https:\/\/fuentesfidedignas.com.mx\/index.php\/2026\/01\/15\/parasito-devora-ojo-de-joven-tiktoker-y-hoy-alerta-sobre-el-uso-de-lentes-de-contacto\/#article","isPartOf":{"@id":"https:\/\/fuentesfidedignas.com.mx\/index.php\/2026\/01\/15\/parasito-devora-ojo-de-joven-tiktoker-y-hoy-alerta-sobre-el-uso-de-lentes-de-contacto\/"},"author":{"name":"Exc\u00e9lsior","@id":"https:\/\/fuentesfidedignas.com.mx\/#\/schema\/person\/ec4edd1fbf5efa3e44fce34fe2787780"},"headline":"Par\u00e1sito devora ojo de joven tiktoker y hoy alerta sobre el uso de lentes de contacto","datePublished":"2026-01-15T07:54:00+00:00","mainEntityOfPage":{"@id":"https:\/\/fuentesfidedignas.com.mx\/index.php\/2026\/01\/15\/parasito-devora-ojo-de-joven-tiktoker-y-hoy-alerta-sobre-el-uso-de-lentes-de-contacto\/"},"wordCount":598,"commentCount":0,"publisher":{"@id":"https:\/\/fuentesfidedignas.com.mx\/#organization"},"image":{"@id":"https:\/\/fuentesfidedignas.com.mx\/index.php\/2026\/01\/15\/parasito-devora-ojo-de-joven-tiktoker-y-hoy-alerta-sobre-el-uso-de-lentes-de-contacto\/#primaryimage"},"thumbnailUrl":"https:\/\/fuentesfidedignas.com.mx\/wp-content\/uploads\/2026\/01\/Captura-de-pantalla-77.jpg","articleSection":["LAS ASOMBROSAS"],"inLanguage":"es","potentialAction":[{"@type":"CommentAction","name":"Comment","target":["https:\/\/fuentesfidedignas.com.mx\/index.php\/2026\/01\/15\/parasito-devora-ojo-de-joven-tiktoker-y-hoy-alerta-sobre-el-uso-de-lentes-de-contacto\/#respond"]}]},{"@type":"WebPage","@id":"https:\/\/fuentesfidedignas.com.mx\/index.php\/2026\/01\/15\/parasito-devora-ojo-de-joven-tiktoker-y-hoy-alerta-sobre-el-uso-de-lentes-de-contacto\/","url":"https:\/\/fuentesfidedignas.com.mx\/index.php\/2026\/01\/15\/parasito-devora-ojo-de-joven-tiktoker-y-hoy-alerta-sobre-el-uso-de-lentes-de-contacto\/","name":"Par\u00e1sito devora ojo de joven tiktoker y hoy alerta sobre el uso de lentes de contacto - Fuentes Fidedignas","isPartOf":{"@id":"https:\/\/fuentesfidedignas.com.mx\/#website"},"primaryImageOfPage":{"@id":"https:\/\/fuentesfidedignas.com.mx\/index.php\/2026\/01\/15\/parasito-devora-ojo-de-joven-tiktoker-y-hoy-alerta-sobre-el-uso-de-lentes-de-contacto\/#primaryimage"},"image":{"@id":"https:\/\/fuentesfidedignas.com.mx\/index.php\/2026\/01\/15\/parasito-devora-ojo-de-joven-tiktoker-y-hoy-alerta-sobre-el-uso-de-lentes-de-contacto\/#primaryimage"},"thumbnailUrl":"https:\/\/fuentesfidedignas.com.mx\/wp-content\/uploads\/2026\/01\/Captura-de-pantalla-77.jpg","datePublished":"2026-01-15T07:54:00+00:00","breadcrumb":{"@id":"https:\/\/fuentesfidedignas.com.mx\/index.php\/2026\/01\/15\/parasito-devora-ojo-de-joven-tiktoker-y-hoy-alerta-sobre-el-uso-de-lentes-de-contacto\/#breadcrumb"},"inLanguage":"es","potentialAction":[{"@type":"ReadAction","target":["https:\/\/fuentesfidedignas.com.mx\/index.php\/2026\/01\/15\/parasito-devora-ojo-de-joven-tiktoker-y-hoy-alerta-sobre-el-uso-de-lentes-de-contacto\/"]}]},{"@type":"ImageObject","inLanguage":"es","@id":"https:\/\/fuentesfidedignas.com.mx\/index.php\/2026\/01\/15\/parasito-devora-ojo-de-joven-tiktoker-y-hoy-alerta-sobre-el-uso-de-lentes-de-contacto\/#primaryimage","url":"https:\/\/fuentesfidedignas.com.mx\/wp-content\/uploads\/2026\/01\/Captura-de-pantalla-77.jpg","contentUrl":"https:\/\/fuentesfidedignas.com.mx\/wp-content\/uploads\/2026\/01\/Captura-de-pantalla-77.jpg","width":729,"height":453},{"@type":"BreadcrumbList","@id":"https:\/\/fuentesfidedignas.com.mx\/index.php\/2026\/01\/15\/parasito-devora-ojo-de-joven-tiktoker-y-hoy-alerta-sobre-el-uso-de-lentes-de-contacto\/#breadcrumb","itemListElement":[{"@type":"ListItem","position":1,"name":"Inicio","item":"https:\/\/fuentesfidedignas.com.mx\/"},{"@type":"ListItem","position":2,"name":"Par\u00e1sito devora ojo de joven tiktoker y hoy alerta sobre el uso de lentes de contacto"}]},{"@type":"WebSite","@id":"https:\/\/fuentesfidedignas.com.mx\/#website","url":"https:\/\/fuentesfidedignas.com.mx\/","name":"Fuentes Fidedignas","description":"Otro sitio realizado con WordPress","publisher":{"@id":"https:\/\/fuentesfidedignas.com.mx\/#organization"},"potentialAction":[{"@type":"SearchAction","target":{"@type":"EntryPoint","urlTemplate":"https:\/\/fuentesfidedignas.com.mx\/?s={search_term_string}"},"query-input":{"@type":"PropertyValueSpecification","valueRequired":true,"valueName":"search_term_string"}}],"inLanguage":"es"},{"@type":"Organization","@id":"https:\/\/fuentesfidedignas.com.mx\/#organization","name":"Fuentes Fidedignas","url":"https:\/\/fuentesfidedignas.com.mx\/","logo":{"@type":"ImageObject","inLanguage":"es","@id":"https:\/\/fuentesfidedignas.com.mx\/#\/schema\/logo\/image\/","url":"https:\/\/fuentesfidedignas.com.mx\/wp-content\/uploads\/2021\/04\/logo-retina.png","contentUrl":"https:\/\/fuentesfidedignas.com.mx\/wp-content\/uploads\/2021\/04\/logo-retina.png","width":280,"height":51,"caption":"Fuentes Fidedignas"},"image":{"@id":"https:\/\/fuentesfidedignas.com.mx\/#\/schema\/logo\/image\/"},"sameAs":["https:\/\/www.facebook.com\/Fuentes-Fidedignas-368234489921644","https:\/\/x.com\/fidedignas"]},{"@type":"Person","@id":"https:\/\/fuentesfidedignas.com.mx\/#\/schema\/person\/ec4edd1fbf5efa3e44fce34fe2787780","name":"Exc\u00e9lsior","image":{"@type":"ImageObject","inLanguage":"es","@id":"https:\/\/secure.gravatar.com\/avatar\/4b7ee9206b48be08447852b3f0814dbc7c0f3b51541b164f1464a2725614020b?s=96&d=mm&r=g","url":"https:\/\/secure.gravatar.com\/avatar\/4b7ee9206b48be08447852b3f0814dbc7c0f3b51541b164f1464a2725614020b?s=96&d=mm&r=g","contentUrl":"https:\/\/secure.gravatar.com\/avatar\/4b7ee9206b48be08447852b3f0814dbc7c0f3b51541b164f1464a2725614020b?s=96&d=mm&r=g","caption":"Exc\u00e9lsior"},"url":"https:\/\/fuentesfidedignas.com.mx\/index.php\/author\/excelsior\/"}]}},"_links":{"self":[{"href":"https:\/\/fuentesfidedignas.com.mx\/index.php\/wp-json\/wp\/v2\/posts\/125279","targetHints":{"allow":["GET"]}}],"collection":[{"href":"https:\/\/fuentesfidedignas.com.mx\/index.php\/wp-json\/wp\/v2\/posts"}],"about":[{"href":"https:\/\/fuentesfidedignas.com.mx\/index.php\/wp-json\/wp\/v2\/types\/post"}],"author":[{"embeddable":true,"href":"https:\/\/fuentesfidedignas.com.mx\/index.php\/wp-json\/wp\/v2\/users\/7"}],"replies":[{"embeddable":true,"href":"https:\/\/fuentesfidedignas.com.mx\/index.php\/wp-json\/wp\/v2\/comments?post=125279"}],"version-history":[{"count":1,"href":"https:\/\/fuentesfidedignas.com.mx\/index.php\/wp-json\/wp\/v2\/posts\/125279\/revisions"}],"predecessor-version":[{"id":125282,"href":"https:\/\/fuentesfidedignas.com.mx\/index.php\/wp-json\/wp\/v2\/posts\/125279\/revisions\/125282"}],"wp:featuredmedia":[{"embeddable":true,"href":"https:\/\/fuentesfidedignas.com.mx\/index.php\/wp-json\/wp\/v2\/media\/125281"}],"wp:attachment":[{"href":"https:\/\/fuentesfidedignas.com.mx\/index.php\/wp-json\/wp\/v2\/media?parent=125279"}],"wp:term":[{"taxonomy":"category","embeddable":true,"href":"https:\/\/fuentesfidedignas.com.mx\/index.php\/wp-json\/wp\/v2\/categories?post=125279"},{"taxonomy":"post_tag","embeddable":true,"href":"https:\/\/fuentesfidedignas.com.mx\/index.php\/wp-json\/wp\/v2\/tags?post=125279"}],"curies":[{"name":"wp","href":"https:\/\/api.w.org\/{rel}","templated":true}]}}