{"id":125277,"date":"2026-01-14T12:19:46","date_gmt":"2026-01-14T19:19:46","guid":{"rendered":"https:\/\/fuentesfidedignas.com.mx\/?p=125277"},"modified":"2026-01-14T12:19:52","modified_gmt":"2026-01-14T19:19:52","slug":"fiscalia-de-sonora-imputa-a-ocho-personas-y-una-empresa-por-incendio-en-waldos-hermosillo","status":"publish","type":"post","link":"https:\/\/fuentesfidedignas.com.mx\/index.php\/2026\/01\/14\/fiscalia-de-sonora-imputa-a-ocho-personas-y-una-empresa-por-incendio-en-waldos-hermosillo\/","title":{"rendered":"Fiscal\u00eda de Sonora imputa a ocho personas y una empresa por incendio en Waldo\u2019s Hermosillo"},"content":{"rendered":"\n<p><strong><em>Tras 18 horas de audiencia, la Fiscal\u00eda de Sonora imput\u00f3 a ocho personas y una empresa por el incendio en Waldo\u2019s Hermosillo que dej\u00f3 24 v\u00edctimas.<\/em><\/strong><\/p>\n\n\n\n<p>El proceso judicial por el tr\u00e1gico incendio ocurrido en la tienda Waldo\u2019s de Hermosillo, Sonora, contin\u00faa avanzando con la imputaci\u00f3n penal contra ocho personas f\u00edsicas y una persona moral, se\u00f1aladas por su probable responsabilidad en el siniestro que cobr\u00f3 la vida de 24 personas, adem\u00e1s de un beb\u00e9 en gestaci\u00f3n, dej\u00f3 12 lesionadas y ocasion\u00f3 graves da\u00f1os materiales.<\/p>\n\n\n\n<p>La diligencia judicial se extendi\u00f3 por casi 18 horas ininterrumpidas, iniciando a las 9:30 horas del martes y concluyendo a las 03:20 de la madrugada del mi\u00e9rcoles. Durante este tiempo, el Ministerio P\u00fablico expuso una imputaci\u00f3n diferenciada por los delitos de homicidio culposo, aborto, lesiones, da\u00f1os, uso de documento falso e incumplimiento de un deber legal.<\/p>\n\n\n\n<p>La comparecencia incluy\u00f3 tanto a particulares como a la empresa titular del establecimiento, representada legalmente ante el juzgado.<\/p>\n\n\n\n<p>Al t\u00e9rmino de la audiencia, el juez de control resolvi\u00f3 imponer medidas cautelares distintas a la prisi\u00f3n preventiva para la mayor\u00eda de los imputados. La decisi\u00f3n se sustent\u00f3 en que los acusados acreditaron arraigo, se presentaron voluntariamente ante la autoridad judicial, no representan riesgo para las v\u00edctimas y no existe peligro de obstaculizaci\u00f3n del proceso.<\/p>\n\n\n\n<p>Las medidas dictadas consisten en la obligaci\u00f3n de presentarse peri\u00f3dicamente ante la autoridad, exhibici\u00f3n de una garant\u00eda econ\u00f3mica y la prohibici\u00f3n de salir del \u00e1mbito territorial fijado por el juzgador.<\/p>\n\n\n\n<p><strong>Fiscal\u00eda se\u00f1ala a Jos\u00e9 Luis \u201cN\u201d<\/strong><br>El juez determin\u00f3 un trato procesal distinto para Jos\u00e9 Luis \u201cN\u201d, representante legal de la persona moral, a quien se le atribuye haber realizado tr\u00e1mites ante autoridades municipales utilizando presuntamente documentos falsos para la obtenci\u00f3n de permisos, adem\u00e1s de omisiones relevantes en su deber de supervisi\u00f3n.<\/p>\n\n\n\n<p>Por estos hechos, el juzgador orden\u00f3 prisi\u00f3n preventiva justificada; sin embargo, la medida no pudo ejecutarse debido a que el imputado cuenta con una suspensi\u00f3n de amparo vigente.<\/p>\n\n\n\n<p>La Fiscal\u00eda General de Justicia del Estado de Sonora (FGJES) inform\u00f3 que combatir\u00e1 dicha resoluci\u00f3n para que el acusado enfrente su proceso en prisi\u00f3n.<\/p>\n\n\n\n<p>&#8220;Ante tales circunstancias, la FGJES realiza las acciones correspondientes para llevar ante los tribunales, tanto a quienes cuentan con un amparo como a aquellos evadidos, a fin de que enfrenten la acci\u00f3n de la justicia y respondan ante las v\u00edctimas\u201d<\/p>\n\n\n\n<p>Tras la imputaci\u00f3n, las defensas solicitaron la ampliaci\u00f3n del plazo constitucional a 144 horas, periodo en el que el juez deber\u00e1 resolver la vinculaci\u00f3n formal a proceso. La pr\u00f3xima audiencia qued\u00f3 programada para el 19 de enero.<\/p>\n\n\n\n<p><strong>El caso mantiene abiertas varias l\u00edneas procesales:<\/strong><\/p>\n\n\n\n<ul class=\"wp-block-list\">\n<li>Tres personas m\u00e1s con \u00f3rdenes de aprehensi\u00f3n ya ejecutadas deber\u00e1n comparecer el 29 de enero.<\/li>\n\n\n\n<li>Otras 12 personas judicializadas permanecen amparadas, en espera de ser citadas a audiencia de formulaci\u00f3n de imputaci\u00f3n.<\/li>\n\n\n\n<li>Dos m\u00e1s contin\u00faan evadidas de la acci\u00f3n de la justicia.<\/li>\n<\/ul>\n\n\n\n<p><strong>C\u00f3mo ocurri\u00f3 el incendio en la tienda Waldo\u2019s de Hermosillo<\/strong><\/p>\n\n\n\n<p>El pasado 24 de diciembre, un total de 25 personas fueron imputadas por homicidio culposo, lesiones culposas e incumplimiento de un deber legal, entre ellas funcionarios y ex funcionarios municipales y estatales, as\u00ed como personal vinculado a la empresa.<\/p>\n\n\n\n<p>La investigaci\u00f3n ministerial involucra a funcionarios y ex funcionarios estatales y municipales, adem\u00e1s de personal relacionado con la empresa, por presuntas fallas en inspecciones, autorizaciones y verificaciones en materia de seguridad y protecci\u00f3n civil.<\/p>\n\n\n\n<p>Los peritajes integrados al expediente analizan la posible explosi\u00f3n de un transformador el\u00e9ctrico al interior del inmueble y la presunta falsificaci\u00f3n de documentos oficiales que habr\u00edan permitido la operaci\u00f3n de la tienda en condiciones de riesgo.<\/p>\n\n\n\n<p>Estos elementos t\u00e9cnicos ser\u00e1n clave para determinar las responsabilidades penales y administrativas en el caso.<\/p>\n\n\n\n<p><strong>Reacci\u00f3n de las familias de las v\u00edctimas del incendio de la tienda Waldo\u2019s<\/strong><br>Las familias de las v\u00edctimas han exigido que el proceso judicial avance con firmeza y que se sancione tanto a los responsables directos como a quienes, por omisi\u00f3n o negligencia, permitieron que la tienda operara en condiciones inseguras.<\/p>\n\n\n\n<p><\/p>\n","protected":false},"excerpt":{"rendered":"<p>Tras 18 horas de audiencia, la Fiscal\u00eda de Sonora imput\u00f3 a ocho personas y una empresa por el incendio en Waldo\u2019s Hermosillo que dej\u00f3 24 v\u00edctimas. El proceso judicial por el tr\u00e1gico incendio ocurrido en la tienda Waldo\u2019s de Hermosillo, Sonora, contin\u00faa avanzando con la imputaci\u00f3n penal contra ocho personas f\u00edsicas y una persona moral, [&hellip;]<\/p>\n","protected":false},"author":7,"featured_media":120714,"comment_status":"open","ping_status":"open","sticky":false,"template":"","format":"standard","meta":{"tdm_status":"","tdm_grid_status":"","footnotes":""},"categories":[39],"tags":[],"class_list":{"0":"post-125277","1":"post","2":"type-post","3":"status-publish","4":"format-standard","5":"has-post-thumbnail","7":"category-noticias-nacionales"},"yoast_head":"<!-- This site is optimized with the Yoast SEO plugin v27.5 - https:\/\/yoast.com\/product\/yoast-seo-wordpress\/ -->\n<title>Fiscal\u00eda de Sonora imputa a ocho personas y una empresa por incendio en Waldo\u2019s Hermosillo - Fuentes Fidedignas<\/title>\n<meta name=\"robots\" content=\"index, follow, max-snippet:-1, max-image-preview:large, max-video-preview:-1\" \/>\n<link rel=\"canonical\" href=\"https:\/\/fuentesfidedignas.com.mx\/index.php\/2026\/01\/14\/fiscalia-de-sonora-imputa-a-ocho-personas-y-una-empresa-por-incendio-en-waldos-hermosillo\/\" \/>\n<meta property=\"og:locale\" content=\"es_MX\" \/>\n<meta property=\"og:type\" content=\"article\" \/>\n<meta property=\"og:title\" content=\"Fiscal\u00eda de Sonora imputa a ocho personas y una empresa por incendio en Waldo\u2019s Hermosillo - Fuentes Fidedignas\" \/>\n<meta property=\"og:description\" content=\"Tras 18 horas de audiencia, la Fiscal\u00eda de Sonora imput\u00f3 a ocho personas y una empresa por el incendio en Waldo\u2019s Hermosillo que dej\u00f3 24 v\u00edctimas. El proceso judicial por el tr\u00e1gico incendio ocurrido en la tienda Waldo\u2019s de Hermosillo, Sonora, contin\u00faa avanzando con la imputaci\u00f3n penal contra ocho personas f\u00edsicas y una persona moral, [&hellip;]\" \/>\n<meta property=\"og:url\" content=\"https:\/\/fuentesfidedignas.com.mx\/index.php\/2026\/01\/14\/fiscalia-de-sonora-imputa-a-ocho-personas-y-una-empresa-por-incendio-en-waldos-hermosillo\/\" \/>\n<meta property=\"og:site_name\" content=\"Fuentes Fidedignas\" \/>\n<meta property=\"article:publisher\" content=\"https:\/\/www.facebook.com\/Fuentes-Fidedignas-368234489921644\" \/>\n<meta property=\"article:published_time\" content=\"2026-01-14T19:19:46+00:00\" \/>\n<meta property=\"article:modified_time\" content=\"2026-01-14T19:19:52+00:00\" \/>\n<meta property=\"og:image\" content=\"https:\/\/fuentesfidedignas.com.mx\/wp-content\/uploads\/2025\/11\/incendio_waldos.jpg\" \/>\n\t<meta property=\"og:image:width\" content=\"500\" \/>\n\t<meta property=\"og:image:height\" content=\"281\" \/>\n\t<meta property=\"og:image:type\" content=\"image\/jpeg\" \/>\n<meta name=\"author\" content=\"Exc\u00e9lsior\" \/>\n<meta name=\"twitter:card\" content=\"summary_large_image\" \/>\n<meta name=\"twitter:creator\" content=\"@fidedignas\" \/>\n<meta name=\"twitter:site\" content=\"@fidedignas\" \/>\n<meta name=\"twitter:label1\" content=\"Escrito por\" \/>\n\t<meta name=\"twitter:data1\" content=\"Exc\u00e9lsior\" \/>\n\t<meta name=\"twitter:label2\" content=\"Tiempo de lectura\" \/>\n\t<meta name=\"twitter:data2\" content=\"4 minutos\" \/>\n<script type=\"application\/ld+json\" class=\"yoast-schema-graph\">{\"@context\":\"https:\\\/\\\/schema.org\",\"@graph\":[{\"@type\":\"Article\",\"@id\":\"https:\\\/\\\/fuentesfidedignas.com.mx\\\/index.php\\\/2026\\\/01\\\/14\\\/fiscalia-de-sonora-imputa-a-ocho-personas-y-una-empresa-por-incendio-en-waldos-hermosillo\\\/#article\",\"isPartOf\":{\"@id\":\"https:\\\/\\\/fuentesfidedignas.com.mx\\\/index.php\\\/2026\\\/01\\\/14\\\/fiscalia-de-sonora-imputa-a-ocho-personas-y-una-empresa-por-incendio-en-waldos-hermosillo\\\/\"},\"author\":{\"name\":\"Exc\u00e9lsior\",\"@id\":\"https:\\\/\\\/fuentesfidedignas.com.mx\\\/#\\\/schema\\\/person\\\/ec4edd1fbf5efa3e44fce34fe2787780\"},\"headline\":\"Fiscal\u00eda de Sonora imputa a ocho personas y una empresa por incendio en Waldo\u2019s Hermosillo\",\"datePublished\":\"2026-01-14T19:19:46+00:00\",\"dateModified\":\"2026-01-14T19:19:52+00:00\",\"mainEntityOfPage\":{\"@id\":\"https:\\\/\\\/fuentesfidedignas.com.mx\\\/index.php\\\/2026\\\/01\\\/14\\\/fiscalia-de-sonora-imputa-a-ocho-personas-y-una-empresa-por-incendio-en-waldos-hermosillo\\\/\"},\"wordCount\":733,\"commentCount\":0,\"publisher\":{\"@id\":\"https:\\\/\\\/fuentesfidedignas.com.mx\\\/#organization\"},\"image\":{\"@id\":\"https:\\\/\\\/fuentesfidedignas.com.mx\\\/index.php\\\/2026\\\/01\\\/14\\\/fiscalia-de-sonora-imputa-a-ocho-personas-y-una-empresa-por-incendio-en-waldos-hermosillo\\\/#primaryimage\"},\"thumbnailUrl\":\"https:\\\/\\\/fuentesfidedignas.com.mx\\\/wp-content\\\/uploads\\\/2025\\\/11\\\/incendio_waldos.jpg\",\"articleSection\":[\"NOTICIAS NACIONALES\"],\"inLanguage\":\"es\",\"potentialAction\":[{\"@type\":\"CommentAction\",\"name\":\"Comment\",\"target\":[\"https:\\\/\\\/fuentesfidedignas.com.mx\\\/index.php\\\/2026\\\/01\\\/14\\\/fiscalia-de-sonora-imputa-a-ocho-personas-y-una-empresa-por-incendio-en-waldos-hermosillo\\\/#respond\"]}]},{\"@type\":\"WebPage\",\"@id\":\"https:\\\/\\\/fuentesfidedignas.com.mx\\\/index.php\\\/2026\\\/01\\\/14\\\/fiscalia-de-sonora-imputa-a-ocho-personas-y-una-empresa-por-incendio-en-waldos-hermosillo\\\/\",\"url\":\"https:\\\/\\\/fuentesfidedignas.com.mx\\\/index.php\\\/2026\\\/01\\\/14\\\/fiscalia-de-sonora-imputa-a-ocho-personas-y-una-empresa-por-incendio-en-waldos-hermosillo\\\/\",\"name\":\"Fiscal\u00eda de Sonora imputa a ocho personas y una empresa por incendio en Waldo\u2019s Hermosillo - Fuentes Fidedignas\",\"isPartOf\":{\"@id\":\"https:\\\/\\\/fuentesfidedignas.com.mx\\\/#website\"},\"primaryImageOfPage\":{\"@id\":\"https:\\\/\\\/fuentesfidedignas.com.mx\\\/index.php\\\/2026\\\/01\\\/14\\\/fiscalia-de-sonora-imputa-a-ocho-personas-y-una-empresa-por-incendio-en-waldos-hermosillo\\\/#primaryimage\"},\"image\":{\"@id\":\"https:\\\/\\\/fuentesfidedignas.com.mx\\\/index.php\\\/2026\\\/01\\\/14\\\/fiscalia-de-sonora-imputa-a-ocho-personas-y-una-empresa-por-incendio-en-waldos-hermosillo\\\/#primaryimage\"},\"thumbnailUrl\":\"https:\\\/\\\/fuentesfidedignas.com.mx\\\/wp-content\\\/uploads\\\/2025\\\/11\\\/incendio_waldos.jpg\",\"datePublished\":\"2026-01-14T19:19:46+00:00\",\"dateModified\":\"2026-01-14T19:19:52+00:00\",\"breadcrumb\":{\"@id\":\"https:\\\/\\\/fuentesfidedignas.com.mx\\\/index.php\\\/2026\\\/01\\\/14\\\/fiscalia-de-sonora-imputa-a-ocho-personas-y-una-empresa-por-incendio-en-waldos-hermosillo\\\/#breadcrumb\"},\"inLanguage\":\"es\",\"potentialAction\":[{\"@type\":\"ReadAction\",\"target\":[\"https:\\\/\\\/fuentesfidedignas.com.mx\\\/index.php\\\/2026\\\/01\\\/14\\\/fiscalia-de-sonora-imputa-a-ocho-personas-y-una-empresa-por-incendio-en-waldos-hermosillo\\\/\"]}]},{\"@type\":\"ImageObject\",\"inLanguage\":\"es\",\"@id\":\"https:\\\/\\\/fuentesfidedignas.com.mx\\\/index.php\\\/2026\\\/01\\\/14\\\/fiscalia-de-sonora-imputa-a-ocho-personas-y-una-empresa-por-incendio-en-waldos-hermosillo\\\/#primaryimage\",\"url\":\"https:\\\/\\\/fuentesfidedignas.com.mx\\\/wp-content\\\/uploads\\\/2025\\\/11\\\/incendio_waldos.jpg\",\"contentUrl\":\"https:\\\/\\\/fuentesfidedignas.com.mx\\\/wp-content\\\/uploads\\\/2025\\\/11\\\/incendio_waldos.jpg\",\"width\":500,\"height\":281},{\"@type\":\"BreadcrumbList\",\"@id\":\"https:\\\/\\\/fuentesfidedignas.com.mx\\\/index.php\\\/2026\\\/01\\\/14\\\/fiscalia-de-sonora-imputa-a-ocho-personas-y-una-empresa-por-incendio-en-waldos-hermosillo\\\/#breadcrumb\",\"itemListElement\":[{\"@type\":\"ListItem\",\"position\":1,\"name\":\"Inicio\",\"item\":\"https:\\\/\\\/fuentesfidedignas.com.mx\\\/\"},{\"@type\":\"ListItem\",\"position\":2,\"name\":\"Fiscal\u00eda de Sonora imputa a ocho personas y una empresa por incendio en Waldo\u2019s Hermosillo\"}]},{\"@type\":\"WebSite\",\"@id\":\"https:\\\/\\\/fuentesfidedignas.com.mx\\\/#website\",\"url\":\"https:\\\/\\\/fuentesfidedignas.com.mx\\\/\",\"name\":\"Fuentes Fidedignas\",\"description\":\"Otro sitio realizado con WordPress\",\"publisher\":{\"@id\":\"https:\\\/\\\/fuentesfidedignas.com.mx\\\/#organization\"},\"potentialAction\":[{\"@type\":\"SearchAction\",\"target\":{\"@type\":\"EntryPoint\",\"urlTemplate\":\"https:\\\/\\\/fuentesfidedignas.com.mx\\\/?s={search_term_string}\"},\"query-input\":{\"@type\":\"PropertyValueSpecification\",\"valueRequired\":true,\"valueName\":\"search_term_string\"}}],\"inLanguage\":\"es\"},{\"@type\":\"Organization\",\"@id\":\"https:\\\/\\\/fuentesfidedignas.com.mx\\\/#organization\",\"name\":\"Fuentes Fidedignas\",\"url\":\"https:\\\/\\\/fuentesfidedignas.com.mx\\\/\",\"logo\":{\"@type\":\"ImageObject\",\"inLanguage\":\"es\",\"@id\":\"https:\\\/\\\/fuentesfidedignas.com.mx\\\/#\\\/schema\\\/logo\\\/image\\\/\",\"url\":\"https:\\\/\\\/fuentesfidedignas.com.mx\\\/wp-content\\\/uploads\\\/2021\\\/04\\\/logo-retina.png\",\"contentUrl\":\"https:\\\/\\\/fuentesfidedignas.com.mx\\\/wp-content\\\/uploads\\\/2021\\\/04\\\/logo-retina.png\",\"width\":280,\"height\":51,\"caption\":\"Fuentes Fidedignas\"},\"image\":{\"@id\":\"https:\\\/\\\/fuentesfidedignas.com.mx\\\/#\\\/schema\\\/logo\\\/image\\\/\"},\"sameAs\":[\"https:\\\/\\\/www.facebook.com\\\/Fuentes-Fidedignas-368234489921644\",\"https:\\\/\\\/x.com\\\/fidedignas\"]},{\"@type\":\"Person\",\"@id\":\"https:\\\/\\\/fuentesfidedignas.com.mx\\\/#\\\/schema\\\/person\\\/ec4edd1fbf5efa3e44fce34fe2787780\",\"name\":\"Exc\u00e9lsior\",\"image\":{\"@type\":\"ImageObject\",\"inLanguage\":\"es\",\"@id\":\"https:\\\/\\\/secure.gravatar.com\\\/avatar\\\/4b7ee9206b48be08447852b3f0814dbc7c0f3b51541b164f1464a2725614020b?s=96&d=mm&r=g\",\"url\":\"https:\\\/\\\/secure.gravatar.com\\\/avatar\\\/4b7ee9206b48be08447852b3f0814dbc7c0f3b51541b164f1464a2725614020b?s=96&d=mm&r=g\",\"contentUrl\":\"https:\\\/\\\/secure.gravatar.com\\\/avatar\\\/4b7ee9206b48be08447852b3f0814dbc7c0f3b51541b164f1464a2725614020b?s=96&d=mm&r=g\",\"caption\":\"Exc\u00e9lsior\"},\"url\":\"https:\\\/\\\/fuentesfidedignas.com.mx\\\/index.php\\\/author\\\/excelsior\\\/\"}]}<\/script>\n<!-- \/ Yoast SEO plugin. -->","yoast_head_json":{"title":"Fiscal\u00eda de Sonora imputa a ocho personas y una empresa por incendio en Waldo\u2019s Hermosillo - Fuentes Fidedignas","robots":{"index":"index","follow":"follow","max-snippet":"max-snippet:-1","max-image-preview":"max-image-preview:large","max-video-preview":"max-video-preview:-1"},"canonical":"https:\/\/fuentesfidedignas.com.mx\/index.php\/2026\/01\/14\/fiscalia-de-sonora-imputa-a-ocho-personas-y-una-empresa-por-incendio-en-waldos-hermosillo\/","og_locale":"es_MX","og_type":"article","og_title":"Fiscal\u00eda de Sonora imputa a ocho personas y una empresa por incendio en Waldo\u2019s Hermosillo - Fuentes Fidedignas","og_description":"Tras 18 horas de audiencia, la Fiscal\u00eda de Sonora imput\u00f3 a ocho personas y una empresa por el incendio en Waldo\u2019s Hermosillo que dej\u00f3 24 v\u00edctimas. El proceso judicial por el tr\u00e1gico incendio ocurrido en la tienda Waldo\u2019s de Hermosillo, Sonora, contin\u00faa avanzando con la imputaci\u00f3n penal contra ocho personas f\u00edsicas y una persona moral, [&hellip;]","og_url":"https:\/\/fuentesfidedignas.com.mx\/index.php\/2026\/01\/14\/fiscalia-de-sonora-imputa-a-ocho-personas-y-una-empresa-por-incendio-en-waldos-hermosillo\/","og_site_name":"Fuentes Fidedignas","article_publisher":"https:\/\/www.facebook.com\/Fuentes-Fidedignas-368234489921644","article_published_time":"2026-01-14T19:19:46+00:00","article_modified_time":"2026-01-14T19:19:52+00:00","og_image":[{"width":500,"height":281,"url":"https:\/\/fuentesfidedignas.com.mx\/wp-content\/uploads\/2025\/11\/incendio_waldos.jpg","type":"image\/jpeg"}],"author":"Exc\u00e9lsior","twitter_card":"summary_large_image","twitter_creator":"@fidedignas","twitter_site":"@fidedignas","twitter_misc":{"Escrito por":"Exc\u00e9lsior","Tiempo de lectura":"4 minutos"},"schema":{"@context":"https:\/\/schema.org","@graph":[{"@type":"Article","@id":"https:\/\/fuentesfidedignas.com.mx\/index.php\/2026\/01\/14\/fiscalia-de-sonora-imputa-a-ocho-personas-y-una-empresa-por-incendio-en-waldos-hermosillo\/#article","isPartOf":{"@id":"https:\/\/fuentesfidedignas.com.mx\/index.php\/2026\/01\/14\/fiscalia-de-sonora-imputa-a-ocho-personas-y-una-empresa-por-incendio-en-waldos-hermosillo\/"},"author":{"name":"Exc\u00e9lsior","@id":"https:\/\/fuentesfidedignas.com.mx\/#\/schema\/person\/ec4edd1fbf5efa3e44fce34fe2787780"},"headline":"Fiscal\u00eda de Sonora imputa a ocho personas y una empresa por incendio en Waldo\u2019s Hermosillo","datePublished":"2026-01-14T19:19:46+00:00","dateModified":"2026-01-14T19:19:52+00:00","mainEntityOfPage":{"@id":"https:\/\/fuentesfidedignas.com.mx\/index.php\/2026\/01\/14\/fiscalia-de-sonora-imputa-a-ocho-personas-y-una-empresa-por-incendio-en-waldos-hermosillo\/"},"wordCount":733,"commentCount":0,"publisher":{"@id":"https:\/\/fuentesfidedignas.com.mx\/#organization"},"image":{"@id":"https:\/\/fuentesfidedignas.com.mx\/index.php\/2026\/01\/14\/fiscalia-de-sonora-imputa-a-ocho-personas-y-una-empresa-por-incendio-en-waldos-hermosillo\/#primaryimage"},"thumbnailUrl":"https:\/\/fuentesfidedignas.com.mx\/wp-content\/uploads\/2025\/11\/incendio_waldos.jpg","articleSection":["NOTICIAS NACIONALES"],"inLanguage":"es","potentialAction":[{"@type":"CommentAction","name":"Comment","target":["https:\/\/fuentesfidedignas.com.mx\/index.php\/2026\/01\/14\/fiscalia-de-sonora-imputa-a-ocho-personas-y-una-empresa-por-incendio-en-waldos-hermosillo\/#respond"]}]},{"@type":"WebPage","@id":"https:\/\/fuentesfidedignas.com.mx\/index.php\/2026\/01\/14\/fiscalia-de-sonora-imputa-a-ocho-personas-y-una-empresa-por-incendio-en-waldos-hermosillo\/","url":"https:\/\/fuentesfidedignas.com.mx\/index.php\/2026\/01\/14\/fiscalia-de-sonora-imputa-a-ocho-personas-y-una-empresa-por-incendio-en-waldos-hermosillo\/","name":"Fiscal\u00eda de Sonora imputa a ocho personas y una empresa por incendio en Waldo\u2019s Hermosillo - Fuentes Fidedignas","isPartOf":{"@id":"https:\/\/fuentesfidedignas.com.mx\/#website"},"primaryImageOfPage":{"@id":"https:\/\/fuentesfidedignas.com.mx\/index.php\/2026\/01\/14\/fiscalia-de-sonora-imputa-a-ocho-personas-y-una-empresa-por-incendio-en-waldos-hermosillo\/#primaryimage"},"image":{"@id":"https:\/\/fuentesfidedignas.com.mx\/index.php\/2026\/01\/14\/fiscalia-de-sonora-imputa-a-ocho-personas-y-una-empresa-por-incendio-en-waldos-hermosillo\/#primaryimage"},"thumbnailUrl":"https:\/\/fuentesfidedignas.com.mx\/wp-content\/uploads\/2025\/11\/incendio_waldos.jpg","datePublished":"2026-01-14T19:19:46+00:00","dateModified":"2026-01-14T19:19:52+00:00","breadcrumb":{"@id":"https:\/\/fuentesfidedignas.com.mx\/index.php\/2026\/01\/14\/fiscalia-de-sonora-imputa-a-ocho-personas-y-una-empresa-por-incendio-en-waldos-hermosillo\/#breadcrumb"},"inLanguage":"es","potentialAction":[{"@type":"ReadAction","target":["https:\/\/fuentesfidedignas.com.mx\/index.php\/2026\/01\/14\/fiscalia-de-sonora-imputa-a-ocho-personas-y-una-empresa-por-incendio-en-waldos-hermosillo\/"]}]},{"@type":"ImageObject","inLanguage":"es","@id":"https:\/\/fuentesfidedignas.com.mx\/index.php\/2026\/01\/14\/fiscalia-de-sonora-imputa-a-ocho-personas-y-una-empresa-por-incendio-en-waldos-hermosillo\/#primaryimage","url":"https:\/\/fuentesfidedignas.com.mx\/wp-content\/uploads\/2025\/11\/incendio_waldos.jpg","contentUrl":"https:\/\/fuentesfidedignas.com.mx\/wp-content\/uploads\/2025\/11\/incendio_waldos.jpg","width":500,"height":281},{"@type":"BreadcrumbList","@id":"https:\/\/fuentesfidedignas.com.mx\/index.php\/2026\/01\/14\/fiscalia-de-sonora-imputa-a-ocho-personas-y-una-empresa-por-incendio-en-waldos-hermosillo\/#breadcrumb","itemListElement":[{"@type":"ListItem","position":1,"name":"Inicio","item":"https:\/\/fuentesfidedignas.com.mx\/"},{"@type":"ListItem","position":2,"name":"Fiscal\u00eda de Sonora imputa a ocho personas y una empresa por incendio en Waldo\u2019s Hermosillo"}]},{"@type":"WebSite","@id":"https:\/\/fuentesfidedignas.com.mx\/#website","url":"https:\/\/fuentesfidedignas.com.mx\/","name":"Fuentes Fidedignas","description":"Otro sitio realizado con WordPress","publisher":{"@id":"https:\/\/fuentesfidedignas.com.mx\/#organization"},"potentialAction":[{"@type":"SearchAction","target":{"@type":"EntryPoint","urlTemplate":"https:\/\/fuentesfidedignas.com.mx\/?s={search_term_string}"},"query-input":{"@type":"PropertyValueSpecification","valueRequired":true,"valueName":"search_term_string"}}],"inLanguage":"es"},{"@type":"Organization","@id":"https:\/\/fuentesfidedignas.com.mx\/#organization","name":"Fuentes Fidedignas","url":"https:\/\/fuentesfidedignas.com.mx\/","logo":{"@type":"ImageObject","inLanguage":"es","@id":"https:\/\/fuentesfidedignas.com.mx\/#\/schema\/logo\/image\/","url":"https:\/\/fuentesfidedignas.com.mx\/wp-content\/uploads\/2021\/04\/logo-retina.png","contentUrl":"https:\/\/fuentesfidedignas.com.mx\/wp-content\/uploads\/2021\/04\/logo-retina.png","width":280,"height":51,"caption":"Fuentes Fidedignas"},"image":{"@id":"https:\/\/fuentesfidedignas.com.mx\/#\/schema\/logo\/image\/"},"sameAs":["https:\/\/www.facebook.com\/Fuentes-Fidedignas-368234489921644","https:\/\/x.com\/fidedignas"]},{"@type":"Person","@id":"https:\/\/fuentesfidedignas.com.mx\/#\/schema\/person\/ec4edd1fbf5efa3e44fce34fe2787780","name":"Exc\u00e9lsior","image":{"@type":"ImageObject","inLanguage":"es","@id":"https:\/\/secure.gravatar.com\/avatar\/4b7ee9206b48be08447852b3f0814dbc7c0f3b51541b164f1464a2725614020b?s=96&d=mm&r=g","url":"https:\/\/secure.gravatar.com\/avatar\/4b7ee9206b48be08447852b3f0814dbc7c0f3b51541b164f1464a2725614020b?s=96&d=mm&r=g","contentUrl":"https:\/\/secure.gravatar.com\/avatar\/4b7ee9206b48be08447852b3f0814dbc7c0f3b51541b164f1464a2725614020b?s=96&d=mm&r=g","caption":"Exc\u00e9lsior"},"url":"https:\/\/fuentesfidedignas.com.mx\/index.php\/author\/excelsior\/"}]}},"_links":{"self":[{"href":"https:\/\/fuentesfidedignas.com.mx\/index.php\/wp-json\/wp\/v2\/posts\/125277","targetHints":{"allow":["GET"]}}],"collection":[{"href":"https:\/\/fuentesfidedignas.com.mx\/index.php\/wp-json\/wp\/v2\/posts"}],"about":[{"href":"https:\/\/fuentesfidedignas.com.mx\/index.php\/wp-json\/wp\/v2\/types\/post"}],"author":[{"embeddable":true,"href":"https:\/\/fuentesfidedignas.com.mx\/index.php\/wp-json\/wp\/v2\/users\/7"}],"replies":[{"embeddable":true,"href":"https:\/\/fuentesfidedignas.com.mx\/index.php\/wp-json\/wp\/v2\/comments?post=125277"}],"version-history":[{"count":1,"href":"https:\/\/fuentesfidedignas.com.mx\/index.php\/wp-json\/wp\/v2\/posts\/125277\/revisions"}],"predecessor-version":[{"id":125278,"href":"https:\/\/fuentesfidedignas.com.mx\/index.php\/wp-json\/wp\/v2\/posts\/125277\/revisions\/125278"}],"wp:featuredmedia":[{"embeddable":true,"href":"https:\/\/fuentesfidedignas.com.mx\/index.php\/wp-json\/wp\/v2\/media\/120714"}],"wp:attachment":[{"href":"https:\/\/fuentesfidedignas.com.mx\/index.php\/wp-json\/wp\/v2\/media?parent=125277"}],"wp:term":[{"taxonomy":"category","embeddable":true,"href":"https:\/\/fuentesfidedignas.com.mx\/index.php\/wp-json\/wp\/v2\/categories?post=125277"},{"taxonomy":"post_tag","embeddable":true,"href":"https:\/\/fuentesfidedignas.com.mx\/index.php\/wp-json\/wp\/v2\/tags?post=125277"}],"curies":[{"name":"wp","href":"https:\/\/api.w.org\/{rel}","templated":true}]}}