{"id":12521,"date":"2021-09-14T07:43:03","date_gmt":"2021-09-14T14:43:03","guid":{"rendered":"https:\/\/fuentesfidedignas.com.mx\/?p=12521"},"modified":"2021-09-14T07:43:05","modified_gmt":"2021-09-14T14:43:05","slug":"preliberan-manana-a-600-presos-injustamente-recluidos","status":"publish","type":"post","link":"https:\/\/fuentesfidedignas.com.mx\/index.php\/2021\/09\/14\/preliberan-manana-a-600-presos-injustamente-recluidos\/","title":{"rendered":"Preliberan ma\u00f1ana a 600 presos injustamente recluidos"},"content":{"rendered":"\n<p><strong><em>Entre los presos, sin sentencia o acusados injustamente, se encuentran personas mayores de 70 a\u00f1os<\/em><\/strong><\/p>\n\n\n\n<p>Ciudad de M\u00e9xico. El gobierno federal prelilberar\u00e1 ma\u00f1ana a 600 presos que perdieron su libertad injustamente, inform\u00f3 el presidente Andr\u00e9s Manuel L\u00f3pez Obrador. En Palacio Nacional, tambi\u00e9n adelant\u00f3 que se encuentran en revisi\u00f3n cuatro mil expedientes m\u00e1s de personas en esa condici\u00f3n.<\/p>\n\n\n\n<p>El mandatario dio la palabra al secretario de Gobernaci\u00f3n, Ad\u00e1n Augusto L\u00f3pez, quien expuso sin hacer pausa, el procedimiento preliberatorio, publicado ayer en el Diario Oficial de la Federaci\u00f3n (DOF).<\/p>\n\n\n\n<p>Entre los presos, sin sentencia o acusados injustamente, se encuentran personas mayores de 70 a\u00f1os, que tambi\u00e9n fueron v\u00edctimas de tortura -a los que se aplicar\u00e1 el Protocolo de Estambul-, a ind\u00edgenas que en su momento no tuvieron una defensa adecuada, as\u00ed como otras que llevan dos a\u00f1os o m\u00e1s en prisi\u00f3n preventiva o sin sentencia.<\/p>\n\n\n\n<p>\u201cRealizamos las gestiones con los jueces competentes, con la Suprema Corte de Justicia de la Naci\u00f3n, la Fiscal\u00eda general de la Rep\u00fablica, con el prop\u00f3sito de agilizar los tr\u00e1mites en preliberaciones, modificaci\u00f3n de las medidas cautelares y libertades, ya que se requiere cumplir con una serie de requisitos establecidos en la ley.<\/p>\n\n\n\n<p>\u201cHay que recordar que, a partir de 2016, el otorgamiento de la libertad anticipada era atribuci\u00f3n exclusiva del Poder Judicial, sin embargo, hemos hecho las gestiones necesarias, para que se tengan todos los elementos de resoluci\u00f3n en cada caso\u201d, dijo el secretario.<\/p>\n\n\n\n<p>As\u00ed, a lo largo de las \u00faltimas semanas, dijo el funcionario, a trav\u00e9s del \u00f3rgano desconcentrado de prevenci\u00f3n y readaptaci\u00f3n social de la secretaria de Gobernaci\u00f3n, se han realizado las revisiones a fin de determinar la preliberaci\u00f3n sin modificar as\u00ed, las medidas cautelares u obtener su libertad.<\/p>\n\n\n\n<p>\u201cPodemos decir que al momento se tienen ubicados 4 mil 233 expedientes de personas sentenciados o en prisi\u00f3n preventiva, que fueron sujetos an\u00e1lisis en el \u00e1mbito federal ya fueron entregados a los jueces competentes, al Consejo de la Judicatura, al Instituto de Defensor\u00eda P\u00fablica y a la fiscal\u00eda general de la Rep\u00fablica, seg\u00fan corresponda cada caso, por lo que confiamos en que ser\u00e1n resueltos gradualmente para que las personas puedan obtener su libertad.\u201d<\/p>\n\n\n\n<p>El anuncio de hoy ma\u00f1ana es el inicio del proceso, cuyos lineamientos contemplan el seguimiento a las gestiones y solicitudes para los internos, entre los cuales, algunos podr\u00edan acceder a los beneficios de la preliberaci\u00f3n.<\/p>\n\n\n\n<p>No obstante, quienes est\u00e9n procesados por delitos contra el libre desarrollo de la personalidad, trata de personas, delincuencia organizada, secuestro y otros delitos que merezcan prisi\u00f3n preventiva oficiosa, no podr\u00e1n ser incluidos en el procedimiento de solicitud. Entre ellos se encuentra Israel Vallarta, jefe de la banda de secuestradores los zodiacos, repuso el secretario de Gobernaci\u00f3n.<\/p>\n\n\n\n<p>Tambi\u00e9n se\u00f1alo que los gobiernos de los de Chiapas y gobierno de la Ciudad de M\u00e9xico, ya publicaron sus respectivos acuerdos para iniciar el tr\u00e1mite de preliberaci\u00f3n. En el caso de Chiapas son 180, y en la capital del pa\u00eds 40. Hemos pedido, pues al resto de los gobiernos en las entidades que decirle \u00e1mbito de sus atribuciones y facultades, busquen las rutas legales para las preliberaciones modificaci\u00f3n de las medidas cautelares y libertades.<\/p>\n\n\n\n<p>As\u00ed al d\u00eda de ma\u00f1ana, \u201cse har\u00e1 efectivo el otorgamiento de beneficios a 682 interno en Baja California Sur con 10, Baja California con 100 Nayarit, con 30 Oaxaca, con 48 San Luis Potos\u00ed, con siete Sinaloa, con 15 Tabasco, Tlaxcala con dos, Veracruz con 50, Zacatecas con 57, y 36 de penales federales\u201d.<\/p>\n","protected":false},"excerpt":{"rendered":"<p>Entre los presos, sin sentencia o acusados injustamente, se encuentran personas mayores de 70 a\u00f1os Ciudad de M\u00e9xico. El gobierno federal prelilberar\u00e1 ma\u00f1ana a 600 presos que perdieron su libertad injustamente, inform\u00f3 el presidente Andr\u00e9s Manuel L\u00f3pez Obrador. En Palacio Nacional, tambi\u00e9n adelant\u00f3 que se encuentran en revisi\u00f3n cuatro mil expedientes m\u00e1s de personas en [&hellip;]<\/p>\n","protected":false},"author":45,"featured_media":12522,"comment_status":"open","ping_status":"open","sticky":false,"template":"","format":"standard","meta":{"tdm_status":"","tdm_grid_status":"","footnotes":""},"categories":[39],"tags":[],"class_list":{"0":"post-12521","1":"post","2":"type-post","3":"status-publish","4":"format-standard","5":"has-post-thumbnail","7":"category-noticias-nacionales"},"yoast_head":"<!-- This site is optimized with the Yoast SEO plugin v27.4 - https:\/\/yoast.com\/product\/yoast-seo-wordpress\/ -->\n<title>Preliberan ma\u00f1ana a 600 presos injustamente recluidos - Fuentes Fidedignas<\/title>\n<meta name=\"robots\" content=\"index, follow, max-snippet:-1, max-image-preview:large, max-video-preview:-1\" \/>\n<link rel=\"canonical\" href=\"https:\/\/fuentesfidedignas.com.mx\/index.php\/2021\/09\/14\/preliberan-manana-a-600-presos-injustamente-recluidos\/\" \/>\n<meta property=\"og:locale\" content=\"es_MX\" \/>\n<meta property=\"og:type\" content=\"article\" \/>\n<meta property=\"og:title\" content=\"Preliberan ma\u00f1ana a 600 presos injustamente recluidos - Fuentes Fidedignas\" \/>\n<meta property=\"og:description\" content=\"Entre los presos, sin sentencia o acusados injustamente, se encuentran personas mayores de 70 a\u00f1os Ciudad de M\u00e9xico. El gobierno federal prelilberar\u00e1 ma\u00f1ana a 600 presos que perdieron su libertad injustamente, inform\u00f3 el presidente Andr\u00e9s Manuel L\u00f3pez Obrador. En Palacio Nacional, tambi\u00e9n adelant\u00f3 que se encuentran en revisi\u00f3n cuatro mil expedientes m\u00e1s de personas en [&hellip;]\" \/>\n<meta property=\"og:url\" content=\"https:\/\/fuentesfidedignas.com.mx\/index.php\/2021\/09\/14\/preliberan-manana-a-600-presos-injustamente-recluidos\/\" \/>\n<meta property=\"og:site_name\" content=\"Fuentes Fidedignas\" \/>\n<meta property=\"article:publisher\" content=\"https:\/\/www.facebook.com\/Fuentes-Fidedignas-368234489921644\" \/>\n<meta property=\"article:published_time\" content=\"2021-09-14T14:43:03+00:00\" \/>\n<meta property=\"article:modified_time\" content=\"2021-09-14T14:43:05+00:00\" \/>\n<meta property=\"og:image\" content=\"https:\/\/fuentesfidedignas.com.mx\/wp-content\/uploads\/2021\/09\/image_large-31.jpeg\" \/>\n\t<meta property=\"og:image:width\" content=\"1024\" \/>\n\t<meta property=\"og:image:height\" content=\"769\" \/>\n\t<meta property=\"og:image:type\" content=\"image\/jpeg\" \/>\n<meta name=\"author\" content=\"La Jornada\" \/>\n<meta name=\"twitter:card\" content=\"summary_large_image\" \/>\n<meta name=\"twitter:creator\" content=\"@fidedignas\" \/>\n<meta name=\"twitter:site\" content=\"@fidedignas\" \/>\n<meta name=\"twitter:label1\" content=\"Escrito por\" \/>\n\t<meta name=\"twitter:data1\" content=\"La Jornada\" \/>\n\t<meta name=\"twitter:label2\" content=\"Tiempo de lectura\" \/>\n\t<meta name=\"twitter:data2\" content=\"3 minutos\" \/>\n<script type=\"application\/ld+json\" class=\"yoast-schema-graph\">{\"@context\":\"https:\\\/\\\/schema.org\",\"@graph\":[{\"@type\":\"Article\",\"@id\":\"https:\\\/\\\/fuentesfidedignas.com.mx\\\/index.php\\\/2021\\\/09\\\/14\\\/preliberan-manana-a-600-presos-injustamente-recluidos\\\/#article\",\"isPartOf\":{\"@id\":\"https:\\\/\\\/fuentesfidedignas.com.mx\\\/index.php\\\/2021\\\/09\\\/14\\\/preliberan-manana-a-600-presos-injustamente-recluidos\\\/\"},\"author\":{\"name\":\"La Jornada\",\"@id\":\"https:\\\/\\\/fuentesfidedignas.com.mx\\\/#\\\/schema\\\/person\\\/87eacee4072e149fccc7de67f9634f35\"},\"headline\":\"Preliberan ma\u00f1ana a 600 presos injustamente recluidos\",\"datePublished\":\"2021-09-14T14:43:03+00:00\",\"dateModified\":\"2021-09-14T14:43:05+00:00\",\"mainEntityOfPage\":{\"@id\":\"https:\\\/\\\/fuentesfidedignas.com.mx\\\/index.php\\\/2021\\\/09\\\/14\\\/preliberan-manana-a-600-presos-injustamente-recluidos\\\/\"},\"wordCount\":623,\"commentCount\":0,\"publisher\":{\"@id\":\"https:\\\/\\\/fuentesfidedignas.com.mx\\\/#organization\"},\"image\":{\"@id\":\"https:\\\/\\\/fuentesfidedignas.com.mx\\\/index.php\\\/2021\\\/09\\\/14\\\/preliberan-manana-a-600-presos-injustamente-recluidos\\\/#primaryimage\"},\"thumbnailUrl\":\"https:\\\/\\\/fuentesfidedignas.com.mx\\\/wp-content\\\/uploads\\\/2021\\\/09\\\/image_large-31.jpeg\",\"articleSection\":[\"NOTICIAS NACIONALES\"],\"inLanguage\":\"es\",\"potentialAction\":[{\"@type\":\"CommentAction\",\"name\":\"Comment\",\"target\":[\"https:\\\/\\\/fuentesfidedignas.com.mx\\\/index.php\\\/2021\\\/09\\\/14\\\/preliberan-manana-a-600-presos-injustamente-recluidos\\\/#respond\"]}]},{\"@type\":\"WebPage\",\"@id\":\"https:\\\/\\\/fuentesfidedignas.com.mx\\\/index.php\\\/2021\\\/09\\\/14\\\/preliberan-manana-a-600-presos-injustamente-recluidos\\\/\",\"url\":\"https:\\\/\\\/fuentesfidedignas.com.mx\\\/index.php\\\/2021\\\/09\\\/14\\\/preliberan-manana-a-600-presos-injustamente-recluidos\\\/\",\"name\":\"Preliberan ma\u00f1ana a 600 presos injustamente recluidos - Fuentes Fidedignas\",\"isPartOf\":{\"@id\":\"https:\\\/\\\/fuentesfidedignas.com.mx\\\/#website\"},\"primaryImageOfPage\":{\"@id\":\"https:\\\/\\\/fuentesfidedignas.com.mx\\\/index.php\\\/2021\\\/09\\\/14\\\/preliberan-manana-a-600-presos-injustamente-recluidos\\\/#primaryimage\"},\"image\":{\"@id\":\"https:\\\/\\\/fuentesfidedignas.com.mx\\\/index.php\\\/2021\\\/09\\\/14\\\/preliberan-manana-a-600-presos-injustamente-recluidos\\\/#primaryimage\"},\"thumbnailUrl\":\"https:\\\/\\\/fuentesfidedignas.com.mx\\\/wp-content\\\/uploads\\\/2021\\\/09\\\/image_large-31.jpeg\",\"datePublished\":\"2021-09-14T14:43:03+00:00\",\"dateModified\":\"2021-09-14T14:43:05+00:00\",\"breadcrumb\":{\"@id\":\"https:\\\/\\\/fuentesfidedignas.com.mx\\\/index.php\\\/2021\\\/09\\\/14\\\/preliberan-manana-a-600-presos-injustamente-recluidos\\\/#breadcrumb\"},\"inLanguage\":\"es\",\"potentialAction\":[{\"@type\":\"ReadAction\",\"target\":[\"https:\\\/\\\/fuentesfidedignas.com.mx\\\/index.php\\\/2021\\\/09\\\/14\\\/preliberan-manana-a-600-presos-injustamente-recluidos\\\/\"]}]},{\"@type\":\"ImageObject\",\"inLanguage\":\"es\",\"@id\":\"https:\\\/\\\/fuentesfidedignas.com.mx\\\/index.php\\\/2021\\\/09\\\/14\\\/preliberan-manana-a-600-presos-injustamente-recluidos\\\/#primaryimage\",\"url\":\"https:\\\/\\\/fuentesfidedignas.com.mx\\\/wp-content\\\/uploads\\\/2021\\\/09\\\/image_large-31.jpeg\",\"contentUrl\":\"https:\\\/\\\/fuentesfidedignas.com.mx\\\/wp-content\\\/uploads\\\/2021\\\/09\\\/image_large-31.jpeg\",\"width\":1024,\"height\":769},{\"@type\":\"BreadcrumbList\",\"@id\":\"https:\\\/\\\/fuentesfidedignas.com.mx\\\/index.php\\\/2021\\\/09\\\/14\\\/preliberan-manana-a-600-presos-injustamente-recluidos\\\/#breadcrumb\",\"itemListElement\":[{\"@type\":\"ListItem\",\"position\":1,\"name\":\"Inicio\",\"item\":\"https:\\\/\\\/fuentesfidedignas.com.mx\\\/\"},{\"@type\":\"ListItem\",\"position\":2,\"name\":\"Preliberan ma\u00f1ana a 600 presos injustamente recluidos\"}]},{\"@type\":\"WebSite\",\"@id\":\"https:\\\/\\\/fuentesfidedignas.com.mx\\\/#website\",\"url\":\"https:\\\/\\\/fuentesfidedignas.com.mx\\\/\",\"name\":\"Fuentes Fidedignas\",\"description\":\"Otro sitio realizado con WordPress\",\"publisher\":{\"@id\":\"https:\\\/\\\/fuentesfidedignas.com.mx\\\/#organization\"},\"potentialAction\":[{\"@type\":\"SearchAction\",\"target\":{\"@type\":\"EntryPoint\",\"urlTemplate\":\"https:\\\/\\\/fuentesfidedignas.com.mx\\\/?s={search_term_string}\"},\"query-input\":{\"@type\":\"PropertyValueSpecification\",\"valueRequired\":true,\"valueName\":\"search_term_string\"}}],\"inLanguage\":\"es\"},{\"@type\":\"Organization\",\"@id\":\"https:\\\/\\\/fuentesfidedignas.com.mx\\\/#organization\",\"name\":\"Fuentes Fidedignas\",\"url\":\"https:\\\/\\\/fuentesfidedignas.com.mx\\\/\",\"logo\":{\"@type\":\"ImageObject\",\"inLanguage\":\"es\",\"@id\":\"https:\\\/\\\/fuentesfidedignas.com.mx\\\/#\\\/schema\\\/logo\\\/image\\\/\",\"url\":\"https:\\\/\\\/fuentesfidedignas.com.mx\\\/wp-content\\\/uploads\\\/2021\\\/04\\\/logo-retina.png\",\"contentUrl\":\"https:\\\/\\\/fuentesfidedignas.com.mx\\\/wp-content\\\/uploads\\\/2021\\\/04\\\/logo-retina.png\",\"width\":280,\"height\":51,\"caption\":\"Fuentes Fidedignas\"},\"image\":{\"@id\":\"https:\\\/\\\/fuentesfidedignas.com.mx\\\/#\\\/schema\\\/logo\\\/image\\\/\"},\"sameAs\":[\"https:\\\/\\\/www.facebook.com\\\/Fuentes-Fidedignas-368234489921644\",\"https:\\\/\\\/x.com\\\/fidedignas\"]},{\"@type\":\"Person\",\"@id\":\"https:\\\/\\\/fuentesfidedignas.com.mx\\\/#\\\/schema\\\/person\\\/87eacee4072e149fccc7de67f9634f35\",\"name\":\"La Jornada\",\"image\":{\"@type\":\"ImageObject\",\"inLanguage\":\"es\",\"@id\":\"https:\\\/\\\/secure.gravatar.com\\\/avatar\\\/2b09f15a418e222775ffd645761e3fcecd1fb9d7a38a3ba858adf349aab82c7c?s=96&d=mm&r=g\",\"url\":\"https:\\\/\\\/secure.gravatar.com\\\/avatar\\\/2b09f15a418e222775ffd645761e3fcecd1fb9d7a38a3ba858adf349aab82c7c?s=96&d=mm&r=g\",\"contentUrl\":\"https:\\\/\\\/secure.gravatar.com\\\/avatar\\\/2b09f15a418e222775ffd645761e3fcecd1fb9d7a38a3ba858adf349aab82c7c?s=96&d=mm&r=g\",\"caption\":\"La Jornada\"},\"url\":\"https:\\\/\\\/fuentesfidedignas.com.mx\\\/index.php\\\/author\\\/jornada\\\/\"}]}<\/script>\n<!-- \/ Yoast SEO plugin. -->","yoast_head_json":{"title":"Preliberan ma\u00f1ana a 600 presos injustamente recluidos - Fuentes Fidedignas","robots":{"index":"index","follow":"follow","max-snippet":"max-snippet:-1","max-image-preview":"max-image-preview:large","max-video-preview":"max-video-preview:-1"},"canonical":"https:\/\/fuentesfidedignas.com.mx\/index.php\/2021\/09\/14\/preliberan-manana-a-600-presos-injustamente-recluidos\/","og_locale":"es_MX","og_type":"article","og_title":"Preliberan ma\u00f1ana a 600 presos injustamente recluidos - Fuentes Fidedignas","og_description":"Entre los presos, sin sentencia o acusados injustamente, se encuentran personas mayores de 70 a\u00f1os Ciudad de M\u00e9xico. El gobierno federal prelilberar\u00e1 ma\u00f1ana a 600 presos que perdieron su libertad injustamente, inform\u00f3 el presidente Andr\u00e9s Manuel L\u00f3pez Obrador. En Palacio Nacional, tambi\u00e9n adelant\u00f3 que se encuentran en revisi\u00f3n cuatro mil expedientes m\u00e1s de personas en [&hellip;]","og_url":"https:\/\/fuentesfidedignas.com.mx\/index.php\/2021\/09\/14\/preliberan-manana-a-600-presos-injustamente-recluidos\/","og_site_name":"Fuentes Fidedignas","article_publisher":"https:\/\/www.facebook.com\/Fuentes-Fidedignas-368234489921644","article_published_time":"2021-09-14T14:43:03+00:00","article_modified_time":"2021-09-14T14:43:05+00:00","og_image":[{"width":1024,"height":769,"url":"https:\/\/fuentesfidedignas.com.mx\/wp-content\/uploads\/2021\/09\/image_large-31.jpeg","type":"image\/jpeg"}],"author":"La Jornada","twitter_card":"summary_large_image","twitter_creator":"@fidedignas","twitter_site":"@fidedignas","twitter_misc":{"Escrito por":"La Jornada","Tiempo de lectura":"3 minutos"},"schema":{"@context":"https:\/\/schema.org","@graph":[{"@type":"Article","@id":"https:\/\/fuentesfidedignas.com.mx\/index.php\/2021\/09\/14\/preliberan-manana-a-600-presos-injustamente-recluidos\/#article","isPartOf":{"@id":"https:\/\/fuentesfidedignas.com.mx\/index.php\/2021\/09\/14\/preliberan-manana-a-600-presos-injustamente-recluidos\/"},"author":{"name":"La Jornada","@id":"https:\/\/fuentesfidedignas.com.mx\/#\/schema\/person\/87eacee4072e149fccc7de67f9634f35"},"headline":"Preliberan ma\u00f1ana a 600 presos injustamente recluidos","datePublished":"2021-09-14T14:43:03+00:00","dateModified":"2021-09-14T14:43:05+00:00","mainEntityOfPage":{"@id":"https:\/\/fuentesfidedignas.com.mx\/index.php\/2021\/09\/14\/preliberan-manana-a-600-presos-injustamente-recluidos\/"},"wordCount":623,"commentCount":0,"publisher":{"@id":"https:\/\/fuentesfidedignas.com.mx\/#organization"},"image":{"@id":"https:\/\/fuentesfidedignas.com.mx\/index.php\/2021\/09\/14\/preliberan-manana-a-600-presos-injustamente-recluidos\/#primaryimage"},"thumbnailUrl":"https:\/\/fuentesfidedignas.com.mx\/wp-content\/uploads\/2021\/09\/image_large-31.jpeg","articleSection":["NOTICIAS NACIONALES"],"inLanguage":"es","potentialAction":[{"@type":"CommentAction","name":"Comment","target":["https:\/\/fuentesfidedignas.com.mx\/index.php\/2021\/09\/14\/preliberan-manana-a-600-presos-injustamente-recluidos\/#respond"]}]},{"@type":"WebPage","@id":"https:\/\/fuentesfidedignas.com.mx\/index.php\/2021\/09\/14\/preliberan-manana-a-600-presos-injustamente-recluidos\/","url":"https:\/\/fuentesfidedignas.com.mx\/index.php\/2021\/09\/14\/preliberan-manana-a-600-presos-injustamente-recluidos\/","name":"Preliberan ma\u00f1ana a 600 presos injustamente recluidos - Fuentes Fidedignas","isPartOf":{"@id":"https:\/\/fuentesfidedignas.com.mx\/#website"},"primaryImageOfPage":{"@id":"https:\/\/fuentesfidedignas.com.mx\/index.php\/2021\/09\/14\/preliberan-manana-a-600-presos-injustamente-recluidos\/#primaryimage"},"image":{"@id":"https:\/\/fuentesfidedignas.com.mx\/index.php\/2021\/09\/14\/preliberan-manana-a-600-presos-injustamente-recluidos\/#primaryimage"},"thumbnailUrl":"https:\/\/fuentesfidedignas.com.mx\/wp-content\/uploads\/2021\/09\/image_large-31.jpeg","datePublished":"2021-09-14T14:43:03+00:00","dateModified":"2021-09-14T14:43:05+00:00","breadcrumb":{"@id":"https:\/\/fuentesfidedignas.com.mx\/index.php\/2021\/09\/14\/preliberan-manana-a-600-presos-injustamente-recluidos\/#breadcrumb"},"inLanguage":"es","potentialAction":[{"@type":"ReadAction","target":["https:\/\/fuentesfidedignas.com.mx\/index.php\/2021\/09\/14\/preliberan-manana-a-600-presos-injustamente-recluidos\/"]}]},{"@type":"ImageObject","inLanguage":"es","@id":"https:\/\/fuentesfidedignas.com.mx\/index.php\/2021\/09\/14\/preliberan-manana-a-600-presos-injustamente-recluidos\/#primaryimage","url":"https:\/\/fuentesfidedignas.com.mx\/wp-content\/uploads\/2021\/09\/image_large-31.jpeg","contentUrl":"https:\/\/fuentesfidedignas.com.mx\/wp-content\/uploads\/2021\/09\/image_large-31.jpeg","width":1024,"height":769},{"@type":"BreadcrumbList","@id":"https:\/\/fuentesfidedignas.com.mx\/index.php\/2021\/09\/14\/preliberan-manana-a-600-presos-injustamente-recluidos\/#breadcrumb","itemListElement":[{"@type":"ListItem","position":1,"name":"Inicio","item":"https:\/\/fuentesfidedignas.com.mx\/"},{"@type":"ListItem","position":2,"name":"Preliberan ma\u00f1ana a 600 presos injustamente recluidos"}]},{"@type":"WebSite","@id":"https:\/\/fuentesfidedignas.com.mx\/#website","url":"https:\/\/fuentesfidedignas.com.mx\/","name":"Fuentes Fidedignas","description":"Otro sitio realizado con WordPress","publisher":{"@id":"https:\/\/fuentesfidedignas.com.mx\/#organization"},"potentialAction":[{"@type":"SearchAction","target":{"@type":"EntryPoint","urlTemplate":"https:\/\/fuentesfidedignas.com.mx\/?s={search_term_string}"},"query-input":{"@type":"PropertyValueSpecification","valueRequired":true,"valueName":"search_term_string"}}],"inLanguage":"es"},{"@type":"Organization","@id":"https:\/\/fuentesfidedignas.com.mx\/#organization","name":"Fuentes Fidedignas","url":"https:\/\/fuentesfidedignas.com.mx\/","logo":{"@type":"ImageObject","inLanguage":"es","@id":"https:\/\/fuentesfidedignas.com.mx\/#\/schema\/logo\/image\/","url":"https:\/\/fuentesfidedignas.com.mx\/wp-content\/uploads\/2021\/04\/logo-retina.png","contentUrl":"https:\/\/fuentesfidedignas.com.mx\/wp-content\/uploads\/2021\/04\/logo-retina.png","width":280,"height":51,"caption":"Fuentes Fidedignas"},"image":{"@id":"https:\/\/fuentesfidedignas.com.mx\/#\/schema\/logo\/image\/"},"sameAs":["https:\/\/www.facebook.com\/Fuentes-Fidedignas-368234489921644","https:\/\/x.com\/fidedignas"]},{"@type":"Person","@id":"https:\/\/fuentesfidedignas.com.mx\/#\/schema\/person\/87eacee4072e149fccc7de67f9634f35","name":"La Jornada","image":{"@type":"ImageObject","inLanguage":"es","@id":"https:\/\/secure.gravatar.com\/avatar\/2b09f15a418e222775ffd645761e3fcecd1fb9d7a38a3ba858adf349aab82c7c?s=96&d=mm&r=g","url":"https:\/\/secure.gravatar.com\/avatar\/2b09f15a418e222775ffd645761e3fcecd1fb9d7a38a3ba858adf349aab82c7c?s=96&d=mm&r=g","contentUrl":"https:\/\/secure.gravatar.com\/avatar\/2b09f15a418e222775ffd645761e3fcecd1fb9d7a38a3ba858adf349aab82c7c?s=96&d=mm&r=g","caption":"La Jornada"},"url":"https:\/\/fuentesfidedignas.com.mx\/index.php\/author\/jornada\/"}]}},"_links":{"self":[{"href":"https:\/\/fuentesfidedignas.com.mx\/index.php\/wp-json\/wp\/v2\/posts\/12521","targetHints":{"allow":["GET"]}}],"collection":[{"href":"https:\/\/fuentesfidedignas.com.mx\/index.php\/wp-json\/wp\/v2\/posts"}],"about":[{"href":"https:\/\/fuentesfidedignas.com.mx\/index.php\/wp-json\/wp\/v2\/types\/post"}],"author":[{"embeddable":true,"href":"https:\/\/fuentesfidedignas.com.mx\/index.php\/wp-json\/wp\/v2\/users\/45"}],"replies":[{"embeddable":true,"href":"https:\/\/fuentesfidedignas.com.mx\/index.php\/wp-json\/wp\/v2\/comments?post=12521"}],"version-history":[{"count":1,"href":"https:\/\/fuentesfidedignas.com.mx\/index.php\/wp-json\/wp\/v2\/posts\/12521\/revisions"}],"predecessor-version":[{"id":12523,"href":"https:\/\/fuentesfidedignas.com.mx\/index.php\/wp-json\/wp\/v2\/posts\/12521\/revisions\/12523"}],"wp:featuredmedia":[{"embeddable":true,"href":"https:\/\/fuentesfidedignas.com.mx\/index.php\/wp-json\/wp\/v2\/media\/12522"}],"wp:attachment":[{"href":"https:\/\/fuentesfidedignas.com.mx\/index.php\/wp-json\/wp\/v2\/media?parent=12521"}],"wp:term":[{"taxonomy":"category","embeddable":true,"href":"https:\/\/fuentesfidedignas.com.mx\/index.php\/wp-json\/wp\/v2\/categories?post=12521"},{"taxonomy":"post_tag","embeddable":true,"href":"https:\/\/fuentesfidedignas.com.mx\/index.php\/wp-json\/wp\/v2\/tags?post=12521"}],"curies":[{"name":"wp","href":"https:\/\/api.w.org\/{rel}","templated":true}]}}