{"id":125194,"date":"2026-01-14T00:16:00","date_gmt":"2026-01-14T07:16:00","guid":{"rendered":"https:\/\/fuentesfidedignas.com.mx\/?p=125194"},"modified":"2026-01-13T12:34:37","modified_gmt":"2026-01-13T19:34:37","slug":"esquiadora-provoca-aterradora-avalancha-y-queda-atrapada-con-su-perrito","status":"publish","type":"post","link":"https:\/\/fuentesfidedignas.com.mx\/index.php\/2026\/01\/14\/esquiadora-provoca-aterradora-avalancha-y-queda-atrapada-con-su-perrito\/","title":{"rendered":"Esquiadora provoca aterradora avalancha y queda atrapada con su perrito"},"content":{"rendered":"\n<p><br><strong><em>La esquiadora Ares Masip sobrevivi\u00f3 a una avalancha en Andorra y comparti\u00f3 su experiencia para alertar sobre los peligros reales de la monta\u00f1a y la falsa sensaci\u00f3n de seguridad.<\/em><\/strong><\/p>\n\n\n\n<p>La&nbsp;<strong>esquiadora andorrana Ares Masip<\/strong>&nbsp;comparti\u00f3 en redes sociales un impactante video para relatar el gran susto que vivi\u00f3 el pasado 8 de enero, cuando&nbsp;<strong>provoc\u00f3 accidentalmente una avalancha<\/strong>&nbsp;mientras esquiaba en la&nbsp;<strong>zona del Cim de l\u2019Hortell, en Andorra,<\/strong>&nbsp;a unos 2,400 metros de altura.<\/p>\n\n\n\n<p>En las im\u00e1genes, grabadas por la propia deportista, se observa c\u00f3mo&nbsp;<strong>la nieve se desprende repentinamente y la arrastra varios metros cuesta abajo<\/strong>, afortunadamente, la avalancha no tuvo la fuerza suficiente para sepultarla por completo, lo que le permiti\u00f3 escapar sin sufrir heridas graves.<\/p>\n\n\n\n<p>Masip explic\u00f3 que&nbsp;<strong>se encontraba en compa\u00f1\u00eda de su perrito, Cim<\/strong>, que la segu\u00eda corriendo muy de cerca, en un terreno que conoce bien y que hab\u00eda descendido en varias ocasiones durante los d\u00edas previos.<\/p>\n\n\n\n<p>Adem\u00e1s, el bolet\u00edn de avalanchas indicaba un riesgo bajo a limitado (nivel 1-2), lo que le gener\u00f3 una falsa sensaci\u00f3n de seguridad.<\/p>\n\n\n\n<blockquote class=\"wp-block-quote is-layout-flow wp-block-quote-is-layout-flow\">\n<p><a href=\"https:\/\/www.instagram.com\/reel\/DTQVjynjCtf\/?utm_source=ig_embed&amp;utm_campaign=loading\" target=\"_blank\" rel=\"noreferrer noopener\"><\/a><\/p>\n\n\n\n<p><a href=\"https:\/\/www.instagram.com\/reel\/DTQVjynjCtf\/?utm_source=ig_embed&amp;utm_campaign=loading\" target=\"_blank\" rel=\"noreferrer noopener\"><\/a><a href=\"https:\/\/www.instagram.com\/reel\/DTQVjynjCtf\/?utm_source=ig_embed&amp;utm_campaign=loading\" target=\"_blank\" rel=\"noreferrer noopener\"><\/a><\/p>\n\n\n\n<p><a href=\"https:\/\/www.instagram.com\/reel\/DTQVjynjCtf\/?utm_source=ig_embed&amp;utm_campaign=loading\" target=\"_blank\" rel=\"noreferrer noopener\">Ver esta publicaci\u00f3n en Instagram<\/a><\/p>\n\n\n\n<p><a href=\"https:\/\/www.instagram.com\/reel\/DTQVjynjCtf\/?utm_source=ig_embed&amp;utm_campaign=loading\" target=\"_blank\" rel=\"noreferrer noopener\">Una publicaci\u00f3n compartida de Ares Masip (@ares_masip)<\/a><\/p>\n\n\n\n<p><\/p>\n<\/blockquote>\n\n\n\n<h3 class=\"wp-block-heading\">\u201cNo es que las condiciones fueran seguras, es que parec\u00edan seguras\u201d, reconoci\u00f3.<\/h3>\n\n\n\n<p>La deportista, tambi\u00e9n practicante de ciclismo de monta\u00f1a,&nbsp;<strong>decidi\u00f3 salir a esquiar en solitario y acompa\u00f1ada de su mascota<\/strong>, tras sentirse cansada para realizar una actividad m\u00e1s exigente, sin embargo, una combinaci\u00f3n de factores, terreno familiar, experiencia previa y condiciones aparentemente estables, la llev\u00f3 a bajar la guardia.<\/p>\n\n\n\n<p>Este tipo de situaciones, explic\u00f3, responde a lo que se conoce como una&nbsp;<strong>\u201ctrampa heur\u00edstica\u201d,&nbsp;<\/strong>un sesgo mental que hace que&nbsp;<strong>las personas subestimen el peligro real<\/strong>&nbsp;cuando creen tener el control del entorno, en monta\u00f1a, advirti\u00f3, este error puede tener consecuencias graves.<\/p>\n\n\n\n<h3 class=\"wp-block-heading\">\u00bfPor qu\u00e9 son tan peligrosas las avalanchas?<\/h3>\n\n\n\n<p><strong>Una avalancha es un desprendimiento repentino de grandes masas de nieve<\/strong>&nbsp;que descienden a gran velocidad por una ladera, su principal peligro radica en la fuerza y rapidez con la que se desplaza, lo que&nbsp;<strong>puede arrastrar, golpear o sepultar a quienes se encuentren en su recorrido<\/strong>, incluso cuando el riesgo declarado es bajo.<\/p>\n\n\n\n<p>Ares Masip decidi\u00f3 difundir su experiencia como una forma de concienciar sobre los riesgos reales de la monta\u00f1a.<\/p>\n\n\n\n<h3 class=\"wp-block-heading\">\u201cEl riesgo cero simplemente no existe\u201d, subray\u00f3.<\/h3>\n\n\n\n<p>Para ella, lo ocurrido fue un fuerte impacto emocional, pero tambi\u00e9n una valiosa lecci\u00f3n personal.<\/p>\n\n\n\n<h3 class=\"wp-block-heading\">\u201cSi este testimonio puede ayudar a que alguien se mantenga alerta, incluso en un lugar que cree conocer bien, entonces habr\u00e1 valido la pena compartirlo\u201d, concluy\u00f3.<\/h3>\n","protected":false},"excerpt":{"rendered":"<p>La esquiadora Ares Masip sobrevivi\u00f3 a una avalancha en Andorra y comparti\u00f3 su experiencia para alertar sobre los peligros reales de la monta\u00f1a y la falsa sensaci\u00f3n de seguridad. La&nbsp;esquiadora andorrana Ares Masip&nbsp;comparti\u00f3 en redes sociales un impactante video para relatar el gran susto que vivi\u00f3 el pasado 8 de enero, cuando&nbsp;provoc\u00f3 accidentalmente una avalancha&nbsp;mientras [&hellip;]<\/p>\n","protected":false},"author":7,"featured_media":125196,"comment_status":"open","ping_status":"open","sticky":false,"template":"","format":"standard","meta":{"tdm_status":"","tdm_grid_status":"","footnotes":""},"categories":[40],"tags":[],"class_list":{"0":"post-125194","1":"post","2":"type-post","3":"status-publish","4":"format-standard","5":"has-post-thumbnail","7":"category-las-asombrosas"},"yoast_head":"<!-- This site is optimized with the Yoast SEO plugin v27.4 - https:\/\/yoast.com\/product\/yoast-seo-wordpress\/ -->\n<title>Esquiadora provoca aterradora avalancha y queda atrapada con su perrito - Fuentes Fidedignas<\/title>\n<meta name=\"robots\" content=\"index, follow, max-snippet:-1, max-image-preview:large, max-video-preview:-1\" \/>\n<link rel=\"canonical\" href=\"https:\/\/fuentesfidedignas.com.mx\/index.php\/2026\/01\/14\/esquiadora-provoca-aterradora-avalancha-y-queda-atrapada-con-su-perrito\/\" \/>\n<meta property=\"og:locale\" content=\"es_MX\" \/>\n<meta property=\"og:type\" content=\"article\" \/>\n<meta property=\"og:title\" content=\"Esquiadora provoca aterradora avalancha y queda atrapada con su perrito - Fuentes Fidedignas\" \/>\n<meta property=\"og:description\" content=\"La esquiadora Ares Masip sobrevivi\u00f3 a una avalancha en Andorra y comparti\u00f3 su experiencia para alertar sobre los peligros reales de la monta\u00f1a y la falsa sensaci\u00f3n de seguridad. La&nbsp;esquiadora andorrana Ares Masip&nbsp;comparti\u00f3 en redes sociales un impactante video para relatar el gran susto que vivi\u00f3 el pasado 8 de enero, cuando&nbsp;provoc\u00f3 accidentalmente una avalancha&nbsp;mientras [&hellip;]\" \/>\n<meta property=\"og:url\" content=\"https:\/\/fuentesfidedignas.com.mx\/index.php\/2026\/01\/14\/esquiadora-provoca-aterradora-avalancha-y-queda-atrapada-con-su-perrito\/\" \/>\n<meta property=\"og:site_name\" content=\"Fuentes Fidedignas\" \/>\n<meta property=\"article:publisher\" content=\"https:\/\/www.facebook.com\/Fuentes-Fidedignas-368234489921644\" \/>\n<meta property=\"article:published_time\" content=\"2026-01-14T07:16:00+00:00\" \/>\n<meta property=\"og:image\" content=\"https:\/\/fuentesfidedignas.com.mx\/wp-content\/uploads\/2026\/01\/Captura-de-pantalla-76.jpg\" \/>\n\t<meta property=\"og:image:width\" content=\"729\" \/>\n\t<meta property=\"og:image:height\" content=\"475\" \/>\n\t<meta property=\"og:image:type\" content=\"image\/jpeg\" \/>\n<meta name=\"author\" content=\"Exc\u00e9lsior\" \/>\n<meta name=\"twitter:card\" content=\"summary_large_image\" \/>\n<meta name=\"twitter:creator\" content=\"@fidedignas\" \/>\n<meta name=\"twitter:site\" content=\"@fidedignas\" \/>\n<meta name=\"twitter:label1\" content=\"Escrito por\" \/>\n\t<meta name=\"twitter:data1\" content=\"Exc\u00e9lsior\" \/>\n\t<meta name=\"twitter:label2\" content=\"Tiempo de lectura\" \/>\n\t<meta name=\"twitter:data2\" content=\"3 minutos\" \/>\n<script type=\"application\/ld+json\" class=\"yoast-schema-graph\">{\"@context\":\"https:\\\/\\\/schema.org\",\"@graph\":[{\"@type\":\"Article\",\"@id\":\"https:\\\/\\\/fuentesfidedignas.com.mx\\\/index.php\\\/2026\\\/01\\\/14\\\/esquiadora-provoca-aterradora-avalancha-y-queda-atrapada-con-su-perrito\\\/#article\",\"isPartOf\":{\"@id\":\"https:\\\/\\\/fuentesfidedignas.com.mx\\\/index.php\\\/2026\\\/01\\\/14\\\/esquiadora-provoca-aterradora-avalancha-y-queda-atrapada-con-su-perrito\\\/\"},\"author\":{\"name\":\"Exc\u00e9lsior\",\"@id\":\"https:\\\/\\\/fuentesfidedignas.com.mx\\\/#\\\/schema\\\/person\\\/ec4edd1fbf5efa3e44fce34fe2787780\"},\"headline\":\"Esquiadora provoca aterradora avalancha y queda atrapada con su perrito\",\"datePublished\":\"2026-01-14T07:16:00+00:00\",\"mainEntityOfPage\":{\"@id\":\"https:\\\/\\\/fuentesfidedignas.com.mx\\\/index.php\\\/2026\\\/01\\\/14\\\/esquiadora-provoca-aterradora-avalancha-y-queda-atrapada-con-su-perrito\\\/\"},\"wordCount\":467,\"commentCount\":0,\"publisher\":{\"@id\":\"https:\\\/\\\/fuentesfidedignas.com.mx\\\/#organization\"},\"image\":{\"@id\":\"https:\\\/\\\/fuentesfidedignas.com.mx\\\/index.php\\\/2026\\\/01\\\/14\\\/esquiadora-provoca-aterradora-avalancha-y-queda-atrapada-con-su-perrito\\\/#primaryimage\"},\"thumbnailUrl\":\"https:\\\/\\\/fuentesfidedignas.com.mx\\\/wp-content\\\/uploads\\\/2026\\\/01\\\/Captura-de-pantalla-76.jpg\",\"articleSection\":[\"LAS ASOMBROSAS\"],\"inLanguage\":\"es\",\"potentialAction\":[{\"@type\":\"CommentAction\",\"name\":\"Comment\",\"target\":[\"https:\\\/\\\/fuentesfidedignas.com.mx\\\/index.php\\\/2026\\\/01\\\/14\\\/esquiadora-provoca-aterradora-avalancha-y-queda-atrapada-con-su-perrito\\\/#respond\"]}]},{\"@type\":\"WebPage\",\"@id\":\"https:\\\/\\\/fuentesfidedignas.com.mx\\\/index.php\\\/2026\\\/01\\\/14\\\/esquiadora-provoca-aterradora-avalancha-y-queda-atrapada-con-su-perrito\\\/\",\"url\":\"https:\\\/\\\/fuentesfidedignas.com.mx\\\/index.php\\\/2026\\\/01\\\/14\\\/esquiadora-provoca-aterradora-avalancha-y-queda-atrapada-con-su-perrito\\\/\",\"name\":\"Esquiadora provoca aterradora avalancha y queda atrapada con su perrito - Fuentes Fidedignas\",\"isPartOf\":{\"@id\":\"https:\\\/\\\/fuentesfidedignas.com.mx\\\/#website\"},\"primaryImageOfPage\":{\"@id\":\"https:\\\/\\\/fuentesfidedignas.com.mx\\\/index.php\\\/2026\\\/01\\\/14\\\/esquiadora-provoca-aterradora-avalancha-y-queda-atrapada-con-su-perrito\\\/#primaryimage\"},\"image\":{\"@id\":\"https:\\\/\\\/fuentesfidedignas.com.mx\\\/index.php\\\/2026\\\/01\\\/14\\\/esquiadora-provoca-aterradora-avalancha-y-queda-atrapada-con-su-perrito\\\/#primaryimage\"},\"thumbnailUrl\":\"https:\\\/\\\/fuentesfidedignas.com.mx\\\/wp-content\\\/uploads\\\/2026\\\/01\\\/Captura-de-pantalla-76.jpg\",\"datePublished\":\"2026-01-14T07:16:00+00:00\",\"breadcrumb\":{\"@id\":\"https:\\\/\\\/fuentesfidedignas.com.mx\\\/index.php\\\/2026\\\/01\\\/14\\\/esquiadora-provoca-aterradora-avalancha-y-queda-atrapada-con-su-perrito\\\/#breadcrumb\"},\"inLanguage\":\"es\",\"potentialAction\":[{\"@type\":\"ReadAction\",\"target\":[\"https:\\\/\\\/fuentesfidedignas.com.mx\\\/index.php\\\/2026\\\/01\\\/14\\\/esquiadora-provoca-aterradora-avalancha-y-queda-atrapada-con-su-perrito\\\/\"]}]},{\"@type\":\"ImageObject\",\"inLanguage\":\"es\",\"@id\":\"https:\\\/\\\/fuentesfidedignas.com.mx\\\/index.php\\\/2026\\\/01\\\/14\\\/esquiadora-provoca-aterradora-avalancha-y-queda-atrapada-con-su-perrito\\\/#primaryimage\",\"url\":\"https:\\\/\\\/fuentesfidedignas.com.mx\\\/wp-content\\\/uploads\\\/2026\\\/01\\\/Captura-de-pantalla-76.jpg\",\"contentUrl\":\"https:\\\/\\\/fuentesfidedignas.com.mx\\\/wp-content\\\/uploads\\\/2026\\\/01\\\/Captura-de-pantalla-76.jpg\",\"width\":729,\"height\":475},{\"@type\":\"BreadcrumbList\",\"@id\":\"https:\\\/\\\/fuentesfidedignas.com.mx\\\/index.php\\\/2026\\\/01\\\/14\\\/esquiadora-provoca-aterradora-avalancha-y-queda-atrapada-con-su-perrito\\\/#breadcrumb\",\"itemListElement\":[{\"@type\":\"ListItem\",\"position\":1,\"name\":\"Inicio\",\"item\":\"https:\\\/\\\/fuentesfidedignas.com.mx\\\/\"},{\"@type\":\"ListItem\",\"position\":2,\"name\":\"Esquiadora provoca aterradora avalancha y queda atrapada con su perrito\"}]},{\"@type\":\"WebSite\",\"@id\":\"https:\\\/\\\/fuentesfidedignas.com.mx\\\/#website\",\"url\":\"https:\\\/\\\/fuentesfidedignas.com.mx\\\/\",\"name\":\"Fuentes Fidedignas\",\"description\":\"Otro sitio realizado con WordPress\",\"publisher\":{\"@id\":\"https:\\\/\\\/fuentesfidedignas.com.mx\\\/#organization\"},\"potentialAction\":[{\"@type\":\"SearchAction\",\"target\":{\"@type\":\"EntryPoint\",\"urlTemplate\":\"https:\\\/\\\/fuentesfidedignas.com.mx\\\/?s={search_term_string}\"},\"query-input\":{\"@type\":\"PropertyValueSpecification\",\"valueRequired\":true,\"valueName\":\"search_term_string\"}}],\"inLanguage\":\"es\"},{\"@type\":\"Organization\",\"@id\":\"https:\\\/\\\/fuentesfidedignas.com.mx\\\/#organization\",\"name\":\"Fuentes Fidedignas\",\"url\":\"https:\\\/\\\/fuentesfidedignas.com.mx\\\/\",\"logo\":{\"@type\":\"ImageObject\",\"inLanguage\":\"es\",\"@id\":\"https:\\\/\\\/fuentesfidedignas.com.mx\\\/#\\\/schema\\\/logo\\\/image\\\/\",\"url\":\"https:\\\/\\\/fuentesfidedignas.com.mx\\\/wp-content\\\/uploads\\\/2021\\\/04\\\/logo-retina.png\",\"contentUrl\":\"https:\\\/\\\/fuentesfidedignas.com.mx\\\/wp-content\\\/uploads\\\/2021\\\/04\\\/logo-retina.png\",\"width\":280,\"height\":51,\"caption\":\"Fuentes Fidedignas\"},\"image\":{\"@id\":\"https:\\\/\\\/fuentesfidedignas.com.mx\\\/#\\\/schema\\\/logo\\\/image\\\/\"},\"sameAs\":[\"https:\\\/\\\/www.facebook.com\\\/Fuentes-Fidedignas-368234489921644\",\"https:\\\/\\\/x.com\\\/fidedignas\"]},{\"@type\":\"Person\",\"@id\":\"https:\\\/\\\/fuentesfidedignas.com.mx\\\/#\\\/schema\\\/person\\\/ec4edd1fbf5efa3e44fce34fe2787780\",\"name\":\"Exc\u00e9lsior\",\"image\":{\"@type\":\"ImageObject\",\"inLanguage\":\"es\",\"@id\":\"https:\\\/\\\/secure.gravatar.com\\\/avatar\\\/4b7ee9206b48be08447852b3f0814dbc7c0f3b51541b164f1464a2725614020b?s=96&d=mm&r=g\",\"url\":\"https:\\\/\\\/secure.gravatar.com\\\/avatar\\\/4b7ee9206b48be08447852b3f0814dbc7c0f3b51541b164f1464a2725614020b?s=96&d=mm&r=g\",\"contentUrl\":\"https:\\\/\\\/secure.gravatar.com\\\/avatar\\\/4b7ee9206b48be08447852b3f0814dbc7c0f3b51541b164f1464a2725614020b?s=96&d=mm&r=g\",\"caption\":\"Exc\u00e9lsior\"},\"url\":\"https:\\\/\\\/fuentesfidedignas.com.mx\\\/index.php\\\/author\\\/excelsior\\\/\"}]}<\/script>\n<!-- \/ Yoast SEO plugin. -->","yoast_head_json":{"title":"Esquiadora provoca aterradora avalancha y queda atrapada con su perrito - Fuentes Fidedignas","robots":{"index":"index","follow":"follow","max-snippet":"max-snippet:-1","max-image-preview":"max-image-preview:large","max-video-preview":"max-video-preview:-1"},"canonical":"https:\/\/fuentesfidedignas.com.mx\/index.php\/2026\/01\/14\/esquiadora-provoca-aterradora-avalancha-y-queda-atrapada-con-su-perrito\/","og_locale":"es_MX","og_type":"article","og_title":"Esquiadora provoca aterradora avalancha y queda atrapada con su perrito - Fuentes Fidedignas","og_description":"La esquiadora Ares Masip sobrevivi\u00f3 a una avalancha en Andorra y comparti\u00f3 su experiencia para alertar sobre los peligros reales de la monta\u00f1a y la falsa sensaci\u00f3n de seguridad. La&nbsp;esquiadora andorrana Ares Masip&nbsp;comparti\u00f3 en redes sociales un impactante video para relatar el gran susto que vivi\u00f3 el pasado 8 de enero, cuando&nbsp;provoc\u00f3 accidentalmente una avalancha&nbsp;mientras [&hellip;]","og_url":"https:\/\/fuentesfidedignas.com.mx\/index.php\/2026\/01\/14\/esquiadora-provoca-aterradora-avalancha-y-queda-atrapada-con-su-perrito\/","og_site_name":"Fuentes Fidedignas","article_publisher":"https:\/\/www.facebook.com\/Fuentes-Fidedignas-368234489921644","article_published_time":"2026-01-14T07:16:00+00:00","og_image":[{"width":729,"height":475,"url":"https:\/\/fuentesfidedignas.com.mx\/wp-content\/uploads\/2026\/01\/Captura-de-pantalla-76.jpg","type":"image\/jpeg"}],"author":"Exc\u00e9lsior","twitter_card":"summary_large_image","twitter_creator":"@fidedignas","twitter_site":"@fidedignas","twitter_misc":{"Escrito por":"Exc\u00e9lsior","Tiempo de lectura":"3 minutos"},"schema":{"@context":"https:\/\/schema.org","@graph":[{"@type":"Article","@id":"https:\/\/fuentesfidedignas.com.mx\/index.php\/2026\/01\/14\/esquiadora-provoca-aterradora-avalancha-y-queda-atrapada-con-su-perrito\/#article","isPartOf":{"@id":"https:\/\/fuentesfidedignas.com.mx\/index.php\/2026\/01\/14\/esquiadora-provoca-aterradora-avalancha-y-queda-atrapada-con-su-perrito\/"},"author":{"name":"Exc\u00e9lsior","@id":"https:\/\/fuentesfidedignas.com.mx\/#\/schema\/person\/ec4edd1fbf5efa3e44fce34fe2787780"},"headline":"Esquiadora provoca aterradora avalancha y queda atrapada con su perrito","datePublished":"2026-01-14T07:16:00+00:00","mainEntityOfPage":{"@id":"https:\/\/fuentesfidedignas.com.mx\/index.php\/2026\/01\/14\/esquiadora-provoca-aterradora-avalancha-y-queda-atrapada-con-su-perrito\/"},"wordCount":467,"commentCount":0,"publisher":{"@id":"https:\/\/fuentesfidedignas.com.mx\/#organization"},"image":{"@id":"https:\/\/fuentesfidedignas.com.mx\/index.php\/2026\/01\/14\/esquiadora-provoca-aterradora-avalancha-y-queda-atrapada-con-su-perrito\/#primaryimage"},"thumbnailUrl":"https:\/\/fuentesfidedignas.com.mx\/wp-content\/uploads\/2026\/01\/Captura-de-pantalla-76.jpg","articleSection":["LAS ASOMBROSAS"],"inLanguage":"es","potentialAction":[{"@type":"CommentAction","name":"Comment","target":["https:\/\/fuentesfidedignas.com.mx\/index.php\/2026\/01\/14\/esquiadora-provoca-aterradora-avalancha-y-queda-atrapada-con-su-perrito\/#respond"]}]},{"@type":"WebPage","@id":"https:\/\/fuentesfidedignas.com.mx\/index.php\/2026\/01\/14\/esquiadora-provoca-aterradora-avalancha-y-queda-atrapada-con-su-perrito\/","url":"https:\/\/fuentesfidedignas.com.mx\/index.php\/2026\/01\/14\/esquiadora-provoca-aterradora-avalancha-y-queda-atrapada-con-su-perrito\/","name":"Esquiadora provoca aterradora avalancha y queda atrapada con su perrito - Fuentes Fidedignas","isPartOf":{"@id":"https:\/\/fuentesfidedignas.com.mx\/#website"},"primaryImageOfPage":{"@id":"https:\/\/fuentesfidedignas.com.mx\/index.php\/2026\/01\/14\/esquiadora-provoca-aterradora-avalancha-y-queda-atrapada-con-su-perrito\/#primaryimage"},"image":{"@id":"https:\/\/fuentesfidedignas.com.mx\/index.php\/2026\/01\/14\/esquiadora-provoca-aterradora-avalancha-y-queda-atrapada-con-su-perrito\/#primaryimage"},"thumbnailUrl":"https:\/\/fuentesfidedignas.com.mx\/wp-content\/uploads\/2026\/01\/Captura-de-pantalla-76.jpg","datePublished":"2026-01-14T07:16:00+00:00","breadcrumb":{"@id":"https:\/\/fuentesfidedignas.com.mx\/index.php\/2026\/01\/14\/esquiadora-provoca-aterradora-avalancha-y-queda-atrapada-con-su-perrito\/#breadcrumb"},"inLanguage":"es","potentialAction":[{"@type":"ReadAction","target":["https:\/\/fuentesfidedignas.com.mx\/index.php\/2026\/01\/14\/esquiadora-provoca-aterradora-avalancha-y-queda-atrapada-con-su-perrito\/"]}]},{"@type":"ImageObject","inLanguage":"es","@id":"https:\/\/fuentesfidedignas.com.mx\/index.php\/2026\/01\/14\/esquiadora-provoca-aterradora-avalancha-y-queda-atrapada-con-su-perrito\/#primaryimage","url":"https:\/\/fuentesfidedignas.com.mx\/wp-content\/uploads\/2026\/01\/Captura-de-pantalla-76.jpg","contentUrl":"https:\/\/fuentesfidedignas.com.mx\/wp-content\/uploads\/2026\/01\/Captura-de-pantalla-76.jpg","width":729,"height":475},{"@type":"BreadcrumbList","@id":"https:\/\/fuentesfidedignas.com.mx\/index.php\/2026\/01\/14\/esquiadora-provoca-aterradora-avalancha-y-queda-atrapada-con-su-perrito\/#breadcrumb","itemListElement":[{"@type":"ListItem","position":1,"name":"Inicio","item":"https:\/\/fuentesfidedignas.com.mx\/"},{"@type":"ListItem","position":2,"name":"Esquiadora provoca aterradora avalancha y queda atrapada con su perrito"}]},{"@type":"WebSite","@id":"https:\/\/fuentesfidedignas.com.mx\/#website","url":"https:\/\/fuentesfidedignas.com.mx\/","name":"Fuentes Fidedignas","description":"Otro sitio realizado con WordPress","publisher":{"@id":"https:\/\/fuentesfidedignas.com.mx\/#organization"},"potentialAction":[{"@type":"SearchAction","target":{"@type":"EntryPoint","urlTemplate":"https:\/\/fuentesfidedignas.com.mx\/?s={search_term_string}"},"query-input":{"@type":"PropertyValueSpecification","valueRequired":true,"valueName":"search_term_string"}}],"inLanguage":"es"},{"@type":"Organization","@id":"https:\/\/fuentesfidedignas.com.mx\/#organization","name":"Fuentes Fidedignas","url":"https:\/\/fuentesfidedignas.com.mx\/","logo":{"@type":"ImageObject","inLanguage":"es","@id":"https:\/\/fuentesfidedignas.com.mx\/#\/schema\/logo\/image\/","url":"https:\/\/fuentesfidedignas.com.mx\/wp-content\/uploads\/2021\/04\/logo-retina.png","contentUrl":"https:\/\/fuentesfidedignas.com.mx\/wp-content\/uploads\/2021\/04\/logo-retina.png","width":280,"height":51,"caption":"Fuentes Fidedignas"},"image":{"@id":"https:\/\/fuentesfidedignas.com.mx\/#\/schema\/logo\/image\/"},"sameAs":["https:\/\/www.facebook.com\/Fuentes-Fidedignas-368234489921644","https:\/\/x.com\/fidedignas"]},{"@type":"Person","@id":"https:\/\/fuentesfidedignas.com.mx\/#\/schema\/person\/ec4edd1fbf5efa3e44fce34fe2787780","name":"Exc\u00e9lsior","image":{"@type":"ImageObject","inLanguage":"es","@id":"https:\/\/secure.gravatar.com\/avatar\/4b7ee9206b48be08447852b3f0814dbc7c0f3b51541b164f1464a2725614020b?s=96&d=mm&r=g","url":"https:\/\/secure.gravatar.com\/avatar\/4b7ee9206b48be08447852b3f0814dbc7c0f3b51541b164f1464a2725614020b?s=96&d=mm&r=g","contentUrl":"https:\/\/secure.gravatar.com\/avatar\/4b7ee9206b48be08447852b3f0814dbc7c0f3b51541b164f1464a2725614020b?s=96&d=mm&r=g","caption":"Exc\u00e9lsior"},"url":"https:\/\/fuentesfidedignas.com.mx\/index.php\/author\/excelsior\/"}]}},"_links":{"self":[{"href":"https:\/\/fuentesfidedignas.com.mx\/index.php\/wp-json\/wp\/v2\/posts\/125194","targetHints":{"allow":["GET"]}}],"collection":[{"href":"https:\/\/fuentesfidedignas.com.mx\/index.php\/wp-json\/wp\/v2\/posts"}],"about":[{"href":"https:\/\/fuentesfidedignas.com.mx\/index.php\/wp-json\/wp\/v2\/types\/post"}],"author":[{"embeddable":true,"href":"https:\/\/fuentesfidedignas.com.mx\/index.php\/wp-json\/wp\/v2\/users\/7"}],"replies":[{"embeddable":true,"href":"https:\/\/fuentesfidedignas.com.mx\/index.php\/wp-json\/wp\/v2\/comments?post=125194"}],"version-history":[{"count":1,"href":"https:\/\/fuentesfidedignas.com.mx\/index.php\/wp-json\/wp\/v2\/posts\/125194\/revisions"}],"predecessor-version":[{"id":125197,"href":"https:\/\/fuentesfidedignas.com.mx\/index.php\/wp-json\/wp\/v2\/posts\/125194\/revisions\/125197"}],"wp:featuredmedia":[{"embeddable":true,"href":"https:\/\/fuentesfidedignas.com.mx\/index.php\/wp-json\/wp\/v2\/media\/125196"}],"wp:attachment":[{"href":"https:\/\/fuentesfidedignas.com.mx\/index.php\/wp-json\/wp\/v2\/media?parent=125194"}],"wp:term":[{"taxonomy":"category","embeddable":true,"href":"https:\/\/fuentesfidedignas.com.mx\/index.php\/wp-json\/wp\/v2\/categories?post=125194"},{"taxonomy":"post_tag","embeddable":true,"href":"https:\/\/fuentesfidedignas.com.mx\/index.php\/wp-json\/wp\/v2\/tags?post=125194"}],"curies":[{"name":"wp","href":"https:\/\/api.w.org\/{rel}","templated":true}]}}