{"id":125146,"date":"2026-01-13T05:44:00","date_gmt":"2026-01-13T12:44:00","guid":{"rendered":"https:\/\/fuentesfidedignas.com.mx\/?p=125146"},"modified":"2026-01-12T17:48:38","modified_gmt":"2026-01-13T00:48:38","slug":"protestan-por-retiro-de-animales-del-refugio-franciscano","status":"publish","type":"post","link":"https:\/\/fuentesfidedignas.com.mx\/index.php\/2026\/01\/13\/protestan-por-retiro-de-animales-del-refugio-franciscano\/","title":{"rendered":"Protestan por retiro de animales del refugio Franciscano"},"content":{"rendered":"\n<p>CIUDAD DE M\u00c9XICO, enero 12 (EL UNIVERSAL).- &#8220;\u00a1Fue despojo, no fue rescate!&#8221;, gritaron al un\u00edsono cientos de animalistas y rescatistas sobre Avenida Paseo de la Reforma este domingo, a cinco d\u00edas de que el Gobierno capitalino rescat\u00f3 936 animales del Refugio Franciscano, ubicado en la alcald\u00eda Cuajimalpa.<\/p>\n\n\n\n<p>A mediod\u00eda m\u00e1s de 700 personas -seg\u00fan personal de la Secretar\u00eda de Gobierno- llegaron hasta Palacio Nacional vestidas de animales, con pancartas o con alg\u00fan perro acompa\u00f1\u00e1ndolas para exigir a la presidenta, Claudia Sheinbaum, y a la jefa de Gobierno, Clara Brugada, la devoluci\u00f3n de mil 95 animales entre perros y gatos, pues acusaron que &#8220;fue un robo&#8221;.<\/p>\n\n\n\n<p>Este mi\u00e9rcoles el Gobierno de la Ciudad de M\u00e9xico inform\u00f3 que rescat\u00f3 y traslad\u00f3 a 936 animales del Refugio Franciscano, que viv\u00edan en condiciones de hacinamiento y maltrato, como cumplimiento de una orden judicial.<\/p>\n\n\n\n<p>El presidente del Frente Ciudadano por el Derecho Animal, Jos\u00e9 Luis Carranza, y quien representa al Refugio Franciscano A.C., se\u00f1al\u00f3 que se trat\u00f3 de un desalojo el cual se llev\u00f3 a cabo de manera irregular, ya que no hab\u00eda una sentencia firme.<\/p>\n\n\n\n<p>Refiri\u00f3 que, desde su traslado y hasta ahora en su estancia en un refugio del Ajusco, alcald\u00eda Tlalpan, se han violado los cinco dominios a los que tienen derecho los animales, que son a la nutrici\u00f3n, salud, protecci\u00f3n contra el ambiente, y a estar libres de miedo y estr\u00e9s.<\/p>\n\n\n\n<p>Por ello, se\u00f1al\u00f3 que esta semana se interpondr\u00e1n denuncias penales en contra del Gobierno capitalino, as\u00ed como otro amparo.<\/p>\n\n\n\n<p>M\u00e1s tarde, el Gobierno capitalino inform\u00f3 que los 304 ejemplares trasladados al refugio del Ajusco son atendidos por 15 m\u00e9dicos veterinarios, quienes los valoran las 24 horas del d\u00eda y, quienes diagnosticaron diversas lesiones y problemas de salud, pero comentaron que van evolucionando.<\/p>\n\n\n\n<p>Sobre las condiciones del sitio donde se reubicaron en la GAM, la Secretar\u00eda del Medio Ambiente explic\u00f3 que se est\u00e1n adecuando los lugares, como en su momento se hizo con el recinto de la alcald\u00eda Tlalpan.<\/p>\n","protected":false},"excerpt":{"rendered":"<p>CIUDAD DE M\u00c9XICO, enero 12 (EL UNIVERSAL).- &#8220;\u00a1Fue despojo, no fue rescate!&#8221;, gritaron al un\u00edsono cientos de animalistas y rescatistas sobre Avenida Paseo de la Reforma este domingo, a cinco d\u00edas de que el Gobierno capitalino rescat\u00f3 936 animales del Refugio Franciscano, ubicado en la alcald\u00eda Cuajimalpa. A mediod\u00eda m\u00e1s de 700 personas -seg\u00fan personal [&hellip;]<\/p>\n","protected":false},"author":39,"featured_media":125147,"comment_status":"open","ping_status":"open","sticky":false,"template":"","format":"standard","meta":{"tdm_status":"","tdm_grid_status":"","footnotes":""},"categories":[32,36],"tags":[],"class_list":{"0":"post-125146","1":"post","2":"type-post","3":"status-publish","4":"format-standard","5":"has-post-thumbnail","7":"category-derechos-animales","8":"category-semanales"},"yoast_head":"<!-- This site is optimized with the Yoast SEO plugin v27.4 - https:\/\/yoast.com\/product\/yoast-seo-wordpress\/ -->\n<title>Protestan por retiro de animales del refugio Franciscano - Fuentes Fidedignas<\/title>\n<meta name=\"robots\" content=\"index, follow, max-snippet:-1, max-image-preview:large, max-video-preview:-1\" \/>\n<link rel=\"canonical\" href=\"https:\/\/fuentesfidedignas.com.mx\/index.php\/2026\/01\/13\/protestan-por-retiro-de-animales-del-refugio-franciscano\/\" \/>\n<meta property=\"og:locale\" content=\"es_MX\" \/>\n<meta property=\"og:type\" content=\"article\" \/>\n<meta property=\"og:title\" content=\"Protestan por retiro de animales del refugio Franciscano - Fuentes Fidedignas\" \/>\n<meta property=\"og:description\" content=\"CIUDAD DE M\u00c9XICO, enero 12 (EL UNIVERSAL).- &#8220;\u00a1Fue despojo, no fue rescate!&#8221;, gritaron al un\u00edsono cientos de animalistas y rescatistas sobre Avenida Paseo de la Reforma este domingo, a cinco d\u00edas de que el Gobierno capitalino rescat\u00f3 936 animales del Refugio Franciscano, ubicado en la alcald\u00eda Cuajimalpa. A mediod\u00eda m\u00e1s de 700 personas -seg\u00fan personal [&hellip;]\" \/>\n<meta property=\"og:url\" content=\"https:\/\/fuentesfidedignas.com.mx\/index.php\/2026\/01\/13\/protestan-por-retiro-de-animales-del-refugio-franciscano\/\" \/>\n<meta property=\"og:site_name\" content=\"Fuentes Fidedignas\" \/>\n<meta property=\"article:publisher\" content=\"https:\/\/www.facebook.com\/Fuentes-Fidedignas-368234489921644\" \/>\n<meta property=\"article:published_time\" content=\"2026-01-13T12:44:00+00:00\" \/>\n<meta property=\"og:image\" content=\"https:\/\/fuentesfidedignas.com.mx\/wp-content\/uploads\/2026\/01\/Captura-de-pantalla-75.jpg\" \/>\n\t<meta property=\"og:image:width\" content=\"889\" \/>\n\t<meta property=\"og:image:height\" content=\"589\" \/>\n\t<meta property=\"og:image:type\" content=\"image\/jpeg\" \/>\n<meta name=\"author\" content=\"El Universal\" \/>\n<meta name=\"twitter:card\" content=\"summary_large_image\" \/>\n<meta name=\"twitter:creator\" content=\"@fidedignas\" \/>\n<meta name=\"twitter:site\" content=\"@fidedignas\" \/>\n<meta name=\"twitter:label1\" content=\"Escrito por\" \/>\n\t<meta name=\"twitter:data1\" content=\"El Universal\" \/>\n\t<meta name=\"twitter:label2\" content=\"Tiempo de lectura\" \/>\n\t<meta name=\"twitter:data2\" content=\"2 minutos\" \/>\n<script type=\"application\/ld+json\" class=\"yoast-schema-graph\">{\"@context\":\"https:\\\/\\\/schema.org\",\"@graph\":[{\"@type\":\"Article\",\"@id\":\"https:\\\/\\\/fuentesfidedignas.com.mx\\\/index.php\\\/2026\\\/01\\\/13\\\/protestan-por-retiro-de-animales-del-refugio-franciscano\\\/#article\",\"isPartOf\":{\"@id\":\"https:\\\/\\\/fuentesfidedignas.com.mx\\\/index.php\\\/2026\\\/01\\\/13\\\/protestan-por-retiro-de-animales-del-refugio-franciscano\\\/\"},\"author\":{\"name\":\"El Universal\",\"@id\":\"https:\\\/\\\/fuentesfidedignas.com.mx\\\/#\\\/schema\\\/person\\\/fee3882e65fd0510d292c43a346d35d7\"},\"headline\":\"Protestan por retiro de animales del refugio Franciscano\",\"datePublished\":\"2026-01-13T12:44:00+00:00\",\"mainEntityOfPage\":{\"@id\":\"https:\\\/\\\/fuentesfidedignas.com.mx\\\/index.php\\\/2026\\\/01\\\/13\\\/protestan-por-retiro-de-animales-del-refugio-franciscano\\\/\"},\"wordCount\":358,\"commentCount\":0,\"publisher\":{\"@id\":\"https:\\\/\\\/fuentesfidedignas.com.mx\\\/#organization\"},\"image\":{\"@id\":\"https:\\\/\\\/fuentesfidedignas.com.mx\\\/index.php\\\/2026\\\/01\\\/13\\\/protestan-por-retiro-de-animales-del-refugio-franciscano\\\/#primaryimage\"},\"thumbnailUrl\":\"https:\\\/\\\/fuentesfidedignas.com.mx\\\/wp-content\\\/uploads\\\/2026\\\/01\\\/Captura-de-pantalla-75.jpg\",\"articleSection\":[\"DERECHOS ANIMALES\",\"SEMANALES\"],\"inLanguage\":\"es\",\"potentialAction\":[{\"@type\":\"CommentAction\",\"name\":\"Comment\",\"target\":[\"https:\\\/\\\/fuentesfidedignas.com.mx\\\/index.php\\\/2026\\\/01\\\/13\\\/protestan-por-retiro-de-animales-del-refugio-franciscano\\\/#respond\"]}]},{\"@type\":\"WebPage\",\"@id\":\"https:\\\/\\\/fuentesfidedignas.com.mx\\\/index.php\\\/2026\\\/01\\\/13\\\/protestan-por-retiro-de-animales-del-refugio-franciscano\\\/\",\"url\":\"https:\\\/\\\/fuentesfidedignas.com.mx\\\/index.php\\\/2026\\\/01\\\/13\\\/protestan-por-retiro-de-animales-del-refugio-franciscano\\\/\",\"name\":\"Protestan por retiro de animales del refugio Franciscano - Fuentes Fidedignas\",\"isPartOf\":{\"@id\":\"https:\\\/\\\/fuentesfidedignas.com.mx\\\/#website\"},\"primaryImageOfPage\":{\"@id\":\"https:\\\/\\\/fuentesfidedignas.com.mx\\\/index.php\\\/2026\\\/01\\\/13\\\/protestan-por-retiro-de-animales-del-refugio-franciscano\\\/#primaryimage\"},\"image\":{\"@id\":\"https:\\\/\\\/fuentesfidedignas.com.mx\\\/index.php\\\/2026\\\/01\\\/13\\\/protestan-por-retiro-de-animales-del-refugio-franciscano\\\/#primaryimage\"},\"thumbnailUrl\":\"https:\\\/\\\/fuentesfidedignas.com.mx\\\/wp-content\\\/uploads\\\/2026\\\/01\\\/Captura-de-pantalla-75.jpg\",\"datePublished\":\"2026-01-13T12:44:00+00:00\",\"breadcrumb\":{\"@id\":\"https:\\\/\\\/fuentesfidedignas.com.mx\\\/index.php\\\/2026\\\/01\\\/13\\\/protestan-por-retiro-de-animales-del-refugio-franciscano\\\/#breadcrumb\"},\"inLanguage\":\"es\",\"potentialAction\":[{\"@type\":\"ReadAction\",\"target\":[\"https:\\\/\\\/fuentesfidedignas.com.mx\\\/index.php\\\/2026\\\/01\\\/13\\\/protestan-por-retiro-de-animales-del-refugio-franciscano\\\/\"]}]},{\"@type\":\"ImageObject\",\"inLanguage\":\"es\",\"@id\":\"https:\\\/\\\/fuentesfidedignas.com.mx\\\/index.php\\\/2026\\\/01\\\/13\\\/protestan-por-retiro-de-animales-del-refugio-franciscano\\\/#primaryimage\",\"url\":\"https:\\\/\\\/fuentesfidedignas.com.mx\\\/wp-content\\\/uploads\\\/2026\\\/01\\\/Captura-de-pantalla-75.jpg\",\"contentUrl\":\"https:\\\/\\\/fuentesfidedignas.com.mx\\\/wp-content\\\/uploads\\\/2026\\\/01\\\/Captura-de-pantalla-75.jpg\",\"width\":889,\"height\":589},{\"@type\":\"BreadcrumbList\",\"@id\":\"https:\\\/\\\/fuentesfidedignas.com.mx\\\/index.php\\\/2026\\\/01\\\/13\\\/protestan-por-retiro-de-animales-del-refugio-franciscano\\\/#breadcrumb\",\"itemListElement\":[{\"@type\":\"ListItem\",\"position\":1,\"name\":\"Inicio\",\"item\":\"https:\\\/\\\/fuentesfidedignas.com.mx\\\/\"},{\"@type\":\"ListItem\",\"position\":2,\"name\":\"Protestan por retiro de animales del refugio Franciscano\"}]},{\"@type\":\"WebSite\",\"@id\":\"https:\\\/\\\/fuentesfidedignas.com.mx\\\/#website\",\"url\":\"https:\\\/\\\/fuentesfidedignas.com.mx\\\/\",\"name\":\"Fuentes Fidedignas\",\"description\":\"Otro sitio realizado con WordPress\",\"publisher\":{\"@id\":\"https:\\\/\\\/fuentesfidedignas.com.mx\\\/#organization\"},\"potentialAction\":[{\"@type\":\"SearchAction\",\"target\":{\"@type\":\"EntryPoint\",\"urlTemplate\":\"https:\\\/\\\/fuentesfidedignas.com.mx\\\/?s={search_term_string}\"},\"query-input\":{\"@type\":\"PropertyValueSpecification\",\"valueRequired\":true,\"valueName\":\"search_term_string\"}}],\"inLanguage\":\"es\"},{\"@type\":\"Organization\",\"@id\":\"https:\\\/\\\/fuentesfidedignas.com.mx\\\/#organization\",\"name\":\"Fuentes Fidedignas\",\"url\":\"https:\\\/\\\/fuentesfidedignas.com.mx\\\/\",\"logo\":{\"@type\":\"ImageObject\",\"inLanguage\":\"es\",\"@id\":\"https:\\\/\\\/fuentesfidedignas.com.mx\\\/#\\\/schema\\\/logo\\\/image\\\/\",\"url\":\"https:\\\/\\\/fuentesfidedignas.com.mx\\\/wp-content\\\/uploads\\\/2021\\\/04\\\/logo-retina.png\",\"contentUrl\":\"https:\\\/\\\/fuentesfidedignas.com.mx\\\/wp-content\\\/uploads\\\/2021\\\/04\\\/logo-retina.png\",\"width\":280,\"height\":51,\"caption\":\"Fuentes Fidedignas\"},\"image\":{\"@id\":\"https:\\\/\\\/fuentesfidedignas.com.mx\\\/#\\\/schema\\\/logo\\\/image\\\/\"},\"sameAs\":[\"https:\\\/\\\/www.facebook.com\\\/Fuentes-Fidedignas-368234489921644\",\"https:\\\/\\\/x.com\\\/fidedignas\"]},{\"@type\":\"Person\",\"@id\":\"https:\\\/\\\/fuentesfidedignas.com.mx\\\/#\\\/schema\\\/person\\\/fee3882e65fd0510d292c43a346d35d7\",\"name\":\"El Universal\",\"image\":{\"@type\":\"ImageObject\",\"inLanguage\":\"es\",\"@id\":\"https:\\\/\\\/secure.gravatar.com\\\/avatar\\\/1ebc94d82b6c3c081781f73e5b76a0d0c1ac7bf8e57426f18802246eeaa2747c?s=96&d=mm&r=g\",\"url\":\"https:\\\/\\\/secure.gravatar.com\\\/avatar\\\/1ebc94d82b6c3c081781f73e5b76a0d0c1ac7bf8e57426f18802246eeaa2747c?s=96&d=mm&r=g\",\"contentUrl\":\"https:\\\/\\\/secure.gravatar.com\\\/avatar\\\/1ebc94d82b6c3c081781f73e5b76a0d0c1ac7bf8e57426f18802246eeaa2747c?s=96&d=mm&r=g\",\"caption\":\"El Universal\"},\"url\":\"https:\\\/\\\/fuentesfidedignas.com.mx\\\/index.php\\\/author\\\/el-universal\\\/\"}]}<\/script>\n<!-- \/ Yoast SEO plugin. -->","yoast_head_json":{"title":"Protestan por retiro de animales del refugio Franciscano - Fuentes Fidedignas","robots":{"index":"index","follow":"follow","max-snippet":"max-snippet:-1","max-image-preview":"max-image-preview:large","max-video-preview":"max-video-preview:-1"},"canonical":"https:\/\/fuentesfidedignas.com.mx\/index.php\/2026\/01\/13\/protestan-por-retiro-de-animales-del-refugio-franciscano\/","og_locale":"es_MX","og_type":"article","og_title":"Protestan por retiro de animales del refugio Franciscano - Fuentes Fidedignas","og_description":"CIUDAD DE M\u00c9XICO, enero 12 (EL UNIVERSAL).- &#8220;\u00a1Fue despojo, no fue rescate!&#8221;, gritaron al un\u00edsono cientos de animalistas y rescatistas sobre Avenida Paseo de la Reforma este domingo, a cinco d\u00edas de que el Gobierno capitalino rescat\u00f3 936 animales del Refugio Franciscano, ubicado en la alcald\u00eda Cuajimalpa. A mediod\u00eda m\u00e1s de 700 personas -seg\u00fan personal [&hellip;]","og_url":"https:\/\/fuentesfidedignas.com.mx\/index.php\/2026\/01\/13\/protestan-por-retiro-de-animales-del-refugio-franciscano\/","og_site_name":"Fuentes Fidedignas","article_publisher":"https:\/\/www.facebook.com\/Fuentes-Fidedignas-368234489921644","article_published_time":"2026-01-13T12:44:00+00:00","og_image":[{"width":889,"height":589,"url":"https:\/\/fuentesfidedignas.com.mx\/wp-content\/uploads\/2026\/01\/Captura-de-pantalla-75.jpg","type":"image\/jpeg"}],"author":"El Universal","twitter_card":"summary_large_image","twitter_creator":"@fidedignas","twitter_site":"@fidedignas","twitter_misc":{"Escrito por":"El Universal","Tiempo de lectura":"2 minutos"},"schema":{"@context":"https:\/\/schema.org","@graph":[{"@type":"Article","@id":"https:\/\/fuentesfidedignas.com.mx\/index.php\/2026\/01\/13\/protestan-por-retiro-de-animales-del-refugio-franciscano\/#article","isPartOf":{"@id":"https:\/\/fuentesfidedignas.com.mx\/index.php\/2026\/01\/13\/protestan-por-retiro-de-animales-del-refugio-franciscano\/"},"author":{"name":"El Universal","@id":"https:\/\/fuentesfidedignas.com.mx\/#\/schema\/person\/fee3882e65fd0510d292c43a346d35d7"},"headline":"Protestan por retiro de animales del refugio Franciscano","datePublished":"2026-01-13T12:44:00+00:00","mainEntityOfPage":{"@id":"https:\/\/fuentesfidedignas.com.mx\/index.php\/2026\/01\/13\/protestan-por-retiro-de-animales-del-refugio-franciscano\/"},"wordCount":358,"commentCount":0,"publisher":{"@id":"https:\/\/fuentesfidedignas.com.mx\/#organization"},"image":{"@id":"https:\/\/fuentesfidedignas.com.mx\/index.php\/2026\/01\/13\/protestan-por-retiro-de-animales-del-refugio-franciscano\/#primaryimage"},"thumbnailUrl":"https:\/\/fuentesfidedignas.com.mx\/wp-content\/uploads\/2026\/01\/Captura-de-pantalla-75.jpg","articleSection":["DERECHOS ANIMALES","SEMANALES"],"inLanguage":"es","potentialAction":[{"@type":"CommentAction","name":"Comment","target":["https:\/\/fuentesfidedignas.com.mx\/index.php\/2026\/01\/13\/protestan-por-retiro-de-animales-del-refugio-franciscano\/#respond"]}]},{"@type":"WebPage","@id":"https:\/\/fuentesfidedignas.com.mx\/index.php\/2026\/01\/13\/protestan-por-retiro-de-animales-del-refugio-franciscano\/","url":"https:\/\/fuentesfidedignas.com.mx\/index.php\/2026\/01\/13\/protestan-por-retiro-de-animales-del-refugio-franciscano\/","name":"Protestan por retiro de animales del refugio Franciscano - Fuentes Fidedignas","isPartOf":{"@id":"https:\/\/fuentesfidedignas.com.mx\/#website"},"primaryImageOfPage":{"@id":"https:\/\/fuentesfidedignas.com.mx\/index.php\/2026\/01\/13\/protestan-por-retiro-de-animales-del-refugio-franciscano\/#primaryimage"},"image":{"@id":"https:\/\/fuentesfidedignas.com.mx\/index.php\/2026\/01\/13\/protestan-por-retiro-de-animales-del-refugio-franciscano\/#primaryimage"},"thumbnailUrl":"https:\/\/fuentesfidedignas.com.mx\/wp-content\/uploads\/2026\/01\/Captura-de-pantalla-75.jpg","datePublished":"2026-01-13T12:44:00+00:00","breadcrumb":{"@id":"https:\/\/fuentesfidedignas.com.mx\/index.php\/2026\/01\/13\/protestan-por-retiro-de-animales-del-refugio-franciscano\/#breadcrumb"},"inLanguage":"es","potentialAction":[{"@type":"ReadAction","target":["https:\/\/fuentesfidedignas.com.mx\/index.php\/2026\/01\/13\/protestan-por-retiro-de-animales-del-refugio-franciscano\/"]}]},{"@type":"ImageObject","inLanguage":"es","@id":"https:\/\/fuentesfidedignas.com.mx\/index.php\/2026\/01\/13\/protestan-por-retiro-de-animales-del-refugio-franciscano\/#primaryimage","url":"https:\/\/fuentesfidedignas.com.mx\/wp-content\/uploads\/2026\/01\/Captura-de-pantalla-75.jpg","contentUrl":"https:\/\/fuentesfidedignas.com.mx\/wp-content\/uploads\/2026\/01\/Captura-de-pantalla-75.jpg","width":889,"height":589},{"@type":"BreadcrumbList","@id":"https:\/\/fuentesfidedignas.com.mx\/index.php\/2026\/01\/13\/protestan-por-retiro-de-animales-del-refugio-franciscano\/#breadcrumb","itemListElement":[{"@type":"ListItem","position":1,"name":"Inicio","item":"https:\/\/fuentesfidedignas.com.mx\/"},{"@type":"ListItem","position":2,"name":"Protestan por retiro de animales del refugio Franciscano"}]},{"@type":"WebSite","@id":"https:\/\/fuentesfidedignas.com.mx\/#website","url":"https:\/\/fuentesfidedignas.com.mx\/","name":"Fuentes Fidedignas","description":"Otro sitio realizado con WordPress","publisher":{"@id":"https:\/\/fuentesfidedignas.com.mx\/#organization"},"potentialAction":[{"@type":"SearchAction","target":{"@type":"EntryPoint","urlTemplate":"https:\/\/fuentesfidedignas.com.mx\/?s={search_term_string}"},"query-input":{"@type":"PropertyValueSpecification","valueRequired":true,"valueName":"search_term_string"}}],"inLanguage":"es"},{"@type":"Organization","@id":"https:\/\/fuentesfidedignas.com.mx\/#organization","name":"Fuentes Fidedignas","url":"https:\/\/fuentesfidedignas.com.mx\/","logo":{"@type":"ImageObject","inLanguage":"es","@id":"https:\/\/fuentesfidedignas.com.mx\/#\/schema\/logo\/image\/","url":"https:\/\/fuentesfidedignas.com.mx\/wp-content\/uploads\/2021\/04\/logo-retina.png","contentUrl":"https:\/\/fuentesfidedignas.com.mx\/wp-content\/uploads\/2021\/04\/logo-retina.png","width":280,"height":51,"caption":"Fuentes Fidedignas"},"image":{"@id":"https:\/\/fuentesfidedignas.com.mx\/#\/schema\/logo\/image\/"},"sameAs":["https:\/\/www.facebook.com\/Fuentes-Fidedignas-368234489921644","https:\/\/x.com\/fidedignas"]},{"@type":"Person","@id":"https:\/\/fuentesfidedignas.com.mx\/#\/schema\/person\/fee3882e65fd0510d292c43a346d35d7","name":"El Universal","image":{"@type":"ImageObject","inLanguage":"es","@id":"https:\/\/secure.gravatar.com\/avatar\/1ebc94d82b6c3c081781f73e5b76a0d0c1ac7bf8e57426f18802246eeaa2747c?s=96&d=mm&r=g","url":"https:\/\/secure.gravatar.com\/avatar\/1ebc94d82b6c3c081781f73e5b76a0d0c1ac7bf8e57426f18802246eeaa2747c?s=96&d=mm&r=g","contentUrl":"https:\/\/secure.gravatar.com\/avatar\/1ebc94d82b6c3c081781f73e5b76a0d0c1ac7bf8e57426f18802246eeaa2747c?s=96&d=mm&r=g","caption":"El Universal"},"url":"https:\/\/fuentesfidedignas.com.mx\/index.php\/author\/el-universal\/"}]}},"_links":{"self":[{"href":"https:\/\/fuentesfidedignas.com.mx\/index.php\/wp-json\/wp\/v2\/posts\/125146","targetHints":{"allow":["GET"]}}],"collection":[{"href":"https:\/\/fuentesfidedignas.com.mx\/index.php\/wp-json\/wp\/v2\/posts"}],"about":[{"href":"https:\/\/fuentesfidedignas.com.mx\/index.php\/wp-json\/wp\/v2\/types\/post"}],"author":[{"embeddable":true,"href":"https:\/\/fuentesfidedignas.com.mx\/index.php\/wp-json\/wp\/v2\/users\/39"}],"replies":[{"embeddable":true,"href":"https:\/\/fuentesfidedignas.com.mx\/index.php\/wp-json\/wp\/v2\/comments?post=125146"}],"version-history":[{"count":1,"href":"https:\/\/fuentesfidedignas.com.mx\/index.php\/wp-json\/wp\/v2\/posts\/125146\/revisions"}],"predecessor-version":[{"id":125148,"href":"https:\/\/fuentesfidedignas.com.mx\/index.php\/wp-json\/wp\/v2\/posts\/125146\/revisions\/125148"}],"wp:featuredmedia":[{"embeddable":true,"href":"https:\/\/fuentesfidedignas.com.mx\/index.php\/wp-json\/wp\/v2\/media\/125147"}],"wp:attachment":[{"href":"https:\/\/fuentesfidedignas.com.mx\/index.php\/wp-json\/wp\/v2\/media?parent=125146"}],"wp:term":[{"taxonomy":"category","embeddable":true,"href":"https:\/\/fuentesfidedignas.com.mx\/index.php\/wp-json\/wp\/v2\/categories?post=125146"},{"taxonomy":"post_tag","embeddable":true,"href":"https:\/\/fuentesfidedignas.com.mx\/index.php\/wp-json\/wp\/v2\/tags?post=125146"}],"curies":[{"name":"wp","href":"https:\/\/api.w.org\/{rel}","templated":true}]}}