{"id":125120,"date":"2026-01-12T09:53:13","date_gmt":"2026-01-12T16:53:13","guid":{"rendered":"https:\/\/fuentesfidedignas.com.mx\/?p=125120"},"modified":"2026-01-12T09:53:32","modified_gmt":"2026-01-12T16:53:32","slug":"hallan-cinco-cabezas-humanas-exhibidas-en-una-playa-de-ecuador-video","status":"publish","type":"post","link":"https:\/\/fuentesfidedignas.com.mx\/index.php\/2026\/01\/12\/hallan-cinco-cabezas-humanas-exhibidas-en-una-playa-de-ecuador-video\/","title":{"rendered":"Hallan cinco cabezas humanas exhibidas en una playa de Ecuador | VIDEO"},"content":{"rendered":"\n<p><strong><em>\u201cSigan saliendo a robar a los pescadores y a seguir pidiendo carnet de vacuna, que ya los tenemos identificados\u201d, el mensaje dejado.<\/em><\/strong><\/p>\n\n\n\n<p>La crisis de seguridad en Ecuador alcanz\u00f3 este domingo un nuevo y estremecedor episodio luego de que la polic\u00eda encontrara cinco cabezas humanas colgadas y exhibidas p\u00fablicamente en una playa tur\u00edstica, acompa\u00f1adas de un mensaje de advertencia atribuido a grupos criminales. El hallazgo se produjo en Puerto L\u00f3pez, una localidad costera del suroeste del pa\u00eds conocida por el avistamiento de ballenas y la actividad pesquera, hoy golpeada por la expansi\u00f3n de la violencia armada y el crimen organizado.<\/p>\n\n\n\n<p>De acuerdo con un informe policial, investigadores acudieron desde temprana hora a un paseo mar\u00edtimo frente a la playa, cerca de un hotel, donde realizaron la verificaci\u00f3n de cinco cabezas suspendidas con cuerdas. El documento fue confirmado por fuentes oficiales y difundido por la agencia AFP.<\/p>\n\n\n\n<p><strong>Mensaje y control territorial<\/strong><br>Junto a los restos se localiz\u00f3 un panfleto escrito a mano sobre una tabla de madera, cuyo contenido refuerza la hip\u00f3tesis de un mensaje intimidatorio dirigido a pobladores y grupos rivales. El texto se\u00f1alaba: \u201cEl pueblo es de nosotros. Sigan saliendo a robar a los pescadores y a seguir pidiendo carnet de vacuna, que ya los tenemos identificados\u201d.<\/p>\n\n\n\n<p>En Ecuador, el t\u00e9rmino \u201cvacunas\u201d se utiliza para describir las extorsiones que organizaciones criminales cobran a comerciantes, pescadores y habitantes de zonas populares, bajo la amenaza de represalias violentas. Analistas de seguridad advierten que este tipo de exhibiciones buscan marcar control territorial, infundir miedo y disciplinar a la poblaci\u00f3n.<\/p>\n\n\n\n<p>El impacto del hallazgo es particularmente grave por tratarse de Puerto L\u00f3pez, un sitio tur\u00edstico emblem\u00e1tico de la provincia de Manab\u00ed. Apenas el \u00faltimo fin de semana de diciembre, al menos nueve personas \u2014incluida una beb\u00e9\u2014 murieron en ataques armados en esta misma zona, hechos que las autoridades atribuyen a disputas entre bandas locales vinculadas al narcotr\u00e1fico y a la extorsi\u00f3n.<\/p>\n\n\n\n<p>Im\u00e1genes que circularon en redes sociales \u2014y que forman parte de la investigaci\u00f3n\u2014 muestran las cabezas atadas a postes de madera frente al mar, una escena que ha generado alarma nacional e internacional por el nivel de violencia y la exposici\u00f3n p\u00fablica del crimen.<\/p>\n\n\n\n<p><strong>Investigaci\u00f3n en curso y responsables pr\u00f3fugos<\/strong><br>Hasta el momento, no se ha informado sobre personas detenidas, ni se han localizado los cuerpos completos de las v\u00edctimas, lo que complica las labores forenses y la identificaci\u00f3n. Las autoridades mantienen la zona acordonada y contin\u00faan con las diligencias para esclarecer los hechos.<\/p>\n\n\n\n<p>La Fiscal\u00eda y la Polic\u00eda Nacional investigan si el crimen est\u00e1 relacionado con ajustes de cuentas, disputas por el cobro de extorsiones o enfrentamientos entre facciones del crimen organizado que operan en el litoral ecuatoriano.<\/p>\n\n\n\n<iframe loading=\"lazy\" src=\"https:\/\/www.facebook.com\/plugins\/video.php?height=476&#038;href=https%3A%2F%2Fwww.facebook.com%2Freel%2F760532657084478%2F&#038;show_text=false&#038;width=380&#038;t=0\" width=\"380\" height=\"476\" style=\"border:none;overflow:hidden\" scrolling=\"no\" frameborder=\"0\" allowfullscreen=\"true\" allow=\"autoplay; clipboard-write; encrypted-media; picture-in-picture; web-share\" allowFullScreen=\"true\"><\/iframe>\n\n\n\n<p>El presidente Daniel Noboa ha defendido una pol\u00edtica de mano dura contra las mafias, similar a la implementada en El Salvador por Nayib Bukele, y declar\u00f3 a Ecuador en conflicto armado interno contra el crimen organizado. La estrategia incluye operativos militares, estados de excepci\u00f3n y mayor control penitenciario.<\/p>\n\n\n\n<p>Sin embargo, la violencia no cede. Los enfrentamientos armados, masacres y mensajes criminales se han vuelto frecuentes, especialmente en provincias costeras como Manab\u00ed, Guayas y Esmeraldas, donde operan organizaciones vinculadas al narcotr\u00e1fico internacional.<\/p>\n\n\n\n<p><strong>Ecuador y el narcotr\u00e1fico internacional<\/strong><\/p>\n\n\n\n<p>Ecuador cerr\u00f3 2025 con una tasa r\u00e9cord de homicidios de aproximadamente 52 por cada 100 mil habitantes, seg\u00fan el Observatorio del Crimen Organizado, una de las m\u00e1s altas de Am\u00e9rica Latina.<\/p>\n\n\n\n<p>Expertos coinciden en que el pa\u00eds se ha convertido en un nodo estrat\u00e9gico del narcotr\u00e1fico internacional, debido a su ubicaci\u00f3n geogr\u00e1fica como puerta de salida de la coca\u00edna producida en Colombia y Per\u00fa hacia Europa y Estados Unidos. En los \u00faltimos a\u00f1os, la costa ecuatoriana se transform\u00f3 en el corredor m\u00e1s codiciado del Pac\u00edfico, intensificando la lucha entre bandas por el control de rutas, puertos y comunidades.<\/p>\n","protected":false},"excerpt":{"rendered":"<p>\u201cSigan saliendo a robar a los pescadores y a seguir pidiendo carnet de vacuna, que ya los tenemos identificados\u201d, el mensaje dejado. La crisis de seguridad en Ecuador alcanz\u00f3 este domingo un nuevo y estremecedor episodio luego de que la polic\u00eda encontrara cinco cabezas humanas colgadas y exhibidas p\u00fablicamente en una playa tur\u00edstica, acompa\u00f1adas de [&hellip;]<\/p>\n","protected":false},"author":7,"featured_media":125121,"comment_status":"open","ping_status":"open","sticky":false,"template":"","format":"standard","meta":{"tdm_status":"","tdm_grid_status":"","footnotes":""},"categories":[39],"tags":[],"class_list":{"0":"post-125120","1":"post","2":"type-post","3":"status-publish","4":"format-standard","5":"has-post-thumbnail","7":"category-noticias-nacionales"},"yoast_head":"<!-- This site is optimized with the Yoast SEO plugin v27.5 - https:\/\/yoast.com\/product\/yoast-seo-wordpress\/ -->\n<title>Hallan cinco cabezas humanas exhibidas en una playa de Ecuador | VIDEO - Fuentes Fidedignas<\/title>\n<meta name=\"robots\" content=\"index, follow, max-snippet:-1, max-image-preview:large, max-video-preview:-1\" \/>\n<link rel=\"canonical\" href=\"https:\/\/fuentesfidedignas.com.mx\/index.php\/2026\/01\/12\/hallan-cinco-cabezas-humanas-exhibidas-en-una-playa-de-ecuador-video\/\" \/>\n<meta property=\"og:locale\" content=\"es_MX\" \/>\n<meta property=\"og:type\" content=\"article\" \/>\n<meta property=\"og:title\" content=\"Hallan cinco cabezas humanas exhibidas en una playa de Ecuador | VIDEO - Fuentes Fidedignas\" \/>\n<meta property=\"og:description\" content=\"\u201cSigan saliendo a robar a los pescadores y a seguir pidiendo carnet de vacuna, que ya los tenemos identificados\u201d, el mensaje dejado. La crisis de seguridad en Ecuador alcanz\u00f3 este domingo un nuevo y estremecedor episodio luego de que la polic\u00eda encontrara cinco cabezas humanas colgadas y exhibidas p\u00fablicamente en una playa tur\u00edstica, acompa\u00f1adas de [&hellip;]\" \/>\n<meta property=\"og:url\" content=\"https:\/\/fuentesfidedignas.com.mx\/index.php\/2026\/01\/12\/hallan-cinco-cabezas-humanas-exhibidas-en-una-playa-de-ecuador-video\/\" \/>\n<meta property=\"og:site_name\" content=\"Fuentes Fidedignas\" \/>\n<meta property=\"article:publisher\" content=\"https:\/\/www.facebook.com\/Fuentes-Fidedignas-368234489921644\" \/>\n<meta property=\"article:published_time\" content=\"2026-01-12T16:53:13+00:00\" \/>\n<meta property=\"article:modified_time\" content=\"2026-01-12T16:53:32+00:00\" \/>\n<meta property=\"og:image\" content=\"https:\/\/fuentesfidedignas.com.mx\/wp-content\/uploads\/2026\/01\/cabezas_ecuador.jpeg\" \/>\n\t<meta property=\"og:image:width\" content=\"500\" \/>\n\t<meta property=\"og:image:height\" content=\"333\" \/>\n\t<meta property=\"og:image:type\" content=\"image\/jpeg\" \/>\n<meta name=\"author\" content=\"Exc\u00e9lsior\" \/>\n<meta name=\"twitter:card\" content=\"summary_large_image\" \/>\n<meta name=\"twitter:creator\" content=\"@fidedignas\" \/>\n<meta name=\"twitter:site\" content=\"@fidedignas\" \/>\n<meta name=\"twitter:label1\" content=\"Escrito por\" \/>\n\t<meta name=\"twitter:data1\" content=\"Exc\u00e9lsior\" \/>\n\t<meta name=\"twitter:label2\" content=\"Tiempo de lectura\" \/>\n\t<meta name=\"twitter:data2\" content=\"4 minutos\" \/>\n<script type=\"application\/ld+json\" class=\"yoast-schema-graph\">{\"@context\":\"https:\\\/\\\/schema.org\",\"@graph\":[{\"@type\":\"Article\",\"@id\":\"https:\\\/\\\/fuentesfidedignas.com.mx\\\/index.php\\\/2026\\\/01\\\/12\\\/hallan-cinco-cabezas-humanas-exhibidas-en-una-playa-de-ecuador-video\\\/#article\",\"isPartOf\":{\"@id\":\"https:\\\/\\\/fuentesfidedignas.com.mx\\\/index.php\\\/2026\\\/01\\\/12\\\/hallan-cinco-cabezas-humanas-exhibidas-en-una-playa-de-ecuador-video\\\/\"},\"author\":{\"name\":\"Exc\u00e9lsior\",\"@id\":\"https:\\\/\\\/fuentesfidedignas.com.mx\\\/#\\\/schema\\\/person\\\/ec4edd1fbf5efa3e44fce34fe2787780\"},\"headline\":\"Hallan cinco cabezas humanas exhibidas en una playa de Ecuador | VIDEO\",\"datePublished\":\"2026-01-12T16:53:13+00:00\",\"dateModified\":\"2026-01-12T16:53:32+00:00\",\"mainEntityOfPage\":{\"@id\":\"https:\\\/\\\/fuentesfidedignas.com.mx\\\/index.php\\\/2026\\\/01\\\/12\\\/hallan-cinco-cabezas-humanas-exhibidas-en-una-playa-de-ecuador-video\\\/\"},\"wordCount\":685,\"commentCount\":0,\"publisher\":{\"@id\":\"https:\\\/\\\/fuentesfidedignas.com.mx\\\/#organization\"},\"image\":{\"@id\":\"https:\\\/\\\/fuentesfidedignas.com.mx\\\/index.php\\\/2026\\\/01\\\/12\\\/hallan-cinco-cabezas-humanas-exhibidas-en-una-playa-de-ecuador-video\\\/#primaryimage\"},\"thumbnailUrl\":\"https:\\\/\\\/fuentesfidedignas.com.mx\\\/wp-content\\\/uploads\\\/2026\\\/01\\\/cabezas_ecuador.jpeg\",\"articleSection\":[\"NOTICIAS NACIONALES\"],\"inLanguage\":\"es\",\"potentialAction\":[{\"@type\":\"CommentAction\",\"name\":\"Comment\",\"target\":[\"https:\\\/\\\/fuentesfidedignas.com.mx\\\/index.php\\\/2026\\\/01\\\/12\\\/hallan-cinco-cabezas-humanas-exhibidas-en-una-playa-de-ecuador-video\\\/#respond\"]}]},{\"@type\":\"WebPage\",\"@id\":\"https:\\\/\\\/fuentesfidedignas.com.mx\\\/index.php\\\/2026\\\/01\\\/12\\\/hallan-cinco-cabezas-humanas-exhibidas-en-una-playa-de-ecuador-video\\\/\",\"url\":\"https:\\\/\\\/fuentesfidedignas.com.mx\\\/index.php\\\/2026\\\/01\\\/12\\\/hallan-cinco-cabezas-humanas-exhibidas-en-una-playa-de-ecuador-video\\\/\",\"name\":\"Hallan cinco cabezas humanas exhibidas en una playa de Ecuador | VIDEO - Fuentes Fidedignas\",\"isPartOf\":{\"@id\":\"https:\\\/\\\/fuentesfidedignas.com.mx\\\/#website\"},\"primaryImageOfPage\":{\"@id\":\"https:\\\/\\\/fuentesfidedignas.com.mx\\\/index.php\\\/2026\\\/01\\\/12\\\/hallan-cinco-cabezas-humanas-exhibidas-en-una-playa-de-ecuador-video\\\/#primaryimage\"},\"image\":{\"@id\":\"https:\\\/\\\/fuentesfidedignas.com.mx\\\/index.php\\\/2026\\\/01\\\/12\\\/hallan-cinco-cabezas-humanas-exhibidas-en-una-playa-de-ecuador-video\\\/#primaryimage\"},\"thumbnailUrl\":\"https:\\\/\\\/fuentesfidedignas.com.mx\\\/wp-content\\\/uploads\\\/2026\\\/01\\\/cabezas_ecuador.jpeg\",\"datePublished\":\"2026-01-12T16:53:13+00:00\",\"dateModified\":\"2026-01-12T16:53:32+00:00\",\"breadcrumb\":{\"@id\":\"https:\\\/\\\/fuentesfidedignas.com.mx\\\/index.php\\\/2026\\\/01\\\/12\\\/hallan-cinco-cabezas-humanas-exhibidas-en-una-playa-de-ecuador-video\\\/#breadcrumb\"},\"inLanguage\":\"es\",\"potentialAction\":[{\"@type\":\"ReadAction\",\"target\":[\"https:\\\/\\\/fuentesfidedignas.com.mx\\\/index.php\\\/2026\\\/01\\\/12\\\/hallan-cinco-cabezas-humanas-exhibidas-en-una-playa-de-ecuador-video\\\/\"]}]},{\"@type\":\"ImageObject\",\"inLanguage\":\"es\",\"@id\":\"https:\\\/\\\/fuentesfidedignas.com.mx\\\/index.php\\\/2026\\\/01\\\/12\\\/hallan-cinco-cabezas-humanas-exhibidas-en-una-playa-de-ecuador-video\\\/#primaryimage\",\"url\":\"https:\\\/\\\/fuentesfidedignas.com.mx\\\/wp-content\\\/uploads\\\/2026\\\/01\\\/cabezas_ecuador.jpeg\",\"contentUrl\":\"https:\\\/\\\/fuentesfidedignas.com.mx\\\/wp-content\\\/uploads\\\/2026\\\/01\\\/cabezas_ecuador.jpeg\",\"width\":500,\"height\":333},{\"@type\":\"BreadcrumbList\",\"@id\":\"https:\\\/\\\/fuentesfidedignas.com.mx\\\/index.php\\\/2026\\\/01\\\/12\\\/hallan-cinco-cabezas-humanas-exhibidas-en-una-playa-de-ecuador-video\\\/#breadcrumb\",\"itemListElement\":[{\"@type\":\"ListItem\",\"position\":1,\"name\":\"Inicio\",\"item\":\"https:\\\/\\\/fuentesfidedignas.com.mx\\\/\"},{\"@type\":\"ListItem\",\"position\":2,\"name\":\"Hallan cinco cabezas humanas exhibidas en una playa de Ecuador | VIDEO\"}]},{\"@type\":\"WebSite\",\"@id\":\"https:\\\/\\\/fuentesfidedignas.com.mx\\\/#website\",\"url\":\"https:\\\/\\\/fuentesfidedignas.com.mx\\\/\",\"name\":\"Fuentes Fidedignas\",\"description\":\"Otro sitio realizado con WordPress\",\"publisher\":{\"@id\":\"https:\\\/\\\/fuentesfidedignas.com.mx\\\/#organization\"},\"potentialAction\":[{\"@type\":\"SearchAction\",\"target\":{\"@type\":\"EntryPoint\",\"urlTemplate\":\"https:\\\/\\\/fuentesfidedignas.com.mx\\\/?s={search_term_string}\"},\"query-input\":{\"@type\":\"PropertyValueSpecification\",\"valueRequired\":true,\"valueName\":\"search_term_string\"}}],\"inLanguage\":\"es\"},{\"@type\":\"Organization\",\"@id\":\"https:\\\/\\\/fuentesfidedignas.com.mx\\\/#organization\",\"name\":\"Fuentes Fidedignas\",\"url\":\"https:\\\/\\\/fuentesfidedignas.com.mx\\\/\",\"logo\":{\"@type\":\"ImageObject\",\"inLanguage\":\"es\",\"@id\":\"https:\\\/\\\/fuentesfidedignas.com.mx\\\/#\\\/schema\\\/logo\\\/image\\\/\",\"url\":\"https:\\\/\\\/fuentesfidedignas.com.mx\\\/wp-content\\\/uploads\\\/2021\\\/04\\\/logo-retina.png\",\"contentUrl\":\"https:\\\/\\\/fuentesfidedignas.com.mx\\\/wp-content\\\/uploads\\\/2021\\\/04\\\/logo-retina.png\",\"width\":280,\"height\":51,\"caption\":\"Fuentes Fidedignas\"},\"image\":{\"@id\":\"https:\\\/\\\/fuentesfidedignas.com.mx\\\/#\\\/schema\\\/logo\\\/image\\\/\"},\"sameAs\":[\"https:\\\/\\\/www.facebook.com\\\/Fuentes-Fidedignas-368234489921644\",\"https:\\\/\\\/x.com\\\/fidedignas\"]},{\"@type\":\"Person\",\"@id\":\"https:\\\/\\\/fuentesfidedignas.com.mx\\\/#\\\/schema\\\/person\\\/ec4edd1fbf5efa3e44fce34fe2787780\",\"name\":\"Exc\u00e9lsior\",\"image\":{\"@type\":\"ImageObject\",\"inLanguage\":\"es\",\"@id\":\"https:\\\/\\\/secure.gravatar.com\\\/avatar\\\/4b7ee9206b48be08447852b3f0814dbc7c0f3b51541b164f1464a2725614020b?s=96&d=mm&r=g\",\"url\":\"https:\\\/\\\/secure.gravatar.com\\\/avatar\\\/4b7ee9206b48be08447852b3f0814dbc7c0f3b51541b164f1464a2725614020b?s=96&d=mm&r=g\",\"contentUrl\":\"https:\\\/\\\/secure.gravatar.com\\\/avatar\\\/4b7ee9206b48be08447852b3f0814dbc7c0f3b51541b164f1464a2725614020b?s=96&d=mm&r=g\",\"caption\":\"Exc\u00e9lsior\"},\"url\":\"https:\\\/\\\/fuentesfidedignas.com.mx\\\/index.php\\\/author\\\/excelsior\\\/\"}]}<\/script>\n<!-- \/ Yoast SEO plugin. -->","yoast_head_json":{"title":"Hallan cinco cabezas humanas exhibidas en una playa de Ecuador | VIDEO - Fuentes Fidedignas","robots":{"index":"index","follow":"follow","max-snippet":"max-snippet:-1","max-image-preview":"max-image-preview:large","max-video-preview":"max-video-preview:-1"},"canonical":"https:\/\/fuentesfidedignas.com.mx\/index.php\/2026\/01\/12\/hallan-cinco-cabezas-humanas-exhibidas-en-una-playa-de-ecuador-video\/","og_locale":"es_MX","og_type":"article","og_title":"Hallan cinco cabezas humanas exhibidas en una playa de Ecuador | VIDEO - Fuentes Fidedignas","og_description":"\u201cSigan saliendo a robar a los pescadores y a seguir pidiendo carnet de vacuna, que ya los tenemos identificados\u201d, el mensaje dejado. La crisis de seguridad en Ecuador alcanz\u00f3 este domingo un nuevo y estremecedor episodio luego de que la polic\u00eda encontrara cinco cabezas humanas colgadas y exhibidas p\u00fablicamente en una playa tur\u00edstica, acompa\u00f1adas de [&hellip;]","og_url":"https:\/\/fuentesfidedignas.com.mx\/index.php\/2026\/01\/12\/hallan-cinco-cabezas-humanas-exhibidas-en-una-playa-de-ecuador-video\/","og_site_name":"Fuentes Fidedignas","article_publisher":"https:\/\/www.facebook.com\/Fuentes-Fidedignas-368234489921644","article_published_time":"2026-01-12T16:53:13+00:00","article_modified_time":"2026-01-12T16:53:32+00:00","og_image":[{"width":500,"height":333,"url":"https:\/\/fuentesfidedignas.com.mx\/wp-content\/uploads\/2026\/01\/cabezas_ecuador.jpeg","type":"image\/jpeg"}],"author":"Exc\u00e9lsior","twitter_card":"summary_large_image","twitter_creator":"@fidedignas","twitter_site":"@fidedignas","twitter_misc":{"Escrito por":"Exc\u00e9lsior","Tiempo de lectura":"4 minutos"},"schema":{"@context":"https:\/\/schema.org","@graph":[{"@type":"Article","@id":"https:\/\/fuentesfidedignas.com.mx\/index.php\/2026\/01\/12\/hallan-cinco-cabezas-humanas-exhibidas-en-una-playa-de-ecuador-video\/#article","isPartOf":{"@id":"https:\/\/fuentesfidedignas.com.mx\/index.php\/2026\/01\/12\/hallan-cinco-cabezas-humanas-exhibidas-en-una-playa-de-ecuador-video\/"},"author":{"name":"Exc\u00e9lsior","@id":"https:\/\/fuentesfidedignas.com.mx\/#\/schema\/person\/ec4edd1fbf5efa3e44fce34fe2787780"},"headline":"Hallan cinco cabezas humanas exhibidas en una playa de Ecuador | VIDEO","datePublished":"2026-01-12T16:53:13+00:00","dateModified":"2026-01-12T16:53:32+00:00","mainEntityOfPage":{"@id":"https:\/\/fuentesfidedignas.com.mx\/index.php\/2026\/01\/12\/hallan-cinco-cabezas-humanas-exhibidas-en-una-playa-de-ecuador-video\/"},"wordCount":685,"commentCount":0,"publisher":{"@id":"https:\/\/fuentesfidedignas.com.mx\/#organization"},"image":{"@id":"https:\/\/fuentesfidedignas.com.mx\/index.php\/2026\/01\/12\/hallan-cinco-cabezas-humanas-exhibidas-en-una-playa-de-ecuador-video\/#primaryimage"},"thumbnailUrl":"https:\/\/fuentesfidedignas.com.mx\/wp-content\/uploads\/2026\/01\/cabezas_ecuador.jpeg","articleSection":["NOTICIAS NACIONALES"],"inLanguage":"es","potentialAction":[{"@type":"CommentAction","name":"Comment","target":["https:\/\/fuentesfidedignas.com.mx\/index.php\/2026\/01\/12\/hallan-cinco-cabezas-humanas-exhibidas-en-una-playa-de-ecuador-video\/#respond"]}]},{"@type":"WebPage","@id":"https:\/\/fuentesfidedignas.com.mx\/index.php\/2026\/01\/12\/hallan-cinco-cabezas-humanas-exhibidas-en-una-playa-de-ecuador-video\/","url":"https:\/\/fuentesfidedignas.com.mx\/index.php\/2026\/01\/12\/hallan-cinco-cabezas-humanas-exhibidas-en-una-playa-de-ecuador-video\/","name":"Hallan cinco cabezas humanas exhibidas en una playa de Ecuador | VIDEO - Fuentes Fidedignas","isPartOf":{"@id":"https:\/\/fuentesfidedignas.com.mx\/#website"},"primaryImageOfPage":{"@id":"https:\/\/fuentesfidedignas.com.mx\/index.php\/2026\/01\/12\/hallan-cinco-cabezas-humanas-exhibidas-en-una-playa-de-ecuador-video\/#primaryimage"},"image":{"@id":"https:\/\/fuentesfidedignas.com.mx\/index.php\/2026\/01\/12\/hallan-cinco-cabezas-humanas-exhibidas-en-una-playa-de-ecuador-video\/#primaryimage"},"thumbnailUrl":"https:\/\/fuentesfidedignas.com.mx\/wp-content\/uploads\/2026\/01\/cabezas_ecuador.jpeg","datePublished":"2026-01-12T16:53:13+00:00","dateModified":"2026-01-12T16:53:32+00:00","breadcrumb":{"@id":"https:\/\/fuentesfidedignas.com.mx\/index.php\/2026\/01\/12\/hallan-cinco-cabezas-humanas-exhibidas-en-una-playa-de-ecuador-video\/#breadcrumb"},"inLanguage":"es","potentialAction":[{"@type":"ReadAction","target":["https:\/\/fuentesfidedignas.com.mx\/index.php\/2026\/01\/12\/hallan-cinco-cabezas-humanas-exhibidas-en-una-playa-de-ecuador-video\/"]}]},{"@type":"ImageObject","inLanguage":"es","@id":"https:\/\/fuentesfidedignas.com.mx\/index.php\/2026\/01\/12\/hallan-cinco-cabezas-humanas-exhibidas-en-una-playa-de-ecuador-video\/#primaryimage","url":"https:\/\/fuentesfidedignas.com.mx\/wp-content\/uploads\/2026\/01\/cabezas_ecuador.jpeg","contentUrl":"https:\/\/fuentesfidedignas.com.mx\/wp-content\/uploads\/2026\/01\/cabezas_ecuador.jpeg","width":500,"height":333},{"@type":"BreadcrumbList","@id":"https:\/\/fuentesfidedignas.com.mx\/index.php\/2026\/01\/12\/hallan-cinco-cabezas-humanas-exhibidas-en-una-playa-de-ecuador-video\/#breadcrumb","itemListElement":[{"@type":"ListItem","position":1,"name":"Inicio","item":"https:\/\/fuentesfidedignas.com.mx\/"},{"@type":"ListItem","position":2,"name":"Hallan cinco cabezas humanas exhibidas en una playa de Ecuador | VIDEO"}]},{"@type":"WebSite","@id":"https:\/\/fuentesfidedignas.com.mx\/#website","url":"https:\/\/fuentesfidedignas.com.mx\/","name":"Fuentes Fidedignas","description":"Otro sitio realizado con WordPress","publisher":{"@id":"https:\/\/fuentesfidedignas.com.mx\/#organization"},"potentialAction":[{"@type":"SearchAction","target":{"@type":"EntryPoint","urlTemplate":"https:\/\/fuentesfidedignas.com.mx\/?s={search_term_string}"},"query-input":{"@type":"PropertyValueSpecification","valueRequired":true,"valueName":"search_term_string"}}],"inLanguage":"es"},{"@type":"Organization","@id":"https:\/\/fuentesfidedignas.com.mx\/#organization","name":"Fuentes Fidedignas","url":"https:\/\/fuentesfidedignas.com.mx\/","logo":{"@type":"ImageObject","inLanguage":"es","@id":"https:\/\/fuentesfidedignas.com.mx\/#\/schema\/logo\/image\/","url":"https:\/\/fuentesfidedignas.com.mx\/wp-content\/uploads\/2021\/04\/logo-retina.png","contentUrl":"https:\/\/fuentesfidedignas.com.mx\/wp-content\/uploads\/2021\/04\/logo-retina.png","width":280,"height":51,"caption":"Fuentes Fidedignas"},"image":{"@id":"https:\/\/fuentesfidedignas.com.mx\/#\/schema\/logo\/image\/"},"sameAs":["https:\/\/www.facebook.com\/Fuentes-Fidedignas-368234489921644","https:\/\/x.com\/fidedignas"]},{"@type":"Person","@id":"https:\/\/fuentesfidedignas.com.mx\/#\/schema\/person\/ec4edd1fbf5efa3e44fce34fe2787780","name":"Exc\u00e9lsior","image":{"@type":"ImageObject","inLanguage":"es","@id":"https:\/\/secure.gravatar.com\/avatar\/4b7ee9206b48be08447852b3f0814dbc7c0f3b51541b164f1464a2725614020b?s=96&d=mm&r=g","url":"https:\/\/secure.gravatar.com\/avatar\/4b7ee9206b48be08447852b3f0814dbc7c0f3b51541b164f1464a2725614020b?s=96&d=mm&r=g","contentUrl":"https:\/\/secure.gravatar.com\/avatar\/4b7ee9206b48be08447852b3f0814dbc7c0f3b51541b164f1464a2725614020b?s=96&d=mm&r=g","caption":"Exc\u00e9lsior"},"url":"https:\/\/fuentesfidedignas.com.mx\/index.php\/author\/excelsior\/"}]}},"_links":{"self":[{"href":"https:\/\/fuentesfidedignas.com.mx\/index.php\/wp-json\/wp\/v2\/posts\/125120","targetHints":{"allow":["GET"]}}],"collection":[{"href":"https:\/\/fuentesfidedignas.com.mx\/index.php\/wp-json\/wp\/v2\/posts"}],"about":[{"href":"https:\/\/fuentesfidedignas.com.mx\/index.php\/wp-json\/wp\/v2\/types\/post"}],"author":[{"embeddable":true,"href":"https:\/\/fuentesfidedignas.com.mx\/index.php\/wp-json\/wp\/v2\/users\/7"}],"replies":[{"embeddable":true,"href":"https:\/\/fuentesfidedignas.com.mx\/index.php\/wp-json\/wp\/v2\/comments?post=125120"}],"version-history":[{"count":1,"href":"https:\/\/fuentesfidedignas.com.mx\/index.php\/wp-json\/wp\/v2\/posts\/125120\/revisions"}],"predecessor-version":[{"id":125122,"href":"https:\/\/fuentesfidedignas.com.mx\/index.php\/wp-json\/wp\/v2\/posts\/125120\/revisions\/125122"}],"wp:featuredmedia":[{"embeddable":true,"href":"https:\/\/fuentesfidedignas.com.mx\/index.php\/wp-json\/wp\/v2\/media\/125121"}],"wp:attachment":[{"href":"https:\/\/fuentesfidedignas.com.mx\/index.php\/wp-json\/wp\/v2\/media?parent=125120"}],"wp:term":[{"taxonomy":"category","embeddable":true,"href":"https:\/\/fuentesfidedignas.com.mx\/index.php\/wp-json\/wp\/v2\/categories?post=125120"},{"taxonomy":"post_tag","embeddable":true,"href":"https:\/\/fuentesfidedignas.com.mx\/index.php\/wp-json\/wp\/v2\/tags?post=125120"}],"curies":[{"name":"wp","href":"https:\/\/api.w.org\/{rel}","templated":true}]}}