{"id":125086,"date":"2026-01-11T12:00:05","date_gmt":"2026-01-11T19:00:05","guid":{"rendered":"https:\/\/fuentesfidedignas.com.mx\/?p=125086"},"modified":"2026-01-11T12:00:10","modified_gmt":"2026-01-11T19:00:10","slug":"estamos-bien-somos-unos-luchadores-maduro-manda-mensaje-desde-prision-en-eu","status":"publish","type":"post","link":"https:\/\/fuentesfidedignas.com.mx\/index.php\/2026\/01\/11\/estamos-bien-somos-unos-luchadores-maduro-manda-mensaje-desde-prision-en-eu\/","title":{"rendered":"\u2018Estamos bien, somos unos luchadores\u2019: Maduro manda mensaje desde prisi\u00f3n en EU"},"content":{"rendered":"\n<p><strong><em>El hijo de Nicol\u00e1s Maduro transmiti\u00f3 un mensaje que el presidente de Venezuela envi\u00f3, a trav\u00e9s de sus abogados, desde la prisi\u00f3n en Estados Unidos.<\/em><\/strong><\/p>\n\n\n\n<p>El presidente de Venezuela, Nicol\u00e1s Maduro, asegur\u00f3 desde Estados Unidos, donde se encuentra detenido junto con su esposa, la diputada Cilia Flores, que est\u00e1n \u201cbien\u201d y que son \u201cunos luchadores\u201d, seg\u00fan el hijo del l\u00edder chavista, el parlamentario Nicol\u00e1s Maduro Guerra, quien dijo haber conversado con los abogados.<\/p>\n\n\n\n<p>En una nota publicada este domingo, el medio estatal Venezolana de Televisi\u00f3n (VTV) inform\u00f3 que el hijo de Maduro se reuni\u00f3 con integrantes del gobernante Partido Socialista Unido de Venezuela (PSUV) y \u201ctransmiti\u00f3 un mensaje de fortaleza\u201d por parte de su padre y Flores, quienes fueron capturados el 3 de enero en Caracas por fuerzas estadounidenses en medio de una serie de ataques.<\/p>\n\n\n\n<p>\u201cLos abogados nos han dicho que est\u00e1 fuerte. Dijo que no estemos tristes\u201d, asegur\u00f3 Maduro Guerra, citado en la nota de VTV.<\/p>\n\n\n\n<p>El diputado denunci\u00f3 que contra Maduro \u201cse emple\u00f3 una fuerza desproporcionada, al no poder vencerlo por otras v\u00edas\u201d, seg\u00fan el canal estatal.<\/p>\n\n\n\n<p>No obstante, prosigui\u00f3 VTV, insisti\u00f3 en que se mantiene \u201cmoralmente \u00edntegro y fuerte\u201d y que \u201csu liderazgo no ha sido doblegado a pesar de las circunstancias que enfrenta en territorio estadounidense\u201d.<\/p>\n\n\n\n<p><strong>\u00bfC\u00f3mo va el juicio contra Nicol\u00e1s Maduro?<\/strong><br>El pasado lunes, Maduro se declar\u00f3 como \u201cun hombre inocente\u201d de los cargos de narcotr\u00e1fico con los que la Administraci\u00f3n de Donald Trump justifica su captura y traslado a EU, y dijo ser un \u201cprisionero de guerra\u201d ante el tribunal del Distrito Sur de Nueva York durante su primera comparecencia.<\/p>\n\n\n\n<p><br>La acusaci\u00f3n formal, hecha p\u00fablica el s\u00e1bado 10 de enero, y que revisa la original de 2020, imputa a Maduro los delitos de conspiraci\u00f3n para cometer narcoterrorismo y conspiraci\u00f3n para importar coca\u00edna, entre otros cargos.<\/p>\n\n\n\n<p>En tanto, Flores est\u00e1 acusada por presuntamente participar en la conspiraci\u00f3n para el tr\u00e1fico de coca\u00edna.<\/p>\n\n\n\n<p>Ambos se declararon \u201cno culpables\u201d y Maduro dijo ser \u201cun hombre inocente\u201d, a la vez que reiter\u00f3 ser el presidente de Venezuela.<\/p>\n\n\n\n<p>Ese mismo lunes, el hijo de Maduro denunci\u00f3 que su familia es \u201cperseguida\u201d y dijo confiar en que, \u201cm\u00e1s temprano que tarde\u201d, ambos ser\u00e1n liberados y estar\u00e1n de regreso en el pa\u00eds suramericano.<\/p>\n","protected":false},"excerpt":{"rendered":"<p>El hijo de Nicol\u00e1s Maduro transmiti\u00f3 un mensaje que el presidente de Venezuela envi\u00f3, a trav\u00e9s de sus abogados, desde la prisi\u00f3n en Estados Unidos. El presidente de Venezuela, Nicol\u00e1s Maduro, asegur\u00f3 desde Estados Unidos, donde se encuentra detenido junto con su esposa, la diputada Cilia Flores, que est\u00e1n \u201cbien\u201d y que son \u201cunos luchadores\u201d, [&hellip;]<\/p>\n","protected":false},"author":22,"featured_media":125080,"comment_status":"open","ping_status":"open","sticky":false,"template":"","format":"standard","meta":{"tdm_status":"","tdm_grid_status":"","footnotes":""},"categories":[39],"tags":[],"class_list":{"0":"post-125086","1":"post","2":"type-post","3":"status-publish","4":"format-standard","5":"has-post-thumbnail","7":"category-noticias-nacionales"},"yoast_head":"<!-- This site is optimized with the Yoast SEO plugin v27.5 - https:\/\/yoast.com\/product\/yoast-seo-wordpress\/ -->\n<title>\u2018Estamos bien, somos unos luchadores\u2019: Maduro manda mensaje desde prisi\u00f3n en EU - Fuentes Fidedignas<\/title>\n<meta name=\"robots\" content=\"index, follow, max-snippet:-1, max-image-preview:large, max-video-preview:-1\" \/>\n<link rel=\"canonical\" href=\"https:\/\/fuentesfidedignas.com.mx\/index.php\/2026\/01\/11\/estamos-bien-somos-unos-luchadores-maduro-manda-mensaje-desde-prision-en-eu\/\" \/>\n<meta property=\"og:locale\" content=\"es_MX\" \/>\n<meta property=\"og:type\" content=\"article\" \/>\n<meta property=\"og:title\" content=\"\u2018Estamos bien, somos unos luchadores\u2019: Maduro manda mensaje desde prisi\u00f3n en EU - Fuentes Fidedignas\" \/>\n<meta property=\"og:description\" content=\"El hijo de Nicol\u00e1s Maduro transmiti\u00f3 un mensaje que el presidente de Venezuela envi\u00f3, a trav\u00e9s de sus abogados, desde la prisi\u00f3n en Estados Unidos. El presidente de Venezuela, Nicol\u00e1s Maduro, asegur\u00f3 desde Estados Unidos, donde se encuentra detenido junto con su esposa, la diputada Cilia Flores, que est\u00e1n \u201cbien\u201d y que son \u201cunos luchadores\u201d, [&hellip;]\" \/>\n<meta property=\"og:url\" content=\"https:\/\/fuentesfidedignas.com.mx\/index.php\/2026\/01\/11\/estamos-bien-somos-unos-luchadores-maduro-manda-mensaje-desde-prision-en-eu\/\" \/>\n<meta property=\"og:site_name\" content=\"Fuentes Fidedignas\" \/>\n<meta property=\"article:publisher\" content=\"https:\/\/www.facebook.com\/Fuentes-Fidedignas-368234489921644\" \/>\n<meta property=\"article:published_time\" content=\"2026-01-11T19:00:05+00:00\" \/>\n<meta property=\"article:modified_time\" content=\"2026-01-11T19:00:10+00:00\" \/>\n<meta property=\"og:image\" content=\"https:\/\/fuentesfidedignas.com.mx\/wp-content\/uploads\/2026\/01\/detencion-nicolas-maduro-precedente-preocupante.jpg\" \/>\n\t<meta property=\"og:image:width\" content=\"500\" \/>\n\t<meta property=\"og:image:height\" content=\"282\" \/>\n\t<meta property=\"og:image:type\" content=\"image\/jpeg\" \/>\n<meta name=\"author\" content=\"EFE\" \/>\n<meta name=\"twitter:card\" content=\"summary_large_image\" \/>\n<meta name=\"twitter:creator\" content=\"@fidedignas\" \/>\n<meta name=\"twitter:site\" content=\"@fidedignas\" \/>\n<meta name=\"twitter:label1\" content=\"Escrito por\" \/>\n\t<meta name=\"twitter:data1\" content=\"EFE\" \/>\n\t<meta name=\"twitter:label2\" content=\"Tiempo de lectura\" \/>\n\t<meta name=\"twitter:data2\" content=\"2 minutos\" \/>\n<script type=\"application\/ld+json\" class=\"yoast-schema-graph\">{\"@context\":\"https:\\\/\\\/schema.org\",\"@graph\":[{\"@type\":\"Article\",\"@id\":\"https:\\\/\\\/fuentesfidedignas.com.mx\\\/index.php\\\/2026\\\/01\\\/11\\\/estamos-bien-somos-unos-luchadores-maduro-manda-mensaje-desde-prision-en-eu\\\/#article\",\"isPartOf\":{\"@id\":\"https:\\\/\\\/fuentesfidedignas.com.mx\\\/index.php\\\/2026\\\/01\\\/11\\\/estamos-bien-somos-unos-luchadores-maduro-manda-mensaje-desde-prision-en-eu\\\/\"},\"author\":{\"name\":\"EFE\",\"@id\":\"https:\\\/\\\/fuentesfidedignas.com.mx\\\/#\\\/schema\\\/person\\\/0d44615087b5a626d5d3f13afe31ac41\"},\"headline\":\"\u2018Estamos bien, somos unos luchadores\u2019: Maduro manda mensaje desde prisi\u00f3n en EU\",\"datePublished\":\"2026-01-11T19:00:05+00:00\",\"dateModified\":\"2026-01-11T19:00:10+00:00\",\"mainEntityOfPage\":{\"@id\":\"https:\\\/\\\/fuentesfidedignas.com.mx\\\/index.php\\\/2026\\\/01\\\/11\\\/estamos-bien-somos-unos-luchadores-maduro-manda-mensaje-desde-prision-en-eu\\\/\"},\"wordCount\":412,\"commentCount\":0,\"publisher\":{\"@id\":\"https:\\\/\\\/fuentesfidedignas.com.mx\\\/#organization\"},\"image\":{\"@id\":\"https:\\\/\\\/fuentesfidedignas.com.mx\\\/index.php\\\/2026\\\/01\\\/11\\\/estamos-bien-somos-unos-luchadores-maduro-manda-mensaje-desde-prision-en-eu\\\/#primaryimage\"},\"thumbnailUrl\":\"https:\\\/\\\/fuentesfidedignas.com.mx\\\/wp-content\\\/uploads\\\/2026\\\/01\\\/detencion-nicolas-maduro-precedente-preocupante.jpg\",\"articleSection\":[\"NOTICIAS NACIONALES\"],\"inLanguage\":\"es\",\"potentialAction\":[{\"@type\":\"CommentAction\",\"name\":\"Comment\",\"target\":[\"https:\\\/\\\/fuentesfidedignas.com.mx\\\/index.php\\\/2026\\\/01\\\/11\\\/estamos-bien-somos-unos-luchadores-maduro-manda-mensaje-desde-prision-en-eu\\\/#respond\"]}]},{\"@type\":\"WebPage\",\"@id\":\"https:\\\/\\\/fuentesfidedignas.com.mx\\\/index.php\\\/2026\\\/01\\\/11\\\/estamos-bien-somos-unos-luchadores-maduro-manda-mensaje-desde-prision-en-eu\\\/\",\"url\":\"https:\\\/\\\/fuentesfidedignas.com.mx\\\/index.php\\\/2026\\\/01\\\/11\\\/estamos-bien-somos-unos-luchadores-maduro-manda-mensaje-desde-prision-en-eu\\\/\",\"name\":\"\u2018Estamos bien, somos unos luchadores\u2019: Maduro manda mensaje desde prisi\u00f3n en EU - Fuentes Fidedignas\",\"isPartOf\":{\"@id\":\"https:\\\/\\\/fuentesfidedignas.com.mx\\\/#website\"},\"primaryImageOfPage\":{\"@id\":\"https:\\\/\\\/fuentesfidedignas.com.mx\\\/index.php\\\/2026\\\/01\\\/11\\\/estamos-bien-somos-unos-luchadores-maduro-manda-mensaje-desde-prision-en-eu\\\/#primaryimage\"},\"image\":{\"@id\":\"https:\\\/\\\/fuentesfidedignas.com.mx\\\/index.php\\\/2026\\\/01\\\/11\\\/estamos-bien-somos-unos-luchadores-maduro-manda-mensaje-desde-prision-en-eu\\\/#primaryimage\"},\"thumbnailUrl\":\"https:\\\/\\\/fuentesfidedignas.com.mx\\\/wp-content\\\/uploads\\\/2026\\\/01\\\/detencion-nicolas-maduro-precedente-preocupante.jpg\",\"datePublished\":\"2026-01-11T19:00:05+00:00\",\"dateModified\":\"2026-01-11T19:00:10+00:00\",\"breadcrumb\":{\"@id\":\"https:\\\/\\\/fuentesfidedignas.com.mx\\\/index.php\\\/2026\\\/01\\\/11\\\/estamos-bien-somos-unos-luchadores-maduro-manda-mensaje-desde-prision-en-eu\\\/#breadcrumb\"},\"inLanguage\":\"es\",\"potentialAction\":[{\"@type\":\"ReadAction\",\"target\":[\"https:\\\/\\\/fuentesfidedignas.com.mx\\\/index.php\\\/2026\\\/01\\\/11\\\/estamos-bien-somos-unos-luchadores-maduro-manda-mensaje-desde-prision-en-eu\\\/\"]}]},{\"@type\":\"ImageObject\",\"inLanguage\":\"es\",\"@id\":\"https:\\\/\\\/fuentesfidedignas.com.mx\\\/index.php\\\/2026\\\/01\\\/11\\\/estamos-bien-somos-unos-luchadores-maduro-manda-mensaje-desde-prision-en-eu\\\/#primaryimage\",\"url\":\"https:\\\/\\\/fuentesfidedignas.com.mx\\\/wp-content\\\/uploads\\\/2026\\\/01\\\/detencion-nicolas-maduro-precedente-preocupante.jpg\",\"contentUrl\":\"https:\\\/\\\/fuentesfidedignas.com.mx\\\/wp-content\\\/uploads\\\/2026\\\/01\\\/detencion-nicolas-maduro-precedente-preocupante.jpg\",\"width\":500,\"height\":282},{\"@type\":\"BreadcrumbList\",\"@id\":\"https:\\\/\\\/fuentesfidedignas.com.mx\\\/index.php\\\/2026\\\/01\\\/11\\\/estamos-bien-somos-unos-luchadores-maduro-manda-mensaje-desde-prision-en-eu\\\/#breadcrumb\",\"itemListElement\":[{\"@type\":\"ListItem\",\"position\":1,\"name\":\"Inicio\",\"item\":\"https:\\\/\\\/fuentesfidedignas.com.mx\\\/\"},{\"@type\":\"ListItem\",\"position\":2,\"name\":\"\u2018Estamos bien, somos unos luchadores\u2019: Maduro manda mensaje desde prisi\u00f3n en EU\"}]},{\"@type\":\"WebSite\",\"@id\":\"https:\\\/\\\/fuentesfidedignas.com.mx\\\/#website\",\"url\":\"https:\\\/\\\/fuentesfidedignas.com.mx\\\/\",\"name\":\"Fuentes Fidedignas\",\"description\":\"Otro sitio realizado con WordPress\",\"publisher\":{\"@id\":\"https:\\\/\\\/fuentesfidedignas.com.mx\\\/#organization\"},\"potentialAction\":[{\"@type\":\"SearchAction\",\"target\":{\"@type\":\"EntryPoint\",\"urlTemplate\":\"https:\\\/\\\/fuentesfidedignas.com.mx\\\/?s={search_term_string}\"},\"query-input\":{\"@type\":\"PropertyValueSpecification\",\"valueRequired\":true,\"valueName\":\"search_term_string\"}}],\"inLanguage\":\"es\"},{\"@type\":\"Organization\",\"@id\":\"https:\\\/\\\/fuentesfidedignas.com.mx\\\/#organization\",\"name\":\"Fuentes Fidedignas\",\"url\":\"https:\\\/\\\/fuentesfidedignas.com.mx\\\/\",\"logo\":{\"@type\":\"ImageObject\",\"inLanguage\":\"es\",\"@id\":\"https:\\\/\\\/fuentesfidedignas.com.mx\\\/#\\\/schema\\\/logo\\\/image\\\/\",\"url\":\"https:\\\/\\\/fuentesfidedignas.com.mx\\\/wp-content\\\/uploads\\\/2021\\\/04\\\/logo-retina.png\",\"contentUrl\":\"https:\\\/\\\/fuentesfidedignas.com.mx\\\/wp-content\\\/uploads\\\/2021\\\/04\\\/logo-retina.png\",\"width\":280,\"height\":51,\"caption\":\"Fuentes Fidedignas\"},\"image\":{\"@id\":\"https:\\\/\\\/fuentesfidedignas.com.mx\\\/#\\\/schema\\\/logo\\\/image\\\/\"},\"sameAs\":[\"https:\\\/\\\/www.facebook.com\\\/Fuentes-Fidedignas-368234489921644\",\"https:\\\/\\\/x.com\\\/fidedignas\"]},{\"@type\":\"Person\",\"@id\":\"https:\\\/\\\/fuentesfidedignas.com.mx\\\/#\\\/schema\\\/person\\\/0d44615087b5a626d5d3f13afe31ac41\",\"name\":\"EFE\",\"image\":{\"@type\":\"ImageObject\",\"inLanguage\":\"es\",\"@id\":\"https:\\\/\\\/secure.gravatar.com\\\/avatar\\\/7048c2d9b569d9bed55bb53ad23821e6e047aa66338fb6ea9868627bbb9f54e8?s=96&d=mm&r=g\",\"url\":\"https:\\\/\\\/secure.gravatar.com\\\/avatar\\\/7048c2d9b569d9bed55bb53ad23821e6e047aa66338fb6ea9868627bbb9f54e8?s=96&d=mm&r=g\",\"contentUrl\":\"https:\\\/\\\/secure.gravatar.com\\\/avatar\\\/7048c2d9b569d9bed55bb53ad23821e6e047aa66338fb6ea9868627bbb9f54e8?s=96&d=mm&r=g\",\"caption\":\"EFE\"},\"url\":\"https:\\\/\\\/fuentesfidedignas.com.mx\\\/index.php\\\/author\\\/efe\\\/\"}]}<\/script>\n<!-- \/ Yoast SEO plugin. -->","yoast_head_json":{"title":"\u2018Estamos bien, somos unos luchadores\u2019: Maduro manda mensaje desde prisi\u00f3n en EU - Fuentes Fidedignas","robots":{"index":"index","follow":"follow","max-snippet":"max-snippet:-1","max-image-preview":"max-image-preview:large","max-video-preview":"max-video-preview:-1"},"canonical":"https:\/\/fuentesfidedignas.com.mx\/index.php\/2026\/01\/11\/estamos-bien-somos-unos-luchadores-maduro-manda-mensaje-desde-prision-en-eu\/","og_locale":"es_MX","og_type":"article","og_title":"\u2018Estamos bien, somos unos luchadores\u2019: Maduro manda mensaje desde prisi\u00f3n en EU - Fuentes Fidedignas","og_description":"El hijo de Nicol\u00e1s Maduro transmiti\u00f3 un mensaje que el presidente de Venezuela envi\u00f3, a trav\u00e9s de sus abogados, desde la prisi\u00f3n en Estados Unidos. El presidente de Venezuela, Nicol\u00e1s Maduro, asegur\u00f3 desde Estados Unidos, donde se encuentra detenido junto con su esposa, la diputada Cilia Flores, que est\u00e1n \u201cbien\u201d y que son \u201cunos luchadores\u201d, [&hellip;]","og_url":"https:\/\/fuentesfidedignas.com.mx\/index.php\/2026\/01\/11\/estamos-bien-somos-unos-luchadores-maduro-manda-mensaje-desde-prision-en-eu\/","og_site_name":"Fuentes Fidedignas","article_publisher":"https:\/\/www.facebook.com\/Fuentes-Fidedignas-368234489921644","article_published_time":"2026-01-11T19:00:05+00:00","article_modified_time":"2026-01-11T19:00:10+00:00","og_image":[{"width":500,"height":282,"url":"https:\/\/fuentesfidedignas.com.mx\/wp-content\/uploads\/2026\/01\/detencion-nicolas-maduro-precedente-preocupante.jpg","type":"image\/jpeg"}],"author":"EFE","twitter_card":"summary_large_image","twitter_creator":"@fidedignas","twitter_site":"@fidedignas","twitter_misc":{"Escrito por":"EFE","Tiempo de lectura":"2 minutos"},"schema":{"@context":"https:\/\/schema.org","@graph":[{"@type":"Article","@id":"https:\/\/fuentesfidedignas.com.mx\/index.php\/2026\/01\/11\/estamos-bien-somos-unos-luchadores-maduro-manda-mensaje-desde-prision-en-eu\/#article","isPartOf":{"@id":"https:\/\/fuentesfidedignas.com.mx\/index.php\/2026\/01\/11\/estamos-bien-somos-unos-luchadores-maduro-manda-mensaje-desde-prision-en-eu\/"},"author":{"name":"EFE","@id":"https:\/\/fuentesfidedignas.com.mx\/#\/schema\/person\/0d44615087b5a626d5d3f13afe31ac41"},"headline":"\u2018Estamos bien, somos unos luchadores\u2019: Maduro manda mensaje desde prisi\u00f3n en EU","datePublished":"2026-01-11T19:00:05+00:00","dateModified":"2026-01-11T19:00:10+00:00","mainEntityOfPage":{"@id":"https:\/\/fuentesfidedignas.com.mx\/index.php\/2026\/01\/11\/estamos-bien-somos-unos-luchadores-maduro-manda-mensaje-desde-prision-en-eu\/"},"wordCount":412,"commentCount":0,"publisher":{"@id":"https:\/\/fuentesfidedignas.com.mx\/#organization"},"image":{"@id":"https:\/\/fuentesfidedignas.com.mx\/index.php\/2026\/01\/11\/estamos-bien-somos-unos-luchadores-maduro-manda-mensaje-desde-prision-en-eu\/#primaryimage"},"thumbnailUrl":"https:\/\/fuentesfidedignas.com.mx\/wp-content\/uploads\/2026\/01\/detencion-nicolas-maduro-precedente-preocupante.jpg","articleSection":["NOTICIAS NACIONALES"],"inLanguage":"es","potentialAction":[{"@type":"CommentAction","name":"Comment","target":["https:\/\/fuentesfidedignas.com.mx\/index.php\/2026\/01\/11\/estamos-bien-somos-unos-luchadores-maduro-manda-mensaje-desde-prision-en-eu\/#respond"]}]},{"@type":"WebPage","@id":"https:\/\/fuentesfidedignas.com.mx\/index.php\/2026\/01\/11\/estamos-bien-somos-unos-luchadores-maduro-manda-mensaje-desde-prision-en-eu\/","url":"https:\/\/fuentesfidedignas.com.mx\/index.php\/2026\/01\/11\/estamos-bien-somos-unos-luchadores-maduro-manda-mensaje-desde-prision-en-eu\/","name":"\u2018Estamos bien, somos unos luchadores\u2019: Maduro manda mensaje desde prisi\u00f3n en EU - Fuentes Fidedignas","isPartOf":{"@id":"https:\/\/fuentesfidedignas.com.mx\/#website"},"primaryImageOfPage":{"@id":"https:\/\/fuentesfidedignas.com.mx\/index.php\/2026\/01\/11\/estamos-bien-somos-unos-luchadores-maduro-manda-mensaje-desde-prision-en-eu\/#primaryimage"},"image":{"@id":"https:\/\/fuentesfidedignas.com.mx\/index.php\/2026\/01\/11\/estamos-bien-somos-unos-luchadores-maduro-manda-mensaje-desde-prision-en-eu\/#primaryimage"},"thumbnailUrl":"https:\/\/fuentesfidedignas.com.mx\/wp-content\/uploads\/2026\/01\/detencion-nicolas-maduro-precedente-preocupante.jpg","datePublished":"2026-01-11T19:00:05+00:00","dateModified":"2026-01-11T19:00:10+00:00","breadcrumb":{"@id":"https:\/\/fuentesfidedignas.com.mx\/index.php\/2026\/01\/11\/estamos-bien-somos-unos-luchadores-maduro-manda-mensaje-desde-prision-en-eu\/#breadcrumb"},"inLanguage":"es","potentialAction":[{"@type":"ReadAction","target":["https:\/\/fuentesfidedignas.com.mx\/index.php\/2026\/01\/11\/estamos-bien-somos-unos-luchadores-maduro-manda-mensaje-desde-prision-en-eu\/"]}]},{"@type":"ImageObject","inLanguage":"es","@id":"https:\/\/fuentesfidedignas.com.mx\/index.php\/2026\/01\/11\/estamos-bien-somos-unos-luchadores-maduro-manda-mensaje-desde-prision-en-eu\/#primaryimage","url":"https:\/\/fuentesfidedignas.com.mx\/wp-content\/uploads\/2026\/01\/detencion-nicolas-maduro-precedente-preocupante.jpg","contentUrl":"https:\/\/fuentesfidedignas.com.mx\/wp-content\/uploads\/2026\/01\/detencion-nicolas-maduro-precedente-preocupante.jpg","width":500,"height":282},{"@type":"BreadcrumbList","@id":"https:\/\/fuentesfidedignas.com.mx\/index.php\/2026\/01\/11\/estamos-bien-somos-unos-luchadores-maduro-manda-mensaje-desde-prision-en-eu\/#breadcrumb","itemListElement":[{"@type":"ListItem","position":1,"name":"Inicio","item":"https:\/\/fuentesfidedignas.com.mx\/"},{"@type":"ListItem","position":2,"name":"\u2018Estamos bien, somos unos luchadores\u2019: Maduro manda mensaje desde prisi\u00f3n en EU"}]},{"@type":"WebSite","@id":"https:\/\/fuentesfidedignas.com.mx\/#website","url":"https:\/\/fuentesfidedignas.com.mx\/","name":"Fuentes Fidedignas","description":"Otro sitio realizado con WordPress","publisher":{"@id":"https:\/\/fuentesfidedignas.com.mx\/#organization"},"potentialAction":[{"@type":"SearchAction","target":{"@type":"EntryPoint","urlTemplate":"https:\/\/fuentesfidedignas.com.mx\/?s={search_term_string}"},"query-input":{"@type":"PropertyValueSpecification","valueRequired":true,"valueName":"search_term_string"}}],"inLanguage":"es"},{"@type":"Organization","@id":"https:\/\/fuentesfidedignas.com.mx\/#organization","name":"Fuentes Fidedignas","url":"https:\/\/fuentesfidedignas.com.mx\/","logo":{"@type":"ImageObject","inLanguage":"es","@id":"https:\/\/fuentesfidedignas.com.mx\/#\/schema\/logo\/image\/","url":"https:\/\/fuentesfidedignas.com.mx\/wp-content\/uploads\/2021\/04\/logo-retina.png","contentUrl":"https:\/\/fuentesfidedignas.com.mx\/wp-content\/uploads\/2021\/04\/logo-retina.png","width":280,"height":51,"caption":"Fuentes Fidedignas"},"image":{"@id":"https:\/\/fuentesfidedignas.com.mx\/#\/schema\/logo\/image\/"},"sameAs":["https:\/\/www.facebook.com\/Fuentes-Fidedignas-368234489921644","https:\/\/x.com\/fidedignas"]},{"@type":"Person","@id":"https:\/\/fuentesfidedignas.com.mx\/#\/schema\/person\/0d44615087b5a626d5d3f13afe31ac41","name":"EFE","image":{"@type":"ImageObject","inLanguage":"es","@id":"https:\/\/secure.gravatar.com\/avatar\/7048c2d9b569d9bed55bb53ad23821e6e047aa66338fb6ea9868627bbb9f54e8?s=96&d=mm&r=g","url":"https:\/\/secure.gravatar.com\/avatar\/7048c2d9b569d9bed55bb53ad23821e6e047aa66338fb6ea9868627bbb9f54e8?s=96&d=mm&r=g","contentUrl":"https:\/\/secure.gravatar.com\/avatar\/7048c2d9b569d9bed55bb53ad23821e6e047aa66338fb6ea9868627bbb9f54e8?s=96&d=mm&r=g","caption":"EFE"},"url":"https:\/\/fuentesfidedignas.com.mx\/index.php\/author\/efe\/"}]}},"_links":{"self":[{"href":"https:\/\/fuentesfidedignas.com.mx\/index.php\/wp-json\/wp\/v2\/posts\/125086","targetHints":{"allow":["GET"]}}],"collection":[{"href":"https:\/\/fuentesfidedignas.com.mx\/index.php\/wp-json\/wp\/v2\/posts"}],"about":[{"href":"https:\/\/fuentesfidedignas.com.mx\/index.php\/wp-json\/wp\/v2\/types\/post"}],"author":[{"embeddable":true,"href":"https:\/\/fuentesfidedignas.com.mx\/index.php\/wp-json\/wp\/v2\/users\/22"}],"replies":[{"embeddable":true,"href":"https:\/\/fuentesfidedignas.com.mx\/index.php\/wp-json\/wp\/v2\/comments?post=125086"}],"version-history":[{"count":1,"href":"https:\/\/fuentesfidedignas.com.mx\/index.php\/wp-json\/wp\/v2\/posts\/125086\/revisions"}],"predecessor-version":[{"id":125087,"href":"https:\/\/fuentesfidedignas.com.mx\/index.php\/wp-json\/wp\/v2\/posts\/125086\/revisions\/125087"}],"wp:featuredmedia":[{"embeddable":true,"href":"https:\/\/fuentesfidedignas.com.mx\/index.php\/wp-json\/wp\/v2\/media\/125080"}],"wp:attachment":[{"href":"https:\/\/fuentesfidedignas.com.mx\/index.php\/wp-json\/wp\/v2\/media?parent=125086"}],"wp:term":[{"taxonomy":"category","embeddable":true,"href":"https:\/\/fuentesfidedignas.com.mx\/index.php\/wp-json\/wp\/v2\/categories?post=125086"},{"taxonomy":"post_tag","embeddable":true,"href":"https:\/\/fuentesfidedignas.com.mx\/index.php\/wp-json\/wp\/v2\/tags?post=125086"}],"curies":[{"name":"wp","href":"https:\/\/api.w.org\/{rel}","templated":true}]}}