{"id":12502,"date":"2021-09-13T20:55:58","date_gmt":"2021-09-14T03:55:58","guid":{"rendered":"https:\/\/fuentesfidedignas.com.mx\/?p=12502"},"modified":"2021-09-13T20:56:00","modified_gmt":"2021-09-14T03:56:00","slug":"desplome-de-techo-en-zapateria-deja-seis-personas-atrapadas-en-culiacan","status":"publish","type":"post","link":"https:\/\/fuentesfidedignas.com.mx\/index.php\/2021\/09\/13\/desplome-de-techo-en-zapateria-deja-seis-personas-atrapadas-en-culiacan\/","title":{"rendered":"Desplome de techo en zapater\u00eda deja seis personas atrapadas en Culiac\u00e1n"},"content":{"rendered":"\n<p><strong><em>Cuerpos de auxilio lograron remover los escombros y rescataron a las primeras cuatro personas<\/em><\/strong><\/p>\n\n\n\n<p>Culiac\u00e1n.- En una zapater\u00eda, ubicada en pleno centro de Culiac\u00e1n, seis personas quedaron atrapadas al desplomarse el techo del establecimiento, por lo que cuerpos de auxilio lograron remover los escombros y rescatar a las primeras cuatro personas, las cuales fueron trasladadas a un hospital por socorristas de la Cruz Roja.<\/p>\n\n\n\n<p>El primer reporte que se tiene es que en una de las sucursales de la cadena de zapater\u00edas \u201cB Hermanos\u201d, ubicada en la esquina de la calle \u00c1ngel Flores con Domingo Rub\u00ed, el techo de desplom\u00f3, lo que sorprendi\u00f3 a empleados y al parecer clientes, los cuales quedaron atrapados bajo los escombros.<\/p>\n\n\n\n<p>Los elementos de Protecci\u00f3n Civil con auxilio de los cuerpos de rescate iniciaron los trabajos de extracci\u00f3n de escombros y colocan equipo para apuntalar el resto del techo y paredes, ante el temor de que se vuelva a colapsar otra parte del inmueble.<\/p>\n\n\n\n<p>Ninguna autoridad a dado a conocer las identidades de las cuatro personas que han sido rescatadas con vida, cuyo estado de salud es estable hasta el momento.<\/p>\n\n\n\n<p>Sobre las dos personas que se presume se encuentran aun bajo los escombros, no se sabe si se trata de empleadas o clientes que se encontraban en esos momentos en la zapater\u00eda.<\/p>\n\n\n\n<figure class=\"wp-block-video\"><video height=\"640\" style=\"aspect-ratio: 352 \/ 640;\" width=\"352\" controls src=\"https:\/\/fuentesfidedignas.com.mx\/wp-content\/uploads\/2021\/09\/WhatsApp-Video-2021-09-13-at-8.56.51-PM.mp4\"><\/video><\/figure>\n","protected":false},"excerpt":{"rendered":"<p>Cuerpos de auxilio lograron remover los escombros y rescataron a las primeras cuatro personas Culiac\u00e1n.- En una zapater\u00eda, ubicada en pleno centro de Culiac\u00e1n, seis personas quedaron atrapadas al desplomarse el techo del establecimiento, por lo que cuerpos de auxilio lograron remover los escombros y rescatar a las primeras cuatro personas, las cuales fueron trasladadas [&hellip;]<\/p>\n","protected":false},"author":39,"featured_media":12503,"comment_status":"open","ping_status":"open","sticky":false,"template":"","format":"standard","meta":{"tdm_status":"","tdm_grid_status":"","footnotes":""},"categories":[37],"tags":[],"class_list":{"0":"post-12502","1":"post","2":"type-post","3":"status-publish","4":"format-standard","5":"has-post-thumbnail","7":"category-nota-principal"},"yoast_head":"<!-- This site is optimized with the Yoast SEO plugin v27.5 - https:\/\/yoast.com\/product\/yoast-seo-wordpress\/ -->\n<title>Desplome de techo en zapater\u00eda deja seis personas atrapadas en Culiac\u00e1n - Fuentes Fidedignas<\/title>\n<meta name=\"robots\" content=\"index, follow, max-snippet:-1, max-image-preview:large, max-video-preview:-1\" \/>\n<link rel=\"canonical\" href=\"https:\/\/fuentesfidedignas.com.mx\/index.php\/2021\/09\/13\/desplome-de-techo-en-zapateria-deja-seis-personas-atrapadas-en-culiacan\/\" \/>\n<meta property=\"og:locale\" content=\"es_MX\" \/>\n<meta property=\"og:type\" content=\"article\" \/>\n<meta property=\"og:title\" content=\"Desplome de techo en zapater\u00eda deja seis personas atrapadas en Culiac\u00e1n - Fuentes Fidedignas\" \/>\n<meta property=\"og:description\" content=\"Cuerpos de auxilio lograron remover los escombros y rescataron a las primeras cuatro personas Culiac\u00e1n.- En una zapater\u00eda, ubicada en pleno centro de Culiac\u00e1n, seis personas quedaron atrapadas al desplomarse el techo del establecimiento, por lo que cuerpos de auxilio lograron remover los escombros y rescatar a las primeras cuatro personas, las cuales fueron trasladadas [&hellip;]\" \/>\n<meta property=\"og:url\" content=\"https:\/\/fuentesfidedignas.com.mx\/index.php\/2021\/09\/13\/desplome-de-techo-en-zapateria-deja-seis-personas-atrapadas-en-culiacan\/\" \/>\n<meta property=\"og:site_name\" content=\"Fuentes Fidedignas\" \/>\n<meta property=\"article:publisher\" content=\"https:\/\/www.facebook.com\/Fuentes-Fidedignas-368234489921644\" \/>\n<meta property=\"article:published_time\" content=\"2021-09-14T03:55:58+00:00\" \/>\n<meta property=\"article:modified_time\" content=\"2021-09-14T03:56:00+00:00\" \/>\n<meta property=\"og:image\" content=\"https:\/\/fuentesfidedignas.com.mx\/wp-content\/uploads\/2021\/09\/ZAPATERIA.jpg\" \/>\n\t<meta property=\"og:image:width\" content=\"1347\" \/>\n\t<meta property=\"og:image:height\" content=\"791\" \/>\n\t<meta property=\"og:image:type\" content=\"image\/jpeg\" \/>\n<meta name=\"author\" content=\"El Universal\" \/>\n<meta name=\"twitter:card\" content=\"summary_large_image\" \/>\n<meta name=\"twitter:creator\" content=\"@fidedignas\" \/>\n<meta name=\"twitter:site\" content=\"@fidedignas\" \/>\n<meta name=\"twitter:label1\" content=\"Escrito por\" \/>\n\t<meta name=\"twitter:data1\" content=\"El Universal\" \/>\n\t<meta name=\"twitter:label2\" content=\"Tiempo de lectura\" \/>\n\t<meta name=\"twitter:data2\" content=\"1 minuto\" \/>\n<script type=\"application\/ld+json\" class=\"yoast-schema-graph\">{\"@context\":\"https:\\\/\\\/schema.org\",\"@graph\":[{\"@type\":\"Article\",\"@id\":\"https:\\\/\\\/fuentesfidedignas.com.mx\\\/index.php\\\/2021\\\/09\\\/13\\\/desplome-de-techo-en-zapateria-deja-seis-personas-atrapadas-en-culiacan\\\/#article\",\"isPartOf\":{\"@id\":\"https:\\\/\\\/fuentesfidedignas.com.mx\\\/index.php\\\/2021\\\/09\\\/13\\\/desplome-de-techo-en-zapateria-deja-seis-personas-atrapadas-en-culiacan\\\/\"},\"author\":{\"name\":\"El Universal\",\"@id\":\"https:\\\/\\\/fuentesfidedignas.com.mx\\\/#\\\/schema\\\/person\\\/fee3882e65fd0510d292c43a346d35d7\"},\"headline\":\"Desplome de techo en zapater\u00eda deja seis personas atrapadas en Culiac\u00e1n\",\"datePublished\":\"2021-09-14T03:55:58+00:00\",\"dateModified\":\"2021-09-14T03:56:00+00:00\",\"mainEntityOfPage\":{\"@id\":\"https:\\\/\\\/fuentesfidedignas.com.mx\\\/index.php\\\/2021\\\/09\\\/13\\\/desplome-de-techo-en-zapateria-deja-seis-personas-atrapadas-en-culiacan\\\/\"},\"wordCount\":239,\"commentCount\":0,\"publisher\":{\"@id\":\"https:\\\/\\\/fuentesfidedignas.com.mx\\\/#organization\"},\"image\":{\"@id\":\"https:\\\/\\\/fuentesfidedignas.com.mx\\\/index.php\\\/2021\\\/09\\\/13\\\/desplome-de-techo-en-zapateria-deja-seis-personas-atrapadas-en-culiacan\\\/#primaryimage\"},\"thumbnailUrl\":\"https:\\\/\\\/fuentesfidedignas.com.mx\\\/wp-content\\\/uploads\\\/2021\\\/09\\\/ZAPATERIA.jpg\",\"articleSection\":[\"NOTA PRINCIPAL\"],\"inLanguage\":\"es\",\"potentialAction\":[{\"@type\":\"CommentAction\",\"name\":\"Comment\",\"target\":[\"https:\\\/\\\/fuentesfidedignas.com.mx\\\/index.php\\\/2021\\\/09\\\/13\\\/desplome-de-techo-en-zapateria-deja-seis-personas-atrapadas-en-culiacan\\\/#respond\"]}]},{\"@type\":\"WebPage\",\"@id\":\"https:\\\/\\\/fuentesfidedignas.com.mx\\\/index.php\\\/2021\\\/09\\\/13\\\/desplome-de-techo-en-zapateria-deja-seis-personas-atrapadas-en-culiacan\\\/\",\"url\":\"https:\\\/\\\/fuentesfidedignas.com.mx\\\/index.php\\\/2021\\\/09\\\/13\\\/desplome-de-techo-en-zapateria-deja-seis-personas-atrapadas-en-culiacan\\\/\",\"name\":\"Desplome de techo en zapater\u00eda deja seis personas atrapadas en Culiac\u00e1n - Fuentes Fidedignas\",\"isPartOf\":{\"@id\":\"https:\\\/\\\/fuentesfidedignas.com.mx\\\/#website\"},\"primaryImageOfPage\":{\"@id\":\"https:\\\/\\\/fuentesfidedignas.com.mx\\\/index.php\\\/2021\\\/09\\\/13\\\/desplome-de-techo-en-zapateria-deja-seis-personas-atrapadas-en-culiacan\\\/#primaryimage\"},\"image\":{\"@id\":\"https:\\\/\\\/fuentesfidedignas.com.mx\\\/index.php\\\/2021\\\/09\\\/13\\\/desplome-de-techo-en-zapateria-deja-seis-personas-atrapadas-en-culiacan\\\/#primaryimage\"},\"thumbnailUrl\":\"https:\\\/\\\/fuentesfidedignas.com.mx\\\/wp-content\\\/uploads\\\/2021\\\/09\\\/ZAPATERIA.jpg\",\"datePublished\":\"2021-09-14T03:55:58+00:00\",\"dateModified\":\"2021-09-14T03:56:00+00:00\",\"breadcrumb\":{\"@id\":\"https:\\\/\\\/fuentesfidedignas.com.mx\\\/index.php\\\/2021\\\/09\\\/13\\\/desplome-de-techo-en-zapateria-deja-seis-personas-atrapadas-en-culiacan\\\/#breadcrumb\"},\"inLanguage\":\"es\",\"potentialAction\":[{\"@type\":\"ReadAction\",\"target\":[\"https:\\\/\\\/fuentesfidedignas.com.mx\\\/index.php\\\/2021\\\/09\\\/13\\\/desplome-de-techo-en-zapateria-deja-seis-personas-atrapadas-en-culiacan\\\/\"]}]},{\"@type\":\"ImageObject\",\"inLanguage\":\"es\",\"@id\":\"https:\\\/\\\/fuentesfidedignas.com.mx\\\/index.php\\\/2021\\\/09\\\/13\\\/desplome-de-techo-en-zapateria-deja-seis-personas-atrapadas-en-culiacan\\\/#primaryimage\",\"url\":\"https:\\\/\\\/fuentesfidedignas.com.mx\\\/wp-content\\\/uploads\\\/2021\\\/09\\\/ZAPATERIA.jpg\",\"contentUrl\":\"https:\\\/\\\/fuentesfidedignas.com.mx\\\/wp-content\\\/uploads\\\/2021\\\/09\\\/ZAPATERIA.jpg\",\"width\":1347,\"height\":791},{\"@type\":\"BreadcrumbList\",\"@id\":\"https:\\\/\\\/fuentesfidedignas.com.mx\\\/index.php\\\/2021\\\/09\\\/13\\\/desplome-de-techo-en-zapateria-deja-seis-personas-atrapadas-en-culiacan\\\/#breadcrumb\",\"itemListElement\":[{\"@type\":\"ListItem\",\"position\":1,\"name\":\"Inicio\",\"item\":\"https:\\\/\\\/fuentesfidedignas.com.mx\\\/\"},{\"@type\":\"ListItem\",\"position\":2,\"name\":\"Desplome de techo en zapater\u00eda deja seis personas atrapadas en Culiac\u00e1n\"}]},{\"@type\":\"WebSite\",\"@id\":\"https:\\\/\\\/fuentesfidedignas.com.mx\\\/#website\",\"url\":\"https:\\\/\\\/fuentesfidedignas.com.mx\\\/\",\"name\":\"Fuentes Fidedignas\",\"description\":\"Otro sitio realizado con WordPress\",\"publisher\":{\"@id\":\"https:\\\/\\\/fuentesfidedignas.com.mx\\\/#organization\"},\"potentialAction\":[{\"@type\":\"SearchAction\",\"target\":{\"@type\":\"EntryPoint\",\"urlTemplate\":\"https:\\\/\\\/fuentesfidedignas.com.mx\\\/?s={search_term_string}\"},\"query-input\":{\"@type\":\"PropertyValueSpecification\",\"valueRequired\":true,\"valueName\":\"search_term_string\"}}],\"inLanguage\":\"es\"},{\"@type\":\"Organization\",\"@id\":\"https:\\\/\\\/fuentesfidedignas.com.mx\\\/#organization\",\"name\":\"Fuentes Fidedignas\",\"url\":\"https:\\\/\\\/fuentesfidedignas.com.mx\\\/\",\"logo\":{\"@type\":\"ImageObject\",\"inLanguage\":\"es\",\"@id\":\"https:\\\/\\\/fuentesfidedignas.com.mx\\\/#\\\/schema\\\/logo\\\/image\\\/\",\"url\":\"https:\\\/\\\/fuentesfidedignas.com.mx\\\/wp-content\\\/uploads\\\/2021\\\/04\\\/logo-retina.png\",\"contentUrl\":\"https:\\\/\\\/fuentesfidedignas.com.mx\\\/wp-content\\\/uploads\\\/2021\\\/04\\\/logo-retina.png\",\"width\":280,\"height\":51,\"caption\":\"Fuentes Fidedignas\"},\"image\":{\"@id\":\"https:\\\/\\\/fuentesfidedignas.com.mx\\\/#\\\/schema\\\/logo\\\/image\\\/\"},\"sameAs\":[\"https:\\\/\\\/www.facebook.com\\\/Fuentes-Fidedignas-368234489921644\",\"https:\\\/\\\/x.com\\\/fidedignas\"]},{\"@type\":\"Person\",\"@id\":\"https:\\\/\\\/fuentesfidedignas.com.mx\\\/#\\\/schema\\\/person\\\/fee3882e65fd0510d292c43a346d35d7\",\"name\":\"El Universal\",\"image\":{\"@type\":\"ImageObject\",\"inLanguage\":\"es\",\"@id\":\"https:\\\/\\\/secure.gravatar.com\\\/avatar\\\/1ebc94d82b6c3c081781f73e5b76a0d0c1ac7bf8e57426f18802246eeaa2747c?s=96&d=mm&r=g\",\"url\":\"https:\\\/\\\/secure.gravatar.com\\\/avatar\\\/1ebc94d82b6c3c081781f73e5b76a0d0c1ac7bf8e57426f18802246eeaa2747c?s=96&d=mm&r=g\",\"contentUrl\":\"https:\\\/\\\/secure.gravatar.com\\\/avatar\\\/1ebc94d82b6c3c081781f73e5b76a0d0c1ac7bf8e57426f18802246eeaa2747c?s=96&d=mm&r=g\",\"caption\":\"El Universal\"},\"url\":\"https:\\\/\\\/fuentesfidedignas.com.mx\\\/index.php\\\/author\\\/el-universal\\\/\"}]}<\/script>\n<!-- \/ Yoast SEO plugin. -->","yoast_head_json":{"title":"Desplome de techo en zapater\u00eda deja seis personas atrapadas en Culiac\u00e1n - Fuentes Fidedignas","robots":{"index":"index","follow":"follow","max-snippet":"max-snippet:-1","max-image-preview":"max-image-preview:large","max-video-preview":"max-video-preview:-1"},"canonical":"https:\/\/fuentesfidedignas.com.mx\/index.php\/2021\/09\/13\/desplome-de-techo-en-zapateria-deja-seis-personas-atrapadas-en-culiacan\/","og_locale":"es_MX","og_type":"article","og_title":"Desplome de techo en zapater\u00eda deja seis personas atrapadas en Culiac\u00e1n - Fuentes Fidedignas","og_description":"Cuerpos de auxilio lograron remover los escombros y rescataron a las primeras cuatro personas Culiac\u00e1n.- En una zapater\u00eda, ubicada en pleno centro de Culiac\u00e1n, seis personas quedaron atrapadas al desplomarse el techo del establecimiento, por lo que cuerpos de auxilio lograron remover los escombros y rescatar a las primeras cuatro personas, las cuales fueron trasladadas [&hellip;]","og_url":"https:\/\/fuentesfidedignas.com.mx\/index.php\/2021\/09\/13\/desplome-de-techo-en-zapateria-deja-seis-personas-atrapadas-en-culiacan\/","og_site_name":"Fuentes Fidedignas","article_publisher":"https:\/\/www.facebook.com\/Fuentes-Fidedignas-368234489921644","article_published_time":"2021-09-14T03:55:58+00:00","article_modified_time":"2021-09-14T03:56:00+00:00","og_image":[{"width":1347,"height":791,"url":"https:\/\/fuentesfidedignas.com.mx\/wp-content\/uploads\/2021\/09\/ZAPATERIA.jpg","type":"image\/jpeg"}],"author":"El Universal","twitter_card":"summary_large_image","twitter_creator":"@fidedignas","twitter_site":"@fidedignas","twitter_misc":{"Escrito por":"El Universal","Tiempo de lectura":"1 minuto"},"schema":{"@context":"https:\/\/schema.org","@graph":[{"@type":"Article","@id":"https:\/\/fuentesfidedignas.com.mx\/index.php\/2021\/09\/13\/desplome-de-techo-en-zapateria-deja-seis-personas-atrapadas-en-culiacan\/#article","isPartOf":{"@id":"https:\/\/fuentesfidedignas.com.mx\/index.php\/2021\/09\/13\/desplome-de-techo-en-zapateria-deja-seis-personas-atrapadas-en-culiacan\/"},"author":{"name":"El Universal","@id":"https:\/\/fuentesfidedignas.com.mx\/#\/schema\/person\/fee3882e65fd0510d292c43a346d35d7"},"headline":"Desplome de techo en zapater\u00eda deja seis personas atrapadas en Culiac\u00e1n","datePublished":"2021-09-14T03:55:58+00:00","dateModified":"2021-09-14T03:56:00+00:00","mainEntityOfPage":{"@id":"https:\/\/fuentesfidedignas.com.mx\/index.php\/2021\/09\/13\/desplome-de-techo-en-zapateria-deja-seis-personas-atrapadas-en-culiacan\/"},"wordCount":239,"commentCount":0,"publisher":{"@id":"https:\/\/fuentesfidedignas.com.mx\/#organization"},"image":{"@id":"https:\/\/fuentesfidedignas.com.mx\/index.php\/2021\/09\/13\/desplome-de-techo-en-zapateria-deja-seis-personas-atrapadas-en-culiacan\/#primaryimage"},"thumbnailUrl":"https:\/\/fuentesfidedignas.com.mx\/wp-content\/uploads\/2021\/09\/ZAPATERIA.jpg","articleSection":["NOTA PRINCIPAL"],"inLanguage":"es","potentialAction":[{"@type":"CommentAction","name":"Comment","target":["https:\/\/fuentesfidedignas.com.mx\/index.php\/2021\/09\/13\/desplome-de-techo-en-zapateria-deja-seis-personas-atrapadas-en-culiacan\/#respond"]}]},{"@type":"WebPage","@id":"https:\/\/fuentesfidedignas.com.mx\/index.php\/2021\/09\/13\/desplome-de-techo-en-zapateria-deja-seis-personas-atrapadas-en-culiacan\/","url":"https:\/\/fuentesfidedignas.com.mx\/index.php\/2021\/09\/13\/desplome-de-techo-en-zapateria-deja-seis-personas-atrapadas-en-culiacan\/","name":"Desplome de techo en zapater\u00eda deja seis personas atrapadas en Culiac\u00e1n - Fuentes Fidedignas","isPartOf":{"@id":"https:\/\/fuentesfidedignas.com.mx\/#website"},"primaryImageOfPage":{"@id":"https:\/\/fuentesfidedignas.com.mx\/index.php\/2021\/09\/13\/desplome-de-techo-en-zapateria-deja-seis-personas-atrapadas-en-culiacan\/#primaryimage"},"image":{"@id":"https:\/\/fuentesfidedignas.com.mx\/index.php\/2021\/09\/13\/desplome-de-techo-en-zapateria-deja-seis-personas-atrapadas-en-culiacan\/#primaryimage"},"thumbnailUrl":"https:\/\/fuentesfidedignas.com.mx\/wp-content\/uploads\/2021\/09\/ZAPATERIA.jpg","datePublished":"2021-09-14T03:55:58+00:00","dateModified":"2021-09-14T03:56:00+00:00","breadcrumb":{"@id":"https:\/\/fuentesfidedignas.com.mx\/index.php\/2021\/09\/13\/desplome-de-techo-en-zapateria-deja-seis-personas-atrapadas-en-culiacan\/#breadcrumb"},"inLanguage":"es","potentialAction":[{"@type":"ReadAction","target":["https:\/\/fuentesfidedignas.com.mx\/index.php\/2021\/09\/13\/desplome-de-techo-en-zapateria-deja-seis-personas-atrapadas-en-culiacan\/"]}]},{"@type":"ImageObject","inLanguage":"es","@id":"https:\/\/fuentesfidedignas.com.mx\/index.php\/2021\/09\/13\/desplome-de-techo-en-zapateria-deja-seis-personas-atrapadas-en-culiacan\/#primaryimage","url":"https:\/\/fuentesfidedignas.com.mx\/wp-content\/uploads\/2021\/09\/ZAPATERIA.jpg","contentUrl":"https:\/\/fuentesfidedignas.com.mx\/wp-content\/uploads\/2021\/09\/ZAPATERIA.jpg","width":1347,"height":791},{"@type":"BreadcrumbList","@id":"https:\/\/fuentesfidedignas.com.mx\/index.php\/2021\/09\/13\/desplome-de-techo-en-zapateria-deja-seis-personas-atrapadas-en-culiacan\/#breadcrumb","itemListElement":[{"@type":"ListItem","position":1,"name":"Inicio","item":"https:\/\/fuentesfidedignas.com.mx\/"},{"@type":"ListItem","position":2,"name":"Desplome de techo en zapater\u00eda deja seis personas atrapadas en Culiac\u00e1n"}]},{"@type":"WebSite","@id":"https:\/\/fuentesfidedignas.com.mx\/#website","url":"https:\/\/fuentesfidedignas.com.mx\/","name":"Fuentes Fidedignas","description":"Otro sitio realizado con WordPress","publisher":{"@id":"https:\/\/fuentesfidedignas.com.mx\/#organization"},"potentialAction":[{"@type":"SearchAction","target":{"@type":"EntryPoint","urlTemplate":"https:\/\/fuentesfidedignas.com.mx\/?s={search_term_string}"},"query-input":{"@type":"PropertyValueSpecification","valueRequired":true,"valueName":"search_term_string"}}],"inLanguage":"es"},{"@type":"Organization","@id":"https:\/\/fuentesfidedignas.com.mx\/#organization","name":"Fuentes Fidedignas","url":"https:\/\/fuentesfidedignas.com.mx\/","logo":{"@type":"ImageObject","inLanguage":"es","@id":"https:\/\/fuentesfidedignas.com.mx\/#\/schema\/logo\/image\/","url":"https:\/\/fuentesfidedignas.com.mx\/wp-content\/uploads\/2021\/04\/logo-retina.png","contentUrl":"https:\/\/fuentesfidedignas.com.mx\/wp-content\/uploads\/2021\/04\/logo-retina.png","width":280,"height":51,"caption":"Fuentes Fidedignas"},"image":{"@id":"https:\/\/fuentesfidedignas.com.mx\/#\/schema\/logo\/image\/"},"sameAs":["https:\/\/www.facebook.com\/Fuentes-Fidedignas-368234489921644","https:\/\/x.com\/fidedignas"]},{"@type":"Person","@id":"https:\/\/fuentesfidedignas.com.mx\/#\/schema\/person\/fee3882e65fd0510d292c43a346d35d7","name":"El Universal","image":{"@type":"ImageObject","inLanguage":"es","@id":"https:\/\/secure.gravatar.com\/avatar\/1ebc94d82b6c3c081781f73e5b76a0d0c1ac7bf8e57426f18802246eeaa2747c?s=96&d=mm&r=g","url":"https:\/\/secure.gravatar.com\/avatar\/1ebc94d82b6c3c081781f73e5b76a0d0c1ac7bf8e57426f18802246eeaa2747c?s=96&d=mm&r=g","contentUrl":"https:\/\/secure.gravatar.com\/avatar\/1ebc94d82b6c3c081781f73e5b76a0d0c1ac7bf8e57426f18802246eeaa2747c?s=96&d=mm&r=g","caption":"El Universal"},"url":"https:\/\/fuentesfidedignas.com.mx\/index.php\/author\/el-universal\/"}]}},"_links":{"self":[{"href":"https:\/\/fuentesfidedignas.com.mx\/index.php\/wp-json\/wp\/v2\/posts\/12502","targetHints":{"allow":["GET"]}}],"collection":[{"href":"https:\/\/fuentesfidedignas.com.mx\/index.php\/wp-json\/wp\/v2\/posts"}],"about":[{"href":"https:\/\/fuentesfidedignas.com.mx\/index.php\/wp-json\/wp\/v2\/types\/post"}],"author":[{"embeddable":true,"href":"https:\/\/fuentesfidedignas.com.mx\/index.php\/wp-json\/wp\/v2\/users\/39"}],"replies":[{"embeddable":true,"href":"https:\/\/fuentesfidedignas.com.mx\/index.php\/wp-json\/wp\/v2\/comments?post=12502"}],"version-history":[{"count":1,"href":"https:\/\/fuentesfidedignas.com.mx\/index.php\/wp-json\/wp\/v2\/posts\/12502\/revisions"}],"predecessor-version":[{"id":12505,"href":"https:\/\/fuentesfidedignas.com.mx\/index.php\/wp-json\/wp\/v2\/posts\/12502\/revisions\/12505"}],"wp:featuredmedia":[{"embeddable":true,"href":"https:\/\/fuentesfidedignas.com.mx\/index.php\/wp-json\/wp\/v2\/media\/12503"}],"wp:attachment":[{"href":"https:\/\/fuentesfidedignas.com.mx\/index.php\/wp-json\/wp\/v2\/media?parent=12502"}],"wp:term":[{"taxonomy":"category","embeddable":true,"href":"https:\/\/fuentesfidedignas.com.mx\/index.php\/wp-json\/wp\/v2\/categories?post=12502"},{"taxonomy":"post_tag","embeddable":true,"href":"https:\/\/fuentesfidedignas.com.mx\/index.php\/wp-json\/wp\/v2\/tags?post=12502"}],"curies":[{"name":"wp","href":"https:\/\/api.w.org\/{rel}","templated":true}]}}