{"id":124972,"date":"2026-01-09T10:45:19","date_gmt":"2026-01-09T17:45:19","guid":{"rendered":"https:\/\/fuentesfidedignas.com.mx\/?p=124972"},"modified":"2026-01-09T10:45:27","modified_gmt":"2026-01-09T17:45:27","slug":"salario-minimo-en-latinoamerica-promedia-los-400-dolares-con-fuertes-brechas-entre-paises","status":"publish","type":"post","link":"https:\/\/fuentesfidedignas.com.mx\/index.php\/2026\/01\/09\/salario-minimo-en-latinoamerica-promedia-los-400-dolares-con-fuertes-brechas-entre-paises\/","title":{"rendered":"Salario m\u00ednimo en Latinoam\u00e9rica promedia los 400 d\u00f3lares, con fuertes brechas entre pa\u00edses"},"content":{"rendered":"\n<p><strong><em>El salario m\u00ednimo en Latinoam\u00e9rica inici\u00f3 2026 con un promedio regional cercano a los 400 d\u00f3lares mensuales, con ajustes heterog\u00e9neos, disparidades entre las econom\u00edas, tensiones fiscales y una persistente p\u00e9rdida de poder adquisitivo.<\/em><\/strong><\/p>\n\n\n\n<p>El salario m\u00ednimo en Latinoam\u00e9rica inici\u00f3 2026 con un promedio regional cercano a los 400 d\u00f3lares mensuales, con ajustes heterog\u00e9neos, disparidades entre las econom\u00edas, tensiones fiscales y una persistente p\u00e9rdida de poder adquisitivo frente al costo de vida y la alta informalidad laboral.<\/p>\n\n\n\n<p>Entre los pa\u00edses con ingresos m\u00ednimos m\u00e1s elevados, Uruguay destaca con un salario que llegar\u00e1 a unos 620 d\u00f3lares tras un aumento total del 7.54% en dos tramos, con una inflaci\u00f3n controlada y negociaciones colectivas que suelen fijar sueldos por encima del m\u00ednimo legal.<\/p>\n\n\n\n<p>Chile, con 598 d\u00f3lares, se mantiene entre los m\u00e1s altos de la regi\u00f3n gracias a un ciclo de alzas iniciado en 2022, aunque a\u00fan lejos de los est\u00e1ndares de la Organizaci\u00f3n para la Cooperaci\u00f3n y el Desarrollo Econ\u00f3mico (OCDE).<\/p>\n\n\n\n<p>En Colombia, el incremento del 23.7%, que llev\u00f3 el salario m\u00ednimo a 535 d\u00f3lares (incluido el subsidio de transporte), fue el mayor en d\u00e9cadas.<\/p>\n\n\n\n<p>Si bien el Gobierno del presidente colombiano, Gustavo Petro, defiende ese aumento como un avance social, economistas advierten sobre su impacto potencial en inflaci\u00f3n, empleo y gasto p\u00fablico en un a\u00f1o electoral.<\/p>\n\n\n\n<p>M\u00e9xico aprob\u00f3 un aumento relevante del salario m\u00ednimo diario \u2014hasta 17.58 d\u00f3lares a nivel general y 24.61 d\u00f3lares en la frontera norte\u2014 que beneficiar\u00e1 a 8.5 millones de trabajadores, pero que tambi\u00e9n eleva costos para las empresas al recalcular prestaciones, cuotas al seguro social y aportes a la vivienda.<\/p>\n\n\n\n<p>En Brasil, el salario m\u00ednimo subi\u00f3 6.79% hasta los 295 d\u00f3lares mensuales, de acuerdo con una f\u00f3rmula legal que combina inflaci\u00f3n y crecimiento con l\u00edmites al gasto.<\/p>\n\n\n\n<p>El ajuste incide directamente en pensiones y beneficios sociales para cerca de un tercio de la poblaci\u00f3n, pero sigue muy por debajo del costo de la canasta b\u00e1sica familiar, estimada en unos 1.290 d\u00f3lares.<\/p>\n\n\n\n<p>El caso m\u00e1s cr\u00edtico es Argentina, donde el salario m\u00ednimo, fijado por decreto tras fracasar el di\u00e1logo social, ronda los 228 d\u00f3lares en enero.<\/p>\n\n\n\n<p>De acuerdo con un informe de la Central de Trabajadores de la Argentina (CTA), desde el inicio del Gobierno de Javier Milei y hasta noviembre, el salario m\u00ednimo, vital y m\u00f3vil acumul\u00f3 una ca\u00edda real del 35.2% en su poder adquisitivo, debido a ajustes por debajo de la inflaci\u00f3n, que alcanz\u00f3 el 117.8% en 2024 y acumul\u00f3 un 27.9% entre enero y noviembre de 2025.<\/p>\n\n\n\n<p>En Per\u00fa, el salario m\u00ednimo permanece sin cambios en 334.5 d\u00f3lares, mientras Paraguay mantiene un m\u00ednimo de 437.42 d\u00f3lares, del cual el Estado descuenta un 9%, correspondiente a la financiaci\u00f3n del Instituto de Previsi\u00f3n Social (IPS), lo que deja el ingreso real en unos 392.14 d\u00f3lares.<\/p>\n\n\n\n<p>Rep\u00fablica Dominicana avanza con un aumento escalonado del 20%, que eleva el m\u00ednimo en grandes empresas a 475 d\u00f3lares, mientras que el de las empresas peque\u00f1as ser\u00e1 de 295 d\u00f3lares y el de las microempresas en 270 d\u00f3lares.<\/p>\n\n\n\n<p>Costa Rica registra salarios m\u00ednimos que rondan los 600 d\u00f3lares seg\u00fan ocupaci\u00f3n, mientras los salarios del sector p\u00fablico han estado congelados durante los \u00faltimos 5 a\u00f1os debido a una regla fiscal para contener el gasto, pero el Gobierno anunci\u00f3 un aumento para 2026, aunque no ha precisado el porcentaje ni su alcance.<\/p>\n\n\n\n<p><strong>En 2026, Latinoam\u00e9rica debatir\u00e1 mejorar el ingreso en la regi\u00f3n<\/strong><br>En contraste, Guatemala y Honduras combinan alzas moderadas con altos niveles de informalidad, que limitan el alcance real de los incrementos.<\/p>\n\n\n\n<p>El Gobierno de Guatemala orden\u00f3 en diciembre pasado un aumento de entre el 4 y el 7.5% al salario m\u00ednimo, dependiendo del tipo de trabajo correspondiente.<\/p>\n\n\n\n<p>En el pa\u00eds alrededor del 70% de la poblaci\u00f3n en condiciones de trabajar lo hace en el sector informal.<\/p>\n\n\n\n<p>En Honduras el salario m\u00ednimo oscila entre 460 y 638 d\u00f3lares dependiendo del n\u00famero de empleados de las empresas.<\/p>\n\n\n\n<p>En diciembre en Panam\u00e1 se aprob\u00f3 un aumento de entre 9.50 y 15 d\u00f3lares del salario m\u00ednimo mensual que regir\u00e1 desde el 16 de enero, en un pa\u00eds donde hay m\u00e1s de medio centenar de salarios m\u00ednimos, dependiendo de la actividad econ\u00f3mica y la zona donde se desarrolla, y el mismo se debe revisar cada dos a\u00f1os.<\/p>\n\n\n\n<p>En enero de 2024 el alza fue de entre el 4.5% y el 7% lo que dej\u00f3 este ingreso en unos 341.12 d\u00f3lares.<\/p>\n\n\n\n<p>Los casos m\u00e1s extremos siguen siendo Venezuela y Cuba. En Venezuela, el salario m\u00ednimo permanece congelado desde 2022 en unos 0.40 d\u00f3lares mensuales, compensado parcialmente con bonos que no inciden en prestaciones laborales, mientras que en Cuba el ingreso m\u00ednimo equivale a unos 5 d\u00f3lares, pr\u00e1cticamente sin poder de compra tras el fracaso de la reforma monetaria.<\/p>\n\n\n\n<p>Aunque el salario m\u00ednimo en Latinoam\u00e9rica promedia unos 400 d\u00f3lares mensuales, la cifra esconde profundas brechas entre pa\u00edses y sectores.<\/p>\n\n\n\n<p>Para 2026, el debate seguir\u00e1 centrado en c\u00f3mo mejorar el ingreso real sin afectar el empleo formal ni la sostenibilidad fiscal, en econom\u00edas marcadas por la informalidad y el alto costo de vida.<\/p>\n","protected":false},"excerpt":{"rendered":"<p>El salario m\u00ednimo en Latinoam\u00e9rica inici\u00f3 2026 con un promedio regional cercano a los 400 d\u00f3lares mensuales, con ajustes heterog\u00e9neos, disparidades entre las econom\u00edas, tensiones fiscales y una persistente p\u00e9rdida de poder adquisitivo. El salario m\u00ednimo en Latinoam\u00e9rica inici\u00f3 2026 con un promedio regional cercano a los 400 d\u00f3lares mensuales, con ajustes heterog\u00e9neos, disparidades entre [&hellip;]<\/p>\n","protected":false},"author":5,"featured_media":91956,"comment_status":"open","ping_status":"open","sticky":false,"template":"","format":"standard","meta":{"tdm_status":"","tdm_grid_status":"","footnotes":""},"categories":[39],"tags":[],"class_list":{"0":"post-124972","1":"post","2":"type-post","3":"status-publish","4":"format-standard","5":"has-post-thumbnail","7":"category-noticias-nacionales"},"yoast_head":"<!-- This site is optimized with the Yoast SEO plugin v27.5 - https:\/\/yoast.com\/product\/yoast-seo-wordpress\/ -->\n<title>Salario m\u00ednimo en Latinoam\u00e9rica promedia los 400 d\u00f3lares, con fuertes brechas entre pa\u00edses - Fuentes Fidedignas<\/title>\n<meta name=\"robots\" content=\"index, follow, max-snippet:-1, max-image-preview:large, max-video-preview:-1\" \/>\n<link rel=\"canonical\" href=\"https:\/\/fuentesfidedignas.com.mx\/index.php\/2026\/01\/09\/salario-minimo-en-latinoamerica-promedia-los-400-dolares-con-fuertes-brechas-entre-paises\/\" \/>\n<meta property=\"og:locale\" content=\"es_MX\" \/>\n<meta property=\"og:type\" content=\"article\" \/>\n<meta property=\"og:title\" content=\"Salario m\u00ednimo en Latinoam\u00e9rica promedia los 400 d\u00f3lares, con fuertes brechas entre pa\u00edses - Fuentes Fidedignas\" \/>\n<meta property=\"og:description\" content=\"El salario m\u00ednimo en Latinoam\u00e9rica inici\u00f3 2026 con un promedio regional cercano a los 400 d\u00f3lares mensuales, con ajustes heterog\u00e9neos, disparidades entre las econom\u00edas, tensiones fiscales y una persistente p\u00e9rdida de poder adquisitivo. El salario m\u00ednimo en Latinoam\u00e9rica inici\u00f3 2026 con un promedio regional cercano a los 400 d\u00f3lares mensuales, con ajustes heterog\u00e9neos, disparidades entre [&hellip;]\" \/>\n<meta property=\"og:url\" content=\"https:\/\/fuentesfidedignas.com.mx\/index.php\/2026\/01\/09\/salario-minimo-en-latinoamerica-promedia-los-400-dolares-con-fuertes-brechas-entre-paises\/\" \/>\n<meta property=\"og:site_name\" content=\"Fuentes Fidedignas\" \/>\n<meta property=\"article:publisher\" content=\"https:\/\/www.facebook.com\/Fuentes-Fidedignas-368234489921644\" \/>\n<meta property=\"article:published_time\" content=\"2026-01-09T17:45:19+00:00\" \/>\n<meta property=\"article:modified_time\" content=\"2026-01-09T17:45:27+00:00\" \/>\n<meta property=\"og:image\" content=\"https:\/\/fuentesfidedignas.com.mx\/wp-content\/uploads\/2024\/09\/aumento-salario-minimo.jpg\" \/>\n\t<meta property=\"og:image:width\" content=\"650\" \/>\n\t<meta property=\"og:image:height\" content=\"365\" \/>\n\t<meta property=\"og:image:type\" content=\"image\/jpeg\" \/>\n<meta name=\"author\" content=\"Forbes\" \/>\n<meta name=\"twitter:card\" content=\"summary_large_image\" \/>\n<meta name=\"twitter:creator\" content=\"@fidedignas\" \/>\n<meta name=\"twitter:site\" content=\"@fidedignas\" \/>\n<meta name=\"twitter:label1\" content=\"Escrito por\" \/>\n\t<meta name=\"twitter:data1\" content=\"Forbes\" \/>\n\t<meta name=\"twitter:label2\" content=\"Tiempo de lectura\" \/>\n\t<meta name=\"twitter:data2\" content=\"5 minutos\" \/>\n<script type=\"application\/ld+json\" class=\"yoast-schema-graph\">{\"@context\":\"https:\\\/\\\/schema.org\",\"@graph\":[{\"@type\":\"Article\",\"@id\":\"https:\\\/\\\/fuentesfidedignas.com.mx\\\/index.php\\\/2026\\\/01\\\/09\\\/salario-minimo-en-latinoamerica-promedia-los-400-dolares-con-fuertes-brechas-entre-paises\\\/#article\",\"isPartOf\":{\"@id\":\"https:\\\/\\\/fuentesfidedignas.com.mx\\\/index.php\\\/2026\\\/01\\\/09\\\/salario-minimo-en-latinoamerica-promedia-los-400-dolares-con-fuertes-brechas-entre-paises\\\/\"},\"author\":{\"name\":\"Forbes\",\"@id\":\"https:\\\/\\\/fuentesfidedignas.com.mx\\\/#\\\/schema\\\/person\\\/5623d53fe2e579d825b1679734abcc44\"},\"headline\":\"Salario m\u00ednimo en Latinoam\u00e9rica promedia los 400 d\u00f3lares, con fuertes brechas entre pa\u00edses\",\"datePublished\":\"2026-01-09T17:45:19+00:00\",\"dateModified\":\"2026-01-09T17:45:27+00:00\",\"mainEntityOfPage\":{\"@id\":\"https:\\\/\\\/fuentesfidedignas.com.mx\\\/index.php\\\/2026\\\/01\\\/09\\\/salario-minimo-en-latinoamerica-promedia-los-400-dolares-con-fuertes-brechas-entre-paises\\\/\"},\"wordCount\":901,\"commentCount\":0,\"publisher\":{\"@id\":\"https:\\\/\\\/fuentesfidedignas.com.mx\\\/#organization\"},\"image\":{\"@id\":\"https:\\\/\\\/fuentesfidedignas.com.mx\\\/index.php\\\/2026\\\/01\\\/09\\\/salario-minimo-en-latinoamerica-promedia-los-400-dolares-con-fuertes-brechas-entre-paises\\\/#primaryimage\"},\"thumbnailUrl\":\"https:\\\/\\\/fuentesfidedignas.com.mx\\\/wp-content\\\/uploads\\\/2024\\\/09\\\/aumento-salario-minimo.jpg\",\"articleSection\":[\"NOTICIAS NACIONALES\"],\"inLanguage\":\"es\",\"potentialAction\":[{\"@type\":\"CommentAction\",\"name\":\"Comment\",\"target\":[\"https:\\\/\\\/fuentesfidedignas.com.mx\\\/index.php\\\/2026\\\/01\\\/09\\\/salario-minimo-en-latinoamerica-promedia-los-400-dolares-con-fuertes-brechas-entre-paises\\\/#respond\"]}]},{\"@type\":\"WebPage\",\"@id\":\"https:\\\/\\\/fuentesfidedignas.com.mx\\\/index.php\\\/2026\\\/01\\\/09\\\/salario-minimo-en-latinoamerica-promedia-los-400-dolares-con-fuertes-brechas-entre-paises\\\/\",\"url\":\"https:\\\/\\\/fuentesfidedignas.com.mx\\\/index.php\\\/2026\\\/01\\\/09\\\/salario-minimo-en-latinoamerica-promedia-los-400-dolares-con-fuertes-brechas-entre-paises\\\/\",\"name\":\"Salario m\u00ednimo en Latinoam\u00e9rica promedia los 400 d\u00f3lares, con fuertes brechas entre pa\u00edses - Fuentes Fidedignas\",\"isPartOf\":{\"@id\":\"https:\\\/\\\/fuentesfidedignas.com.mx\\\/#website\"},\"primaryImageOfPage\":{\"@id\":\"https:\\\/\\\/fuentesfidedignas.com.mx\\\/index.php\\\/2026\\\/01\\\/09\\\/salario-minimo-en-latinoamerica-promedia-los-400-dolares-con-fuertes-brechas-entre-paises\\\/#primaryimage\"},\"image\":{\"@id\":\"https:\\\/\\\/fuentesfidedignas.com.mx\\\/index.php\\\/2026\\\/01\\\/09\\\/salario-minimo-en-latinoamerica-promedia-los-400-dolares-con-fuertes-brechas-entre-paises\\\/#primaryimage\"},\"thumbnailUrl\":\"https:\\\/\\\/fuentesfidedignas.com.mx\\\/wp-content\\\/uploads\\\/2024\\\/09\\\/aumento-salario-minimo.jpg\",\"datePublished\":\"2026-01-09T17:45:19+00:00\",\"dateModified\":\"2026-01-09T17:45:27+00:00\",\"breadcrumb\":{\"@id\":\"https:\\\/\\\/fuentesfidedignas.com.mx\\\/index.php\\\/2026\\\/01\\\/09\\\/salario-minimo-en-latinoamerica-promedia-los-400-dolares-con-fuertes-brechas-entre-paises\\\/#breadcrumb\"},\"inLanguage\":\"es\",\"potentialAction\":[{\"@type\":\"ReadAction\",\"target\":[\"https:\\\/\\\/fuentesfidedignas.com.mx\\\/index.php\\\/2026\\\/01\\\/09\\\/salario-minimo-en-latinoamerica-promedia-los-400-dolares-con-fuertes-brechas-entre-paises\\\/\"]}]},{\"@type\":\"ImageObject\",\"inLanguage\":\"es\",\"@id\":\"https:\\\/\\\/fuentesfidedignas.com.mx\\\/index.php\\\/2026\\\/01\\\/09\\\/salario-minimo-en-latinoamerica-promedia-los-400-dolares-con-fuertes-brechas-entre-paises\\\/#primaryimage\",\"url\":\"https:\\\/\\\/fuentesfidedignas.com.mx\\\/wp-content\\\/uploads\\\/2024\\\/09\\\/aumento-salario-minimo.jpg\",\"contentUrl\":\"https:\\\/\\\/fuentesfidedignas.com.mx\\\/wp-content\\\/uploads\\\/2024\\\/09\\\/aumento-salario-minimo.jpg\",\"width\":650,\"height\":365},{\"@type\":\"BreadcrumbList\",\"@id\":\"https:\\\/\\\/fuentesfidedignas.com.mx\\\/index.php\\\/2026\\\/01\\\/09\\\/salario-minimo-en-latinoamerica-promedia-los-400-dolares-con-fuertes-brechas-entre-paises\\\/#breadcrumb\",\"itemListElement\":[{\"@type\":\"ListItem\",\"position\":1,\"name\":\"Inicio\",\"item\":\"https:\\\/\\\/fuentesfidedignas.com.mx\\\/\"},{\"@type\":\"ListItem\",\"position\":2,\"name\":\"Salario m\u00ednimo en Latinoam\u00e9rica promedia los 400 d\u00f3lares, con fuertes brechas entre pa\u00edses\"}]},{\"@type\":\"WebSite\",\"@id\":\"https:\\\/\\\/fuentesfidedignas.com.mx\\\/#website\",\"url\":\"https:\\\/\\\/fuentesfidedignas.com.mx\\\/\",\"name\":\"Fuentes Fidedignas\",\"description\":\"Otro sitio realizado con WordPress\",\"publisher\":{\"@id\":\"https:\\\/\\\/fuentesfidedignas.com.mx\\\/#organization\"},\"potentialAction\":[{\"@type\":\"SearchAction\",\"target\":{\"@type\":\"EntryPoint\",\"urlTemplate\":\"https:\\\/\\\/fuentesfidedignas.com.mx\\\/?s={search_term_string}\"},\"query-input\":{\"@type\":\"PropertyValueSpecification\",\"valueRequired\":true,\"valueName\":\"search_term_string\"}}],\"inLanguage\":\"es\"},{\"@type\":\"Organization\",\"@id\":\"https:\\\/\\\/fuentesfidedignas.com.mx\\\/#organization\",\"name\":\"Fuentes Fidedignas\",\"url\":\"https:\\\/\\\/fuentesfidedignas.com.mx\\\/\",\"logo\":{\"@type\":\"ImageObject\",\"inLanguage\":\"es\",\"@id\":\"https:\\\/\\\/fuentesfidedignas.com.mx\\\/#\\\/schema\\\/logo\\\/image\\\/\",\"url\":\"https:\\\/\\\/fuentesfidedignas.com.mx\\\/wp-content\\\/uploads\\\/2021\\\/04\\\/logo-retina.png\",\"contentUrl\":\"https:\\\/\\\/fuentesfidedignas.com.mx\\\/wp-content\\\/uploads\\\/2021\\\/04\\\/logo-retina.png\",\"width\":280,\"height\":51,\"caption\":\"Fuentes Fidedignas\"},\"image\":{\"@id\":\"https:\\\/\\\/fuentesfidedignas.com.mx\\\/#\\\/schema\\\/logo\\\/image\\\/\"},\"sameAs\":[\"https:\\\/\\\/www.facebook.com\\\/Fuentes-Fidedignas-368234489921644\",\"https:\\\/\\\/x.com\\\/fidedignas\"]},{\"@type\":\"Person\",\"@id\":\"https:\\\/\\\/fuentesfidedignas.com.mx\\\/#\\\/schema\\\/person\\\/5623d53fe2e579d825b1679734abcc44\",\"name\":\"Forbes\",\"image\":{\"@type\":\"ImageObject\",\"inLanguage\":\"es\",\"@id\":\"https:\\\/\\\/secure.gravatar.com\\\/avatar\\\/87ce3dd4e41e60c22a79c758614f01a6bc2469255fc936ec7b15efb9bb5cb66f?s=96&d=mm&r=g\",\"url\":\"https:\\\/\\\/secure.gravatar.com\\\/avatar\\\/87ce3dd4e41e60c22a79c758614f01a6bc2469255fc936ec7b15efb9bb5cb66f?s=96&d=mm&r=g\",\"contentUrl\":\"https:\\\/\\\/secure.gravatar.com\\\/avatar\\\/87ce3dd4e41e60c22a79c758614f01a6bc2469255fc936ec7b15efb9bb5cb66f?s=96&d=mm&r=g\",\"caption\":\"Forbes\"},\"url\":\"https:\\\/\\\/fuentesfidedignas.com.mx\\\/index.php\\\/author\\\/forbes\\\/\"}]}<\/script>\n<!-- \/ Yoast SEO plugin. -->","yoast_head_json":{"title":"Salario m\u00ednimo en Latinoam\u00e9rica promedia los 400 d\u00f3lares, con fuertes brechas entre pa\u00edses - Fuentes Fidedignas","robots":{"index":"index","follow":"follow","max-snippet":"max-snippet:-1","max-image-preview":"max-image-preview:large","max-video-preview":"max-video-preview:-1"},"canonical":"https:\/\/fuentesfidedignas.com.mx\/index.php\/2026\/01\/09\/salario-minimo-en-latinoamerica-promedia-los-400-dolares-con-fuertes-brechas-entre-paises\/","og_locale":"es_MX","og_type":"article","og_title":"Salario m\u00ednimo en Latinoam\u00e9rica promedia los 400 d\u00f3lares, con fuertes brechas entre pa\u00edses - Fuentes Fidedignas","og_description":"El salario m\u00ednimo en Latinoam\u00e9rica inici\u00f3 2026 con un promedio regional cercano a los 400 d\u00f3lares mensuales, con ajustes heterog\u00e9neos, disparidades entre las econom\u00edas, tensiones fiscales y una persistente p\u00e9rdida de poder adquisitivo. El salario m\u00ednimo en Latinoam\u00e9rica inici\u00f3 2026 con un promedio regional cercano a los 400 d\u00f3lares mensuales, con ajustes heterog\u00e9neos, disparidades entre [&hellip;]","og_url":"https:\/\/fuentesfidedignas.com.mx\/index.php\/2026\/01\/09\/salario-minimo-en-latinoamerica-promedia-los-400-dolares-con-fuertes-brechas-entre-paises\/","og_site_name":"Fuentes Fidedignas","article_publisher":"https:\/\/www.facebook.com\/Fuentes-Fidedignas-368234489921644","article_published_time":"2026-01-09T17:45:19+00:00","article_modified_time":"2026-01-09T17:45:27+00:00","og_image":[{"width":650,"height":365,"url":"https:\/\/fuentesfidedignas.com.mx\/wp-content\/uploads\/2024\/09\/aumento-salario-minimo.jpg","type":"image\/jpeg"}],"author":"Forbes","twitter_card":"summary_large_image","twitter_creator":"@fidedignas","twitter_site":"@fidedignas","twitter_misc":{"Escrito por":"Forbes","Tiempo de lectura":"5 minutos"},"schema":{"@context":"https:\/\/schema.org","@graph":[{"@type":"Article","@id":"https:\/\/fuentesfidedignas.com.mx\/index.php\/2026\/01\/09\/salario-minimo-en-latinoamerica-promedia-los-400-dolares-con-fuertes-brechas-entre-paises\/#article","isPartOf":{"@id":"https:\/\/fuentesfidedignas.com.mx\/index.php\/2026\/01\/09\/salario-minimo-en-latinoamerica-promedia-los-400-dolares-con-fuertes-brechas-entre-paises\/"},"author":{"name":"Forbes","@id":"https:\/\/fuentesfidedignas.com.mx\/#\/schema\/person\/5623d53fe2e579d825b1679734abcc44"},"headline":"Salario m\u00ednimo en Latinoam\u00e9rica promedia los 400 d\u00f3lares, con fuertes brechas entre pa\u00edses","datePublished":"2026-01-09T17:45:19+00:00","dateModified":"2026-01-09T17:45:27+00:00","mainEntityOfPage":{"@id":"https:\/\/fuentesfidedignas.com.mx\/index.php\/2026\/01\/09\/salario-minimo-en-latinoamerica-promedia-los-400-dolares-con-fuertes-brechas-entre-paises\/"},"wordCount":901,"commentCount":0,"publisher":{"@id":"https:\/\/fuentesfidedignas.com.mx\/#organization"},"image":{"@id":"https:\/\/fuentesfidedignas.com.mx\/index.php\/2026\/01\/09\/salario-minimo-en-latinoamerica-promedia-los-400-dolares-con-fuertes-brechas-entre-paises\/#primaryimage"},"thumbnailUrl":"https:\/\/fuentesfidedignas.com.mx\/wp-content\/uploads\/2024\/09\/aumento-salario-minimo.jpg","articleSection":["NOTICIAS NACIONALES"],"inLanguage":"es","potentialAction":[{"@type":"CommentAction","name":"Comment","target":["https:\/\/fuentesfidedignas.com.mx\/index.php\/2026\/01\/09\/salario-minimo-en-latinoamerica-promedia-los-400-dolares-con-fuertes-brechas-entre-paises\/#respond"]}]},{"@type":"WebPage","@id":"https:\/\/fuentesfidedignas.com.mx\/index.php\/2026\/01\/09\/salario-minimo-en-latinoamerica-promedia-los-400-dolares-con-fuertes-brechas-entre-paises\/","url":"https:\/\/fuentesfidedignas.com.mx\/index.php\/2026\/01\/09\/salario-minimo-en-latinoamerica-promedia-los-400-dolares-con-fuertes-brechas-entre-paises\/","name":"Salario m\u00ednimo en Latinoam\u00e9rica promedia los 400 d\u00f3lares, con fuertes brechas entre pa\u00edses - Fuentes Fidedignas","isPartOf":{"@id":"https:\/\/fuentesfidedignas.com.mx\/#website"},"primaryImageOfPage":{"@id":"https:\/\/fuentesfidedignas.com.mx\/index.php\/2026\/01\/09\/salario-minimo-en-latinoamerica-promedia-los-400-dolares-con-fuertes-brechas-entre-paises\/#primaryimage"},"image":{"@id":"https:\/\/fuentesfidedignas.com.mx\/index.php\/2026\/01\/09\/salario-minimo-en-latinoamerica-promedia-los-400-dolares-con-fuertes-brechas-entre-paises\/#primaryimage"},"thumbnailUrl":"https:\/\/fuentesfidedignas.com.mx\/wp-content\/uploads\/2024\/09\/aumento-salario-minimo.jpg","datePublished":"2026-01-09T17:45:19+00:00","dateModified":"2026-01-09T17:45:27+00:00","breadcrumb":{"@id":"https:\/\/fuentesfidedignas.com.mx\/index.php\/2026\/01\/09\/salario-minimo-en-latinoamerica-promedia-los-400-dolares-con-fuertes-brechas-entre-paises\/#breadcrumb"},"inLanguage":"es","potentialAction":[{"@type":"ReadAction","target":["https:\/\/fuentesfidedignas.com.mx\/index.php\/2026\/01\/09\/salario-minimo-en-latinoamerica-promedia-los-400-dolares-con-fuertes-brechas-entre-paises\/"]}]},{"@type":"ImageObject","inLanguage":"es","@id":"https:\/\/fuentesfidedignas.com.mx\/index.php\/2026\/01\/09\/salario-minimo-en-latinoamerica-promedia-los-400-dolares-con-fuertes-brechas-entre-paises\/#primaryimage","url":"https:\/\/fuentesfidedignas.com.mx\/wp-content\/uploads\/2024\/09\/aumento-salario-minimo.jpg","contentUrl":"https:\/\/fuentesfidedignas.com.mx\/wp-content\/uploads\/2024\/09\/aumento-salario-minimo.jpg","width":650,"height":365},{"@type":"BreadcrumbList","@id":"https:\/\/fuentesfidedignas.com.mx\/index.php\/2026\/01\/09\/salario-minimo-en-latinoamerica-promedia-los-400-dolares-con-fuertes-brechas-entre-paises\/#breadcrumb","itemListElement":[{"@type":"ListItem","position":1,"name":"Inicio","item":"https:\/\/fuentesfidedignas.com.mx\/"},{"@type":"ListItem","position":2,"name":"Salario m\u00ednimo en Latinoam\u00e9rica promedia los 400 d\u00f3lares, con fuertes brechas entre pa\u00edses"}]},{"@type":"WebSite","@id":"https:\/\/fuentesfidedignas.com.mx\/#website","url":"https:\/\/fuentesfidedignas.com.mx\/","name":"Fuentes Fidedignas","description":"Otro sitio realizado con WordPress","publisher":{"@id":"https:\/\/fuentesfidedignas.com.mx\/#organization"},"potentialAction":[{"@type":"SearchAction","target":{"@type":"EntryPoint","urlTemplate":"https:\/\/fuentesfidedignas.com.mx\/?s={search_term_string}"},"query-input":{"@type":"PropertyValueSpecification","valueRequired":true,"valueName":"search_term_string"}}],"inLanguage":"es"},{"@type":"Organization","@id":"https:\/\/fuentesfidedignas.com.mx\/#organization","name":"Fuentes Fidedignas","url":"https:\/\/fuentesfidedignas.com.mx\/","logo":{"@type":"ImageObject","inLanguage":"es","@id":"https:\/\/fuentesfidedignas.com.mx\/#\/schema\/logo\/image\/","url":"https:\/\/fuentesfidedignas.com.mx\/wp-content\/uploads\/2021\/04\/logo-retina.png","contentUrl":"https:\/\/fuentesfidedignas.com.mx\/wp-content\/uploads\/2021\/04\/logo-retina.png","width":280,"height":51,"caption":"Fuentes Fidedignas"},"image":{"@id":"https:\/\/fuentesfidedignas.com.mx\/#\/schema\/logo\/image\/"},"sameAs":["https:\/\/www.facebook.com\/Fuentes-Fidedignas-368234489921644","https:\/\/x.com\/fidedignas"]},{"@type":"Person","@id":"https:\/\/fuentesfidedignas.com.mx\/#\/schema\/person\/5623d53fe2e579d825b1679734abcc44","name":"Forbes","image":{"@type":"ImageObject","inLanguage":"es","@id":"https:\/\/secure.gravatar.com\/avatar\/87ce3dd4e41e60c22a79c758614f01a6bc2469255fc936ec7b15efb9bb5cb66f?s=96&d=mm&r=g","url":"https:\/\/secure.gravatar.com\/avatar\/87ce3dd4e41e60c22a79c758614f01a6bc2469255fc936ec7b15efb9bb5cb66f?s=96&d=mm&r=g","contentUrl":"https:\/\/secure.gravatar.com\/avatar\/87ce3dd4e41e60c22a79c758614f01a6bc2469255fc936ec7b15efb9bb5cb66f?s=96&d=mm&r=g","caption":"Forbes"},"url":"https:\/\/fuentesfidedignas.com.mx\/index.php\/author\/forbes\/"}]}},"_links":{"self":[{"href":"https:\/\/fuentesfidedignas.com.mx\/index.php\/wp-json\/wp\/v2\/posts\/124972","targetHints":{"allow":["GET"]}}],"collection":[{"href":"https:\/\/fuentesfidedignas.com.mx\/index.php\/wp-json\/wp\/v2\/posts"}],"about":[{"href":"https:\/\/fuentesfidedignas.com.mx\/index.php\/wp-json\/wp\/v2\/types\/post"}],"author":[{"embeddable":true,"href":"https:\/\/fuentesfidedignas.com.mx\/index.php\/wp-json\/wp\/v2\/users\/5"}],"replies":[{"embeddable":true,"href":"https:\/\/fuentesfidedignas.com.mx\/index.php\/wp-json\/wp\/v2\/comments?post=124972"}],"version-history":[{"count":1,"href":"https:\/\/fuentesfidedignas.com.mx\/index.php\/wp-json\/wp\/v2\/posts\/124972\/revisions"}],"predecessor-version":[{"id":124973,"href":"https:\/\/fuentesfidedignas.com.mx\/index.php\/wp-json\/wp\/v2\/posts\/124972\/revisions\/124973"}],"wp:featuredmedia":[{"embeddable":true,"href":"https:\/\/fuentesfidedignas.com.mx\/index.php\/wp-json\/wp\/v2\/media\/91956"}],"wp:attachment":[{"href":"https:\/\/fuentesfidedignas.com.mx\/index.php\/wp-json\/wp\/v2\/media?parent=124972"}],"wp:term":[{"taxonomy":"category","embeddable":true,"href":"https:\/\/fuentesfidedignas.com.mx\/index.php\/wp-json\/wp\/v2\/categories?post=124972"},{"taxonomy":"post_tag","embeddable":true,"href":"https:\/\/fuentesfidedignas.com.mx\/index.php\/wp-json\/wp\/v2\/tags?post=124972"}],"curies":[{"name":"wp","href":"https:\/\/api.w.org\/{rel}","templated":true}]}}