{"id":124875,"date":"2026-01-08T09:19:15","date_gmt":"2026-01-08T16:19:15","guid":{"rendered":"https:\/\/fuentesfidedignas.com.mx\/?p=124875"},"modified":"2026-01-08T09:19:20","modified_gmt":"2026-01-08T16:19:20","slug":"muerte-de-mujer-en-operativo-de-ice-desata-protestas-en-minneapolis","status":"publish","type":"post","link":"https:\/\/fuentesfidedignas.com.mx\/index.php\/2026\/01\/08\/muerte-de-mujer-en-operativo-de-ice-desata-protestas-en-minneapolis\/","title":{"rendered":"Muerte de mujer en operativo de ICE desata protestas en Minneapolis"},"content":{"rendered":"\n<p><strong><em>Autoridades federales sostienen que la muerte de Renee Nicole Good a manos de un agente fue \u201cdefensa propia\u201d; las manifestaciones evocan a las de hace casi 6 a\u00f1os con George Floyd.<\/em><\/strong><\/p>\n\n\n\n<p>La ciudad estadunidense de Minneapolis se prepara para de nuevas manifestaciones este jueves contra la polic\u00eda migratoria, tras la muerte a tiros de una mujer el mi\u00e9rcoles durante un operativo, un hecho que desat\u00f3 la indignaci\u00f3n de los residentes locales.<\/p>\n\n\n\n<p>La mujer, identificada por medios locales como Renee Nicole Good, de 37 a\u00f1os, muri\u00f3 tras recibir varios disparos a quemarropa cuando aparentemente intentaba alejarse en su veh\u00edculo de los agentes de Inmigraci\u00f3n y Control de Aduanas (ICE), quienes se encontraban junto a su auto y afirmaron que les bloqueaba el paso.<\/p>\n\n\n\n<p>Las im\u00e1genes del incidente muestran a un agente de ICE enmascarado intentando abrir la puerta del auto de la mujer, que intenta alejarse antes de que otro agente enmascarado disparara tres veces de frente contra la SUV Honda Pilot. El veh\u00edculo perdi\u00f3 entonces el control y choc\u00f3 contra otros autos estacionados, mientras los horrorizados transe\u00fantes lanzaban insultos a los agentes federales.<\/p>\n\n\n\n<p><strong>Macabra escena<\/strong><br>Su cuerpo ensangrentado se ve luego desplomado en el veh\u00edculo siniestrado. Uno de los testigos del hecho, Brandon Hewitt, dijo a la cadena de noticias liberal MS NOW que escuch\u00f3 &#8220;tres disparos&#8221; y que &#8220;grab\u00e9 muchos videos de c\u00f3mo llevaban el cuerpo a la ambulancia&#8221;. Otro testigo entrevistado por la cadena local FOX9 describi\u00f3 una escena macabra.<\/p>\n\n\n\n<p>&#8220;La pasajera que sobrevivi\u00f3 sali\u00f3 del coche cubierto de sangre&#8221;, dijo el testigo, quien tambi\u00e9n asegur\u00f3 que un hombre que se identific\u00f3 como m\u00e9dico intent\u00f3 acercarse a Good para auxiliarla pero los agentes del ICE lo impidieron.<\/p>\n\n\n\n<p>La madre de Good, Donna Ganger, dijo al Minnesota Star Tribune que su hija &#8220;probablemente estaba aterrada&#8221; al momento del incidente y que no buscaba enfrentamientos con agentes del ICE. Good era una madre, poeta y amante del cine, seg\u00fan medios estadunidenses. Estudi\u00f3 escritura creativa en la Universidad Old Dominion, en Norfolk, Virginia.<\/p>\n\n\n\n<p>El gobierno del presidente Donald Trump se apresur\u00f3 a afirmar que Good hab\u00eda intentado matar a los agentes atropell\u00e1ndolos, una postura que el alcalde de Mine\u00e1polis, Jacob Frey, calific\u00f3 de &#8220;m13rd@&#8221;, y pidi\u00f3 al ICE abandonar la ciudad.<\/p>\n\n\n\n<p>El incidente se produjo durante una protesta contra las medidas impuestas por Trump contra la migraci\u00f3n en esta ciudad del norte\u00f1o estado de Minnesota. Miles de manifestantes salieron a las g\u00e9lidas calles de Mine\u00e1polis tras el tiroteo, portando carteles que dec\u00edan &#8220;Fuera ICE de Minneapolis&#8221;.<\/p>\n\n\n\n<p>Seg\u00fan el peri\u00f3dico Minnesota Star Tribune, manifestantes convocaron varias protestas similares contra ICE este jueves, frente a un edificio del gobierno federal y en otros puntos de la ciudad. Los agentes del ICE han recibido el encargo de detener y deportar a un n\u00famero sin precedentes de migrantes indocumentados en medio de cr\u00edticas de haberse convertido en una fuerza paramilitar a las \u00f3rdenes de Trump.<\/p>\n\n\n\n<p><strong>Terrorismo interno o propaganda<\/strong><br>La decisi\u00f3n ha provocado cr\u00edticas de quienes afirman que los agentes en el terreno no han sido debidamente entrenados. Incluso, las manifestaciones evocan a las ocurridas en 2020 por el asesinato de George Floyd, tambi\u00e9n en esa misma ciudad, y que puso bajo presi\u00f3n a la primera administraci\u00f3n de Trump.<\/p>\n\n\n\n<p>La secretaria del Departamento de Seguridad Nacional (DHS), Kristi Noem, dijo que &#8220;cualquier p\u00e9rdida de vida es una tragedia&#8221;, pero calific\u00f3 el incidente de &#8220;terrorismo interno&#8221; y afirm\u00f3 que la v\u00edctima &#8220;hab\u00eda estado acosando y obstaculizando el trabajo [de ICE] durante todo el d\u00eda&#8221;.<\/p>\n\n\n\n<p>En su cuenta de X, el DHS afirm\u00f3 que la v\u00edctima hab\u00eda intentado atropellar a un agente y que este hizo &#8220;disparos defensivos&#8221;. Trump tambi\u00e9n dijo que el agente dispar\u00f3 &#8220;en defensa propia&#8221;.<\/p>\n\n\n\n<p>El gobernador de Minnesota, Tim Walz, calific\u00f3 la respuesta de la Casa Blanca como &#8220;propaganda&#8221; y prometi\u00f3 una investigaci\u00f3n &#8220;completa, justa y r\u00e1pida&#8221;.<\/p>\n\n\n\n<p>Las redadas ordenadas por el gobierno de Trump para detener y expulsar migrantes han despertado fuertes protestas en algunas ciudades contra los agentes que las llevan a cabo. El agente que le dispar\u00f3 a Good supuestamente hab\u00eda sido embestido y arrastrado en una carretera por un manifestante contra el ICE, en un incidente registrado el pasado mes de junio, seg\u00fan Noem.<\/p>\n\n\n\n<p>Trump ha convertido la prevenci\u00f3n de la migraci\u00f3n ilegal y la expulsi\u00f3n de los migrantes indocumentados en prioridades de su segundo mandato. Las autoridades estadounidenses afirmaron que se hab\u00edan desplegado hasta 2 mil agentes en Minneapolis y sus alrededores para llevar a cabo redadas tras varias denuncias contra migrantes somal\u00edes.<\/p>\n","protected":false},"excerpt":{"rendered":"<p>Autoridades federales sostienen que la muerte de Renee Nicole Good a manos de un agente fue \u201cdefensa propia\u201d; las manifestaciones evocan a las de hace casi 6 a\u00f1os con George Floyd. La ciudad estadunidense de Minneapolis se prepara para de nuevas manifestaciones este jueves contra la polic\u00eda migratoria, tras la muerte a tiros de una [&hellip;]<\/p>\n","protected":false},"author":12,"featured_media":124876,"comment_status":"open","ping_status":"open","sticky":false,"template":"","format":"standard","meta":{"tdm_status":"","tdm_grid_status":"","footnotes":""},"categories":[39],"tags":[],"class_list":{"0":"post-124875","1":"post","2":"type-post","3":"status-publish","4":"format-standard","5":"has-post-thumbnail","7":"category-noticias-nacionales"},"yoast_head":"<!-- This site is optimized with the Yoast SEO plugin v27.5 - https:\/\/yoast.com\/product\/yoast-seo-wordpress\/ -->\n<title>Muerte de mujer en operativo de ICE desata protestas en Minneapolis - Fuentes Fidedignas<\/title>\n<meta name=\"robots\" content=\"index, follow, max-snippet:-1, max-image-preview:large, max-video-preview:-1\" \/>\n<link rel=\"canonical\" href=\"https:\/\/fuentesfidedignas.com.mx\/index.php\/2026\/01\/08\/muerte-de-mujer-en-operativo-de-ice-desata-protestas-en-minneapolis\/\" \/>\n<meta property=\"og:locale\" content=\"es_MX\" \/>\n<meta property=\"og:type\" content=\"article\" \/>\n<meta property=\"og:title\" content=\"Muerte de mujer en operativo de ICE desata protestas en Minneapolis - Fuentes Fidedignas\" \/>\n<meta property=\"og:description\" content=\"Autoridades federales sostienen que la muerte de Renee Nicole Good a manos de un agente fue \u201cdefensa propia\u201d; las manifestaciones evocan a las de hace casi 6 a\u00f1os con George Floyd. La ciudad estadunidense de Minneapolis se prepara para de nuevas manifestaciones este jueves contra la polic\u00eda migratoria, tras la muerte a tiros de una [&hellip;]\" \/>\n<meta property=\"og:url\" content=\"https:\/\/fuentesfidedignas.com.mx\/index.php\/2026\/01\/08\/muerte-de-mujer-en-operativo-de-ice-desata-protestas-en-minneapolis\/\" \/>\n<meta property=\"og:site_name\" content=\"Fuentes Fidedignas\" \/>\n<meta property=\"article:publisher\" content=\"https:\/\/www.facebook.com\/Fuentes-Fidedignas-368234489921644\" \/>\n<meta property=\"article:published_time\" content=\"2026-01-08T16:19:15+00:00\" \/>\n<meta property=\"article:modified_time\" content=\"2026-01-08T16:19:20+00:00\" \/>\n<meta property=\"og:image\" content=\"https:\/\/fuentesfidedignas.com.mx\/wp-content\/uploads\/2026\/01\/protesta-vs-ice.jpeg\" \/>\n\t<meta property=\"og:image:width\" content=\"500\" \/>\n\t<meta property=\"og:image:height\" content=\"333\" \/>\n\t<meta property=\"og:image:type\" content=\"image\/jpeg\" \/>\n<meta name=\"author\" content=\"AFP\" \/>\n<meta name=\"twitter:card\" content=\"summary_large_image\" \/>\n<meta name=\"twitter:creator\" content=\"@fidedignas\" \/>\n<meta name=\"twitter:site\" content=\"@fidedignas\" \/>\n<meta name=\"twitter:label1\" content=\"Escrito por\" \/>\n\t<meta name=\"twitter:data1\" content=\"AFP\" \/>\n\t<meta name=\"twitter:label2\" content=\"Tiempo de lectura\" \/>\n\t<meta name=\"twitter:data2\" content=\"4 minutos\" \/>\n<script type=\"application\/ld+json\" class=\"yoast-schema-graph\">{\"@context\":\"https:\\\/\\\/schema.org\",\"@graph\":[{\"@type\":\"Article\",\"@id\":\"https:\\\/\\\/fuentesfidedignas.com.mx\\\/index.php\\\/2026\\\/01\\\/08\\\/muerte-de-mujer-en-operativo-de-ice-desata-protestas-en-minneapolis\\\/#article\",\"isPartOf\":{\"@id\":\"https:\\\/\\\/fuentesfidedignas.com.mx\\\/index.php\\\/2026\\\/01\\\/08\\\/muerte-de-mujer-en-operativo-de-ice-desata-protestas-en-minneapolis\\\/\"},\"author\":{\"name\":\"AFP\",\"@id\":\"https:\\\/\\\/fuentesfidedignas.com.mx\\\/#\\\/schema\\\/person\\\/1827b38c6cf89e1d6cc7d78ca3fae732\"},\"headline\":\"Muerte de mujer en operativo de ICE desata protestas en Minneapolis\",\"datePublished\":\"2026-01-08T16:19:15+00:00\",\"dateModified\":\"2026-01-08T16:19:20+00:00\",\"mainEntityOfPage\":{\"@id\":\"https:\\\/\\\/fuentesfidedignas.com.mx\\\/index.php\\\/2026\\\/01\\\/08\\\/muerte-de-mujer-en-operativo-de-ice-desata-protestas-en-minneapolis\\\/\"},\"wordCount\":801,\"commentCount\":0,\"publisher\":{\"@id\":\"https:\\\/\\\/fuentesfidedignas.com.mx\\\/#organization\"},\"image\":{\"@id\":\"https:\\\/\\\/fuentesfidedignas.com.mx\\\/index.php\\\/2026\\\/01\\\/08\\\/muerte-de-mujer-en-operativo-de-ice-desata-protestas-en-minneapolis\\\/#primaryimage\"},\"thumbnailUrl\":\"https:\\\/\\\/fuentesfidedignas.com.mx\\\/wp-content\\\/uploads\\\/2026\\\/01\\\/protesta-vs-ice.jpeg\",\"articleSection\":[\"NOTICIAS NACIONALES\"],\"inLanguage\":\"es\",\"potentialAction\":[{\"@type\":\"CommentAction\",\"name\":\"Comment\",\"target\":[\"https:\\\/\\\/fuentesfidedignas.com.mx\\\/index.php\\\/2026\\\/01\\\/08\\\/muerte-de-mujer-en-operativo-de-ice-desata-protestas-en-minneapolis\\\/#respond\"]}]},{\"@type\":\"WebPage\",\"@id\":\"https:\\\/\\\/fuentesfidedignas.com.mx\\\/index.php\\\/2026\\\/01\\\/08\\\/muerte-de-mujer-en-operativo-de-ice-desata-protestas-en-minneapolis\\\/\",\"url\":\"https:\\\/\\\/fuentesfidedignas.com.mx\\\/index.php\\\/2026\\\/01\\\/08\\\/muerte-de-mujer-en-operativo-de-ice-desata-protestas-en-minneapolis\\\/\",\"name\":\"Muerte de mujer en operativo de ICE desata protestas en Minneapolis - Fuentes Fidedignas\",\"isPartOf\":{\"@id\":\"https:\\\/\\\/fuentesfidedignas.com.mx\\\/#website\"},\"primaryImageOfPage\":{\"@id\":\"https:\\\/\\\/fuentesfidedignas.com.mx\\\/index.php\\\/2026\\\/01\\\/08\\\/muerte-de-mujer-en-operativo-de-ice-desata-protestas-en-minneapolis\\\/#primaryimage\"},\"image\":{\"@id\":\"https:\\\/\\\/fuentesfidedignas.com.mx\\\/index.php\\\/2026\\\/01\\\/08\\\/muerte-de-mujer-en-operativo-de-ice-desata-protestas-en-minneapolis\\\/#primaryimage\"},\"thumbnailUrl\":\"https:\\\/\\\/fuentesfidedignas.com.mx\\\/wp-content\\\/uploads\\\/2026\\\/01\\\/protesta-vs-ice.jpeg\",\"datePublished\":\"2026-01-08T16:19:15+00:00\",\"dateModified\":\"2026-01-08T16:19:20+00:00\",\"breadcrumb\":{\"@id\":\"https:\\\/\\\/fuentesfidedignas.com.mx\\\/index.php\\\/2026\\\/01\\\/08\\\/muerte-de-mujer-en-operativo-de-ice-desata-protestas-en-minneapolis\\\/#breadcrumb\"},\"inLanguage\":\"es\",\"potentialAction\":[{\"@type\":\"ReadAction\",\"target\":[\"https:\\\/\\\/fuentesfidedignas.com.mx\\\/index.php\\\/2026\\\/01\\\/08\\\/muerte-de-mujer-en-operativo-de-ice-desata-protestas-en-minneapolis\\\/\"]}]},{\"@type\":\"ImageObject\",\"inLanguage\":\"es\",\"@id\":\"https:\\\/\\\/fuentesfidedignas.com.mx\\\/index.php\\\/2026\\\/01\\\/08\\\/muerte-de-mujer-en-operativo-de-ice-desata-protestas-en-minneapolis\\\/#primaryimage\",\"url\":\"https:\\\/\\\/fuentesfidedignas.com.mx\\\/wp-content\\\/uploads\\\/2026\\\/01\\\/protesta-vs-ice.jpeg\",\"contentUrl\":\"https:\\\/\\\/fuentesfidedignas.com.mx\\\/wp-content\\\/uploads\\\/2026\\\/01\\\/protesta-vs-ice.jpeg\",\"width\":500,\"height\":333},{\"@type\":\"BreadcrumbList\",\"@id\":\"https:\\\/\\\/fuentesfidedignas.com.mx\\\/index.php\\\/2026\\\/01\\\/08\\\/muerte-de-mujer-en-operativo-de-ice-desata-protestas-en-minneapolis\\\/#breadcrumb\",\"itemListElement\":[{\"@type\":\"ListItem\",\"position\":1,\"name\":\"Inicio\",\"item\":\"https:\\\/\\\/fuentesfidedignas.com.mx\\\/\"},{\"@type\":\"ListItem\",\"position\":2,\"name\":\"Muerte de mujer en operativo de ICE desata protestas en Minneapolis\"}]},{\"@type\":\"WebSite\",\"@id\":\"https:\\\/\\\/fuentesfidedignas.com.mx\\\/#website\",\"url\":\"https:\\\/\\\/fuentesfidedignas.com.mx\\\/\",\"name\":\"Fuentes Fidedignas\",\"description\":\"Otro sitio realizado con WordPress\",\"publisher\":{\"@id\":\"https:\\\/\\\/fuentesfidedignas.com.mx\\\/#organization\"},\"potentialAction\":[{\"@type\":\"SearchAction\",\"target\":{\"@type\":\"EntryPoint\",\"urlTemplate\":\"https:\\\/\\\/fuentesfidedignas.com.mx\\\/?s={search_term_string}\"},\"query-input\":{\"@type\":\"PropertyValueSpecification\",\"valueRequired\":true,\"valueName\":\"search_term_string\"}}],\"inLanguage\":\"es\"},{\"@type\":\"Organization\",\"@id\":\"https:\\\/\\\/fuentesfidedignas.com.mx\\\/#organization\",\"name\":\"Fuentes Fidedignas\",\"url\":\"https:\\\/\\\/fuentesfidedignas.com.mx\\\/\",\"logo\":{\"@type\":\"ImageObject\",\"inLanguage\":\"es\",\"@id\":\"https:\\\/\\\/fuentesfidedignas.com.mx\\\/#\\\/schema\\\/logo\\\/image\\\/\",\"url\":\"https:\\\/\\\/fuentesfidedignas.com.mx\\\/wp-content\\\/uploads\\\/2021\\\/04\\\/logo-retina.png\",\"contentUrl\":\"https:\\\/\\\/fuentesfidedignas.com.mx\\\/wp-content\\\/uploads\\\/2021\\\/04\\\/logo-retina.png\",\"width\":280,\"height\":51,\"caption\":\"Fuentes Fidedignas\"},\"image\":{\"@id\":\"https:\\\/\\\/fuentesfidedignas.com.mx\\\/#\\\/schema\\\/logo\\\/image\\\/\"},\"sameAs\":[\"https:\\\/\\\/www.facebook.com\\\/Fuentes-Fidedignas-368234489921644\",\"https:\\\/\\\/x.com\\\/fidedignas\"]},{\"@type\":\"Person\",\"@id\":\"https:\\\/\\\/fuentesfidedignas.com.mx\\\/#\\\/schema\\\/person\\\/1827b38c6cf89e1d6cc7d78ca3fae732\",\"name\":\"AFP\",\"image\":{\"@type\":\"ImageObject\",\"inLanguage\":\"es\",\"@id\":\"https:\\\/\\\/secure.gravatar.com\\\/avatar\\\/236827d2ee9bf15e1ea99e0c1cd1b467cffa55e324d177638d0f8de7950cbae6?s=96&d=mm&r=g\",\"url\":\"https:\\\/\\\/secure.gravatar.com\\\/avatar\\\/236827d2ee9bf15e1ea99e0c1cd1b467cffa55e324d177638d0f8de7950cbae6?s=96&d=mm&r=g\",\"contentUrl\":\"https:\\\/\\\/secure.gravatar.com\\\/avatar\\\/236827d2ee9bf15e1ea99e0c1cd1b467cffa55e324d177638d0f8de7950cbae6?s=96&d=mm&r=g\",\"caption\":\"AFP\"},\"url\":\"https:\\\/\\\/fuentesfidedignas.com.mx\\\/index.php\\\/author\\\/afp\\\/\"}]}<\/script>\n<!-- \/ Yoast SEO plugin. -->","yoast_head_json":{"title":"Muerte de mujer en operativo de ICE desata protestas en Minneapolis - Fuentes Fidedignas","robots":{"index":"index","follow":"follow","max-snippet":"max-snippet:-1","max-image-preview":"max-image-preview:large","max-video-preview":"max-video-preview:-1"},"canonical":"https:\/\/fuentesfidedignas.com.mx\/index.php\/2026\/01\/08\/muerte-de-mujer-en-operativo-de-ice-desata-protestas-en-minneapolis\/","og_locale":"es_MX","og_type":"article","og_title":"Muerte de mujer en operativo de ICE desata protestas en Minneapolis - Fuentes Fidedignas","og_description":"Autoridades federales sostienen que la muerte de Renee Nicole Good a manos de un agente fue \u201cdefensa propia\u201d; las manifestaciones evocan a las de hace casi 6 a\u00f1os con George Floyd. La ciudad estadunidense de Minneapolis se prepara para de nuevas manifestaciones este jueves contra la polic\u00eda migratoria, tras la muerte a tiros de una [&hellip;]","og_url":"https:\/\/fuentesfidedignas.com.mx\/index.php\/2026\/01\/08\/muerte-de-mujer-en-operativo-de-ice-desata-protestas-en-minneapolis\/","og_site_name":"Fuentes Fidedignas","article_publisher":"https:\/\/www.facebook.com\/Fuentes-Fidedignas-368234489921644","article_published_time":"2026-01-08T16:19:15+00:00","article_modified_time":"2026-01-08T16:19:20+00:00","og_image":[{"width":500,"height":333,"url":"https:\/\/fuentesfidedignas.com.mx\/wp-content\/uploads\/2026\/01\/protesta-vs-ice.jpeg","type":"image\/jpeg"}],"author":"AFP","twitter_card":"summary_large_image","twitter_creator":"@fidedignas","twitter_site":"@fidedignas","twitter_misc":{"Escrito por":"AFP","Tiempo de lectura":"4 minutos"},"schema":{"@context":"https:\/\/schema.org","@graph":[{"@type":"Article","@id":"https:\/\/fuentesfidedignas.com.mx\/index.php\/2026\/01\/08\/muerte-de-mujer-en-operativo-de-ice-desata-protestas-en-minneapolis\/#article","isPartOf":{"@id":"https:\/\/fuentesfidedignas.com.mx\/index.php\/2026\/01\/08\/muerte-de-mujer-en-operativo-de-ice-desata-protestas-en-minneapolis\/"},"author":{"name":"AFP","@id":"https:\/\/fuentesfidedignas.com.mx\/#\/schema\/person\/1827b38c6cf89e1d6cc7d78ca3fae732"},"headline":"Muerte de mujer en operativo de ICE desata protestas en Minneapolis","datePublished":"2026-01-08T16:19:15+00:00","dateModified":"2026-01-08T16:19:20+00:00","mainEntityOfPage":{"@id":"https:\/\/fuentesfidedignas.com.mx\/index.php\/2026\/01\/08\/muerte-de-mujer-en-operativo-de-ice-desata-protestas-en-minneapolis\/"},"wordCount":801,"commentCount":0,"publisher":{"@id":"https:\/\/fuentesfidedignas.com.mx\/#organization"},"image":{"@id":"https:\/\/fuentesfidedignas.com.mx\/index.php\/2026\/01\/08\/muerte-de-mujer-en-operativo-de-ice-desata-protestas-en-minneapolis\/#primaryimage"},"thumbnailUrl":"https:\/\/fuentesfidedignas.com.mx\/wp-content\/uploads\/2026\/01\/protesta-vs-ice.jpeg","articleSection":["NOTICIAS NACIONALES"],"inLanguage":"es","potentialAction":[{"@type":"CommentAction","name":"Comment","target":["https:\/\/fuentesfidedignas.com.mx\/index.php\/2026\/01\/08\/muerte-de-mujer-en-operativo-de-ice-desata-protestas-en-minneapolis\/#respond"]}]},{"@type":"WebPage","@id":"https:\/\/fuentesfidedignas.com.mx\/index.php\/2026\/01\/08\/muerte-de-mujer-en-operativo-de-ice-desata-protestas-en-minneapolis\/","url":"https:\/\/fuentesfidedignas.com.mx\/index.php\/2026\/01\/08\/muerte-de-mujer-en-operativo-de-ice-desata-protestas-en-minneapolis\/","name":"Muerte de mujer en operativo de ICE desata protestas en Minneapolis - Fuentes Fidedignas","isPartOf":{"@id":"https:\/\/fuentesfidedignas.com.mx\/#website"},"primaryImageOfPage":{"@id":"https:\/\/fuentesfidedignas.com.mx\/index.php\/2026\/01\/08\/muerte-de-mujer-en-operativo-de-ice-desata-protestas-en-minneapolis\/#primaryimage"},"image":{"@id":"https:\/\/fuentesfidedignas.com.mx\/index.php\/2026\/01\/08\/muerte-de-mujer-en-operativo-de-ice-desata-protestas-en-minneapolis\/#primaryimage"},"thumbnailUrl":"https:\/\/fuentesfidedignas.com.mx\/wp-content\/uploads\/2026\/01\/protesta-vs-ice.jpeg","datePublished":"2026-01-08T16:19:15+00:00","dateModified":"2026-01-08T16:19:20+00:00","breadcrumb":{"@id":"https:\/\/fuentesfidedignas.com.mx\/index.php\/2026\/01\/08\/muerte-de-mujer-en-operativo-de-ice-desata-protestas-en-minneapolis\/#breadcrumb"},"inLanguage":"es","potentialAction":[{"@type":"ReadAction","target":["https:\/\/fuentesfidedignas.com.mx\/index.php\/2026\/01\/08\/muerte-de-mujer-en-operativo-de-ice-desata-protestas-en-minneapolis\/"]}]},{"@type":"ImageObject","inLanguage":"es","@id":"https:\/\/fuentesfidedignas.com.mx\/index.php\/2026\/01\/08\/muerte-de-mujer-en-operativo-de-ice-desata-protestas-en-minneapolis\/#primaryimage","url":"https:\/\/fuentesfidedignas.com.mx\/wp-content\/uploads\/2026\/01\/protesta-vs-ice.jpeg","contentUrl":"https:\/\/fuentesfidedignas.com.mx\/wp-content\/uploads\/2026\/01\/protesta-vs-ice.jpeg","width":500,"height":333},{"@type":"BreadcrumbList","@id":"https:\/\/fuentesfidedignas.com.mx\/index.php\/2026\/01\/08\/muerte-de-mujer-en-operativo-de-ice-desata-protestas-en-minneapolis\/#breadcrumb","itemListElement":[{"@type":"ListItem","position":1,"name":"Inicio","item":"https:\/\/fuentesfidedignas.com.mx\/"},{"@type":"ListItem","position":2,"name":"Muerte de mujer en operativo de ICE desata protestas en Minneapolis"}]},{"@type":"WebSite","@id":"https:\/\/fuentesfidedignas.com.mx\/#website","url":"https:\/\/fuentesfidedignas.com.mx\/","name":"Fuentes Fidedignas","description":"Otro sitio realizado con WordPress","publisher":{"@id":"https:\/\/fuentesfidedignas.com.mx\/#organization"},"potentialAction":[{"@type":"SearchAction","target":{"@type":"EntryPoint","urlTemplate":"https:\/\/fuentesfidedignas.com.mx\/?s={search_term_string}"},"query-input":{"@type":"PropertyValueSpecification","valueRequired":true,"valueName":"search_term_string"}}],"inLanguage":"es"},{"@type":"Organization","@id":"https:\/\/fuentesfidedignas.com.mx\/#organization","name":"Fuentes Fidedignas","url":"https:\/\/fuentesfidedignas.com.mx\/","logo":{"@type":"ImageObject","inLanguage":"es","@id":"https:\/\/fuentesfidedignas.com.mx\/#\/schema\/logo\/image\/","url":"https:\/\/fuentesfidedignas.com.mx\/wp-content\/uploads\/2021\/04\/logo-retina.png","contentUrl":"https:\/\/fuentesfidedignas.com.mx\/wp-content\/uploads\/2021\/04\/logo-retina.png","width":280,"height":51,"caption":"Fuentes Fidedignas"},"image":{"@id":"https:\/\/fuentesfidedignas.com.mx\/#\/schema\/logo\/image\/"},"sameAs":["https:\/\/www.facebook.com\/Fuentes-Fidedignas-368234489921644","https:\/\/x.com\/fidedignas"]},{"@type":"Person","@id":"https:\/\/fuentesfidedignas.com.mx\/#\/schema\/person\/1827b38c6cf89e1d6cc7d78ca3fae732","name":"AFP","image":{"@type":"ImageObject","inLanguage":"es","@id":"https:\/\/secure.gravatar.com\/avatar\/236827d2ee9bf15e1ea99e0c1cd1b467cffa55e324d177638d0f8de7950cbae6?s=96&d=mm&r=g","url":"https:\/\/secure.gravatar.com\/avatar\/236827d2ee9bf15e1ea99e0c1cd1b467cffa55e324d177638d0f8de7950cbae6?s=96&d=mm&r=g","contentUrl":"https:\/\/secure.gravatar.com\/avatar\/236827d2ee9bf15e1ea99e0c1cd1b467cffa55e324d177638d0f8de7950cbae6?s=96&d=mm&r=g","caption":"AFP"},"url":"https:\/\/fuentesfidedignas.com.mx\/index.php\/author\/afp\/"}]}},"_links":{"self":[{"href":"https:\/\/fuentesfidedignas.com.mx\/index.php\/wp-json\/wp\/v2\/posts\/124875","targetHints":{"allow":["GET"]}}],"collection":[{"href":"https:\/\/fuentesfidedignas.com.mx\/index.php\/wp-json\/wp\/v2\/posts"}],"about":[{"href":"https:\/\/fuentesfidedignas.com.mx\/index.php\/wp-json\/wp\/v2\/types\/post"}],"author":[{"embeddable":true,"href":"https:\/\/fuentesfidedignas.com.mx\/index.php\/wp-json\/wp\/v2\/users\/12"}],"replies":[{"embeddable":true,"href":"https:\/\/fuentesfidedignas.com.mx\/index.php\/wp-json\/wp\/v2\/comments?post=124875"}],"version-history":[{"count":1,"href":"https:\/\/fuentesfidedignas.com.mx\/index.php\/wp-json\/wp\/v2\/posts\/124875\/revisions"}],"predecessor-version":[{"id":124877,"href":"https:\/\/fuentesfidedignas.com.mx\/index.php\/wp-json\/wp\/v2\/posts\/124875\/revisions\/124877"}],"wp:featuredmedia":[{"embeddable":true,"href":"https:\/\/fuentesfidedignas.com.mx\/index.php\/wp-json\/wp\/v2\/media\/124876"}],"wp:attachment":[{"href":"https:\/\/fuentesfidedignas.com.mx\/index.php\/wp-json\/wp\/v2\/media?parent=124875"}],"wp:term":[{"taxonomy":"category","embeddable":true,"href":"https:\/\/fuentesfidedignas.com.mx\/index.php\/wp-json\/wp\/v2\/categories?post=124875"},{"taxonomy":"post_tag","embeddable":true,"href":"https:\/\/fuentesfidedignas.com.mx\/index.php\/wp-json\/wp\/v2\/tags?post=124875"}],"curies":[{"name":"wp","href":"https:\/\/api.w.org\/{rel}","templated":true}]}}