{"id":124758,"date":"2026-01-06T11:17:19","date_gmt":"2026-01-06T18:17:19","guid":{"rendered":"https:\/\/fuentesfidedignas.com.mx\/?p=124758"},"modified":"2026-01-06T11:17:25","modified_gmt":"2026-01-06T18:17:25","slug":"eu-elimina-mencion-a-maduro-como-lider-del-cartel-de-los-soles-en-nueva-acusacion","status":"publish","type":"post","link":"https:\/\/fuentesfidedignas.com.mx\/index.php\/2026\/01\/06\/eu-elimina-mencion-a-maduro-como-lider-del-cartel-de-los-soles-en-nueva-acusacion\/","title":{"rendered":"EU elimina menci\u00f3n a Maduro como l\u00edder del C\u00e1rtel de los Soles en nueva acusaci\u00f3n"},"content":{"rendered":"\n<p><strong><em>Una acusaci\u00f3n en 2020 se\u00f1alaba que Maduro \u201cayud\u00f3 a gestionar y en \u00faltima instancia, a liderar el C\u00e1rtel de los Soles\u201d<\/em><\/strong><\/p>\n\n\n\n<p>El Departamento de Justicia de EE.UU. elimin\u00f3 gran parte de las alusiones al C\u00e1rtel de los Soles en la nueva imputaci\u00f3n contra el capturado presidente venezolano, Nicol\u00e1s Maduro, al que ya no se\u00f1ala como l\u00edder de la organizaci\u00f3n de narcotr\u00e1fico, caracterizada ahora en el documento como un \u201csistema de clientelismo\u201d.<\/p>\n\n\n\n<p>Una acusaci\u00f3n de un gran jurado estadounidense en 2020 apuntaba a que Maduro \u201cayud\u00f3 a gestionar y en \u00faltima instancia, a liderar el C\u00e1rtel de los Soles a medida que ascend\u00eda al poder en Venezuela\u201d, argumentos repetidos por el presidente, Donald Trump, como justificaci\u00f3n para la campa\u00f1a antidrogas que lleva a cabo en el Caribe.<\/p>\n\n\n\n<p>Washington tambi\u00e9n acus\u00f3 a la c\u00fapula del Cartel de los Soles de apoyar a organizaciones como el Tren de Aragua y el C\u00e1rtel de Sinaloa como parte de una conspiraci\u00f3n para enviar drogas al territorio norteamericano.<\/p>\n\n\n\n<p>Sin embargo, en la nueva imputaci\u00f3n modificada por la Fiscal\u00eda horas despu\u00e9s de la captura de Maduro y su esposa, Cilia Flores, en Caracas por tropas estadounidenses, se rebaja el lenguaje del texto anterior y se eliminan las alusiones al supuesto c\u00e1rtel como una organizaci\u00f3n real, aunque mantienen los se\u00f1alamientos al venezolano por tr\u00e1fico de drogas.<\/p>\n\n\n\n<p>El documento revisado refleja que Maduro \u201cparticipa, perpet\u00faa y protege una cultura de corrupci\u00f3n en la que poderosas \u00e9lites venezolanas se enriquecen mediante el narcotr\u00e1fico y la protecci\u00f3n de sus socios narcotraficantes\u201d.<\/p>\n\n\n\n<p>Tambi\u00e9n menciona que estas ganancias fluyen hacia funcionarios corruptos que \u201coperan en un sistema de clientelismo dirigido por quienes est\u00e1n en la cima, conocido como el C\u00e1rtel de los Soles\u201d.<\/p>\n\n\n\n<p>Esta es una de las apenas dos menciones en el texto actualizado al supuesto grupo, cuyo nombre proviene de las insignias en forma de sol que portan los generales venezolanos. Como contraste, en la acusaci\u00f3n de 2020 el t\u00e9rmino aparece decenas de veces.<\/p>\n\n\n\n<p>Esto contrasta con las declaraciones p\u00fablicas de Trump, quien apunt\u00f3 este s\u00e1bado que la operaci\u00f3n militar de captura a Maduro se inscribe en una ofensiva m\u00e1s amplia que incluye, entre otros objetivos, el de descabezar el llamado Cartel de los Soles.<\/p>\n\n\n\n<p>Estados Unidos design\u00f3 oficialmente en 2025 al C\u00e1rtel de los Soles como organizaci\u00f3n terrorista extranjera (FTO), tras haberlo catalogado previamente como grupo terrorista global especialmente designado (SDGT).<\/p>\n\n\n\n<p>Esta decisi\u00f3n fue respaldada por gobiernos como los de Argentina, Ecuador, Paraguay y Per\u00fa, mientras que Venezuela y Cuba han rechazado la acusaci\u00f3n, calific\u00e1ndola de \u201cinvento de la CIA\u201d o \u201cfetiche\u201d de Washington.<\/p>\n\n\n\n<p>Analistas y expertos en el pa\u00eds suramericano han puesto en duda la existencia real de esta red como un grupo de narcotr\u00e1fico organizado. Las primeras denuncias sobre su existencia se remontan a 2004, cuando el periodista Mauro Marcano acus\u00f3 a oficiales de la Guardia Nacional de participar en el tr\u00e1fico de drogas.<\/p>\n\n\n\n<p>Maduro y Flores comparecieron este lunes por primera vez ante la Justicia estadounidense en Nueva York, a donde fueron trasladados luego de ser capturados en la madrugada de este s\u00e1bado en un operativo rel\u00e1mpago ordenado por Trump.<\/p>\n\n\n\n<p>El venezolano se declar\u00f3 no culpable de los cargos de narcoterrorismo y tenencia de armas de los que se le acusa y asegur\u00f3 que es \u201cun prisionero de guerra\u201d.<\/p>\n","protected":false},"excerpt":{"rendered":"<p>Una acusaci\u00f3n en 2020 se\u00f1alaba que Maduro \u201cayud\u00f3 a gestionar y en \u00faltima instancia, a liderar el C\u00e1rtel de los Soles\u201d El Departamento de Justicia de EE.UU. elimin\u00f3 gran parte de las alusiones al C\u00e1rtel de los Soles en la nueva imputaci\u00f3n contra el capturado presidente venezolano, Nicol\u00e1s Maduro, al que ya no se\u00f1ala como [&hellip;]<\/p>\n","protected":false},"author":22,"featured_media":124759,"comment_status":"open","ping_status":"open","sticky":false,"template":"","format":"standard","meta":{"tdm_status":"","tdm_grid_status":"","footnotes":""},"categories":[39],"tags":[],"class_list":{"0":"post-124758","1":"post","2":"type-post","3":"status-publish","4":"format-standard","5":"has-post-thumbnail","7":"category-noticias-nacionales"},"yoast_head":"<!-- This site is optimized with the Yoast SEO plugin v27.5 - https:\/\/yoast.com\/product\/yoast-seo-wordpress\/ -->\n<title>EU elimina menci\u00f3n a Maduro como l\u00edder del C\u00e1rtel de los Soles en nueva acusaci\u00f3n - Fuentes Fidedignas<\/title>\n<meta name=\"robots\" content=\"index, follow, max-snippet:-1, max-image-preview:large, max-video-preview:-1\" \/>\n<link rel=\"canonical\" href=\"https:\/\/fuentesfidedignas.com.mx\/index.php\/2026\/01\/06\/eu-elimina-mencion-a-maduro-como-lider-del-cartel-de-los-soles-en-nueva-acusacion\/\" \/>\n<meta property=\"og:locale\" content=\"es_MX\" \/>\n<meta property=\"og:type\" content=\"article\" \/>\n<meta property=\"og:title\" content=\"EU elimina menci\u00f3n a Maduro como l\u00edder del C\u00e1rtel de los Soles en nueva acusaci\u00f3n - Fuentes Fidedignas\" \/>\n<meta property=\"og:description\" content=\"Una acusaci\u00f3n en 2020 se\u00f1alaba que Maduro \u201cayud\u00f3 a gestionar y en \u00faltima instancia, a liderar el C\u00e1rtel de los Soles\u201d El Departamento de Justicia de EE.UU. elimin\u00f3 gran parte de las alusiones al C\u00e1rtel de los Soles en la nueva imputaci\u00f3n contra el capturado presidente venezolano, Nicol\u00e1s Maduro, al que ya no se\u00f1ala como [&hellip;]\" \/>\n<meta property=\"og:url\" content=\"https:\/\/fuentesfidedignas.com.mx\/index.php\/2026\/01\/06\/eu-elimina-mencion-a-maduro-como-lider-del-cartel-de-los-soles-en-nueva-acusacion\/\" \/>\n<meta property=\"og:site_name\" content=\"Fuentes Fidedignas\" \/>\n<meta property=\"article:publisher\" content=\"https:\/\/www.facebook.com\/Fuentes-Fidedignas-368234489921644\" \/>\n<meta property=\"article:published_time\" content=\"2026-01-06T18:17:19+00:00\" \/>\n<meta property=\"article:modified_time\" content=\"2026-01-06T18:17:25+00:00\" \/>\n<meta property=\"og:image\" content=\"https:\/\/fuentesfidedignas.com.mx\/wp-content\/uploads\/2026\/01\/nicolas-maduro-cilia-flores-ny-2.jpg\" \/>\n\t<meta property=\"og:image:width\" content=\"500\" \/>\n\t<meta property=\"og:image:height\" content=\"333\" \/>\n\t<meta property=\"og:image:type\" content=\"image\/jpeg\" \/>\n<meta name=\"author\" content=\"EFE\" \/>\n<meta name=\"twitter:card\" content=\"summary_large_image\" \/>\n<meta name=\"twitter:creator\" content=\"@fidedignas\" \/>\n<meta name=\"twitter:site\" content=\"@fidedignas\" \/>\n<meta name=\"twitter:label1\" content=\"Escrito por\" \/>\n\t<meta name=\"twitter:data1\" content=\"EFE\" \/>\n\t<meta name=\"twitter:label2\" content=\"Tiempo de lectura\" \/>\n\t<meta name=\"twitter:data2\" content=\"3 minutos\" \/>\n<script type=\"application\/ld+json\" class=\"yoast-schema-graph\">{\"@context\":\"https:\\\/\\\/schema.org\",\"@graph\":[{\"@type\":\"Article\",\"@id\":\"https:\\\/\\\/fuentesfidedignas.com.mx\\\/index.php\\\/2026\\\/01\\\/06\\\/eu-elimina-mencion-a-maduro-como-lider-del-cartel-de-los-soles-en-nueva-acusacion\\\/#article\",\"isPartOf\":{\"@id\":\"https:\\\/\\\/fuentesfidedignas.com.mx\\\/index.php\\\/2026\\\/01\\\/06\\\/eu-elimina-mencion-a-maduro-como-lider-del-cartel-de-los-soles-en-nueva-acusacion\\\/\"},\"author\":{\"name\":\"EFE\",\"@id\":\"https:\\\/\\\/fuentesfidedignas.com.mx\\\/#\\\/schema\\\/person\\\/0d44615087b5a626d5d3f13afe31ac41\"},\"headline\":\"EU elimina menci\u00f3n a Maduro como l\u00edder del C\u00e1rtel de los Soles en nueva acusaci\u00f3n\",\"datePublished\":\"2026-01-06T18:17:19+00:00\",\"dateModified\":\"2026-01-06T18:17:25+00:00\",\"mainEntityOfPage\":{\"@id\":\"https:\\\/\\\/fuentesfidedignas.com.mx\\\/index.php\\\/2026\\\/01\\\/06\\\/eu-elimina-mencion-a-maduro-como-lider-del-cartel-de-los-soles-en-nueva-acusacion\\\/\"},\"wordCount\":606,\"commentCount\":0,\"publisher\":{\"@id\":\"https:\\\/\\\/fuentesfidedignas.com.mx\\\/#organization\"},\"image\":{\"@id\":\"https:\\\/\\\/fuentesfidedignas.com.mx\\\/index.php\\\/2026\\\/01\\\/06\\\/eu-elimina-mencion-a-maduro-como-lider-del-cartel-de-los-soles-en-nueva-acusacion\\\/#primaryimage\"},\"thumbnailUrl\":\"https:\\\/\\\/fuentesfidedignas.com.mx\\\/wp-content\\\/uploads\\\/2026\\\/01\\\/nicolas-maduro-cilia-flores-ny-2.jpg\",\"articleSection\":[\"NOTICIAS NACIONALES\"],\"inLanguage\":\"es\",\"potentialAction\":[{\"@type\":\"CommentAction\",\"name\":\"Comment\",\"target\":[\"https:\\\/\\\/fuentesfidedignas.com.mx\\\/index.php\\\/2026\\\/01\\\/06\\\/eu-elimina-mencion-a-maduro-como-lider-del-cartel-de-los-soles-en-nueva-acusacion\\\/#respond\"]}]},{\"@type\":\"WebPage\",\"@id\":\"https:\\\/\\\/fuentesfidedignas.com.mx\\\/index.php\\\/2026\\\/01\\\/06\\\/eu-elimina-mencion-a-maduro-como-lider-del-cartel-de-los-soles-en-nueva-acusacion\\\/\",\"url\":\"https:\\\/\\\/fuentesfidedignas.com.mx\\\/index.php\\\/2026\\\/01\\\/06\\\/eu-elimina-mencion-a-maduro-como-lider-del-cartel-de-los-soles-en-nueva-acusacion\\\/\",\"name\":\"EU elimina menci\u00f3n a Maduro como l\u00edder del C\u00e1rtel de los Soles en nueva acusaci\u00f3n - Fuentes Fidedignas\",\"isPartOf\":{\"@id\":\"https:\\\/\\\/fuentesfidedignas.com.mx\\\/#website\"},\"primaryImageOfPage\":{\"@id\":\"https:\\\/\\\/fuentesfidedignas.com.mx\\\/index.php\\\/2026\\\/01\\\/06\\\/eu-elimina-mencion-a-maduro-como-lider-del-cartel-de-los-soles-en-nueva-acusacion\\\/#primaryimage\"},\"image\":{\"@id\":\"https:\\\/\\\/fuentesfidedignas.com.mx\\\/index.php\\\/2026\\\/01\\\/06\\\/eu-elimina-mencion-a-maduro-como-lider-del-cartel-de-los-soles-en-nueva-acusacion\\\/#primaryimage\"},\"thumbnailUrl\":\"https:\\\/\\\/fuentesfidedignas.com.mx\\\/wp-content\\\/uploads\\\/2026\\\/01\\\/nicolas-maduro-cilia-flores-ny-2.jpg\",\"datePublished\":\"2026-01-06T18:17:19+00:00\",\"dateModified\":\"2026-01-06T18:17:25+00:00\",\"breadcrumb\":{\"@id\":\"https:\\\/\\\/fuentesfidedignas.com.mx\\\/index.php\\\/2026\\\/01\\\/06\\\/eu-elimina-mencion-a-maduro-como-lider-del-cartel-de-los-soles-en-nueva-acusacion\\\/#breadcrumb\"},\"inLanguage\":\"es\",\"potentialAction\":[{\"@type\":\"ReadAction\",\"target\":[\"https:\\\/\\\/fuentesfidedignas.com.mx\\\/index.php\\\/2026\\\/01\\\/06\\\/eu-elimina-mencion-a-maduro-como-lider-del-cartel-de-los-soles-en-nueva-acusacion\\\/\"]}]},{\"@type\":\"ImageObject\",\"inLanguage\":\"es\",\"@id\":\"https:\\\/\\\/fuentesfidedignas.com.mx\\\/index.php\\\/2026\\\/01\\\/06\\\/eu-elimina-mencion-a-maduro-como-lider-del-cartel-de-los-soles-en-nueva-acusacion\\\/#primaryimage\",\"url\":\"https:\\\/\\\/fuentesfidedignas.com.mx\\\/wp-content\\\/uploads\\\/2026\\\/01\\\/nicolas-maduro-cilia-flores-ny-2.jpg\",\"contentUrl\":\"https:\\\/\\\/fuentesfidedignas.com.mx\\\/wp-content\\\/uploads\\\/2026\\\/01\\\/nicolas-maduro-cilia-flores-ny-2.jpg\",\"width\":500,\"height\":333},{\"@type\":\"BreadcrumbList\",\"@id\":\"https:\\\/\\\/fuentesfidedignas.com.mx\\\/index.php\\\/2026\\\/01\\\/06\\\/eu-elimina-mencion-a-maduro-como-lider-del-cartel-de-los-soles-en-nueva-acusacion\\\/#breadcrumb\",\"itemListElement\":[{\"@type\":\"ListItem\",\"position\":1,\"name\":\"Inicio\",\"item\":\"https:\\\/\\\/fuentesfidedignas.com.mx\\\/\"},{\"@type\":\"ListItem\",\"position\":2,\"name\":\"EU elimina menci\u00f3n a Maduro como l\u00edder del C\u00e1rtel de los Soles en nueva acusaci\u00f3n\"}]},{\"@type\":\"WebSite\",\"@id\":\"https:\\\/\\\/fuentesfidedignas.com.mx\\\/#website\",\"url\":\"https:\\\/\\\/fuentesfidedignas.com.mx\\\/\",\"name\":\"Fuentes Fidedignas\",\"description\":\"Otro sitio realizado con WordPress\",\"publisher\":{\"@id\":\"https:\\\/\\\/fuentesfidedignas.com.mx\\\/#organization\"},\"potentialAction\":[{\"@type\":\"SearchAction\",\"target\":{\"@type\":\"EntryPoint\",\"urlTemplate\":\"https:\\\/\\\/fuentesfidedignas.com.mx\\\/?s={search_term_string}\"},\"query-input\":{\"@type\":\"PropertyValueSpecification\",\"valueRequired\":true,\"valueName\":\"search_term_string\"}}],\"inLanguage\":\"es\"},{\"@type\":\"Organization\",\"@id\":\"https:\\\/\\\/fuentesfidedignas.com.mx\\\/#organization\",\"name\":\"Fuentes Fidedignas\",\"url\":\"https:\\\/\\\/fuentesfidedignas.com.mx\\\/\",\"logo\":{\"@type\":\"ImageObject\",\"inLanguage\":\"es\",\"@id\":\"https:\\\/\\\/fuentesfidedignas.com.mx\\\/#\\\/schema\\\/logo\\\/image\\\/\",\"url\":\"https:\\\/\\\/fuentesfidedignas.com.mx\\\/wp-content\\\/uploads\\\/2021\\\/04\\\/logo-retina.png\",\"contentUrl\":\"https:\\\/\\\/fuentesfidedignas.com.mx\\\/wp-content\\\/uploads\\\/2021\\\/04\\\/logo-retina.png\",\"width\":280,\"height\":51,\"caption\":\"Fuentes Fidedignas\"},\"image\":{\"@id\":\"https:\\\/\\\/fuentesfidedignas.com.mx\\\/#\\\/schema\\\/logo\\\/image\\\/\"},\"sameAs\":[\"https:\\\/\\\/www.facebook.com\\\/Fuentes-Fidedignas-368234489921644\",\"https:\\\/\\\/x.com\\\/fidedignas\"]},{\"@type\":\"Person\",\"@id\":\"https:\\\/\\\/fuentesfidedignas.com.mx\\\/#\\\/schema\\\/person\\\/0d44615087b5a626d5d3f13afe31ac41\",\"name\":\"EFE\",\"image\":{\"@type\":\"ImageObject\",\"inLanguage\":\"es\",\"@id\":\"https:\\\/\\\/secure.gravatar.com\\\/avatar\\\/7048c2d9b569d9bed55bb53ad23821e6e047aa66338fb6ea9868627bbb9f54e8?s=96&d=mm&r=g\",\"url\":\"https:\\\/\\\/secure.gravatar.com\\\/avatar\\\/7048c2d9b569d9bed55bb53ad23821e6e047aa66338fb6ea9868627bbb9f54e8?s=96&d=mm&r=g\",\"contentUrl\":\"https:\\\/\\\/secure.gravatar.com\\\/avatar\\\/7048c2d9b569d9bed55bb53ad23821e6e047aa66338fb6ea9868627bbb9f54e8?s=96&d=mm&r=g\",\"caption\":\"EFE\"},\"url\":\"https:\\\/\\\/fuentesfidedignas.com.mx\\\/index.php\\\/author\\\/efe\\\/\"}]}<\/script>\n<!-- \/ Yoast SEO plugin. -->","yoast_head_json":{"title":"EU elimina menci\u00f3n a Maduro como l\u00edder del C\u00e1rtel de los Soles en nueva acusaci\u00f3n - Fuentes Fidedignas","robots":{"index":"index","follow":"follow","max-snippet":"max-snippet:-1","max-image-preview":"max-image-preview:large","max-video-preview":"max-video-preview:-1"},"canonical":"https:\/\/fuentesfidedignas.com.mx\/index.php\/2026\/01\/06\/eu-elimina-mencion-a-maduro-como-lider-del-cartel-de-los-soles-en-nueva-acusacion\/","og_locale":"es_MX","og_type":"article","og_title":"EU elimina menci\u00f3n a Maduro como l\u00edder del C\u00e1rtel de los Soles en nueva acusaci\u00f3n - Fuentes Fidedignas","og_description":"Una acusaci\u00f3n en 2020 se\u00f1alaba que Maduro \u201cayud\u00f3 a gestionar y en \u00faltima instancia, a liderar el C\u00e1rtel de los Soles\u201d El Departamento de Justicia de EE.UU. elimin\u00f3 gran parte de las alusiones al C\u00e1rtel de los Soles en la nueva imputaci\u00f3n contra el capturado presidente venezolano, Nicol\u00e1s Maduro, al que ya no se\u00f1ala como [&hellip;]","og_url":"https:\/\/fuentesfidedignas.com.mx\/index.php\/2026\/01\/06\/eu-elimina-mencion-a-maduro-como-lider-del-cartel-de-los-soles-en-nueva-acusacion\/","og_site_name":"Fuentes Fidedignas","article_publisher":"https:\/\/www.facebook.com\/Fuentes-Fidedignas-368234489921644","article_published_time":"2026-01-06T18:17:19+00:00","article_modified_time":"2026-01-06T18:17:25+00:00","og_image":[{"width":500,"height":333,"url":"https:\/\/fuentesfidedignas.com.mx\/wp-content\/uploads\/2026\/01\/nicolas-maduro-cilia-flores-ny-2.jpg","type":"image\/jpeg"}],"author":"EFE","twitter_card":"summary_large_image","twitter_creator":"@fidedignas","twitter_site":"@fidedignas","twitter_misc":{"Escrito por":"EFE","Tiempo de lectura":"3 minutos"},"schema":{"@context":"https:\/\/schema.org","@graph":[{"@type":"Article","@id":"https:\/\/fuentesfidedignas.com.mx\/index.php\/2026\/01\/06\/eu-elimina-mencion-a-maduro-como-lider-del-cartel-de-los-soles-en-nueva-acusacion\/#article","isPartOf":{"@id":"https:\/\/fuentesfidedignas.com.mx\/index.php\/2026\/01\/06\/eu-elimina-mencion-a-maduro-como-lider-del-cartel-de-los-soles-en-nueva-acusacion\/"},"author":{"name":"EFE","@id":"https:\/\/fuentesfidedignas.com.mx\/#\/schema\/person\/0d44615087b5a626d5d3f13afe31ac41"},"headline":"EU elimina menci\u00f3n a Maduro como l\u00edder del C\u00e1rtel de los Soles en nueva acusaci\u00f3n","datePublished":"2026-01-06T18:17:19+00:00","dateModified":"2026-01-06T18:17:25+00:00","mainEntityOfPage":{"@id":"https:\/\/fuentesfidedignas.com.mx\/index.php\/2026\/01\/06\/eu-elimina-mencion-a-maduro-como-lider-del-cartel-de-los-soles-en-nueva-acusacion\/"},"wordCount":606,"commentCount":0,"publisher":{"@id":"https:\/\/fuentesfidedignas.com.mx\/#organization"},"image":{"@id":"https:\/\/fuentesfidedignas.com.mx\/index.php\/2026\/01\/06\/eu-elimina-mencion-a-maduro-como-lider-del-cartel-de-los-soles-en-nueva-acusacion\/#primaryimage"},"thumbnailUrl":"https:\/\/fuentesfidedignas.com.mx\/wp-content\/uploads\/2026\/01\/nicolas-maduro-cilia-flores-ny-2.jpg","articleSection":["NOTICIAS NACIONALES"],"inLanguage":"es","potentialAction":[{"@type":"CommentAction","name":"Comment","target":["https:\/\/fuentesfidedignas.com.mx\/index.php\/2026\/01\/06\/eu-elimina-mencion-a-maduro-como-lider-del-cartel-de-los-soles-en-nueva-acusacion\/#respond"]}]},{"@type":"WebPage","@id":"https:\/\/fuentesfidedignas.com.mx\/index.php\/2026\/01\/06\/eu-elimina-mencion-a-maduro-como-lider-del-cartel-de-los-soles-en-nueva-acusacion\/","url":"https:\/\/fuentesfidedignas.com.mx\/index.php\/2026\/01\/06\/eu-elimina-mencion-a-maduro-como-lider-del-cartel-de-los-soles-en-nueva-acusacion\/","name":"EU elimina menci\u00f3n a Maduro como l\u00edder del C\u00e1rtel de los Soles en nueva acusaci\u00f3n - Fuentes Fidedignas","isPartOf":{"@id":"https:\/\/fuentesfidedignas.com.mx\/#website"},"primaryImageOfPage":{"@id":"https:\/\/fuentesfidedignas.com.mx\/index.php\/2026\/01\/06\/eu-elimina-mencion-a-maduro-como-lider-del-cartel-de-los-soles-en-nueva-acusacion\/#primaryimage"},"image":{"@id":"https:\/\/fuentesfidedignas.com.mx\/index.php\/2026\/01\/06\/eu-elimina-mencion-a-maduro-como-lider-del-cartel-de-los-soles-en-nueva-acusacion\/#primaryimage"},"thumbnailUrl":"https:\/\/fuentesfidedignas.com.mx\/wp-content\/uploads\/2026\/01\/nicolas-maduro-cilia-flores-ny-2.jpg","datePublished":"2026-01-06T18:17:19+00:00","dateModified":"2026-01-06T18:17:25+00:00","breadcrumb":{"@id":"https:\/\/fuentesfidedignas.com.mx\/index.php\/2026\/01\/06\/eu-elimina-mencion-a-maduro-como-lider-del-cartel-de-los-soles-en-nueva-acusacion\/#breadcrumb"},"inLanguage":"es","potentialAction":[{"@type":"ReadAction","target":["https:\/\/fuentesfidedignas.com.mx\/index.php\/2026\/01\/06\/eu-elimina-mencion-a-maduro-como-lider-del-cartel-de-los-soles-en-nueva-acusacion\/"]}]},{"@type":"ImageObject","inLanguage":"es","@id":"https:\/\/fuentesfidedignas.com.mx\/index.php\/2026\/01\/06\/eu-elimina-mencion-a-maduro-como-lider-del-cartel-de-los-soles-en-nueva-acusacion\/#primaryimage","url":"https:\/\/fuentesfidedignas.com.mx\/wp-content\/uploads\/2026\/01\/nicolas-maduro-cilia-flores-ny-2.jpg","contentUrl":"https:\/\/fuentesfidedignas.com.mx\/wp-content\/uploads\/2026\/01\/nicolas-maduro-cilia-flores-ny-2.jpg","width":500,"height":333},{"@type":"BreadcrumbList","@id":"https:\/\/fuentesfidedignas.com.mx\/index.php\/2026\/01\/06\/eu-elimina-mencion-a-maduro-como-lider-del-cartel-de-los-soles-en-nueva-acusacion\/#breadcrumb","itemListElement":[{"@type":"ListItem","position":1,"name":"Inicio","item":"https:\/\/fuentesfidedignas.com.mx\/"},{"@type":"ListItem","position":2,"name":"EU elimina menci\u00f3n a Maduro como l\u00edder del C\u00e1rtel de los Soles en nueva acusaci\u00f3n"}]},{"@type":"WebSite","@id":"https:\/\/fuentesfidedignas.com.mx\/#website","url":"https:\/\/fuentesfidedignas.com.mx\/","name":"Fuentes Fidedignas","description":"Otro sitio realizado con WordPress","publisher":{"@id":"https:\/\/fuentesfidedignas.com.mx\/#organization"},"potentialAction":[{"@type":"SearchAction","target":{"@type":"EntryPoint","urlTemplate":"https:\/\/fuentesfidedignas.com.mx\/?s={search_term_string}"},"query-input":{"@type":"PropertyValueSpecification","valueRequired":true,"valueName":"search_term_string"}}],"inLanguage":"es"},{"@type":"Organization","@id":"https:\/\/fuentesfidedignas.com.mx\/#organization","name":"Fuentes Fidedignas","url":"https:\/\/fuentesfidedignas.com.mx\/","logo":{"@type":"ImageObject","inLanguage":"es","@id":"https:\/\/fuentesfidedignas.com.mx\/#\/schema\/logo\/image\/","url":"https:\/\/fuentesfidedignas.com.mx\/wp-content\/uploads\/2021\/04\/logo-retina.png","contentUrl":"https:\/\/fuentesfidedignas.com.mx\/wp-content\/uploads\/2021\/04\/logo-retina.png","width":280,"height":51,"caption":"Fuentes Fidedignas"},"image":{"@id":"https:\/\/fuentesfidedignas.com.mx\/#\/schema\/logo\/image\/"},"sameAs":["https:\/\/www.facebook.com\/Fuentes-Fidedignas-368234489921644","https:\/\/x.com\/fidedignas"]},{"@type":"Person","@id":"https:\/\/fuentesfidedignas.com.mx\/#\/schema\/person\/0d44615087b5a626d5d3f13afe31ac41","name":"EFE","image":{"@type":"ImageObject","inLanguage":"es","@id":"https:\/\/secure.gravatar.com\/avatar\/7048c2d9b569d9bed55bb53ad23821e6e047aa66338fb6ea9868627bbb9f54e8?s=96&d=mm&r=g","url":"https:\/\/secure.gravatar.com\/avatar\/7048c2d9b569d9bed55bb53ad23821e6e047aa66338fb6ea9868627bbb9f54e8?s=96&d=mm&r=g","contentUrl":"https:\/\/secure.gravatar.com\/avatar\/7048c2d9b569d9bed55bb53ad23821e6e047aa66338fb6ea9868627bbb9f54e8?s=96&d=mm&r=g","caption":"EFE"},"url":"https:\/\/fuentesfidedignas.com.mx\/index.php\/author\/efe\/"}]}},"_links":{"self":[{"href":"https:\/\/fuentesfidedignas.com.mx\/index.php\/wp-json\/wp\/v2\/posts\/124758","targetHints":{"allow":["GET"]}}],"collection":[{"href":"https:\/\/fuentesfidedignas.com.mx\/index.php\/wp-json\/wp\/v2\/posts"}],"about":[{"href":"https:\/\/fuentesfidedignas.com.mx\/index.php\/wp-json\/wp\/v2\/types\/post"}],"author":[{"embeddable":true,"href":"https:\/\/fuentesfidedignas.com.mx\/index.php\/wp-json\/wp\/v2\/users\/22"}],"replies":[{"embeddable":true,"href":"https:\/\/fuentesfidedignas.com.mx\/index.php\/wp-json\/wp\/v2\/comments?post=124758"}],"version-history":[{"count":1,"href":"https:\/\/fuentesfidedignas.com.mx\/index.php\/wp-json\/wp\/v2\/posts\/124758\/revisions"}],"predecessor-version":[{"id":124760,"href":"https:\/\/fuentesfidedignas.com.mx\/index.php\/wp-json\/wp\/v2\/posts\/124758\/revisions\/124760"}],"wp:featuredmedia":[{"embeddable":true,"href":"https:\/\/fuentesfidedignas.com.mx\/index.php\/wp-json\/wp\/v2\/media\/124759"}],"wp:attachment":[{"href":"https:\/\/fuentesfidedignas.com.mx\/index.php\/wp-json\/wp\/v2\/media?parent=124758"}],"wp:term":[{"taxonomy":"category","embeddable":true,"href":"https:\/\/fuentesfidedignas.com.mx\/index.php\/wp-json\/wp\/v2\/categories?post=124758"},{"taxonomy":"post_tag","embeddable":true,"href":"https:\/\/fuentesfidedignas.com.mx\/index.php\/wp-json\/wp\/v2\/tags?post=124758"}],"curies":[{"name":"wp","href":"https:\/\/api.w.org\/{rel}","templated":true}]}}