{"id":124750,"date":"2026-01-06T08:31:17","date_gmt":"2026-01-06T15:31:17","guid":{"rendered":"https:\/\/fuentesfidedignas.com.mx\/?p=124750"},"modified":"2026-01-06T08:31:24","modified_gmt":"2026-01-06T15:31:24","slug":"sheinbaum-dice-que-mexico-nunca-avalara-uso-de-la-fuerza-en-relaciones-internacionales","status":"publish","type":"post","link":"https:\/\/fuentesfidedignas.com.mx\/index.php\/2026\/01\/06\/sheinbaum-dice-que-mexico-nunca-avalara-uso-de-la-fuerza-en-relaciones-internacionales\/","title":{"rendered":"Sheinbaum dice que M\u00e9xico \u2018nunca\u2019 avalar\u00e1 uso de la fuerza en relaciones internacionales"},"content":{"rendered":"\n<p><strong><em>Sheinbaum subray\u00f3 que, m\u00e1s all\u00e1 de las posturas pol\u00edticas internas o de las cr\u00edticas a determinados gobiernos, M\u00e9xico no avala que un pa\u00eds utilice la fuerza para imponer cambios de r\u00e9gimen.<\/em><\/strong><\/p>\n\n\n\n<p>La presidenta Claudia Sheinbaum afirm\u00f3 este martes que su Gobierno \u201cnunca\u201d estar\u00e1 de acuerdo con el uso de la fuerza en las relaciones internacionales, al rechazar de manera tajante cualquier intervenci\u00f3n militar extranjera, en referencia a la reciente de Estados Unidos en Venezuela, que deriv\u00f3 en la detenci\u00f3n de Nicol\u00e1s Maduro.<\/p>\n\n\n\n<p>Durante su conferencia matutina, la mandataria subray\u00f3 que, m\u00e1s all\u00e1 de las posturas pol\u00edticas internas o de las cr\u00edticas a determinados gobiernos, M\u00e9xico no avala que un pa\u00eds utilice la fuerza para imponer cambios de r\u00e9gimen.<\/p>\n\n\n\n<p>\u201cPara aquellos que no est\u00e1n de acuerdo con el r\u00e9gimen de Maduro o del chavismo en Venezuela es una cosa. Otra cosa es que una potencia, un pa\u00eds utilice la fuerza para llevarse a un presidente. Eso no podemos estar de acuerdo nunca\u201d, expres\u00f3.<\/p>\n\n\n\n<p>La gobernante enfatiz\u00f3 que se trata de un principio que trasciende ideolog\u00edas y coyunturas pol\u00edticas, y que debe ser compartido por toda la sociedad mexicana.<\/p>\n\n\n\n<p>\u201cEs un asunto de soberan\u00eda del pueblo de Venezuela. Como lo es de M\u00e9xico o como lo es de cualquier pa\u00eds del mundo. No puede aprobarse eso\u201d, sostuvo.<\/p>\n\n\n\n<p>Sheinbaum se\u00f1ala que defensa de la soberan\u00eda es \u2018tradici\u00f3n diplom\u00e1tica\u2019 de M\u00e9xico<br>La presidenta defendi\u00f3 la tradici\u00f3n diplom\u00e1tica mexicana, que calific\u00f3 como \u201cejemplar\u201d, y record\u00f3 que la pol\u00edtica exterior del pa\u00eds estuvo hist\u00f3ricamente ligada a la defensa de la soberan\u00eda y la autodeterminaci\u00f3n de los pueblos.<\/p>\n\n\n\n<p>Se\u00f1al\u00f3 que este enfoque se debilit\u00f3 parcialmente durante los gobiernos del Partido Acci\u00f3n Nacional (PAN) (2000-2012), pero que forma parte esencial de la identidad diplom\u00e1tica de M\u00e9xico.<\/p>\n\n\n\n<p>\u201cM\u00e9xico durante a\u00f1os ha tenido una pol\u00edtica exterior ejemplar. Se perdi\u00f3 un poco durante el periodo del PAN de (Vicente) Fox (2000-2006) y de (Felipe) Calder\u00f3n (2006-2012)\u201d, afirm\u00f3.<\/p>\n\n\n\n<p>Sheinbaum record\u00f3 que estos principios est\u00e1n consagrados en la Constituci\u00f3n mexicana, desde la Doctrina Estrada hasta reformas posteriores que consolidaron los ejes de la pol\u00edtica exterior.<\/p>\n\n\n\n<p>Destac\u00f3 episodios hist\u00f3ricos como el respaldo del presidente L\u00e1zaro C\u00e1rdenas a la Rep\u00fablica Espa\u00f1ola y la participaci\u00f3n de M\u00e9xico en iniciativas de paz en Am\u00e9rica Latina, como el Grupo Contadora.<\/p>\n\n\n\n<p>\u201cEs algo muy valioso que tenemos los mexicanos con nuestra pol\u00edtica exterior. Nosotros no podemos estar de acuerdo nunca con que un pa\u00eds invada a otro fuera de m\u00e1s de la Carta de las Naciones Unidas\u201d, se\u00f1al\u00f3, incluso en casos donde existan acusaciones graves contra un gobierno.<\/p>\n\n\n\n<p>\u201cIncluso si fuera culpable de lo que se le acusa \u2013 advirti\u00f3 \u2013 que todav\u00eda est\u00e1 por verse en el caso de Maduro\u201d.<\/p>\n\n\n\n<p>Finalmente, Sheinbaum recalc\u00f3 que la Constituci\u00f3n obliga al Ejecutivo a defender principios como la autodeterminaci\u00f3n de los pueblos, la no intervenci\u00f3n, la soluci\u00f3n pac\u00edfica de controversias y la proscripci\u00f3n de la amenaza o el uso de la fuerza.<\/p>\n","protected":false},"excerpt":{"rendered":"<p>Sheinbaum subray\u00f3 que, m\u00e1s all\u00e1 de las posturas pol\u00edticas internas o de las cr\u00edticas a determinados gobiernos, M\u00e9xico no avala que un pa\u00eds utilice la fuerza para imponer cambios de r\u00e9gimen. La presidenta Claudia Sheinbaum afirm\u00f3 este martes que su Gobierno \u201cnunca\u201d estar\u00e1 de acuerdo con el uso de la fuerza en las relaciones internacionales, [&hellip;]<\/p>\n","protected":false},"author":5,"featured_media":103016,"comment_status":"open","ping_status":"open","sticky":false,"template":"","format":"standard","meta":{"tdm_status":"","tdm_grid_status":"","footnotes":""},"categories":[39],"tags":[],"class_list":{"0":"post-124750","1":"post","2":"type-post","3":"status-publish","4":"format-standard","5":"has-post-thumbnail","7":"category-noticias-nacionales"},"yoast_head":"<!-- This site is optimized with the Yoast SEO plugin v27.5 - https:\/\/yoast.com\/product\/yoast-seo-wordpress\/ -->\n<title>Sheinbaum dice que M\u00e9xico \u2018nunca\u2019 avalar\u00e1 uso de la fuerza en relaciones internacionales - Fuentes Fidedignas<\/title>\n<meta name=\"robots\" content=\"index, follow, max-snippet:-1, max-image-preview:large, max-video-preview:-1\" \/>\n<link rel=\"canonical\" href=\"https:\/\/fuentesfidedignas.com.mx\/index.php\/2026\/01\/06\/sheinbaum-dice-que-mexico-nunca-avalara-uso-de-la-fuerza-en-relaciones-internacionales\/\" \/>\n<meta property=\"og:locale\" content=\"es_MX\" \/>\n<meta property=\"og:type\" content=\"article\" \/>\n<meta property=\"og:title\" content=\"Sheinbaum dice que M\u00e9xico \u2018nunca\u2019 avalar\u00e1 uso de la fuerza en relaciones internacionales - Fuentes Fidedignas\" \/>\n<meta property=\"og:description\" content=\"Sheinbaum subray\u00f3 que, m\u00e1s all\u00e1 de las posturas pol\u00edticas internas o de las cr\u00edticas a determinados gobiernos, M\u00e9xico no avala que un pa\u00eds utilice la fuerza para imponer cambios de r\u00e9gimen. La presidenta Claudia Sheinbaum afirm\u00f3 este martes que su Gobierno \u201cnunca\u201d estar\u00e1 de acuerdo con el uso de la fuerza en las relaciones internacionales, [&hellip;]\" \/>\n<meta property=\"og:url\" content=\"https:\/\/fuentesfidedignas.com.mx\/index.php\/2026\/01\/06\/sheinbaum-dice-que-mexico-nunca-avalara-uso-de-la-fuerza-en-relaciones-internacionales\/\" \/>\n<meta property=\"og:site_name\" content=\"Fuentes Fidedignas\" \/>\n<meta property=\"article:publisher\" content=\"https:\/\/www.facebook.com\/Fuentes-Fidedignas-368234489921644\" \/>\n<meta property=\"article:published_time\" content=\"2026-01-06T15:31:17+00:00\" \/>\n<meta property=\"article:modified_time\" content=\"2026-01-06T15:31:24+00:00\" \/>\n<meta property=\"og:image\" content=\"https:\/\/fuentesfidedignas.com.mx\/wp-content\/uploads\/2025\/03\/Claudia-Sheinbaum.jpg\" \/>\n\t<meta property=\"og:image:width\" content=\"600\" \/>\n\t<meta property=\"og:image:height\" content=\"338\" \/>\n\t<meta property=\"og:image:type\" content=\"image\/jpeg\" \/>\n<meta name=\"author\" content=\"Forbes\" \/>\n<meta name=\"twitter:card\" content=\"summary_large_image\" \/>\n<meta name=\"twitter:creator\" content=\"@fidedignas\" \/>\n<meta name=\"twitter:site\" content=\"@fidedignas\" \/>\n<meta name=\"twitter:label1\" content=\"Escrito por\" \/>\n\t<meta name=\"twitter:data1\" content=\"Forbes\" \/>\n\t<meta name=\"twitter:label2\" content=\"Tiempo de lectura\" \/>\n\t<meta name=\"twitter:data2\" content=\"3 minutos\" \/>\n<script type=\"application\/ld+json\" class=\"yoast-schema-graph\">{\"@context\":\"https:\\\/\\\/schema.org\",\"@graph\":[{\"@type\":\"Article\",\"@id\":\"https:\\\/\\\/fuentesfidedignas.com.mx\\\/index.php\\\/2026\\\/01\\\/06\\\/sheinbaum-dice-que-mexico-nunca-avalara-uso-de-la-fuerza-en-relaciones-internacionales\\\/#article\",\"isPartOf\":{\"@id\":\"https:\\\/\\\/fuentesfidedignas.com.mx\\\/index.php\\\/2026\\\/01\\\/06\\\/sheinbaum-dice-que-mexico-nunca-avalara-uso-de-la-fuerza-en-relaciones-internacionales\\\/\"},\"author\":{\"name\":\"Forbes\",\"@id\":\"https:\\\/\\\/fuentesfidedignas.com.mx\\\/#\\\/schema\\\/person\\\/5623d53fe2e579d825b1679734abcc44\"},\"headline\":\"Sheinbaum dice que M\u00e9xico \u2018nunca\u2019 avalar\u00e1 uso de la fuerza en relaciones internacionales\",\"datePublished\":\"2026-01-06T15:31:17+00:00\",\"dateModified\":\"2026-01-06T15:31:24+00:00\",\"mainEntityOfPage\":{\"@id\":\"https:\\\/\\\/fuentesfidedignas.com.mx\\\/index.php\\\/2026\\\/01\\\/06\\\/sheinbaum-dice-que-mexico-nunca-avalara-uso-de-la-fuerza-en-relaciones-internacionales\\\/\"},\"wordCount\":556,\"commentCount\":0,\"publisher\":{\"@id\":\"https:\\\/\\\/fuentesfidedignas.com.mx\\\/#organization\"},\"image\":{\"@id\":\"https:\\\/\\\/fuentesfidedignas.com.mx\\\/index.php\\\/2026\\\/01\\\/06\\\/sheinbaum-dice-que-mexico-nunca-avalara-uso-de-la-fuerza-en-relaciones-internacionales\\\/#primaryimage\"},\"thumbnailUrl\":\"https:\\\/\\\/fuentesfidedignas.com.mx\\\/wp-content\\\/uploads\\\/2025\\\/03\\\/Claudia-Sheinbaum.jpg\",\"articleSection\":[\"NOTICIAS NACIONALES\"],\"inLanguage\":\"es\",\"potentialAction\":[{\"@type\":\"CommentAction\",\"name\":\"Comment\",\"target\":[\"https:\\\/\\\/fuentesfidedignas.com.mx\\\/index.php\\\/2026\\\/01\\\/06\\\/sheinbaum-dice-que-mexico-nunca-avalara-uso-de-la-fuerza-en-relaciones-internacionales\\\/#respond\"]}]},{\"@type\":\"WebPage\",\"@id\":\"https:\\\/\\\/fuentesfidedignas.com.mx\\\/index.php\\\/2026\\\/01\\\/06\\\/sheinbaum-dice-que-mexico-nunca-avalara-uso-de-la-fuerza-en-relaciones-internacionales\\\/\",\"url\":\"https:\\\/\\\/fuentesfidedignas.com.mx\\\/index.php\\\/2026\\\/01\\\/06\\\/sheinbaum-dice-que-mexico-nunca-avalara-uso-de-la-fuerza-en-relaciones-internacionales\\\/\",\"name\":\"Sheinbaum dice que M\u00e9xico \u2018nunca\u2019 avalar\u00e1 uso de la fuerza en relaciones internacionales - Fuentes Fidedignas\",\"isPartOf\":{\"@id\":\"https:\\\/\\\/fuentesfidedignas.com.mx\\\/#website\"},\"primaryImageOfPage\":{\"@id\":\"https:\\\/\\\/fuentesfidedignas.com.mx\\\/index.php\\\/2026\\\/01\\\/06\\\/sheinbaum-dice-que-mexico-nunca-avalara-uso-de-la-fuerza-en-relaciones-internacionales\\\/#primaryimage\"},\"image\":{\"@id\":\"https:\\\/\\\/fuentesfidedignas.com.mx\\\/index.php\\\/2026\\\/01\\\/06\\\/sheinbaum-dice-que-mexico-nunca-avalara-uso-de-la-fuerza-en-relaciones-internacionales\\\/#primaryimage\"},\"thumbnailUrl\":\"https:\\\/\\\/fuentesfidedignas.com.mx\\\/wp-content\\\/uploads\\\/2025\\\/03\\\/Claudia-Sheinbaum.jpg\",\"datePublished\":\"2026-01-06T15:31:17+00:00\",\"dateModified\":\"2026-01-06T15:31:24+00:00\",\"breadcrumb\":{\"@id\":\"https:\\\/\\\/fuentesfidedignas.com.mx\\\/index.php\\\/2026\\\/01\\\/06\\\/sheinbaum-dice-que-mexico-nunca-avalara-uso-de-la-fuerza-en-relaciones-internacionales\\\/#breadcrumb\"},\"inLanguage\":\"es\",\"potentialAction\":[{\"@type\":\"ReadAction\",\"target\":[\"https:\\\/\\\/fuentesfidedignas.com.mx\\\/index.php\\\/2026\\\/01\\\/06\\\/sheinbaum-dice-que-mexico-nunca-avalara-uso-de-la-fuerza-en-relaciones-internacionales\\\/\"]}]},{\"@type\":\"ImageObject\",\"inLanguage\":\"es\",\"@id\":\"https:\\\/\\\/fuentesfidedignas.com.mx\\\/index.php\\\/2026\\\/01\\\/06\\\/sheinbaum-dice-que-mexico-nunca-avalara-uso-de-la-fuerza-en-relaciones-internacionales\\\/#primaryimage\",\"url\":\"https:\\\/\\\/fuentesfidedignas.com.mx\\\/wp-content\\\/uploads\\\/2025\\\/03\\\/Claudia-Sheinbaum.jpg\",\"contentUrl\":\"https:\\\/\\\/fuentesfidedignas.com.mx\\\/wp-content\\\/uploads\\\/2025\\\/03\\\/Claudia-Sheinbaum.jpg\",\"width\":600,\"height\":338},{\"@type\":\"BreadcrumbList\",\"@id\":\"https:\\\/\\\/fuentesfidedignas.com.mx\\\/index.php\\\/2026\\\/01\\\/06\\\/sheinbaum-dice-que-mexico-nunca-avalara-uso-de-la-fuerza-en-relaciones-internacionales\\\/#breadcrumb\",\"itemListElement\":[{\"@type\":\"ListItem\",\"position\":1,\"name\":\"Inicio\",\"item\":\"https:\\\/\\\/fuentesfidedignas.com.mx\\\/\"},{\"@type\":\"ListItem\",\"position\":2,\"name\":\"Sheinbaum dice que M\u00e9xico \u2018nunca\u2019 avalar\u00e1 uso de la fuerza en relaciones internacionales\"}]},{\"@type\":\"WebSite\",\"@id\":\"https:\\\/\\\/fuentesfidedignas.com.mx\\\/#website\",\"url\":\"https:\\\/\\\/fuentesfidedignas.com.mx\\\/\",\"name\":\"Fuentes Fidedignas\",\"description\":\"Otro sitio realizado con WordPress\",\"publisher\":{\"@id\":\"https:\\\/\\\/fuentesfidedignas.com.mx\\\/#organization\"},\"potentialAction\":[{\"@type\":\"SearchAction\",\"target\":{\"@type\":\"EntryPoint\",\"urlTemplate\":\"https:\\\/\\\/fuentesfidedignas.com.mx\\\/?s={search_term_string}\"},\"query-input\":{\"@type\":\"PropertyValueSpecification\",\"valueRequired\":true,\"valueName\":\"search_term_string\"}}],\"inLanguage\":\"es\"},{\"@type\":\"Organization\",\"@id\":\"https:\\\/\\\/fuentesfidedignas.com.mx\\\/#organization\",\"name\":\"Fuentes Fidedignas\",\"url\":\"https:\\\/\\\/fuentesfidedignas.com.mx\\\/\",\"logo\":{\"@type\":\"ImageObject\",\"inLanguage\":\"es\",\"@id\":\"https:\\\/\\\/fuentesfidedignas.com.mx\\\/#\\\/schema\\\/logo\\\/image\\\/\",\"url\":\"https:\\\/\\\/fuentesfidedignas.com.mx\\\/wp-content\\\/uploads\\\/2021\\\/04\\\/logo-retina.png\",\"contentUrl\":\"https:\\\/\\\/fuentesfidedignas.com.mx\\\/wp-content\\\/uploads\\\/2021\\\/04\\\/logo-retina.png\",\"width\":280,\"height\":51,\"caption\":\"Fuentes Fidedignas\"},\"image\":{\"@id\":\"https:\\\/\\\/fuentesfidedignas.com.mx\\\/#\\\/schema\\\/logo\\\/image\\\/\"},\"sameAs\":[\"https:\\\/\\\/www.facebook.com\\\/Fuentes-Fidedignas-368234489921644\",\"https:\\\/\\\/x.com\\\/fidedignas\"]},{\"@type\":\"Person\",\"@id\":\"https:\\\/\\\/fuentesfidedignas.com.mx\\\/#\\\/schema\\\/person\\\/5623d53fe2e579d825b1679734abcc44\",\"name\":\"Forbes\",\"image\":{\"@type\":\"ImageObject\",\"inLanguage\":\"es\",\"@id\":\"https:\\\/\\\/secure.gravatar.com\\\/avatar\\\/87ce3dd4e41e60c22a79c758614f01a6bc2469255fc936ec7b15efb9bb5cb66f?s=96&d=mm&r=g\",\"url\":\"https:\\\/\\\/secure.gravatar.com\\\/avatar\\\/87ce3dd4e41e60c22a79c758614f01a6bc2469255fc936ec7b15efb9bb5cb66f?s=96&d=mm&r=g\",\"contentUrl\":\"https:\\\/\\\/secure.gravatar.com\\\/avatar\\\/87ce3dd4e41e60c22a79c758614f01a6bc2469255fc936ec7b15efb9bb5cb66f?s=96&d=mm&r=g\",\"caption\":\"Forbes\"},\"url\":\"https:\\\/\\\/fuentesfidedignas.com.mx\\\/index.php\\\/author\\\/forbes\\\/\"}]}<\/script>\n<!-- \/ Yoast SEO plugin. -->","yoast_head_json":{"title":"Sheinbaum dice que M\u00e9xico \u2018nunca\u2019 avalar\u00e1 uso de la fuerza en relaciones internacionales - Fuentes Fidedignas","robots":{"index":"index","follow":"follow","max-snippet":"max-snippet:-1","max-image-preview":"max-image-preview:large","max-video-preview":"max-video-preview:-1"},"canonical":"https:\/\/fuentesfidedignas.com.mx\/index.php\/2026\/01\/06\/sheinbaum-dice-que-mexico-nunca-avalara-uso-de-la-fuerza-en-relaciones-internacionales\/","og_locale":"es_MX","og_type":"article","og_title":"Sheinbaum dice que M\u00e9xico \u2018nunca\u2019 avalar\u00e1 uso de la fuerza en relaciones internacionales - Fuentes Fidedignas","og_description":"Sheinbaum subray\u00f3 que, m\u00e1s all\u00e1 de las posturas pol\u00edticas internas o de las cr\u00edticas a determinados gobiernos, M\u00e9xico no avala que un pa\u00eds utilice la fuerza para imponer cambios de r\u00e9gimen. La presidenta Claudia Sheinbaum afirm\u00f3 este martes que su Gobierno \u201cnunca\u201d estar\u00e1 de acuerdo con el uso de la fuerza en las relaciones internacionales, [&hellip;]","og_url":"https:\/\/fuentesfidedignas.com.mx\/index.php\/2026\/01\/06\/sheinbaum-dice-que-mexico-nunca-avalara-uso-de-la-fuerza-en-relaciones-internacionales\/","og_site_name":"Fuentes Fidedignas","article_publisher":"https:\/\/www.facebook.com\/Fuentes-Fidedignas-368234489921644","article_published_time":"2026-01-06T15:31:17+00:00","article_modified_time":"2026-01-06T15:31:24+00:00","og_image":[{"width":600,"height":338,"url":"https:\/\/fuentesfidedignas.com.mx\/wp-content\/uploads\/2025\/03\/Claudia-Sheinbaum.jpg","type":"image\/jpeg"}],"author":"Forbes","twitter_card":"summary_large_image","twitter_creator":"@fidedignas","twitter_site":"@fidedignas","twitter_misc":{"Escrito por":"Forbes","Tiempo de lectura":"3 minutos"},"schema":{"@context":"https:\/\/schema.org","@graph":[{"@type":"Article","@id":"https:\/\/fuentesfidedignas.com.mx\/index.php\/2026\/01\/06\/sheinbaum-dice-que-mexico-nunca-avalara-uso-de-la-fuerza-en-relaciones-internacionales\/#article","isPartOf":{"@id":"https:\/\/fuentesfidedignas.com.mx\/index.php\/2026\/01\/06\/sheinbaum-dice-que-mexico-nunca-avalara-uso-de-la-fuerza-en-relaciones-internacionales\/"},"author":{"name":"Forbes","@id":"https:\/\/fuentesfidedignas.com.mx\/#\/schema\/person\/5623d53fe2e579d825b1679734abcc44"},"headline":"Sheinbaum dice que M\u00e9xico \u2018nunca\u2019 avalar\u00e1 uso de la fuerza en relaciones internacionales","datePublished":"2026-01-06T15:31:17+00:00","dateModified":"2026-01-06T15:31:24+00:00","mainEntityOfPage":{"@id":"https:\/\/fuentesfidedignas.com.mx\/index.php\/2026\/01\/06\/sheinbaum-dice-que-mexico-nunca-avalara-uso-de-la-fuerza-en-relaciones-internacionales\/"},"wordCount":556,"commentCount":0,"publisher":{"@id":"https:\/\/fuentesfidedignas.com.mx\/#organization"},"image":{"@id":"https:\/\/fuentesfidedignas.com.mx\/index.php\/2026\/01\/06\/sheinbaum-dice-que-mexico-nunca-avalara-uso-de-la-fuerza-en-relaciones-internacionales\/#primaryimage"},"thumbnailUrl":"https:\/\/fuentesfidedignas.com.mx\/wp-content\/uploads\/2025\/03\/Claudia-Sheinbaum.jpg","articleSection":["NOTICIAS NACIONALES"],"inLanguage":"es","potentialAction":[{"@type":"CommentAction","name":"Comment","target":["https:\/\/fuentesfidedignas.com.mx\/index.php\/2026\/01\/06\/sheinbaum-dice-que-mexico-nunca-avalara-uso-de-la-fuerza-en-relaciones-internacionales\/#respond"]}]},{"@type":"WebPage","@id":"https:\/\/fuentesfidedignas.com.mx\/index.php\/2026\/01\/06\/sheinbaum-dice-que-mexico-nunca-avalara-uso-de-la-fuerza-en-relaciones-internacionales\/","url":"https:\/\/fuentesfidedignas.com.mx\/index.php\/2026\/01\/06\/sheinbaum-dice-que-mexico-nunca-avalara-uso-de-la-fuerza-en-relaciones-internacionales\/","name":"Sheinbaum dice que M\u00e9xico \u2018nunca\u2019 avalar\u00e1 uso de la fuerza en relaciones internacionales - Fuentes Fidedignas","isPartOf":{"@id":"https:\/\/fuentesfidedignas.com.mx\/#website"},"primaryImageOfPage":{"@id":"https:\/\/fuentesfidedignas.com.mx\/index.php\/2026\/01\/06\/sheinbaum-dice-que-mexico-nunca-avalara-uso-de-la-fuerza-en-relaciones-internacionales\/#primaryimage"},"image":{"@id":"https:\/\/fuentesfidedignas.com.mx\/index.php\/2026\/01\/06\/sheinbaum-dice-que-mexico-nunca-avalara-uso-de-la-fuerza-en-relaciones-internacionales\/#primaryimage"},"thumbnailUrl":"https:\/\/fuentesfidedignas.com.mx\/wp-content\/uploads\/2025\/03\/Claudia-Sheinbaum.jpg","datePublished":"2026-01-06T15:31:17+00:00","dateModified":"2026-01-06T15:31:24+00:00","breadcrumb":{"@id":"https:\/\/fuentesfidedignas.com.mx\/index.php\/2026\/01\/06\/sheinbaum-dice-que-mexico-nunca-avalara-uso-de-la-fuerza-en-relaciones-internacionales\/#breadcrumb"},"inLanguage":"es","potentialAction":[{"@type":"ReadAction","target":["https:\/\/fuentesfidedignas.com.mx\/index.php\/2026\/01\/06\/sheinbaum-dice-que-mexico-nunca-avalara-uso-de-la-fuerza-en-relaciones-internacionales\/"]}]},{"@type":"ImageObject","inLanguage":"es","@id":"https:\/\/fuentesfidedignas.com.mx\/index.php\/2026\/01\/06\/sheinbaum-dice-que-mexico-nunca-avalara-uso-de-la-fuerza-en-relaciones-internacionales\/#primaryimage","url":"https:\/\/fuentesfidedignas.com.mx\/wp-content\/uploads\/2025\/03\/Claudia-Sheinbaum.jpg","contentUrl":"https:\/\/fuentesfidedignas.com.mx\/wp-content\/uploads\/2025\/03\/Claudia-Sheinbaum.jpg","width":600,"height":338},{"@type":"BreadcrumbList","@id":"https:\/\/fuentesfidedignas.com.mx\/index.php\/2026\/01\/06\/sheinbaum-dice-que-mexico-nunca-avalara-uso-de-la-fuerza-en-relaciones-internacionales\/#breadcrumb","itemListElement":[{"@type":"ListItem","position":1,"name":"Inicio","item":"https:\/\/fuentesfidedignas.com.mx\/"},{"@type":"ListItem","position":2,"name":"Sheinbaum dice que M\u00e9xico \u2018nunca\u2019 avalar\u00e1 uso de la fuerza en relaciones internacionales"}]},{"@type":"WebSite","@id":"https:\/\/fuentesfidedignas.com.mx\/#website","url":"https:\/\/fuentesfidedignas.com.mx\/","name":"Fuentes Fidedignas","description":"Otro sitio realizado con WordPress","publisher":{"@id":"https:\/\/fuentesfidedignas.com.mx\/#organization"},"potentialAction":[{"@type":"SearchAction","target":{"@type":"EntryPoint","urlTemplate":"https:\/\/fuentesfidedignas.com.mx\/?s={search_term_string}"},"query-input":{"@type":"PropertyValueSpecification","valueRequired":true,"valueName":"search_term_string"}}],"inLanguage":"es"},{"@type":"Organization","@id":"https:\/\/fuentesfidedignas.com.mx\/#organization","name":"Fuentes Fidedignas","url":"https:\/\/fuentesfidedignas.com.mx\/","logo":{"@type":"ImageObject","inLanguage":"es","@id":"https:\/\/fuentesfidedignas.com.mx\/#\/schema\/logo\/image\/","url":"https:\/\/fuentesfidedignas.com.mx\/wp-content\/uploads\/2021\/04\/logo-retina.png","contentUrl":"https:\/\/fuentesfidedignas.com.mx\/wp-content\/uploads\/2021\/04\/logo-retina.png","width":280,"height":51,"caption":"Fuentes Fidedignas"},"image":{"@id":"https:\/\/fuentesfidedignas.com.mx\/#\/schema\/logo\/image\/"},"sameAs":["https:\/\/www.facebook.com\/Fuentes-Fidedignas-368234489921644","https:\/\/x.com\/fidedignas"]},{"@type":"Person","@id":"https:\/\/fuentesfidedignas.com.mx\/#\/schema\/person\/5623d53fe2e579d825b1679734abcc44","name":"Forbes","image":{"@type":"ImageObject","inLanguage":"es","@id":"https:\/\/secure.gravatar.com\/avatar\/87ce3dd4e41e60c22a79c758614f01a6bc2469255fc936ec7b15efb9bb5cb66f?s=96&d=mm&r=g","url":"https:\/\/secure.gravatar.com\/avatar\/87ce3dd4e41e60c22a79c758614f01a6bc2469255fc936ec7b15efb9bb5cb66f?s=96&d=mm&r=g","contentUrl":"https:\/\/secure.gravatar.com\/avatar\/87ce3dd4e41e60c22a79c758614f01a6bc2469255fc936ec7b15efb9bb5cb66f?s=96&d=mm&r=g","caption":"Forbes"},"url":"https:\/\/fuentesfidedignas.com.mx\/index.php\/author\/forbes\/"}]}},"_links":{"self":[{"href":"https:\/\/fuentesfidedignas.com.mx\/index.php\/wp-json\/wp\/v2\/posts\/124750","targetHints":{"allow":["GET"]}}],"collection":[{"href":"https:\/\/fuentesfidedignas.com.mx\/index.php\/wp-json\/wp\/v2\/posts"}],"about":[{"href":"https:\/\/fuentesfidedignas.com.mx\/index.php\/wp-json\/wp\/v2\/types\/post"}],"author":[{"embeddable":true,"href":"https:\/\/fuentesfidedignas.com.mx\/index.php\/wp-json\/wp\/v2\/users\/5"}],"replies":[{"embeddable":true,"href":"https:\/\/fuentesfidedignas.com.mx\/index.php\/wp-json\/wp\/v2\/comments?post=124750"}],"version-history":[{"count":1,"href":"https:\/\/fuentesfidedignas.com.mx\/index.php\/wp-json\/wp\/v2\/posts\/124750\/revisions"}],"predecessor-version":[{"id":124751,"href":"https:\/\/fuentesfidedignas.com.mx\/index.php\/wp-json\/wp\/v2\/posts\/124750\/revisions\/124751"}],"wp:featuredmedia":[{"embeddable":true,"href":"https:\/\/fuentesfidedignas.com.mx\/index.php\/wp-json\/wp\/v2\/media\/103016"}],"wp:attachment":[{"href":"https:\/\/fuentesfidedignas.com.mx\/index.php\/wp-json\/wp\/v2\/media?parent=124750"}],"wp:term":[{"taxonomy":"category","embeddable":true,"href":"https:\/\/fuentesfidedignas.com.mx\/index.php\/wp-json\/wp\/v2\/categories?post=124750"},{"taxonomy":"post_tag","embeddable":true,"href":"https:\/\/fuentesfidedignas.com.mx\/index.php\/wp-json\/wp\/v2\/tags?post=124750"}],"curies":[{"name":"wp","href":"https:\/\/api.w.org\/{rel}","templated":true}]}}