{"id":124663,"date":"2026-01-05T07:13:51","date_gmt":"2026-01-05T14:13:51","guid":{"rendered":"https:\/\/fuentesfidedignas.com.mx\/?p=124663"},"modified":"2026-01-05T07:13:58","modified_gmt":"2026-01-05T14:13:58","slug":"el-arte-tambien-es-resistencia-adrian-varela-inaugura-el-2026-en-logocomic-por-radio-artesana","status":"publish","type":"post","link":"https:\/\/fuentesfidedignas.com.mx\/index.php\/2026\/01\/05\/el-arte-tambien-es-resistencia-adrian-varela-inaugura-el-2026-en-logocomic-por-radio-artesana\/","title":{"rendered":"\u201cEl arte tambi\u00e9n es resistencia\u201d | Adri\u00e1n Varela inaugura el 2026 en LogoC\u00f3mic por Radio Artesana"},"content":{"rendered":"\n<p>Arrancamos el 2026 con un programa especial y profundamente significativo.<\/p>\n\n\n\n<p>En el episodio 1 -en este 2026- de LogoC\u00f3mic en Radio Artesana 106.5 FM, damos inicio a un nuevo ciclo con una entrevista exclusiva al cantante sinaloense Adri\u00e1n Varela, reciente Premio ASES de Oro al M\u00e9rito Art\u00edstico, en una charla \u00edntima, honesta y luminosa grabada en Mazatl\u00e1n.<\/p>\n\n\n\n<p>Varela comparte su historia, sus ra\u00edces familiares, los obst\u00e1culos del camino y una idea que atraviesa toda la conversaci\u00f3n: el arte tambi\u00e9n es resistencia, una forma de construir identidad, memoria y esperanza en Sinaloa.<\/p>\n\n\n\n<p>Adem\u00e1s, el programa incluye dos segmentos especiales de an\u00e1lisis sobre las pel\u00edculas m\u00e1s esperadas de 2026, un a\u00f1o que promete sacudir al cine y a la cultura pop con regresos hist\u00f3ricos, nuevas franquicias y apuestas que ya generan conversaci\u00f3n mundial.<br>Gracias por escuchar, por acompa\u00f1ar y por hacer comunidad con sentido.<\/p>\n\n\n\n<figure class=\"wp-block-embed is-type-video is-provider-youtube wp-block-embed-youtube wp-embed-aspect-16-9 wp-has-aspect-ratio\"><div class=\"wp-block-embed__wrapper\">\n<iframe loading=\"lazy\" title=\"\u201cEl arte tambi\u00e9n es resistencia\u201d | Adri\u00e1n Varela inaugura el 2026 en LogoC\u00f3mic por Radio Artesana\" width=\"696\" height=\"392\" src=\"https:\/\/www.youtube.com\/embed\/tBiI1ronREo?feature=oembed\" frameborder=\"0\" allow=\"accelerometer; autoplay; clipboard-write; encrypted-media; gyroscope; picture-in-picture; web-share\" referrerpolicy=\"strict-origin-when-cross-origin\" allowfullscreen><\/iframe>\n<\/div><\/figure>\n","protected":false},"excerpt":{"rendered":"<p>Arrancamos el 2026 con un programa especial y profundamente significativo. En el episodio 1 -en este 2026- de LogoC\u00f3mic en Radio Artesana 106.5 FM, damos inicio a un nuevo ciclo con una entrevista exclusiva al cantante sinaloense Adri\u00e1n Varela, reciente Premio ASES de Oro al M\u00e9rito Art\u00edstico, en una charla \u00edntima, honesta y luminosa grabada [&hellip;]<\/p>\n","protected":false},"author":139,"featured_media":124664,"comment_status":"open","ping_status":"open","sticky":false,"template":"","format":"standard","meta":{"tdm_status":"","tdm_grid_status":"","footnotes":""},"categories":[307],"tags":[],"class_list":{"0":"post-124663","1":"post","2":"type-post","3":"status-publish","4":"format-standard","5":"has-post-thumbnail","7":"category-ruleteando"},"yoast_head":"<!-- This site is optimized with the Yoast SEO plugin v27.5 - https:\/\/yoast.com\/product\/yoast-seo-wordpress\/ -->\n<title>\u201cEl arte tambi\u00e9n es resistencia\u201d | Adri\u00e1n Varela inaugura el 2026 en LogoC\u00f3mic por Radio Artesana - Fuentes Fidedignas<\/title>\n<meta name=\"robots\" content=\"index, follow, max-snippet:-1, max-image-preview:large, max-video-preview:-1\" \/>\n<link rel=\"canonical\" href=\"https:\/\/fuentesfidedignas.com.mx\/index.php\/2026\/01\/05\/el-arte-tambien-es-resistencia-adrian-varela-inaugura-el-2026-en-logocomic-por-radio-artesana\/\" \/>\n<meta property=\"og:locale\" content=\"es_MX\" \/>\n<meta property=\"og:type\" content=\"article\" \/>\n<meta property=\"og:title\" content=\"\u201cEl arte tambi\u00e9n es resistencia\u201d | Adri\u00e1n Varela inaugura el 2026 en LogoC\u00f3mic por Radio Artesana - Fuentes Fidedignas\" \/>\n<meta property=\"og:description\" content=\"Arrancamos el 2026 con un programa especial y profundamente significativo. En el episodio 1 -en este 2026- de LogoC\u00f3mic en Radio Artesana 106.5 FM, damos inicio a un nuevo ciclo con una entrevista exclusiva al cantante sinaloense Adri\u00e1n Varela, reciente Premio ASES de Oro al M\u00e9rito Art\u00edstico, en una charla \u00edntima, honesta y luminosa grabada [&hellip;]\" \/>\n<meta property=\"og:url\" content=\"https:\/\/fuentesfidedignas.com.mx\/index.php\/2026\/01\/05\/el-arte-tambien-es-resistencia-adrian-varela-inaugura-el-2026-en-logocomic-por-radio-artesana\/\" \/>\n<meta property=\"og:site_name\" content=\"Fuentes Fidedignas\" \/>\n<meta property=\"article:publisher\" content=\"https:\/\/www.facebook.com\/Fuentes-Fidedignas-368234489921644\" \/>\n<meta property=\"article:published_time\" content=\"2026-01-05T14:13:51+00:00\" \/>\n<meta property=\"article:modified_time\" content=\"2026-01-05T14:13:58+00:00\" \/>\n<meta property=\"og:image\" content=\"https:\/\/fuentesfidedignas.com.mx\/wp-content\/uploads\/2026\/01\/logo_0501.jpg\" \/>\n\t<meta property=\"og:image:width\" content=\"500\" \/>\n\t<meta property=\"og:image:height\" content=\"275\" \/>\n\t<meta property=\"og:image:type\" content=\"image\/jpeg\" \/>\n<meta name=\"author\" content=\"Luis \u00c1ngel Rivera Ayala\" \/>\n<meta name=\"twitter:card\" content=\"summary_large_image\" \/>\n<meta name=\"twitter:creator\" content=\"@fidedignas\" \/>\n<meta name=\"twitter:site\" content=\"@fidedignas\" \/>\n<meta name=\"twitter:label1\" content=\"Escrito por\" \/>\n\t<meta name=\"twitter:data1\" content=\"Luis \u00c1ngel Rivera Ayala\" \/>\n\t<meta name=\"twitter:label2\" content=\"Tiempo de lectura\" \/>\n\t<meta name=\"twitter:data2\" content=\"1 minuto\" \/>\n<script type=\"application\/ld+json\" class=\"yoast-schema-graph\">{\"@context\":\"https:\\\/\\\/schema.org\",\"@graph\":[{\"@type\":\"Article\",\"@id\":\"https:\\\/\\\/fuentesfidedignas.com.mx\\\/index.php\\\/2026\\\/01\\\/05\\\/el-arte-tambien-es-resistencia-adrian-varela-inaugura-el-2026-en-logocomic-por-radio-artesana\\\/#article\",\"isPartOf\":{\"@id\":\"https:\\\/\\\/fuentesfidedignas.com.mx\\\/index.php\\\/2026\\\/01\\\/05\\\/el-arte-tambien-es-resistencia-adrian-varela-inaugura-el-2026-en-logocomic-por-radio-artesana\\\/\"},\"author\":{\"name\":\"Luis \u00c1ngel Rivera Ayala\",\"@id\":\"https:\\\/\\\/fuentesfidedignas.com.mx\\\/#\\\/schema\\\/person\\\/a4e2898d4dca7bbeb0a2f77bb90f4817\"},\"headline\":\"\u201cEl arte tambi\u00e9n es resistencia\u201d | Adri\u00e1n Varela inaugura el 2026 en LogoC\u00f3mic por Radio Artesana\",\"datePublished\":\"2026-01-05T14:13:51+00:00\",\"dateModified\":\"2026-01-05T14:13:58+00:00\",\"mainEntityOfPage\":{\"@id\":\"https:\\\/\\\/fuentesfidedignas.com.mx\\\/index.php\\\/2026\\\/01\\\/05\\\/el-arte-tambien-es-resistencia-adrian-varela-inaugura-el-2026-en-logocomic-por-radio-artesana\\\/\"},\"wordCount\":177,\"commentCount\":0,\"publisher\":{\"@id\":\"https:\\\/\\\/fuentesfidedignas.com.mx\\\/#organization\"},\"image\":{\"@id\":\"https:\\\/\\\/fuentesfidedignas.com.mx\\\/index.php\\\/2026\\\/01\\\/05\\\/el-arte-tambien-es-resistencia-adrian-varela-inaugura-el-2026-en-logocomic-por-radio-artesana\\\/#primaryimage\"},\"thumbnailUrl\":\"https:\\\/\\\/fuentesfidedignas.com.mx\\\/wp-content\\\/uploads\\\/2026\\\/01\\\/logo_0501.jpg\",\"articleSection\":[\"RULETEANDO\"],\"inLanguage\":\"es\",\"potentialAction\":[{\"@type\":\"CommentAction\",\"name\":\"Comment\",\"target\":[\"https:\\\/\\\/fuentesfidedignas.com.mx\\\/index.php\\\/2026\\\/01\\\/05\\\/el-arte-tambien-es-resistencia-adrian-varela-inaugura-el-2026-en-logocomic-por-radio-artesana\\\/#respond\"]}]},{\"@type\":\"WebPage\",\"@id\":\"https:\\\/\\\/fuentesfidedignas.com.mx\\\/index.php\\\/2026\\\/01\\\/05\\\/el-arte-tambien-es-resistencia-adrian-varela-inaugura-el-2026-en-logocomic-por-radio-artesana\\\/\",\"url\":\"https:\\\/\\\/fuentesfidedignas.com.mx\\\/index.php\\\/2026\\\/01\\\/05\\\/el-arte-tambien-es-resistencia-adrian-varela-inaugura-el-2026-en-logocomic-por-radio-artesana\\\/\",\"name\":\"\u201cEl arte tambi\u00e9n es resistencia\u201d | Adri\u00e1n Varela inaugura el 2026 en LogoC\u00f3mic por Radio Artesana - Fuentes Fidedignas\",\"isPartOf\":{\"@id\":\"https:\\\/\\\/fuentesfidedignas.com.mx\\\/#website\"},\"primaryImageOfPage\":{\"@id\":\"https:\\\/\\\/fuentesfidedignas.com.mx\\\/index.php\\\/2026\\\/01\\\/05\\\/el-arte-tambien-es-resistencia-adrian-varela-inaugura-el-2026-en-logocomic-por-radio-artesana\\\/#primaryimage\"},\"image\":{\"@id\":\"https:\\\/\\\/fuentesfidedignas.com.mx\\\/index.php\\\/2026\\\/01\\\/05\\\/el-arte-tambien-es-resistencia-adrian-varela-inaugura-el-2026-en-logocomic-por-radio-artesana\\\/#primaryimage\"},\"thumbnailUrl\":\"https:\\\/\\\/fuentesfidedignas.com.mx\\\/wp-content\\\/uploads\\\/2026\\\/01\\\/logo_0501.jpg\",\"datePublished\":\"2026-01-05T14:13:51+00:00\",\"dateModified\":\"2026-01-05T14:13:58+00:00\",\"breadcrumb\":{\"@id\":\"https:\\\/\\\/fuentesfidedignas.com.mx\\\/index.php\\\/2026\\\/01\\\/05\\\/el-arte-tambien-es-resistencia-adrian-varela-inaugura-el-2026-en-logocomic-por-radio-artesana\\\/#breadcrumb\"},\"inLanguage\":\"es\",\"potentialAction\":[{\"@type\":\"ReadAction\",\"target\":[\"https:\\\/\\\/fuentesfidedignas.com.mx\\\/index.php\\\/2026\\\/01\\\/05\\\/el-arte-tambien-es-resistencia-adrian-varela-inaugura-el-2026-en-logocomic-por-radio-artesana\\\/\"]}]},{\"@type\":\"ImageObject\",\"inLanguage\":\"es\",\"@id\":\"https:\\\/\\\/fuentesfidedignas.com.mx\\\/index.php\\\/2026\\\/01\\\/05\\\/el-arte-tambien-es-resistencia-adrian-varela-inaugura-el-2026-en-logocomic-por-radio-artesana\\\/#primaryimage\",\"url\":\"https:\\\/\\\/fuentesfidedignas.com.mx\\\/wp-content\\\/uploads\\\/2026\\\/01\\\/logo_0501.jpg\",\"contentUrl\":\"https:\\\/\\\/fuentesfidedignas.com.mx\\\/wp-content\\\/uploads\\\/2026\\\/01\\\/logo_0501.jpg\",\"width\":500,\"height\":275},{\"@type\":\"BreadcrumbList\",\"@id\":\"https:\\\/\\\/fuentesfidedignas.com.mx\\\/index.php\\\/2026\\\/01\\\/05\\\/el-arte-tambien-es-resistencia-adrian-varela-inaugura-el-2026-en-logocomic-por-radio-artesana\\\/#breadcrumb\",\"itemListElement\":[{\"@type\":\"ListItem\",\"position\":1,\"name\":\"Inicio\",\"item\":\"https:\\\/\\\/fuentesfidedignas.com.mx\\\/\"},{\"@type\":\"ListItem\",\"position\":2,\"name\":\"\u201cEl arte tambi\u00e9n es resistencia\u201d | Adri\u00e1n Varela inaugura el 2026 en LogoC\u00f3mic por Radio Artesana\"}]},{\"@type\":\"WebSite\",\"@id\":\"https:\\\/\\\/fuentesfidedignas.com.mx\\\/#website\",\"url\":\"https:\\\/\\\/fuentesfidedignas.com.mx\\\/\",\"name\":\"Fuentes Fidedignas\",\"description\":\"Otro sitio realizado con WordPress\",\"publisher\":{\"@id\":\"https:\\\/\\\/fuentesfidedignas.com.mx\\\/#organization\"},\"potentialAction\":[{\"@type\":\"SearchAction\",\"target\":{\"@type\":\"EntryPoint\",\"urlTemplate\":\"https:\\\/\\\/fuentesfidedignas.com.mx\\\/?s={search_term_string}\"},\"query-input\":{\"@type\":\"PropertyValueSpecification\",\"valueRequired\":true,\"valueName\":\"search_term_string\"}}],\"inLanguage\":\"es\"},{\"@type\":\"Organization\",\"@id\":\"https:\\\/\\\/fuentesfidedignas.com.mx\\\/#organization\",\"name\":\"Fuentes Fidedignas\",\"url\":\"https:\\\/\\\/fuentesfidedignas.com.mx\\\/\",\"logo\":{\"@type\":\"ImageObject\",\"inLanguage\":\"es\",\"@id\":\"https:\\\/\\\/fuentesfidedignas.com.mx\\\/#\\\/schema\\\/logo\\\/image\\\/\",\"url\":\"https:\\\/\\\/fuentesfidedignas.com.mx\\\/wp-content\\\/uploads\\\/2021\\\/04\\\/logo-retina.png\",\"contentUrl\":\"https:\\\/\\\/fuentesfidedignas.com.mx\\\/wp-content\\\/uploads\\\/2021\\\/04\\\/logo-retina.png\",\"width\":280,\"height\":51,\"caption\":\"Fuentes Fidedignas\"},\"image\":{\"@id\":\"https:\\\/\\\/fuentesfidedignas.com.mx\\\/#\\\/schema\\\/logo\\\/image\\\/\"},\"sameAs\":[\"https:\\\/\\\/www.facebook.com\\\/Fuentes-Fidedignas-368234489921644\",\"https:\\\/\\\/x.com\\\/fidedignas\"]},{\"@type\":\"Person\",\"@id\":\"https:\\\/\\\/fuentesfidedignas.com.mx\\\/#\\\/schema\\\/person\\\/a4e2898d4dca7bbeb0a2f77bb90f4817\",\"name\":\"Luis \u00c1ngel Rivera Ayala\",\"image\":{\"@type\":\"ImageObject\",\"inLanguage\":\"es\",\"@id\":\"https:\\\/\\\/fuentesfidedignas.com.mx\\\/wp-content\\\/uploads\\\/2025\\\/02\\\/Luis_Angel-2025-removebg-preview-150x150.png\",\"url\":\"https:\\\/\\\/fuentesfidedignas.com.mx\\\/wp-content\\\/uploads\\\/2025\\\/02\\\/Luis_Angel-2025-removebg-preview-150x150.png\",\"contentUrl\":\"https:\\\/\\\/fuentesfidedignas.com.mx\\\/wp-content\\\/uploads\\\/2025\\\/02\\\/Luis_Angel-2025-removebg-preview-150x150.png\",\"caption\":\"Luis \u00c1ngel Rivera Ayala\"},\"url\":\"https:\\\/\\\/fuentesfidedignas.com.mx\\\/index.php\\\/author\\\/luisar\\\/\"}]}<\/script>\n<!-- \/ Yoast SEO plugin. -->","yoast_head_json":{"title":"\u201cEl arte tambi\u00e9n es resistencia\u201d | Adri\u00e1n Varela inaugura el 2026 en LogoC\u00f3mic por Radio Artesana - Fuentes Fidedignas","robots":{"index":"index","follow":"follow","max-snippet":"max-snippet:-1","max-image-preview":"max-image-preview:large","max-video-preview":"max-video-preview:-1"},"canonical":"https:\/\/fuentesfidedignas.com.mx\/index.php\/2026\/01\/05\/el-arte-tambien-es-resistencia-adrian-varela-inaugura-el-2026-en-logocomic-por-radio-artesana\/","og_locale":"es_MX","og_type":"article","og_title":"\u201cEl arte tambi\u00e9n es resistencia\u201d | Adri\u00e1n Varela inaugura el 2026 en LogoC\u00f3mic por Radio Artesana - Fuentes Fidedignas","og_description":"Arrancamos el 2026 con un programa especial y profundamente significativo. En el episodio 1 -en este 2026- de LogoC\u00f3mic en Radio Artesana 106.5 FM, damos inicio a un nuevo ciclo con una entrevista exclusiva al cantante sinaloense Adri\u00e1n Varela, reciente Premio ASES de Oro al M\u00e9rito Art\u00edstico, en una charla \u00edntima, honesta y luminosa grabada [&hellip;]","og_url":"https:\/\/fuentesfidedignas.com.mx\/index.php\/2026\/01\/05\/el-arte-tambien-es-resistencia-adrian-varela-inaugura-el-2026-en-logocomic-por-radio-artesana\/","og_site_name":"Fuentes Fidedignas","article_publisher":"https:\/\/www.facebook.com\/Fuentes-Fidedignas-368234489921644","article_published_time":"2026-01-05T14:13:51+00:00","article_modified_time":"2026-01-05T14:13:58+00:00","og_image":[{"width":500,"height":275,"url":"https:\/\/fuentesfidedignas.com.mx\/wp-content\/uploads\/2026\/01\/logo_0501.jpg","type":"image\/jpeg"}],"author":"Luis \u00c1ngel Rivera Ayala","twitter_card":"summary_large_image","twitter_creator":"@fidedignas","twitter_site":"@fidedignas","twitter_misc":{"Escrito por":"Luis \u00c1ngel Rivera Ayala","Tiempo de lectura":"1 minuto"},"schema":{"@context":"https:\/\/schema.org","@graph":[{"@type":"Article","@id":"https:\/\/fuentesfidedignas.com.mx\/index.php\/2026\/01\/05\/el-arte-tambien-es-resistencia-adrian-varela-inaugura-el-2026-en-logocomic-por-radio-artesana\/#article","isPartOf":{"@id":"https:\/\/fuentesfidedignas.com.mx\/index.php\/2026\/01\/05\/el-arte-tambien-es-resistencia-adrian-varela-inaugura-el-2026-en-logocomic-por-radio-artesana\/"},"author":{"name":"Luis \u00c1ngel Rivera Ayala","@id":"https:\/\/fuentesfidedignas.com.mx\/#\/schema\/person\/a4e2898d4dca7bbeb0a2f77bb90f4817"},"headline":"\u201cEl arte tambi\u00e9n es resistencia\u201d | Adri\u00e1n Varela inaugura el 2026 en LogoC\u00f3mic por Radio Artesana","datePublished":"2026-01-05T14:13:51+00:00","dateModified":"2026-01-05T14:13:58+00:00","mainEntityOfPage":{"@id":"https:\/\/fuentesfidedignas.com.mx\/index.php\/2026\/01\/05\/el-arte-tambien-es-resistencia-adrian-varela-inaugura-el-2026-en-logocomic-por-radio-artesana\/"},"wordCount":177,"commentCount":0,"publisher":{"@id":"https:\/\/fuentesfidedignas.com.mx\/#organization"},"image":{"@id":"https:\/\/fuentesfidedignas.com.mx\/index.php\/2026\/01\/05\/el-arte-tambien-es-resistencia-adrian-varela-inaugura-el-2026-en-logocomic-por-radio-artesana\/#primaryimage"},"thumbnailUrl":"https:\/\/fuentesfidedignas.com.mx\/wp-content\/uploads\/2026\/01\/logo_0501.jpg","articleSection":["RULETEANDO"],"inLanguage":"es","potentialAction":[{"@type":"CommentAction","name":"Comment","target":["https:\/\/fuentesfidedignas.com.mx\/index.php\/2026\/01\/05\/el-arte-tambien-es-resistencia-adrian-varela-inaugura-el-2026-en-logocomic-por-radio-artesana\/#respond"]}]},{"@type":"WebPage","@id":"https:\/\/fuentesfidedignas.com.mx\/index.php\/2026\/01\/05\/el-arte-tambien-es-resistencia-adrian-varela-inaugura-el-2026-en-logocomic-por-radio-artesana\/","url":"https:\/\/fuentesfidedignas.com.mx\/index.php\/2026\/01\/05\/el-arte-tambien-es-resistencia-adrian-varela-inaugura-el-2026-en-logocomic-por-radio-artesana\/","name":"\u201cEl arte tambi\u00e9n es resistencia\u201d | Adri\u00e1n Varela inaugura el 2026 en LogoC\u00f3mic por Radio Artesana - Fuentes Fidedignas","isPartOf":{"@id":"https:\/\/fuentesfidedignas.com.mx\/#website"},"primaryImageOfPage":{"@id":"https:\/\/fuentesfidedignas.com.mx\/index.php\/2026\/01\/05\/el-arte-tambien-es-resistencia-adrian-varela-inaugura-el-2026-en-logocomic-por-radio-artesana\/#primaryimage"},"image":{"@id":"https:\/\/fuentesfidedignas.com.mx\/index.php\/2026\/01\/05\/el-arte-tambien-es-resistencia-adrian-varela-inaugura-el-2026-en-logocomic-por-radio-artesana\/#primaryimage"},"thumbnailUrl":"https:\/\/fuentesfidedignas.com.mx\/wp-content\/uploads\/2026\/01\/logo_0501.jpg","datePublished":"2026-01-05T14:13:51+00:00","dateModified":"2026-01-05T14:13:58+00:00","breadcrumb":{"@id":"https:\/\/fuentesfidedignas.com.mx\/index.php\/2026\/01\/05\/el-arte-tambien-es-resistencia-adrian-varela-inaugura-el-2026-en-logocomic-por-radio-artesana\/#breadcrumb"},"inLanguage":"es","potentialAction":[{"@type":"ReadAction","target":["https:\/\/fuentesfidedignas.com.mx\/index.php\/2026\/01\/05\/el-arte-tambien-es-resistencia-adrian-varela-inaugura-el-2026-en-logocomic-por-radio-artesana\/"]}]},{"@type":"ImageObject","inLanguage":"es","@id":"https:\/\/fuentesfidedignas.com.mx\/index.php\/2026\/01\/05\/el-arte-tambien-es-resistencia-adrian-varela-inaugura-el-2026-en-logocomic-por-radio-artesana\/#primaryimage","url":"https:\/\/fuentesfidedignas.com.mx\/wp-content\/uploads\/2026\/01\/logo_0501.jpg","contentUrl":"https:\/\/fuentesfidedignas.com.mx\/wp-content\/uploads\/2026\/01\/logo_0501.jpg","width":500,"height":275},{"@type":"BreadcrumbList","@id":"https:\/\/fuentesfidedignas.com.mx\/index.php\/2026\/01\/05\/el-arte-tambien-es-resistencia-adrian-varela-inaugura-el-2026-en-logocomic-por-radio-artesana\/#breadcrumb","itemListElement":[{"@type":"ListItem","position":1,"name":"Inicio","item":"https:\/\/fuentesfidedignas.com.mx\/"},{"@type":"ListItem","position":2,"name":"\u201cEl arte tambi\u00e9n es resistencia\u201d | Adri\u00e1n Varela inaugura el 2026 en LogoC\u00f3mic por Radio Artesana"}]},{"@type":"WebSite","@id":"https:\/\/fuentesfidedignas.com.mx\/#website","url":"https:\/\/fuentesfidedignas.com.mx\/","name":"Fuentes Fidedignas","description":"Otro sitio realizado con WordPress","publisher":{"@id":"https:\/\/fuentesfidedignas.com.mx\/#organization"},"potentialAction":[{"@type":"SearchAction","target":{"@type":"EntryPoint","urlTemplate":"https:\/\/fuentesfidedignas.com.mx\/?s={search_term_string}"},"query-input":{"@type":"PropertyValueSpecification","valueRequired":true,"valueName":"search_term_string"}}],"inLanguage":"es"},{"@type":"Organization","@id":"https:\/\/fuentesfidedignas.com.mx\/#organization","name":"Fuentes Fidedignas","url":"https:\/\/fuentesfidedignas.com.mx\/","logo":{"@type":"ImageObject","inLanguage":"es","@id":"https:\/\/fuentesfidedignas.com.mx\/#\/schema\/logo\/image\/","url":"https:\/\/fuentesfidedignas.com.mx\/wp-content\/uploads\/2021\/04\/logo-retina.png","contentUrl":"https:\/\/fuentesfidedignas.com.mx\/wp-content\/uploads\/2021\/04\/logo-retina.png","width":280,"height":51,"caption":"Fuentes Fidedignas"},"image":{"@id":"https:\/\/fuentesfidedignas.com.mx\/#\/schema\/logo\/image\/"},"sameAs":["https:\/\/www.facebook.com\/Fuentes-Fidedignas-368234489921644","https:\/\/x.com\/fidedignas"]},{"@type":"Person","@id":"https:\/\/fuentesfidedignas.com.mx\/#\/schema\/person\/a4e2898d4dca7bbeb0a2f77bb90f4817","name":"Luis \u00c1ngel Rivera Ayala","image":{"@type":"ImageObject","inLanguage":"es","@id":"https:\/\/fuentesfidedignas.com.mx\/wp-content\/uploads\/2025\/02\/Luis_Angel-2025-removebg-preview-150x150.png","url":"https:\/\/fuentesfidedignas.com.mx\/wp-content\/uploads\/2025\/02\/Luis_Angel-2025-removebg-preview-150x150.png","contentUrl":"https:\/\/fuentesfidedignas.com.mx\/wp-content\/uploads\/2025\/02\/Luis_Angel-2025-removebg-preview-150x150.png","caption":"Luis \u00c1ngel Rivera Ayala"},"url":"https:\/\/fuentesfidedignas.com.mx\/index.php\/author\/luisar\/"}]}},"_links":{"self":[{"href":"https:\/\/fuentesfidedignas.com.mx\/index.php\/wp-json\/wp\/v2\/posts\/124663","targetHints":{"allow":["GET"]}}],"collection":[{"href":"https:\/\/fuentesfidedignas.com.mx\/index.php\/wp-json\/wp\/v2\/posts"}],"about":[{"href":"https:\/\/fuentesfidedignas.com.mx\/index.php\/wp-json\/wp\/v2\/types\/post"}],"author":[{"embeddable":true,"href":"https:\/\/fuentesfidedignas.com.mx\/index.php\/wp-json\/wp\/v2\/users\/139"}],"replies":[{"embeddable":true,"href":"https:\/\/fuentesfidedignas.com.mx\/index.php\/wp-json\/wp\/v2\/comments?post=124663"}],"version-history":[{"count":1,"href":"https:\/\/fuentesfidedignas.com.mx\/index.php\/wp-json\/wp\/v2\/posts\/124663\/revisions"}],"predecessor-version":[{"id":124665,"href":"https:\/\/fuentesfidedignas.com.mx\/index.php\/wp-json\/wp\/v2\/posts\/124663\/revisions\/124665"}],"wp:featuredmedia":[{"embeddable":true,"href":"https:\/\/fuentesfidedignas.com.mx\/index.php\/wp-json\/wp\/v2\/media\/124664"}],"wp:attachment":[{"href":"https:\/\/fuentesfidedignas.com.mx\/index.php\/wp-json\/wp\/v2\/media?parent=124663"}],"wp:term":[{"taxonomy":"category","embeddable":true,"href":"https:\/\/fuentesfidedignas.com.mx\/index.php\/wp-json\/wp\/v2\/categories?post=124663"},{"taxonomy":"post_tag","embeddable":true,"href":"https:\/\/fuentesfidedignas.com.mx\/index.php\/wp-json\/wp\/v2\/tags?post=124663"}],"curies":[{"name":"wp","href":"https:\/\/api.w.org\/{rel}","templated":true}]}}