{"id":124636,"date":"2026-01-04T13:45:43","date_gmt":"2026-01-04T20:45:43","guid":{"rendered":"https:\/\/fuentesfidedignas.com.mx\/?p=124636"},"modified":"2026-01-04T13:45:43","modified_gmt":"2026-01-04T20:45:43","slug":"un-cobarde-secuestro-padrino-dice-que-equipo-de-seguridad-de-maduro-fue-asesinado-a-sangre-fria","status":"publish","type":"post","link":"https:\/\/fuentesfidedignas.com.mx\/index.php\/2026\/01\/04\/un-cobarde-secuestro-padrino-dice-que-equipo-de-seguridad-de-maduro-fue-asesinado-a-sangre-fria\/","title":{"rendered":"\u2018Un cobarde secuestro\u2019: Padrino dice que equipo de seguridad de Maduro fue asesinado a sangre fr\u00eda"},"content":{"rendered":"\n<p><strong><em>El l\u00edder de las Fuerzas Armadas de Venezuela, asegur\u00f3 que la detenci\u00f3n de Nicol\u00e1s Maduro es un secuestro que se llev\u00f3 a cabo en medio de asesinatos a sangre fr\u00eda contra la guardia presidencial<\/em><\/strong><\/p>\n\n\n\n<p>El ministro de Defensa de Venezuela, Vladimir Padrino L\u00f3pez, rechaz\u00f3 este domingo la captura del presidente venezolano, Nicol\u00e1s Maduro, que tach\u00f3 como \u201ccobarde secuestro\u201d y afirm\u00f3, al leer un comunicado de la Fuerza Armada Nacional Bolivariana (FANB), que ocurri\u00f3 \u201cluego de asesinar a sangre fr\u00eda a gran parte de su equipo de seguridad\u201d.<\/p>\n\n\n\n<p>Maduro fue capturado el s\u00e1bado 3 de enero junto a su esposa, Cilia Flores, por fuerzas estadounidenses tras ataques en Caracas y otras ciudades de Venezuela.<\/p>\n\n\n\n<p>Vladimir Padrino L\u00f3pez dijo este domingo que el presidente \u201cconstitucional\u201d de su pa\u00eds es Nicol\u00e1s Maduro, y anunci\u00f3 su pleno respaldo al estado de conmoci\u00f3n exterior declarado en la v\u00edspera y que otorga al Estado facultades especiales para tomar medidas en situaciones de conflicto.<\/p>\n\n\n\n<p>\u201cExigimos la pronta liberaci\u00f3n de nuestro comandante en jefe\u201d, dijo el ministro en la televisi\u00f3n estatal VTV y asegur\u00f3 que \u201cel presidente Nicol\u00e1s Maduro\u201d es \u201cel aut\u00e9ntico y genuino l\u00edder constitucional de todos los venezolanos\u201d.<\/p>\n\n\n\n<p><strong>EU plantea trabajar con la vicepresidenta Delcy Rodr\u00edguez<\/strong><\/p>\n\n\n\n<p>En tanto, el secretario de Estado de EU, Marco Rubio, asegur\u00f3 este domingo que Delcy Rodr\u00edguez, vicepresidenta de Venezuela, es alguien con quien s\u00ed se puede negociar, a diferencia de Nicol\u00e1s Maduro, quien romp\u00eda cualquier acuerdo establecido con Estados Unidos.<\/p>\n\n\n\n<p>\u201cLa diferencia es que la persona que estaba a cargo (Maduro), aunque no leg\u00edtimamente en el pasado, no era alguien con quien se pudiera trabajar. Simplemente no pod\u00edamos trabajar con \u00e9l\u201d, manifest\u00f3 Rubio al canal CBS.<\/p>\n\n\n\n<p class=\"c-paragraph\">\u201c\u00c9l no es una persona que alguna vez haya cumplido alguno de los acuerdos que hizo\u201d, manifest\u00f3 el secretario.<\/p>\n\n\n\n<p class=\"c-paragraph\">\u201cRompi\u00f3 todos los acuerdos que hizo,&nbsp;<strong>se burl\u00f3 de la Administraci\u00f3n Biden<\/strong>&nbsp;(2021-2024) con el acuerdo que hicieron con \u00e9l\u201d, agreg\u00f3.<\/p>\n\n\n\n<h2 class=\"wp-block-heading b-article-body__h2\">Maduro rechaz\u00f3 opciones de EU<\/h2>\n\n\n\n<p class=\"c-paragraph\">Rubio manifest\u00f3 que Estados Unidos, que captur\u00f3 ayer a Maduro en Caracas y lo llev\u00f3 a una&nbsp;<strong>prisi\u00f3n en Nueva York<\/strong>, en la que enfrenta cargos de narcotr\u00e1fico, le ofreci\u00f3 \u201cm\u00faltiples ocasiones la oportunidad de retirarse de la escena de manera positiva\u201d.<\/p>\n\n\n\n<p class=\"c-paragraph\">El republicano recalc\u00f3 que el l\u00edder chavista \u201celigi\u00f3 no hacerlo, pero su n\u00famero dos (Rodr\u00edguez) ahora dirige el pa\u00eds\u201d.<\/p>\n","protected":false},"excerpt":{"rendered":"<p>El l\u00edder de las Fuerzas Armadas de Venezuela, asegur\u00f3 que la detenci\u00f3n de Nicol\u00e1s Maduro es un secuestro que se llev\u00f3 a cabo en medio de asesinatos a sangre fr\u00eda contra la guardia presidencial El ministro de Defensa de Venezuela, Vladimir Padrino L\u00f3pez, rechaz\u00f3 este domingo la captura del presidente venezolano, Nicol\u00e1s Maduro, que tach\u00f3 [&hellip;]<\/p>\n","protected":false},"author":22,"featured_media":124635,"comment_status":"closed","ping_status":"open","sticky":false,"template":"","format":"standard","meta":{"tdm_status":"","tdm_grid_status":"","footnotes":""},"categories":[39],"tags":[],"class_list":{"0":"post-124636","1":"post","2":"type-post","3":"status-publish","4":"format-standard","5":"has-post-thumbnail","7":"category-noticias-nacionales"},"yoast_head":"<!-- This site is optimized with the Yoast SEO plugin v27.5 - https:\/\/yoast.com\/product\/yoast-seo-wordpress\/ -->\n<title>\u2018Un cobarde secuestro\u2019: Padrino dice que equipo de seguridad de Maduro fue asesinado a sangre fr\u00eda - Fuentes Fidedignas<\/title>\n<meta name=\"robots\" content=\"index, follow, max-snippet:-1, max-image-preview:large, max-video-preview:-1\" \/>\n<link rel=\"canonical\" href=\"https:\/\/fuentesfidedignas.com.mx\/index.php\/2026\/01\/04\/un-cobarde-secuestro-padrino-dice-que-equipo-de-seguridad-de-maduro-fue-asesinado-a-sangre-fria\/\" \/>\n<meta property=\"og:locale\" content=\"es_MX\" \/>\n<meta property=\"og:type\" content=\"article\" \/>\n<meta property=\"og:title\" content=\"\u2018Un cobarde secuestro\u2019: Padrino dice que equipo de seguridad de Maduro fue asesinado a sangre fr\u00eda - Fuentes Fidedignas\" \/>\n<meta property=\"og:description\" content=\"El l\u00edder de las Fuerzas Armadas de Venezuela, asegur\u00f3 que la detenci\u00f3n de Nicol\u00e1s Maduro es un secuestro que se llev\u00f3 a cabo en medio de asesinatos a sangre fr\u00eda contra la guardia presidencial El ministro de Defensa de Venezuela, Vladimir Padrino L\u00f3pez, rechaz\u00f3 este domingo la captura del presidente venezolano, Nicol\u00e1s Maduro, que tach\u00f3 [&hellip;]\" \/>\n<meta property=\"og:url\" content=\"https:\/\/fuentesfidedignas.com.mx\/index.php\/2026\/01\/04\/un-cobarde-secuestro-padrino-dice-que-equipo-de-seguridad-de-maduro-fue-asesinado-a-sangre-fria\/\" \/>\n<meta property=\"og:site_name\" content=\"Fuentes Fidedignas\" \/>\n<meta property=\"article:publisher\" content=\"https:\/\/www.facebook.com\/Fuentes-Fidedignas-368234489921644\" \/>\n<meta property=\"article:published_time\" content=\"2026-01-04T20:45:43+00:00\" \/>\n<meta property=\"og:image\" content=\"https:\/\/fuentesfidedignas.com.mx\/wp-content\/uploads\/2026\/01\/img_9699.jpg\" \/>\n\t<meta property=\"og:image:width\" content=\"600\" \/>\n\t<meta property=\"og:image:height\" content=\"337\" \/>\n\t<meta property=\"og:image:type\" content=\"image\/jpeg\" \/>\n<meta name=\"author\" content=\"EFE\" \/>\n<meta name=\"twitter:card\" content=\"summary_large_image\" \/>\n<meta name=\"twitter:creator\" content=\"@fidedignas\" \/>\n<meta name=\"twitter:site\" content=\"@fidedignas\" \/>\n<meta name=\"twitter:label1\" content=\"Escrito por\" \/>\n\t<meta name=\"twitter:data1\" content=\"EFE\" \/>\n\t<meta name=\"twitter:label2\" content=\"Tiempo de lectura\" \/>\n\t<meta name=\"twitter:data2\" content=\"2 minutos\" \/>\n<script type=\"application\/ld+json\" class=\"yoast-schema-graph\">{\"@context\":\"https:\\\/\\\/schema.org\",\"@graph\":[{\"@type\":\"Article\",\"@id\":\"https:\\\/\\\/fuentesfidedignas.com.mx\\\/index.php\\\/2026\\\/01\\\/04\\\/un-cobarde-secuestro-padrino-dice-que-equipo-de-seguridad-de-maduro-fue-asesinado-a-sangre-fria\\\/#article\",\"isPartOf\":{\"@id\":\"https:\\\/\\\/fuentesfidedignas.com.mx\\\/index.php\\\/2026\\\/01\\\/04\\\/un-cobarde-secuestro-padrino-dice-que-equipo-de-seguridad-de-maduro-fue-asesinado-a-sangre-fria\\\/\"},\"author\":{\"name\":\"EFE\",\"@id\":\"https:\\\/\\\/fuentesfidedignas.com.mx\\\/#\\\/schema\\\/person\\\/0d44615087b5a626d5d3f13afe31ac41\"},\"headline\":\"\u2018Un cobarde secuestro\u2019: Padrino dice que equipo de seguridad de Maduro fue asesinado a sangre fr\u00eda\",\"datePublished\":\"2026-01-04T20:45:43+00:00\",\"mainEntityOfPage\":{\"@id\":\"https:\\\/\\\/fuentesfidedignas.com.mx\\\/index.php\\\/2026\\\/01\\\/04\\\/un-cobarde-secuestro-padrino-dice-que-equipo-de-seguridad-de-maduro-fue-asesinado-a-sangre-fria\\\/\"},\"wordCount\":433,\"publisher\":{\"@id\":\"https:\\\/\\\/fuentesfidedignas.com.mx\\\/#organization\"},\"image\":{\"@id\":\"https:\\\/\\\/fuentesfidedignas.com.mx\\\/index.php\\\/2026\\\/01\\\/04\\\/un-cobarde-secuestro-padrino-dice-que-equipo-de-seguridad-de-maduro-fue-asesinado-a-sangre-fria\\\/#primaryimage\"},\"thumbnailUrl\":\"https:\\\/\\\/fuentesfidedignas.com.mx\\\/wp-content\\\/uploads\\\/2026\\\/01\\\/img_9699.jpg\",\"articleSection\":[\"NOTICIAS NACIONALES\"],\"inLanguage\":\"es\"},{\"@type\":\"WebPage\",\"@id\":\"https:\\\/\\\/fuentesfidedignas.com.mx\\\/index.php\\\/2026\\\/01\\\/04\\\/un-cobarde-secuestro-padrino-dice-que-equipo-de-seguridad-de-maduro-fue-asesinado-a-sangre-fria\\\/\",\"url\":\"https:\\\/\\\/fuentesfidedignas.com.mx\\\/index.php\\\/2026\\\/01\\\/04\\\/un-cobarde-secuestro-padrino-dice-que-equipo-de-seguridad-de-maduro-fue-asesinado-a-sangre-fria\\\/\",\"name\":\"\u2018Un cobarde secuestro\u2019: Padrino dice que equipo de seguridad de Maduro fue asesinado a sangre fr\u00eda - Fuentes Fidedignas\",\"isPartOf\":{\"@id\":\"https:\\\/\\\/fuentesfidedignas.com.mx\\\/#website\"},\"primaryImageOfPage\":{\"@id\":\"https:\\\/\\\/fuentesfidedignas.com.mx\\\/index.php\\\/2026\\\/01\\\/04\\\/un-cobarde-secuestro-padrino-dice-que-equipo-de-seguridad-de-maduro-fue-asesinado-a-sangre-fria\\\/#primaryimage\"},\"image\":{\"@id\":\"https:\\\/\\\/fuentesfidedignas.com.mx\\\/index.php\\\/2026\\\/01\\\/04\\\/un-cobarde-secuestro-padrino-dice-que-equipo-de-seguridad-de-maduro-fue-asesinado-a-sangre-fria\\\/#primaryimage\"},\"thumbnailUrl\":\"https:\\\/\\\/fuentesfidedignas.com.mx\\\/wp-content\\\/uploads\\\/2026\\\/01\\\/img_9699.jpg\",\"datePublished\":\"2026-01-04T20:45:43+00:00\",\"breadcrumb\":{\"@id\":\"https:\\\/\\\/fuentesfidedignas.com.mx\\\/index.php\\\/2026\\\/01\\\/04\\\/un-cobarde-secuestro-padrino-dice-que-equipo-de-seguridad-de-maduro-fue-asesinado-a-sangre-fria\\\/#breadcrumb\"},\"inLanguage\":\"es\",\"potentialAction\":[{\"@type\":\"ReadAction\",\"target\":[\"https:\\\/\\\/fuentesfidedignas.com.mx\\\/index.php\\\/2026\\\/01\\\/04\\\/un-cobarde-secuestro-padrino-dice-que-equipo-de-seguridad-de-maduro-fue-asesinado-a-sangre-fria\\\/\"]}]},{\"@type\":\"ImageObject\",\"inLanguage\":\"es\",\"@id\":\"https:\\\/\\\/fuentesfidedignas.com.mx\\\/index.php\\\/2026\\\/01\\\/04\\\/un-cobarde-secuestro-padrino-dice-que-equipo-de-seguridad-de-maduro-fue-asesinado-a-sangre-fria\\\/#primaryimage\",\"url\":\"https:\\\/\\\/fuentesfidedignas.com.mx\\\/wp-content\\\/uploads\\\/2026\\\/01\\\/img_9699.jpg\",\"contentUrl\":\"https:\\\/\\\/fuentesfidedignas.com.mx\\\/wp-content\\\/uploads\\\/2026\\\/01\\\/img_9699.jpg\",\"width\":600,\"height\":337},{\"@type\":\"BreadcrumbList\",\"@id\":\"https:\\\/\\\/fuentesfidedignas.com.mx\\\/index.php\\\/2026\\\/01\\\/04\\\/un-cobarde-secuestro-padrino-dice-que-equipo-de-seguridad-de-maduro-fue-asesinado-a-sangre-fria\\\/#breadcrumb\",\"itemListElement\":[{\"@type\":\"ListItem\",\"position\":1,\"name\":\"Inicio\",\"item\":\"https:\\\/\\\/fuentesfidedignas.com.mx\\\/\"},{\"@type\":\"ListItem\",\"position\":2,\"name\":\"\u2018Un cobarde secuestro\u2019: Padrino dice que equipo de seguridad de Maduro fue asesinado a sangre fr\u00eda\"}]},{\"@type\":\"WebSite\",\"@id\":\"https:\\\/\\\/fuentesfidedignas.com.mx\\\/#website\",\"url\":\"https:\\\/\\\/fuentesfidedignas.com.mx\\\/\",\"name\":\"Fuentes Fidedignas\",\"description\":\"Otro sitio realizado con WordPress\",\"publisher\":{\"@id\":\"https:\\\/\\\/fuentesfidedignas.com.mx\\\/#organization\"},\"potentialAction\":[{\"@type\":\"SearchAction\",\"target\":{\"@type\":\"EntryPoint\",\"urlTemplate\":\"https:\\\/\\\/fuentesfidedignas.com.mx\\\/?s={search_term_string}\"},\"query-input\":{\"@type\":\"PropertyValueSpecification\",\"valueRequired\":true,\"valueName\":\"search_term_string\"}}],\"inLanguage\":\"es\"},{\"@type\":\"Organization\",\"@id\":\"https:\\\/\\\/fuentesfidedignas.com.mx\\\/#organization\",\"name\":\"Fuentes Fidedignas\",\"url\":\"https:\\\/\\\/fuentesfidedignas.com.mx\\\/\",\"logo\":{\"@type\":\"ImageObject\",\"inLanguage\":\"es\",\"@id\":\"https:\\\/\\\/fuentesfidedignas.com.mx\\\/#\\\/schema\\\/logo\\\/image\\\/\",\"url\":\"https:\\\/\\\/fuentesfidedignas.com.mx\\\/wp-content\\\/uploads\\\/2021\\\/04\\\/logo-retina.png\",\"contentUrl\":\"https:\\\/\\\/fuentesfidedignas.com.mx\\\/wp-content\\\/uploads\\\/2021\\\/04\\\/logo-retina.png\",\"width\":280,\"height\":51,\"caption\":\"Fuentes Fidedignas\"},\"image\":{\"@id\":\"https:\\\/\\\/fuentesfidedignas.com.mx\\\/#\\\/schema\\\/logo\\\/image\\\/\"},\"sameAs\":[\"https:\\\/\\\/www.facebook.com\\\/Fuentes-Fidedignas-368234489921644\",\"https:\\\/\\\/x.com\\\/fidedignas\"]},{\"@type\":\"Person\",\"@id\":\"https:\\\/\\\/fuentesfidedignas.com.mx\\\/#\\\/schema\\\/person\\\/0d44615087b5a626d5d3f13afe31ac41\",\"name\":\"EFE\",\"image\":{\"@type\":\"ImageObject\",\"inLanguage\":\"es\",\"@id\":\"https:\\\/\\\/secure.gravatar.com\\\/avatar\\\/7048c2d9b569d9bed55bb53ad23821e6e047aa66338fb6ea9868627bbb9f54e8?s=96&d=mm&r=g\",\"url\":\"https:\\\/\\\/secure.gravatar.com\\\/avatar\\\/7048c2d9b569d9bed55bb53ad23821e6e047aa66338fb6ea9868627bbb9f54e8?s=96&d=mm&r=g\",\"contentUrl\":\"https:\\\/\\\/secure.gravatar.com\\\/avatar\\\/7048c2d9b569d9bed55bb53ad23821e6e047aa66338fb6ea9868627bbb9f54e8?s=96&d=mm&r=g\",\"caption\":\"EFE\"},\"url\":\"https:\\\/\\\/fuentesfidedignas.com.mx\\\/index.php\\\/author\\\/efe\\\/\"}]}<\/script>\n<!-- \/ Yoast SEO plugin. -->","yoast_head_json":{"title":"\u2018Un cobarde secuestro\u2019: Padrino dice que equipo de seguridad de Maduro fue asesinado a sangre fr\u00eda - Fuentes Fidedignas","robots":{"index":"index","follow":"follow","max-snippet":"max-snippet:-1","max-image-preview":"max-image-preview:large","max-video-preview":"max-video-preview:-1"},"canonical":"https:\/\/fuentesfidedignas.com.mx\/index.php\/2026\/01\/04\/un-cobarde-secuestro-padrino-dice-que-equipo-de-seguridad-de-maduro-fue-asesinado-a-sangre-fria\/","og_locale":"es_MX","og_type":"article","og_title":"\u2018Un cobarde secuestro\u2019: Padrino dice que equipo de seguridad de Maduro fue asesinado a sangre fr\u00eda - Fuentes Fidedignas","og_description":"El l\u00edder de las Fuerzas Armadas de Venezuela, asegur\u00f3 que la detenci\u00f3n de Nicol\u00e1s Maduro es un secuestro que se llev\u00f3 a cabo en medio de asesinatos a sangre fr\u00eda contra la guardia presidencial El ministro de Defensa de Venezuela, Vladimir Padrino L\u00f3pez, rechaz\u00f3 este domingo la captura del presidente venezolano, Nicol\u00e1s Maduro, que tach\u00f3 [&hellip;]","og_url":"https:\/\/fuentesfidedignas.com.mx\/index.php\/2026\/01\/04\/un-cobarde-secuestro-padrino-dice-que-equipo-de-seguridad-de-maduro-fue-asesinado-a-sangre-fria\/","og_site_name":"Fuentes Fidedignas","article_publisher":"https:\/\/www.facebook.com\/Fuentes-Fidedignas-368234489921644","article_published_time":"2026-01-04T20:45:43+00:00","og_image":[{"width":600,"height":337,"url":"https:\/\/fuentesfidedignas.com.mx\/wp-content\/uploads\/2026\/01\/img_9699.jpg","type":"image\/jpeg"}],"author":"EFE","twitter_card":"summary_large_image","twitter_creator":"@fidedignas","twitter_site":"@fidedignas","twitter_misc":{"Escrito por":"EFE","Tiempo de lectura":"2 minutos"},"schema":{"@context":"https:\/\/schema.org","@graph":[{"@type":"Article","@id":"https:\/\/fuentesfidedignas.com.mx\/index.php\/2026\/01\/04\/un-cobarde-secuestro-padrino-dice-que-equipo-de-seguridad-de-maduro-fue-asesinado-a-sangre-fria\/#article","isPartOf":{"@id":"https:\/\/fuentesfidedignas.com.mx\/index.php\/2026\/01\/04\/un-cobarde-secuestro-padrino-dice-que-equipo-de-seguridad-de-maduro-fue-asesinado-a-sangre-fria\/"},"author":{"name":"EFE","@id":"https:\/\/fuentesfidedignas.com.mx\/#\/schema\/person\/0d44615087b5a626d5d3f13afe31ac41"},"headline":"\u2018Un cobarde secuestro\u2019: Padrino dice que equipo de seguridad de Maduro fue asesinado a sangre fr\u00eda","datePublished":"2026-01-04T20:45:43+00:00","mainEntityOfPage":{"@id":"https:\/\/fuentesfidedignas.com.mx\/index.php\/2026\/01\/04\/un-cobarde-secuestro-padrino-dice-que-equipo-de-seguridad-de-maduro-fue-asesinado-a-sangre-fria\/"},"wordCount":433,"publisher":{"@id":"https:\/\/fuentesfidedignas.com.mx\/#organization"},"image":{"@id":"https:\/\/fuentesfidedignas.com.mx\/index.php\/2026\/01\/04\/un-cobarde-secuestro-padrino-dice-que-equipo-de-seguridad-de-maduro-fue-asesinado-a-sangre-fria\/#primaryimage"},"thumbnailUrl":"https:\/\/fuentesfidedignas.com.mx\/wp-content\/uploads\/2026\/01\/img_9699.jpg","articleSection":["NOTICIAS NACIONALES"],"inLanguage":"es"},{"@type":"WebPage","@id":"https:\/\/fuentesfidedignas.com.mx\/index.php\/2026\/01\/04\/un-cobarde-secuestro-padrino-dice-que-equipo-de-seguridad-de-maduro-fue-asesinado-a-sangre-fria\/","url":"https:\/\/fuentesfidedignas.com.mx\/index.php\/2026\/01\/04\/un-cobarde-secuestro-padrino-dice-que-equipo-de-seguridad-de-maduro-fue-asesinado-a-sangre-fria\/","name":"\u2018Un cobarde secuestro\u2019: Padrino dice que equipo de seguridad de Maduro fue asesinado a sangre fr\u00eda - Fuentes Fidedignas","isPartOf":{"@id":"https:\/\/fuentesfidedignas.com.mx\/#website"},"primaryImageOfPage":{"@id":"https:\/\/fuentesfidedignas.com.mx\/index.php\/2026\/01\/04\/un-cobarde-secuestro-padrino-dice-que-equipo-de-seguridad-de-maduro-fue-asesinado-a-sangre-fria\/#primaryimage"},"image":{"@id":"https:\/\/fuentesfidedignas.com.mx\/index.php\/2026\/01\/04\/un-cobarde-secuestro-padrino-dice-que-equipo-de-seguridad-de-maduro-fue-asesinado-a-sangre-fria\/#primaryimage"},"thumbnailUrl":"https:\/\/fuentesfidedignas.com.mx\/wp-content\/uploads\/2026\/01\/img_9699.jpg","datePublished":"2026-01-04T20:45:43+00:00","breadcrumb":{"@id":"https:\/\/fuentesfidedignas.com.mx\/index.php\/2026\/01\/04\/un-cobarde-secuestro-padrino-dice-que-equipo-de-seguridad-de-maduro-fue-asesinado-a-sangre-fria\/#breadcrumb"},"inLanguage":"es","potentialAction":[{"@type":"ReadAction","target":["https:\/\/fuentesfidedignas.com.mx\/index.php\/2026\/01\/04\/un-cobarde-secuestro-padrino-dice-que-equipo-de-seguridad-de-maduro-fue-asesinado-a-sangre-fria\/"]}]},{"@type":"ImageObject","inLanguage":"es","@id":"https:\/\/fuentesfidedignas.com.mx\/index.php\/2026\/01\/04\/un-cobarde-secuestro-padrino-dice-que-equipo-de-seguridad-de-maduro-fue-asesinado-a-sangre-fria\/#primaryimage","url":"https:\/\/fuentesfidedignas.com.mx\/wp-content\/uploads\/2026\/01\/img_9699.jpg","contentUrl":"https:\/\/fuentesfidedignas.com.mx\/wp-content\/uploads\/2026\/01\/img_9699.jpg","width":600,"height":337},{"@type":"BreadcrumbList","@id":"https:\/\/fuentesfidedignas.com.mx\/index.php\/2026\/01\/04\/un-cobarde-secuestro-padrino-dice-que-equipo-de-seguridad-de-maduro-fue-asesinado-a-sangre-fria\/#breadcrumb","itemListElement":[{"@type":"ListItem","position":1,"name":"Inicio","item":"https:\/\/fuentesfidedignas.com.mx\/"},{"@type":"ListItem","position":2,"name":"\u2018Un cobarde secuestro\u2019: Padrino dice que equipo de seguridad de Maduro fue asesinado a sangre fr\u00eda"}]},{"@type":"WebSite","@id":"https:\/\/fuentesfidedignas.com.mx\/#website","url":"https:\/\/fuentesfidedignas.com.mx\/","name":"Fuentes Fidedignas","description":"Otro sitio realizado con WordPress","publisher":{"@id":"https:\/\/fuentesfidedignas.com.mx\/#organization"},"potentialAction":[{"@type":"SearchAction","target":{"@type":"EntryPoint","urlTemplate":"https:\/\/fuentesfidedignas.com.mx\/?s={search_term_string}"},"query-input":{"@type":"PropertyValueSpecification","valueRequired":true,"valueName":"search_term_string"}}],"inLanguage":"es"},{"@type":"Organization","@id":"https:\/\/fuentesfidedignas.com.mx\/#organization","name":"Fuentes Fidedignas","url":"https:\/\/fuentesfidedignas.com.mx\/","logo":{"@type":"ImageObject","inLanguage":"es","@id":"https:\/\/fuentesfidedignas.com.mx\/#\/schema\/logo\/image\/","url":"https:\/\/fuentesfidedignas.com.mx\/wp-content\/uploads\/2021\/04\/logo-retina.png","contentUrl":"https:\/\/fuentesfidedignas.com.mx\/wp-content\/uploads\/2021\/04\/logo-retina.png","width":280,"height":51,"caption":"Fuentes Fidedignas"},"image":{"@id":"https:\/\/fuentesfidedignas.com.mx\/#\/schema\/logo\/image\/"},"sameAs":["https:\/\/www.facebook.com\/Fuentes-Fidedignas-368234489921644","https:\/\/x.com\/fidedignas"]},{"@type":"Person","@id":"https:\/\/fuentesfidedignas.com.mx\/#\/schema\/person\/0d44615087b5a626d5d3f13afe31ac41","name":"EFE","image":{"@type":"ImageObject","inLanguage":"es","@id":"https:\/\/secure.gravatar.com\/avatar\/7048c2d9b569d9bed55bb53ad23821e6e047aa66338fb6ea9868627bbb9f54e8?s=96&d=mm&r=g","url":"https:\/\/secure.gravatar.com\/avatar\/7048c2d9b569d9bed55bb53ad23821e6e047aa66338fb6ea9868627bbb9f54e8?s=96&d=mm&r=g","contentUrl":"https:\/\/secure.gravatar.com\/avatar\/7048c2d9b569d9bed55bb53ad23821e6e047aa66338fb6ea9868627bbb9f54e8?s=96&d=mm&r=g","caption":"EFE"},"url":"https:\/\/fuentesfidedignas.com.mx\/index.php\/author\/efe\/"}]}},"_links":{"self":[{"href":"https:\/\/fuentesfidedignas.com.mx\/index.php\/wp-json\/wp\/v2\/posts\/124636","targetHints":{"allow":["GET"]}}],"collection":[{"href":"https:\/\/fuentesfidedignas.com.mx\/index.php\/wp-json\/wp\/v2\/posts"}],"about":[{"href":"https:\/\/fuentesfidedignas.com.mx\/index.php\/wp-json\/wp\/v2\/types\/post"}],"author":[{"embeddable":true,"href":"https:\/\/fuentesfidedignas.com.mx\/index.php\/wp-json\/wp\/v2\/users\/22"}],"replies":[{"embeddable":true,"href":"https:\/\/fuentesfidedignas.com.mx\/index.php\/wp-json\/wp\/v2\/comments?post=124636"}],"version-history":[{"count":1,"href":"https:\/\/fuentesfidedignas.com.mx\/index.php\/wp-json\/wp\/v2\/posts\/124636\/revisions"}],"predecessor-version":[{"id":124637,"href":"https:\/\/fuentesfidedignas.com.mx\/index.php\/wp-json\/wp\/v2\/posts\/124636\/revisions\/124637"}],"wp:featuredmedia":[{"embeddable":true,"href":"https:\/\/fuentesfidedignas.com.mx\/index.php\/wp-json\/wp\/v2\/media\/124635"}],"wp:attachment":[{"href":"https:\/\/fuentesfidedignas.com.mx\/index.php\/wp-json\/wp\/v2\/media?parent=124636"}],"wp:term":[{"taxonomy":"category","embeddable":true,"href":"https:\/\/fuentesfidedignas.com.mx\/index.php\/wp-json\/wp\/v2\/categories?post=124636"},{"taxonomy":"post_tag","embeddable":true,"href":"https:\/\/fuentesfidedignas.com.mx\/index.php\/wp-json\/wp\/v2\/tags?post=124636"}],"curies":[{"name":"wp","href":"https:\/\/api.w.org\/{rel}","templated":true}]}}