{"id":124633,"date":"2026-01-04T12:04:28","date_gmt":"2026-01-04T19:04:28","guid":{"rendered":"https:\/\/fuentesfidedignas.com.mx\/?p=124633"},"modified":"2026-01-04T12:04:28","modified_gmt":"2026-01-04T19:04:28","slug":"militares-reconocen-a-delcy-rodriguez-como-presidenta-encargada-de-venezuela","status":"publish","type":"post","link":"https:\/\/fuentesfidedignas.com.mx\/index.php\/2026\/01\/04\/militares-reconocen-a-delcy-rodriguez-como-presidenta-encargada-de-venezuela\/","title":{"rendered":"Militares reconocen a Delcy Rodr\u00edguez como presidenta encargada de Venezuela"},"content":{"rendered":"\n<p><strong><em>El anuncio fue realizado por el ministro de Defensa, Vladimir Padrino L\u00f3pez<\/em><\/strong><\/p>\n\n\n\n<p class=\"paragraph\">La&nbsp;<strong>Fuerza Armada Nacional Bolivariana (FANB)<\/strong>&nbsp;reconoci\u00f3 oficialmente este domingo a&nbsp;<strong>Delcy Rodr\u00edguez<\/strong>&nbsp;como&nbsp;<strong>presidenta encargada<\/strong>, luego de la&nbsp;<strong>ca\u00edda de&nbsp;<a href=\"https:\/\/www.excelsior.com.mx\/temas\/nicolas-maduro\" target=\"_blank\" rel=\"noreferrer noopener\">Nicol\u00e1s Maduro<\/a><\/strong>&nbsp;tras una&nbsp;<strong>operaci\u00f3n militar ejecutada por&nbsp;<a href=\"https:\/\/www.excelsior.com.mx\/temas\/estados-unidos\" target=\"_blank\" rel=\"noreferrer noopener\">Estados Unidos<\/a><\/strong>&nbsp;que sacudi\u00f3 a Caracas y otras regiones del pa\u00eds.<\/p>\n\n\n\n<p class=\"paragraph\">El anuncio fue realizado por el&nbsp;<strong>ministro de Defensa, Vladimir Padrino L\u00f3pez<\/strong>, quien ley\u00f3 en cadena nacional un comunicado respaldado por un&nbsp;<strong>fallo del Tribunal Supremo de Justicia<\/strong>, en el que se ordena que Rodr\u00edguez asuma el poder por un periodo de&nbsp;<strong>90 d\u00edas<\/strong>, bajo el argumento de preservar el&nbsp;<strong>orden constitucional<\/strong>.<\/p>\n\n\n\n<h3 class=\"wp-block-heading c-highlight\">\u201cLa patria debe encaminarse sobre su&nbsp;<strong>riel constitucional<\/strong>\u201d, afirm\u00f3 Padrino, al tiempo que confirm\u00f3 el respaldo militar al&nbsp;<strong>decreto de estado de conmoci\u00f3n exterior<\/strong>, el cual \u2014seg\u00fan Delcy Rodr\u00edguez\u2014 fue promulgado previamente por Maduro para \u201c<strong>garantizar la gobernabilidad del pa\u00eds<\/strong>\u201d.<\/h3>\n\n\n\n<p class=\"paragraph\"><strong>Ataque militar, muertos y silencio oficial<\/strong><\/p>\n\n\n\n<p class=\"paragraph\">La toma de poder se produce tras un&nbsp;<strong>ataque militar estadounidense<\/strong>&nbsp;lanzado la madrugada del s\u00e1bado contra&nbsp;<strong>Caracas y ciudades aleda\u00f1as<\/strong>, con&nbsp;<strong>bombardeos, sobrevuelos de aviones y misiles<\/strong>, que dejaron&nbsp;<strong>heridos y muertos<\/strong>, aunque hasta el momento&nbsp;<strong>no existe un balance oficial<\/strong>&nbsp;por parte del gobierno venezolano.<\/p>\n\n\n\n<p class=\"paragraph\">Padrino denunci\u00f3 que durante lo que calific\u00f3 como el \u201c<strong>cobarde secuestro de Nicol\u00e1s Maduro<\/strong>\u201d murieron \u201c<strong>a sangre fr\u00eda<\/strong>\u201d integrantes del equipo de escoltas del mandatario, as\u00ed como&nbsp;<strong>militares y civiles<\/strong>, elevando la tensi\u00f3n pol\u00edtica y social en el pa\u00eds.<\/p>\n\n\n\n<p class=\"paragraph\">A pesar del escenario de crisis, el alto mando militar llam\u00f3 a la poblaci\u00f3n a&nbsp;<strong>retomar gradualmente sus actividades econ\u00f3micas, laborales y educativas<\/strong>&nbsp;en los pr\u00f3ximos d\u00edas.<\/p>\n","protected":false},"excerpt":{"rendered":"<p>El anuncio fue realizado por el ministro de Defensa, Vladimir Padrino L\u00f3pez La&nbsp;Fuerza Armada Nacional Bolivariana (FANB)&nbsp;reconoci\u00f3 oficialmente este domingo a&nbsp;Delcy Rodr\u00edguez&nbsp;como&nbsp;presidenta encargada, luego de la&nbsp;ca\u00edda de&nbsp;Nicol\u00e1s Maduro&nbsp;tras una&nbsp;operaci\u00f3n militar ejecutada por&nbsp;Estados Unidos&nbsp;que sacudi\u00f3 a Caracas y otras regiones del pa\u00eds. El anuncio fue realizado por el&nbsp;ministro de Defensa, Vladimir Padrino L\u00f3pez, quien ley\u00f3 en [&hellip;]<\/p>\n","protected":false},"author":7,"featured_media":124632,"comment_status":"closed","ping_status":"open","sticky":false,"template":"","format":"standard","meta":{"tdm_status":"","tdm_grid_status":"","footnotes":""},"categories":[39],"tags":[],"class_list":{"0":"post-124633","1":"post","2":"type-post","3":"status-publish","4":"format-standard","5":"has-post-thumbnail","7":"category-noticias-nacionales"},"yoast_head":"<!-- This site is optimized with the Yoast SEO plugin v27.5 - https:\/\/yoast.com\/product\/yoast-seo-wordpress\/ -->\n<title>Militares reconocen a Delcy Rodr\u00edguez como presidenta encargada de Venezuela - Fuentes Fidedignas<\/title>\n<meta name=\"robots\" content=\"index, follow, max-snippet:-1, max-image-preview:large, max-video-preview:-1\" \/>\n<link rel=\"canonical\" href=\"https:\/\/fuentesfidedignas.com.mx\/index.php\/2026\/01\/04\/militares-reconocen-a-delcy-rodriguez-como-presidenta-encargada-de-venezuela\/\" \/>\n<meta property=\"og:locale\" content=\"es_MX\" \/>\n<meta property=\"og:type\" content=\"article\" \/>\n<meta property=\"og:title\" content=\"Militares reconocen a Delcy Rodr\u00edguez como presidenta encargada de Venezuela - Fuentes Fidedignas\" \/>\n<meta property=\"og:description\" content=\"El anuncio fue realizado por el ministro de Defensa, Vladimir Padrino L\u00f3pez La&nbsp;Fuerza Armada Nacional Bolivariana (FANB)&nbsp;reconoci\u00f3 oficialmente este domingo a&nbsp;Delcy Rodr\u00edguez&nbsp;como&nbsp;presidenta encargada, luego de la&nbsp;ca\u00edda de&nbsp;Nicol\u00e1s Maduro&nbsp;tras una&nbsp;operaci\u00f3n militar ejecutada por&nbsp;Estados Unidos&nbsp;que sacudi\u00f3 a Caracas y otras regiones del pa\u00eds. El anuncio fue realizado por el&nbsp;ministro de Defensa, Vladimir Padrino L\u00f3pez, quien ley\u00f3 en [&hellip;]\" \/>\n<meta property=\"og:url\" content=\"https:\/\/fuentesfidedignas.com.mx\/index.php\/2026\/01\/04\/militares-reconocen-a-delcy-rodriguez-como-presidenta-encargada-de-venezuela\/\" \/>\n<meta property=\"og:site_name\" content=\"Fuentes Fidedignas\" \/>\n<meta property=\"article:publisher\" content=\"https:\/\/www.facebook.com\/Fuentes-Fidedignas-368234489921644\" \/>\n<meta property=\"article:published_time\" content=\"2026-01-04T19:04:28+00:00\" \/>\n<meta property=\"og:image\" content=\"https:\/\/fuentesfidedignas.com.mx\/wp-content\/uploads\/2026\/01\/img_9697.jpg\" \/>\n\t<meta property=\"og:image:width\" content=\"813\" \/>\n\t<meta property=\"og:image:height\" content=\"542\" \/>\n\t<meta property=\"og:image:type\" content=\"image\/jpeg\" \/>\n<meta name=\"author\" content=\"Exc\u00e9lsior\" \/>\n<meta name=\"twitter:card\" content=\"summary_large_image\" \/>\n<meta name=\"twitter:creator\" content=\"@fidedignas\" \/>\n<meta name=\"twitter:site\" content=\"@fidedignas\" \/>\n<meta name=\"twitter:label1\" content=\"Escrito por\" \/>\n\t<meta name=\"twitter:data1\" content=\"Exc\u00e9lsior\" \/>\n\t<meta name=\"twitter:label2\" content=\"Tiempo de lectura\" \/>\n\t<meta name=\"twitter:data2\" content=\"2 minutos\" \/>\n<script type=\"application\/ld+json\" class=\"yoast-schema-graph\">{\"@context\":\"https:\\\/\\\/schema.org\",\"@graph\":[{\"@type\":\"Article\",\"@id\":\"https:\\\/\\\/fuentesfidedignas.com.mx\\\/index.php\\\/2026\\\/01\\\/04\\\/militares-reconocen-a-delcy-rodriguez-como-presidenta-encargada-de-venezuela\\\/#article\",\"isPartOf\":{\"@id\":\"https:\\\/\\\/fuentesfidedignas.com.mx\\\/index.php\\\/2026\\\/01\\\/04\\\/militares-reconocen-a-delcy-rodriguez-como-presidenta-encargada-de-venezuela\\\/\"},\"author\":{\"name\":\"Exc\u00e9lsior\",\"@id\":\"https:\\\/\\\/fuentesfidedignas.com.mx\\\/#\\\/schema\\\/person\\\/ec4edd1fbf5efa3e44fce34fe2787780\"},\"headline\":\"Militares reconocen a Delcy Rodr\u00edguez como presidenta encargada de Venezuela\",\"datePublished\":\"2026-01-04T19:04:28+00:00\",\"mainEntityOfPage\":{\"@id\":\"https:\\\/\\\/fuentesfidedignas.com.mx\\\/index.php\\\/2026\\\/01\\\/04\\\/militares-reconocen-a-delcy-rodriguez-como-presidenta-encargada-de-venezuela\\\/\"},\"wordCount\":324,\"publisher\":{\"@id\":\"https:\\\/\\\/fuentesfidedignas.com.mx\\\/#organization\"},\"image\":{\"@id\":\"https:\\\/\\\/fuentesfidedignas.com.mx\\\/index.php\\\/2026\\\/01\\\/04\\\/militares-reconocen-a-delcy-rodriguez-como-presidenta-encargada-de-venezuela\\\/#primaryimage\"},\"thumbnailUrl\":\"https:\\\/\\\/fuentesfidedignas.com.mx\\\/wp-content\\\/uploads\\\/2026\\\/01\\\/img_9697.jpg\",\"articleSection\":[\"NOTICIAS NACIONALES\"],\"inLanguage\":\"es\"},{\"@type\":\"WebPage\",\"@id\":\"https:\\\/\\\/fuentesfidedignas.com.mx\\\/index.php\\\/2026\\\/01\\\/04\\\/militares-reconocen-a-delcy-rodriguez-como-presidenta-encargada-de-venezuela\\\/\",\"url\":\"https:\\\/\\\/fuentesfidedignas.com.mx\\\/index.php\\\/2026\\\/01\\\/04\\\/militares-reconocen-a-delcy-rodriguez-como-presidenta-encargada-de-venezuela\\\/\",\"name\":\"Militares reconocen a Delcy Rodr\u00edguez como presidenta encargada de Venezuela - Fuentes Fidedignas\",\"isPartOf\":{\"@id\":\"https:\\\/\\\/fuentesfidedignas.com.mx\\\/#website\"},\"primaryImageOfPage\":{\"@id\":\"https:\\\/\\\/fuentesfidedignas.com.mx\\\/index.php\\\/2026\\\/01\\\/04\\\/militares-reconocen-a-delcy-rodriguez-como-presidenta-encargada-de-venezuela\\\/#primaryimage\"},\"image\":{\"@id\":\"https:\\\/\\\/fuentesfidedignas.com.mx\\\/index.php\\\/2026\\\/01\\\/04\\\/militares-reconocen-a-delcy-rodriguez-como-presidenta-encargada-de-venezuela\\\/#primaryimage\"},\"thumbnailUrl\":\"https:\\\/\\\/fuentesfidedignas.com.mx\\\/wp-content\\\/uploads\\\/2026\\\/01\\\/img_9697.jpg\",\"datePublished\":\"2026-01-04T19:04:28+00:00\",\"breadcrumb\":{\"@id\":\"https:\\\/\\\/fuentesfidedignas.com.mx\\\/index.php\\\/2026\\\/01\\\/04\\\/militares-reconocen-a-delcy-rodriguez-como-presidenta-encargada-de-venezuela\\\/#breadcrumb\"},\"inLanguage\":\"es\",\"potentialAction\":[{\"@type\":\"ReadAction\",\"target\":[\"https:\\\/\\\/fuentesfidedignas.com.mx\\\/index.php\\\/2026\\\/01\\\/04\\\/militares-reconocen-a-delcy-rodriguez-como-presidenta-encargada-de-venezuela\\\/\"]}]},{\"@type\":\"ImageObject\",\"inLanguage\":\"es\",\"@id\":\"https:\\\/\\\/fuentesfidedignas.com.mx\\\/index.php\\\/2026\\\/01\\\/04\\\/militares-reconocen-a-delcy-rodriguez-como-presidenta-encargada-de-venezuela\\\/#primaryimage\",\"url\":\"https:\\\/\\\/fuentesfidedignas.com.mx\\\/wp-content\\\/uploads\\\/2026\\\/01\\\/img_9697.jpg\",\"contentUrl\":\"https:\\\/\\\/fuentesfidedignas.com.mx\\\/wp-content\\\/uploads\\\/2026\\\/01\\\/img_9697.jpg\",\"width\":813,\"height\":542},{\"@type\":\"BreadcrumbList\",\"@id\":\"https:\\\/\\\/fuentesfidedignas.com.mx\\\/index.php\\\/2026\\\/01\\\/04\\\/militares-reconocen-a-delcy-rodriguez-como-presidenta-encargada-de-venezuela\\\/#breadcrumb\",\"itemListElement\":[{\"@type\":\"ListItem\",\"position\":1,\"name\":\"Inicio\",\"item\":\"https:\\\/\\\/fuentesfidedignas.com.mx\\\/\"},{\"@type\":\"ListItem\",\"position\":2,\"name\":\"Militares reconocen a Delcy Rodr\u00edguez como presidenta encargada de Venezuela\"}]},{\"@type\":\"WebSite\",\"@id\":\"https:\\\/\\\/fuentesfidedignas.com.mx\\\/#website\",\"url\":\"https:\\\/\\\/fuentesfidedignas.com.mx\\\/\",\"name\":\"Fuentes Fidedignas\",\"description\":\"Otro sitio realizado con WordPress\",\"publisher\":{\"@id\":\"https:\\\/\\\/fuentesfidedignas.com.mx\\\/#organization\"},\"potentialAction\":[{\"@type\":\"SearchAction\",\"target\":{\"@type\":\"EntryPoint\",\"urlTemplate\":\"https:\\\/\\\/fuentesfidedignas.com.mx\\\/?s={search_term_string}\"},\"query-input\":{\"@type\":\"PropertyValueSpecification\",\"valueRequired\":true,\"valueName\":\"search_term_string\"}}],\"inLanguage\":\"es\"},{\"@type\":\"Organization\",\"@id\":\"https:\\\/\\\/fuentesfidedignas.com.mx\\\/#organization\",\"name\":\"Fuentes Fidedignas\",\"url\":\"https:\\\/\\\/fuentesfidedignas.com.mx\\\/\",\"logo\":{\"@type\":\"ImageObject\",\"inLanguage\":\"es\",\"@id\":\"https:\\\/\\\/fuentesfidedignas.com.mx\\\/#\\\/schema\\\/logo\\\/image\\\/\",\"url\":\"https:\\\/\\\/fuentesfidedignas.com.mx\\\/wp-content\\\/uploads\\\/2021\\\/04\\\/logo-retina.png\",\"contentUrl\":\"https:\\\/\\\/fuentesfidedignas.com.mx\\\/wp-content\\\/uploads\\\/2021\\\/04\\\/logo-retina.png\",\"width\":280,\"height\":51,\"caption\":\"Fuentes Fidedignas\"},\"image\":{\"@id\":\"https:\\\/\\\/fuentesfidedignas.com.mx\\\/#\\\/schema\\\/logo\\\/image\\\/\"},\"sameAs\":[\"https:\\\/\\\/www.facebook.com\\\/Fuentes-Fidedignas-368234489921644\",\"https:\\\/\\\/x.com\\\/fidedignas\"]},{\"@type\":\"Person\",\"@id\":\"https:\\\/\\\/fuentesfidedignas.com.mx\\\/#\\\/schema\\\/person\\\/ec4edd1fbf5efa3e44fce34fe2787780\",\"name\":\"Exc\u00e9lsior\",\"image\":{\"@type\":\"ImageObject\",\"inLanguage\":\"es\",\"@id\":\"https:\\\/\\\/secure.gravatar.com\\\/avatar\\\/4b7ee9206b48be08447852b3f0814dbc7c0f3b51541b164f1464a2725614020b?s=96&d=mm&r=g\",\"url\":\"https:\\\/\\\/secure.gravatar.com\\\/avatar\\\/4b7ee9206b48be08447852b3f0814dbc7c0f3b51541b164f1464a2725614020b?s=96&d=mm&r=g\",\"contentUrl\":\"https:\\\/\\\/secure.gravatar.com\\\/avatar\\\/4b7ee9206b48be08447852b3f0814dbc7c0f3b51541b164f1464a2725614020b?s=96&d=mm&r=g\",\"caption\":\"Exc\u00e9lsior\"},\"url\":\"https:\\\/\\\/fuentesfidedignas.com.mx\\\/index.php\\\/author\\\/excelsior\\\/\"}]}<\/script>\n<!-- \/ Yoast SEO plugin. -->","yoast_head_json":{"title":"Militares reconocen a Delcy Rodr\u00edguez como presidenta encargada de Venezuela - Fuentes Fidedignas","robots":{"index":"index","follow":"follow","max-snippet":"max-snippet:-1","max-image-preview":"max-image-preview:large","max-video-preview":"max-video-preview:-1"},"canonical":"https:\/\/fuentesfidedignas.com.mx\/index.php\/2026\/01\/04\/militares-reconocen-a-delcy-rodriguez-como-presidenta-encargada-de-venezuela\/","og_locale":"es_MX","og_type":"article","og_title":"Militares reconocen a Delcy Rodr\u00edguez como presidenta encargada de Venezuela - Fuentes Fidedignas","og_description":"El anuncio fue realizado por el ministro de Defensa, Vladimir Padrino L\u00f3pez La&nbsp;Fuerza Armada Nacional Bolivariana (FANB)&nbsp;reconoci\u00f3 oficialmente este domingo a&nbsp;Delcy Rodr\u00edguez&nbsp;como&nbsp;presidenta encargada, luego de la&nbsp;ca\u00edda de&nbsp;Nicol\u00e1s Maduro&nbsp;tras una&nbsp;operaci\u00f3n militar ejecutada por&nbsp;Estados Unidos&nbsp;que sacudi\u00f3 a Caracas y otras regiones del pa\u00eds. El anuncio fue realizado por el&nbsp;ministro de Defensa, Vladimir Padrino L\u00f3pez, quien ley\u00f3 en [&hellip;]","og_url":"https:\/\/fuentesfidedignas.com.mx\/index.php\/2026\/01\/04\/militares-reconocen-a-delcy-rodriguez-como-presidenta-encargada-de-venezuela\/","og_site_name":"Fuentes Fidedignas","article_publisher":"https:\/\/www.facebook.com\/Fuentes-Fidedignas-368234489921644","article_published_time":"2026-01-04T19:04:28+00:00","og_image":[{"width":813,"height":542,"url":"https:\/\/fuentesfidedignas.com.mx\/wp-content\/uploads\/2026\/01\/img_9697.jpg","type":"image\/jpeg"}],"author":"Exc\u00e9lsior","twitter_card":"summary_large_image","twitter_creator":"@fidedignas","twitter_site":"@fidedignas","twitter_misc":{"Escrito por":"Exc\u00e9lsior","Tiempo de lectura":"2 minutos"},"schema":{"@context":"https:\/\/schema.org","@graph":[{"@type":"Article","@id":"https:\/\/fuentesfidedignas.com.mx\/index.php\/2026\/01\/04\/militares-reconocen-a-delcy-rodriguez-como-presidenta-encargada-de-venezuela\/#article","isPartOf":{"@id":"https:\/\/fuentesfidedignas.com.mx\/index.php\/2026\/01\/04\/militares-reconocen-a-delcy-rodriguez-como-presidenta-encargada-de-venezuela\/"},"author":{"name":"Exc\u00e9lsior","@id":"https:\/\/fuentesfidedignas.com.mx\/#\/schema\/person\/ec4edd1fbf5efa3e44fce34fe2787780"},"headline":"Militares reconocen a Delcy Rodr\u00edguez como presidenta encargada de Venezuela","datePublished":"2026-01-04T19:04:28+00:00","mainEntityOfPage":{"@id":"https:\/\/fuentesfidedignas.com.mx\/index.php\/2026\/01\/04\/militares-reconocen-a-delcy-rodriguez-como-presidenta-encargada-de-venezuela\/"},"wordCount":324,"publisher":{"@id":"https:\/\/fuentesfidedignas.com.mx\/#organization"},"image":{"@id":"https:\/\/fuentesfidedignas.com.mx\/index.php\/2026\/01\/04\/militares-reconocen-a-delcy-rodriguez-como-presidenta-encargada-de-venezuela\/#primaryimage"},"thumbnailUrl":"https:\/\/fuentesfidedignas.com.mx\/wp-content\/uploads\/2026\/01\/img_9697.jpg","articleSection":["NOTICIAS NACIONALES"],"inLanguage":"es"},{"@type":"WebPage","@id":"https:\/\/fuentesfidedignas.com.mx\/index.php\/2026\/01\/04\/militares-reconocen-a-delcy-rodriguez-como-presidenta-encargada-de-venezuela\/","url":"https:\/\/fuentesfidedignas.com.mx\/index.php\/2026\/01\/04\/militares-reconocen-a-delcy-rodriguez-como-presidenta-encargada-de-venezuela\/","name":"Militares reconocen a Delcy Rodr\u00edguez como presidenta encargada de Venezuela - Fuentes Fidedignas","isPartOf":{"@id":"https:\/\/fuentesfidedignas.com.mx\/#website"},"primaryImageOfPage":{"@id":"https:\/\/fuentesfidedignas.com.mx\/index.php\/2026\/01\/04\/militares-reconocen-a-delcy-rodriguez-como-presidenta-encargada-de-venezuela\/#primaryimage"},"image":{"@id":"https:\/\/fuentesfidedignas.com.mx\/index.php\/2026\/01\/04\/militares-reconocen-a-delcy-rodriguez-como-presidenta-encargada-de-venezuela\/#primaryimage"},"thumbnailUrl":"https:\/\/fuentesfidedignas.com.mx\/wp-content\/uploads\/2026\/01\/img_9697.jpg","datePublished":"2026-01-04T19:04:28+00:00","breadcrumb":{"@id":"https:\/\/fuentesfidedignas.com.mx\/index.php\/2026\/01\/04\/militares-reconocen-a-delcy-rodriguez-como-presidenta-encargada-de-venezuela\/#breadcrumb"},"inLanguage":"es","potentialAction":[{"@type":"ReadAction","target":["https:\/\/fuentesfidedignas.com.mx\/index.php\/2026\/01\/04\/militares-reconocen-a-delcy-rodriguez-como-presidenta-encargada-de-venezuela\/"]}]},{"@type":"ImageObject","inLanguage":"es","@id":"https:\/\/fuentesfidedignas.com.mx\/index.php\/2026\/01\/04\/militares-reconocen-a-delcy-rodriguez-como-presidenta-encargada-de-venezuela\/#primaryimage","url":"https:\/\/fuentesfidedignas.com.mx\/wp-content\/uploads\/2026\/01\/img_9697.jpg","contentUrl":"https:\/\/fuentesfidedignas.com.mx\/wp-content\/uploads\/2026\/01\/img_9697.jpg","width":813,"height":542},{"@type":"BreadcrumbList","@id":"https:\/\/fuentesfidedignas.com.mx\/index.php\/2026\/01\/04\/militares-reconocen-a-delcy-rodriguez-como-presidenta-encargada-de-venezuela\/#breadcrumb","itemListElement":[{"@type":"ListItem","position":1,"name":"Inicio","item":"https:\/\/fuentesfidedignas.com.mx\/"},{"@type":"ListItem","position":2,"name":"Militares reconocen a Delcy Rodr\u00edguez como presidenta encargada de Venezuela"}]},{"@type":"WebSite","@id":"https:\/\/fuentesfidedignas.com.mx\/#website","url":"https:\/\/fuentesfidedignas.com.mx\/","name":"Fuentes Fidedignas","description":"Otro sitio realizado con WordPress","publisher":{"@id":"https:\/\/fuentesfidedignas.com.mx\/#organization"},"potentialAction":[{"@type":"SearchAction","target":{"@type":"EntryPoint","urlTemplate":"https:\/\/fuentesfidedignas.com.mx\/?s={search_term_string}"},"query-input":{"@type":"PropertyValueSpecification","valueRequired":true,"valueName":"search_term_string"}}],"inLanguage":"es"},{"@type":"Organization","@id":"https:\/\/fuentesfidedignas.com.mx\/#organization","name":"Fuentes Fidedignas","url":"https:\/\/fuentesfidedignas.com.mx\/","logo":{"@type":"ImageObject","inLanguage":"es","@id":"https:\/\/fuentesfidedignas.com.mx\/#\/schema\/logo\/image\/","url":"https:\/\/fuentesfidedignas.com.mx\/wp-content\/uploads\/2021\/04\/logo-retina.png","contentUrl":"https:\/\/fuentesfidedignas.com.mx\/wp-content\/uploads\/2021\/04\/logo-retina.png","width":280,"height":51,"caption":"Fuentes Fidedignas"},"image":{"@id":"https:\/\/fuentesfidedignas.com.mx\/#\/schema\/logo\/image\/"},"sameAs":["https:\/\/www.facebook.com\/Fuentes-Fidedignas-368234489921644","https:\/\/x.com\/fidedignas"]},{"@type":"Person","@id":"https:\/\/fuentesfidedignas.com.mx\/#\/schema\/person\/ec4edd1fbf5efa3e44fce34fe2787780","name":"Exc\u00e9lsior","image":{"@type":"ImageObject","inLanguage":"es","@id":"https:\/\/secure.gravatar.com\/avatar\/4b7ee9206b48be08447852b3f0814dbc7c0f3b51541b164f1464a2725614020b?s=96&d=mm&r=g","url":"https:\/\/secure.gravatar.com\/avatar\/4b7ee9206b48be08447852b3f0814dbc7c0f3b51541b164f1464a2725614020b?s=96&d=mm&r=g","contentUrl":"https:\/\/secure.gravatar.com\/avatar\/4b7ee9206b48be08447852b3f0814dbc7c0f3b51541b164f1464a2725614020b?s=96&d=mm&r=g","caption":"Exc\u00e9lsior"},"url":"https:\/\/fuentesfidedignas.com.mx\/index.php\/author\/excelsior\/"}]}},"_links":{"self":[{"href":"https:\/\/fuentesfidedignas.com.mx\/index.php\/wp-json\/wp\/v2\/posts\/124633","targetHints":{"allow":["GET"]}}],"collection":[{"href":"https:\/\/fuentesfidedignas.com.mx\/index.php\/wp-json\/wp\/v2\/posts"}],"about":[{"href":"https:\/\/fuentesfidedignas.com.mx\/index.php\/wp-json\/wp\/v2\/types\/post"}],"author":[{"embeddable":true,"href":"https:\/\/fuentesfidedignas.com.mx\/index.php\/wp-json\/wp\/v2\/users\/7"}],"replies":[{"embeddable":true,"href":"https:\/\/fuentesfidedignas.com.mx\/index.php\/wp-json\/wp\/v2\/comments?post=124633"}],"version-history":[{"count":1,"href":"https:\/\/fuentesfidedignas.com.mx\/index.php\/wp-json\/wp\/v2\/posts\/124633\/revisions"}],"predecessor-version":[{"id":124634,"href":"https:\/\/fuentesfidedignas.com.mx\/index.php\/wp-json\/wp\/v2\/posts\/124633\/revisions\/124634"}],"wp:featuredmedia":[{"embeddable":true,"href":"https:\/\/fuentesfidedignas.com.mx\/index.php\/wp-json\/wp\/v2\/media\/124632"}],"wp:attachment":[{"href":"https:\/\/fuentesfidedignas.com.mx\/index.php\/wp-json\/wp\/v2\/media?parent=124633"}],"wp:term":[{"taxonomy":"category","embeddable":true,"href":"https:\/\/fuentesfidedignas.com.mx\/index.php\/wp-json\/wp\/v2\/categories?post=124633"},{"taxonomy":"post_tag","embeddable":true,"href":"https:\/\/fuentesfidedignas.com.mx\/index.php\/wp-json\/wp\/v2\/tags?post=124633"}],"curies":[{"name":"wp","href":"https:\/\/api.w.org\/{rel}","templated":true}]}}