{"id":124594,"date":"2026-01-03T10:59:05","date_gmt":"2026-01-03T17:59:05","guid":{"rendered":"https:\/\/fuentesfidedignas.com.mx\/?p=124594"},"modified":"2026-01-03T10:59:05","modified_gmt":"2026-01-03T17:59:05","slug":"sinaloa-se-canta-con-el-corazon-una-charla-con-adrian-varela-en-los-ases-de-oro","status":"publish","type":"post","link":"https:\/\/fuentesfidedignas.com.mx\/index.php\/2026\/01\/03\/sinaloa-se-canta-con-el-corazon-una-charla-con-adrian-varela-en-los-ases-de-oro\/","title":{"rendered":"Sinaloa se canta con el coraz\u00f3n: una charla con Adri\u00e1n Varela en los ASES de Oro"},"content":{"rendered":"\n<p><\/p>\n\n\n\n<p>Llegu\u00e9 a Mazatl\u00e1n con el coraz\u00f3n abierto y los sentidos atentos. No todos los d\u00edas se es testigo del nacimiento de un proyecto que aspira a quedarse en la memoria colectiva, y mucho menos cuando ese proyecto lleva como estandarte la palabra excelencia. La primera edici\u00f3n de los galardones ASES de Oro a la Excelencia no fue solo una ceremonia: fue una declaraci\u00f3n de principios, un acto de fe en el talento sinaloense y en la grandeza de su gente.<br>El evento, impulsado por la visi\u00f3n de la licenciada Roc\u00edo Labastida, fundadora de ASES como una escuela para apoyar a los sobresalientes del estado, reuni\u00f3 a mujeres y hombres cuya trayectoria confirma que Sinaloa no se explica \u00fanicamente desde sus heridas, sino tambi\u00e9n \u2014y sobre todo\u2014 desde sus sue\u00f1os, su trabajo y su capacidad de poner el coraz\u00f3n sin perder el rumbo.<\/p>\n\n\n\n<p>Entre esos encuentros que deja la vida, tuve el privilegio de conversar con Adri\u00e1n Eduardo Varela Avil\u00e9s, artista sinaloense galardonado en el \u00e1mbito art\u00edstico. La entrevista se dio de manera natural, casi como una charla entre viejos conocidos, con el mar de Mazatl\u00e1n como testigo y la convicci\u00f3n compartida de que el arte tambi\u00e9n es una forma de resistencia.<br>Adri\u00e1n habl\u00f3 de sus or\u00edgenes con una ternura que no se aprende en ning\u00fan escenario: de sus abuelos cantando a dueto, de aquel ni\u00f1o que convert\u00eda cualquier objeto en micr\u00f3fono y se sub\u00eda a la mesa para imaginarse cantante. Ah\u00ed entend\u00ed que los sue\u00f1os no nacen de la nada; se heredan, se escuchan, se sienten. Y cuando se cuidan, florecen.<\/p>\n\n\n\n<p>Hablamos tambi\u00e9n de los obst\u00e1culos, de los retos que no se esquivan, sino que se enfrentan con disciplina, amor y una idea firme: creer en uno mismo basta, siempre que se camine con principios y con la voluntad de hacer el bien. Adri\u00e1n lo dijo con claridad y sin poses: no se necesita la aprobaci\u00f3n de nadie cuando el trabajo se hace desde el coraz\u00f3n.<\/p>\n\n\n\n<p>La conversaci\u00f3n deriv\u00f3, inevitablemente, hacia Sinaloa. Coincidimos en algo esencial: somos m\u00e1s que la violencia, m\u00e1s que las noticias negativas, m\u00e1s que las cifras que intentan definirnos. Sinaloa es cultura, es m\u00fasica, es comida, es solidaridad, es talento que se abre paso aun en tiempos dif\u00edciles. Negar la crisis ser\u00eda absurdo, pero enfrentarlas desde el bien, desde la creaci\u00f3n y desde el ejemplo, es una forma leg\u00edtima de construir paz.<\/p>\n\n\n\n<p>Adri\u00e1n habl\u00f3 de sus proyectos \u2014su \u00e1lbum Mi buen mezcal, su regreso a la balada pop, los shows que rescatan cl\u00e1sicos con elegancia jazz\u00edstica\u2014, pero m\u00e1s all\u00e1 de los t\u00edtulos y los escenarios, habl\u00f3 de algo m\u00e1s profundo: de compartir contenidos que nutran el alma, de contagiar lo bueno, de recordar que brillamos m\u00e1s cuando lo hacemos juntos.<\/p>\n\n\n\n<p>Esa es, quiz\u00e1, la mayor ense\u00f1anza que me dej\u00f3 esta entrevista y esta gala: poner el coraz\u00f3n, s\u00ed, pero siempre anclados en valores; so\u00f1ar en grande, s\u00ed, pero con los pies en la tierra y el pensamiento positivo. <\/p>\n\n\n\n<p>Los ASES de Oro no solo reconocen trayectorias; iluminan caminos posibles para las nuevas generaciones.<br>Desde LogoC\u00f3mic, seguir\u00e9 contando estas historias. Porque en Sinaloa hay mucho que decir, mucho que mostrar y, sobre todo, mucho que celebrar.<\/p>\n\n\n\n<p>Enlace del v\u00eddeo<\/p>\n\n\n\n<figure class=\"wp-block-embed\"><div class=\"wp-block-embed__wrapper\">\n<iframe loading=\"lazy\" title=\"Sinaloa se canta con el coraz\u00f3n: una charla con Adri\u00e1n Varela en los ASES de Oro\" width=\"696\" height=\"392\" src=\"https:\/\/www.youtube.com\/embed\/1EKUtssD93I?feature=oembed\" frameborder=\"0\" allow=\"accelerometer; autoplay; clipboard-write; encrypted-media; gyroscope; picture-in-picture; web-share\" referrerpolicy=\"strict-origin-when-cross-origin\" allowfullscreen><\/iframe>\n<\/div><\/figure>\n","protected":false},"excerpt":{"rendered":"<p>Llegu\u00e9 a Mazatl\u00e1n con el coraz\u00f3n abierto y los sentidos atentos. No todos los d\u00edas se es testigo del nacimiento de un proyecto que aspira a quedarse en la memoria colectiva, y mucho menos cuando ese proyecto lleva como estandarte la palabra excelencia. La primera edici\u00f3n de los galardones ASES de Oro a la Excelencia [&hellip;]<\/p>\n","protected":false},"author":139,"featured_media":124593,"comment_status":"closed","ping_status":"open","sticky":false,"template":"","format":"standard","meta":{"tdm_status":"","tdm_grid_status":"","footnotes":""},"categories":[307],"tags":[],"class_list":{"0":"post-124594","1":"post","2":"type-post","3":"status-publish","4":"format-standard","5":"has-post-thumbnail","7":"category-ruleteando"},"yoast_head":"<!-- This site is optimized with the Yoast SEO plugin v27.5 - https:\/\/yoast.com\/product\/yoast-seo-wordpress\/ -->\n<title>Sinaloa se canta con el coraz\u00f3n: una charla con Adri\u00e1n Varela en los ASES de Oro - Fuentes Fidedignas<\/title>\n<meta name=\"robots\" content=\"index, follow, max-snippet:-1, max-image-preview:large, max-video-preview:-1\" \/>\n<link rel=\"canonical\" href=\"https:\/\/fuentesfidedignas.com.mx\/index.php\/2026\/01\/03\/sinaloa-se-canta-con-el-corazon-una-charla-con-adrian-varela-en-los-ases-de-oro\/\" \/>\n<meta property=\"og:locale\" content=\"es_MX\" \/>\n<meta property=\"og:type\" content=\"article\" \/>\n<meta property=\"og:title\" content=\"Sinaloa se canta con el coraz\u00f3n: una charla con Adri\u00e1n Varela en los ASES de Oro - Fuentes Fidedignas\" \/>\n<meta property=\"og:description\" content=\"Llegu\u00e9 a Mazatl\u00e1n con el coraz\u00f3n abierto y los sentidos atentos. No todos los d\u00edas se es testigo del nacimiento de un proyecto que aspira a quedarse en la memoria colectiva, y mucho menos cuando ese proyecto lleva como estandarte la palabra excelencia. La primera edici\u00f3n de los galardones ASES de Oro a la Excelencia [&hellip;]\" \/>\n<meta property=\"og:url\" content=\"https:\/\/fuentesfidedignas.com.mx\/index.php\/2026\/01\/03\/sinaloa-se-canta-con-el-corazon-una-charla-con-adrian-varela-en-los-ases-de-oro\/\" \/>\n<meta property=\"og:site_name\" content=\"Fuentes Fidedignas\" \/>\n<meta property=\"article:publisher\" content=\"https:\/\/www.facebook.com\/Fuentes-Fidedignas-368234489921644\" \/>\n<meta property=\"article:published_time\" content=\"2026-01-03T17:59:05+00:00\" \/>\n<meta property=\"og:image\" content=\"https:\/\/fuentesfidedignas.com.mx\/wp-content\/uploads\/2026\/01\/img_9676.jpg\" \/>\n\t<meta property=\"og:image:width\" content=\"743\" \/>\n\t<meta property=\"og:image:height\" content=\"448\" \/>\n\t<meta property=\"og:image:type\" content=\"image\/jpeg\" \/>\n<meta name=\"author\" content=\"Luis \u00c1ngel Rivera Ayala\" \/>\n<meta name=\"twitter:card\" content=\"summary_large_image\" \/>\n<meta name=\"twitter:creator\" content=\"@fidedignas\" \/>\n<meta name=\"twitter:site\" content=\"@fidedignas\" \/>\n<meta name=\"twitter:label1\" content=\"Escrito por\" \/>\n\t<meta name=\"twitter:data1\" content=\"Luis \u00c1ngel Rivera Ayala\" \/>\n\t<meta name=\"twitter:label2\" content=\"Tiempo de lectura\" \/>\n\t<meta name=\"twitter:data2\" content=\"3 minutos\" \/>\n<script type=\"application\/ld+json\" class=\"yoast-schema-graph\">{\"@context\":\"https:\\\/\\\/schema.org\",\"@graph\":[{\"@type\":\"Article\",\"@id\":\"https:\\\/\\\/fuentesfidedignas.com.mx\\\/index.php\\\/2026\\\/01\\\/03\\\/sinaloa-se-canta-con-el-corazon-una-charla-con-adrian-varela-en-los-ases-de-oro\\\/#article\",\"isPartOf\":{\"@id\":\"https:\\\/\\\/fuentesfidedignas.com.mx\\\/index.php\\\/2026\\\/01\\\/03\\\/sinaloa-se-canta-con-el-corazon-una-charla-con-adrian-varela-en-los-ases-de-oro\\\/\"},\"author\":{\"name\":\"Luis \u00c1ngel Rivera Ayala\",\"@id\":\"https:\\\/\\\/fuentesfidedignas.com.mx\\\/#\\\/schema\\\/person\\\/a4e2898d4dca7bbeb0a2f77bb90f4817\"},\"headline\":\"Sinaloa se canta con el coraz\u00f3n: una charla con Adri\u00e1n Varela en los ASES de Oro\",\"datePublished\":\"2026-01-03T17:59:05+00:00\",\"mainEntityOfPage\":{\"@id\":\"https:\\\/\\\/fuentesfidedignas.com.mx\\\/index.php\\\/2026\\\/01\\\/03\\\/sinaloa-se-canta-con-el-corazon-una-charla-con-adrian-varela-en-los-ases-de-oro\\\/\"},\"wordCount\":605,\"publisher\":{\"@id\":\"https:\\\/\\\/fuentesfidedignas.com.mx\\\/#organization\"},\"image\":{\"@id\":\"https:\\\/\\\/fuentesfidedignas.com.mx\\\/index.php\\\/2026\\\/01\\\/03\\\/sinaloa-se-canta-con-el-corazon-una-charla-con-adrian-varela-en-los-ases-de-oro\\\/#primaryimage\"},\"thumbnailUrl\":\"https:\\\/\\\/fuentesfidedignas.com.mx\\\/wp-content\\\/uploads\\\/2026\\\/01\\\/img_9676.jpg\",\"articleSection\":[\"RULETEANDO\"],\"inLanguage\":\"es\"},{\"@type\":\"WebPage\",\"@id\":\"https:\\\/\\\/fuentesfidedignas.com.mx\\\/index.php\\\/2026\\\/01\\\/03\\\/sinaloa-se-canta-con-el-corazon-una-charla-con-adrian-varela-en-los-ases-de-oro\\\/\",\"url\":\"https:\\\/\\\/fuentesfidedignas.com.mx\\\/index.php\\\/2026\\\/01\\\/03\\\/sinaloa-se-canta-con-el-corazon-una-charla-con-adrian-varela-en-los-ases-de-oro\\\/\",\"name\":\"Sinaloa se canta con el coraz\u00f3n: una charla con Adri\u00e1n Varela en los ASES de Oro - Fuentes Fidedignas\",\"isPartOf\":{\"@id\":\"https:\\\/\\\/fuentesfidedignas.com.mx\\\/#website\"},\"primaryImageOfPage\":{\"@id\":\"https:\\\/\\\/fuentesfidedignas.com.mx\\\/index.php\\\/2026\\\/01\\\/03\\\/sinaloa-se-canta-con-el-corazon-una-charla-con-adrian-varela-en-los-ases-de-oro\\\/#primaryimage\"},\"image\":{\"@id\":\"https:\\\/\\\/fuentesfidedignas.com.mx\\\/index.php\\\/2026\\\/01\\\/03\\\/sinaloa-se-canta-con-el-corazon-una-charla-con-adrian-varela-en-los-ases-de-oro\\\/#primaryimage\"},\"thumbnailUrl\":\"https:\\\/\\\/fuentesfidedignas.com.mx\\\/wp-content\\\/uploads\\\/2026\\\/01\\\/img_9676.jpg\",\"datePublished\":\"2026-01-03T17:59:05+00:00\",\"breadcrumb\":{\"@id\":\"https:\\\/\\\/fuentesfidedignas.com.mx\\\/index.php\\\/2026\\\/01\\\/03\\\/sinaloa-se-canta-con-el-corazon-una-charla-con-adrian-varela-en-los-ases-de-oro\\\/#breadcrumb\"},\"inLanguage\":\"es\",\"potentialAction\":[{\"@type\":\"ReadAction\",\"target\":[\"https:\\\/\\\/fuentesfidedignas.com.mx\\\/index.php\\\/2026\\\/01\\\/03\\\/sinaloa-se-canta-con-el-corazon-una-charla-con-adrian-varela-en-los-ases-de-oro\\\/\"]}]},{\"@type\":\"ImageObject\",\"inLanguage\":\"es\",\"@id\":\"https:\\\/\\\/fuentesfidedignas.com.mx\\\/index.php\\\/2026\\\/01\\\/03\\\/sinaloa-se-canta-con-el-corazon-una-charla-con-adrian-varela-en-los-ases-de-oro\\\/#primaryimage\",\"url\":\"https:\\\/\\\/fuentesfidedignas.com.mx\\\/wp-content\\\/uploads\\\/2026\\\/01\\\/img_9676.jpg\",\"contentUrl\":\"https:\\\/\\\/fuentesfidedignas.com.mx\\\/wp-content\\\/uploads\\\/2026\\\/01\\\/img_9676.jpg\",\"width\":743,\"height\":448},{\"@type\":\"BreadcrumbList\",\"@id\":\"https:\\\/\\\/fuentesfidedignas.com.mx\\\/index.php\\\/2026\\\/01\\\/03\\\/sinaloa-se-canta-con-el-corazon-una-charla-con-adrian-varela-en-los-ases-de-oro\\\/#breadcrumb\",\"itemListElement\":[{\"@type\":\"ListItem\",\"position\":1,\"name\":\"Inicio\",\"item\":\"https:\\\/\\\/fuentesfidedignas.com.mx\\\/\"},{\"@type\":\"ListItem\",\"position\":2,\"name\":\"Sinaloa se canta con el coraz\u00f3n: una charla con Adri\u00e1n Varela en los ASES de Oro\"}]},{\"@type\":\"WebSite\",\"@id\":\"https:\\\/\\\/fuentesfidedignas.com.mx\\\/#website\",\"url\":\"https:\\\/\\\/fuentesfidedignas.com.mx\\\/\",\"name\":\"Fuentes Fidedignas\",\"description\":\"Otro sitio realizado con WordPress\",\"publisher\":{\"@id\":\"https:\\\/\\\/fuentesfidedignas.com.mx\\\/#organization\"},\"potentialAction\":[{\"@type\":\"SearchAction\",\"target\":{\"@type\":\"EntryPoint\",\"urlTemplate\":\"https:\\\/\\\/fuentesfidedignas.com.mx\\\/?s={search_term_string}\"},\"query-input\":{\"@type\":\"PropertyValueSpecification\",\"valueRequired\":true,\"valueName\":\"search_term_string\"}}],\"inLanguage\":\"es\"},{\"@type\":\"Organization\",\"@id\":\"https:\\\/\\\/fuentesfidedignas.com.mx\\\/#organization\",\"name\":\"Fuentes Fidedignas\",\"url\":\"https:\\\/\\\/fuentesfidedignas.com.mx\\\/\",\"logo\":{\"@type\":\"ImageObject\",\"inLanguage\":\"es\",\"@id\":\"https:\\\/\\\/fuentesfidedignas.com.mx\\\/#\\\/schema\\\/logo\\\/image\\\/\",\"url\":\"https:\\\/\\\/fuentesfidedignas.com.mx\\\/wp-content\\\/uploads\\\/2021\\\/04\\\/logo-retina.png\",\"contentUrl\":\"https:\\\/\\\/fuentesfidedignas.com.mx\\\/wp-content\\\/uploads\\\/2021\\\/04\\\/logo-retina.png\",\"width\":280,\"height\":51,\"caption\":\"Fuentes Fidedignas\"},\"image\":{\"@id\":\"https:\\\/\\\/fuentesfidedignas.com.mx\\\/#\\\/schema\\\/logo\\\/image\\\/\"},\"sameAs\":[\"https:\\\/\\\/www.facebook.com\\\/Fuentes-Fidedignas-368234489921644\",\"https:\\\/\\\/x.com\\\/fidedignas\"]},{\"@type\":\"Person\",\"@id\":\"https:\\\/\\\/fuentesfidedignas.com.mx\\\/#\\\/schema\\\/person\\\/a4e2898d4dca7bbeb0a2f77bb90f4817\",\"name\":\"Luis \u00c1ngel Rivera Ayala\",\"image\":{\"@type\":\"ImageObject\",\"inLanguage\":\"es\",\"@id\":\"https:\\\/\\\/fuentesfidedignas.com.mx\\\/wp-content\\\/uploads\\\/2025\\\/02\\\/Luis_Angel-2025-removebg-preview-150x150.png\",\"url\":\"https:\\\/\\\/fuentesfidedignas.com.mx\\\/wp-content\\\/uploads\\\/2025\\\/02\\\/Luis_Angel-2025-removebg-preview-150x150.png\",\"contentUrl\":\"https:\\\/\\\/fuentesfidedignas.com.mx\\\/wp-content\\\/uploads\\\/2025\\\/02\\\/Luis_Angel-2025-removebg-preview-150x150.png\",\"caption\":\"Luis \u00c1ngel Rivera Ayala\"},\"url\":\"https:\\\/\\\/fuentesfidedignas.com.mx\\\/index.php\\\/author\\\/luisar\\\/\"}]}<\/script>\n<!-- \/ Yoast SEO plugin. -->","yoast_head_json":{"title":"Sinaloa se canta con el coraz\u00f3n: una charla con Adri\u00e1n Varela en los ASES de Oro - Fuentes Fidedignas","robots":{"index":"index","follow":"follow","max-snippet":"max-snippet:-1","max-image-preview":"max-image-preview:large","max-video-preview":"max-video-preview:-1"},"canonical":"https:\/\/fuentesfidedignas.com.mx\/index.php\/2026\/01\/03\/sinaloa-se-canta-con-el-corazon-una-charla-con-adrian-varela-en-los-ases-de-oro\/","og_locale":"es_MX","og_type":"article","og_title":"Sinaloa se canta con el coraz\u00f3n: una charla con Adri\u00e1n Varela en los ASES de Oro - Fuentes Fidedignas","og_description":"Llegu\u00e9 a Mazatl\u00e1n con el coraz\u00f3n abierto y los sentidos atentos. No todos los d\u00edas se es testigo del nacimiento de un proyecto que aspira a quedarse en la memoria colectiva, y mucho menos cuando ese proyecto lleva como estandarte la palabra excelencia. La primera edici\u00f3n de los galardones ASES de Oro a la Excelencia [&hellip;]","og_url":"https:\/\/fuentesfidedignas.com.mx\/index.php\/2026\/01\/03\/sinaloa-se-canta-con-el-corazon-una-charla-con-adrian-varela-en-los-ases-de-oro\/","og_site_name":"Fuentes Fidedignas","article_publisher":"https:\/\/www.facebook.com\/Fuentes-Fidedignas-368234489921644","article_published_time":"2026-01-03T17:59:05+00:00","og_image":[{"width":743,"height":448,"url":"https:\/\/fuentesfidedignas.com.mx\/wp-content\/uploads\/2026\/01\/img_9676.jpg","type":"image\/jpeg"}],"author":"Luis \u00c1ngel Rivera Ayala","twitter_card":"summary_large_image","twitter_creator":"@fidedignas","twitter_site":"@fidedignas","twitter_misc":{"Escrito por":"Luis \u00c1ngel Rivera Ayala","Tiempo de lectura":"3 minutos"},"schema":{"@context":"https:\/\/schema.org","@graph":[{"@type":"Article","@id":"https:\/\/fuentesfidedignas.com.mx\/index.php\/2026\/01\/03\/sinaloa-se-canta-con-el-corazon-una-charla-con-adrian-varela-en-los-ases-de-oro\/#article","isPartOf":{"@id":"https:\/\/fuentesfidedignas.com.mx\/index.php\/2026\/01\/03\/sinaloa-se-canta-con-el-corazon-una-charla-con-adrian-varela-en-los-ases-de-oro\/"},"author":{"name":"Luis \u00c1ngel Rivera Ayala","@id":"https:\/\/fuentesfidedignas.com.mx\/#\/schema\/person\/a4e2898d4dca7bbeb0a2f77bb90f4817"},"headline":"Sinaloa se canta con el coraz\u00f3n: una charla con Adri\u00e1n Varela en los ASES de Oro","datePublished":"2026-01-03T17:59:05+00:00","mainEntityOfPage":{"@id":"https:\/\/fuentesfidedignas.com.mx\/index.php\/2026\/01\/03\/sinaloa-se-canta-con-el-corazon-una-charla-con-adrian-varela-en-los-ases-de-oro\/"},"wordCount":605,"publisher":{"@id":"https:\/\/fuentesfidedignas.com.mx\/#organization"},"image":{"@id":"https:\/\/fuentesfidedignas.com.mx\/index.php\/2026\/01\/03\/sinaloa-se-canta-con-el-corazon-una-charla-con-adrian-varela-en-los-ases-de-oro\/#primaryimage"},"thumbnailUrl":"https:\/\/fuentesfidedignas.com.mx\/wp-content\/uploads\/2026\/01\/img_9676.jpg","articleSection":["RULETEANDO"],"inLanguage":"es"},{"@type":"WebPage","@id":"https:\/\/fuentesfidedignas.com.mx\/index.php\/2026\/01\/03\/sinaloa-se-canta-con-el-corazon-una-charla-con-adrian-varela-en-los-ases-de-oro\/","url":"https:\/\/fuentesfidedignas.com.mx\/index.php\/2026\/01\/03\/sinaloa-se-canta-con-el-corazon-una-charla-con-adrian-varela-en-los-ases-de-oro\/","name":"Sinaloa se canta con el coraz\u00f3n: una charla con Adri\u00e1n Varela en los ASES de Oro - Fuentes Fidedignas","isPartOf":{"@id":"https:\/\/fuentesfidedignas.com.mx\/#website"},"primaryImageOfPage":{"@id":"https:\/\/fuentesfidedignas.com.mx\/index.php\/2026\/01\/03\/sinaloa-se-canta-con-el-corazon-una-charla-con-adrian-varela-en-los-ases-de-oro\/#primaryimage"},"image":{"@id":"https:\/\/fuentesfidedignas.com.mx\/index.php\/2026\/01\/03\/sinaloa-se-canta-con-el-corazon-una-charla-con-adrian-varela-en-los-ases-de-oro\/#primaryimage"},"thumbnailUrl":"https:\/\/fuentesfidedignas.com.mx\/wp-content\/uploads\/2026\/01\/img_9676.jpg","datePublished":"2026-01-03T17:59:05+00:00","breadcrumb":{"@id":"https:\/\/fuentesfidedignas.com.mx\/index.php\/2026\/01\/03\/sinaloa-se-canta-con-el-corazon-una-charla-con-adrian-varela-en-los-ases-de-oro\/#breadcrumb"},"inLanguage":"es","potentialAction":[{"@type":"ReadAction","target":["https:\/\/fuentesfidedignas.com.mx\/index.php\/2026\/01\/03\/sinaloa-se-canta-con-el-corazon-una-charla-con-adrian-varela-en-los-ases-de-oro\/"]}]},{"@type":"ImageObject","inLanguage":"es","@id":"https:\/\/fuentesfidedignas.com.mx\/index.php\/2026\/01\/03\/sinaloa-se-canta-con-el-corazon-una-charla-con-adrian-varela-en-los-ases-de-oro\/#primaryimage","url":"https:\/\/fuentesfidedignas.com.mx\/wp-content\/uploads\/2026\/01\/img_9676.jpg","contentUrl":"https:\/\/fuentesfidedignas.com.mx\/wp-content\/uploads\/2026\/01\/img_9676.jpg","width":743,"height":448},{"@type":"BreadcrumbList","@id":"https:\/\/fuentesfidedignas.com.mx\/index.php\/2026\/01\/03\/sinaloa-se-canta-con-el-corazon-una-charla-con-adrian-varela-en-los-ases-de-oro\/#breadcrumb","itemListElement":[{"@type":"ListItem","position":1,"name":"Inicio","item":"https:\/\/fuentesfidedignas.com.mx\/"},{"@type":"ListItem","position":2,"name":"Sinaloa se canta con el coraz\u00f3n: una charla con Adri\u00e1n Varela en los ASES de Oro"}]},{"@type":"WebSite","@id":"https:\/\/fuentesfidedignas.com.mx\/#website","url":"https:\/\/fuentesfidedignas.com.mx\/","name":"Fuentes Fidedignas","description":"Otro sitio realizado con WordPress","publisher":{"@id":"https:\/\/fuentesfidedignas.com.mx\/#organization"},"potentialAction":[{"@type":"SearchAction","target":{"@type":"EntryPoint","urlTemplate":"https:\/\/fuentesfidedignas.com.mx\/?s={search_term_string}"},"query-input":{"@type":"PropertyValueSpecification","valueRequired":true,"valueName":"search_term_string"}}],"inLanguage":"es"},{"@type":"Organization","@id":"https:\/\/fuentesfidedignas.com.mx\/#organization","name":"Fuentes Fidedignas","url":"https:\/\/fuentesfidedignas.com.mx\/","logo":{"@type":"ImageObject","inLanguage":"es","@id":"https:\/\/fuentesfidedignas.com.mx\/#\/schema\/logo\/image\/","url":"https:\/\/fuentesfidedignas.com.mx\/wp-content\/uploads\/2021\/04\/logo-retina.png","contentUrl":"https:\/\/fuentesfidedignas.com.mx\/wp-content\/uploads\/2021\/04\/logo-retina.png","width":280,"height":51,"caption":"Fuentes Fidedignas"},"image":{"@id":"https:\/\/fuentesfidedignas.com.mx\/#\/schema\/logo\/image\/"},"sameAs":["https:\/\/www.facebook.com\/Fuentes-Fidedignas-368234489921644","https:\/\/x.com\/fidedignas"]},{"@type":"Person","@id":"https:\/\/fuentesfidedignas.com.mx\/#\/schema\/person\/a4e2898d4dca7bbeb0a2f77bb90f4817","name":"Luis \u00c1ngel Rivera Ayala","image":{"@type":"ImageObject","inLanguage":"es","@id":"https:\/\/fuentesfidedignas.com.mx\/wp-content\/uploads\/2025\/02\/Luis_Angel-2025-removebg-preview-150x150.png","url":"https:\/\/fuentesfidedignas.com.mx\/wp-content\/uploads\/2025\/02\/Luis_Angel-2025-removebg-preview-150x150.png","contentUrl":"https:\/\/fuentesfidedignas.com.mx\/wp-content\/uploads\/2025\/02\/Luis_Angel-2025-removebg-preview-150x150.png","caption":"Luis \u00c1ngel Rivera Ayala"},"url":"https:\/\/fuentesfidedignas.com.mx\/index.php\/author\/luisar\/"}]}},"_links":{"self":[{"href":"https:\/\/fuentesfidedignas.com.mx\/index.php\/wp-json\/wp\/v2\/posts\/124594","targetHints":{"allow":["GET"]}}],"collection":[{"href":"https:\/\/fuentesfidedignas.com.mx\/index.php\/wp-json\/wp\/v2\/posts"}],"about":[{"href":"https:\/\/fuentesfidedignas.com.mx\/index.php\/wp-json\/wp\/v2\/types\/post"}],"author":[{"embeddable":true,"href":"https:\/\/fuentesfidedignas.com.mx\/index.php\/wp-json\/wp\/v2\/users\/139"}],"replies":[{"embeddable":true,"href":"https:\/\/fuentesfidedignas.com.mx\/index.php\/wp-json\/wp\/v2\/comments?post=124594"}],"version-history":[{"count":1,"href":"https:\/\/fuentesfidedignas.com.mx\/index.php\/wp-json\/wp\/v2\/posts\/124594\/revisions"}],"predecessor-version":[{"id":124595,"href":"https:\/\/fuentesfidedignas.com.mx\/index.php\/wp-json\/wp\/v2\/posts\/124594\/revisions\/124595"}],"wp:featuredmedia":[{"embeddable":true,"href":"https:\/\/fuentesfidedignas.com.mx\/index.php\/wp-json\/wp\/v2\/media\/124593"}],"wp:attachment":[{"href":"https:\/\/fuentesfidedignas.com.mx\/index.php\/wp-json\/wp\/v2\/media?parent=124594"}],"wp:term":[{"taxonomy":"category","embeddable":true,"href":"https:\/\/fuentesfidedignas.com.mx\/index.php\/wp-json\/wp\/v2\/categories?post=124594"},{"taxonomy":"post_tag","embeddable":true,"href":"https:\/\/fuentesfidedignas.com.mx\/index.php\/wp-json\/wp\/v2\/tags?post=124594"}],"curies":[{"name":"wp","href":"https:\/\/api.w.org\/{rel}","templated":true}]}}