{"id":12459,"date":"2021-09-13T14:45:35","date_gmt":"2021-09-13T21:45:35","guid":{"rendered":"https:\/\/fuentesfidedignas.com.mx\/?p=12459"},"modified":"2021-09-13T14:46:24","modified_gmt":"2021-09-13T21:46:24","slug":"embajada-para-quirino-ordaz-pago-de-amlo-por-narcoeleccion-pan","status":"publish","type":"post","link":"https:\/\/fuentesfidedignas.com.mx\/index.php\/2021\/09\/13\/embajada-para-quirino-ordaz-pago-de-amlo-por-narcoeleccion-pan\/","title":{"rendered":"Embajada para Quirino Ordaz, pago de AMLO por narcoelecci\u00f3n: PAN"},"content":{"rendered":"\n<p><strong><em>H\u00e9ctor Larios, presidente en funciones del PAN, consider\u00f3 que Quirino Ordaz como embajador en Espa\u00f1a ayudara a proteger a Pe\u00f1a Nieto.<\/em><\/strong><\/p>\n\n\n\n<p>Ciudad de M\u00e9xico.- H\u00e9ctor Larios C\u00f3rdova, secretario general del PAN, consider\u00f3 que la propuesta del presidente Andr\u00e9s Manuel L\u00f3pez Obrador para que Quirino Ordaz, gobernador de Sinaloa, sea embajador en Espa\u00f1a es un pago de favores por haber dejado que el C\u00e1rtel de Sinaloa interviniera en las pasadas elecciones y ganara Morena.<\/p>\n\n\n\n<p>\u201cSe llev\u00f3 a cabo la elecci\u00f3n para gobernador con la clar\u00edsima participaci\u00f3n del crimen organizado, est\u00e1 absolutamente documentado, municipio por municipio, las acciones del crimen, el ejemplo m\u00e1s claro fue en Badiraguato\u201d, coment\u00f3 Larios, quien actualmente tiene las funciones de presidente del Partido Acci\u00f3n Nacional (PAN).<\/p>\n\n\n\n<p>\u201cQue le den la embajada de Espa\u00f1a es para pagarle el favor de haber permitido que se realizara la elecci\u00f3n de esa manera\u201d, a\u00f1adi\u00f3.<\/p>\n\n\n\n<p>En entrevista con Forbes M\u00e9xico, el panista consider\u00f3 que el nombramiento tambi\u00e9n atiende a la alianza que existe entre el tabasque\u00f1o y el expresidente Enrique Pe\u00f1a Nieto, quien actualmente reside en Espa\u00f1a y a quien, asegur\u00f3, se le ofrece un pacto de impunidad.<\/p>\n\n\n\n<p>Larios coment\u00f3 que aunque en otras democracias la inclusi\u00f3n de personajes pol\u00edticos de oposici\u00f3n en el gobierno abona a la discusi\u00f3n e inclusi\u00f3n, en M\u00e9xico no se puede concebir esta f\u00f3rmula, ya que el mandatario federal ejerce una presidencia donde s\u00f3lo \u00e9l tiene voz.<\/p>\n\n\n\n<p>\u201cEl presidente es una persona que as\u00ed misma se concibe como el \u00fanico que puede tomar decisiones en el gobierno. Es com\u00fan que un secretario de Estado declare una cosa y el presidente al d\u00eda en la ma\u00f1anera la corrige, quiere hacer patente que el \u00fanico que manda es \u00e9l\u201d, dijo Larios C\u00f3rdova.<\/p>\n\n\n\n<p>\u201cDe manera que incorporar a gente de otros partidos a su equipo pues no significa que vayan a tener un juego\u201d, sostuvo.<\/p>\n\n\n\n<p>El l\u00edder del blanquiazul descart\u00f3 que estos nombramientos afecten la alianza del PAN con el PRD y el PRI, toda vez que los exgobernadores act\u00faan bajo criterio propio y no de partido.<\/p>\n\n\n\n<p><strong>Corral dej\u00f3 mala imagen ante gobernados<\/strong><br>Respecto a las cr\u00edticas que ha vertido Javier Corral sobre el destino del PAN, H\u00e9ctor Larios lament\u00f3 que el exgobernador de Chihuahua haya tenido el respaldo de la poblaci\u00f3n al inicio de su mandato y que a la conclusi\u00f3n de \u00e9ste los haya decepcionado.<\/p>\n\n\n\n<p>\u201cAcabo de estar dos d\u00edas en Chihuahua en varios municipios y me impresion\u00f3 la mala imagen que construy\u00f3 en su gobierno. Realmente es rechazado, no lo digo por el PAN, sino por la ciudadan\u00eda en general. Lo que haga en el futuro yo le deseo suerte\u201d, dijo el l\u00edder panista.<\/p>\n\n\n\n<p>\u2014\u00c9l dijo que analiza si su futuro est\u00e1 en el PAN\u2014 se le indic\u00f3.<\/p>\n\n\n\n<p>\u2014Esa es una decisi\u00f3n que \u00e9l deber\u00e1 tomar, el PAN no iniciar\u00e1 ning\u00fan proceso contra \u00e9l, pero si \u00e9l decide permanecer en el PAN ser\u00e1 panista y si no, yo le deseo suerte en lo que \u00e9l decida \u2014expres\u00f3 Larios C\u00f3rdova.<\/p>\n","protected":false},"excerpt":{"rendered":"<p>H\u00e9ctor Larios, presidente en funciones del PAN, consider\u00f3 que Quirino Ordaz como embajador en Espa\u00f1a ayudara a proteger a Pe\u00f1a Nieto. Ciudad de M\u00e9xico.- H\u00e9ctor Larios C\u00f3rdova, secretario general del PAN, consider\u00f3 que la propuesta del presidente Andr\u00e9s Manuel L\u00f3pez Obrador para que Quirino Ordaz, gobernador de Sinaloa, sea embajador en Espa\u00f1a es un pago [&hellip;]<\/p>\n","protected":false},"author":5,"featured_media":12460,"comment_status":"open","ping_status":"open","sticky":false,"template":"","format":"standard","meta":{"tdm_status":"","tdm_grid_status":"","footnotes":""},"categories":[37],"tags":[247,297,383,45,213,421,1783],"class_list":{"0":"post-12459","1":"post","2":"type-post","3":"status-publish","4":"format-standard","5":"has-post-thumbnail","7":"category-nota-principal","8":"tag-amlo","9":"tag-andres-manuel-lopez-obrador","10":"tag-cartel-de-sinaloa-2","11":"tag-morena","12":"tag-pan","13":"tag-partido-accion-nacional","14":"tag-quirino-ordaz-coppel"},"yoast_head":"<!-- This site is optimized with the Yoast SEO plugin v27.4 - https:\/\/yoast.com\/product\/yoast-seo-wordpress\/ -->\n<title>Embajada para Quirino Ordaz, pago de AMLO por narcoelecci\u00f3n: PAN - Fuentes Fidedignas<\/title>\n<meta name=\"robots\" content=\"index, follow, max-snippet:-1, max-image-preview:large, max-video-preview:-1\" \/>\n<link rel=\"canonical\" href=\"https:\/\/fuentesfidedignas.com.mx\/index.php\/2021\/09\/13\/embajada-para-quirino-ordaz-pago-de-amlo-por-narcoeleccion-pan\/\" \/>\n<meta property=\"og:locale\" content=\"es_MX\" \/>\n<meta property=\"og:type\" content=\"article\" \/>\n<meta property=\"og:title\" content=\"Embajada para Quirino Ordaz, pago de AMLO por narcoelecci\u00f3n: PAN - Fuentes Fidedignas\" \/>\n<meta property=\"og:description\" content=\"H\u00e9ctor Larios, presidente en funciones del PAN, consider\u00f3 que Quirino Ordaz como embajador en Espa\u00f1a ayudara a proteger a Pe\u00f1a Nieto. Ciudad de M\u00e9xico.- H\u00e9ctor Larios C\u00f3rdova, secretario general del PAN, consider\u00f3 que la propuesta del presidente Andr\u00e9s Manuel L\u00f3pez Obrador para que Quirino Ordaz, gobernador de Sinaloa, sea embajador en Espa\u00f1a es un pago [&hellip;]\" \/>\n<meta property=\"og:url\" content=\"https:\/\/fuentesfidedignas.com.mx\/index.php\/2021\/09\/13\/embajada-para-quirino-ordaz-pago-de-amlo-por-narcoeleccion-pan\/\" \/>\n<meta property=\"og:site_name\" content=\"Fuentes Fidedignas\" \/>\n<meta property=\"article:publisher\" content=\"https:\/\/www.facebook.com\/Fuentes-Fidedignas-368234489921644\" \/>\n<meta property=\"article:published_time\" content=\"2021-09-13T21:45:35+00:00\" \/>\n<meta property=\"article:modified_time\" content=\"2021-09-13T21:46:24+00:00\" \/>\n<meta property=\"og:image\" content=\"https:\/\/fuentesfidedignas.com.mx\/wp-content\/uploads\/2021\/09\/AMLO-Quirino-Ordaz-640x360-1.jpg\" \/>\n\t<meta property=\"og:image:width\" content=\"640\" \/>\n\t<meta property=\"og:image:height\" content=\"360\" \/>\n\t<meta property=\"og:image:type\" content=\"image\/jpeg\" \/>\n<meta name=\"author\" content=\"Forbes\" \/>\n<meta name=\"twitter:card\" content=\"summary_large_image\" \/>\n<meta name=\"twitter:creator\" content=\"@fidedignas\" \/>\n<meta name=\"twitter:site\" content=\"@fidedignas\" \/>\n<meta name=\"twitter:label1\" content=\"Escrito por\" \/>\n\t<meta name=\"twitter:data1\" content=\"Forbes\" \/>\n\t<meta name=\"twitter:label2\" content=\"Tiempo de lectura\" \/>\n\t<meta name=\"twitter:data2\" content=\"3 minutos\" \/>\n<script type=\"application\/ld+json\" class=\"yoast-schema-graph\">{\"@context\":\"https:\\\/\\\/schema.org\",\"@graph\":[{\"@type\":\"Article\",\"@id\":\"https:\\\/\\\/fuentesfidedignas.com.mx\\\/index.php\\\/2021\\\/09\\\/13\\\/embajada-para-quirino-ordaz-pago-de-amlo-por-narcoeleccion-pan\\\/#article\",\"isPartOf\":{\"@id\":\"https:\\\/\\\/fuentesfidedignas.com.mx\\\/index.php\\\/2021\\\/09\\\/13\\\/embajada-para-quirino-ordaz-pago-de-amlo-por-narcoeleccion-pan\\\/\"},\"author\":{\"name\":\"Forbes\",\"@id\":\"https:\\\/\\\/fuentesfidedignas.com.mx\\\/#\\\/schema\\\/person\\\/5623d53fe2e579d825b1679734abcc44\"},\"headline\":\"Embajada para Quirino Ordaz, pago de AMLO por narcoelecci\u00f3n: PAN\",\"datePublished\":\"2021-09-13T21:45:35+00:00\",\"dateModified\":\"2021-09-13T21:46:24+00:00\",\"mainEntityOfPage\":{\"@id\":\"https:\\\/\\\/fuentesfidedignas.com.mx\\\/index.php\\\/2021\\\/09\\\/13\\\/embajada-para-quirino-ordaz-pago-de-amlo-por-narcoeleccion-pan\\\/\"},\"wordCount\":551,\"commentCount\":0,\"publisher\":{\"@id\":\"https:\\\/\\\/fuentesfidedignas.com.mx\\\/#organization\"},\"image\":{\"@id\":\"https:\\\/\\\/fuentesfidedignas.com.mx\\\/index.php\\\/2021\\\/09\\\/13\\\/embajada-para-quirino-ordaz-pago-de-amlo-por-narcoeleccion-pan\\\/#primaryimage\"},\"thumbnailUrl\":\"https:\\\/\\\/fuentesfidedignas.com.mx\\\/wp-content\\\/uploads\\\/2021\\\/09\\\/AMLO-Quirino-Ordaz-640x360-1.jpg\",\"keywords\":[\"AMLO\",\"Andr\u00e9s Manuel L\u00f3pez Obrador\",\"c\u00e1rtel de Sinaloa\",\"morena\",\"PAN\",\"Partido Acci\u00f3n Nacional\",\"Quirino Ordaz Coppel\"],\"articleSection\":[\"NOTA PRINCIPAL\"],\"inLanguage\":\"es\",\"potentialAction\":[{\"@type\":\"CommentAction\",\"name\":\"Comment\",\"target\":[\"https:\\\/\\\/fuentesfidedignas.com.mx\\\/index.php\\\/2021\\\/09\\\/13\\\/embajada-para-quirino-ordaz-pago-de-amlo-por-narcoeleccion-pan\\\/#respond\"]}]},{\"@type\":\"WebPage\",\"@id\":\"https:\\\/\\\/fuentesfidedignas.com.mx\\\/index.php\\\/2021\\\/09\\\/13\\\/embajada-para-quirino-ordaz-pago-de-amlo-por-narcoeleccion-pan\\\/\",\"url\":\"https:\\\/\\\/fuentesfidedignas.com.mx\\\/index.php\\\/2021\\\/09\\\/13\\\/embajada-para-quirino-ordaz-pago-de-amlo-por-narcoeleccion-pan\\\/\",\"name\":\"Embajada para Quirino Ordaz, pago de AMLO por narcoelecci\u00f3n: PAN - Fuentes Fidedignas\",\"isPartOf\":{\"@id\":\"https:\\\/\\\/fuentesfidedignas.com.mx\\\/#website\"},\"primaryImageOfPage\":{\"@id\":\"https:\\\/\\\/fuentesfidedignas.com.mx\\\/index.php\\\/2021\\\/09\\\/13\\\/embajada-para-quirino-ordaz-pago-de-amlo-por-narcoeleccion-pan\\\/#primaryimage\"},\"image\":{\"@id\":\"https:\\\/\\\/fuentesfidedignas.com.mx\\\/index.php\\\/2021\\\/09\\\/13\\\/embajada-para-quirino-ordaz-pago-de-amlo-por-narcoeleccion-pan\\\/#primaryimage\"},\"thumbnailUrl\":\"https:\\\/\\\/fuentesfidedignas.com.mx\\\/wp-content\\\/uploads\\\/2021\\\/09\\\/AMLO-Quirino-Ordaz-640x360-1.jpg\",\"datePublished\":\"2021-09-13T21:45:35+00:00\",\"dateModified\":\"2021-09-13T21:46:24+00:00\",\"breadcrumb\":{\"@id\":\"https:\\\/\\\/fuentesfidedignas.com.mx\\\/index.php\\\/2021\\\/09\\\/13\\\/embajada-para-quirino-ordaz-pago-de-amlo-por-narcoeleccion-pan\\\/#breadcrumb\"},\"inLanguage\":\"es\",\"potentialAction\":[{\"@type\":\"ReadAction\",\"target\":[\"https:\\\/\\\/fuentesfidedignas.com.mx\\\/index.php\\\/2021\\\/09\\\/13\\\/embajada-para-quirino-ordaz-pago-de-amlo-por-narcoeleccion-pan\\\/\"]}]},{\"@type\":\"ImageObject\",\"inLanguage\":\"es\",\"@id\":\"https:\\\/\\\/fuentesfidedignas.com.mx\\\/index.php\\\/2021\\\/09\\\/13\\\/embajada-para-quirino-ordaz-pago-de-amlo-por-narcoeleccion-pan\\\/#primaryimage\",\"url\":\"https:\\\/\\\/fuentesfidedignas.com.mx\\\/wp-content\\\/uploads\\\/2021\\\/09\\\/AMLO-Quirino-Ordaz-640x360-1.jpg\",\"contentUrl\":\"https:\\\/\\\/fuentesfidedignas.com.mx\\\/wp-content\\\/uploads\\\/2021\\\/09\\\/AMLO-Quirino-Ordaz-640x360-1.jpg\",\"width\":640,\"height\":360},{\"@type\":\"BreadcrumbList\",\"@id\":\"https:\\\/\\\/fuentesfidedignas.com.mx\\\/index.php\\\/2021\\\/09\\\/13\\\/embajada-para-quirino-ordaz-pago-de-amlo-por-narcoeleccion-pan\\\/#breadcrumb\",\"itemListElement\":[{\"@type\":\"ListItem\",\"position\":1,\"name\":\"Inicio\",\"item\":\"https:\\\/\\\/fuentesfidedignas.com.mx\\\/\"},{\"@type\":\"ListItem\",\"position\":2,\"name\":\"Embajada para Quirino Ordaz, pago de AMLO por narcoelecci\u00f3n: PAN\"}]},{\"@type\":\"WebSite\",\"@id\":\"https:\\\/\\\/fuentesfidedignas.com.mx\\\/#website\",\"url\":\"https:\\\/\\\/fuentesfidedignas.com.mx\\\/\",\"name\":\"Fuentes Fidedignas\",\"description\":\"Otro sitio realizado con WordPress\",\"publisher\":{\"@id\":\"https:\\\/\\\/fuentesfidedignas.com.mx\\\/#organization\"},\"potentialAction\":[{\"@type\":\"SearchAction\",\"target\":{\"@type\":\"EntryPoint\",\"urlTemplate\":\"https:\\\/\\\/fuentesfidedignas.com.mx\\\/?s={search_term_string}\"},\"query-input\":{\"@type\":\"PropertyValueSpecification\",\"valueRequired\":true,\"valueName\":\"search_term_string\"}}],\"inLanguage\":\"es\"},{\"@type\":\"Organization\",\"@id\":\"https:\\\/\\\/fuentesfidedignas.com.mx\\\/#organization\",\"name\":\"Fuentes Fidedignas\",\"url\":\"https:\\\/\\\/fuentesfidedignas.com.mx\\\/\",\"logo\":{\"@type\":\"ImageObject\",\"inLanguage\":\"es\",\"@id\":\"https:\\\/\\\/fuentesfidedignas.com.mx\\\/#\\\/schema\\\/logo\\\/image\\\/\",\"url\":\"https:\\\/\\\/fuentesfidedignas.com.mx\\\/wp-content\\\/uploads\\\/2021\\\/04\\\/logo-retina.png\",\"contentUrl\":\"https:\\\/\\\/fuentesfidedignas.com.mx\\\/wp-content\\\/uploads\\\/2021\\\/04\\\/logo-retina.png\",\"width\":280,\"height\":51,\"caption\":\"Fuentes Fidedignas\"},\"image\":{\"@id\":\"https:\\\/\\\/fuentesfidedignas.com.mx\\\/#\\\/schema\\\/logo\\\/image\\\/\"},\"sameAs\":[\"https:\\\/\\\/www.facebook.com\\\/Fuentes-Fidedignas-368234489921644\",\"https:\\\/\\\/x.com\\\/fidedignas\"]},{\"@type\":\"Person\",\"@id\":\"https:\\\/\\\/fuentesfidedignas.com.mx\\\/#\\\/schema\\\/person\\\/5623d53fe2e579d825b1679734abcc44\",\"name\":\"Forbes\",\"image\":{\"@type\":\"ImageObject\",\"inLanguage\":\"es\",\"@id\":\"https:\\\/\\\/secure.gravatar.com\\\/avatar\\\/87ce3dd4e41e60c22a79c758614f01a6bc2469255fc936ec7b15efb9bb5cb66f?s=96&d=mm&r=g\",\"url\":\"https:\\\/\\\/secure.gravatar.com\\\/avatar\\\/87ce3dd4e41e60c22a79c758614f01a6bc2469255fc936ec7b15efb9bb5cb66f?s=96&d=mm&r=g\",\"contentUrl\":\"https:\\\/\\\/secure.gravatar.com\\\/avatar\\\/87ce3dd4e41e60c22a79c758614f01a6bc2469255fc936ec7b15efb9bb5cb66f?s=96&d=mm&r=g\",\"caption\":\"Forbes\"},\"url\":\"https:\\\/\\\/fuentesfidedignas.com.mx\\\/index.php\\\/author\\\/forbes\\\/\"}]}<\/script>\n<!-- \/ Yoast SEO plugin. -->","yoast_head_json":{"title":"Embajada para Quirino Ordaz, pago de AMLO por narcoelecci\u00f3n: PAN - Fuentes Fidedignas","robots":{"index":"index","follow":"follow","max-snippet":"max-snippet:-1","max-image-preview":"max-image-preview:large","max-video-preview":"max-video-preview:-1"},"canonical":"https:\/\/fuentesfidedignas.com.mx\/index.php\/2021\/09\/13\/embajada-para-quirino-ordaz-pago-de-amlo-por-narcoeleccion-pan\/","og_locale":"es_MX","og_type":"article","og_title":"Embajada para Quirino Ordaz, pago de AMLO por narcoelecci\u00f3n: PAN - Fuentes Fidedignas","og_description":"H\u00e9ctor Larios, presidente en funciones del PAN, consider\u00f3 que Quirino Ordaz como embajador en Espa\u00f1a ayudara a proteger a Pe\u00f1a Nieto. Ciudad de M\u00e9xico.- H\u00e9ctor Larios C\u00f3rdova, secretario general del PAN, consider\u00f3 que la propuesta del presidente Andr\u00e9s Manuel L\u00f3pez Obrador para que Quirino Ordaz, gobernador de Sinaloa, sea embajador en Espa\u00f1a es un pago [&hellip;]","og_url":"https:\/\/fuentesfidedignas.com.mx\/index.php\/2021\/09\/13\/embajada-para-quirino-ordaz-pago-de-amlo-por-narcoeleccion-pan\/","og_site_name":"Fuentes Fidedignas","article_publisher":"https:\/\/www.facebook.com\/Fuentes-Fidedignas-368234489921644","article_published_time":"2021-09-13T21:45:35+00:00","article_modified_time":"2021-09-13T21:46:24+00:00","og_image":[{"width":640,"height":360,"url":"https:\/\/fuentesfidedignas.com.mx\/wp-content\/uploads\/2021\/09\/AMLO-Quirino-Ordaz-640x360-1.jpg","type":"image\/jpeg"}],"author":"Forbes","twitter_card":"summary_large_image","twitter_creator":"@fidedignas","twitter_site":"@fidedignas","twitter_misc":{"Escrito por":"Forbes","Tiempo de lectura":"3 minutos"},"schema":{"@context":"https:\/\/schema.org","@graph":[{"@type":"Article","@id":"https:\/\/fuentesfidedignas.com.mx\/index.php\/2021\/09\/13\/embajada-para-quirino-ordaz-pago-de-amlo-por-narcoeleccion-pan\/#article","isPartOf":{"@id":"https:\/\/fuentesfidedignas.com.mx\/index.php\/2021\/09\/13\/embajada-para-quirino-ordaz-pago-de-amlo-por-narcoeleccion-pan\/"},"author":{"name":"Forbes","@id":"https:\/\/fuentesfidedignas.com.mx\/#\/schema\/person\/5623d53fe2e579d825b1679734abcc44"},"headline":"Embajada para Quirino Ordaz, pago de AMLO por narcoelecci\u00f3n: PAN","datePublished":"2021-09-13T21:45:35+00:00","dateModified":"2021-09-13T21:46:24+00:00","mainEntityOfPage":{"@id":"https:\/\/fuentesfidedignas.com.mx\/index.php\/2021\/09\/13\/embajada-para-quirino-ordaz-pago-de-amlo-por-narcoeleccion-pan\/"},"wordCount":551,"commentCount":0,"publisher":{"@id":"https:\/\/fuentesfidedignas.com.mx\/#organization"},"image":{"@id":"https:\/\/fuentesfidedignas.com.mx\/index.php\/2021\/09\/13\/embajada-para-quirino-ordaz-pago-de-amlo-por-narcoeleccion-pan\/#primaryimage"},"thumbnailUrl":"https:\/\/fuentesfidedignas.com.mx\/wp-content\/uploads\/2021\/09\/AMLO-Quirino-Ordaz-640x360-1.jpg","keywords":["AMLO","Andr\u00e9s Manuel L\u00f3pez Obrador","c\u00e1rtel de Sinaloa","morena","PAN","Partido Acci\u00f3n Nacional","Quirino Ordaz Coppel"],"articleSection":["NOTA PRINCIPAL"],"inLanguage":"es","potentialAction":[{"@type":"CommentAction","name":"Comment","target":["https:\/\/fuentesfidedignas.com.mx\/index.php\/2021\/09\/13\/embajada-para-quirino-ordaz-pago-de-amlo-por-narcoeleccion-pan\/#respond"]}]},{"@type":"WebPage","@id":"https:\/\/fuentesfidedignas.com.mx\/index.php\/2021\/09\/13\/embajada-para-quirino-ordaz-pago-de-amlo-por-narcoeleccion-pan\/","url":"https:\/\/fuentesfidedignas.com.mx\/index.php\/2021\/09\/13\/embajada-para-quirino-ordaz-pago-de-amlo-por-narcoeleccion-pan\/","name":"Embajada para Quirino Ordaz, pago de AMLO por narcoelecci\u00f3n: PAN - Fuentes Fidedignas","isPartOf":{"@id":"https:\/\/fuentesfidedignas.com.mx\/#website"},"primaryImageOfPage":{"@id":"https:\/\/fuentesfidedignas.com.mx\/index.php\/2021\/09\/13\/embajada-para-quirino-ordaz-pago-de-amlo-por-narcoeleccion-pan\/#primaryimage"},"image":{"@id":"https:\/\/fuentesfidedignas.com.mx\/index.php\/2021\/09\/13\/embajada-para-quirino-ordaz-pago-de-amlo-por-narcoeleccion-pan\/#primaryimage"},"thumbnailUrl":"https:\/\/fuentesfidedignas.com.mx\/wp-content\/uploads\/2021\/09\/AMLO-Quirino-Ordaz-640x360-1.jpg","datePublished":"2021-09-13T21:45:35+00:00","dateModified":"2021-09-13T21:46:24+00:00","breadcrumb":{"@id":"https:\/\/fuentesfidedignas.com.mx\/index.php\/2021\/09\/13\/embajada-para-quirino-ordaz-pago-de-amlo-por-narcoeleccion-pan\/#breadcrumb"},"inLanguage":"es","potentialAction":[{"@type":"ReadAction","target":["https:\/\/fuentesfidedignas.com.mx\/index.php\/2021\/09\/13\/embajada-para-quirino-ordaz-pago-de-amlo-por-narcoeleccion-pan\/"]}]},{"@type":"ImageObject","inLanguage":"es","@id":"https:\/\/fuentesfidedignas.com.mx\/index.php\/2021\/09\/13\/embajada-para-quirino-ordaz-pago-de-amlo-por-narcoeleccion-pan\/#primaryimage","url":"https:\/\/fuentesfidedignas.com.mx\/wp-content\/uploads\/2021\/09\/AMLO-Quirino-Ordaz-640x360-1.jpg","contentUrl":"https:\/\/fuentesfidedignas.com.mx\/wp-content\/uploads\/2021\/09\/AMLO-Quirino-Ordaz-640x360-1.jpg","width":640,"height":360},{"@type":"BreadcrumbList","@id":"https:\/\/fuentesfidedignas.com.mx\/index.php\/2021\/09\/13\/embajada-para-quirino-ordaz-pago-de-amlo-por-narcoeleccion-pan\/#breadcrumb","itemListElement":[{"@type":"ListItem","position":1,"name":"Inicio","item":"https:\/\/fuentesfidedignas.com.mx\/"},{"@type":"ListItem","position":2,"name":"Embajada para Quirino Ordaz, pago de AMLO por narcoelecci\u00f3n: PAN"}]},{"@type":"WebSite","@id":"https:\/\/fuentesfidedignas.com.mx\/#website","url":"https:\/\/fuentesfidedignas.com.mx\/","name":"Fuentes Fidedignas","description":"Otro sitio realizado con WordPress","publisher":{"@id":"https:\/\/fuentesfidedignas.com.mx\/#organization"},"potentialAction":[{"@type":"SearchAction","target":{"@type":"EntryPoint","urlTemplate":"https:\/\/fuentesfidedignas.com.mx\/?s={search_term_string}"},"query-input":{"@type":"PropertyValueSpecification","valueRequired":true,"valueName":"search_term_string"}}],"inLanguage":"es"},{"@type":"Organization","@id":"https:\/\/fuentesfidedignas.com.mx\/#organization","name":"Fuentes Fidedignas","url":"https:\/\/fuentesfidedignas.com.mx\/","logo":{"@type":"ImageObject","inLanguage":"es","@id":"https:\/\/fuentesfidedignas.com.mx\/#\/schema\/logo\/image\/","url":"https:\/\/fuentesfidedignas.com.mx\/wp-content\/uploads\/2021\/04\/logo-retina.png","contentUrl":"https:\/\/fuentesfidedignas.com.mx\/wp-content\/uploads\/2021\/04\/logo-retina.png","width":280,"height":51,"caption":"Fuentes Fidedignas"},"image":{"@id":"https:\/\/fuentesfidedignas.com.mx\/#\/schema\/logo\/image\/"},"sameAs":["https:\/\/www.facebook.com\/Fuentes-Fidedignas-368234489921644","https:\/\/x.com\/fidedignas"]},{"@type":"Person","@id":"https:\/\/fuentesfidedignas.com.mx\/#\/schema\/person\/5623d53fe2e579d825b1679734abcc44","name":"Forbes","image":{"@type":"ImageObject","inLanguage":"es","@id":"https:\/\/secure.gravatar.com\/avatar\/87ce3dd4e41e60c22a79c758614f01a6bc2469255fc936ec7b15efb9bb5cb66f?s=96&d=mm&r=g","url":"https:\/\/secure.gravatar.com\/avatar\/87ce3dd4e41e60c22a79c758614f01a6bc2469255fc936ec7b15efb9bb5cb66f?s=96&d=mm&r=g","contentUrl":"https:\/\/secure.gravatar.com\/avatar\/87ce3dd4e41e60c22a79c758614f01a6bc2469255fc936ec7b15efb9bb5cb66f?s=96&d=mm&r=g","caption":"Forbes"},"url":"https:\/\/fuentesfidedignas.com.mx\/index.php\/author\/forbes\/"}]}},"_links":{"self":[{"href":"https:\/\/fuentesfidedignas.com.mx\/index.php\/wp-json\/wp\/v2\/posts\/12459","targetHints":{"allow":["GET"]}}],"collection":[{"href":"https:\/\/fuentesfidedignas.com.mx\/index.php\/wp-json\/wp\/v2\/posts"}],"about":[{"href":"https:\/\/fuentesfidedignas.com.mx\/index.php\/wp-json\/wp\/v2\/types\/post"}],"author":[{"embeddable":true,"href":"https:\/\/fuentesfidedignas.com.mx\/index.php\/wp-json\/wp\/v2\/users\/5"}],"replies":[{"embeddable":true,"href":"https:\/\/fuentesfidedignas.com.mx\/index.php\/wp-json\/wp\/v2\/comments?post=12459"}],"version-history":[{"count":2,"href":"https:\/\/fuentesfidedignas.com.mx\/index.php\/wp-json\/wp\/v2\/posts\/12459\/revisions"}],"predecessor-version":[{"id":12463,"href":"https:\/\/fuentesfidedignas.com.mx\/index.php\/wp-json\/wp\/v2\/posts\/12459\/revisions\/12463"}],"wp:featuredmedia":[{"embeddable":true,"href":"https:\/\/fuentesfidedignas.com.mx\/index.php\/wp-json\/wp\/v2\/media\/12460"}],"wp:attachment":[{"href":"https:\/\/fuentesfidedignas.com.mx\/index.php\/wp-json\/wp\/v2\/media?parent=12459"}],"wp:term":[{"taxonomy":"category","embeddable":true,"href":"https:\/\/fuentesfidedignas.com.mx\/index.php\/wp-json\/wp\/v2\/categories?post=12459"},{"taxonomy":"post_tag","embeddable":true,"href":"https:\/\/fuentesfidedignas.com.mx\/index.php\/wp-json\/wp\/v2\/tags?post=12459"}],"curies":[{"name":"wp","href":"https:\/\/api.w.org\/{rel}","templated":true}]}}