{"id":12456,"date":"2021-09-13T14:38:05","date_gmt":"2021-09-13T21:38:05","guid":{"rendered":"https:\/\/fuentesfidedignas.com.mx\/?p=12456"},"modified":"2021-09-13T14:38:06","modified_gmt":"2021-09-13T21:38:06","slug":"periodista-de-la-cronica-es-vinculado-a-proceso-penal-por-altercado-en-la-mananera","status":"publish","type":"post","link":"https:\/\/fuentesfidedignas.com.mx\/index.php\/2021\/09\/13\/periodista-de-la-cronica-es-vinculado-a-proceso-penal-por-altercado-en-la-mananera\/","title":{"rendered":"Periodista de La Cr\u00f3nica es vinculado a proceso penal por altercado en la ma\u00f1anera"},"content":{"rendered":"\n<p><strong><em>De acuerdo con el diario La Cr\u00f3nica, el incidente ocurrido el 4 de marzo de 2020 con <\/em><\/strong><em><strong>otros comunicadores, termin\u00f3 en gritos, empujones y manotazos que no llegaron a mayores<\/strong><\/em><\/p>\n\n\n\n<p>Ciudad de M\u00e9xico.- El periodista Daniel Blancas Madrigal, reportero del peri\u00f3dico La Cr\u00f3nica, fue vinculado a proceso penal el pasado s\u00e1bado 11 de septiembre, despu\u00e9s de que la Fiscal\u00eda Especial para la Atenci\u00f3n de Delitos Cometidos contra la Libertad de Expresi\u00f3n (Feadle) realizara una indagatoria sobre un desencuentro que tuvo con comunicadores que cubren las conferencias matutinas del presidente Andr\u00e9s Manuel L\u00f3pez Obrador.<\/p>\n\n\n\n<p>De acuerdo con el diario La Cr\u00f3nica, el incidente ocurrido el 4 de marzo de 2020, termin\u00f3 en gritos, empujones y manotazos que no llegaron a mayores. El hecho fue videofilmado y difundido en redes sociales.<\/p>\n\n\n\n<p>\u201cPor ese hecho, Daniel Blancas fue llamado a su redacci\u00f3n, reconvenido y sancionado por Cr\u00f3nica por su participaci\u00f3n en la gresca; las mascotitas por su parte decidieron agruparse y denunciar penalmente\u201d, se\u00f1ala el rotativo.<\/p>\n\n\n\n<p>\u201cLo incre\u00edble es que la Feadle, durante un a\u00f1o y cinco meses, ha destinado recursos y personal especializado a este hecho, incluso ocup\u00f3 a una de sus fiscales principales, Janet Chavarr\u00eda Guti\u00e9rrez, en audiencias de 8 horas solo para que los acusadores se\u00f1alaran que sienten temor de ser agredidos en las ma\u00f1aneras\u201d.<\/p>\n\n\n\n<figure class=\"wp-block-embed is-type-rich is-provider-twitter wp-block-embed-twitter\"><div class=\"wp-block-embed__wrapper\">\n<blockquote class=\"twitter-tweet\" data-width=\"550\" data-dnt=\"true\"><p lang=\"es\" dir=\"ltr\">Lo acepto, ca\u00ed en la provocaci\u00f3n de quienes asisten a las ma\u00f1aneras para corromper. Sin justificar, siempre he sido defensor del periodismo con sentido social; me duele c\u00f3mo lo han convertido en servilismo y farsa. Niego cualquier agresi\u00f3n, y basta con presentar videos completos<\/p>&mdash; Daniel Blancas Madrigal (@blancasmadrigal) <a href=\"https:\/\/twitter.com\/blancasmadrigal\/status\/1235346526383280129?ref_src=twsrc%5Etfw\">March 4, 2020<\/a><\/blockquote><script async src=\"https:\/\/platform.twitter.com\/widgets.js\" charset=\"utf-8\"><\/script>\n<\/div><\/figure>\n\n\n\n<p>La Cr\u00f3nica record\u00f3 que tras estos hechos, Daniel Blancas escribi\u00f3 en redes sociales que aceptaba haber ca\u00eddo en la provocaci\u00f3n de quienes asisten a las ma\u00f1aneras.<\/p>\n\n\n\n<p>\u201cAun cuando las mascotitas aseguran que hubo golpes (en realidad Blancas arrebat\u00f3 un celular a uno de los periodistas que confrontaba), nada parece establecer un caso para una Fiscal\u00eda que debe ocuparse de casos de asesinatos de periodistas. Como se indic\u00f3 ante el juez a cargo, la ma\u00f1anera ha seguido desde entonces su curso con la presencia de Blancas y de las mascotitas sin que se haya presentado otro incidente\u201d, asegur\u00f3 el peri\u00f3dico.<\/p>\n\n\n\n<figure class=\"wp-block-embed is-type-rich is-provider-twitter wp-block-embed-twitter\"><div class=\"wp-block-embed__wrapper\">\n<blockquote class=\"twitter-tweet\" data-width=\"550\" data-dnt=\"true\"><p lang=\"es\" dir=\"ltr\">Tambi\u00e9n gracias infinitas a quienes, sin conocerme, me tienden su mano y se\u00f1alan los absurdos desde el poder. Como periodista, no voy a fallarles nunca&#8230; <a href=\"https:\/\/t.co\/FGcr2GIq1z\">https:\/\/t.co\/FGcr2GIq1z<\/a><\/p>&mdash; Daniel Blancas Madrigal (@blancasmadrigal) <a href=\"https:\/\/twitter.com\/blancasmadrigal\/status\/1437466081233354759?ref_src=twsrc%5Etfw\">September 13, 2021<\/a><\/blockquote><script async src=\"https:\/\/platform.twitter.com\/widgets.js\" charset=\"utf-8\"><\/script>\n<\/div><\/figure>\n\n\n\n<p>El diario tambi\u00e9n dio como contexto que la Feadle fue la que tuvo en sus manos el caso del secuestro de Daniel Blancas en Hidalgo, ocurrido en febrero de 2019, efectuado por huachicoleros que lo instaron a abandonar el estado o, le advirtieron, ser\u00eda ejecutado.<\/p>\n\n\n\n<p>\u201cBlancas fue impedido de realizar un reportaje sobre la primera etapa de la guerra contra el robo de combustible. En este caso, el avance fue cero, ni un detenido, ni una pesquisa, nada judicializado\u201d, agreg\u00f3.<\/p>\n\n\n\n<p>Al respecto, Daniel Blanca agradeci\u00f3 en su cuenta de Twitter el respaldo de directivos y compa\u00f1eros del diario en el que trabaja, as\u00ed como de otros colegas.<\/p>\n\n\n\n<figure class=\"wp-block-embed is-type-rich is-provider-twitter wp-block-embed-twitter\"><div class=\"wp-block-embed__wrapper\">\n<blockquote class=\"twitter-tweet\" data-width=\"550\" data-dnt=\"true\"><p lang=\"es\" dir=\"ltr\">POSTURA. &quot;Lo ocurrido es gran oportunidad para desnudar carencias y sobordinaciones a nivel ministerial y judicial, descubrir qui\u00e9n mece la cuna y valor del periodismo genuino en un pa\u00eds de injusticias&quot;. <a href=\"https:\/\/twitter.com\/lopezobrador_?ref_src=twsrc%5Etfw\">@lopezobrador_<\/a>, <a href=\"https:\/\/twitter.com\/JesusRCuevas?ref_src=twsrc%5Etfw\">@JesusRCuevas<\/a>, <a href=\"https:\/\/twitter.com\/jenarovillamil?ref_src=twsrc%5Etfw\">@jenarovillamil<\/a>   <a href=\"https:\/\/t.co\/ZrgTiezqdS\">https:\/\/t.co\/ZrgTiezqdS<\/a><\/p>&mdash; Daniel Blancas Madrigal (@blancasmadrigal) <a href=\"https:\/\/twitter.com\/blancasmadrigal\/status\/1437477407615852547?ref_src=twsrc%5Etfw\">September 13, 2021<\/a><\/blockquote><script async src=\"https:\/\/platform.twitter.com\/widgets.js\" charset=\"utf-8\"><\/script>\n<\/div><\/figure>\n\n\n\n<p>Asimismo, asever\u00f3 que lo ocurrido es una gran oportunidad para desnudar carencias y subordinaciones a nivel ministerial y judicial.<\/p>\n\n\n\n<p>\u201cDescubrir qui\u00e9n mece la cuna y valor del periodismo genuino en un pa\u00eds de injusticias\u201d, dice en Twitter.<\/p>\n","protected":false},"excerpt":{"rendered":"<p>De acuerdo con el diario La Cr\u00f3nica, el incidente ocurrido el 4 de marzo de 2020 con otros comunicadores, termin\u00f3 en gritos, empujones y manotazos que no llegaron a mayores Ciudad de M\u00e9xico.- El periodista Daniel Blancas Madrigal, reportero del peri\u00f3dico La Cr\u00f3nica, fue vinculado a proceso penal el pasado s\u00e1bado 11 de septiembre, despu\u00e9s [&hellip;]<\/p>\n","protected":false},"author":14,"featured_media":12457,"comment_status":"open","ping_status":"open","sticky":false,"template":"","format":"standard","meta":{"tdm_status":"","tdm_grid_status":"","footnotes":""},"categories":[39],"tags":[247,297,1858,1383],"class_list":{"0":"post-12456","1":"post","2":"type-post","3":"status-publish","4":"format-standard","5":"has-post-thumbnail","7":"category-noticias-nacionales","8":"tag-amlo","9":"tag-andres-manuel-lopez-obrador","10":"tag-mananera","11":"tag-periodista"},"yoast_head":"<!-- This site is optimized with the Yoast SEO plugin v27.5 - https:\/\/yoast.com\/product\/yoast-seo-wordpress\/ -->\n<title>Periodista de La Cr\u00f3nica es vinculado a proceso penal por altercado en la ma\u00f1anera - Fuentes Fidedignas<\/title>\n<meta name=\"robots\" content=\"index, follow, max-snippet:-1, max-image-preview:large, max-video-preview:-1\" \/>\n<link rel=\"canonical\" href=\"https:\/\/fuentesfidedignas.com.mx\/index.php\/2021\/09\/13\/periodista-de-la-cronica-es-vinculado-a-proceso-penal-por-altercado-en-la-mananera\/\" \/>\n<meta property=\"og:locale\" content=\"es_MX\" \/>\n<meta property=\"og:type\" content=\"article\" \/>\n<meta property=\"og:title\" content=\"Periodista de La Cr\u00f3nica es vinculado a proceso penal por altercado en la ma\u00f1anera - Fuentes Fidedignas\" \/>\n<meta property=\"og:description\" content=\"De acuerdo con el diario La Cr\u00f3nica, el incidente ocurrido el 4 de marzo de 2020 con otros comunicadores, termin\u00f3 en gritos, empujones y manotazos que no llegaron a mayores Ciudad de M\u00e9xico.- El periodista Daniel Blancas Madrigal, reportero del peri\u00f3dico La Cr\u00f3nica, fue vinculado a proceso penal el pasado s\u00e1bado 11 de septiembre, despu\u00e9s [&hellip;]\" \/>\n<meta property=\"og:url\" content=\"https:\/\/fuentesfidedignas.com.mx\/index.php\/2021\/09\/13\/periodista-de-la-cronica-es-vinculado-a-proceso-penal-por-altercado-en-la-mananera\/\" \/>\n<meta property=\"og:site_name\" content=\"Fuentes Fidedignas\" \/>\n<meta property=\"article:publisher\" content=\"https:\/\/www.facebook.com\/Fuentes-Fidedignas-368234489921644\" \/>\n<meta property=\"article:published_time\" content=\"2021-09-13T21:38:05+00:00\" \/>\n<meta property=\"article:modified_time\" content=\"2021-09-13T21:38:06+00:00\" \/>\n<meta property=\"og:image\" content=\"https:\/\/fuentesfidedignas.com.mx\/wp-content\/uploads\/2021\/09\/DANIEL_PERIODISTA.jpg\" \/>\n\t<meta property=\"og:image:width\" content=\"1280\" \/>\n\t<meta property=\"og:image:height\" content=\"720\" \/>\n\t<meta property=\"og:image:type\" content=\"image\/jpeg\" \/>\n<meta name=\"author\" content=\"Vanguardia\" \/>\n<meta name=\"twitter:card\" content=\"summary_large_image\" \/>\n<meta name=\"twitter:creator\" content=\"@fidedignas\" \/>\n<meta name=\"twitter:site\" content=\"@fidedignas\" \/>\n<meta name=\"twitter:label1\" content=\"Escrito por\" \/>\n\t<meta name=\"twitter:data1\" content=\"Vanguardia\" \/>\n\t<meta name=\"twitter:label2\" content=\"Tiempo de lectura\" \/>\n\t<meta name=\"twitter:data2\" content=\"3 minutos\" \/>\n<script type=\"application\/ld+json\" class=\"yoast-schema-graph\">{\"@context\":\"https:\\\/\\\/schema.org\",\"@graph\":[{\"@type\":\"Article\",\"@id\":\"https:\\\/\\\/fuentesfidedignas.com.mx\\\/index.php\\\/2021\\\/09\\\/13\\\/periodista-de-la-cronica-es-vinculado-a-proceso-penal-por-altercado-en-la-mananera\\\/#article\",\"isPartOf\":{\"@id\":\"https:\\\/\\\/fuentesfidedignas.com.mx\\\/index.php\\\/2021\\\/09\\\/13\\\/periodista-de-la-cronica-es-vinculado-a-proceso-penal-por-altercado-en-la-mananera\\\/\"},\"author\":{\"name\":\"Vanguardia\",\"@id\":\"https:\\\/\\\/fuentesfidedignas.com.mx\\\/#\\\/schema\\\/person\\\/bce747fb6a0b0feefab1e3e7c4e84d2b\"},\"headline\":\"Periodista de La Cr\u00f3nica es vinculado a proceso penal por altercado en la ma\u00f1anera\",\"datePublished\":\"2021-09-13T21:38:05+00:00\",\"dateModified\":\"2021-09-13T21:38:06+00:00\",\"mainEntityOfPage\":{\"@id\":\"https:\\\/\\\/fuentesfidedignas.com.mx\\\/index.php\\\/2021\\\/09\\\/13\\\/periodista-de-la-cronica-es-vinculado-a-proceso-penal-por-altercado-en-la-mananera\\\/\"},\"wordCount\":517,\"commentCount\":0,\"publisher\":{\"@id\":\"https:\\\/\\\/fuentesfidedignas.com.mx\\\/#organization\"},\"image\":{\"@id\":\"https:\\\/\\\/fuentesfidedignas.com.mx\\\/index.php\\\/2021\\\/09\\\/13\\\/periodista-de-la-cronica-es-vinculado-a-proceso-penal-por-altercado-en-la-mananera\\\/#primaryimage\"},\"thumbnailUrl\":\"https:\\\/\\\/fuentesfidedignas.com.mx\\\/wp-content\\\/uploads\\\/2021\\\/09\\\/DANIEL_PERIODISTA.jpg\",\"keywords\":[\"AMLO\",\"Andr\u00e9s Manuel L\u00f3pez Obrador\",\"Ma\u00f1anera\",\"PERIODISTA\"],\"articleSection\":[\"NOTICIAS NACIONALES\"],\"inLanguage\":\"es\",\"potentialAction\":[{\"@type\":\"CommentAction\",\"name\":\"Comment\",\"target\":[\"https:\\\/\\\/fuentesfidedignas.com.mx\\\/index.php\\\/2021\\\/09\\\/13\\\/periodista-de-la-cronica-es-vinculado-a-proceso-penal-por-altercado-en-la-mananera\\\/#respond\"]}]},{\"@type\":\"WebPage\",\"@id\":\"https:\\\/\\\/fuentesfidedignas.com.mx\\\/index.php\\\/2021\\\/09\\\/13\\\/periodista-de-la-cronica-es-vinculado-a-proceso-penal-por-altercado-en-la-mananera\\\/\",\"url\":\"https:\\\/\\\/fuentesfidedignas.com.mx\\\/index.php\\\/2021\\\/09\\\/13\\\/periodista-de-la-cronica-es-vinculado-a-proceso-penal-por-altercado-en-la-mananera\\\/\",\"name\":\"Periodista de La Cr\u00f3nica es vinculado a proceso penal por altercado en la ma\u00f1anera - Fuentes Fidedignas\",\"isPartOf\":{\"@id\":\"https:\\\/\\\/fuentesfidedignas.com.mx\\\/#website\"},\"primaryImageOfPage\":{\"@id\":\"https:\\\/\\\/fuentesfidedignas.com.mx\\\/index.php\\\/2021\\\/09\\\/13\\\/periodista-de-la-cronica-es-vinculado-a-proceso-penal-por-altercado-en-la-mananera\\\/#primaryimage\"},\"image\":{\"@id\":\"https:\\\/\\\/fuentesfidedignas.com.mx\\\/index.php\\\/2021\\\/09\\\/13\\\/periodista-de-la-cronica-es-vinculado-a-proceso-penal-por-altercado-en-la-mananera\\\/#primaryimage\"},\"thumbnailUrl\":\"https:\\\/\\\/fuentesfidedignas.com.mx\\\/wp-content\\\/uploads\\\/2021\\\/09\\\/DANIEL_PERIODISTA.jpg\",\"datePublished\":\"2021-09-13T21:38:05+00:00\",\"dateModified\":\"2021-09-13T21:38:06+00:00\",\"breadcrumb\":{\"@id\":\"https:\\\/\\\/fuentesfidedignas.com.mx\\\/index.php\\\/2021\\\/09\\\/13\\\/periodista-de-la-cronica-es-vinculado-a-proceso-penal-por-altercado-en-la-mananera\\\/#breadcrumb\"},\"inLanguage\":\"es\",\"potentialAction\":[{\"@type\":\"ReadAction\",\"target\":[\"https:\\\/\\\/fuentesfidedignas.com.mx\\\/index.php\\\/2021\\\/09\\\/13\\\/periodista-de-la-cronica-es-vinculado-a-proceso-penal-por-altercado-en-la-mananera\\\/\"]}]},{\"@type\":\"ImageObject\",\"inLanguage\":\"es\",\"@id\":\"https:\\\/\\\/fuentesfidedignas.com.mx\\\/index.php\\\/2021\\\/09\\\/13\\\/periodista-de-la-cronica-es-vinculado-a-proceso-penal-por-altercado-en-la-mananera\\\/#primaryimage\",\"url\":\"https:\\\/\\\/fuentesfidedignas.com.mx\\\/wp-content\\\/uploads\\\/2021\\\/09\\\/DANIEL_PERIODISTA.jpg\",\"contentUrl\":\"https:\\\/\\\/fuentesfidedignas.com.mx\\\/wp-content\\\/uploads\\\/2021\\\/09\\\/DANIEL_PERIODISTA.jpg\",\"width\":1280,\"height\":720},{\"@type\":\"BreadcrumbList\",\"@id\":\"https:\\\/\\\/fuentesfidedignas.com.mx\\\/index.php\\\/2021\\\/09\\\/13\\\/periodista-de-la-cronica-es-vinculado-a-proceso-penal-por-altercado-en-la-mananera\\\/#breadcrumb\",\"itemListElement\":[{\"@type\":\"ListItem\",\"position\":1,\"name\":\"Inicio\",\"item\":\"https:\\\/\\\/fuentesfidedignas.com.mx\\\/\"},{\"@type\":\"ListItem\",\"position\":2,\"name\":\"Periodista de La Cr\u00f3nica es vinculado a proceso penal por altercado en la ma\u00f1anera\"}]},{\"@type\":\"WebSite\",\"@id\":\"https:\\\/\\\/fuentesfidedignas.com.mx\\\/#website\",\"url\":\"https:\\\/\\\/fuentesfidedignas.com.mx\\\/\",\"name\":\"Fuentes Fidedignas\",\"description\":\"Otro sitio realizado con WordPress\",\"publisher\":{\"@id\":\"https:\\\/\\\/fuentesfidedignas.com.mx\\\/#organization\"},\"potentialAction\":[{\"@type\":\"SearchAction\",\"target\":{\"@type\":\"EntryPoint\",\"urlTemplate\":\"https:\\\/\\\/fuentesfidedignas.com.mx\\\/?s={search_term_string}\"},\"query-input\":{\"@type\":\"PropertyValueSpecification\",\"valueRequired\":true,\"valueName\":\"search_term_string\"}}],\"inLanguage\":\"es\"},{\"@type\":\"Organization\",\"@id\":\"https:\\\/\\\/fuentesfidedignas.com.mx\\\/#organization\",\"name\":\"Fuentes Fidedignas\",\"url\":\"https:\\\/\\\/fuentesfidedignas.com.mx\\\/\",\"logo\":{\"@type\":\"ImageObject\",\"inLanguage\":\"es\",\"@id\":\"https:\\\/\\\/fuentesfidedignas.com.mx\\\/#\\\/schema\\\/logo\\\/image\\\/\",\"url\":\"https:\\\/\\\/fuentesfidedignas.com.mx\\\/wp-content\\\/uploads\\\/2021\\\/04\\\/logo-retina.png\",\"contentUrl\":\"https:\\\/\\\/fuentesfidedignas.com.mx\\\/wp-content\\\/uploads\\\/2021\\\/04\\\/logo-retina.png\",\"width\":280,\"height\":51,\"caption\":\"Fuentes Fidedignas\"},\"image\":{\"@id\":\"https:\\\/\\\/fuentesfidedignas.com.mx\\\/#\\\/schema\\\/logo\\\/image\\\/\"},\"sameAs\":[\"https:\\\/\\\/www.facebook.com\\\/Fuentes-Fidedignas-368234489921644\",\"https:\\\/\\\/x.com\\\/fidedignas\"]},{\"@type\":\"Person\",\"@id\":\"https:\\\/\\\/fuentesfidedignas.com.mx\\\/#\\\/schema\\\/person\\\/bce747fb6a0b0feefab1e3e7c4e84d2b\",\"name\":\"Vanguardia\",\"image\":{\"@type\":\"ImageObject\",\"inLanguage\":\"es\",\"@id\":\"https:\\\/\\\/secure.gravatar.com\\\/avatar\\\/6d7e1e0fdcdef594fdfc9206070adafb95cd5cd9b47c113cb987d91ee74e35df?s=96&d=mm&r=g\",\"url\":\"https:\\\/\\\/secure.gravatar.com\\\/avatar\\\/6d7e1e0fdcdef594fdfc9206070adafb95cd5cd9b47c113cb987d91ee74e35df?s=96&d=mm&r=g\",\"contentUrl\":\"https:\\\/\\\/secure.gravatar.com\\\/avatar\\\/6d7e1e0fdcdef594fdfc9206070adafb95cd5cd9b47c113cb987d91ee74e35df?s=96&d=mm&r=g\",\"caption\":\"Vanguardia\"},\"url\":\"https:\\\/\\\/fuentesfidedignas.com.mx\\\/index.php\\\/author\\\/vanguardia\\\/\"}]}<\/script>\n<!-- \/ Yoast SEO plugin. -->","yoast_head_json":{"title":"Periodista de La Cr\u00f3nica es vinculado a proceso penal por altercado en la ma\u00f1anera - Fuentes Fidedignas","robots":{"index":"index","follow":"follow","max-snippet":"max-snippet:-1","max-image-preview":"max-image-preview:large","max-video-preview":"max-video-preview:-1"},"canonical":"https:\/\/fuentesfidedignas.com.mx\/index.php\/2021\/09\/13\/periodista-de-la-cronica-es-vinculado-a-proceso-penal-por-altercado-en-la-mananera\/","og_locale":"es_MX","og_type":"article","og_title":"Periodista de La Cr\u00f3nica es vinculado a proceso penal por altercado en la ma\u00f1anera - Fuentes Fidedignas","og_description":"De acuerdo con el diario La Cr\u00f3nica, el incidente ocurrido el 4 de marzo de 2020 con otros comunicadores, termin\u00f3 en gritos, empujones y manotazos que no llegaron a mayores Ciudad de M\u00e9xico.- El periodista Daniel Blancas Madrigal, reportero del peri\u00f3dico La Cr\u00f3nica, fue vinculado a proceso penal el pasado s\u00e1bado 11 de septiembre, despu\u00e9s [&hellip;]","og_url":"https:\/\/fuentesfidedignas.com.mx\/index.php\/2021\/09\/13\/periodista-de-la-cronica-es-vinculado-a-proceso-penal-por-altercado-en-la-mananera\/","og_site_name":"Fuentes Fidedignas","article_publisher":"https:\/\/www.facebook.com\/Fuentes-Fidedignas-368234489921644","article_published_time":"2021-09-13T21:38:05+00:00","article_modified_time":"2021-09-13T21:38:06+00:00","og_image":[{"width":1280,"height":720,"url":"https:\/\/fuentesfidedignas.com.mx\/wp-content\/uploads\/2021\/09\/DANIEL_PERIODISTA.jpg","type":"image\/jpeg"}],"author":"Vanguardia","twitter_card":"summary_large_image","twitter_creator":"@fidedignas","twitter_site":"@fidedignas","twitter_misc":{"Escrito por":"Vanguardia","Tiempo de lectura":"3 minutos"},"schema":{"@context":"https:\/\/schema.org","@graph":[{"@type":"Article","@id":"https:\/\/fuentesfidedignas.com.mx\/index.php\/2021\/09\/13\/periodista-de-la-cronica-es-vinculado-a-proceso-penal-por-altercado-en-la-mananera\/#article","isPartOf":{"@id":"https:\/\/fuentesfidedignas.com.mx\/index.php\/2021\/09\/13\/periodista-de-la-cronica-es-vinculado-a-proceso-penal-por-altercado-en-la-mananera\/"},"author":{"name":"Vanguardia","@id":"https:\/\/fuentesfidedignas.com.mx\/#\/schema\/person\/bce747fb6a0b0feefab1e3e7c4e84d2b"},"headline":"Periodista de La Cr\u00f3nica es vinculado a proceso penal por altercado en la ma\u00f1anera","datePublished":"2021-09-13T21:38:05+00:00","dateModified":"2021-09-13T21:38:06+00:00","mainEntityOfPage":{"@id":"https:\/\/fuentesfidedignas.com.mx\/index.php\/2021\/09\/13\/periodista-de-la-cronica-es-vinculado-a-proceso-penal-por-altercado-en-la-mananera\/"},"wordCount":517,"commentCount":0,"publisher":{"@id":"https:\/\/fuentesfidedignas.com.mx\/#organization"},"image":{"@id":"https:\/\/fuentesfidedignas.com.mx\/index.php\/2021\/09\/13\/periodista-de-la-cronica-es-vinculado-a-proceso-penal-por-altercado-en-la-mananera\/#primaryimage"},"thumbnailUrl":"https:\/\/fuentesfidedignas.com.mx\/wp-content\/uploads\/2021\/09\/DANIEL_PERIODISTA.jpg","keywords":["AMLO","Andr\u00e9s Manuel L\u00f3pez Obrador","Ma\u00f1anera","PERIODISTA"],"articleSection":["NOTICIAS NACIONALES"],"inLanguage":"es","potentialAction":[{"@type":"CommentAction","name":"Comment","target":["https:\/\/fuentesfidedignas.com.mx\/index.php\/2021\/09\/13\/periodista-de-la-cronica-es-vinculado-a-proceso-penal-por-altercado-en-la-mananera\/#respond"]}]},{"@type":"WebPage","@id":"https:\/\/fuentesfidedignas.com.mx\/index.php\/2021\/09\/13\/periodista-de-la-cronica-es-vinculado-a-proceso-penal-por-altercado-en-la-mananera\/","url":"https:\/\/fuentesfidedignas.com.mx\/index.php\/2021\/09\/13\/periodista-de-la-cronica-es-vinculado-a-proceso-penal-por-altercado-en-la-mananera\/","name":"Periodista de La Cr\u00f3nica es vinculado a proceso penal por altercado en la ma\u00f1anera - Fuentes Fidedignas","isPartOf":{"@id":"https:\/\/fuentesfidedignas.com.mx\/#website"},"primaryImageOfPage":{"@id":"https:\/\/fuentesfidedignas.com.mx\/index.php\/2021\/09\/13\/periodista-de-la-cronica-es-vinculado-a-proceso-penal-por-altercado-en-la-mananera\/#primaryimage"},"image":{"@id":"https:\/\/fuentesfidedignas.com.mx\/index.php\/2021\/09\/13\/periodista-de-la-cronica-es-vinculado-a-proceso-penal-por-altercado-en-la-mananera\/#primaryimage"},"thumbnailUrl":"https:\/\/fuentesfidedignas.com.mx\/wp-content\/uploads\/2021\/09\/DANIEL_PERIODISTA.jpg","datePublished":"2021-09-13T21:38:05+00:00","dateModified":"2021-09-13T21:38:06+00:00","breadcrumb":{"@id":"https:\/\/fuentesfidedignas.com.mx\/index.php\/2021\/09\/13\/periodista-de-la-cronica-es-vinculado-a-proceso-penal-por-altercado-en-la-mananera\/#breadcrumb"},"inLanguage":"es","potentialAction":[{"@type":"ReadAction","target":["https:\/\/fuentesfidedignas.com.mx\/index.php\/2021\/09\/13\/periodista-de-la-cronica-es-vinculado-a-proceso-penal-por-altercado-en-la-mananera\/"]}]},{"@type":"ImageObject","inLanguage":"es","@id":"https:\/\/fuentesfidedignas.com.mx\/index.php\/2021\/09\/13\/periodista-de-la-cronica-es-vinculado-a-proceso-penal-por-altercado-en-la-mananera\/#primaryimage","url":"https:\/\/fuentesfidedignas.com.mx\/wp-content\/uploads\/2021\/09\/DANIEL_PERIODISTA.jpg","contentUrl":"https:\/\/fuentesfidedignas.com.mx\/wp-content\/uploads\/2021\/09\/DANIEL_PERIODISTA.jpg","width":1280,"height":720},{"@type":"BreadcrumbList","@id":"https:\/\/fuentesfidedignas.com.mx\/index.php\/2021\/09\/13\/periodista-de-la-cronica-es-vinculado-a-proceso-penal-por-altercado-en-la-mananera\/#breadcrumb","itemListElement":[{"@type":"ListItem","position":1,"name":"Inicio","item":"https:\/\/fuentesfidedignas.com.mx\/"},{"@type":"ListItem","position":2,"name":"Periodista de La Cr\u00f3nica es vinculado a proceso penal por altercado en la ma\u00f1anera"}]},{"@type":"WebSite","@id":"https:\/\/fuentesfidedignas.com.mx\/#website","url":"https:\/\/fuentesfidedignas.com.mx\/","name":"Fuentes Fidedignas","description":"Otro sitio realizado con WordPress","publisher":{"@id":"https:\/\/fuentesfidedignas.com.mx\/#organization"},"potentialAction":[{"@type":"SearchAction","target":{"@type":"EntryPoint","urlTemplate":"https:\/\/fuentesfidedignas.com.mx\/?s={search_term_string}"},"query-input":{"@type":"PropertyValueSpecification","valueRequired":true,"valueName":"search_term_string"}}],"inLanguage":"es"},{"@type":"Organization","@id":"https:\/\/fuentesfidedignas.com.mx\/#organization","name":"Fuentes Fidedignas","url":"https:\/\/fuentesfidedignas.com.mx\/","logo":{"@type":"ImageObject","inLanguage":"es","@id":"https:\/\/fuentesfidedignas.com.mx\/#\/schema\/logo\/image\/","url":"https:\/\/fuentesfidedignas.com.mx\/wp-content\/uploads\/2021\/04\/logo-retina.png","contentUrl":"https:\/\/fuentesfidedignas.com.mx\/wp-content\/uploads\/2021\/04\/logo-retina.png","width":280,"height":51,"caption":"Fuentes Fidedignas"},"image":{"@id":"https:\/\/fuentesfidedignas.com.mx\/#\/schema\/logo\/image\/"},"sameAs":["https:\/\/www.facebook.com\/Fuentes-Fidedignas-368234489921644","https:\/\/x.com\/fidedignas"]},{"@type":"Person","@id":"https:\/\/fuentesfidedignas.com.mx\/#\/schema\/person\/bce747fb6a0b0feefab1e3e7c4e84d2b","name":"Vanguardia","image":{"@type":"ImageObject","inLanguage":"es","@id":"https:\/\/secure.gravatar.com\/avatar\/6d7e1e0fdcdef594fdfc9206070adafb95cd5cd9b47c113cb987d91ee74e35df?s=96&d=mm&r=g","url":"https:\/\/secure.gravatar.com\/avatar\/6d7e1e0fdcdef594fdfc9206070adafb95cd5cd9b47c113cb987d91ee74e35df?s=96&d=mm&r=g","contentUrl":"https:\/\/secure.gravatar.com\/avatar\/6d7e1e0fdcdef594fdfc9206070adafb95cd5cd9b47c113cb987d91ee74e35df?s=96&d=mm&r=g","caption":"Vanguardia"},"url":"https:\/\/fuentesfidedignas.com.mx\/index.php\/author\/vanguardia\/"}]}},"_links":{"self":[{"href":"https:\/\/fuentesfidedignas.com.mx\/index.php\/wp-json\/wp\/v2\/posts\/12456","targetHints":{"allow":["GET"]}}],"collection":[{"href":"https:\/\/fuentesfidedignas.com.mx\/index.php\/wp-json\/wp\/v2\/posts"}],"about":[{"href":"https:\/\/fuentesfidedignas.com.mx\/index.php\/wp-json\/wp\/v2\/types\/post"}],"author":[{"embeddable":true,"href":"https:\/\/fuentesfidedignas.com.mx\/index.php\/wp-json\/wp\/v2\/users\/14"}],"replies":[{"embeddable":true,"href":"https:\/\/fuentesfidedignas.com.mx\/index.php\/wp-json\/wp\/v2\/comments?post=12456"}],"version-history":[{"count":1,"href":"https:\/\/fuentesfidedignas.com.mx\/index.php\/wp-json\/wp\/v2\/posts\/12456\/revisions"}],"predecessor-version":[{"id":12458,"href":"https:\/\/fuentesfidedignas.com.mx\/index.php\/wp-json\/wp\/v2\/posts\/12456\/revisions\/12458"}],"wp:featuredmedia":[{"embeddable":true,"href":"https:\/\/fuentesfidedignas.com.mx\/index.php\/wp-json\/wp\/v2\/media\/12457"}],"wp:attachment":[{"href":"https:\/\/fuentesfidedignas.com.mx\/index.php\/wp-json\/wp\/v2\/media?parent=12456"}],"wp:term":[{"taxonomy":"category","embeddable":true,"href":"https:\/\/fuentesfidedignas.com.mx\/index.php\/wp-json\/wp\/v2\/categories?post=12456"},{"taxonomy":"post_tag","embeddable":true,"href":"https:\/\/fuentesfidedignas.com.mx\/index.php\/wp-json\/wp\/v2\/tags?post=12456"}],"curies":[{"name":"wp","href":"https:\/\/api.w.org\/{rel}","templated":true}]}}