{"id":124547,"date":"2026-01-02T09:22:42","date_gmt":"2026-01-02T16:22:42","guid":{"rendered":"https:\/\/fuentesfidedignas.com.mx\/?p=124547"},"modified":"2026-01-02T09:22:42","modified_gmt":"2026-01-02T16:22:42","slug":"inauguracion-del-studiopodcast-pensiones-de-oro-fe-justicia-y-verdad-al-servicio-de-la-sociedad","status":"publish","type":"post","link":"https:\/\/fuentesfidedignas.com.mx\/index.php\/2026\/01\/02\/inauguracion-del-studiopodcast-pensiones-de-oro-fe-justicia-y-verdad-al-servicio-de-la-sociedad\/","title":{"rendered":"Inauguraci\u00f3n del StudioPodcast \u201cPensiones de Oro\u201d | Fe, justicia y verdad al servicio de la sociedad"},"content":{"rendered":"\n<p><\/p>\n\n\n\n<p>Con una atm\u00f3sfera de respeto, esperanza y convivencia fraterna, fue inaugurado el estudio del podcast \u201cPensiones de Oro\u201d, un proyecto que no naci\u00f3 de la improvisaci\u00f3n, sino de casi dos a\u00f1os de trabajo, planeaci\u00f3n y convicci\u00f3n, y que marca el inicio de una nueva etapa de comunicaci\u00f3n con sentido social.<\/p>\n\n\n\n<p>El evento fue encabezado por el Contador P\u00fablico Certificado Antonio Le\u00f3n Hern\u00e1ndez, reconocido especialista en materia laboral y de seguridad social, particularmente en tr\u00e1mites de pensi\u00f3n del IMSS, cuya trayectoria y compromiso con los trabajadores de Sinaloa y Baja California lo han llevado a ser referencia obligada en el tema y voz consultada por medios como El Sol de Tijuana. En esta ocasi\u00f3n, fungi\u00f3 como moderador y maestro de ceremonias, cediendo la palabra, en primer t\u00e9rmino, al padre Gonzalo L\u00f3pez, quien tuvo a su cargo la bendici\u00f3n del nuevo espacio.<\/p>\n\n\n\n<p>La ceremonia religiosa dot\u00f3 al acto de un profundo simbolismo. No se trat\u00f3 solo de bendecir un inmueble o un estudio de grabaci\u00f3n, sino de encomendar un proyecto que aspira a ser voz, gu\u00eda y refugio para quienes viven la incertidumbre del retiro laboral. En sus palabras, el sacerdote subray\u00f3 que este podcast est\u00e1 llamado a anunciar siempre la justicia y la verdad, a hablar desde el coraz\u00f3n y a poner la t\u00e9cnica y la comunicaci\u00f3n al servicio del bien com\u00fan.<br>Entre lecturas del Evangelio, oraciones y la bendici\u00f3n con agua bendita, qued\u00f3 consagrado un espacio donde \u2014como se expres\u00f3\u2014 se vivir\u00e1n experiencias, se compartir\u00e1n ideas y se buscar\u00e1 dar respuestas a una sociedad herida, necesitada de orientaci\u00f3n clara y honesta. <\/p>\n\n\n\n<p>El corte de list\u00f3n sell\u00f3 oficialmente la apertura del estudio, arrancando el aplauso de los invitados especiales que acompa\u00f1aron este momento significativo.<br>Durante el convivio posterior, las voces de ciudadanos, empresarios y amigos dieron testimonio del impacto real del trabajo de Antonio Le\u00f3n Hern\u00e1ndez y su equipo. <\/p>\n\n\n\n<p>Historias de vida transformadas, de errores corregidos y de pensiones dignas alcanzadas, se entrelazaron en un relato colectivo donde la palabra confianza fue constante. No faltaron los agradecimientos, el reconocimiento a la calidad humana del anfitri\u00f3n y la certeza de que este podcast ser\u00e1 un puente de informaci\u00f3n valiosa para miles de personas.<\/p>\n\n\n\n<p>\u201cPensiones de Oro\u201d nace como un espacio para compartir conocimiento, orientar con responsabilidad y proyectar esperanza. Un micr\u00f3fono abierto a la verdad, a la justicia social y a la tranquilidad de quienes buscan un retiro digno. Desde este nuevo estudio, la palabra tendr\u00e1 prop\u00f3sito y la comunicaci\u00f3n, sentido.<\/p>\n\n\n\n<p>\ud83d\udccd Un proyecto con ra\u00edces, con fe y con futuro.<br \/>\ud83c\udfa7 Bienvenidos a esta nueva etapa.<\/p>\n\n\n\n<p>Enlace del video:<\/p>\n\n\n\n<figure class=\"wp-block-embed\"><div class=\"wp-block-embed__wrapper\">\n<iframe loading=\"lazy\" title=\"Inauguraci\u00f3n del StudioPodcast \u201cPensiones de Oro\u201d | Fe, justicia y verdad al servicio de la sociedad\" width=\"696\" height=\"392\" src=\"https:\/\/www.youtube.com\/embed\/-drcyQTlDYU?feature=oembed\" frameborder=\"0\" allow=\"accelerometer; autoplay; clipboard-write; encrypted-media; gyroscope; picture-in-picture; web-share\" referrerpolicy=\"strict-origin-when-cross-origin\" allowfullscreen><\/iframe>\n<\/div><\/figure>\n","protected":false},"excerpt":{"rendered":"<p>Con una atm\u00f3sfera de respeto, esperanza y convivencia fraterna, fue inaugurado el estudio del podcast \u201cPensiones de Oro\u201d, un proyecto que no naci\u00f3 de la improvisaci\u00f3n, sino de casi dos a\u00f1os de trabajo, planeaci\u00f3n y convicci\u00f3n, y que marca el inicio de una nueva etapa de comunicaci\u00f3n con sentido social. El evento fue encabezado por [&hellip;]<\/p>\n","protected":false},"author":139,"featured_media":124546,"comment_status":"closed","ping_status":"open","sticky":false,"template":"","format":"standard","meta":{"tdm_status":"","tdm_grid_status":"","footnotes":""},"categories":[307],"tags":[],"class_list":{"0":"post-124547","1":"post","2":"type-post","3":"status-publish","4":"format-standard","5":"has-post-thumbnail","7":"category-ruleteando"},"yoast_head":"<!-- This site is optimized with the Yoast SEO plugin v27.5 - https:\/\/yoast.com\/product\/yoast-seo-wordpress\/ -->\n<title>Inauguraci\u00f3n del StudioPodcast \u201cPensiones de Oro\u201d | Fe, justicia y verdad al servicio de la sociedad - Fuentes Fidedignas<\/title>\n<meta name=\"robots\" content=\"index, follow, max-snippet:-1, max-image-preview:large, max-video-preview:-1\" \/>\n<link rel=\"canonical\" href=\"https:\/\/fuentesfidedignas.com.mx\/index.php\/2026\/01\/02\/inauguracion-del-studiopodcast-pensiones-de-oro-fe-justicia-y-verdad-al-servicio-de-la-sociedad\/\" \/>\n<meta property=\"og:locale\" content=\"es_MX\" \/>\n<meta property=\"og:type\" content=\"article\" \/>\n<meta property=\"og:title\" content=\"Inauguraci\u00f3n del StudioPodcast \u201cPensiones de Oro\u201d | Fe, justicia y verdad al servicio de la sociedad - Fuentes Fidedignas\" \/>\n<meta property=\"og:description\" content=\"Con una atm\u00f3sfera de respeto, esperanza y convivencia fraterna, fue inaugurado el estudio del podcast \u201cPensiones de Oro\u201d, un proyecto que no naci\u00f3 de la improvisaci\u00f3n, sino de casi dos a\u00f1os de trabajo, planeaci\u00f3n y convicci\u00f3n, y que marca el inicio de una nueva etapa de comunicaci\u00f3n con sentido social. El evento fue encabezado por [&hellip;]\" \/>\n<meta property=\"og:url\" content=\"https:\/\/fuentesfidedignas.com.mx\/index.php\/2026\/01\/02\/inauguracion-del-studiopodcast-pensiones-de-oro-fe-justicia-y-verdad-al-servicio-de-la-sociedad\/\" \/>\n<meta property=\"og:site_name\" content=\"Fuentes Fidedignas\" \/>\n<meta property=\"article:publisher\" content=\"https:\/\/www.facebook.com\/Fuentes-Fidedignas-368234489921644\" \/>\n<meta property=\"article:published_time\" content=\"2026-01-02T16:22:42+00:00\" \/>\n<meta property=\"og:image\" content=\"https:\/\/fuentesfidedignas.com.mx\/wp-content\/uploads\/2026\/01\/img_9598.jpg\" \/>\n\t<meta property=\"og:image:width\" content=\"744\" \/>\n\t<meta property=\"og:image:height\" content=\"467\" \/>\n\t<meta property=\"og:image:type\" content=\"image\/jpeg\" \/>\n<meta name=\"author\" content=\"Luis \u00c1ngel Rivera Ayala\" \/>\n<meta name=\"twitter:card\" content=\"summary_large_image\" \/>\n<meta name=\"twitter:creator\" content=\"@fidedignas\" \/>\n<meta name=\"twitter:site\" content=\"@fidedignas\" \/>\n<meta name=\"twitter:label1\" content=\"Escrito por\" \/>\n\t<meta name=\"twitter:data1\" content=\"Luis \u00c1ngel Rivera Ayala\" \/>\n\t<meta name=\"twitter:label2\" content=\"Tiempo de lectura\" \/>\n\t<meta name=\"twitter:data2\" content=\"2 minutos\" \/>\n<script type=\"application\/ld+json\" class=\"yoast-schema-graph\">{\"@context\":\"https:\\\/\\\/schema.org\",\"@graph\":[{\"@type\":\"Article\",\"@id\":\"https:\\\/\\\/fuentesfidedignas.com.mx\\\/index.php\\\/2026\\\/01\\\/02\\\/inauguracion-del-studiopodcast-pensiones-de-oro-fe-justicia-y-verdad-al-servicio-de-la-sociedad\\\/#article\",\"isPartOf\":{\"@id\":\"https:\\\/\\\/fuentesfidedignas.com.mx\\\/index.php\\\/2026\\\/01\\\/02\\\/inauguracion-del-studiopodcast-pensiones-de-oro-fe-justicia-y-verdad-al-servicio-de-la-sociedad\\\/\"},\"author\":{\"name\":\"Luis \u00c1ngel Rivera Ayala\",\"@id\":\"https:\\\/\\\/fuentesfidedignas.com.mx\\\/#\\\/schema\\\/person\\\/a4e2898d4dca7bbeb0a2f77bb90f4817\"},\"headline\":\"Inauguraci\u00f3n del StudioPodcast \u201cPensiones de Oro\u201d | Fe, justicia y verdad al servicio de la sociedad\",\"datePublished\":\"2026-01-02T16:22:42+00:00\",\"mainEntityOfPage\":{\"@id\":\"https:\\\/\\\/fuentesfidedignas.com.mx\\\/index.php\\\/2026\\\/01\\\/02\\\/inauguracion-del-studiopodcast-pensiones-de-oro-fe-justicia-y-verdad-al-servicio-de-la-sociedad\\\/\"},\"wordCount\":481,\"publisher\":{\"@id\":\"https:\\\/\\\/fuentesfidedignas.com.mx\\\/#organization\"},\"image\":{\"@id\":\"https:\\\/\\\/fuentesfidedignas.com.mx\\\/index.php\\\/2026\\\/01\\\/02\\\/inauguracion-del-studiopodcast-pensiones-de-oro-fe-justicia-y-verdad-al-servicio-de-la-sociedad\\\/#primaryimage\"},\"thumbnailUrl\":\"https:\\\/\\\/fuentesfidedignas.com.mx\\\/wp-content\\\/uploads\\\/2026\\\/01\\\/img_9598.jpg\",\"articleSection\":[\"RULETEANDO\"],\"inLanguage\":\"es\"},{\"@type\":\"WebPage\",\"@id\":\"https:\\\/\\\/fuentesfidedignas.com.mx\\\/index.php\\\/2026\\\/01\\\/02\\\/inauguracion-del-studiopodcast-pensiones-de-oro-fe-justicia-y-verdad-al-servicio-de-la-sociedad\\\/\",\"url\":\"https:\\\/\\\/fuentesfidedignas.com.mx\\\/index.php\\\/2026\\\/01\\\/02\\\/inauguracion-del-studiopodcast-pensiones-de-oro-fe-justicia-y-verdad-al-servicio-de-la-sociedad\\\/\",\"name\":\"Inauguraci\u00f3n del StudioPodcast \u201cPensiones de Oro\u201d | Fe, justicia y verdad al servicio de la sociedad - Fuentes Fidedignas\",\"isPartOf\":{\"@id\":\"https:\\\/\\\/fuentesfidedignas.com.mx\\\/#website\"},\"primaryImageOfPage\":{\"@id\":\"https:\\\/\\\/fuentesfidedignas.com.mx\\\/index.php\\\/2026\\\/01\\\/02\\\/inauguracion-del-studiopodcast-pensiones-de-oro-fe-justicia-y-verdad-al-servicio-de-la-sociedad\\\/#primaryimage\"},\"image\":{\"@id\":\"https:\\\/\\\/fuentesfidedignas.com.mx\\\/index.php\\\/2026\\\/01\\\/02\\\/inauguracion-del-studiopodcast-pensiones-de-oro-fe-justicia-y-verdad-al-servicio-de-la-sociedad\\\/#primaryimage\"},\"thumbnailUrl\":\"https:\\\/\\\/fuentesfidedignas.com.mx\\\/wp-content\\\/uploads\\\/2026\\\/01\\\/img_9598.jpg\",\"datePublished\":\"2026-01-02T16:22:42+00:00\",\"breadcrumb\":{\"@id\":\"https:\\\/\\\/fuentesfidedignas.com.mx\\\/index.php\\\/2026\\\/01\\\/02\\\/inauguracion-del-studiopodcast-pensiones-de-oro-fe-justicia-y-verdad-al-servicio-de-la-sociedad\\\/#breadcrumb\"},\"inLanguage\":\"es\",\"potentialAction\":[{\"@type\":\"ReadAction\",\"target\":[\"https:\\\/\\\/fuentesfidedignas.com.mx\\\/index.php\\\/2026\\\/01\\\/02\\\/inauguracion-del-studiopodcast-pensiones-de-oro-fe-justicia-y-verdad-al-servicio-de-la-sociedad\\\/\"]}]},{\"@type\":\"ImageObject\",\"inLanguage\":\"es\",\"@id\":\"https:\\\/\\\/fuentesfidedignas.com.mx\\\/index.php\\\/2026\\\/01\\\/02\\\/inauguracion-del-studiopodcast-pensiones-de-oro-fe-justicia-y-verdad-al-servicio-de-la-sociedad\\\/#primaryimage\",\"url\":\"https:\\\/\\\/fuentesfidedignas.com.mx\\\/wp-content\\\/uploads\\\/2026\\\/01\\\/img_9598.jpg\",\"contentUrl\":\"https:\\\/\\\/fuentesfidedignas.com.mx\\\/wp-content\\\/uploads\\\/2026\\\/01\\\/img_9598.jpg\",\"width\":744,\"height\":467},{\"@type\":\"BreadcrumbList\",\"@id\":\"https:\\\/\\\/fuentesfidedignas.com.mx\\\/index.php\\\/2026\\\/01\\\/02\\\/inauguracion-del-studiopodcast-pensiones-de-oro-fe-justicia-y-verdad-al-servicio-de-la-sociedad\\\/#breadcrumb\",\"itemListElement\":[{\"@type\":\"ListItem\",\"position\":1,\"name\":\"Inicio\",\"item\":\"https:\\\/\\\/fuentesfidedignas.com.mx\\\/\"},{\"@type\":\"ListItem\",\"position\":2,\"name\":\"Inauguraci\u00f3n del StudioPodcast \u201cPensiones de Oro\u201d | Fe, justicia y verdad al servicio de la sociedad\"}]},{\"@type\":\"WebSite\",\"@id\":\"https:\\\/\\\/fuentesfidedignas.com.mx\\\/#website\",\"url\":\"https:\\\/\\\/fuentesfidedignas.com.mx\\\/\",\"name\":\"Fuentes Fidedignas\",\"description\":\"Otro sitio realizado con WordPress\",\"publisher\":{\"@id\":\"https:\\\/\\\/fuentesfidedignas.com.mx\\\/#organization\"},\"potentialAction\":[{\"@type\":\"SearchAction\",\"target\":{\"@type\":\"EntryPoint\",\"urlTemplate\":\"https:\\\/\\\/fuentesfidedignas.com.mx\\\/?s={search_term_string}\"},\"query-input\":{\"@type\":\"PropertyValueSpecification\",\"valueRequired\":true,\"valueName\":\"search_term_string\"}}],\"inLanguage\":\"es\"},{\"@type\":\"Organization\",\"@id\":\"https:\\\/\\\/fuentesfidedignas.com.mx\\\/#organization\",\"name\":\"Fuentes Fidedignas\",\"url\":\"https:\\\/\\\/fuentesfidedignas.com.mx\\\/\",\"logo\":{\"@type\":\"ImageObject\",\"inLanguage\":\"es\",\"@id\":\"https:\\\/\\\/fuentesfidedignas.com.mx\\\/#\\\/schema\\\/logo\\\/image\\\/\",\"url\":\"https:\\\/\\\/fuentesfidedignas.com.mx\\\/wp-content\\\/uploads\\\/2021\\\/04\\\/logo-retina.png\",\"contentUrl\":\"https:\\\/\\\/fuentesfidedignas.com.mx\\\/wp-content\\\/uploads\\\/2021\\\/04\\\/logo-retina.png\",\"width\":280,\"height\":51,\"caption\":\"Fuentes Fidedignas\"},\"image\":{\"@id\":\"https:\\\/\\\/fuentesfidedignas.com.mx\\\/#\\\/schema\\\/logo\\\/image\\\/\"},\"sameAs\":[\"https:\\\/\\\/www.facebook.com\\\/Fuentes-Fidedignas-368234489921644\",\"https:\\\/\\\/x.com\\\/fidedignas\"]},{\"@type\":\"Person\",\"@id\":\"https:\\\/\\\/fuentesfidedignas.com.mx\\\/#\\\/schema\\\/person\\\/a4e2898d4dca7bbeb0a2f77bb90f4817\",\"name\":\"Luis \u00c1ngel Rivera Ayala\",\"image\":{\"@type\":\"ImageObject\",\"inLanguage\":\"es\",\"@id\":\"https:\\\/\\\/fuentesfidedignas.com.mx\\\/wp-content\\\/uploads\\\/2025\\\/02\\\/Luis_Angel-2025-removebg-preview-150x150.png\",\"url\":\"https:\\\/\\\/fuentesfidedignas.com.mx\\\/wp-content\\\/uploads\\\/2025\\\/02\\\/Luis_Angel-2025-removebg-preview-150x150.png\",\"contentUrl\":\"https:\\\/\\\/fuentesfidedignas.com.mx\\\/wp-content\\\/uploads\\\/2025\\\/02\\\/Luis_Angel-2025-removebg-preview-150x150.png\",\"caption\":\"Luis \u00c1ngel Rivera Ayala\"},\"url\":\"https:\\\/\\\/fuentesfidedignas.com.mx\\\/index.php\\\/author\\\/luisar\\\/\"}]}<\/script>\n<!-- \/ Yoast SEO plugin. -->","yoast_head_json":{"title":"Inauguraci\u00f3n del StudioPodcast \u201cPensiones de Oro\u201d | Fe, justicia y verdad al servicio de la sociedad - Fuentes Fidedignas","robots":{"index":"index","follow":"follow","max-snippet":"max-snippet:-1","max-image-preview":"max-image-preview:large","max-video-preview":"max-video-preview:-1"},"canonical":"https:\/\/fuentesfidedignas.com.mx\/index.php\/2026\/01\/02\/inauguracion-del-studiopodcast-pensiones-de-oro-fe-justicia-y-verdad-al-servicio-de-la-sociedad\/","og_locale":"es_MX","og_type":"article","og_title":"Inauguraci\u00f3n del StudioPodcast \u201cPensiones de Oro\u201d | Fe, justicia y verdad al servicio de la sociedad - Fuentes Fidedignas","og_description":"Con una atm\u00f3sfera de respeto, esperanza y convivencia fraterna, fue inaugurado el estudio del podcast \u201cPensiones de Oro\u201d, un proyecto que no naci\u00f3 de la improvisaci\u00f3n, sino de casi dos a\u00f1os de trabajo, planeaci\u00f3n y convicci\u00f3n, y que marca el inicio de una nueva etapa de comunicaci\u00f3n con sentido social. El evento fue encabezado por [&hellip;]","og_url":"https:\/\/fuentesfidedignas.com.mx\/index.php\/2026\/01\/02\/inauguracion-del-studiopodcast-pensiones-de-oro-fe-justicia-y-verdad-al-servicio-de-la-sociedad\/","og_site_name":"Fuentes Fidedignas","article_publisher":"https:\/\/www.facebook.com\/Fuentes-Fidedignas-368234489921644","article_published_time":"2026-01-02T16:22:42+00:00","og_image":[{"width":744,"height":467,"url":"https:\/\/fuentesfidedignas.com.mx\/wp-content\/uploads\/2026\/01\/img_9598.jpg","type":"image\/jpeg"}],"author":"Luis \u00c1ngel Rivera Ayala","twitter_card":"summary_large_image","twitter_creator":"@fidedignas","twitter_site":"@fidedignas","twitter_misc":{"Escrito por":"Luis \u00c1ngel Rivera Ayala","Tiempo de lectura":"2 minutos"},"schema":{"@context":"https:\/\/schema.org","@graph":[{"@type":"Article","@id":"https:\/\/fuentesfidedignas.com.mx\/index.php\/2026\/01\/02\/inauguracion-del-studiopodcast-pensiones-de-oro-fe-justicia-y-verdad-al-servicio-de-la-sociedad\/#article","isPartOf":{"@id":"https:\/\/fuentesfidedignas.com.mx\/index.php\/2026\/01\/02\/inauguracion-del-studiopodcast-pensiones-de-oro-fe-justicia-y-verdad-al-servicio-de-la-sociedad\/"},"author":{"name":"Luis \u00c1ngel Rivera Ayala","@id":"https:\/\/fuentesfidedignas.com.mx\/#\/schema\/person\/a4e2898d4dca7bbeb0a2f77bb90f4817"},"headline":"Inauguraci\u00f3n del StudioPodcast \u201cPensiones de Oro\u201d | Fe, justicia y verdad al servicio de la sociedad","datePublished":"2026-01-02T16:22:42+00:00","mainEntityOfPage":{"@id":"https:\/\/fuentesfidedignas.com.mx\/index.php\/2026\/01\/02\/inauguracion-del-studiopodcast-pensiones-de-oro-fe-justicia-y-verdad-al-servicio-de-la-sociedad\/"},"wordCount":481,"publisher":{"@id":"https:\/\/fuentesfidedignas.com.mx\/#organization"},"image":{"@id":"https:\/\/fuentesfidedignas.com.mx\/index.php\/2026\/01\/02\/inauguracion-del-studiopodcast-pensiones-de-oro-fe-justicia-y-verdad-al-servicio-de-la-sociedad\/#primaryimage"},"thumbnailUrl":"https:\/\/fuentesfidedignas.com.mx\/wp-content\/uploads\/2026\/01\/img_9598.jpg","articleSection":["RULETEANDO"],"inLanguage":"es"},{"@type":"WebPage","@id":"https:\/\/fuentesfidedignas.com.mx\/index.php\/2026\/01\/02\/inauguracion-del-studiopodcast-pensiones-de-oro-fe-justicia-y-verdad-al-servicio-de-la-sociedad\/","url":"https:\/\/fuentesfidedignas.com.mx\/index.php\/2026\/01\/02\/inauguracion-del-studiopodcast-pensiones-de-oro-fe-justicia-y-verdad-al-servicio-de-la-sociedad\/","name":"Inauguraci\u00f3n del StudioPodcast \u201cPensiones de Oro\u201d | Fe, justicia y verdad al servicio de la sociedad - Fuentes Fidedignas","isPartOf":{"@id":"https:\/\/fuentesfidedignas.com.mx\/#website"},"primaryImageOfPage":{"@id":"https:\/\/fuentesfidedignas.com.mx\/index.php\/2026\/01\/02\/inauguracion-del-studiopodcast-pensiones-de-oro-fe-justicia-y-verdad-al-servicio-de-la-sociedad\/#primaryimage"},"image":{"@id":"https:\/\/fuentesfidedignas.com.mx\/index.php\/2026\/01\/02\/inauguracion-del-studiopodcast-pensiones-de-oro-fe-justicia-y-verdad-al-servicio-de-la-sociedad\/#primaryimage"},"thumbnailUrl":"https:\/\/fuentesfidedignas.com.mx\/wp-content\/uploads\/2026\/01\/img_9598.jpg","datePublished":"2026-01-02T16:22:42+00:00","breadcrumb":{"@id":"https:\/\/fuentesfidedignas.com.mx\/index.php\/2026\/01\/02\/inauguracion-del-studiopodcast-pensiones-de-oro-fe-justicia-y-verdad-al-servicio-de-la-sociedad\/#breadcrumb"},"inLanguage":"es","potentialAction":[{"@type":"ReadAction","target":["https:\/\/fuentesfidedignas.com.mx\/index.php\/2026\/01\/02\/inauguracion-del-studiopodcast-pensiones-de-oro-fe-justicia-y-verdad-al-servicio-de-la-sociedad\/"]}]},{"@type":"ImageObject","inLanguage":"es","@id":"https:\/\/fuentesfidedignas.com.mx\/index.php\/2026\/01\/02\/inauguracion-del-studiopodcast-pensiones-de-oro-fe-justicia-y-verdad-al-servicio-de-la-sociedad\/#primaryimage","url":"https:\/\/fuentesfidedignas.com.mx\/wp-content\/uploads\/2026\/01\/img_9598.jpg","contentUrl":"https:\/\/fuentesfidedignas.com.mx\/wp-content\/uploads\/2026\/01\/img_9598.jpg","width":744,"height":467},{"@type":"BreadcrumbList","@id":"https:\/\/fuentesfidedignas.com.mx\/index.php\/2026\/01\/02\/inauguracion-del-studiopodcast-pensiones-de-oro-fe-justicia-y-verdad-al-servicio-de-la-sociedad\/#breadcrumb","itemListElement":[{"@type":"ListItem","position":1,"name":"Inicio","item":"https:\/\/fuentesfidedignas.com.mx\/"},{"@type":"ListItem","position":2,"name":"Inauguraci\u00f3n del StudioPodcast \u201cPensiones de Oro\u201d | Fe, justicia y verdad al servicio de la sociedad"}]},{"@type":"WebSite","@id":"https:\/\/fuentesfidedignas.com.mx\/#website","url":"https:\/\/fuentesfidedignas.com.mx\/","name":"Fuentes Fidedignas","description":"Otro sitio realizado con WordPress","publisher":{"@id":"https:\/\/fuentesfidedignas.com.mx\/#organization"},"potentialAction":[{"@type":"SearchAction","target":{"@type":"EntryPoint","urlTemplate":"https:\/\/fuentesfidedignas.com.mx\/?s={search_term_string}"},"query-input":{"@type":"PropertyValueSpecification","valueRequired":true,"valueName":"search_term_string"}}],"inLanguage":"es"},{"@type":"Organization","@id":"https:\/\/fuentesfidedignas.com.mx\/#organization","name":"Fuentes Fidedignas","url":"https:\/\/fuentesfidedignas.com.mx\/","logo":{"@type":"ImageObject","inLanguage":"es","@id":"https:\/\/fuentesfidedignas.com.mx\/#\/schema\/logo\/image\/","url":"https:\/\/fuentesfidedignas.com.mx\/wp-content\/uploads\/2021\/04\/logo-retina.png","contentUrl":"https:\/\/fuentesfidedignas.com.mx\/wp-content\/uploads\/2021\/04\/logo-retina.png","width":280,"height":51,"caption":"Fuentes Fidedignas"},"image":{"@id":"https:\/\/fuentesfidedignas.com.mx\/#\/schema\/logo\/image\/"},"sameAs":["https:\/\/www.facebook.com\/Fuentes-Fidedignas-368234489921644","https:\/\/x.com\/fidedignas"]},{"@type":"Person","@id":"https:\/\/fuentesfidedignas.com.mx\/#\/schema\/person\/a4e2898d4dca7bbeb0a2f77bb90f4817","name":"Luis \u00c1ngel Rivera Ayala","image":{"@type":"ImageObject","inLanguage":"es","@id":"https:\/\/fuentesfidedignas.com.mx\/wp-content\/uploads\/2025\/02\/Luis_Angel-2025-removebg-preview-150x150.png","url":"https:\/\/fuentesfidedignas.com.mx\/wp-content\/uploads\/2025\/02\/Luis_Angel-2025-removebg-preview-150x150.png","contentUrl":"https:\/\/fuentesfidedignas.com.mx\/wp-content\/uploads\/2025\/02\/Luis_Angel-2025-removebg-preview-150x150.png","caption":"Luis \u00c1ngel Rivera Ayala"},"url":"https:\/\/fuentesfidedignas.com.mx\/index.php\/author\/luisar\/"}]}},"_links":{"self":[{"href":"https:\/\/fuentesfidedignas.com.mx\/index.php\/wp-json\/wp\/v2\/posts\/124547","targetHints":{"allow":["GET"]}}],"collection":[{"href":"https:\/\/fuentesfidedignas.com.mx\/index.php\/wp-json\/wp\/v2\/posts"}],"about":[{"href":"https:\/\/fuentesfidedignas.com.mx\/index.php\/wp-json\/wp\/v2\/types\/post"}],"author":[{"embeddable":true,"href":"https:\/\/fuentesfidedignas.com.mx\/index.php\/wp-json\/wp\/v2\/users\/139"}],"replies":[{"embeddable":true,"href":"https:\/\/fuentesfidedignas.com.mx\/index.php\/wp-json\/wp\/v2\/comments?post=124547"}],"version-history":[{"count":1,"href":"https:\/\/fuentesfidedignas.com.mx\/index.php\/wp-json\/wp\/v2\/posts\/124547\/revisions"}],"predecessor-version":[{"id":124548,"href":"https:\/\/fuentesfidedignas.com.mx\/index.php\/wp-json\/wp\/v2\/posts\/124547\/revisions\/124548"}],"wp:featuredmedia":[{"embeddable":true,"href":"https:\/\/fuentesfidedignas.com.mx\/index.php\/wp-json\/wp\/v2\/media\/124546"}],"wp:attachment":[{"href":"https:\/\/fuentesfidedignas.com.mx\/index.php\/wp-json\/wp\/v2\/media?parent=124547"}],"wp:term":[{"taxonomy":"category","embeddable":true,"href":"https:\/\/fuentesfidedignas.com.mx\/index.php\/wp-json\/wp\/v2\/categories?post=124547"},{"taxonomy":"post_tag","embeddable":true,"href":"https:\/\/fuentesfidedignas.com.mx\/index.php\/wp-json\/wp\/v2\/tags?post=124547"}],"curies":[{"name":"wp","href":"https:\/\/api.w.org\/{rel}","templated":true}]}}